{"id":70499,"date":"2025-07-17T10:29:00","date_gmt":"2025-07-17T09:29:00","guid":{"rendered":"https:\/\/lasentinelle.dz\/?p=70499"},"modified":"2025-07-18T20:30:20","modified_gmt":"2025-07-18T19:30:20","slug":"ligue-1-mobilis-lheure-des-grands-changements-techniques","status":"publish","type":"post","link":"https:\/\/lasentinelle.dz\/index.php\/2025\/07\/17\/ligue-1-mobilis-lheure-des-grands-changements-techniques\/","title":{"rendered":"Ligue 1 Mobilis \u00a0: L&rsquo;heure des grands changements techniques"},"content":{"rendered":"\n<p>La Ligue 1 Mobilis conna\u00eet un mouvement important sur le march\u00e9 des entra\u00eeneurs avec l&rsquo;arriv\u00e9e de deux techniciens \u00e9trangers de renom. L&rsquo;ES S\u00e9tif et le MC Alger, deux monuments du football alg\u00e9rien, ont officialis\u00e9 leurs nouveaux choix pour redynamiser leurs projets sportifs respectifs.<\/p>\n\n\n\n<p>L&rsquo;ES S\u00e9tif a frapp\u00e9 un grand coup en s&rsquo;attachant les services d&rsquo;Antoine Hey, technicien allemand de 54 ans qui a paraph\u00e9 mardi un contrat d&rsquo;une saison renouvelable avec le club des hauts-plateaux. Cette signature intervient apr\u00e8s une saison 2024-2025 d\u00e9cevante pour l&rsquo;Entente qui a termin\u00e9 \u00e0 la cinqui\u00e8me place avec 41 points, \u00e0 \u00e9galit\u00e9 avec le Paradou AC. Plus inqui\u00e9tant encore, les co\u00e9quipiers d&rsquo;Akram Djahnit ont conc\u00e9d\u00e9 un triste record historique avec cinq d\u00e9faites cons\u00e9cutives, une premi\u00e8re dans l&rsquo;histoire du club en Ligue 1.<\/p>\n\n\n\n<p>Le nouveau coach s\u00e9tifien succ\u00e8de au Tunisien Nabil Kouki et apporte avec lui une exp\u00e9rience internationale consid\u00e9rable. Durant sa carri\u00e8re de joueur, Antoine Hey a \u00e9volu\u00e9 dans des clubs prestigieux tels que les Grasshopper Club Zurich en Suisse, Birmingham en Angleterre, ou encore Schalke 04 en Allemagne. Cette exp\u00e9rience europ\u00e9enne lui a permis d&rsquo;acqu\u00e9rir une vision moderne du football qu&rsquo;il a ensuite d\u00e9velopp\u00e9e en tant qu&rsquo;entra\u00eeneur. Sa reconversion sur les bancs de touche l&rsquo;a men\u00e9 vers de nombreuses s\u00e9lections nationales, particuli\u00e8rement en Afrique et en Asie, o\u00f9 il a dirig\u00e9 le Lesotho, la Gambie, le Liberia, le Kenya et le Myanmar. La pr\u00e9sentation officielle d&rsquo;Antoine Hey s&rsquo;est d\u00e9roul\u00e9e en pr\u00e9sence du pr\u00e9sident-directeur g\u00e9n\u00e9ral de la soci\u00e9t\u00e9 \u00ab\u00a0Black Eagles\u00a0\u00bb ES S\u00e9tif, Nabil Keba\u00efli. Les images diffus\u00e9es sur la page Facebook du club montrent le technicien allemand arborant fi\u00e8rement le maillot noir et blanc de l&rsquo;\u00e9quipe, symbole de son engagement envers cette institution historique du football alg\u00e9rien. Cette signature marque la volont\u00e9 de l&rsquo;ESS de repartir sur de nouvelles bases apr\u00e8s une saison en demi-teinte.<\/p>\n\n\n\n<p>De son c\u00f4t\u00e9, le MC Alger, champion d&rsquo;Alg\u00e9rie en titre, a opt\u00e9 pour un profil encore plus ambitieux en recrutant Rhulani Mokwena, entra\u00eeneur sud-africain de 38 ans consid\u00e9r\u00e9 comme l&rsquo;un des plus jeunes techniciens prometteurs du continent africain. Le \u00ab\u00a0Doyen\u00a0\u00bb a annonc\u00e9 mercredi que son nouveau coach est attendu jeudi \u00e0 Alger pour entamer ses fonctions, avec une reprise des entra\u00eenements programm\u00e9e samedi au Centre Abderrahmane Aouf &#8211; Baba Hamoud \u00e0 Z\u00e9ralda. Mokwena arrive au MCA aur\u00e9ol\u00e9 d&rsquo;un palmar\u00e8s impressionnant forg\u00e9 avec les Mamelodi Sundowns, club sud-africain de r\u00e9f\u00e9rence. Apr\u00e8s avoir d\u00e9but\u00e9 comme entra\u00eeneur-adjoint, il a gravi les \u00e9chelons pour devenir coach principal et mener cette \u00e9quipe vers deux titres de champion d&rsquo;Afrique du Sud cons\u00e9cutifs en 2023 et 2024. Son succ\u00e8s le plus retentissant reste la victoire \u00e0 la premi\u00e8re \u00e9dition de la Super Ligue africaine en 2023, disput\u00e9e \u00e0 Dar Es-Salaam en Tanzanie, d\u00e9montrant sa capacit\u00e9 \u00e0 performer sur la sc\u00e8ne continentale.<\/p>\n\n\n\n<p>Le technicien sud-africain succ\u00e8de au Tunisien Khaled Ben Yahia, dont le contrat n&rsquo;a pas \u00e9t\u00e9 prolong\u00e9 malgr\u00e9 un bilan positif. Ben Yahia avait en effet men\u00e9 le club alg\u00e9rois \u00e0 remporter un deuxi\u00e8me titre cons\u00e9cutif, le neuvi\u00e8me de son histoire, confirmant la domination du MCA sur le football alg\u00e9rien. Ce changement illustre les ambitions \u00e9lev\u00e9es du club de la capitale qui souhaite poursuivre sa dynamique victorieuse tout en pr\u00e9parant les \u00e9ch\u00e9ances continentales. Parall\u00e8lement \u00e0 ces nominations, le MC Alger restructure \u00e9galement son organigramme technique. Le club a d\u00e9voil\u00e9 lundi sa premi\u00e8re recrue estivale avec l&rsquo;arriv\u00e9e du lat\u00e9ral droit Aymen Bouguerra en provenance du CS Constantine, signalant le d\u00e9but d&rsquo;un mercato actif. Mardi soir, l&rsquo;annonce de l&rsquo;arriv\u00e9e de Salim Menad en tant que nouveau directeur technique sportif des jeunes cat\u00e9gories, rempla\u00e7ant Mohamed Mekhazni, confirme la volont\u00e9 du MCA de moderniser son approche de la formation.<strong>Moncef D.<\/strong><\/p>\n","protected":false},"excerpt":{"rendered":"<p>La Ligue 1 Mobilis conna\u00eet un mouvement important sur le march\u00e9 des entra\u00eeneurs avec l&rsquo;arriv\u00e9e de deux techniciens \u00e9trangers de<\/p>\n","protected":false},"author":6,"featured_media":70500,"comment_status":"open","ping_status":"closed","sticky":false,"template":"","format":"standard","meta":{"colormag_page_container_layout":"default_layout","colormag_page_sidebar_layout":"default_layout","om_disable_all_campaigns":false,"_monsterinsights_skip_tracking":false,"_monsterinsights_sitenote_active":false,"_monsterinsights_sitenote_note":"","_monsterinsights_sitenote_category":0,"footnotes":"","_wpscppro_dont_share_socialmedia":false,"_wpscppro_custom_social_share_image":0,"_facebook_share_type":"default","_twitter_share_type":"default","_linkedin_share_type":"default","_pinterest_share_type":"default","_linkedin_share_type_page":"","_instagram_share_type":"default","_medium_share_type":"default","_threads_share_type":"","_google_business_share_type":"","_selected_social_profile":[],"_wpsp_enable_custom_social_template":false,"_wpsp_social_scheduling":{"enabled":false,"datetime":null,"platforms":[],"status":"template_only","dateOption":"today","timeOption":"now","customDays":"","customHours":"","customDate":"","customTime":"","schedulingType":"absolute"},"_wpsp_active_default_template":true},"categories":[33],"tags":[],"class_list":["post-70499","post","type-post","status-publish","format-standard","has-post-thumbnail","hentry","category-sports"],"aioseo_notices":[],"yoast_head":"<!-- This site is optimized with the Yoast SEO plugin v27.5 - https:\/\/yoast.com\/product\/yoast-seo-wordpress\/ -->\n<title>Ligue 1 Mobilis \u00a0: L&rsquo;heure des grands changements techniques - La Sentinelle<\/title>\n<meta name=\"robots\" content=\"index, follow, max-snippet:-1, max-image-preview:large, max-video-preview:-1\" \/>\n<link rel=\"canonical\" href=\"https:\/\/lasentinelle.dz\/index.php\/2025\/07\/17\/ligue-1-mobilis-lheure-des-grands-changements-techniques\/\" \/>\n<meta property=\"og:locale\" content=\"fr_FR\" \/>\n<meta property=\"og:type\" content=\"article\" \/>\n<meta property=\"og:title\" content=\"Ligue 1 Mobilis \u00a0: L&rsquo;heure des grands changements techniques - La Sentinelle\" \/>\n<meta property=\"og:description\" content=\"La Ligue 1 Mobilis conna\u00eet un mouvement important sur le march\u00e9 des entra\u00eeneurs avec l&rsquo;arriv\u00e9e de deux techniciens \u00e9trangers de\" \/>\n<meta property=\"og:url\" content=\"https:\/\/lasentinelle.dz\/index.php\/2025\/07\/17\/ligue-1-mobilis-lheure-des-grands-changements-techniques\/\" \/>\n<meta property=\"og:site_name\" content=\"La Sentinelle\" \/>\n<meta property=\"article:publisher\" content=\"https:\/\/www.facebook.com\/La-Sentinelle-104059864394773\" \/>\n<meta property=\"article:published_time\" content=\"2025-07-17T09:29:00+00:00\" \/>\n<meta property=\"article:modified_time\" content=\"2025-07-18T19:30:20+00:00\" \/>\n<meta property=\"og:image\" content=\"https:\/\/lasentinelle.dz\/wp-content\/uploads\/2025\/07\/antoine-hey-1.jpg\" \/>\n\t<meta property=\"og:image:width\" content=\"1752\" \/>\n\t<meta property=\"og:image:height\" content=\"1168\" \/>\n\t<meta property=\"og:image:type\" content=\"image\/jpeg\" \/>\n<meta name=\"author\" content=\"admin\" \/>\n<meta name=\"twitter:card\" content=\"summary_large_image\" \/>\n<meta name=\"twitter:label1\" content=\"\u00c9crit par\" \/>\n\t<meta name=\"twitter:data1\" content=\"admin\" \/>\n\t<meta name=\"twitter:label2\" content=\"Dur\u00e9e de lecture estim\u00e9e\" \/>\n\t<meta name=\"twitter:data2\" content=\"4 minutes\" \/>\n<script type=\"application\/ld+json\" class=\"yoast-schema-graph\">{\"@context\":\"https:\\\/\\\/schema.org\",\"@graph\":[{\"@type\":\"Article\",\"@id\":\"https:\\\/\\\/lasentinelle.dz\\\/index.php\\\/2025\\\/07\\\/17\\\/ligue-1-mobilis-lheure-des-grands-changements-techniques\\\/#article\",\"isPartOf\":{\"@id\":\"https:\\\/\\\/lasentinelle.dz\\\/index.php\\\/2025\\\/07\\\/17\\\/ligue-1-mobilis-lheure-des-grands-changements-techniques\\\/\"},\"author\":{\"name\":\"admin\",\"@id\":\"https:\\\/\\\/lasentinelle.dz\\\/#\\\/schema\\\/person\\\/729ee0024f24e0b8c5ec17232f8e8b41\"},\"headline\":\"Ligue 1 Mobilis \u00a0: L&rsquo;heure des grands changements techniques\",\"datePublished\":\"2025-07-17T09:29:00+00:00\",\"dateModified\":\"2025-07-18T19:30:20+00:00\",\"mainEntityOfPage\":{\"@id\":\"https:\\\/\\\/lasentinelle.dz\\\/index.php\\\/2025\\\/07\\\/17\\\/ligue-1-mobilis-lheure-des-grands-changements-techniques\\\/\"},\"wordCount\":697,\"commentCount\":0,\"publisher\":{\"@id\":\"https:\\\/\\\/lasentinelle.dz\\\/#organization\"},\"image\":{\"@id\":\"https:\\\/\\\/lasentinelle.dz\\\/index.php\\\/2025\\\/07\\\/17\\\/ligue-1-mobilis-lheure-des-grands-changements-techniques\\\/#primaryimage\"},\"thumbnailUrl\":\"https:\\\/\\\/lasentinelle.dz\\\/wp-content\\\/uploads\\\/2025\\\/07\\\/antoine-hey-1.jpg\",\"articleSection\":[\"Sports\"],\"inLanguage\":\"fr-FR\",\"potentialAction\":[{\"@type\":\"CommentAction\",\"name\":\"Comment\",\"target\":[\"https:\\\/\\\/lasentinelle.dz\\\/index.php\\\/2025\\\/07\\\/17\\\/ligue-1-mobilis-lheure-des-grands-changements-techniques\\\/#respond\"]}]},{\"@type\":\"WebPage\",\"@id\":\"https:\\\/\\\/lasentinelle.dz\\\/index.php\\\/2025\\\/07\\\/17\\\/ligue-1-mobilis-lheure-des-grands-changements-techniques\\\/\",\"url\":\"https:\\\/\\\/lasentinelle.dz\\\/index.php\\\/2025\\\/07\\\/17\\\/ligue-1-mobilis-lheure-des-grands-changements-techniques\\\/\",\"name\":\"Ligue 1 Mobilis \u00a0: L&rsquo;heure des grands changements techniques - La Sentinelle\",\"isPartOf\":{\"@id\":\"https:\\\/\\\/lasentinelle.dz\\\/#website\"},\"primaryImageOfPage\":{\"@id\":\"https:\\\/\\\/lasentinelle.dz\\\/index.php\\\/2025\\\/07\\\/17\\\/ligue-1-mobilis-lheure-des-grands-changements-techniques\\\/#primaryimage\"},\"image\":{\"@id\":\"https:\\\/\\\/lasentinelle.dz\\\/index.php\\\/2025\\\/07\\\/17\\\/ligue-1-mobilis-lheure-des-grands-changements-techniques\\\/#primaryimage\"},\"thumbnailUrl\":\"https:\\\/\\\/lasentinelle.dz\\\/wp-content\\\/uploads\\\/2025\\\/07\\\/antoine-hey-1.jpg\",\"datePublished\":\"2025-07-17T09:29:00+00:00\",\"dateModified\":\"2025-07-18T19:30:20+00:00\",\"breadcrumb\":{\"@id\":\"https:\\\/\\\/lasentinelle.dz\\\/index.php\\\/2025\\\/07\\\/17\\\/ligue-1-mobilis-lheure-des-grands-changements-techniques\\\/#breadcrumb\"},\"inLanguage\":\"fr-FR\",\"potentialAction\":[{\"@type\":\"ReadAction\",\"target\":[\"https:\\\/\\\/lasentinelle.dz\\\/index.php\\\/2025\\\/07\\\/17\\\/ligue-1-mobilis-lheure-des-grands-changements-techniques\\\/\"]}]},{\"@type\":\"ImageObject\",\"inLanguage\":\"fr-FR\",\"@id\":\"https:\\\/\\\/lasentinelle.dz\\\/index.php\\\/2025\\\/07\\\/17\\\/ligue-1-mobilis-lheure-des-grands-changements-techniques\\\/#primaryimage\",\"url\":\"https:\\\/\\\/lasentinelle.dz\\\/wp-content\\\/uploads\\\/2025\\\/07\\\/antoine-hey-1.jpg\",\"contentUrl\":\"https:\\\/\\\/lasentinelle.dz\\\/wp-content\\\/uploads\\\/2025\\\/07\\\/antoine-hey-1.jpg\",\"width\":1752,\"height\":1168},{\"@type\":\"BreadcrumbList\",\"@id\":\"https:\\\/\\\/lasentinelle.dz\\\/index.php\\\/2025\\\/07\\\/17\\\/ligue-1-mobilis-lheure-des-grands-changements-techniques\\\/#breadcrumb\",\"itemListElement\":[{\"@type\":\"ListItem\",\"position\":1,\"name\":\"Accueil\",\"item\":\"https:\\\/\\\/lasentinelle.dz\\\/\"},{\"@type\":\"ListItem\",\"position\":2,\"name\":\"Ligue 1 Mobilis \u00a0: L&rsquo;heure des grands changements techniques\"}]},{\"@type\":\"WebSite\",\"@id\":\"https:\\\/\\\/lasentinelle.dz\\\/#website\",\"url\":\"https:\\\/\\\/lasentinelle.dz\\\/\",\"name\":\"La Sentinelle\",\"description\":\"Quotidien national d&#039;information\",\"publisher\":{\"@id\":\"https:\\\/\\\/lasentinelle.dz\\\/#organization\"},\"potentialAction\":[{\"@type\":\"SearchAction\",\"target\":{\"@type\":\"EntryPoint\",\"urlTemplate\":\"https:\\\/\\\/lasentinelle.dz\\\/?s={search_term_string}\"},\"query-input\":{\"@type\":\"PropertyValueSpecification\",\"valueRequired\":true,\"valueName\":\"search_term_string\"}}],\"inLanguage\":\"fr-FR\"},{\"@type\":\"Organization\",\"@id\":\"https:\\\/\\\/lasentinelle.dz\\\/#organization\",\"name\":\"Quotidien La Sentinelle\",\"url\":\"https:\\\/\\\/lasentinelle.dz\\\/\",\"logo\":{\"@type\":\"ImageObject\",\"inLanguage\":\"fr-FR\",\"@id\":\"https:\\\/\\\/lasentinelle.dz\\\/#\\\/schema\\\/logo\\\/image\\\/\",\"url\":\"https:\\\/\\\/lasentinelle.dz\\\/wp-content\\\/uploads\\\/2021\\\/09\\\/logo-sentinelleSLOGAN-1.png\",\"contentUrl\":\"https:\\\/\\\/lasentinelle.dz\\\/wp-content\\\/uploads\\\/2021\\\/09\\\/logo-sentinelleSLOGAN-1.png\",\"width\":615,\"height\":142,\"caption\":\"Quotidien La Sentinelle\"},\"image\":{\"@id\":\"https:\\\/\\\/lasentinelle.dz\\\/#\\\/schema\\\/logo\\\/image\\\/\"},\"sameAs\":[\"https:\\\/\\\/www.facebook.com\\\/La-Sentinelle-104059864394773\"]},{\"@type\":\"Person\",\"@id\":\"https:\\\/\\\/lasentinelle.dz\\\/#\\\/schema\\\/person\\\/729ee0024f24e0b8c5ec17232f8e8b41\",\"name\":\"admin\",\"image\":{\"@type\":\"ImageObject\",\"inLanguage\":\"fr-FR\",\"@id\":\"https:\\\/\\\/secure.gravatar.com\\\/avatar\\\/4c81fed838786e9b53f540bf46533e750f5d292099ae3b66cfc6fb1982e29df7?s=96&d=mm&r=g\",\"url\":\"https:\\\/\\\/secure.gravatar.com\\\/avatar\\\/4c81fed838786e9b53f540bf46533e750f5d292099ae3b66cfc6fb1982e29df7?s=96&d=mm&r=g\",\"contentUrl\":\"https:\\\/\\\/secure.gravatar.com\\\/avatar\\\/4c81fed838786e9b53f540bf46533e750f5d292099ae3b66cfc6fb1982e29df7?s=96&d=mm&r=g\",\"caption\":\"admin\"},\"description\":\"admin\",\"url\":\"https:\\\/\\\/lasentinelle.dz\\\/author\\\/admin\\\/\"}]}<\/script>\n<!-- \/ Yoast SEO plugin. -->","yoast_head_json":{"title":"Ligue 1 Mobilis \u00a0: L&rsquo;heure des grands changements techniques - La Sentinelle","robots":{"index":"index","follow":"follow","max-snippet":"max-snippet:-1","max-image-preview":"max-image-preview:large","max-video-preview":"max-video-preview:-1"},"canonical":"https:\/\/lasentinelle.dz\/index.php\/2025\/07\/17\/ligue-1-mobilis-lheure-des-grands-changements-techniques\/","og_locale":"fr_FR","og_type":"article","og_title":"Ligue 1 Mobilis \u00a0: L&rsquo;heure des grands changements techniques - La Sentinelle","og_description":"La Ligue 1 Mobilis conna\u00eet un mouvement important sur le march\u00e9 des entra\u00eeneurs avec l&rsquo;arriv\u00e9e de deux techniciens \u00e9trangers de","og_url":"https:\/\/lasentinelle.dz\/index.php\/2025\/07\/17\/ligue-1-mobilis-lheure-des-grands-changements-techniques\/","og_site_name":"La Sentinelle","article_publisher":"https:\/\/www.facebook.com\/La-Sentinelle-104059864394773","article_published_time":"2025-07-17T09:29:00+00:00","article_modified_time":"2025-07-18T19:30:20+00:00","og_image":[{"width":1752,"height":1168,"url":"https:\/\/lasentinelle.dz\/wp-content\/uploads\/2025\/07\/antoine-hey-1.jpg","type":"image\/jpeg"}],"author":"admin","twitter_card":"summary_large_image","twitter_misc":{"\u00c9crit par":"admin","Dur\u00e9e de lecture estim\u00e9e":"4 minutes"},"schema":{"@context":"https:\/\/schema.org","@graph":[{"@type":"Article","@id":"https:\/\/lasentinelle.dz\/index.php\/2025\/07\/17\/ligue-1-mobilis-lheure-des-grands-changements-techniques\/#article","isPartOf":{"@id":"https:\/\/lasentinelle.dz\/index.php\/2025\/07\/17\/ligue-1-mobilis-lheure-des-grands-changements-techniques\/"},"author":{"name":"admin","@id":"https:\/\/lasentinelle.dz\/#\/schema\/person\/729ee0024f24e0b8c5ec17232f8e8b41"},"headline":"Ligue 1 Mobilis \u00a0: L&rsquo;heure des grands changements techniques","datePublished":"2025-07-17T09:29:00+00:00","dateModified":"2025-07-18T19:30:20+00:00","mainEntityOfPage":{"@id":"https:\/\/lasentinelle.dz\/index.php\/2025\/07\/17\/ligue-1-mobilis-lheure-des-grands-changements-techniques\/"},"wordCount":697,"commentCount":0,"publisher":{"@id":"https:\/\/lasentinelle.dz\/#organization"},"image":{"@id":"https:\/\/lasentinelle.dz\/index.php\/2025\/07\/17\/ligue-1-mobilis-lheure-des-grands-changements-techniques\/#primaryimage"},"thumbnailUrl":"https:\/\/lasentinelle.dz\/wp-content\/uploads\/2025\/07\/antoine-hey-1.jpg","articleSection":["Sports"],"inLanguage":"fr-FR","potentialAction":[{"@type":"CommentAction","name":"Comment","target":["https:\/\/lasentinelle.dz\/index.php\/2025\/07\/17\/ligue-1-mobilis-lheure-des-grands-changements-techniques\/#respond"]}]},{"@type":"WebPage","@id":"https:\/\/lasentinelle.dz\/index.php\/2025\/07\/17\/ligue-1-mobilis-lheure-des-grands-changements-techniques\/","url":"https:\/\/lasentinelle.dz\/index.php\/2025\/07\/17\/ligue-1-mobilis-lheure-des-grands-changements-techniques\/","name":"Ligue 1 Mobilis \u00a0: L&rsquo;heure des grands changements techniques - La Sentinelle","isPartOf":{"@id":"https:\/\/lasentinelle.dz\/#website"},"primaryImageOfPage":{"@id":"https:\/\/lasentinelle.dz\/index.php\/2025\/07\/17\/ligue-1-mobilis-lheure-des-grands-changements-techniques\/#primaryimage"},"image":{"@id":"https:\/\/lasentinelle.dz\/index.php\/2025\/07\/17\/ligue-1-mobilis-lheure-des-grands-changements-techniques\/#primaryimage"},"thumbnailUrl":"https:\/\/lasentinelle.dz\/wp-content\/uploads\/2025\/07\/antoine-hey-1.jpg","datePublished":"2025-07-17T09:29:00+00:00","dateModified":"2025-07-18T19:30:20+00:00","breadcrumb":{"@id":"https:\/\/lasentinelle.dz\/index.php\/2025\/07\/17\/ligue-1-mobilis-lheure-des-grands-changements-techniques\/#breadcrumb"},"inLanguage":"fr-FR","potentialAction":[{"@type":"ReadAction","target":["https:\/\/lasentinelle.dz\/index.php\/2025\/07\/17\/ligue-1-mobilis-lheure-des-grands-changements-techniques\/"]}]},{"@type":"ImageObject","inLanguage":"fr-FR","@id":"https:\/\/lasentinelle.dz\/index.php\/2025\/07\/17\/ligue-1-mobilis-lheure-des-grands-changements-techniques\/#primaryimage","url":"https:\/\/lasentinelle.dz\/wp-content\/uploads\/2025\/07\/antoine-hey-1.jpg","contentUrl":"https:\/\/lasentinelle.dz\/wp-content\/uploads\/2025\/07\/antoine-hey-1.jpg","width":1752,"height":1168},{"@type":"BreadcrumbList","@id":"https:\/\/lasentinelle.dz\/index.php\/2025\/07\/17\/ligue-1-mobilis-lheure-des-grands-changements-techniques\/#breadcrumb","itemListElement":[{"@type":"ListItem","position":1,"name":"Accueil","item":"https:\/\/lasentinelle.dz\/"},{"@type":"ListItem","position":2,"name":"Ligue 1 Mobilis \u00a0: L&rsquo;heure des grands changements techniques"}]},{"@type":"WebSite","@id":"https:\/\/lasentinelle.dz\/#website","url":"https:\/\/lasentinelle.dz\/","name":"La Sentinelle","description":"Quotidien national d&#039;information","publisher":{"@id":"https:\/\/lasentinelle.dz\/#organization"},"potentialAction":[{"@type":"SearchAction","target":{"@type":"EntryPoint","urlTemplate":"https:\/\/lasentinelle.dz\/?s={search_term_string}"},"query-input":{"@type":"PropertyValueSpecification","valueRequired":true,"valueName":"search_term_string"}}],"inLanguage":"fr-FR"},{"@type":"Organization","@id":"https:\/\/lasentinelle.dz\/#organization","name":"Quotidien La Sentinelle","url":"https:\/\/lasentinelle.dz\/","logo":{"@type":"ImageObject","inLanguage":"fr-FR","@id":"https:\/\/lasentinelle.dz\/#\/schema\/logo\/image\/","url":"https:\/\/lasentinelle.dz\/wp-content\/uploads\/2021\/09\/logo-sentinelleSLOGAN-1.png","contentUrl":"https:\/\/lasentinelle.dz\/wp-content\/uploads\/2021\/09\/logo-sentinelleSLOGAN-1.png","width":615,"height":142,"caption":"Quotidien La Sentinelle"},"image":{"@id":"https:\/\/lasentinelle.dz\/#\/schema\/logo\/image\/"},"sameAs":["https:\/\/www.facebook.com\/La-Sentinelle-104059864394773"]},{"@type":"Person","@id":"https:\/\/lasentinelle.dz\/#\/schema\/person\/729ee0024f24e0b8c5ec17232f8e8b41","name":"admin","image":{"@type":"ImageObject","inLanguage":"fr-FR","@id":"https:\/\/secure.gravatar.com\/avatar\/4c81fed838786e9b53f540bf46533e750f5d292099ae3b66cfc6fb1982e29df7?s=96&d=mm&r=g","url":"https:\/\/secure.gravatar.com\/avatar\/4c81fed838786e9b53f540bf46533e750f5d292099ae3b66cfc6fb1982e29df7?s=96&d=mm&r=g","contentUrl":"https:\/\/secure.gravatar.com\/avatar\/4c81fed838786e9b53f540bf46533e750f5d292099ae3b66cfc6fb1982e29df7?s=96&d=mm&r=g","caption":"admin"},"description":"admin","url":"https:\/\/lasentinelle.dz\/author\/admin\/"}]}},"_links":{"self":[{"href":"https:\/\/lasentinelle.dz\/index.php\/wp-json\/wp\/v2\/posts\/70499","targetHints":{"allow":["GET"]}}],"collection":[{"href":"https:\/\/lasentinelle.dz\/index.php\/wp-json\/wp\/v2\/posts"}],"about":[{"href":"https:\/\/lasentinelle.dz\/index.php\/wp-json\/wp\/v2\/types\/post"}],"author":[{"embeddable":true,"href":"https:\/\/lasentinelle.dz\/index.php\/wp-json\/wp\/v2\/users\/6"}],"replies":[{"embeddable":true,"href":"https:\/\/lasentinelle.dz\/index.php\/wp-json\/wp\/v2\/comments?post=70499"}],"version-history":[{"count":2,"href":"https:\/\/lasentinelle.dz\/index.php\/wp-json\/wp\/v2\/posts\/70499\/revisions"}],"predecessor-version":[{"id":70502,"href":"https:\/\/lasentinelle.dz\/index.php\/wp-json\/wp\/v2\/posts\/70499\/revisions\/70502"}],"wp:featuredmedia":[{"embeddable":true,"href":"https:\/\/lasentinelle.dz\/index.php\/wp-json\/wp\/v2\/media\/70500"}],"wp:attachment":[{"href":"https:\/\/lasentinelle.dz\/index.php\/wp-json\/wp\/v2\/media?parent=70499"}],"wp:term":[{"taxonomy":"category","embeddable":true,"href":"https:\/\/lasentinelle.dz\/index.php\/wp-json\/wp\/v2\/categories?post=70499"},{"taxonomy":"post_tag","embeddable":true,"href":"https:\/\/lasentinelle.dz\/index.php\/wp-json\/wp\/v2\/tags?post=70499"}],"curies":[{"name":"wp","href":"https:\/\/api.w.org\/{rel}","templated":true}]}}