{"id":70503,"date":"2025-07-17T10:30:00","date_gmt":"2025-07-17T09:30:00","guid":{"rendered":"https:\/\/lasentinelle.dz\/?p=70503"},"modified":"2025-07-18T20:31:32","modified_gmt":"2025-07-18T19:31:32","slug":"can-2025-dames-les-vertes-une-belle-revelation","status":"publish","type":"post","link":"https:\/\/lasentinelle.dz\/index.php\/2025\/07\/17\/can-2025-dames-les-vertes-une-belle-revelation\/","title":{"rendered":"CAN-2025 (Dames): Les Vertes, une belle r\u00e9v\u00e9lation"},"content":{"rendered":"\n<p>Sous la houlette du s\u00e9lectionneur Farid Benstiti, les Vertes ont r\u00e9alis\u00e9 un parcours remarquable lors de la phase de poules, terminant deuxi\u00e8mes du groupe B.<\/p>\n\n\n\n<p>L&rsquo;\u00e9quipe nationale f\u00e9minine de football s&rsquo;appr\u00eate \u00e0 vivre un moment historique ce samedi 16 juillet \u00e0 17h00, lorsqu&rsquo;elle affrontera le Ghana en quart de finale de la 15e Coupe d&rsquo;Afrique des Nations f\u00e9minine, d\u00e9cal\u00e9e \u00e0 2025. Cette qualification repr\u00e9sente un exploit sans pr\u00e9c\u00e9dent pour le football f\u00e9minin alg\u00e9rien, qui n&rsquo;avait jamais franchi le cap du premier tour lors de ses cinq pr\u00e9c\u00e9dentes participations en 2004, 2006, 2010, 2014 et 2018.<\/p>\n\n\n\n<p>Sous la houlette du s\u00e9lectionneur Farid Benstiti, les Vertes ont r\u00e9alis\u00e9 un parcours remarquable lors de la phase de poules, terminant deuxi\u00e8mes du groupe B avec cinq points, derri\u00e8re le Nigeria qui en comptait sept. Leur bilan est exemplaire avec une victoire contre le Botswana sur le score de 1-0 et deux matches nuls face \u00e0 la Tunisie et au Nigeria, tous deux sold\u00e9s par des scores vierges. Cette solidit\u00e9 d\u00e9fensive, incarn\u00e9e par la gardienne Chlo\u00e9 N&rsquo;Gazi, constitue l&rsquo;un des atouts majeurs de cette \u00e9quipe alg\u00e9rienne qui n&rsquo;a encaiss\u00e9 aucun but durant la phase de groupes.<\/p>\n\n\n\n<p><strong>N&rsquo;Gazi<\/strong><strong> \u00e9lue meilleure gardienne<\/strong><\/p>\n\n\n\n<p>La performance de N&rsquo;Gazi n&rsquo;est d&rsquo;ailleurs pas pass\u00e9e inaper\u00e7ue puisque la Conf\u00e9d\u00e9ration africaine de football l&rsquo;a \u00e9lue meilleure gardienne de la phase de poules, la propulsant dans le onze type de cette premi\u00e8re phase. Ses trois clean sheets et ses arr\u00eats d\u00e9cisifs ont \u00e9t\u00e9 d\u00e9terminants dans la qualification historique de l&rsquo;Alg\u00e9rie. Le jury technique de la CAF a salu\u00e9 son sang-froid et sa r\u00e9gularit\u00e9, qualit\u00e9s essentielles qui ont permis \u00e0 l&rsquo;\u00e9quipe de franchir ce cap in\u00e9dit. Le d\u00e9fi qui attend les Alg\u00e9riennes face au Ghana s&rsquo;annonce de taille. Les Black Queens, class\u00e9es 4e sur le plan africain et 65e au niveau mondial, poss\u00e8dent une exp\u00e9rience consid\u00e9rable des phases finales et une longue histoire avec la CAN f\u00e9minine. Leur dernier passage en demi-finale remonte \u00e0 2016, et elles abordent ce quart de finale avec l&rsquo;ambition de retrouver le dernier carr\u00e9. Leur puissance athl\u00e9tique, leur pressing haut et leur capacit\u00e9 \u00e0 changer de rythme dans les trente derniers m\u00e8tres en font des adversaires redoutables.<\/p>\n\n\n\n<p>Les Ghan\u00e9ennes ont obtenu leur qualification en terminant deuxi\u00e8mes du groupe C, \u00e0 \u00e9galit\u00e9 de points avec le Mali (4 points) mais avec une meilleure diff\u00e9rence de buts (+1 contre -3). Leur victoire d\u00e9cisive contre la Tanzanie 4-1 lors de la derni\u00e8re journ\u00e9e leur a permis d&rsquo;arracher ce pr\u00e9cieux s\u00e9same pour les quarts de finale. L&rsquo;\u00e9quipe peut compter sur la talentueuse Princess Marfo et dispose d&rsquo;une attaque percutante qui constitue un d\u00e9fi suppl\u00e9mentaire pour la d\u00e9fense alg\u00e9rienne.<\/p>\n\n\n\n<p>La pr\u00e9paration de l&rsquo;\u00e9quipe alg\u00e9rienne se d\u00e9roule dans de bonnes conditions, avec une double s\u00e9ance d&rsquo;entra\u00eenement programm\u00e9e mardi : une session matinale en salle de musculation suivie d&rsquo;un travail sur le terrain annexe du complexe olympique. Cette pr\u00e9paration minutieuse t\u00e9moigne de la d\u00e9termination du staff technique \u00e0 optimiser les chances de qualification pour les demi-finales. L&rsquo;ancien international alg\u00e9rien Halim Benmabrouk a rendu visite \u00e0 l&rsquo;\u00e9quipe pour encourager les joueuses, \u00e9changeant longuement avec le s\u00e9lectionneur Benstiti dans une atmosph\u00e8re conviviale. Ces marques de soutien renforcent la coh\u00e9sion d&rsquo;un groupe qui mise sur l&rsquo;\u00e9quilibre entre rigueur tactique et spontan\u00e9it\u00e9 offensive pour surprendre le Ghana.<\/p>\n\n\n\n<p>En cas de victoire face aux Ghan\u00e9ennes, l&rsquo;Alg\u00e9rie se retrouverait en demi-finale face au vainqueur du duel Maroc-Mali, ouvrant la perspective d&rsquo;un potentiel derby maghr\u00e9bin ou d&rsquo;une confrontation face aux Maliennes. Cette qualification historique est le fruit d&rsquo;un travail patient, men\u00e9 par un staff ambitieux et des joueuses soud\u00e9es qui r\u00eavent d\u00e9sormais d&rsquo;atteindre le dernier carr\u00e9 pour la premi\u00e8re fois de leur histoire.<\/p>\n\n\n\n<p>Les autres quarts de finale promettent \u00e9galement du spectacle avec notamment le choc Nigeria-Zambie qui aura l&rsquo;allure d&rsquo;une finale avant la lettre. Le Nigeria, neuf fois champion d&rsquo;Afrique, affrontera les Copper Queens zambiennes dans une revanche de la petite finale de 2022. L&rsquo;Afrique du Sud, championne en titre, devra se m\u00e9fier du S\u00e9n\u00e9gal, qualifi\u00e9 en tant que deuxi\u00e8me meilleure troisi\u00e8me. Cette CAN f\u00e9minine 2025 confirme ainsi la mont\u00e9e en puissance du football f\u00e9minin africain et place l&rsquo;Alg\u00e9rie parmi les belles surprises de cette \u00e9dition, port\u00e9e par des ambitions l\u00e9gitimes et une solidit\u00e9 collective remarquable.<\/p>\n\n\n\n<p>Moncef Dahleb<\/p>\n","protected":false},"excerpt":{"rendered":"<p>Sous la houlette du s\u00e9lectionneur Farid Benstiti, les Vertes ont r\u00e9alis\u00e9 un parcours remarquable lors de la phase de poules,<\/p>\n","protected":false},"author":6,"featured_media":70504,"comment_status":"open","ping_status":"closed","sticky":false,"template":"","format":"standard","meta":{"colormag_page_container_layout":"default_layout","colormag_page_sidebar_layout":"default_layout","om_disable_all_campaigns":false,"_monsterinsights_skip_tracking":false,"_monsterinsights_sitenote_active":false,"_monsterinsights_sitenote_note":"","_monsterinsights_sitenote_category":0,"footnotes":"","_wpscppro_dont_share_socialmedia":false,"_wpscppro_custom_social_share_image":0,"_facebook_share_type":"default","_twitter_share_type":"default","_linkedin_share_type":"default","_pinterest_share_type":"default","_linkedin_share_type_page":"","_instagram_share_type":"default","_medium_share_type":"default","_threads_share_type":"","_google_business_share_type":"","_selected_social_profile":[],"_wpsp_enable_custom_social_template":false,"_wpsp_social_scheduling":{"enabled":false,"datetime":null,"platforms":[],"status":"template_only","dateOption":"today","timeOption":"now","customDays":"","customHours":"","customDate":"","customTime":"","schedulingType":"absolute"},"_wpsp_active_default_template":true},"categories":[52,33],"tags":[],"class_list":["post-70503","post","type-post","status-publish","format-standard","has-post-thumbnail","hentry","category-a-la-une","category-sports"],"aioseo_notices":[],"yoast_head":"<!-- This site is optimized with the Yoast SEO plugin v27.5 - https:\/\/yoast.com\/product\/yoast-seo-wordpress\/ -->\n<title>CAN-2025 (Dames): Les Vertes, une belle r\u00e9v\u00e9lation - La Sentinelle<\/title>\n<meta name=\"robots\" content=\"index, follow, max-snippet:-1, max-image-preview:large, max-video-preview:-1\" \/>\n<link rel=\"canonical\" href=\"https:\/\/lasentinelle.dz\/index.php\/2025\/07\/17\/can-2025-dames-les-vertes-une-belle-revelation\/\" \/>\n<meta property=\"og:locale\" content=\"fr_FR\" \/>\n<meta property=\"og:type\" content=\"article\" \/>\n<meta property=\"og:title\" content=\"CAN-2025 (Dames): Les Vertes, une belle r\u00e9v\u00e9lation - La Sentinelle\" \/>\n<meta property=\"og:description\" content=\"Sous la houlette du s\u00e9lectionneur Farid Benstiti, les Vertes ont r\u00e9alis\u00e9 un parcours remarquable lors de la phase de poules,\" \/>\n<meta property=\"og:url\" content=\"https:\/\/lasentinelle.dz\/index.php\/2025\/07\/17\/can-2025-dames-les-vertes-une-belle-revelation\/\" \/>\n<meta property=\"og:site_name\" content=\"La Sentinelle\" \/>\n<meta property=\"article:publisher\" content=\"https:\/\/www.facebook.com\/La-Sentinelle-104059864394773\" \/>\n<meta property=\"article:published_time\" content=\"2025-07-17T09:30:00+00:00\" \/>\n<meta property=\"article:modified_time\" content=\"2025-07-18T19:31:32+00:00\" \/>\n<meta property=\"og:image\" content=\"https:\/\/lasentinelle.dz\/wp-content\/uploads\/2025\/07\/Dames-4.jpg\" \/>\n\t<meta property=\"og:image:width\" content=\"1440\" \/>\n\t<meta property=\"og:image:height\" content=\"1440\" \/>\n\t<meta property=\"og:image:type\" content=\"image\/jpeg\" \/>\n<meta name=\"author\" content=\"admin\" \/>\n<meta name=\"twitter:card\" content=\"summary_large_image\" \/>\n<meta name=\"twitter:label1\" content=\"\u00c9crit par\" \/>\n\t<meta name=\"twitter:data1\" content=\"admin\" \/>\n\t<meta name=\"twitter:label2\" content=\"Dur\u00e9e de lecture estim\u00e9e\" \/>\n\t<meta name=\"twitter:data2\" content=\"4 minutes\" \/>\n<script type=\"application\/ld+json\" class=\"yoast-schema-graph\">{\"@context\":\"https:\\\/\\\/schema.org\",\"@graph\":[{\"@type\":\"Article\",\"@id\":\"https:\\\/\\\/lasentinelle.dz\\\/index.php\\\/2025\\\/07\\\/17\\\/can-2025-dames-les-vertes-une-belle-revelation\\\/#article\",\"isPartOf\":{\"@id\":\"https:\\\/\\\/lasentinelle.dz\\\/index.php\\\/2025\\\/07\\\/17\\\/can-2025-dames-les-vertes-une-belle-revelation\\\/\"},\"author\":{\"name\":\"admin\",\"@id\":\"https:\\\/\\\/lasentinelle.dz\\\/#\\\/schema\\\/person\\\/729ee0024f24e0b8c5ec17232f8e8b41\"},\"headline\":\"CAN-2025 (Dames): Les Vertes, une belle r\u00e9v\u00e9lation\",\"datePublished\":\"2025-07-17T09:30:00+00:00\",\"dateModified\":\"2025-07-18T19:31:32+00:00\",\"mainEntityOfPage\":{\"@id\":\"https:\\\/\\\/lasentinelle.dz\\\/index.php\\\/2025\\\/07\\\/17\\\/can-2025-dames-les-vertes-une-belle-revelation\\\/\"},\"wordCount\":806,\"commentCount\":0,\"publisher\":{\"@id\":\"https:\\\/\\\/lasentinelle.dz\\\/#organization\"},\"image\":{\"@id\":\"https:\\\/\\\/lasentinelle.dz\\\/index.php\\\/2025\\\/07\\\/17\\\/can-2025-dames-les-vertes-une-belle-revelation\\\/#primaryimage\"},\"thumbnailUrl\":\"https:\\\/\\\/lasentinelle.dz\\\/wp-content\\\/uploads\\\/2025\\\/07\\\/Dames-4.jpg\",\"articleSection\":[\"\u00c0 la Une\",\"Sports\"],\"inLanguage\":\"fr-FR\",\"potentialAction\":[{\"@type\":\"CommentAction\",\"name\":\"Comment\",\"target\":[\"https:\\\/\\\/lasentinelle.dz\\\/index.php\\\/2025\\\/07\\\/17\\\/can-2025-dames-les-vertes-une-belle-revelation\\\/#respond\"]}]},{\"@type\":\"WebPage\",\"@id\":\"https:\\\/\\\/lasentinelle.dz\\\/index.php\\\/2025\\\/07\\\/17\\\/can-2025-dames-les-vertes-une-belle-revelation\\\/\",\"url\":\"https:\\\/\\\/lasentinelle.dz\\\/index.php\\\/2025\\\/07\\\/17\\\/can-2025-dames-les-vertes-une-belle-revelation\\\/\",\"name\":\"CAN-2025 (Dames): Les Vertes, une belle r\u00e9v\u00e9lation - La Sentinelle\",\"isPartOf\":{\"@id\":\"https:\\\/\\\/lasentinelle.dz\\\/#website\"},\"primaryImageOfPage\":{\"@id\":\"https:\\\/\\\/lasentinelle.dz\\\/index.php\\\/2025\\\/07\\\/17\\\/can-2025-dames-les-vertes-une-belle-revelation\\\/#primaryimage\"},\"image\":{\"@id\":\"https:\\\/\\\/lasentinelle.dz\\\/index.php\\\/2025\\\/07\\\/17\\\/can-2025-dames-les-vertes-une-belle-revelation\\\/#primaryimage\"},\"thumbnailUrl\":\"https:\\\/\\\/lasentinelle.dz\\\/wp-content\\\/uploads\\\/2025\\\/07\\\/Dames-4.jpg\",\"datePublished\":\"2025-07-17T09:30:00+00:00\",\"dateModified\":\"2025-07-18T19:31:32+00:00\",\"breadcrumb\":{\"@id\":\"https:\\\/\\\/lasentinelle.dz\\\/index.php\\\/2025\\\/07\\\/17\\\/can-2025-dames-les-vertes-une-belle-revelation\\\/#breadcrumb\"},\"inLanguage\":\"fr-FR\",\"potentialAction\":[{\"@type\":\"ReadAction\",\"target\":[\"https:\\\/\\\/lasentinelle.dz\\\/index.php\\\/2025\\\/07\\\/17\\\/can-2025-dames-les-vertes-une-belle-revelation\\\/\"]}]},{\"@type\":\"ImageObject\",\"inLanguage\":\"fr-FR\",\"@id\":\"https:\\\/\\\/lasentinelle.dz\\\/index.php\\\/2025\\\/07\\\/17\\\/can-2025-dames-les-vertes-une-belle-revelation\\\/#primaryimage\",\"url\":\"https:\\\/\\\/lasentinelle.dz\\\/wp-content\\\/uploads\\\/2025\\\/07\\\/Dames-4.jpg\",\"contentUrl\":\"https:\\\/\\\/lasentinelle.dz\\\/wp-content\\\/uploads\\\/2025\\\/07\\\/Dames-4.jpg\",\"width\":1440,\"height\":1440},{\"@type\":\"BreadcrumbList\",\"@id\":\"https:\\\/\\\/lasentinelle.dz\\\/index.php\\\/2025\\\/07\\\/17\\\/can-2025-dames-les-vertes-une-belle-revelation\\\/#breadcrumb\",\"itemListElement\":[{\"@type\":\"ListItem\",\"position\":1,\"name\":\"Accueil\",\"item\":\"https:\\\/\\\/lasentinelle.dz\\\/\"},{\"@type\":\"ListItem\",\"position\":2,\"name\":\"CAN-2025 (Dames): Les Vertes, une belle r\u00e9v\u00e9lation\"}]},{\"@type\":\"WebSite\",\"@id\":\"https:\\\/\\\/lasentinelle.dz\\\/#website\",\"url\":\"https:\\\/\\\/lasentinelle.dz\\\/\",\"name\":\"La Sentinelle\",\"description\":\"Quotidien national d&#039;information\",\"publisher\":{\"@id\":\"https:\\\/\\\/lasentinelle.dz\\\/#organization\"},\"potentialAction\":[{\"@type\":\"SearchAction\",\"target\":{\"@type\":\"EntryPoint\",\"urlTemplate\":\"https:\\\/\\\/lasentinelle.dz\\\/?s={search_term_string}\"},\"query-input\":{\"@type\":\"PropertyValueSpecification\",\"valueRequired\":true,\"valueName\":\"search_term_string\"}}],\"inLanguage\":\"fr-FR\"},{\"@type\":\"Organization\",\"@id\":\"https:\\\/\\\/lasentinelle.dz\\\/#organization\",\"name\":\"Quotidien La Sentinelle\",\"url\":\"https:\\\/\\\/lasentinelle.dz\\\/\",\"logo\":{\"@type\":\"ImageObject\",\"inLanguage\":\"fr-FR\",\"@id\":\"https:\\\/\\\/lasentinelle.dz\\\/#\\\/schema\\\/logo\\\/image\\\/\",\"url\":\"https:\\\/\\\/lasentinelle.dz\\\/wp-content\\\/uploads\\\/2021\\\/09\\\/logo-sentinelleSLOGAN-1.png\",\"contentUrl\":\"https:\\\/\\\/lasentinelle.dz\\\/wp-content\\\/uploads\\\/2021\\\/09\\\/logo-sentinelleSLOGAN-1.png\",\"width\":615,\"height\":142,\"caption\":\"Quotidien La Sentinelle\"},\"image\":{\"@id\":\"https:\\\/\\\/lasentinelle.dz\\\/#\\\/schema\\\/logo\\\/image\\\/\"},\"sameAs\":[\"https:\\\/\\\/www.facebook.com\\\/La-Sentinelle-104059864394773\"]},{\"@type\":\"Person\",\"@id\":\"https:\\\/\\\/lasentinelle.dz\\\/#\\\/schema\\\/person\\\/729ee0024f24e0b8c5ec17232f8e8b41\",\"name\":\"admin\",\"image\":{\"@type\":\"ImageObject\",\"inLanguage\":\"fr-FR\",\"@id\":\"https:\\\/\\\/secure.gravatar.com\\\/avatar\\\/4c81fed838786e9b53f540bf46533e750f5d292099ae3b66cfc6fb1982e29df7?s=96&d=mm&r=g\",\"url\":\"https:\\\/\\\/secure.gravatar.com\\\/avatar\\\/4c81fed838786e9b53f540bf46533e750f5d292099ae3b66cfc6fb1982e29df7?s=96&d=mm&r=g\",\"contentUrl\":\"https:\\\/\\\/secure.gravatar.com\\\/avatar\\\/4c81fed838786e9b53f540bf46533e750f5d292099ae3b66cfc6fb1982e29df7?s=96&d=mm&r=g\",\"caption\":\"admin\"},\"description\":\"admin\",\"url\":\"https:\\\/\\\/lasentinelle.dz\\\/author\\\/admin\\\/\"}]}<\/script>\n<!-- \/ Yoast SEO plugin. -->","yoast_head_json":{"title":"CAN-2025 (Dames): Les Vertes, une belle r\u00e9v\u00e9lation - La Sentinelle","robots":{"index":"index","follow":"follow","max-snippet":"max-snippet:-1","max-image-preview":"max-image-preview:large","max-video-preview":"max-video-preview:-1"},"canonical":"https:\/\/lasentinelle.dz\/index.php\/2025\/07\/17\/can-2025-dames-les-vertes-une-belle-revelation\/","og_locale":"fr_FR","og_type":"article","og_title":"CAN-2025 (Dames): Les Vertes, une belle r\u00e9v\u00e9lation - La Sentinelle","og_description":"Sous la houlette du s\u00e9lectionneur Farid Benstiti, les Vertes ont r\u00e9alis\u00e9 un parcours remarquable lors de la phase de poules,","og_url":"https:\/\/lasentinelle.dz\/index.php\/2025\/07\/17\/can-2025-dames-les-vertes-une-belle-revelation\/","og_site_name":"La Sentinelle","article_publisher":"https:\/\/www.facebook.com\/La-Sentinelle-104059864394773","article_published_time":"2025-07-17T09:30:00+00:00","article_modified_time":"2025-07-18T19:31:32+00:00","og_image":[{"width":1440,"height":1440,"url":"https:\/\/lasentinelle.dz\/wp-content\/uploads\/2025\/07\/Dames-4.jpg","type":"image\/jpeg"}],"author":"admin","twitter_card":"summary_large_image","twitter_misc":{"\u00c9crit par":"admin","Dur\u00e9e de lecture estim\u00e9e":"4 minutes"},"schema":{"@context":"https:\/\/schema.org","@graph":[{"@type":"Article","@id":"https:\/\/lasentinelle.dz\/index.php\/2025\/07\/17\/can-2025-dames-les-vertes-une-belle-revelation\/#article","isPartOf":{"@id":"https:\/\/lasentinelle.dz\/index.php\/2025\/07\/17\/can-2025-dames-les-vertes-une-belle-revelation\/"},"author":{"name":"admin","@id":"https:\/\/lasentinelle.dz\/#\/schema\/person\/729ee0024f24e0b8c5ec17232f8e8b41"},"headline":"CAN-2025 (Dames): Les Vertes, une belle r\u00e9v\u00e9lation","datePublished":"2025-07-17T09:30:00+00:00","dateModified":"2025-07-18T19:31:32+00:00","mainEntityOfPage":{"@id":"https:\/\/lasentinelle.dz\/index.php\/2025\/07\/17\/can-2025-dames-les-vertes-une-belle-revelation\/"},"wordCount":806,"commentCount":0,"publisher":{"@id":"https:\/\/lasentinelle.dz\/#organization"},"image":{"@id":"https:\/\/lasentinelle.dz\/index.php\/2025\/07\/17\/can-2025-dames-les-vertes-une-belle-revelation\/#primaryimage"},"thumbnailUrl":"https:\/\/lasentinelle.dz\/wp-content\/uploads\/2025\/07\/Dames-4.jpg","articleSection":["\u00c0 la Une","Sports"],"inLanguage":"fr-FR","potentialAction":[{"@type":"CommentAction","name":"Comment","target":["https:\/\/lasentinelle.dz\/index.php\/2025\/07\/17\/can-2025-dames-les-vertes-une-belle-revelation\/#respond"]}]},{"@type":"WebPage","@id":"https:\/\/lasentinelle.dz\/index.php\/2025\/07\/17\/can-2025-dames-les-vertes-une-belle-revelation\/","url":"https:\/\/lasentinelle.dz\/index.php\/2025\/07\/17\/can-2025-dames-les-vertes-une-belle-revelation\/","name":"CAN-2025 (Dames): Les Vertes, une belle r\u00e9v\u00e9lation - La Sentinelle","isPartOf":{"@id":"https:\/\/lasentinelle.dz\/#website"},"primaryImageOfPage":{"@id":"https:\/\/lasentinelle.dz\/index.php\/2025\/07\/17\/can-2025-dames-les-vertes-une-belle-revelation\/#primaryimage"},"image":{"@id":"https:\/\/lasentinelle.dz\/index.php\/2025\/07\/17\/can-2025-dames-les-vertes-une-belle-revelation\/#primaryimage"},"thumbnailUrl":"https:\/\/lasentinelle.dz\/wp-content\/uploads\/2025\/07\/Dames-4.jpg","datePublished":"2025-07-17T09:30:00+00:00","dateModified":"2025-07-18T19:31:32+00:00","breadcrumb":{"@id":"https:\/\/lasentinelle.dz\/index.php\/2025\/07\/17\/can-2025-dames-les-vertes-une-belle-revelation\/#breadcrumb"},"inLanguage":"fr-FR","potentialAction":[{"@type":"ReadAction","target":["https:\/\/lasentinelle.dz\/index.php\/2025\/07\/17\/can-2025-dames-les-vertes-une-belle-revelation\/"]}]},{"@type":"ImageObject","inLanguage":"fr-FR","@id":"https:\/\/lasentinelle.dz\/index.php\/2025\/07\/17\/can-2025-dames-les-vertes-une-belle-revelation\/#primaryimage","url":"https:\/\/lasentinelle.dz\/wp-content\/uploads\/2025\/07\/Dames-4.jpg","contentUrl":"https:\/\/lasentinelle.dz\/wp-content\/uploads\/2025\/07\/Dames-4.jpg","width":1440,"height":1440},{"@type":"BreadcrumbList","@id":"https:\/\/lasentinelle.dz\/index.php\/2025\/07\/17\/can-2025-dames-les-vertes-une-belle-revelation\/#breadcrumb","itemListElement":[{"@type":"ListItem","position":1,"name":"Accueil","item":"https:\/\/lasentinelle.dz\/"},{"@type":"ListItem","position":2,"name":"CAN-2025 (Dames): Les Vertes, une belle r\u00e9v\u00e9lation"}]},{"@type":"WebSite","@id":"https:\/\/lasentinelle.dz\/#website","url":"https:\/\/lasentinelle.dz\/","name":"La Sentinelle","description":"Quotidien national d&#039;information","publisher":{"@id":"https:\/\/lasentinelle.dz\/#organization"},"potentialAction":[{"@type":"SearchAction","target":{"@type":"EntryPoint","urlTemplate":"https:\/\/lasentinelle.dz\/?s={search_term_string}"},"query-input":{"@type":"PropertyValueSpecification","valueRequired":true,"valueName":"search_term_string"}}],"inLanguage":"fr-FR"},{"@type":"Organization","@id":"https:\/\/lasentinelle.dz\/#organization","name":"Quotidien La Sentinelle","url":"https:\/\/lasentinelle.dz\/","logo":{"@type":"ImageObject","inLanguage":"fr-FR","@id":"https:\/\/lasentinelle.dz\/#\/schema\/logo\/image\/","url":"https:\/\/lasentinelle.dz\/wp-content\/uploads\/2021\/09\/logo-sentinelleSLOGAN-1.png","contentUrl":"https:\/\/lasentinelle.dz\/wp-content\/uploads\/2021\/09\/logo-sentinelleSLOGAN-1.png","width":615,"height":142,"caption":"Quotidien La Sentinelle"},"image":{"@id":"https:\/\/lasentinelle.dz\/#\/schema\/logo\/image\/"},"sameAs":["https:\/\/www.facebook.com\/La-Sentinelle-104059864394773"]},{"@type":"Person","@id":"https:\/\/lasentinelle.dz\/#\/schema\/person\/729ee0024f24e0b8c5ec17232f8e8b41","name":"admin","image":{"@type":"ImageObject","inLanguage":"fr-FR","@id":"https:\/\/secure.gravatar.com\/avatar\/4c81fed838786e9b53f540bf46533e750f5d292099ae3b66cfc6fb1982e29df7?s=96&d=mm&r=g","url":"https:\/\/secure.gravatar.com\/avatar\/4c81fed838786e9b53f540bf46533e750f5d292099ae3b66cfc6fb1982e29df7?s=96&d=mm&r=g","contentUrl":"https:\/\/secure.gravatar.com\/avatar\/4c81fed838786e9b53f540bf46533e750f5d292099ae3b66cfc6fb1982e29df7?s=96&d=mm&r=g","caption":"admin"},"description":"admin","url":"https:\/\/lasentinelle.dz\/author\/admin\/"}]}},"_links":{"self":[{"href":"https:\/\/lasentinelle.dz\/index.php\/wp-json\/wp\/v2\/posts\/70503","targetHints":{"allow":["GET"]}}],"collection":[{"href":"https:\/\/lasentinelle.dz\/index.php\/wp-json\/wp\/v2\/posts"}],"about":[{"href":"https:\/\/lasentinelle.dz\/index.php\/wp-json\/wp\/v2\/types\/post"}],"author":[{"embeddable":true,"href":"https:\/\/lasentinelle.dz\/index.php\/wp-json\/wp\/v2\/users\/6"}],"replies":[{"embeddable":true,"href":"https:\/\/lasentinelle.dz\/index.php\/wp-json\/wp\/v2\/comments?post=70503"}],"version-history":[{"count":1,"href":"https:\/\/lasentinelle.dz\/index.php\/wp-json\/wp\/v2\/posts\/70503\/revisions"}],"predecessor-version":[{"id":70505,"href":"https:\/\/lasentinelle.dz\/index.php\/wp-json\/wp\/v2\/posts\/70503\/revisions\/70505"}],"wp:featuredmedia":[{"embeddable":true,"href":"https:\/\/lasentinelle.dz\/index.php\/wp-json\/wp\/v2\/media\/70504"}],"wp:attachment":[{"href":"https:\/\/lasentinelle.dz\/index.php\/wp-json\/wp\/v2\/media?parent=70503"}],"wp:term":[{"taxonomy":"category","embeddable":true,"href":"https:\/\/lasentinelle.dz\/index.php\/wp-json\/wp\/v2\/categories?post=70503"},{"taxonomy":"post_tag","embeddable":true,"href":"https:\/\/lasentinelle.dz\/index.php\/wp-json\/wp\/v2\/tags?post=70503"}],"curies":[{"name":"wp","href":"https:\/\/api.w.org\/{rel}","templated":true}]}}