{"id":70506,"date":"2025-07-17T20:31:55","date_gmt":"2025-07-17T19:31:55","guid":{"rendered":"https:\/\/lasentinelle.dz\/?p=70506"},"modified":"2025-07-18T20:32:32","modified_gmt":"2025-07-18T19:32:32","slug":"jijel-premiere-experience-de-culture-du-kiwi","status":"publish","type":"post","link":"https:\/\/lasentinelle.dz\/index.php\/2025\/07\/17\/jijel-premiere-experience-de-culture-du-kiwi\/","title":{"rendered":"Jijel : Premi\u00e8re exp\u00e9rience de culture du kiwi"},"content":{"rendered":"\n<p>Les premi\u00e8res \u00e9valuations ont r\u00e9v\u00e9l\u00e9 la bonne adaptation des plants de kiwi aux conditions climatiques de la r\u00e9gion, caract\u00e9ris\u00e9e par une croissance vigoureuse et une fructification encourageante.<\/p>\n\n\n\n<p>Une exp\u00e9rience men\u00e9e avec succ\u00e8s dans la commune d&rsquo;Ouled Rabah r\u00e9v\u00e8le le potentiel prometteur de la culture du kiwi dans la r\u00e9gion de Jijel. Cette initiative novatrice, port\u00e9e par un agriculteur local, s&rsquo;impose comme un mod\u00e8le de reconversion intelligente dans le cadre de la strat\u00e9gie de d\u00e9veloppement agricole durable engag\u00e9e par les institutions locales.<\/p>\n\n\n\n<p>L&rsquo;exp\u00e9rience a suscit\u00e9 un int\u00e9r\u00eat particulier de la part des services agricoles de la wilaya de Jijel, notamment en raison des r\u00e9sultats positifs obtenus et des rendements encourageants de cette culture \u00e0 forte valeur ajout\u00e9e. Ces performances prometteuses laissent pr\u00e9sager un avenir radieux pour cette nouvelle fili\u00e8re qui vient renforcer le secteur agricole r\u00e9gional.<\/p>\n\n\n\n<p>Fortement salu\u00e9e pour ses bons r\u00e9sultats, cette initiative a donn\u00e9 aux services de la Direction de l&rsquo;agriculture (DSA) de Jijel un nouvel sujet de r\u00e9flexion concernant la prise en charge et l&rsquo;accompagnement technique de cette culture. Les premi\u00e8res \u00e9valuations ont r\u00e9v\u00e9l\u00e9 la bonne adaptation des plants de kiwi aux conditions climatiques de la r\u00e9gion, caract\u00e9ris\u00e9e par une croissance vigoureuse et une fructification encourageante.<\/p>\n\n\n\n<p>Cette initiative confirme une nouvelle fois la d\u00e9termination des agriculteurs alg\u00e9riens qui osent innover avec courage pour d\u00e9montrer la faisabilit\u00e9 de cultures alternatives, \u00e0 l&rsquo;instar du safran \u00e0 Souk Ahras et d\u00e9sormais du kiwi \u00e0 Jijel. La culture de ce fruit repr\u00e9sente une forte valeur ajout\u00e9e pour les zones montagneuses de la r\u00e9gion, qui offrent un environnement favorable \u00e0 diverses cultures du m\u00eame type, mais qui restent peu exploit\u00e9es par les fili\u00e8res innovantes. Les r\u00e9sultats obtenus par l&rsquo;agriculteur porteur de ce projet de culture du kiwi sont \u00e0 la fois satisfaisants et encourageants, ce qui motive cette premi\u00e8re exp\u00e9rience pour en faire une culture rentable \u00e0 plus d&rsquo;un titre. Toutes les conditions sont r\u00e9unies, notamment les conseils techniques et les conditions naturelles favorables dont dispose la r\u00e9gion.<\/p>\n\n\n\n<p>Dans ce contexte, il convient de souligner que le kiwi prosp\u00e8re id\u00e9alement dans les zones humides toute l&rsquo;ann\u00e9e, douces en hiver et chaudes en \u00e9t\u00e9. Il est recommand\u00e9 de planter l&rsquo;actinidia en plein soleil, mais \u00e0 l&rsquo;abri des courants d&rsquo;air, car cette plante n&rsquo;appr\u00e9cie pas les ambiances s\u00e8ches et venteuses. Tous les terrains lui conviennent, notamment les sols l\u00e9gers et bien drain\u00e9s, \u00e0 condition qu&rsquo;ils restent frais et soient arros\u00e9s r\u00e9guli\u00e8rement en \u00e9t\u00e9. Le milieu de la commune d&rsquo;Ouled Rabah lui est parfaitement propice. Ces atouts naturels ont encourag\u00e9 l&rsquo;agriculteur pionnier qui envisage d&rsquo;\u00e9largir la superficie cultiv\u00e9e et de sensibiliser d&rsquo;autres agriculteurs aux avantages de cette culture, notamment en termes de rentabilit\u00e9, d&rsquo;adaptation au march\u00e9 et de durabilit\u00e9. Les services techniques de la Direction agricole de la wilaya de Jijel ont, pour leur part, manifest\u00e9 leur disposition \u00e0 soutenir cette initiative et toutes autres cultures similaires. Afin d&rsquo;encourager les professionnels de l&rsquo;agriculture \u00e0 adh\u00e9rer \u00e0 cette culture, des actions de vulgarisation, des formations cibl\u00e9es et un encadrement renforc\u00e9 seront mis en place pour accompagner les agriculteurs int\u00e9ress\u00e9s. Par ailleurs, les acteurs du secteur agricole de la wilaya de Jijel ont mis en avant l&rsquo;importance de ce type de projets qui feront sans aucun doute l&rsquo;objet d&rsquo;un accompagnement et d&rsquo;un soutien pour aider les agriculteurs \u00e0 diversifier leurs cultures et, par cons\u00e9quent, moderniser le secteur. En somme, cette exp\u00e9rience r\u00e9ussie illustre le potentiel d&rsquo;innovation dans les zones rurales et la n\u00e9cessit\u00e9 de sortir des sch\u00e9mas traditionnels pour assurer une agriculture r\u00e9siliente, performante et connect\u00e9e aux exigences du march\u00e9.<\/p>\n\n\n\n<p>Sofia Chahine<\/p>\n","protected":false},"excerpt":{"rendered":"<p>Les premi\u00e8res \u00e9valuations ont r\u00e9v\u00e9l\u00e9 la bonne adaptation des plants de kiwi aux conditions climatiques de la r\u00e9gion, caract\u00e9ris\u00e9e par<\/p>\n","protected":false},"author":6,"featured_media":70507,"comment_status":"open","ping_status":"closed","sticky":false,"template":"","format":"standard","meta":{"colormag_page_container_layout":"default_layout","colormag_page_sidebar_layout":"default_layout","om_disable_all_campaigns":false,"_monsterinsights_skip_tracking":false,"_monsterinsights_sitenote_active":false,"_monsterinsights_sitenote_note":"","_monsterinsights_sitenote_category":0,"footnotes":"","_wpscppro_dont_share_socialmedia":false,"_wpscppro_custom_social_share_image":0,"_facebook_share_type":"default","_twitter_share_type":"default","_linkedin_share_type":"default","_pinterest_share_type":"default","_linkedin_share_type_page":"","_instagram_share_type":"default","_medium_share_type":"default","_threads_share_type":"","_google_business_share_type":"","_selected_social_profile":[],"_wpsp_enable_custom_social_template":false,"_wpsp_social_scheduling":{"enabled":false,"datetime":null,"platforms":[],"status":"template_only","dateOption":"today","timeOption":"now","customDays":"","customHours":"","customDate":"","customTime":"","schedulingType":"absolute"},"_wpsp_active_default_template":true},"categories":[31],"tags":[],"class_list":["post-70506","post","type-post","status-publish","format-standard","has-post-thumbnail","hentry","category-regions"],"aioseo_notices":[],"yoast_head":"<!-- This site is optimized with the Yoast SEO plugin v27.5 - https:\/\/yoast.com\/product\/yoast-seo-wordpress\/ -->\n<title>Jijel : Premi\u00e8re exp\u00e9rience de culture du kiwi - La Sentinelle<\/title>\n<meta name=\"robots\" content=\"index, follow, max-snippet:-1, max-image-preview:large, max-video-preview:-1\" \/>\n<link rel=\"canonical\" href=\"https:\/\/lasentinelle.dz\/index.php\/2025\/07\/17\/jijel-premiere-experience-de-culture-du-kiwi\/\" \/>\n<meta property=\"og:locale\" content=\"fr_FR\" \/>\n<meta property=\"og:type\" content=\"article\" \/>\n<meta property=\"og:title\" content=\"Jijel : Premi\u00e8re exp\u00e9rience de culture du kiwi - La Sentinelle\" \/>\n<meta property=\"og:description\" content=\"Les premi\u00e8res \u00e9valuations ont r\u00e9v\u00e9l\u00e9 la bonne adaptation des plants de kiwi aux conditions climatiques de la r\u00e9gion, caract\u00e9ris\u00e9e par\" \/>\n<meta property=\"og:url\" content=\"https:\/\/lasentinelle.dz\/index.php\/2025\/07\/17\/jijel-premiere-experience-de-culture-du-kiwi\/\" \/>\n<meta property=\"og:site_name\" content=\"La Sentinelle\" \/>\n<meta property=\"article:publisher\" content=\"https:\/\/www.facebook.com\/La-Sentinelle-104059864394773\" \/>\n<meta property=\"article:published_time\" content=\"2025-07-17T19:31:55+00:00\" \/>\n<meta property=\"article:modified_time\" content=\"2025-07-18T19:32:32+00:00\" \/>\n<meta property=\"og:image\" content=\"https:\/\/lasentinelle.dz\/wp-content\/uploads\/2025\/07\/kiwi.jpg\" \/>\n\t<meta property=\"og:image:width\" content=\"1080\" \/>\n\t<meta property=\"og:image:height\" content=\"1080\" \/>\n\t<meta property=\"og:image:type\" content=\"image\/jpeg\" \/>\n<meta name=\"author\" content=\"admin\" \/>\n<meta name=\"twitter:card\" content=\"summary_large_image\" \/>\n<meta name=\"twitter:label1\" content=\"\u00c9crit par\" \/>\n\t<meta name=\"twitter:data1\" content=\"admin\" \/>\n\t<meta name=\"twitter:label2\" content=\"Dur\u00e9e de lecture estim\u00e9e\" \/>\n\t<meta name=\"twitter:data2\" content=\"4 minutes\" \/>\n<script type=\"application\/ld+json\" class=\"yoast-schema-graph\">{\"@context\":\"https:\\\/\\\/schema.org\",\"@graph\":[{\"@type\":\"Article\",\"@id\":\"https:\\\/\\\/lasentinelle.dz\\\/index.php\\\/2025\\\/07\\\/17\\\/jijel-premiere-experience-de-culture-du-kiwi\\\/#article\",\"isPartOf\":{\"@id\":\"https:\\\/\\\/lasentinelle.dz\\\/index.php\\\/2025\\\/07\\\/17\\\/jijel-premiere-experience-de-culture-du-kiwi\\\/\"},\"author\":{\"name\":\"admin\",\"@id\":\"https:\\\/\\\/lasentinelle.dz\\\/#\\\/schema\\\/person\\\/729ee0024f24e0b8c5ec17232f8e8b41\"},\"headline\":\"Jijel : Premi\u00e8re exp\u00e9rience de culture du kiwi\",\"datePublished\":\"2025-07-17T19:31:55+00:00\",\"dateModified\":\"2025-07-18T19:32:32+00:00\",\"mainEntityOfPage\":{\"@id\":\"https:\\\/\\\/lasentinelle.dz\\\/index.php\\\/2025\\\/07\\\/17\\\/jijel-premiere-experience-de-culture-du-kiwi\\\/\"},\"wordCount\":677,\"commentCount\":0,\"publisher\":{\"@id\":\"https:\\\/\\\/lasentinelle.dz\\\/#organization\"},\"image\":{\"@id\":\"https:\\\/\\\/lasentinelle.dz\\\/index.php\\\/2025\\\/07\\\/17\\\/jijel-premiere-experience-de-culture-du-kiwi\\\/#primaryimage\"},\"thumbnailUrl\":\"https:\\\/\\\/lasentinelle.dz\\\/wp-content\\\/uploads\\\/2025\\\/07\\\/kiwi.jpg\",\"articleSection\":[\"R\u00e9gions\"],\"inLanguage\":\"fr-FR\",\"potentialAction\":[{\"@type\":\"CommentAction\",\"name\":\"Comment\",\"target\":[\"https:\\\/\\\/lasentinelle.dz\\\/index.php\\\/2025\\\/07\\\/17\\\/jijel-premiere-experience-de-culture-du-kiwi\\\/#respond\"]}]},{\"@type\":\"WebPage\",\"@id\":\"https:\\\/\\\/lasentinelle.dz\\\/index.php\\\/2025\\\/07\\\/17\\\/jijel-premiere-experience-de-culture-du-kiwi\\\/\",\"url\":\"https:\\\/\\\/lasentinelle.dz\\\/index.php\\\/2025\\\/07\\\/17\\\/jijel-premiere-experience-de-culture-du-kiwi\\\/\",\"name\":\"Jijel : Premi\u00e8re exp\u00e9rience de culture du kiwi - La Sentinelle\",\"isPartOf\":{\"@id\":\"https:\\\/\\\/lasentinelle.dz\\\/#website\"},\"primaryImageOfPage\":{\"@id\":\"https:\\\/\\\/lasentinelle.dz\\\/index.php\\\/2025\\\/07\\\/17\\\/jijel-premiere-experience-de-culture-du-kiwi\\\/#primaryimage\"},\"image\":{\"@id\":\"https:\\\/\\\/lasentinelle.dz\\\/index.php\\\/2025\\\/07\\\/17\\\/jijel-premiere-experience-de-culture-du-kiwi\\\/#primaryimage\"},\"thumbnailUrl\":\"https:\\\/\\\/lasentinelle.dz\\\/wp-content\\\/uploads\\\/2025\\\/07\\\/kiwi.jpg\",\"datePublished\":\"2025-07-17T19:31:55+00:00\",\"dateModified\":\"2025-07-18T19:32:32+00:00\",\"breadcrumb\":{\"@id\":\"https:\\\/\\\/lasentinelle.dz\\\/index.php\\\/2025\\\/07\\\/17\\\/jijel-premiere-experience-de-culture-du-kiwi\\\/#breadcrumb\"},\"inLanguage\":\"fr-FR\",\"potentialAction\":[{\"@type\":\"ReadAction\",\"target\":[\"https:\\\/\\\/lasentinelle.dz\\\/index.php\\\/2025\\\/07\\\/17\\\/jijel-premiere-experience-de-culture-du-kiwi\\\/\"]}]},{\"@type\":\"ImageObject\",\"inLanguage\":\"fr-FR\",\"@id\":\"https:\\\/\\\/lasentinelle.dz\\\/index.php\\\/2025\\\/07\\\/17\\\/jijel-premiere-experience-de-culture-du-kiwi\\\/#primaryimage\",\"url\":\"https:\\\/\\\/lasentinelle.dz\\\/wp-content\\\/uploads\\\/2025\\\/07\\\/kiwi.jpg\",\"contentUrl\":\"https:\\\/\\\/lasentinelle.dz\\\/wp-content\\\/uploads\\\/2025\\\/07\\\/kiwi.jpg\",\"width\":1080,\"height\":1080},{\"@type\":\"BreadcrumbList\",\"@id\":\"https:\\\/\\\/lasentinelle.dz\\\/index.php\\\/2025\\\/07\\\/17\\\/jijel-premiere-experience-de-culture-du-kiwi\\\/#breadcrumb\",\"itemListElement\":[{\"@type\":\"ListItem\",\"position\":1,\"name\":\"Accueil\",\"item\":\"https:\\\/\\\/lasentinelle.dz\\\/\"},{\"@type\":\"ListItem\",\"position\":2,\"name\":\"Jijel : Premi\u00e8re exp\u00e9rience de culture du kiwi\"}]},{\"@type\":\"WebSite\",\"@id\":\"https:\\\/\\\/lasentinelle.dz\\\/#website\",\"url\":\"https:\\\/\\\/lasentinelle.dz\\\/\",\"name\":\"La Sentinelle\",\"description\":\"Quotidien national d&#039;information\",\"publisher\":{\"@id\":\"https:\\\/\\\/lasentinelle.dz\\\/#organization\"},\"potentialAction\":[{\"@type\":\"SearchAction\",\"target\":{\"@type\":\"EntryPoint\",\"urlTemplate\":\"https:\\\/\\\/lasentinelle.dz\\\/?s={search_term_string}\"},\"query-input\":{\"@type\":\"PropertyValueSpecification\",\"valueRequired\":true,\"valueName\":\"search_term_string\"}}],\"inLanguage\":\"fr-FR\"},{\"@type\":\"Organization\",\"@id\":\"https:\\\/\\\/lasentinelle.dz\\\/#organization\",\"name\":\"Quotidien La Sentinelle\",\"url\":\"https:\\\/\\\/lasentinelle.dz\\\/\",\"logo\":{\"@type\":\"ImageObject\",\"inLanguage\":\"fr-FR\",\"@id\":\"https:\\\/\\\/lasentinelle.dz\\\/#\\\/schema\\\/logo\\\/image\\\/\",\"url\":\"https:\\\/\\\/lasentinelle.dz\\\/wp-content\\\/uploads\\\/2021\\\/09\\\/logo-sentinelleSLOGAN-1.png\",\"contentUrl\":\"https:\\\/\\\/lasentinelle.dz\\\/wp-content\\\/uploads\\\/2021\\\/09\\\/logo-sentinelleSLOGAN-1.png\",\"width\":615,\"height\":142,\"caption\":\"Quotidien La Sentinelle\"},\"image\":{\"@id\":\"https:\\\/\\\/lasentinelle.dz\\\/#\\\/schema\\\/logo\\\/image\\\/\"},\"sameAs\":[\"https:\\\/\\\/www.facebook.com\\\/La-Sentinelle-104059864394773\"]},{\"@type\":\"Person\",\"@id\":\"https:\\\/\\\/lasentinelle.dz\\\/#\\\/schema\\\/person\\\/729ee0024f24e0b8c5ec17232f8e8b41\",\"name\":\"admin\",\"image\":{\"@type\":\"ImageObject\",\"inLanguage\":\"fr-FR\",\"@id\":\"https:\\\/\\\/secure.gravatar.com\\\/avatar\\\/4c81fed838786e9b53f540bf46533e750f5d292099ae3b66cfc6fb1982e29df7?s=96&d=mm&r=g\",\"url\":\"https:\\\/\\\/secure.gravatar.com\\\/avatar\\\/4c81fed838786e9b53f540bf46533e750f5d292099ae3b66cfc6fb1982e29df7?s=96&d=mm&r=g\",\"contentUrl\":\"https:\\\/\\\/secure.gravatar.com\\\/avatar\\\/4c81fed838786e9b53f540bf46533e750f5d292099ae3b66cfc6fb1982e29df7?s=96&d=mm&r=g\",\"caption\":\"admin\"},\"description\":\"admin\",\"url\":\"https:\\\/\\\/lasentinelle.dz\\\/author\\\/admin\\\/\"}]}<\/script>\n<!-- \/ Yoast SEO plugin. -->","yoast_head_json":{"title":"Jijel : Premi\u00e8re exp\u00e9rience de culture du kiwi - La Sentinelle","robots":{"index":"index","follow":"follow","max-snippet":"max-snippet:-1","max-image-preview":"max-image-preview:large","max-video-preview":"max-video-preview:-1"},"canonical":"https:\/\/lasentinelle.dz\/index.php\/2025\/07\/17\/jijel-premiere-experience-de-culture-du-kiwi\/","og_locale":"fr_FR","og_type":"article","og_title":"Jijel : Premi\u00e8re exp\u00e9rience de culture du kiwi - La Sentinelle","og_description":"Les premi\u00e8res \u00e9valuations ont r\u00e9v\u00e9l\u00e9 la bonne adaptation des plants de kiwi aux conditions climatiques de la r\u00e9gion, caract\u00e9ris\u00e9e par","og_url":"https:\/\/lasentinelle.dz\/index.php\/2025\/07\/17\/jijel-premiere-experience-de-culture-du-kiwi\/","og_site_name":"La Sentinelle","article_publisher":"https:\/\/www.facebook.com\/La-Sentinelle-104059864394773","article_published_time":"2025-07-17T19:31:55+00:00","article_modified_time":"2025-07-18T19:32:32+00:00","og_image":[{"width":1080,"height":1080,"url":"https:\/\/lasentinelle.dz\/wp-content\/uploads\/2025\/07\/kiwi.jpg","type":"image\/jpeg"}],"author":"admin","twitter_card":"summary_large_image","twitter_misc":{"\u00c9crit par":"admin","Dur\u00e9e de lecture estim\u00e9e":"4 minutes"},"schema":{"@context":"https:\/\/schema.org","@graph":[{"@type":"Article","@id":"https:\/\/lasentinelle.dz\/index.php\/2025\/07\/17\/jijel-premiere-experience-de-culture-du-kiwi\/#article","isPartOf":{"@id":"https:\/\/lasentinelle.dz\/index.php\/2025\/07\/17\/jijel-premiere-experience-de-culture-du-kiwi\/"},"author":{"name":"admin","@id":"https:\/\/lasentinelle.dz\/#\/schema\/person\/729ee0024f24e0b8c5ec17232f8e8b41"},"headline":"Jijel : Premi\u00e8re exp\u00e9rience de culture du kiwi","datePublished":"2025-07-17T19:31:55+00:00","dateModified":"2025-07-18T19:32:32+00:00","mainEntityOfPage":{"@id":"https:\/\/lasentinelle.dz\/index.php\/2025\/07\/17\/jijel-premiere-experience-de-culture-du-kiwi\/"},"wordCount":677,"commentCount":0,"publisher":{"@id":"https:\/\/lasentinelle.dz\/#organization"},"image":{"@id":"https:\/\/lasentinelle.dz\/index.php\/2025\/07\/17\/jijel-premiere-experience-de-culture-du-kiwi\/#primaryimage"},"thumbnailUrl":"https:\/\/lasentinelle.dz\/wp-content\/uploads\/2025\/07\/kiwi.jpg","articleSection":["R\u00e9gions"],"inLanguage":"fr-FR","potentialAction":[{"@type":"CommentAction","name":"Comment","target":["https:\/\/lasentinelle.dz\/index.php\/2025\/07\/17\/jijel-premiere-experience-de-culture-du-kiwi\/#respond"]}]},{"@type":"WebPage","@id":"https:\/\/lasentinelle.dz\/index.php\/2025\/07\/17\/jijel-premiere-experience-de-culture-du-kiwi\/","url":"https:\/\/lasentinelle.dz\/index.php\/2025\/07\/17\/jijel-premiere-experience-de-culture-du-kiwi\/","name":"Jijel : Premi\u00e8re exp\u00e9rience de culture du kiwi - La Sentinelle","isPartOf":{"@id":"https:\/\/lasentinelle.dz\/#website"},"primaryImageOfPage":{"@id":"https:\/\/lasentinelle.dz\/index.php\/2025\/07\/17\/jijel-premiere-experience-de-culture-du-kiwi\/#primaryimage"},"image":{"@id":"https:\/\/lasentinelle.dz\/index.php\/2025\/07\/17\/jijel-premiere-experience-de-culture-du-kiwi\/#primaryimage"},"thumbnailUrl":"https:\/\/lasentinelle.dz\/wp-content\/uploads\/2025\/07\/kiwi.jpg","datePublished":"2025-07-17T19:31:55+00:00","dateModified":"2025-07-18T19:32:32+00:00","breadcrumb":{"@id":"https:\/\/lasentinelle.dz\/index.php\/2025\/07\/17\/jijel-premiere-experience-de-culture-du-kiwi\/#breadcrumb"},"inLanguage":"fr-FR","potentialAction":[{"@type":"ReadAction","target":["https:\/\/lasentinelle.dz\/index.php\/2025\/07\/17\/jijel-premiere-experience-de-culture-du-kiwi\/"]}]},{"@type":"ImageObject","inLanguage":"fr-FR","@id":"https:\/\/lasentinelle.dz\/index.php\/2025\/07\/17\/jijel-premiere-experience-de-culture-du-kiwi\/#primaryimage","url":"https:\/\/lasentinelle.dz\/wp-content\/uploads\/2025\/07\/kiwi.jpg","contentUrl":"https:\/\/lasentinelle.dz\/wp-content\/uploads\/2025\/07\/kiwi.jpg","width":1080,"height":1080},{"@type":"BreadcrumbList","@id":"https:\/\/lasentinelle.dz\/index.php\/2025\/07\/17\/jijel-premiere-experience-de-culture-du-kiwi\/#breadcrumb","itemListElement":[{"@type":"ListItem","position":1,"name":"Accueil","item":"https:\/\/lasentinelle.dz\/"},{"@type":"ListItem","position":2,"name":"Jijel : Premi\u00e8re exp\u00e9rience de culture du kiwi"}]},{"@type":"WebSite","@id":"https:\/\/lasentinelle.dz\/#website","url":"https:\/\/lasentinelle.dz\/","name":"La Sentinelle","description":"Quotidien national d&#039;information","publisher":{"@id":"https:\/\/lasentinelle.dz\/#organization"},"potentialAction":[{"@type":"SearchAction","target":{"@type":"EntryPoint","urlTemplate":"https:\/\/lasentinelle.dz\/?s={search_term_string}"},"query-input":{"@type":"PropertyValueSpecification","valueRequired":true,"valueName":"search_term_string"}}],"inLanguage":"fr-FR"},{"@type":"Organization","@id":"https:\/\/lasentinelle.dz\/#organization","name":"Quotidien La Sentinelle","url":"https:\/\/lasentinelle.dz\/","logo":{"@type":"ImageObject","inLanguage":"fr-FR","@id":"https:\/\/lasentinelle.dz\/#\/schema\/logo\/image\/","url":"https:\/\/lasentinelle.dz\/wp-content\/uploads\/2021\/09\/logo-sentinelleSLOGAN-1.png","contentUrl":"https:\/\/lasentinelle.dz\/wp-content\/uploads\/2021\/09\/logo-sentinelleSLOGAN-1.png","width":615,"height":142,"caption":"Quotidien La Sentinelle"},"image":{"@id":"https:\/\/lasentinelle.dz\/#\/schema\/logo\/image\/"},"sameAs":["https:\/\/www.facebook.com\/La-Sentinelle-104059864394773"]},{"@type":"Person","@id":"https:\/\/lasentinelle.dz\/#\/schema\/person\/729ee0024f24e0b8c5ec17232f8e8b41","name":"admin","image":{"@type":"ImageObject","inLanguage":"fr-FR","@id":"https:\/\/secure.gravatar.com\/avatar\/4c81fed838786e9b53f540bf46533e750f5d292099ae3b66cfc6fb1982e29df7?s=96&d=mm&r=g","url":"https:\/\/secure.gravatar.com\/avatar\/4c81fed838786e9b53f540bf46533e750f5d292099ae3b66cfc6fb1982e29df7?s=96&d=mm&r=g","contentUrl":"https:\/\/secure.gravatar.com\/avatar\/4c81fed838786e9b53f540bf46533e750f5d292099ae3b66cfc6fb1982e29df7?s=96&d=mm&r=g","caption":"admin"},"description":"admin","url":"https:\/\/lasentinelle.dz\/author\/admin\/"}]}},"_links":{"self":[{"href":"https:\/\/lasentinelle.dz\/index.php\/wp-json\/wp\/v2\/posts\/70506","targetHints":{"allow":["GET"]}}],"collection":[{"href":"https:\/\/lasentinelle.dz\/index.php\/wp-json\/wp\/v2\/posts"}],"about":[{"href":"https:\/\/lasentinelle.dz\/index.php\/wp-json\/wp\/v2\/types\/post"}],"author":[{"embeddable":true,"href":"https:\/\/lasentinelle.dz\/index.php\/wp-json\/wp\/v2\/users\/6"}],"replies":[{"embeddable":true,"href":"https:\/\/lasentinelle.dz\/index.php\/wp-json\/wp\/v2\/comments?post=70506"}],"version-history":[{"count":1,"href":"https:\/\/lasentinelle.dz\/index.php\/wp-json\/wp\/v2\/posts\/70506\/revisions"}],"predecessor-version":[{"id":70508,"href":"https:\/\/lasentinelle.dz\/index.php\/wp-json\/wp\/v2\/posts\/70506\/revisions\/70508"}],"wp:featuredmedia":[{"embeddable":true,"href":"https:\/\/lasentinelle.dz\/index.php\/wp-json\/wp\/v2\/media\/70507"}],"wp:attachment":[{"href":"https:\/\/lasentinelle.dz\/index.php\/wp-json\/wp\/v2\/media?parent=70506"}],"wp:term":[{"taxonomy":"category","embeddable":true,"href":"https:\/\/lasentinelle.dz\/index.php\/wp-json\/wp\/v2\/categories?post=70506"},{"taxonomy":"post_tag","embeddable":true,"href":"https:\/\/lasentinelle.dz\/index.php\/wp-json\/wp\/v2\/tags?post=70506"}],"curies":[{"name":"wp","href":"https:\/\/api.w.org\/{rel}","templated":true}]}}