{"id":70512,"date":"2025-07-17T10:35:00","date_gmt":"2025-07-17T09:35:00","guid":{"rendered":"https:\/\/lasentinelle.dz\/?p=70512"},"modified":"2025-07-18T20:35:57","modified_gmt":"2025-07-18T19:35:57","slug":"cpe-tassili-airlines-definitivement-transferee-vers-air-algerie","status":"publish","type":"post","link":"https:\/\/lasentinelle.dz\/index.php\/2025\/07\/17\/cpe-tassili-airlines-definitivement-transferee-vers-air-algerie\/","title":{"rendered":"CPE: Tassili Airlines d\u00e9finitivement transf\u00e9r\u00e9e vers Air Alg\u00e9rie"},"content":{"rendered":"\n<p>La cr\u00e9ation d&rsquo;une compagnie a\u00e9rienne domestique entre dans sa phase finale.<strong> <\/strong>Mercredi, le Premier ministre Nadir Larbaoui a pr\u00e9sid\u00e9 la 196e session&nbsp; du Conseil des Participations de l&rsquo;\u00c9tat (CPE) qui acte d\u00e9finitivement le passage de Tassili Airlines du giron de Sonatrach vers celui d&rsquo;Air Alg\u00e9rie, concr\u00e9tisant ainsi la vision pr\u00e9sidentielle d&rsquo;une compagnie a\u00e9rienne domestique renforc\u00e9e. \u00ab\u00a0En application de la d\u00e9cision du Pr\u00e9sident de la R\u00e9publique portant cr\u00e9ation d&rsquo;une compagnie a\u00e9rienne nationale de transport domestique, le Conseil des Participations de l&rsquo;Etat (CPE) a tenu, mercredi 16 juillet 2025, sa 196e session sous la pr\u00e9sidence du Premier ministre, M. Nadir Larbaoui, consacr\u00e9e \u00e0 l&rsquo;examen du dossier relatif au transfert de propri\u00e9t\u00e9 des actions de la compagnie Tassili Airlines du groupe Sonatrach au profit de la compagnie Air Alg\u00e9rie\u00a0\u00bb, pr\u00e9cise le communiqu\u00e9 officiel des services du Premier ministre. Cette op\u00e9ration qualifi\u00e9e d'\u00a0\u00bbimportante\u00a0\u00bb par les autorit\u00e9s s&rsquo;inscrit dans une vision strat\u00e9gique plus large de d\u00e9veloppement du transport a\u00e9rien domestique. L&rsquo;objectif affich\u00e9 est ambitieux : renforcer les liaisons a\u00e9riennes entre les diff\u00e9rentes r\u00e9gions du pays, promouvoir leur attractivit\u00e9 \u00e9conomique et am\u00e9liorer significativement les services de transport en faveur des citoyens alg\u00e9riens. Cette restructuration fait suite aux instructions pr\u00e9sidentielles donn\u00e9es lors de la r\u00e9union du 12 mars 2025, o\u00f9 le pr\u00e9sident de la R\u00e9publique Abdelmadjid Tebboune avait ordonn\u00e9 la cr\u00e9ation d&rsquo;une compagnie nationale sp\u00e9cialis\u00e9e dans le transport a\u00e9rien domestique sous l&rsquo;\u00e9gide d&rsquo;Air Alg\u00e9rie. La nouvelle entit\u00e9, baptis\u00e9e Domestic Airlines, avait d\u00e9j\u00e0 d\u00e9voil\u00e9 son identit\u00e9 visuelle le 4 juillet dernier, se distinguant par ses couleurs verte et rouge. Le processus de transfert, initi\u00e9 en juin avec la signature d&rsquo;un accord entre Sonatrach et Air Alg\u00e9rie, trouve ainsi son aboutissement institutionnel avec cette validation du CPE. Cette transformation du paysage a\u00e9rien alg\u00e9rien r\u00e9pond \u00e0 une logique de rationalisation des actifs publics et d&rsquo;optimisation des ressources nationales dans le secteur du transport a\u00e9rien, secteur strat\u00e9gique pour le d\u00e9veloppement \u00e9conomique et la coh\u00e9sion territoriale du pays.<\/p>\n\n\n\n<p>Samir Benisid<\/p>\n","protected":false},"excerpt":{"rendered":"<p>La cr\u00e9ation d&rsquo;une compagnie a\u00e9rienne domestique entre dans sa phase finale. Mercredi, le Premier ministre Nadir Larbaoui a pr\u00e9sid\u00e9 la<\/p>\n","protected":false},"author":6,"featured_media":51471,"comment_status":"open","ping_status":"closed","sticky":false,"template":"","format":"standard","meta":{"colormag_page_container_layout":"default_layout","colormag_page_sidebar_layout":"default_layout","om_disable_all_campaigns":false,"_monsterinsights_skip_tracking":false,"_monsterinsights_sitenote_active":false,"_monsterinsights_sitenote_note":"","_monsterinsights_sitenote_category":0,"footnotes":"","_wpscppro_dont_share_socialmedia":false,"_wpscppro_custom_social_share_image":0,"_facebook_share_type":"default","_twitter_share_type":"default","_linkedin_share_type":"default","_pinterest_share_type":"default","_linkedin_share_type_page":"","_instagram_share_type":"default","_medium_share_type":"default","_threads_share_type":"","_google_business_share_type":"","_selected_social_profile":[],"_wpsp_enable_custom_social_template":false,"_wpsp_social_scheduling":{"enabled":false,"datetime":null,"platforms":[],"status":"template_only","dateOption":"today","timeOption":"now","customDays":"","customHours":"","customDate":"","customTime":"","schedulingType":"absolute"},"_wpsp_active_default_template":true},"categories":[27],"tags":[],"class_list":["post-70512","post","type-post","status-publish","format-standard","has-post-thumbnail","hentry","category-actualite"],"aioseo_notices":[],"yoast_head":"<!-- This site is optimized with the Yoast SEO plugin v27.5 - https:\/\/yoast.com\/product\/yoast-seo-wordpress\/ -->\n<title>CPE: Tassili Airlines d\u00e9finitivement transf\u00e9r\u00e9e vers Air Alg\u00e9rie - La Sentinelle<\/title>\n<meta name=\"robots\" content=\"index, follow, max-snippet:-1, max-image-preview:large, max-video-preview:-1\" \/>\n<link rel=\"canonical\" href=\"https:\/\/lasentinelle.dz\/index.php\/2025\/07\/17\/cpe-tassili-airlines-definitivement-transferee-vers-air-algerie\/\" \/>\n<meta property=\"og:locale\" content=\"fr_FR\" \/>\n<meta property=\"og:type\" content=\"article\" \/>\n<meta property=\"og:title\" content=\"CPE: Tassili Airlines d\u00e9finitivement transf\u00e9r\u00e9e vers Air Alg\u00e9rie - La Sentinelle\" \/>\n<meta property=\"og:description\" content=\"La cr\u00e9ation d&rsquo;une compagnie a\u00e9rienne domestique entre dans sa phase finale. Mercredi, le Premier ministre Nadir Larbaoui a pr\u00e9sid\u00e9 la\" \/>\n<meta property=\"og:url\" content=\"https:\/\/lasentinelle.dz\/index.php\/2025\/07\/17\/cpe-tassili-airlines-definitivement-transferee-vers-air-algerie\/\" \/>\n<meta property=\"og:site_name\" content=\"La Sentinelle\" \/>\n<meta property=\"article:publisher\" content=\"https:\/\/www.facebook.com\/La-Sentinelle-104059864394773\" \/>\n<meta property=\"article:published_time\" content=\"2025-07-17T09:35:00+00:00\" \/>\n<meta property=\"article:modified_time\" content=\"2025-07-18T19:35:57+00:00\" \/>\n<meta property=\"og:image\" content=\"https:\/\/lasentinelle.dz\/wp-content\/uploads\/2024\/04\/tassili-airlines.jpeg\" \/>\n\t<meta property=\"og:image:width\" content=\"600\" \/>\n\t<meta property=\"og:image:height\" content=\"400\" \/>\n\t<meta property=\"og:image:type\" content=\"image\/jpeg\" \/>\n<meta name=\"author\" content=\"admin\" \/>\n<meta name=\"twitter:card\" content=\"summary_large_image\" \/>\n<meta name=\"twitter:label1\" content=\"\u00c9crit par\" \/>\n\t<meta name=\"twitter:data1\" content=\"admin\" \/>\n\t<meta name=\"twitter:label2\" content=\"Dur\u00e9e de lecture estim\u00e9e\" \/>\n\t<meta name=\"twitter:data2\" content=\"2 minutes\" \/>\n<script type=\"application\/ld+json\" class=\"yoast-schema-graph\">{\"@context\":\"https:\\\/\\\/schema.org\",\"@graph\":[{\"@type\":\"Article\",\"@id\":\"https:\\\/\\\/lasentinelle.dz\\\/index.php\\\/2025\\\/07\\\/17\\\/cpe-tassili-airlines-definitivement-transferee-vers-air-algerie\\\/#article\",\"isPartOf\":{\"@id\":\"https:\\\/\\\/lasentinelle.dz\\\/index.php\\\/2025\\\/07\\\/17\\\/cpe-tassili-airlines-definitivement-transferee-vers-air-algerie\\\/\"},\"author\":{\"name\":\"admin\",\"@id\":\"https:\\\/\\\/lasentinelle.dz\\\/#\\\/schema\\\/person\\\/729ee0024f24e0b8c5ec17232f8e8b41\"},\"headline\":\"CPE: Tassili Airlines d\u00e9finitivement transf\u00e9r\u00e9e vers Air Alg\u00e9rie\",\"datePublished\":\"2025-07-17T09:35:00+00:00\",\"dateModified\":\"2025-07-18T19:35:57+00:00\",\"mainEntityOfPage\":{\"@id\":\"https:\\\/\\\/lasentinelle.dz\\\/index.php\\\/2025\\\/07\\\/17\\\/cpe-tassili-airlines-definitivement-transferee-vers-air-algerie\\\/\"},\"wordCount\":389,\"commentCount\":0,\"publisher\":{\"@id\":\"https:\\\/\\\/lasentinelle.dz\\\/#organization\"},\"image\":{\"@id\":\"https:\\\/\\\/lasentinelle.dz\\\/index.php\\\/2025\\\/07\\\/17\\\/cpe-tassili-airlines-definitivement-transferee-vers-air-algerie\\\/#primaryimage\"},\"thumbnailUrl\":\"https:\\\/\\\/lasentinelle.dz\\\/wp-content\\\/uploads\\\/2024\\\/04\\\/tassili-airlines.jpeg\",\"articleSection\":[\"Actualit\u00e9\"],\"inLanguage\":\"fr-FR\",\"potentialAction\":[{\"@type\":\"CommentAction\",\"name\":\"Comment\",\"target\":[\"https:\\\/\\\/lasentinelle.dz\\\/index.php\\\/2025\\\/07\\\/17\\\/cpe-tassili-airlines-definitivement-transferee-vers-air-algerie\\\/#respond\"]}]},{\"@type\":\"WebPage\",\"@id\":\"https:\\\/\\\/lasentinelle.dz\\\/index.php\\\/2025\\\/07\\\/17\\\/cpe-tassili-airlines-definitivement-transferee-vers-air-algerie\\\/\",\"url\":\"https:\\\/\\\/lasentinelle.dz\\\/index.php\\\/2025\\\/07\\\/17\\\/cpe-tassili-airlines-definitivement-transferee-vers-air-algerie\\\/\",\"name\":\"CPE: Tassili Airlines d\u00e9finitivement transf\u00e9r\u00e9e vers Air Alg\u00e9rie - La Sentinelle\",\"isPartOf\":{\"@id\":\"https:\\\/\\\/lasentinelle.dz\\\/#website\"},\"primaryImageOfPage\":{\"@id\":\"https:\\\/\\\/lasentinelle.dz\\\/index.php\\\/2025\\\/07\\\/17\\\/cpe-tassili-airlines-definitivement-transferee-vers-air-algerie\\\/#primaryimage\"},\"image\":{\"@id\":\"https:\\\/\\\/lasentinelle.dz\\\/index.php\\\/2025\\\/07\\\/17\\\/cpe-tassili-airlines-definitivement-transferee-vers-air-algerie\\\/#primaryimage\"},\"thumbnailUrl\":\"https:\\\/\\\/lasentinelle.dz\\\/wp-content\\\/uploads\\\/2024\\\/04\\\/tassili-airlines.jpeg\",\"datePublished\":\"2025-07-17T09:35:00+00:00\",\"dateModified\":\"2025-07-18T19:35:57+00:00\",\"breadcrumb\":{\"@id\":\"https:\\\/\\\/lasentinelle.dz\\\/index.php\\\/2025\\\/07\\\/17\\\/cpe-tassili-airlines-definitivement-transferee-vers-air-algerie\\\/#breadcrumb\"},\"inLanguage\":\"fr-FR\",\"potentialAction\":[{\"@type\":\"ReadAction\",\"target\":[\"https:\\\/\\\/lasentinelle.dz\\\/index.php\\\/2025\\\/07\\\/17\\\/cpe-tassili-airlines-definitivement-transferee-vers-air-algerie\\\/\"]}]},{\"@type\":\"ImageObject\",\"inLanguage\":\"fr-FR\",\"@id\":\"https:\\\/\\\/lasentinelle.dz\\\/index.php\\\/2025\\\/07\\\/17\\\/cpe-tassili-airlines-definitivement-transferee-vers-air-algerie\\\/#primaryimage\",\"url\":\"https:\\\/\\\/lasentinelle.dz\\\/wp-content\\\/uploads\\\/2024\\\/04\\\/tassili-airlines.jpeg\",\"contentUrl\":\"https:\\\/\\\/lasentinelle.dz\\\/wp-content\\\/uploads\\\/2024\\\/04\\\/tassili-airlines.jpeg\",\"width\":600,\"height\":400},{\"@type\":\"BreadcrumbList\",\"@id\":\"https:\\\/\\\/lasentinelle.dz\\\/index.php\\\/2025\\\/07\\\/17\\\/cpe-tassili-airlines-definitivement-transferee-vers-air-algerie\\\/#breadcrumb\",\"itemListElement\":[{\"@type\":\"ListItem\",\"position\":1,\"name\":\"Accueil\",\"item\":\"https:\\\/\\\/lasentinelle.dz\\\/\"},{\"@type\":\"ListItem\",\"position\":2,\"name\":\"CPE: Tassili Airlines d\u00e9finitivement transf\u00e9r\u00e9e vers Air Alg\u00e9rie\"}]},{\"@type\":\"WebSite\",\"@id\":\"https:\\\/\\\/lasentinelle.dz\\\/#website\",\"url\":\"https:\\\/\\\/lasentinelle.dz\\\/\",\"name\":\"La Sentinelle\",\"description\":\"Quotidien national d&#039;information\",\"publisher\":{\"@id\":\"https:\\\/\\\/lasentinelle.dz\\\/#organization\"},\"potentialAction\":[{\"@type\":\"SearchAction\",\"target\":{\"@type\":\"EntryPoint\",\"urlTemplate\":\"https:\\\/\\\/lasentinelle.dz\\\/?s={search_term_string}\"},\"query-input\":{\"@type\":\"PropertyValueSpecification\",\"valueRequired\":true,\"valueName\":\"search_term_string\"}}],\"inLanguage\":\"fr-FR\"},{\"@type\":\"Organization\",\"@id\":\"https:\\\/\\\/lasentinelle.dz\\\/#organization\",\"name\":\"Quotidien La Sentinelle\",\"url\":\"https:\\\/\\\/lasentinelle.dz\\\/\",\"logo\":{\"@type\":\"ImageObject\",\"inLanguage\":\"fr-FR\",\"@id\":\"https:\\\/\\\/lasentinelle.dz\\\/#\\\/schema\\\/logo\\\/image\\\/\",\"url\":\"https:\\\/\\\/lasentinelle.dz\\\/wp-content\\\/uploads\\\/2021\\\/09\\\/logo-sentinelleSLOGAN-1.png\",\"contentUrl\":\"https:\\\/\\\/lasentinelle.dz\\\/wp-content\\\/uploads\\\/2021\\\/09\\\/logo-sentinelleSLOGAN-1.png\",\"width\":615,\"height\":142,\"caption\":\"Quotidien La Sentinelle\"},\"image\":{\"@id\":\"https:\\\/\\\/lasentinelle.dz\\\/#\\\/schema\\\/logo\\\/image\\\/\"},\"sameAs\":[\"https:\\\/\\\/www.facebook.com\\\/La-Sentinelle-104059864394773\"]},{\"@type\":\"Person\",\"@id\":\"https:\\\/\\\/lasentinelle.dz\\\/#\\\/schema\\\/person\\\/729ee0024f24e0b8c5ec17232f8e8b41\",\"name\":\"admin\",\"image\":{\"@type\":\"ImageObject\",\"inLanguage\":\"fr-FR\",\"@id\":\"https:\\\/\\\/secure.gravatar.com\\\/avatar\\\/4c81fed838786e9b53f540bf46533e750f5d292099ae3b66cfc6fb1982e29df7?s=96&d=mm&r=g\",\"url\":\"https:\\\/\\\/secure.gravatar.com\\\/avatar\\\/4c81fed838786e9b53f540bf46533e750f5d292099ae3b66cfc6fb1982e29df7?s=96&d=mm&r=g\",\"contentUrl\":\"https:\\\/\\\/secure.gravatar.com\\\/avatar\\\/4c81fed838786e9b53f540bf46533e750f5d292099ae3b66cfc6fb1982e29df7?s=96&d=mm&r=g\",\"caption\":\"admin\"},\"description\":\"admin\",\"url\":\"https:\\\/\\\/lasentinelle.dz\\\/author\\\/admin\\\/\"}]}<\/script>\n<!-- \/ Yoast SEO plugin. -->","yoast_head_json":{"title":"CPE: Tassili Airlines d\u00e9finitivement transf\u00e9r\u00e9e vers Air Alg\u00e9rie - La Sentinelle","robots":{"index":"index","follow":"follow","max-snippet":"max-snippet:-1","max-image-preview":"max-image-preview:large","max-video-preview":"max-video-preview:-1"},"canonical":"https:\/\/lasentinelle.dz\/index.php\/2025\/07\/17\/cpe-tassili-airlines-definitivement-transferee-vers-air-algerie\/","og_locale":"fr_FR","og_type":"article","og_title":"CPE: Tassili Airlines d\u00e9finitivement transf\u00e9r\u00e9e vers Air Alg\u00e9rie - La Sentinelle","og_description":"La cr\u00e9ation d&rsquo;une compagnie a\u00e9rienne domestique entre dans sa phase finale. Mercredi, le Premier ministre Nadir Larbaoui a pr\u00e9sid\u00e9 la","og_url":"https:\/\/lasentinelle.dz\/index.php\/2025\/07\/17\/cpe-tassili-airlines-definitivement-transferee-vers-air-algerie\/","og_site_name":"La Sentinelle","article_publisher":"https:\/\/www.facebook.com\/La-Sentinelle-104059864394773","article_published_time":"2025-07-17T09:35:00+00:00","article_modified_time":"2025-07-18T19:35:57+00:00","og_image":[{"width":600,"height":400,"url":"https:\/\/lasentinelle.dz\/wp-content\/uploads\/2024\/04\/tassili-airlines.jpeg","type":"image\/jpeg"}],"author":"admin","twitter_card":"summary_large_image","twitter_misc":{"\u00c9crit par":"admin","Dur\u00e9e de lecture estim\u00e9e":"2 minutes"},"schema":{"@context":"https:\/\/schema.org","@graph":[{"@type":"Article","@id":"https:\/\/lasentinelle.dz\/index.php\/2025\/07\/17\/cpe-tassili-airlines-definitivement-transferee-vers-air-algerie\/#article","isPartOf":{"@id":"https:\/\/lasentinelle.dz\/index.php\/2025\/07\/17\/cpe-tassili-airlines-definitivement-transferee-vers-air-algerie\/"},"author":{"name":"admin","@id":"https:\/\/lasentinelle.dz\/#\/schema\/person\/729ee0024f24e0b8c5ec17232f8e8b41"},"headline":"CPE: Tassili Airlines d\u00e9finitivement transf\u00e9r\u00e9e vers Air Alg\u00e9rie","datePublished":"2025-07-17T09:35:00+00:00","dateModified":"2025-07-18T19:35:57+00:00","mainEntityOfPage":{"@id":"https:\/\/lasentinelle.dz\/index.php\/2025\/07\/17\/cpe-tassili-airlines-definitivement-transferee-vers-air-algerie\/"},"wordCount":389,"commentCount":0,"publisher":{"@id":"https:\/\/lasentinelle.dz\/#organization"},"image":{"@id":"https:\/\/lasentinelle.dz\/index.php\/2025\/07\/17\/cpe-tassili-airlines-definitivement-transferee-vers-air-algerie\/#primaryimage"},"thumbnailUrl":"https:\/\/lasentinelle.dz\/wp-content\/uploads\/2024\/04\/tassili-airlines.jpeg","articleSection":["Actualit\u00e9"],"inLanguage":"fr-FR","potentialAction":[{"@type":"CommentAction","name":"Comment","target":["https:\/\/lasentinelle.dz\/index.php\/2025\/07\/17\/cpe-tassili-airlines-definitivement-transferee-vers-air-algerie\/#respond"]}]},{"@type":"WebPage","@id":"https:\/\/lasentinelle.dz\/index.php\/2025\/07\/17\/cpe-tassili-airlines-definitivement-transferee-vers-air-algerie\/","url":"https:\/\/lasentinelle.dz\/index.php\/2025\/07\/17\/cpe-tassili-airlines-definitivement-transferee-vers-air-algerie\/","name":"CPE: Tassili Airlines d\u00e9finitivement transf\u00e9r\u00e9e vers Air Alg\u00e9rie - La Sentinelle","isPartOf":{"@id":"https:\/\/lasentinelle.dz\/#website"},"primaryImageOfPage":{"@id":"https:\/\/lasentinelle.dz\/index.php\/2025\/07\/17\/cpe-tassili-airlines-definitivement-transferee-vers-air-algerie\/#primaryimage"},"image":{"@id":"https:\/\/lasentinelle.dz\/index.php\/2025\/07\/17\/cpe-tassili-airlines-definitivement-transferee-vers-air-algerie\/#primaryimage"},"thumbnailUrl":"https:\/\/lasentinelle.dz\/wp-content\/uploads\/2024\/04\/tassili-airlines.jpeg","datePublished":"2025-07-17T09:35:00+00:00","dateModified":"2025-07-18T19:35:57+00:00","breadcrumb":{"@id":"https:\/\/lasentinelle.dz\/index.php\/2025\/07\/17\/cpe-tassili-airlines-definitivement-transferee-vers-air-algerie\/#breadcrumb"},"inLanguage":"fr-FR","potentialAction":[{"@type":"ReadAction","target":["https:\/\/lasentinelle.dz\/index.php\/2025\/07\/17\/cpe-tassili-airlines-definitivement-transferee-vers-air-algerie\/"]}]},{"@type":"ImageObject","inLanguage":"fr-FR","@id":"https:\/\/lasentinelle.dz\/index.php\/2025\/07\/17\/cpe-tassili-airlines-definitivement-transferee-vers-air-algerie\/#primaryimage","url":"https:\/\/lasentinelle.dz\/wp-content\/uploads\/2024\/04\/tassili-airlines.jpeg","contentUrl":"https:\/\/lasentinelle.dz\/wp-content\/uploads\/2024\/04\/tassili-airlines.jpeg","width":600,"height":400},{"@type":"BreadcrumbList","@id":"https:\/\/lasentinelle.dz\/index.php\/2025\/07\/17\/cpe-tassili-airlines-definitivement-transferee-vers-air-algerie\/#breadcrumb","itemListElement":[{"@type":"ListItem","position":1,"name":"Accueil","item":"https:\/\/lasentinelle.dz\/"},{"@type":"ListItem","position":2,"name":"CPE: Tassili Airlines d\u00e9finitivement transf\u00e9r\u00e9e vers Air Alg\u00e9rie"}]},{"@type":"WebSite","@id":"https:\/\/lasentinelle.dz\/#website","url":"https:\/\/lasentinelle.dz\/","name":"La Sentinelle","description":"Quotidien national d&#039;information","publisher":{"@id":"https:\/\/lasentinelle.dz\/#organization"},"potentialAction":[{"@type":"SearchAction","target":{"@type":"EntryPoint","urlTemplate":"https:\/\/lasentinelle.dz\/?s={search_term_string}"},"query-input":{"@type":"PropertyValueSpecification","valueRequired":true,"valueName":"search_term_string"}}],"inLanguage":"fr-FR"},{"@type":"Organization","@id":"https:\/\/lasentinelle.dz\/#organization","name":"Quotidien La Sentinelle","url":"https:\/\/lasentinelle.dz\/","logo":{"@type":"ImageObject","inLanguage":"fr-FR","@id":"https:\/\/lasentinelle.dz\/#\/schema\/logo\/image\/","url":"https:\/\/lasentinelle.dz\/wp-content\/uploads\/2021\/09\/logo-sentinelleSLOGAN-1.png","contentUrl":"https:\/\/lasentinelle.dz\/wp-content\/uploads\/2021\/09\/logo-sentinelleSLOGAN-1.png","width":615,"height":142,"caption":"Quotidien La Sentinelle"},"image":{"@id":"https:\/\/lasentinelle.dz\/#\/schema\/logo\/image\/"},"sameAs":["https:\/\/www.facebook.com\/La-Sentinelle-104059864394773"]},{"@type":"Person","@id":"https:\/\/lasentinelle.dz\/#\/schema\/person\/729ee0024f24e0b8c5ec17232f8e8b41","name":"admin","image":{"@type":"ImageObject","inLanguage":"fr-FR","@id":"https:\/\/secure.gravatar.com\/avatar\/4c81fed838786e9b53f540bf46533e750f5d292099ae3b66cfc6fb1982e29df7?s=96&d=mm&r=g","url":"https:\/\/secure.gravatar.com\/avatar\/4c81fed838786e9b53f540bf46533e750f5d292099ae3b66cfc6fb1982e29df7?s=96&d=mm&r=g","contentUrl":"https:\/\/secure.gravatar.com\/avatar\/4c81fed838786e9b53f540bf46533e750f5d292099ae3b66cfc6fb1982e29df7?s=96&d=mm&r=g","caption":"admin"},"description":"admin","url":"https:\/\/lasentinelle.dz\/author\/admin\/"}]}},"_links":{"self":[{"href":"https:\/\/lasentinelle.dz\/index.php\/wp-json\/wp\/v2\/posts\/70512","targetHints":{"allow":["GET"]}}],"collection":[{"href":"https:\/\/lasentinelle.dz\/index.php\/wp-json\/wp\/v2\/posts"}],"about":[{"href":"https:\/\/lasentinelle.dz\/index.php\/wp-json\/wp\/v2\/types\/post"}],"author":[{"embeddable":true,"href":"https:\/\/lasentinelle.dz\/index.php\/wp-json\/wp\/v2\/users\/6"}],"replies":[{"embeddable":true,"href":"https:\/\/lasentinelle.dz\/index.php\/wp-json\/wp\/v2\/comments?post=70512"}],"version-history":[{"count":1,"href":"https:\/\/lasentinelle.dz\/index.php\/wp-json\/wp\/v2\/posts\/70512\/revisions"}],"predecessor-version":[{"id":70513,"href":"https:\/\/lasentinelle.dz\/index.php\/wp-json\/wp\/v2\/posts\/70512\/revisions\/70513"}],"wp:featuredmedia":[{"embeddable":true,"href":"https:\/\/lasentinelle.dz\/index.php\/wp-json\/wp\/v2\/media\/51471"}],"wp:attachment":[{"href":"https:\/\/lasentinelle.dz\/index.php\/wp-json\/wp\/v2\/media?parent=70512"}],"wp:term":[{"taxonomy":"category","embeddable":true,"href":"https:\/\/lasentinelle.dz\/index.php\/wp-json\/wp\/v2\/categories?post=70512"},{"taxonomy":"post_tag","embeddable":true,"href":"https:\/\/lasentinelle.dz\/index.php\/wp-json\/wp\/v2\/tags?post=70512"}],"curies":[{"name":"wp","href":"https:\/\/api.w.org\/{rel}","templated":true}]}}