{"id":70514,"date":"2025-07-17T10:36:00","date_gmt":"2025-07-17T09:36:00","guid":{"rendered":"https:\/\/lasentinelle.dz\/?p=70514"},"modified":"2025-07-18T20:36:44","modified_gmt":"2025-07-18T19:36:44","slug":"la-rentree-sociale-sur-la-table-du-gouvernement","status":"publish","type":"post","link":"https:\/\/lasentinelle.dz\/index.php\/2025\/07\/17\/la-rentree-sociale-sur-la-table-du-gouvernement\/","title":{"rendered":"La rentr\u00e9e sociale sur la table du Gouvernement"},"content":{"rendered":"\n<p><em>Le Premier ministre examine les pr\u00e9paratifs de la prochaine rentr\u00e9e et l&rsquo;\u00e9tat d&rsquo;avancement du programme de dessalement<\/em><em> d&rsquo;eau de mer.<\/em><\/p>\n\n\n\n<p>Le Premier ministre Nadir Larbaoui a pr\u00e9sid\u00e9 mercredi une r\u00e9union du Gouvernement particuli\u00e8rement dense, pla\u00e7ant la pr\u00e9paration de la rentr\u00e9e sociale 2025-2026 au c\u0153ur des pr\u00e9occupations gouvernementales. Cette s\u00e9ance de travail, qui s&rsquo;est tenue dans un contexte de pr\u00e9paration intensive des \u00e9ch\u00e9ances de septembre, a permis d&rsquo;examiner plusieurs dossiers strat\u00e9giques touchant directement \u00e0 la vie quotidienne des citoyens et aux grands projets structurants du pays.<\/p>\n\n\n\n<p>La rentr\u00e9e sociale a constitu\u00e9 l&rsquo;axe principal de cette r\u00e9union gouvernementale. Le Gouvernement a entendu \u00ab\u00a0une communication sur les pr\u00e9paratifs de la prochaine rentr\u00e9e de la formation professionnelle (session d&rsquo;octobre 2025), qui a permis l&rsquo;examen de diff\u00e9rentes mesures visant \u00e0 garantir une rentr\u00e9e dans les meilleures conditions possibles, notamment en mati\u00e8re d&rsquo;adaptation de l&rsquo;offre de formation aux besoins du march\u00e9 du travail et le renforcement de l&rsquo;encadrement p\u00e9dagogique\u00a0\u00bb, indique le communiqu\u00e9 des services du Premier ministre qui a sanctionn\u00e9 les travaux de la r\u00e9union. Cette approche r\u00e9v\u00e8le la volont\u00e9 des autorit\u00e9s d&rsquo;aligner l&rsquo;offre de formation sur les exigences du march\u00e9 de l&#8217;emploi et d&rsquo;am\u00e9liorer la qualit\u00e9 de l&rsquo;encadrement des apprenants.<\/p>\n\n\n\n<p>L&rsquo;approvisionnement en produits de premi\u00e8re n\u00e9cessit\u00e9 pour la rentr\u00e9e a \u00e9galement retenu l&rsquo;attention du Gouvernement. Les ministres ont entendu \u00ab\u00a0une communication sur les mesures prises pour garantir la disponibilit\u00e9 des articles scolaires et les produits de large consommation, et \u00e0 des prix abordables pour l&rsquo;ensemble des citoyens, en pr\u00e9vision de la rentr\u00e9e sociale 2025-2026\u00a0\u00bb. Cette d\u00e9marche pr\u00e9ventive vise \u00e0 \u00e9viter les tensions sur les prix et les ruptures d&rsquo;approvisionnement traditionnellement observ\u00e9es lors des p\u00e9riodes de forte demande.<\/p>\n\n\n\n<p>Le renforcement de l&rsquo;approvisionnement en eau potable a constitu\u00e9 un autre volet majeur de cette r\u00e9union. Le Gouvernement s&rsquo;est pench\u00e9 sur \u00ab\u00a0l&rsquo;examen de la situation des stations de dessalement d&rsquo;eau de mer r\u00e9alis\u00e9es dans le cadre du programme national compl\u00e9mentaire d\u00e9cid\u00e9 par Monsieur le pr\u00e9sident de la R\u00e9publique, ainsi qu&rsquo;\u00e0 l&rsquo;\u00e9tat d&rsquo;avancement des raccordements aval visant le renforcement de l&rsquo;approvisionnement en eau potable au profit des populations des wilayas\u00a0\u00bb. &nbsp;Rappelons dans ce contexte que le pr\u00e9sident de la R\u00e9publique Abdelmadjid Tebboune a inaugur\u00e9 cinq nouvelles stations de dessalement d&rsquo;eau de mer, portant la part de l&rsquo;eau dessal\u00e9e dans l&rsquo;approvisionnement en eau potable du pays de 18% \u00e0 42%. Chaque station a une capacit\u00e9 de 300 000 m\u00e8tres cubes par jour, ce qui signifie une capacit\u00e9 totale de 1,5 million de m\u00e8tres cubes par jour pour les cinq stations. &nbsp;Ces stations sont situ\u00e9es dans les wilayas d&rsquo;El Tarf, B\u00e9ja\u00efa, Boumerd\u00e8s, Tipaza et Oran. Gr\u00e2ce \u00e0 ces infrastructures, la production nationale d&rsquo;eau potable issue du dessalement est pass\u00e9e de 2,2 millions de m\u00e8tres cubes par jour \u00e0 3,7 millions de m\u00e8tres cubes par jour, permettant d&rsquo;approvisionner 15 millions de citoyens en eau potable.<\/p>\n\n\n\n<p>Le secteur agricole n&rsquo;a pas \u00e9t\u00e9 en reste dans cette r\u00e9union gouvernementale. Le Premier ministre et ses collaborateurs ont entendu \u00ab\u00a0un rapport d&rsquo;\u00e9tape sur l&rsquo;avancement de la campagne moisson-battage 2025, ayant port\u00e9 sur les principaux indicateurs relatifs aux ressources importantes d\u00e9ploy\u00e9es pour assurer le succ\u00e8s de cette op\u00e9ration et aux r\u00e9sultats satisfaisants obtenus, notamment dans les wilayas du sud\u00a0\u00bb. Cette \u00e9valuation positive de la campagne c\u00e9r\u00e9ali\u00e8re t\u00e9moigne de l&rsquo;efficacit\u00e9 des mesures prises pour soutenir la production agricole nationale. Les pr\u00e9paratifs de la prochaine campagne agricole ont \u00e9galement \u00e9t\u00e9 abord\u00e9s. Le Gouvernement a \u00ab\u00a0pass\u00e9 en revue les pr\u00e9paratifs en cours concernant la campagne labours-semailles 2025-2026, ainsi que les diff\u00e9rentes mesures prises pour garantir la r\u00e9alisation des objectifs strat\u00e9giques fix\u00e9s par Monsieur le pr\u00e9sident de la R\u00e9publique pour assurer la s\u00e9curit\u00e9 alimentaire\u00a0\u00bb. Cette anticipation s&rsquo;inscrit dans la strat\u00e9gie globale de renforcement de la souverainet\u00e9 alimentaire du pays.<\/p>\n\n\n\n<p>La gestion de la saison estivale a conclu cette r\u00e9union gouvernementale. Les ministres ont \u00ab\u00a0suivi le d\u00e9roulement de la saison estivale et examin\u00e9 la mise en \u0153uvre des diff\u00e9rentes mesures prises dans le cadre des plans d&rsquo;am\u00e9nagement, en vue d&rsquo;assurer le confort des estivants, notamment en ce qui concerne le renforcement de la s\u00e9curit\u00e9 des plages autoris\u00e9es \u00e0 la baignade\u00a0\u00bb. Cette pr\u00e9occupation t\u00e9moigne de l&rsquo;attention port\u00e9e par les autorit\u00e9s \u00e0 la qualit\u00e9 de l&rsquo;accueil touristique et \u00e0 la s\u00e9curit\u00e9 des citoyens durant la p\u00e9riode estivale.<\/p>\n\n\n\n<p>Hocine Fadheli<\/p>\n","protected":false},"excerpt":{"rendered":"<p>Le Premier ministre examine les pr\u00e9paratifs de la prochaine rentr\u00e9e et l&rsquo;\u00e9tat d&rsquo;avancement du programme de dessalement d&rsquo;eau de mer.<\/p>\n","protected":false},"author":6,"featured_media":69871,"comment_status":"open","ping_status":"closed","sticky":false,"template":"","format":"standard","meta":{"colormag_page_container_layout":"default_layout","colormag_page_sidebar_layout":"default_layout","om_disable_all_campaigns":false,"_monsterinsights_skip_tracking":false,"_monsterinsights_sitenote_active":false,"_monsterinsights_sitenote_note":"","_monsterinsights_sitenote_category":0,"footnotes":"","_wpscppro_dont_share_socialmedia":false,"_wpscppro_custom_social_share_image":0,"_facebook_share_type":"default","_twitter_share_type":"default","_linkedin_share_type":"default","_pinterest_share_type":"default","_linkedin_share_type_page":"","_instagram_share_type":"default","_medium_share_type":"default","_threads_share_type":"","_google_business_share_type":"","_selected_social_profile":[],"_wpsp_enable_custom_social_template":false,"_wpsp_social_scheduling":{"enabled":false,"datetime":null,"platforms":[],"status":"template_only","dateOption":"today","timeOption":"now","customDays":"","customHours":"","customDate":"","customTime":"","schedulingType":"absolute"},"_wpsp_active_default_template":true},"categories":[52,27],"tags":[],"class_list":["post-70514","post","type-post","status-publish","format-standard","has-post-thumbnail","hentry","category-a-la-une","category-actualite"],"aioseo_notices":[],"yoast_head":"<!-- This site is optimized with the Yoast SEO plugin v27.5 - https:\/\/yoast.com\/product\/yoast-seo-wordpress\/ -->\n<title>La rentr\u00e9e sociale sur la table du Gouvernement - La Sentinelle<\/title>\n<meta name=\"robots\" content=\"index, follow, max-snippet:-1, max-image-preview:large, max-video-preview:-1\" \/>\n<link rel=\"canonical\" href=\"https:\/\/lasentinelle.dz\/index.php\/2025\/07\/17\/la-rentree-sociale-sur-la-table-du-gouvernement\/\" \/>\n<meta property=\"og:locale\" content=\"fr_FR\" \/>\n<meta property=\"og:type\" content=\"article\" \/>\n<meta property=\"og:title\" content=\"La rentr\u00e9e sociale sur la table du Gouvernement - La Sentinelle\" \/>\n<meta property=\"og:description\" content=\"Le Premier ministre examine les pr\u00e9paratifs de la prochaine rentr\u00e9e et l&rsquo;\u00e9tat d&rsquo;avancement du programme de dessalement d&rsquo;eau de mer.\" \/>\n<meta property=\"og:url\" content=\"https:\/\/lasentinelle.dz\/index.php\/2025\/07\/17\/la-rentree-sociale-sur-la-table-du-gouvernement\/\" \/>\n<meta property=\"og:site_name\" content=\"La Sentinelle\" \/>\n<meta property=\"article:publisher\" content=\"https:\/\/www.facebook.com\/La-Sentinelle-104059864394773\" \/>\n<meta property=\"article:published_time\" content=\"2025-07-17T09:36:00+00:00\" \/>\n<meta property=\"article:modified_time\" content=\"2025-07-18T19:36:44+00:00\" \/>\n<meta property=\"og:image\" content=\"https:\/\/lasentinelle.dz\/wp-content\/uploads\/2025\/07\/Palais-du-gouvernement.jpg\" \/>\n\t<meta property=\"og:image:width\" content=\"1198\" \/>\n\t<meta property=\"og:image:height\" content=\"799\" \/>\n\t<meta property=\"og:image:type\" content=\"image\/jpeg\" \/>\n<meta name=\"author\" content=\"admin\" \/>\n<meta name=\"twitter:card\" content=\"summary_large_image\" \/>\n<meta name=\"twitter:label1\" content=\"\u00c9crit par\" \/>\n\t<meta name=\"twitter:data1\" content=\"admin\" \/>\n\t<meta name=\"twitter:label2\" content=\"Dur\u00e9e de lecture estim\u00e9e\" \/>\n\t<meta name=\"twitter:data2\" content=\"4 minutes\" \/>\n<script type=\"application\/ld+json\" class=\"yoast-schema-graph\">{\"@context\":\"https:\\\/\\\/schema.org\",\"@graph\":[{\"@type\":\"Article\",\"@id\":\"https:\\\/\\\/lasentinelle.dz\\\/index.php\\\/2025\\\/07\\\/17\\\/la-rentree-sociale-sur-la-table-du-gouvernement\\\/#article\",\"isPartOf\":{\"@id\":\"https:\\\/\\\/lasentinelle.dz\\\/index.php\\\/2025\\\/07\\\/17\\\/la-rentree-sociale-sur-la-table-du-gouvernement\\\/\"},\"author\":{\"name\":\"admin\",\"@id\":\"https:\\\/\\\/lasentinelle.dz\\\/#\\\/schema\\\/person\\\/729ee0024f24e0b8c5ec17232f8e8b41\"},\"headline\":\"La rentr\u00e9e sociale sur la table du Gouvernement\",\"datePublished\":\"2025-07-17T09:36:00+00:00\",\"dateModified\":\"2025-07-18T19:36:44+00:00\",\"mainEntityOfPage\":{\"@id\":\"https:\\\/\\\/lasentinelle.dz\\\/index.php\\\/2025\\\/07\\\/17\\\/la-rentree-sociale-sur-la-table-du-gouvernement\\\/\"},\"wordCount\":817,\"commentCount\":0,\"publisher\":{\"@id\":\"https:\\\/\\\/lasentinelle.dz\\\/#organization\"},\"image\":{\"@id\":\"https:\\\/\\\/lasentinelle.dz\\\/index.php\\\/2025\\\/07\\\/17\\\/la-rentree-sociale-sur-la-table-du-gouvernement\\\/#primaryimage\"},\"thumbnailUrl\":\"https:\\\/\\\/lasentinelle.dz\\\/wp-content\\\/uploads\\\/2025\\\/07\\\/Palais-du-gouvernement.jpg\",\"articleSection\":[\"\u00c0 la Une\",\"Actualit\u00e9\"],\"inLanguage\":\"fr-FR\",\"potentialAction\":[{\"@type\":\"CommentAction\",\"name\":\"Comment\",\"target\":[\"https:\\\/\\\/lasentinelle.dz\\\/index.php\\\/2025\\\/07\\\/17\\\/la-rentree-sociale-sur-la-table-du-gouvernement\\\/#respond\"]}]},{\"@type\":\"WebPage\",\"@id\":\"https:\\\/\\\/lasentinelle.dz\\\/index.php\\\/2025\\\/07\\\/17\\\/la-rentree-sociale-sur-la-table-du-gouvernement\\\/\",\"url\":\"https:\\\/\\\/lasentinelle.dz\\\/index.php\\\/2025\\\/07\\\/17\\\/la-rentree-sociale-sur-la-table-du-gouvernement\\\/\",\"name\":\"La rentr\u00e9e sociale sur la table du Gouvernement - La Sentinelle\",\"isPartOf\":{\"@id\":\"https:\\\/\\\/lasentinelle.dz\\\/#website\"},\"primaryImageOfPage\":{\"@id\":\"https:\\\/\\\/lasentinelle.dz\\\/index.php\\\/2025\\\/07\\\/17\\\/la-rentree-sociale-sur-la-table-du-gouvernement\\\/#primaryimage\"},\"image\":{\"@id\":\"https:\\\/\\\/lasentinelle.dz\\\/index.php\\\/2025\\\/07\\\/17\\\/la-rentree-sociale-sur-la-table-du-gouvernement\\\/#primaryimage\"},\"thumbnailUrl\":\"https:\\\/\\\/lasentinelle.dz\\\/wp-content\\\/uploads\\\/2025\\\/07\\\/Palais-du-gouvernement.jpg\",\"datePublished\":\"2025-07-17T09:36:00+00:00\",\"dateModified\":\"2025-07-18T19:36:44+00:00\",\"breadcrumb\":{\"@id\":\"https:\\\/\\\/lasentinelle.dz\\\/index.php\\\/2025\\\/07\\\/17\\\/la-rentree-sociale-sur-la-table-du-gouvernement\\\/#breadcrumb\"},\"inLanguage\":\"fr-FR\",\"potentialAction\":[{\"@type\":\"ReadAction\",\"target\":[\"https:\\\/\\\/lasentinelle.dz\\\/index.php\\\/2025\\\/07\\\/17\\\/la-rentree-sociale-sur-la-table-du-gouvernement\\\/\"]}]},{\"@type\":\"ImageObject\",\"inLanguage\":\"fr-FR\",\"@id\":\"https:\\\/\\\/lasentinelle.dz\\\/index.php\\\/2025\\\/07\\\/17\\\/la-rentree-sociale-sur-la-table-du-gouvernement\\\/#primaryimage\",\"url\":\"https:\\\/\\\/lasentinelle.dz\\\/wp-content\\\/uploads\\\/2025\\\/07\\\/Palais-du-gouvernement.jpg\",\"contentUrl\":\"https:\\\/\\\/lasentinelle.dz\\\/wp-content\\\/uploads\\\/2025\\\/07\\\/Palais-du-gouvernement.jpg\",\"width\":1198,\"height\":799},{\"@type\":\"BreadcrumbList\",\"@id\":\"https:\\\/\\\/lasentinelle.dz\\\/index.php\\\/2025\\\/07\\\/17\\\/la-rentree-sociale-sur-la-table-du-gouvernement\\\/#breadcrumb\",\"itemListElement\":[{\"@type\":\"ListItem\",\"position\":1,\"name\":\"Accueil\",\"item\":\"https:\\\/\\\/lasentinelle.dz\\\/\"},{\"@type\":\"ListItem\",\"position\":2,\"name\":\"La rentr\u00e9e sociale sur la table du Gouvernement\"}]},{\"@type\":\"WebSite\",\"@id\":\"https:\\\/\\\/lasentinelle.dz\\\/#website\",\"url\":\"https:\\\/\\\/lasentinelle.dz\\\/\",\"name\":\"La Sentinelle\",\"description\":\"Quotidien national d&#039;information\",\"publisher\":{\"@id\":\"https:\\\/\\\/lasentinelle.dz\\\/#organization\"},\"potentialAction\":[{\"@type\":\"SearchAction\",\"target\":{\"@type\":\"EntryPoint\",\"urlTemplate\":\"https:\\\/\\\/lasentinelle.dz\\\/?s={search_term_string}\"},\"query-input\":{\"@type\":\"PropertyValueSpecification\",\"valueRequired\":true,\"valueName\":\"search_term_string\"}}],\"inLanguage\":\"fr-FR\"},{\"@type\":\"Organization\",\"@id\":\"https:\\\/\\\/lasentinelle.dz\\\/#organization\",\"name\":\"Quotidien La Sentinelle\",\"url\":\"https:\\\/\\\/lasentinelle.dz\\\/\",\"logo\":{\"@type\":\"ImageObject\",\"inLanguage\":\"fr-FR\",\"@id\":\"https:\\\/\\\/lasentinelle.dz\\\/#\\\/schema\\\/logo\\\/image\\\/\",\"url\":\"https:\\\/\\\/lasentinelle.dz\\\/wp-content\\\/uploads\\\/2021\\\/09\\\/logo-sentinelleSLOGAN-1.png\",\"contentUrl\":\"https:\\\/\\\/lasentinelle.dz\\\/wp-content\\\/uploads\\\/2021\\\/09\\\/logo-sentinelleSLOGAN-1.png\",\"width\":615,\"height\":142,\"caption\":\"Quotidien La Sentinelle\"},\"image\":{\"@id\":\"https:\\\/\\\/lasentinelle.dz\\\/#\\\/schema\\\/logo\\\/image\\\/\"},\"sameAs\":[\"https:\\\/\\\/www.facebook.com\\\/La-Sentinelle-104059864394773\"]},{\"@type\":\"Person\",\"@id\":\"https:\\\/\\\/lasentinelle.dz\\\/#\\\/schema\\\/person\\\/729ee0024f24e0b8c5ec17232f8e8b41\",\"name\":\"admin\",\"image\":{\"@type\":\"ImageObject\",\"inLanguage\":\"fr-FR\",\"@id\":\"https:\\\/\\\/secure.gravatar.com\\\/avatar\\\/4c81fed838786e9b53f540bf46533e750f5d292099ae3b66cfc6fb1982e29df7?s=96&d=mm&r=g\",\"url\":\"https:\\\/\\\/secure.gravatar.com\\\/avatar\\\/4c81fed838786e9b53f540bf46533e750f5d292099ae3b66cfc6fb1982e29df7?s=96&d=mm&r=g\",\"contentUrl\":\"https:\\\/\\\/secure.gravatar.com\\\/avatar\\\/4c81fed838786e9b53f540bf46533e750f5d292099ae3b66cfc6fb1982e29df7?s=96&d=mm&r=g\",\"caption\":\"admin\"},\"description\":\"admin\",\"url\":\"https:\\\/\\\/lasentinelle.dz\\\/author\\\/admin\\\/\"}]}<\/script>\n<!-- \/ Yoast SEO plugin. -->","yoast_head_json":{"title":"La rentr\u00e9e sociale sur la table du Gouvernement - La Sentinelle","robots":{"index":"index","follow":"follow","max-snippet":"max-snippet:-1","max-image-preview":"max-image-preview:large","max-video-preview":"max-video-preview:-1"},"canonical":"https:\/\/lasentinelle.dz\/index.php\/2025\/07\/17\/la-rentree-sociale-sur-la-table-du-gouvernement\/","og_locale":"fr_FR","og_type":"article","og_title":"La rentr\u00e9e sociale sur la table du Gouvernement - La Sentinelle","og_description":"Le Premier ministre examine les pr\u00e9paratifs de la prochaine rentr\u00e9e et l&rsquo;\u00e9tat d&rsquo;avancement du programme de dessalement d&rsquo;eau de mer.","og_url":"https:\/\/lasentinelle.dz\/index.php\/2025\/07\/17\/la-rentree-sociale-sur-la-table-du-gouvernement\/","og_site_name":"La Sentinelle","article_publisher":"https:\/\/www.facebook.com\/La-Sentinelle-104059864394773","article_published_time":"2025-07-17T09:36:00+00:00","article_modified_time":"2025-07-18T19:36:44+00:00","og_image":[{"width":1198,"height":799,"url":"https:\/\/lasentinelle.dz\/wp-content\/uploads\/2025\/07\/Palais-du-gouvernement.jpg","type":"image\/jpeg"}],"author":"admin","twitter_card":"summary_large_image","twitter_misc":{"\u00c9crit par":"admin","Dur\u00e9e de lecture estim\u00e9e":"4 minutes"},"schema":{"@context":"https:\/\/schema.org","@graph":[{"@type":"Article","@id":"https:\/\/lasentinelle.dz\/index.php\/2025\/07\/17\/la-rentree-sociale-sur-la-table-du-gouvernement\/#article","isPartOf":{"@id":"https:\/\/lasentinelle.dz\/index.php\/2025\/07\/17\/la-rentree-sociale-sur-la-table-du-gouvernement\/"},"author":{"name":"admin","@id":"https:\/\/lasentinelle.dz\/#\/schema\/person\/729ee0024f24e0b8c5ec17232f8e8b41"},"headline":"La rentr\u00e9e sociale sur la table du Gouvernement","datePublished":"2025-07-17T09:36:00+00:00","dateModified":"2025-07-18T19:36:44+00:00","mainEntityOfPage":{"@id":"https:\/\/lasentinelle.dz\/index.php\/2025\/07\/17\/la-rentree-sociale-sur-la-table-du-gouvernement\/"},"wordCount":817,"commentCount":0,"publisher":{"@id":"https:\/\/lasentinelle.dz\/#organization"},"image":{"@id":"https:\/\/lasentinelle.dz\/index.php\/2025\/07\/17\/la-rentree-sociale-sur-la-table-du-gouvernement\/#primaryimage"},"thumbnailUrl":"https:\/\/lasentinelle.dz\/wp-content\/uploads\/2025\/07\/Palais-du-gouvernement.jpg","articleSection":["\u00c0 la Une","Actualit\u00e9"],"inLanguage":"fr-FR","potentialAction":[{"@type":"CommentAction","name":"Comment","target":["https:\/\/lasentinelle.dz\/index.php\/2025\/07\/17\/la-rentree-sociale-sur-la-table-du-gouvernement\/#respond"]}]},{"@type":"WebPage","@id":"https:\/\/lasentinelle.dz\/index.php\/2025\/07\/17\/la-rentree-sociale-sur-la-table-du-gouvernement\/","url":"https:\/\/lasentinelle.dz\/index.php\/2025\/07\/17\/la-rentree-sociale-sur-la-table-du-gouvernement\/","name":"La rentr\u00e9e sociale sur la table du Gouvernement - La Sentinelle","isPartOf":{"@id":"https:\/\/lasentinelle.dz\/#website"},"primaryImageOfPage":{"@id":"https:\/\/lasentinelle.dz\/index.php\/2025\/07\/17\/la-rentree-sociale-sur-la-table-du-gouvernement\/#primaryimage"},"image":{"@id":"https:\/\/lasentinelle.dz\/index.php\/2025\/07\/17\/la-rentree-sociale-sur-la-table-du-gouvernement\/#primaryimage"},"thumbnailUrl":"https:\/\/lasentinelle.dz\/wp-content\/uploads\/2025\/07\/Palais-du-gouvernement.jpg","datePublished":"2025-07-17T09:36:00+00:00","dateModified":"2025-07-18T19:36:44+00:00","breadcrumb":{"@id":"https:\/\/lasentinelle.dz\/index.php\/2025\/07\/17\/la-rentree-sociale-sur-la-table-du-gouvernement\/#breadcrumb"},"inLanguage":"fr-FR","potentialAction":[{"@type":"ReadAction","target":["https:\/\/lasentinelle.dz\/index.php\/2025\/07\/17\/la-rentree-sociale-sur-la-table-du-gouvernement\/"]}]},{"@type":"ImageObject","inLanguage":"fr-FR","@id":"https:\/\/lasentinelle.dz\/index.php\/2025\/07\/17\/la-rentree-sociale-sur-la-table-du-gouvernement\/#primaryimage","url":"https:\/\/lasentinelle.dz\/wp-content\/uploads\/2025\/07\/Palais-du-gouvernement.jpg","contentUrl":"https:\/\/lasentinelle.dz\/wp-content\/uploads\/2025\/07\/Palais-du-gouvernement.jpg","width":1198,"height":799},{"@type":"BreadcrumbList","@id":"https:\/\/lasentinelle.dz\/index.php\/2025\/07\/17\/la-rentree-sociale-sur-la-table-du-gouvernement\/#breadcrumb","itemListElement":[{"@type":"ListItem","position":1,"name":"Accueil","item":"https:\/\/lasentinelle.dz\/"},{"@type":"ListItem","position":2,"name":"La rentr\u00e9e sociale sur la table du Gouvernement"}]},{"@type":"WebSite","@id":"https:\/\/lasentinelle.dz\/#website","url":"https:\/\/lasentinelle.dz\/","name":"La Sentinelle","description":"Quotidien national d&#039;information","publisher":{"@id":"https:\/\/lasentinelle.dz\/#organization"},"potentialAction":[{"@type":"SearchAction","target":{"@type":"EntryPoint","urlTemplate":"https:\/\/lasentinelle.dz\/?s={search_term_string}"},"query-input":{"@type":"PropertyValueSpecification","valueRequired":true,"valueName":"search_term_string"}}],"inLanguage":"fr-FR"},{"@type":"Organization","@id":"https:\/\/lasentinelle.dz\/#organization","name":"Quotidien La Sentinelle","url":"https:\/\/lasentinelle.dz\/","logo":{"@type":"ImageObject","inLanguage":"fr-FR","@id":"https:\/\/lasentinelle.dz\/#\/schema\/logo\/image\/","url":"https:\/\/lasentinelle.dz\/wp-content\/uploads\/2021\/09\/logo-sentinelleSLOGAN-1.png","contentUrl":"https:\/\/lasentinelle.dz\/wp-content\/uploads\/2021\/09\/logo-sentinelleSLOGAN-1.png","width":615,"height":142,"caption":"Quotidien La Sentinelle"},"image":{"@id":"https:\/\/lasentinelle.dz\/#\/schema\/logo\/image\/"},"sameAs":["https:\/\/www.facebook.com\/La-Sentinelle-104059864394773"]},{"@type":"Person","@id":"https:\/\/lasentinelle.dz\/#\/schema\/person\/729ee0024f24e0b8c5ec17232f8e8b41","name":"admin","image":{"@type":"ImageObject","inLanguage":"fr-FR","@id":"https:\/\/secure.gravatar.com\/avatar\/4c81fed838786e9b53f540bf46533e750f5d292099ae3b66cfc6fb1982e29df7?s=96&d=mm&r=g","url":"https:\/\/secure.gravatar.com\/avatar\/4c81fed838786e9b53f540bf46533e750f5d292099ae3b66cfc6fb1982e29df7?s=96&d=mm&r=g","contentUrl":"https:\/\/secure.gravatar.com\/avatar\/4c81fed838786e9b53f540bf46533e750f5d292099ae3b66cfc6fb1982e29df7?s=96&d=mm&r=g","caption":"admin"},"description":"admin","url":"https:\/\/lasentinelle.dz\/author\/admin\/"}]}},"_links":{"self":[{"href":"https:\/\/lasentinelle.dz\/index.php\/wp-json\/wp\/v2\/posts\/70514","targetHints":{"allow":["GET"]}}],"collection":[{"href":"https:\/\/lasentinelle.dz\/index.php\/wp-json\/wp\/v2\/posts"}],"about":[{"href":"https:\/\/lasentinelle.dz\/index.php\/wp-json\/wp\/v2\/types\/post"}],"author":[{"embeddable":true,"href":"https:\/\/lasentinelle.dz\/index.php\/wp-json\/wp\/v2\/users\/6"}],"replies":[{"embeddable":true,"href":"https:\/\/lasentinelle.dz\/index.php\/wp-json\/wp\/v2\/comments?post=70514"}],"version-history":[{"count":1,"href":"https:\/\/lasentinelle.dz\/index.php\/wp-json\/wp\/v2\/posts\/70514\/revisions"}],"predecessor-version":[{"id":70515,"href":"https:\/\/lasentinelle.dz\/index.php\/wp-json\/wp\/v2\/posts\/70514\/revisions\/70515"}],"wp:featuredmedia":[{"embeddable":true,"href":"https:\/\/lasentinelle.dz\/index.php\/wp-json\/wp\/v2\/media\/69871"}],"wp:attachment":[{"href":"https:\/\/lasentinelle.dz\/index.php\/wp-json\/wp\/v2\/media?parent=70514"}],"wp:term":[{"taxonomy":"category","embeddable":true,"href":"https:\/\/lasentinelle.dz\/index.php\/wp-json\/wp\/v2\/categories?post=70514"},{"taxonomy":"post_tag","embeddable":true,"href":"https:\/\/lasentinelle.dz\/index.php\/wp-json\/wp\/v2\/tags?post=70514"}],"curies":[{"name":"wp","href":"https:\/\/api.w.org\/{rel}","templated":true}]}}