{"id":70516,"date":"2025-07-17T10:37:00","date_gmt":"2025-07-17T09:37:00","guid":{"rendered":"https:\/\/lasentinelle.dz\/?p=70516"},"modified":"2025-07-18T20:38:29","modified_gmt":"2025-07-18T19:38:29","slug":"bilan-operationnel-de-lanp-pres-de-55-kilos-de-cocaine-et-5-quintaux-de-kif-saisis-en-une-semaine","status":"publish","type":"post","link":"https:\/\/lasentinelle.dz\/index.php\/2025\/07\/17\/bilan-operationnel-de-lanp-pres-de-55-kilos-de-cocaine-et-5-quintaux-de-kif-saisis-en-une-semaine\/","title":{"rendered":"Bilan op\u00e9rationnel de l&rsquo;ANP : Pr\u00e8s de 55 kilos de coca\u00efne et 5 quintaux de kif saisis en une semaine"},"content":{"rendered":"\n<p>Les op\u00e9rations de lutte contre le narcotrafic et la criminalit\u00e9 transfrontali\u00e8re qui repr\u00e9sentent une v\u00e9ritable menace pour la s\u00e9curit\u00e9 nationale s&rsquo;intensifie. La d\u00e9termination des forces de l&rsquo;Arm\u00e9e nationale populaire \u00e0 faire barrage \u00e0 ces fl\u00e9aux se refl\u00e8te d&rsquo;ailleurs dans les bilans hebdomadaires publi\u00e9s par le minist\u00e8re de la D\u00e9fense nationale.<\/p>\n\n\n\n<p>Ainsi au titre de la p\u00e9riode allant du 9 au 15 juillet en cours, des d\u00e9tachements combin\u00e9s de l&rsquo;ANP ont, en coordination avec les diff\u00e9rents services de s\u00e9curit\u00e9, intercept\u00e9 43 narcotrafiquants et d\u00e9jou\u00e9 des tentatives d&rsquo;introduction via les fronti\u00e8res avec le Maroc de 3,93 quintaux de kif trait\u00e9, a r\u00e9v\u00e9l\u00e9 communiqu\u00e9 du MDN publi\u00e9 hier.<\/p>\n\n\n\n<p>Au titre des m\u00eames op\u00e9rations, ont \u00e9t\u00e9 saisies en 4e R\u00e9gion Militaire 54,77 kg de coca\u00efne, alors que 320 430 comprim\u00e9s psychotropes ont \u00e9t\u00e9 saisis lors d&rsquo;op\u00e9rations men\u00e9es \u00e0 travers les R\u00e9gions Militaires, a ajout\u00e9 ledit document.<\/p>\n\n\n\n<p>Au volet de la lutte contre l&rsquo;orpaillage illicite, la contrebande et la sp\u00e9culation, des d\u00e9tachements de l&rsquo;ANP ont arr\u00eat\u00e9 \u00e0 Tamanrasset, In Guezzam, Bordj Badji Mokhtar, In Salah, Djanet et Illizi 308 individus et saisi 32 v\u00e9hicules, 230 groupes \u00e9lectrog\u00e8nes, 150 marteaux piqueurs, 05 d\u00e9tecteurs de m\u00e9taux, ainsi que des quantit\u00e9s de m\u00e9lange d&rsquo;or brut et de pierres, d&rsquo;explosifs, d&rsquo;outils de d\u00e9tonation et d&rsquo;\u00e9quipements utilis\u00e9s dans des op\u00e9rations d&rsquo;orpaillage illicite. Autres d\u00e9tails apport\u00e9s dans le m\u00eame bilan : l&rsquo;arrestation, lors de diff\u00e9rentes op\u00e9rations, de 7 autres individus contrebandiers. Leur arrestation s&rsquo;est sold\u00e9e par la saisie de 3 fusils de chasse, ainsi que 219 280 litres de carburants, 5,43 quintaux de tabacs et 5 tonnes de denr\u00e9es alimentaires destin\u00e9es \u00e0 la contrebande et la sp\u00e9culation.<\/p>\n\n\n\n<p>Dans un autre contexte, en rapport avec la lutte contre l&rsquo;\u00e9migration clandestine, la m\u00eame source a indiqu\u00e9 qu&rsquo;au titre de la m\u00eame p\u00e9riode, les Garde-c\u00f4tes ont d\u00e9jou\u00e9 au niveau des c\u00f4tes nationales des tentatives d&rsquo;\u00e9migration clandestine et proc\u00e9d\u00e9 au sauvetage de 58 individus se trouvant \u00e0 bord d&#8217;embarcations de construction artisanale.<\/p>\n\n\n\n<p>Par ailleurs, pas moins de 136 immigrants clandestins subsahariens de diff\u00e9rentes nationalit\u00e9s ont \u00e9t\u00e9 arr\u00eat\u00e9s \u00e0 travers le territoire national, a conclu le communiqu\u00e9 du minist\u00e8re de la D\u00e9fense Nationale.<\/p>\n\n\n\n<p><em>S<\/em><em>. C<\/em><em>.<\/em><\/p>\n","protected":false},"excerpt":{"rendered":"<p>Les op\u00e9rations de lutte contre le narcotrafic et la criminalit\u00e9 transfrontali\u00e8re qui repr\u00e9sentent une v\u00e9ritable menace pour la s\u00e9curit\u00e9 nationale<\/p>\n","protected":false},"author":6,"featured_media":42978,"comment_status":"open","ping_status":"closed","sticky":false,"template":"","format":"standard","meta":{"colormag_page_container_layout":"default_layout","colormag_page_sidebar_layout":"default_layout","om_disable_all_campaigns":false,"_monsterinsights_skip_tracking":false,"_monsterinsights_sitenote_active":false,"_monsterinsights_sitenote_note":"","_monsterinsights_sitenote_category":0,"footnotes":"","_wpscppro_dont_share_socialmedia":false,"_wpscppro_custom_social_share_image":0,"_facebook_share_type":"default","_twitter_share_type":"default","_linkedin_share_type":"default","_pinterest_share_type":"default","_linkedin_share_type_page":"","_instagram_share_type":"default","_medium_share_type":"default","_threads_share_type":"","_google_business_share_type":"","_selected_social_profile":[],"_wpsp_enable_custom_social_template":false,"_wpsp_social_scheduling":{"enabled":false,"datetime":null,"platforms":[],"status":"template_only","dateOption":"today","timeOption":"now","customDays":"","customHours":"","customDate":"","customTime":"","schedulingType":"absolute"},"_wpsp_active_default_template":true},"categories":[27],"tags":[],"class_list":["post-70516","post","type-post","status-publish","format-standard","has-post-thumbnail","hentry","category-actualite"],"aioseo_notices":[],"yoast_head":"<!-- This site is optimized with the Yoast SEO plugin v27.5 - https:\/\/yoast.com\/product\/yoast-seo-wordpress\/ -->\n<title>Bilan op\u00e9rationnel de l&rsquo;ANP : Pr\u00e8s de 55 kilos de coca\u00efne et 5 quintaux de kif saisis en une semaine - La Sentinelle<\/title>\n<meta name=\"robots\" content=\"index, follow, max-snippet:-1, max-image-preview:large, max-video-preview:-1\" \/>\n<link rel=\"canonical\" href=\"https:\/\/lasentinelle.dz\/index.php\/2025\/07\/17\/bilan-operationnel-de-lanp-pres-de-55-kilos-de-cocaine-et-5-quintaux-de-kif-saisis-en-une-semaine\/\" \/>\n<meta property=\"og:locale\" content=\"fr_FR\" \/>\n<meta property=\"og:type\" content=\"article\" \/>\n<meta property=\"og:title\" content=\"Bilan op\u00e9rationnel de l&rsquo;ANP : Pr\u00e8s de 55 kilos de coca\u00efne et 5 quintaux de kif saisis en une semaine - La Sentinelle\" \/>\n<meta property=\"og:description\" content=\"Les op\u00e9rations de lutte contre le narcotrafic et la criminalit\u00e9 transfrontali\u00e8re qui repr\u00e9sentent une v\u00e9ritable menace pour la s\u00e9curit\u00e9 nationale\" \/>\n<meta property=\"og:url\" content=\"https:\/\/lasentinelle.dz\/index.php\/2025\/07\/17\/bilan-operationnel-de-lanp-pres-de-55-kilos-de-cocaine-et-5-quintaux-de-kif-saisis-en-une-semaine\/\" \/>\n<meta property=\"og:site_name\" content=\"La Sentinelle\" \/>\n<meta property=\"article:publisher\" content=\"https:\/\/www.facebook.com\/La-Sentinelle-104059864394773\" \/>\n<meta property=\"article:published_time\" content=\"2025-07-17T09:37:00+00:00\" \/>\n<meta property=\"article:modified_time\" content=\"2025-07-18T19:38:29+00:00\" \/>\n<meta property=\"og:image\" content=\"https:\/\/lasentinelle.dz\/wp-content\/uploads\/2023\/06\/kif.jpg\" \/>\n\t<meta property=\"og:image:width\" content=\"1210\" \/>\n\t<meta property=\"og:image:height\" content=\"682\" \/>\n\t<meta property=\"og:image:type\" content=\"image\/jpeg\" \/>\n<meta name=\"author\" content=\"admin\" \/>\n<meta name=\"twitter:card\" content=\"summary_large_image\" \/>\n<meta name=\"twitter:label1\" content=\"\u00c9crit par\" \/>\n\t<meta name=\"twitter:data1\" content=\"admin\" \/>\n\t<meta name=\"twitter:label2\" content=\"Dur\u00e9e de lecture estim\u00e9e\" \/>\n\t<meta name=\"twitter:data2\" content=\"2 minutes\" \/>\n<script type=\"application\/ld+json\" class=\"yoast-schema-graph\">{\"@context\":\"https:\\\/\\\/schema.org\",\"@graph\":[{\"@type\":\"Article\",\"@id\":\"https:\\\/\\\/lasentinelle.dz\\\/index.php\\\/2025\\\/07\\\/17\\\/bilan-operationnel-de-lanp-pres-de-55-kilos-de-cocaine-et-5-quintaux-de-kif-saisis-en-une-semaine\\\/#article\",\"isPartOf\":{\"@id\":\"https:\\\/\\\/lasentinelle.dz\\\/index.php\\\/2025\\\/07\\\/17\\\/bilan-operationnel-de-lanp-pres-de-55-kilos-de-cocaine-et-5-quintaux-de-kif-saisis-en-une-semaine\\\/\"},\"author\":{\"name\":\"admin\",\"@id\":\"https:\\\/\\\/lasentinelle.dz\\\/#\\\/schema\\\/person\\\/729ee0024f24e0b8c5ec17232f8e8b41\"},\"headline\":\"Bilan op\u00e9rationnel de l&rsquo;ANP : Pr\u00e8s de 55 kilos de coca\u00efne et 5 quintaux de kif saisis en une semaine\",\"datePublished\":\"2025-07-17T09:37:00+00:00\",\"dateModified\":\"2025-07-18T19:38:29+00:00\",\"mainEntityOfPage\":{\"@id\":\"https:\\\/\\\/lasentinelle.dz\\\/index.php\\\/2025\\\/07\\\/17\\\/bilan-operationnel-de-lanp-pres-de-55-kilos-de-cocaine-et-5-quintaux-de-kif-saisis-en-une-semaine\\\/\"},\"wordCount\":425,\"commentCount\":0,\"publisher\":{\"@id\":\"https:\\\/\\\/lasentinelle.dz\\\/#organization\"},\"image\":{\"@id\":\"https:\\\/\\\/lasentinelle.dz\\\/index.php\\\/2025\\\/07\\\/17\\\/bilan-operationnel-de-lanp-pres-de-55-kilos-de-cocaine-et-5-quintaux-de-kif-saisis-en-une-semaine\\\/#primaryimage\"},\"thumbnailUrl\":\"https:\\\/\\\/lasentinelle.dz\\\/wp-content\\\/uploads\\\/2023\\\/06\\\/kif.jpg\",\"articleSection\":[\"Actualit\u00e9\"],\"inLanguage\":\"fr-FR\",\"potentialAction\":[{\"@type\":\"CommentAction\",\"name\":\"Comment\",\"target\":[\"https:\\\/\\\/lasentinelle.dz\\\/index.php\\\/2025\\\/07\\\/17\\\/bilan-operationnel-de-lanp-pres-de-55-kilos-de-cocaine-et-5-quintaux-de-kif-saisis-en-une-semaine\\\/#respond\"]}]},{\"@type\":\"WebPage\",\"@id\":\"https:\\\/\\\/lasentinelle.dz\\\/index.php\\\/2025\\\/07\\\/17\\\/bilan-operationnel-de-lanp-pres-de-55-kilos-de-cocaine-et-5-quintaux-de-kif-saisis-en-une-semaine\\\/\",\"url\":\"https:\\\/\\\/lasentinelle.dz\\\/index.php\\\/2025\\\/07\\\/17\\\/bilan-operationnel-de-lanp-pres-de-55-kilos-de-cocaine-et-5-quintaux-de-kif-saisis-en-une-semaine\\\/\",\"name\":\"Bilan op\u00e9rationnel de l&rsquo;ANP : Pr\u00e8s de 55 kilos de coca\u00efne et 5 quintaux de kif saisis en une semaine - La Sentinelle\",\"isPartOf\":{\"@id\":\"https:\\\/\\\/lasentinelle.dz\\\/#website\"},\"primaryImageOfPage\":{\"@id\":\"https:\\\/\\\/lasentinelle.dz\\\/index.php\\\/2025\\\/07\\\/17\\\/bilan-operationnel-de-lanp-pres-de-55-kilos-de-cocaine-et-5-quintaux-de-kif-saisis-en-une-semaine\\\/#primaryimage\"},\"image\":{\"@id\":\"https:\\\/\\\/lasentinelle.dz\\\/index.php\\\/2025\\\/07\\\/17\\\/bilan-operationnel-de-lanp-pres-de-55-kilos-de-cocaine-et-5-quintaux-de-kif-saisis-en-une-semaine\\\/#primaryimage\"},\"thumbnailUrl\":\"https:\\\/\\\/lasentinelle.dz\\\/wp-content\\\/uploads\\\/2023\\\/06\\\/kif.jpg\",\"datePublished\":\"2025-07-17T09:37:00+00:00\",\"dateModified\":\"2025-07-18T19:38:29+00:00\",\"breadcrumb\":{\"@id\":\"https:\\\/\\\/lasentinelle.dz\\\/index.php\\\/2025\\\/07\\\/17\\\/bilan-operationnel-de-lanp-pres-de-55-kilos-de-cocaine-et-5-quintaux-de-kif-saisis-en-une-semaine\\\/#breadcrumb\"},\"inLanguage\":\"fr-FR\",\"potentialAction\":[{\"@type\":\"ReadAction\",\"target\":[\"https:\\\/\\\/lasentinelle.dz\\\/index.php\\\/2025\\\/07\\\/17\\\/bilan-operationnel-de-lanp-pres-de-55-kilos-de-cocaine-et-5-quintaux-de-kif-saisis-en-une-semaine\\\/\"]}]},{\"@type\":\"ImageObject\",\"inLanguage\":\"fr-FR\",\"@id\":\"https:\\\/\\\/lasentinelle.dz\\\/index.php\\\/2025\\\/07\\\/17\\\/bilan-operationnel-de-lanp-pres-de-55-kilos-de-cocaine-et-5-quintaux-de-kif-saisis-en-une-semaine\\\/#primaryimage\",\"url\":\"https:\\\/\\\/lasentinelle.dz\\\/wp-content\\\/uploads\\\/2023\\\/06\\\/kif.jpg\",\"contentUrl\":\"https:\\\/\\\/lasentinelle.dz\\\/wp-content\\\/uploads\\\/2023\\\/06\\\/kif.jpg\",\"width\":1210,\"height\":682},{\"@type\":\"BreadcrumbList\",\"@id\":\"https:\\\/\\\/lasentinelle.dz\\\/index.php\\\/2025\\\/07\\\/17\\\/bilan-operationnel-de-lanp-pres-de-55-kilos-de-cocaine-et-5-quintaux-de-kif-saisis-en-une-semaine\\\/#breadcrumb\",\"itemListElement\":[{\"@type\":\"ListItem\",\"position\":1,\"name\":\"Accueil\",\"item\":\"https:\\\/\\\/lasentinelle.dz\\\/\"},{\"@type\":\"ListItem\",\"position\":2,\"name\":\"Bilan op\u00e9rationnel de l&rsquo;ANP : Pr\u00e8s de 55 kilos de coca\u00efne et 5 quintaux de kif saisis en une semaine\"}]},{\"@type\":\"WebSite\",\"@id\":\"https:\\\/\\\/lasentinelle.dz\\\/#website\",\"url\":\"https:\\\/\\\/lasentinelle.dz\\\/\",\"name\":\"La Sentinelle\",\"description\":\"Quotidien national d&#039;information\",\"publisher\":{\"@id\":\"https:\\\/\\\/lasentinelle.dz\\\/#organization\"},\"potentialAction\":[{\"@type\":\"SearchAction\",\"target\":{\"@type\":\"EntryPoint\",\"urlTemplate\":\"https:\\\/\\\/lasentinelle.dz\\\/?s={search_term_string}\"},\"query-input\":{\"@type\":\"PropertyValueSpecification\",\"valueRequired\":true,\"valueName\":\"search_term_string\"}}],\"inLanguage\":\"fr-FR\"},{\"@type\":\"Organization\",\"@id\":\"https:\\\/\\\/lasentinelle.dz\\\/#organization\",\"name\":\"Quotidien La Sentinelle\",\"url\":\"https:\\\/\\\/lasentinelle.dz\\\/\",\"logo\":{\"@type\":\"ImageObject\",\"inLanguage\":\"fr-FR\",\"@id\":\"https:\\\/\\\/lasentinelle.dz\\\/#\\\/schema\\\/logo\\\/image\\\/\",\"url\":\"https:\\\/\\\/lasentinelle.dz\\\/wp-content\\\/uploads\\\/2021\\\/09\\\/logo-sentinelleSLOGAN-1.png\",\"contentUrl\":\"https:\\\/\\\/lasentinelle.dz\\\/wp-content\\\/uploads\\\/2021\\\/09\\\/logo-sentinelleSLOGAN-1.png\",\"width\":615,\"height\":142,\"caption\":\"Quotidien La Sentinelle\"},\"image\":{\"@id\":\"https:\\\/\\\/lasentinelle.dz\\\/#\\\/schema\\\/logo\\\/image\\\/\"},\"sameAs\":[\"https:\\\/\\\/www.facebook.com\\\/La-Sentinelle-104059864394773\"]},{\"@type\":\"Person\",\"@id\":\"https:\\\/\\\/lasentinelle.dz\\\/#\\\/schema\\\/person\\\/729ee0024f24e0b8c5ec17232f8e8b41\",\"name\":\"admin\",\"image\":{\"@type\":\"ImageObject\",\"inLanguage\":\"fr-FR\",\"@id\":\"https:\\\/\\\/secure.gravatar.com\\\/avatar\\\/4c81fed838786e9b53f540bf46533e750f5d292099ae3b66cfc6fb1982e29df7?s=96&d=mm&r=g\",\"url\":\"https:\\\/\\\/secure.gravatar.com\\\/avatar\\\/4c81fed838786e9b53f540bf46533e750f5d292099ae3b66cfc6fb1982e29df7?s=96&d=mm&r=g\",\"contentUrl\":\"https:\\\/\\\/secure.gravatar.com\\\/avatar\\\/4c81fed838786e9b53f540bf46533e750f5d292099ae3b66cfc6fb1982e29df7?s=96&d=mm&r=g\",\"caption\":\"admin\"},\"description\":\"admin\",\"url\":\"https:\\\/\\\/lasentinelle.dz\\\/author\\\/admin\\\/\"}]}<\/script>\n<!-- \/ Yoast SEO plugin. -->","yoast_head_json":{"title":"Bilan op\u00e9rationnel de l&rsquo;ANP : Pr\u00e8s de 55 kilos de coca\u00efne et 5 quintaux de kif saisis en une semaine - La Sentinelle","robots":{"index":"index","follow":"follow","max-snippet":"max-snippet:-1","max-image-preview":"max-image-preview:large","max-video-preview":"max-video-preview:-1"},"canonical":"https:\/\/lasentinelle.dz\/index.php\/2025\/07\/17\/bilan-operationnel-de-lanp-pres-de-55-kilos-de-cocaine-et-5-quintaux-de-kif-saisis-en-une-semaine\/","og_locale":"fr_FR","og_type":"article","og_title":"Bilan op\u00e9rationnel de l&rsquo;ANP : Pr\u00e8s de 55 kilos de coca\u00efne et 5 quintaux de kif saisis en une semaine - La Sentinelle","og_description":"Les op\u00e9rations de lutte contre le narcotrafic et la criminalit\u00e9 transfrontali\u00e8re qui repr\u00e9sentent une v\u00e9ritable menace pour la s\u00e9curit\u00e9 nationale","og_url":"https:\/\/lasentinelle.dz\/index.php\/2025\/07\/17\/bilan-operationnel-de-lanp-pres-de-55-kilos-de-cocaine-et-5-quintaux-de-kif-saisis-en-une-semaine\/","og_site_name":"La Sentinelle","article_publisher":"https:\/\/www.facebook.com\/La-Sentinelle-104059864394773","article_published_time":"2025-07-17T09:37:00+00:00","article_modified_time":"2025-07-18T19:38:29+00:00","og_image":[{"width":1210,"height":682,"url":"https:\/\/lasentinelle.dz\/wp-content\/uploads\/2023\/06\/kif.jpg","type":"image\/jpeg"}],"author":"admin","twitter_card":"summary_large_image","twitter_misc":{"\u00c9crit par":"admin","Dur\u00e9e de lecture estim\u00e9e":"2 minutes"},"schema":{"@context":"https:\/\/schema.org","@graph":[{"@type":"Article","@id":"https:\/\/lasentinelle.dz\/index.php\/2025\/07\/17\/bilan-operationnel-de-lanp-pres-de-55-kilos-de-cocaine-et-5-quintaux-de-kif-saisis-en-une-semaine\/#article","isPartOf":{"@id":"https:\/\/lasentinelle.dz\/index.php\/2025\/07\/17\/bilan-operationnel-de-lanp-pres-de-55-kilos-de-cocaine-et-5-quintaux-de-kif-saisis-en-une-semaine\/"},"author":{"name":"admin","@id":"https:\/\/lasentinelle.dz\/#\/schema\/person\/729ee0024f24e0b8c5ec17232f8e8b41"},"headline":"Bilan op\u00e9rationnel de l&rsquo;ANP : Pr\u00e8s de 55 kilos de coca\u00efne et 5 quintaux de kif saisis en une semaine","datePublished":"2025-07-17T09:37:00+00:00","dateModified":"2025-07-18T19:38:29+00:00","mainEntityOfPage":{"@id":"https:\/\/lasentinelle.dz\/index.php\/2025\/07\/17\/bilan-operationnel-de-lanp-pres-de-55-kilos-de-cocaine-et-5-quintaux-de-kif-saisis-en-une-semaine\/"},"wordCount":425,"commentCount":0,"publisher":{"@id":"https:\/\/lasentinelle.dz\/#organization"},"image":{"@id":"https:\/\/lasentinelle.dz\/index.php\/2025\/07\/17\/bilan-operationnel-de-lanp-pres-de-55-kilos-de-cocaine-et-5-quintaux-de-kif-saisis-en-une-semaine\/#primaryimage"},"thumbnailUrl":"https:\/\/lasentinelle.dz\/wp-content\/uploads\/2023\/06\/kif.jpg","articleSection":["Actualit\u00e9"],"inLanguage":"fr-FR","potentialAction":[{"@type":"CommentAction","name":"Comment","target":["https:\/\/lasentinelle.dz\/index.php\/2025\/07\/17\/bilan-operationnel-de-lanp-pres-de-55-kilos-de-cocaine-et-5-quintaux-de-kif-saisis-en-une-semaine\/#respond"]}]},{"@type":"WebPage","@id":"https:\/\/lasentinelle.dz\/index.php\/2025\/07\/17\/bilan-operationnel-de-lanp-pres-de-55-kilos-de-cocaine-et-5-quintaux-de-kif-saisis-en-une-semaine\/","url":"https:\/\/lasentinelle.dz\/index.php\/2025\/07\/17\/bilan-operationnel-de-lanp-pres-de-55-kilos-de-cocaine-et-5-quintaux-de-kif-saisis-en-une-semaine\/","name":"Bilan op\u00e9rationnel de l&rsquo;ANP : Pr\u00e8s de 55 kilos de coca\u00efne et 5 quintaux de kif saisis en une semaine - La Sentinelle","isPartOf":{"@id":"https:\/\/lasentinelle.dz\/#website"},"primaryImageOfPage":{"@id":"https:\/\/lasentinelle.dz\/index.php\/2025\/07\/17\/bilan-operationnel-de-lanp-pres-de-55-kilos-de-cocaine-et-5-quintaux-de-kif-saisis-en-une-semaine\/#primaryimage"},"image":{"@id":"https:\/\/lasentinelle.dz\/index.php\/2025\/07\/17\/bilan-operationnel-de-lanp-pres-de-55-kilos-de-cocaine-et-5-quintaux-de-kif-saisis-en-une-semaine\/#primaryimage"},"thumbnailUrl":"https:\/\/lasentinelle.dz\/wp-content\/uploads\/2023\/06\/kif.jpg","datePublished":"2025-07-17T09:37:00+00:00","dateModified":"2025-07-18T19:38:29+00:00","breadcrumb":{"@id":"https:\/\/lasentinelle.dz\/index.php\/2025\/07\/17\/bilan-operationnel-de-lanp-pres-de-55-kilos-de-cocaine-et-5-quintaux-de-kif-saisis-en-une-semaine\/#breadcrumb"},"inLanguage":"fr-FR","potentialAction":[{"@type":"ReadAction","target":["https:\/\/lasentinelle.dz\/index.php\/2025\/07\/17\/bilan-operationnel-de-lanp-pres-de-55-kilos-de-cocaine-et-5-quintaux-de-kif-saisis-en-une-semaine\/"]}]},{"@type":"ImageObject","inLanguage":"fr-FR","@id":"https:\/\/lasentinelle.dz\/index.php\/2025\/07\/17\/bilan-operationnel-de-lanp-pres-de-55-kilos-de-cocaine-et-5-quintaux-de-kif-saisis-en-une-semaine\/#primaryimage","url":"https:\/\/lasentinelle.dz\/wp-content\/uploads\/2023\/06\/kif.jpg","contentUrl":"https:\/\/lasentinelle.dz\/wp-content\/uploads\/2023\/06\/kif.jpg","width":1210,"height":682},{"@type":"BreadcrumbList","@id":"https:\/\/lasentinelle.dz\/index.php\/2025\/07\/17\/bilan-operationnel-de-lanp-pres-de-55-kilos-de-cocaine-et-5-quintaux-de-kif-saisis-en-une-semaine\/#breadcrumb","itemListElement":[{"@type":"ListItem","position":1,"name":"Accueil","item":"https:\/\/lasentinelle.dz\/"},{"@type":"ListItem","position":2,"name":"Bilan op\u00e9rationnel de l&rsquo;ANP : Pr\u00e8s de 55 kilos de coca\u00efne et 5 quintaux de kif saisis en une semaine"}]},{"@type":"WebSite","@id":"https:\/\/lasentinelle.dz\/#website","url":"https:\/\/lasentinelle.dz\/","name":"La Sentinelle","description":"Quotidien national d&#039;information","publisher":{"@id":"https:\/\/lasentinelle.dz\/#organization"},"potentialAction":[{"@type":"SearchAction","target":{"@type":"EntryPoint","urlTemplate":"https:\/\/lasentinelle.dz\/?s={search_term_string}"},"query-input":{"@type":"PropertyValueSpecification","valueRequired":true,"valueName":"search_term_string"}}],"inLanguage":"fr-FR"},{"@type":"Organization","@id":"https:\/\/lasentinelle.dz\/#organization","name":"Quotidien La Sentinelle","url":"https:\/\/lasentinelle.dz\/","logo":{"@type":"ImageObject","inLanguage":"fr-FR","@id":"https:\/\/lasentinelle.dz\/#\/schema\/logo\/image\/","url":"https:\/\/lasentinelle.dz\/wp-content\/uploads\/2021\/09\/logo-sentinelleSLOGAN-1.png","contentUrl":"https:\/\/lasentinelle.dz\/wp-content\/uploads\/2021\/09\/logo-sentinelleSLOGAN-1.png","width":615,"height":142,"caption":"Quotidien La Sentinelle"},"image":{"@id":"https:\/\/lasentinelle.dz\/#\/schema\/logo\/image\/"},"sameAs":["https:\/\/www.facebook.com\/La-Sentinelle-104059864394773"]},{"@type":"Person","@id":"https:\/\/lasentinelle.dz\/#\/schema\/person\/729ee0024f24e0b8c5ec17232f8e8b41","name":"admin","image":{"@type":"ImageObject","inLanguage":"fr-FR","@id":"https:\/\/secure.gravatar.com\/avatar\/4c81fed838786e9b53f540bf46533e750f5d292099ae3b66cfc6fb1982e29df7?s=96&d=mm&r=g","url":"https:\/\/secure.gravatar.com\/avatar\/4c81fed838786e9b53f540bf46533e750f5d292099ae3b66cfc6fb1982e29df7?s=96&d=mm&r=g","contentUrl":"https:\/\/secure.gravatar.com\/avatar\/4c81fed838786e9b53f540bf46533e750f5d292099ae3b66cfc6fb1982e29df7?s=96&d=mm&r=g","caption":"admin"},"description":"admin","url":"https:\/\/lasentinelle.dz\/author\/admin\/"}]}},"_links":{"self":[{"href":"https:\/\/lasentinelle.dz\/index.php\/wp-json\/wp\/v2\/posts\/70516","targetHints":{"allow":["GET"]}}],"collection":[{"href":"https:\/\/lasentinelle.dz\/index.php\/wp-json\/wp\/v2\/posts"}],"about":[{"href":"https:\/\/lasentinelle.dz\/index.php\/wp-json\/wp\/v2\/types\/post"}],"author":[{"embeddable":true,"href":"https:\/\/lasentinelle.dz\/index.php\/wp-json\/wp\/v2\/users\/6"}],"replies":[{"embeddable":true,"href":"https:\/\/lasentinelle.dz\/index.php\/wp-json\/wp\/v2\/comments?post=70516"}],"version-history":[{"count":2,"href":"https:\/\/lasentinelle.dz\/index.php\/wp-json\/wp\/v2\/posts\/70516\/revisions"}],"predecessor-version":[{"id":70518,"href":"https:\/\/lasentinelle.dz\/index.php\/wp-json\/wp\/v2\/posts\/70516\/revisions\/70518"}],"wp:featuredmedia":[{"embeddable":true,"href":"https:\/\/lasentinelle.dz\/index.php\/wp-json\/wp\/v2\/media\/42978"}],"wp:attachment":[{"href":"https:\/\/lasentinelle.dz\/index.php\/wp-json\/wp\/v2\/media?parent=70516"}],"wp:term":[{"taxonomy":"category","embeddable":true,"href":"https:\/\/lasentinelle.dz\/index.php\/wp-json\/wp\/v2\/categories?post=70516"},{"taxonomy":"post_tag","embeddable":true,"href":"https:\/\/lasentinelle.dz\/index.php\/wp-json\/wp\/v2\/tags?post=70516"}],"curies":[{"name":"wp","href":"https:\/\/api.w.org\/{rel}","templated":true}]}}