{"id":70522,"date":"2025-07-17T10:39:00","date_gmt":"2025-07-17T09:39:00","guid":{"rendered":"https:\/\/lasentinelle.dz\/?p=70522"},"modified":"2025-07-18T20:43:49","modified_gmt":"2025-07-18T19:43:49","slug":"lutte-contre-le-blanchiment-dargent-et-protection-des-donnees-personnelles-les-deux-textes-adoptes-sans-amendements","status":"publish","type":"post","link":"https:\/\/lasentinelle.dz\/index.php\/2025\/07\/17\/lutte-contre-le-blanchiment-dargent-et-protection-des-donnees-personnelles-les-deux-textes-adoptes-sans-amendements\/","title":{"rendered":"Lutte contre le blanchiment d&rsquo;argent et protection des donn\u00e9es personnelles: Les deux textes adopt\u00e9s sans amendements"},"content":{"rendered":"\n<p>Le projet de loi relatif \u00e0 la protection des personnes physiques dans le traitement des donn\u00e9es \u00e0 caract\u00e8re personnel, ainsi que celui relatif \u00e0 la lutte contre le blanchiment d&rsquo;argent et le financement du terroriste ont \u00e9t\u00e9 adopt\u00e9s hier \u00e0 l&rsquo;APN dans la version pr\u00e9sent\u00e9e par l&rsquo;Ex\u00e9cutif sans aucun amendement.<\/p>\n\n\n\n<p>L&rsquo;Assembl\u00e9e populaire nationale a adopt\u00e9 mercredi deux projets de loi, l&rsquo;un relatif \u00e0 la lutte contre le blanchiment d&rsquo;argent et l&rsquo;autre \u00e0 la protection des donn\u00e9es personnelles, dont l&rsquo;objectif est de s&rsquo;adapter aux enjeux contemporains de s\u00e9curit\u00e9 et de protection des citoyens. Ces textes, adopt\u00e9s sans modification lors d&rsquo;une s\u00e9ance pl\u00e9ni\u00e8re pr\u00e9sid\u00e9e par Brahim Boughali, s&rsquo;inscrivent dans une d\u00e9marche globale visant \u00e0 harmoniser la l\u00e9gislation nationale avec les standards internationaux. Le premier texte concerne la pr\u00e9vention et la lutte contre le blanchiment d&rsquo;argent et le financement du terrorisme. Cette loi introduit de nombreuses nouveaut\u00e9s, notamment des mesures d&rsquo;interdiction strictes contre les personnes et entit\u00e9s terroristes, pr\u00e9voyant notamment le gel ou la saisie de leurs fonds et l&rsquo;interdiction absolue de traiter avec elles. Plus innovant encore, le texte permet la cr\u00e9ation d&rsquo;\u00e9quipes sp\u00e9cialis\u00e9es charg\u00e9es de mener des enqu\u00eates financi\u00e8res complexes, dotant ainsi les autorit\u00e9s judiciaires d&rsquo;outils adapt\u00e9s \u00e0 la sophistication croissante des r\u00e9seaux criminels. Le texte propose \u00e9galement de durcir les peines pour certains crimes afin qu&rsquo;elles soient adapt\u00e9es \u00e0 la gravit\u00e9 des faits incrimin\u00e9s. Dans le cadre du renforcement de la coop\u00e9ration internationale, cette loi engage les autorit\u00e9s comp\u00e9tentes \u00e0 coop\u00e9rer et \u00e0 \u00e9changer les informations avec leurs homologues \u00e0 l&rsquo;\u00e9tranger, spontan\u00e9ment ou sur demande, conform\u00e9ment aux accords bilat\u00e9raux et multilat\u00e9raux et aux engagements internationaux de l&rsquo;Alg\u00e9rie.<\/p>\n\n\n\n<p>Le ministre de la Justice, Lotfi Boudjemaa, a soulign\u00e9 \u00e0 cette occasion \u00ab\u00a0la d\u00e9termination de l&rsquo;Alg\u00e9rie \u00e0 lutter contre toute forme de criminalit\u00e9 \u00e0 travers des m\u00e9canismes juridiques r\u00e9pondant aux \u00e9volutions nationales et adapt\u00e9s aux conventions qu&rsquo;elle a ratifi\u00e9es\u00a0\u00bb.<\/p>\n\n\n\n<p>Le second projet de loi adopt\u00e9 r\u00e9pond \u00e0 une pr\u00e9occupation tout aussi contemporaine : la protection des donn\u00e9es personnelles dans un monde de plus en plus num\u00e9ris\u00e9. Cette l\u00e9gislation arrive \u00e0 point nomm\u00e9 alors que les citoyens sont de plus en plus conscients des risques li\u00e9s \u00e0 l&rsquo;utilisation de leurs donn\u00e9es. Le texte \u00e9tablit un \u00e9quilibre d\u00e9licat entre les imp\u00e9ratifs de s\u00e9curit\u00e9 et le respect des droits fondamentaux, en d\u00e9finissant pr\u00e9cis\u00e9ment les conditions dans lesquelles les donn\u00e9es peuvent \u00eatre trait\u00e9es par les services de police et de justice.<\/p>\n\n\n\n<p>L&rsquo;innovation majeure de cette loi r\u00e9side dans les missions attribu\u00e9es l&rsquo;Autorit\u00e9 nationale de protection des donn\u00e9es \u00e0 caract\u00e8re personnel (ANPDP), un organisme ind\u00e9pendant charg\u00e9 de veiller au respect des droits des citoyens. Cette autorit\u00e9 aura pour mission de mener des enqu\u00eates pr\u00e9ventives et d&rsquo;engager des poursuites en cas de violations, constituant ainsi un garde-fou essentiel contre les abus potentiels. Les citoyens b\u00e9n\u00e9ficieront \u00e9galement de droits renforc\u00e9s, notamment celui d&rsquo;acc\u00e9der \u00e0 leurs donn\u00e9es, de les faire rectifier ou effacer lorsqu&rsquo;elles sont inexactes. Le texte stipule \u00e9galement la possibilit\u00e9 de transf\u00e9rer ces donn\u00e9es vers un Etat \u00e9tranger ou une organisation internationale que si cela \u00ab\u00a0s&rsquo;av\u00e8re n\u00e9cessaire\u00a0\u00bb. Selon le ministre de la Justice, cette loi permettra \u00ab\u00a0d&rsquo;assurer des garanties suffisantes pour la protection de ces donn\u00e9es\u00a0\u00bb tout en \u00ab\u00a0activant la coop\u00e9ration judiciaire internationale, tant sur le plan s\u00e9curitaire que judiciaire\u00a0\u00bb. &nbsp;Les deux textes adopt\u00e9s s&rsquo;inscrivent dans ce que le ministre a qualifi\u00e9 de \u00ab\u00a0concr\u00e9tisation de la d\u00e9marche du pr\u00e9sident de la R\u00e9publique, M. Abdelmadjid Tebboune, visant \u00e0 mettre en place des m\u00e9canismes juridiques \u00e0 m\u00eame de prot\u00e9ger notre pays contre les diff\u00e9rentes formes de criminalit\u00e9\u00a0\u00bb.<\/p>\n\n\n\n<p>La facilit\u00e9 avec laquelle ces textes ont \u00e9t\u00e9 adopt\u00e9s, sans aucune modification ni amendement, t\u00e9moigne d&rsquo;un consensus politique sur ces questions sensibles. &nbsp;L&rsquo;adoption de ces lois marque ainsi une \u00e9tape importante dans la modernisation du syst\u00e8me juridique alg\u00e9rien, qui d\u00e9montre sa capacit\u00e9 \u00e0 s&rsquo;adapter aux d\u00e9fis du XXIe si\u00e8cle tout en pr\u00e9servant les \u00e9quilibres d\u00e9mocratiques. Le ministre Boudjemaa a d&rsquo;ailleurs rappel\u00e9 \u00ab\u00a0l&rsquo;attachement constant de l&rsquo;Alg\u00e9rie \u00e0 l&rsquo;actualisation de sa l\u00e9gislation nationale en mati\u00e8re de lutte contre toute forme de criminalit\u00e9, en vue de l&rsquo;adapter aux \u00e9volutions et de la rendre conforme aux conventions internationales ratifi\u00e9es par le pays\u00a0\u00bb.<\/p>\n\n\n\n<p>Hocine Fadheli<\/p>\n","protected":false},"excerpt":{"rendered":"<p>Le projet de loi relatif \u00e0 la protection des personnes physiques dans le traitement des donn\u00e9es \u00e0 caract\u00e8re personnel, ainsi<\/p>\n","protected":false},"author":6,"featured_media":70523,"comment_status":"open","ping_status":"closed","sticky":false,"template":"","format":"standard","meta":{"colormag_page_container_layout":"default_layout","colormag_page_sidebar_layout":"default_layout","om_disable_all_campaigns":false,"_monsterinsights_skip_tracking":false,"_monsterinsights_sitenote_active":false,"_monsterinsights_sitenote_note":"","_monsterinsights_sitenote_category":0,"footnotes":"","_wpscppro_dont_share_socialmedia":false,"_wpscppro_custom_social_share_image":0,"_facebook_share_type":"default","_twitter_share_type":"default","_linkedin_share_type":"default","_pinterest_share_type":"default","_linkedin_share_type_page":"","_instagram_share_type":"default","_medium_share_type":"default","_threads_share_type":"","_google_business_share_type":"","_selected_social_profile":[],"_wpsp_enable_custom_social_template":false,"_wpsp_social_scheduling":{"enabled":false,"datetime":null,"platforms":[],"status":"template_only","dateOption":"today","timeOption":"now","customDays":"","customHours":"","customDate":"","customTime":"","schedulingType":"absolute"},"_wpsp_active_default_template":true},"categories":[52,27],"tags":[],"class_list":["post-70522","post","type-post","status-publish","format-standard","has-post-thumbnail","hentry","category-a-la-une","category-actualite"],"aioseo_notices":[],"yoast_head":"<!-- This site is optimized with the Yoast SEO plugin v27.5 - https:\/\/yoast.com\/product\/yoast-seo-wordpress\/ -->\n<title>Lutte contre le blanchiment d&rsquo;argent et protection des donn\u00e9es personnelles: Les deux textes adopt\u00e9s sans amendements - La Sentinelle<\/title>\n<meta name=\"robots\" content=\"index, follow, max-snippet:-1, max-image-preview:large, max-video-preview:-1\" \/>\n<link rel=\"canonical\" href=\"https:\/\/lasentinelle.dz\/index.php\/2025\/07\/17\/lutte-contre-le-blanchiment-dargent-et-protection-des-donnees-personnelles-les-deux-textes-adoptes-sans-amendements\/\" \/>\n<meta property=\"og:locale\" content=\"fr_FR\" \/>\n<meta property=\"og:type\" content=\"article\" \/>\n<meta property=\"og:title\" content=\"Lutte contre le blanchiment d&rsquo;argent et protection des donn\u00e9es personnelles: Les deux textes adopt\u00e9s sans amendements - La Sentinelle\" \/>\n<meta property=\"og:description\" content=\"Le projet de loi relatif \u00e0 la protection des personnes physiques dans le traitement des donn\u00e9es \u00e0 caract\u00e8re personnel, ainsi\" \/>\n<meta property=\"og:url\" content=\"https:\/\/lasentinelle.dz\/index.php\/2025\/07\/17\/lutte-contre-le-blanchiment-dargent-et-protection-des-donnees-personnelles-les-deux-textes-adoptes-sans-amendements\/\" \/>\n<meta property=\"og:site_name\" content=\"La Sentinelle\" \/>\n<meta property=\"article:publisher\" content=\"https:\/\/www.facebook.com\/La-Sentinelle-104059864394773\" \/>\n<meta property=\"article:published_time\" content=\"2025-07-17T09:39:00+00:00\" \/>\n<meta property=\"article:modified_time\" content=\"2025-07-18T19:43:49+00:00\" \/>\n<meta property=\"og:image\" content=\"https:\/\/lasentinelle.dz\/wp-content\/uploads\/2025\/07\/apn.jpg\" \/>\n\t<meta property=\"og:image:width\" content=\"2048\" \/>\n\t<meta property=\"og:image:height\" content=\"1349\" \/>\n\t<meta property=\"og:image:type\" content=\"image\/jpeg\" \/>\n<meta name=\"author\" content=\"admin\" \/>\n<meta name=\"twitter:card\" content=\"summary_large_image\" \/>\n<meta name=\"twitter:label1\" content=\"\u00c9crit par\" \/>\n\t<meta name=\"twitter:data1\" content=\"admin\" \/>\n\t<meta name=\"twitter:label2\" content=\"Dur\u00e9e de lecture estim\u00e9e\" \/>\n\t<meta name=\"twitter:data2\" content=\"4 minutes\" \/>\n<script type=\"application\/ld+json\" class=\"yoast-schema-graph\">{\"@context\":\"https:\\\/\\\/schema.org\",\"@graph\":[{\"@type\":\"Article\",\"@id\":\"https:\\\/\\\/lasentinelle.dz\\\/index.php\\\/2025\\\/07\\\/17\\\/lutte-contre-le-blanchiment-dargent-et-protection-des-donnees-personnelles-les-deux-textes-adoptes-sans-amendements\\\/#article\",\"isPartOf\":{\"@id\":\"https:\\\/\\\/lasentinelle.dz\\\/index.php\\\/2025\\\/07\\\/17\\\/lutte-contre-le-blanchiment-dargent-et-protection-des-donnees-personnelles-les-deux-textes-adoptes-sans-amendements\\\/\"},\"author\":{\"name\":\"admin\",\"@id\":\"https:\\\/\\\/lasentinelle.dz\\\/#\\\/schema\\\/person\\\/729ee0024f24e0b8c5ec17232f8e8b41\"},\"headline\":\"Lutte contre le blanchiment d&rsquo;argent et protection des donn\u00e9es personnelles: Les deux textes adopt\u00e9s sans amendements\",\"datePublished\":\"2025-07-17T09:39:00+00:00\",\"dateModified\":\"2025-07-18T19:43:49+00:00\",\"mainEntityOfPage\":{\"@id\":\"https:\\\/\\\/lasentinelle.dz\\\/index.php\\\/2025\\\/07\\\/17\\\/lutte-contre-le-blanchiment-dargent-et-protection-des-donnees-personnelles-les-deux-textes-adoptes-sans-amendements\\\/\"},\"wordCount\":814,\"commentCount\":0,\"publisher\":{\"@id\":\"https:\\\/\\\/lasentinelle.dz\\\/#organization\"},\"image\":{\"@id\":\"https:\\\/\\\/lasentinelle.dz\\\/index.php\\\/2025\\\/07\\\/17\\\/lutte-contre-le-blanchiment-dargent-et-protection-des-donnees-personnelles-les-deux-textes-adoptes-sans-amendements\\\/#primaryimage\"},\"thumbnailUrl\":\"https:\\\/\\\/lasentinelle.dz\\\/wp-content\\\/uploads\\\/2025\\\/07\\\/apn.jpg\",\"articleSection\":[\"\u00c0 la Une\",\"Actualit\u00e9\"],\"inLanguage\":\"fr-FR\",\"potentialAction\":[{\"@type\":\"CommentAction\",\"name\":\"Comment\",\"target\":[\"https:\\\/\\\/lasentinelle.dz\\\/index.php\\\/2025\\\/07\\\/17\\\/lutte-contre-le-blanchiment-dargent-et-protection-des-donnees-personnelles-les-deux-textes-adoptes-sans-amendements\\\/#respond\"]}]},{\"@type\":\"WebPage\",\"@id\":\"https:\\\/\\\/lasentinelle.dz\\\/index.php\\\/2025\\\/07\\\/17\\\/lutte-contre-le-blanchiment-dargent-et-protection-des-donnees-personnelles-les-deux-textes-adoptes-sans-amendements\\\/\",\"url\":\"https:\\\/\\\/lasentinelle.dz\\\/index.php\\\/2025\\\/07\\\/17\\\/lutte-contre-le-blanchiment-dargent-et-protection-des-donnees-personnelles-les-deux-textes-adoptes-sans-amendements\\\/\",\"name\":\"Lutte contre le blanchiment d&rsquo;argent et protection des donn\u00e9es personnelles: Les deux textes adopt\u00e9s sans amendements - La Sentinelle\",\"isPartOf\":{\"@id\":\"https:\\\/\\\/lasentinelle.dz\\\/#website\"},\"primaryImageOfPage\":{\"@id\":\"https:\\\/\\\/lasentinelle.dz\\\/index.php\\\/2025\\\/07\\\/17\\\/lutte-contre-le-blanchiment-dargent-et-protection-des-donnees-personnelles-les-deux-textes-adoptes-sans-amendements\\\/#primaryimage\"},\"image\":{\"@id\":\"https:\\\/\\\/lasentinelle.dz\\\/index.php\\\/2025\\\/07\\\/17\\\/lutte-contre-le-blanchiment-dargent-et-protection-des-donnees-personnelles-les-deux-textes-adoptes-sans-amendements\\\/#primaryimage\"},\"thumbnailUrl\":\"https:\\\/\\\/lasentinelle.dz\\\/wp-content\\\/uploads\\\/2025\\\/07\\\/apn.jpg\",\"datePublished\":\"2025-07-17T09:39:00+00:00\",\"dateModified\":\"2025-07-18T19:43:49+00:00\",\"breadcrumb\":{\"@id\":\"https:\\\/\\\/lasentinelle.dz\\\/index.php\\\/2025\\\/07\\\/17\\\/lutte-contre-le-blanchiment-dargent-et-protection-des-donnees-personnelles-les-deux-textes-adoptes-sans-amendements\\\/#breadcrumb\"},\"inLanguage\":\"fr-FR\",\"potentialAction\":[{\"@type\":\"ReadAction\",\"target\":[\"https:\\\/\\\/lasentinelle.dz\\\/index.php\\\/2025\\\/07\\\/17\\\/lutte-contre-le-blanchiment-dargent-et-protection-des-donnees-personnelles-les-deux-textes-adoptes-sans-amendements\\\/\"]}]},{\"@type\":\"ImageObject\",\"inLanguage\":\"fr-FR\",\"@id\":\"https:\\\/\\\/lasentinelle.dz\\\/index.php\\\/2025\\\/07\\\/17\\\/lutte-contre-le-blanchiment-dargent-et-protection-des-donnees-personnelles-les-deux-textes-adoptes-sans-amendements\\\/#primaryimage\",\"url\":\"https:\\\/\\\/lasentinelle.dz\\\/wp-content\\\/uploads\\\/2025\\\/07\\\/apn.jpg\",\"contentUrl\":\"https:\\\/\\\/lasentinelle.dz\\\/wp-content\\\/uploads\\\/2025\\\/07\\\/apn.jpg\",\"width\":2048,\"height\":1349},{\"@type\":\"BreadcrumbList\",\"@id\":\"https:\\\/\\\/lasentinelle.dz\\\/index.php\\\/2025\\\/07\\\/17\\\/lutte-contre-le-blanchiment-dargent-et-protection-des-donnees-personnelles-les-deux-textes-adoptes-sans-amendements\\\/#breadcrumb\",\"itemListElement\":[{\"@type\":\"ListItem\",\"position\":1,\"name\":\"Accueil\",\"item\":\"https:\\\/\\\/lasentinelle.dz\\\/\"},{\"@type\":\"ListItem\",\"position\":2,\"name\":\"Lutte contre le blanchiment d&rsquo;argent et protection des donn\u00e9es personnelles: Les deux textes adopt\u00e9s sans amendements\"}]},{\"@type\":\"WebSite\",\"@id\":\"https:\\\/\\\/lasentinelle.dz\\\/#website\",\"url\":\"https:\\\/\\\/lasentinelle.dz\\\/\",\"name\":\"La Sentinelle\",\"description\":\"Quotidien national d&#039;information\",\"publisher\":{\"@id\":\"https:\\\/\\\/lasentinelle.dz\\\/#organization\"},\"potentialAction\":[{\"@type\":\"SearchAction\",\"target\":{\"@type\":\"EntryPoint\",\"urlTemplate\":\"https:\\\/\\\/lasentinelle.dz\\\/?s={search_term_string}\"},\"query-input\":{\"@type\":\"PropertyValueSpecification\",\"valueRequired\":true,\"valueName\":\"search_term_string\"}}],\"inLanguage\":\"fr-FR\"},{\"@type\":\"Organization\",\"@id\":\"https:\\\/\\\/lasentinelle.dz\\\/#organization\",\"name\":\"Quotidien La Sentinelle\",\"url\":\"https:\\\/\\\/lasentinelle.dz\\\/\",\"logo\":{\"@type\":\"ImageObject\",\"inLanguage\":\"fr-FR\",\"@id\":\"https:\\\/\\\/lasentinelle.dz\\\/#\\\/schema\\\/logo\\\/image\\\/\",\"url\":\"https:\\\/\\\/lasentinelle.dz\\\/wp-content\\\/uploads\\\/2021\\\/09\\\/logo-sentinelleSLOGAN-1.png\",\"contentUrl\":\"https:\\\/\\\/lasentinelle.dz\\\/wp-content\\\/uploads\\\/2021\\\/09\\\/logo-sentinelleSLOGAN-1.png\",\"width\":615,\"height\":142,\"caption\":\"Quotidien La Sentinelle\"},\"image\":{\"@id\":\"https:\\\/\\\/lasentinelle.dz\\\/#\\\/schema\\\/logo\\\/image\\\/\"},\"sameAs\":[\"https:\\\/\\\/www.facebook.com\\\/La-Sentinelle-104059864394773\"]},{\"@type\":\"Person\",\"@id\":\"https:\\\/\\\/lasentinelle.dz\\\/#\\\/schema\\\/person\\\/729ee0024f24e0b8c5ec17232f8e8b41\",\"name\":\"admin\",\"image\":{\"@type\":\"ImageObject\",\"inLanguage\":\"fr-FR\",\"@id\":\"https:\\\/\\\/secure.gravatar.com\\\/avatar\\\/4c81fed838786e9b53f540bf46533e750f5d292099ae3b66cfc6fb1982e29df7?s=96&d=mm&r=g\",\"url\":\"https:\\\/\\\/secure.gravatar.com\\\/avatar\\\/4c81fed838786e9b53f540bf46533e750f5d292099ae3b66cfc6fb1982e29df7?s=96&d=mm&r=g\",\"contentUrl\":\"https:\\\/\\\/secure.gravatar.com\\\/avatar\\\/4c81fed838786e9b53f540bf46533e750f5d292099ae3b66cfc6fb1982e29df7?s=96&d=mm&r=g\",\"caption\":\"admin\"},\"description\":\"admin\",\"url\":\"https:\\\/\\\/lasentinelle.dz\\\/author\\\/admin\\\/\"}]}<\/script>\n<!-- \/ Yoast SEO plugin. -->","yoast_head_json":{"title":"Lutte contre le blanchiment d&rsquo;argent et protection des donn\u00e9es personnelles: Les deux textes adopt\u00e9s sans amendements - La Sentinelle","robots":{"index":"index","follow":"follow","max-snippet":"max-snippet:-1","max-image-preview":"max-image-preview:large","max-video-preview":"max-video-preview:-1"},"canonical":"https:\/\/lasentinelle.dz\/index.php\/2025\/07\/17\/lutte-contre-le-blanchiment-dargent-et-protection-des-donnees-personnelles-les-deux-textes-adoptes-sans-amendements\/","og_locale":"fr_FR","og_type":"article","og_title":"Lutte contre le blanchiment d&rsquo;argent et protection des donn\u00e9es personnelles: Les deux textes adopt\u00e9s sans amendements - La Sentinelle","og_description":"Le projet de loi relatif \u00e0 la protection des personnes physiques dans le traitement des donn\u00e9es \u00e0 caract\u00e8re personnel, ainsi","og_url":"https:\/\/lasentinelle.dz\/index.php\/2025\/07\/17\/lutte-contre-le-blanchiment-dargent-et-protection-des-donnees-personnelles-les-deux-textes-adoptes-sans-amendements\/","og_site_name":"La Sentinelle","article_publisher":"https:\/\/www.facebook.com\/La-Sentinelle-104059864394773","article_published_time":"2025-07-17T09:39:00+00:00","article_modified_time":"2025-07-18T19:43:49+00:00","og_image":[{"width":2048,"height":1349,"url":"https:\/\/lasentinelle.dz\/wp-content\/uploads\/2025\/07\/apn.jpg","type":"image\/jpeg"}],"author":"admin","twitter_card":"summary_large_image","twitter_misc":{"\u00c9crit par":"admin","Dur\u00e9e de lecture estim\u00e9e":"4 minutes"},"schema":{"@context":"https:\/\/schema.org","@graph":[{"@type":"Article","@id":"https:\/\/lasentinelle.dz\/index.php\/2025\/07\/17\/lutte-contre-le-blanchiment-dargent-et-protection-des-donnees-personnelles-les-deux-textes-adoptes-sans-amendements\/#article","isPartOf":{"@id":"https:\/\/lasentinelle.dz\/index.php\/2025\/07\/17\/lutte-contre-le-blanchiment-dargent-et-protection-des-donnees-personnelles-les-deux-textes-adoptes-sans-amendements\/"},"author":{"name":"admin","@id":"https:\/\/lasentinelle.dz\/#\/schema\/person\/729ee0024f24e0b8c5ec17232f8e8b41"},"headline":"Lutte contre le blanchiment d&rsquo;argent et protection des donn\u00e9es personnelles: Les deux textes adopt\u00e9s sans amendements","datePublished":"2025-07-17T09:39:00+00:00","dateModified":"2025-07-18T19:43:49+00:00","mainEntityOfPage":{"@id":"https:\/\/lasentinelle.dz\/index.php\/2025\/07\/17\/lutte-contre-le-blanchiment-dargent-et-protection-des-donnees-personnelles-les-deux-textes-adoptes-sans-amendements\/"},"wordCount":814,"commentCount":0,"publisher":{"@id":"https:\/\/lasentinelle.dz\/#organization"},"image":{"@id":"https:\/\/lasentinelle.dz\/index.php\/2025\/07\/17\/lutte-contre-le-blanchiment-dargent-et-protection-des-donnees-personnelles-les-deux-textes-adoptes-sans-amendements\/#primaryimage"},"thumbnailUrl":"https:\/\/lasentinelle.dz\/wp-content\/uploads\/2025\/07\/apn.jpg","articleSection":["\u00c0 la Une","Actualit\u00e9"],"inLanguage":"fr-FR","potentialAction":[{"@type":"CommentAction","name":"Comment","target":["https:\/\/lasentinelle.dz\/index.php\/2025\/07\/17\/lutte-contre-le-blanchiment-dargent-et-protection-des-donnees-personnelles-les-deux-textes-adoptes-sans-amendements\/#respond"]}]},{"@type":"WebPage","@id":"https:\/\/lasentinelle.dz\/index.php\/2025\/07\/17\/lutte-contre-le-blanchiment-dargent-et-protection-des-donnees-personnelles-les-deux-textes-adoptes-sans-amendements\/","url":"https:\/\/lasentinelle.dz\/index.php\/2025\/07\/17\/lutte-contre-le-blanchiment-dargent-et-protection-des-donnees-personnelles-les-deux-textes-adoptes-sans-amendements\/","name":"Lutte contre le blanchiment d&rsquo;argent et protection des donn\u00e9es personnelles: Les deux textes adopt\u00e9s sans amendements - La Sentinelle","isPartOf":{"@id":"https:\/\/lasentinelle.dz\/#website"},"primaryImageOfPage":{"@id":"https:\/\/lasentinelle.dz\/index.php\/2025\/07\/17\/lutte-contre-le-blanchiment-dargent-et-protection-des-donnees-personnelles-les-deux-textes-adoptes-sans-amendements\/#primaryimage"},"image":{"@id":"https:\/\/lasentinelle.dz\/index.php\/2025\/07\/17\/lutte-contre-le-blanchiment-dargent-et-protection-des-donnees-personnelles-les-deux-textes-adoptes-sans-amendements\/#primaryimage"},"thumbnailUrl":"https:\/\/lasentinelle.dz\/wp-content\/uploads\/2025\/07\/apn.jpg","datePublished":"2025-07-17T09:39:00+00:00","dateModified":"2025-07-18T19:43:49+00:00","breadcrumb":{"@id":"https:\/\/lasentinelle.dz\/index.php\/2025\/07\/17\/lutte-contre-le-blanchiment-dargent-et-protection-des-donnees-personnelles-les-deux-textes-adoptes-sans-amendements\/#breadcrumb"},"inLanguage":"fr-FR","potentialAction":[{"@type":"ReadAction","target":["https:\/\/lasentinelle.dz\/index.php\/2025\/07\/17\/lutte-contre-le-blanchiment-dargent-et-protection-des-donnees-personnelles-les-deux-textes-adoptes-sans-amendements\/"]}]},{"@type":"ImageObject","inLanguage":"fr-FR","@id":"https:\/\/lasentinelle.dz\/index.php\/2025\/07\/17\/lutte-contre-le-blanchiment-dargent-et-protection-des-donnees-personnelles-les-deux-textes-adoptes-sans-amendements\/#primaryimage","url":"https:\/\/lasentinelle.dz\/wp-content\/uploads\/2025\/07\/apn.jpg","contentUrl":"https:\/\/lasentinelle.dz\/wp-content\/uploads\/2025\/07\/apn.jpg","width":2048,"height":1349},{"@type":"BreadcrumbList","@id":"https:\/\/lasentinelle.dz\/index.php\/2025\/07\/17\/lutte-contre-le-blanchiment-dargent-et-protection-des-donnees-personnelles-les-deux-textes-adoptes-sans-amendements\/#breadcrumb","itemListElement":[{"@type":"ListItem","position":1,"name":"Accueil","item":"https:\/\/lasentinelle.dz\/"},{"@type":"ListItem","position":2,"name":"Lutte contre le blanchiment d&rsquo;argent et protection des donn\u00e9es personnelles: Les deux textes adopt\u00e9s sans amendements"}]},{"@type":"WebSite","@id":"https:\/\/lasentinelle.dz\/#website","url":"https:\/\/lasentinelle.dz\/","name":"La Sentinelle","description":"Quotidien national d&#039;information","publisher":{"@id":"https:\/\/lasentinelle.dz\/#organization"},"potentialAction":[{"@type":"SearchAction","target":{"@type":"EntryPoint","urlTemplate":"https:\/\/lasentinelle.dz\/?s={search_term_string}"},"query-input":{"@type":"PropertyValueSpecification","valueRequired":true,"valueName":"search_term_string"}}],"inLanguage":"fr-FR"},{"@type":"Organization","@id":"https:\/\/lasentinelle.dz\/#organization","name":"Quotidien La Sentinelle","url":"https:\/\/lasentinelle.dz\/","logo":{"@type":"ImageObject","inLanguage":"fr-FR","@id":"https:\/\/lasentinelle.dz\/#\/schema\/logo\/image\/","url":"https:\/\/lasentinelle.dz\/wp-content\/uploads\/2021\/09\/logo-sentinelleSLOGAN-1.png","contentUrl":"https:\/\/lasentinelle.dz\/wp-content\/uploads\/2021\/09\/logo-sentinelleSLOGAN-1.png","width":615,"height":142,"caption":"Quotidien La Sentinelle"},"image":{"@id":"https:\/\/lasentinelle.dz\/#\/schema\/logo\/image\/"},"sameAs":["https:\/\/www.facebook.com\/La-Sentinelle-104059864394773"]},{"@type":"Person","@id":"https:\/\/lasentinelle.dz\/#\/schema\/person\/729ee0024f24e0b8c5ec17232f8e8b41","name":"admin","image":{"@type":"ImageObject","inLanguage":"fr-FR","@id":"https:\/\/secure.gravatar.com\/avatar\/4c81fed838786e9b53f540bf46533e750f5d292099ae3b66cfc6fb1982e29df7?s=96&d=mm&r=g","url":"https:\/\/secure.gravatar.com\/avatar\/4c81fed838786e9b53f540bf46533e750f5d292099ae3b66cfc6fb1982e29df7?s=96&d=mm&r=g","contentUrl":"https:\/\/secure.gravatar.com\/avatar\/4c81fed838786e9b53f540bf46533e750f5d292099ae3b66cfc6fb1982e29df7?s=96&d=mm&r=g","caption":"admin"},"description":"admin","url":"https:\/\/lasentinelle.dz\/author\/admin\/"}]}},"_links":{"self":[{"href":"https:\/\/lasentinelle.dz\/index.php\/wp-json\/wp\/v2\/posts\/70522","targetHints":{"allow":["GET"]}}],"collection":[{"href":"https:\/\/lasentinelle.dz\/index.php\/wp-json\/wp\/v2\/posts"}],"about":[{"href":"https:\/\/lasentinelle.dz\/index.php\/wp-json\/wp\/v2\/types\/post"}],"author":[{"embeddable":true,"href":"https:\/\/lasentinelle.dz\/index.php\/wp-json\/wp\/v2\/users\/6"}],"replies":[{"embeddable":true,"href":"https:\/\/lasentinelle.dz\/index.php\/wp-json\/wp\/v2\/comments?post=70522"}],"version-history":[{"count":2,"href":"https:\/\/lasentinelle.dz\/index.php\/wp-json\/wp\/v2\/posts\/70522\/revisions"}],"predecessor-version":[{"id":70525,"href":"https:\/\/lasentinelle.dz\/index.php\/wp-json\/wp\/v2\/posts\/70522\/revisions\/70525"}],"wp:featuredmedia":[{"embeddable":true,"href":"https:\/\/lasentinelle.dz\/index.php\/wp-json\/wp\/v2\/media\/70523"}],"wp:attachment":[{"href":"https:\/\/lasentinelle.dz\/index.php\/wp-json\/wp\/v2\/media?parent=70522"}],"wp:term":[{"taxonomy":"category","embeddable":true,"href":"https:\/\/lasentinelle.dz\/index.php\/wp-json\/wp\/v2\/categories?post=70522"},{"taxonomy":"post_tag","embeddable":true,"href":"https:\/\/lasentinelle.dz\/index.php\/wp-json\/wp\/v2\/tags?post=70522"}],"curies":[{"name":"wp","href":"https:\/\/api.w.org\/{rel}","templated":true}]}}