{"id":70526,"date":"2025-07-17T10:40:00","date_gmt":"2025-07-17T09:40:00","guid":{"rendered":"https:\/\/lasentinelle.dz\/?p=70526"},"modified":"2025-07-18T20:43:40","modified_gmt":"2025-07-18T19:43:40","slug":"prise-en-charge-des-refugies-loim-erige-lalgerie-en-veritable-modele-dhumanisme","status":"publish","type":"post","link":"https:\/\/lasentinelle.dz\/index.php\/2025\/07\/17\/prise-en-charge-des-refugies-loim-erige-lalgerie-en-veritable-modele-dhumanisme\/","title":{"rendered":"Prise en charge des r\u00e9fugi\u00e9s: L&rsquo;OIM \u00e9rige l&rsquo;Alg\u00e9rie en \u00ab\u00a0v\u00e9ritable mod\u00e8le d&rsquo;humanisme\u00a0\u00bb"},"content":{"rendered":"\n<p>La Repr\u00e9sentante de l&rsquo;Organisation internationale pour les migrations (OIM) en Alg\u00e9rie, Lalini Veerassamy, a salu\u00e9 mardi \u00ab\u00a0les efforts importants consentis par l&rsquo;Alg\u00e9rie dans la prise en charge des r\u00e9fugi\u00e9s, notamment sur le plan m\u00e9dical, \u00e0 travers des mesures efficaces permettant \u00e0 des personnes de diff\u00e9rentes nationalit\u00e9s de b\u00e9n\u00e9ficier de soins de sant\u00e9\u00a0\u00bb, estimant que \u00ab\u00a0l&rsquo;Alg\u00e9rie constitue un v\u00e9ritable mod\u00e8le d&rsquo;humanisme\u00a0\u00bb. Cette d\u00e9claration, formul\u00e9e lors d&rsquo;une rencontre avec le ministre de la Sant\u00e9 Abdelhak Saihi au si\u00e8ge du minist\u00e8re, confirme la reconnaissance internationale du r\u00f4le d\u00e9terminant jou\u00e9 par l&rsquo;Alg\u00e9rie dans la protection et l&rsquo;assistance aux populations r\u00e9fugi\u00e9es pr\u00e9sentes sur son territoire.<\/p>\n\n\n\n<p>La rencontre, qui s&rsquo;est d\u00e9roul\u00e9e en pr\u00e9sence de cadres de l&rsquo;administration centrale, a permis de \u00ab\u00a0passer en revue les programmes de coop\u00e9ration entre le secteur de la sant\u00e9 et l&rsquo;OIM\u00a0\u00bb et d'\u00a0\u00bbexaminer les moyens de renforcer et d&rsquo;\u00e9tendre ce partenariat en vue d&rsquo;am\u00e9liorer la prise en charge sanitaire des r\u00e9fugi\u00e9s\u00a0\u00bb, selon le communiqu\u00e9 officiel du minist\u00e8re de la Sant\u00e9. Cette d\u00e9marche s&rsquo;inscrit dans une logique d&rsquo;optimisation des m\u00e9canismes d&rsquo;assistance humanitaire d\u00e9j\u00e0 mis en place par les autorit\u00e9s alg\u00e9riennes. Le ministre de la Sant\u00e9 a pr\u00e9sent\u00e9 \u00ab\u00a0un expos\u00e9 d\u00e9taill\u00e9 sur les efforts de l&rsquo;Alg\u00e9rie pour offrir des soins de sant\u00e9 aux r\u00e9fugi\u00e9s\u00a0\u00bb, pr\u00e9cisant que \u00ab\u00a0l&rsquo;Alg\u00e9rie assure un soutien logistique et humanitaire cons\u00e9quent afin de garantir l&rsquo;acc\u00e8s aux soins et aux services m\u00e9dicaux de base au niveau de ses structures de sant\u00e9 \u00e0 l&rsquo;ensemble des r\u00e9fugi\u00e9s pr\u00e9sents sur son territoire\u00a0\u00bb. Cette approche inclusive t\u00e9moigne de la volont\u00e9 des autorit\u00e9s alg\u00e9riennes de ne pas \u00e9tablir de distinction entre les citoyens alg\u00e9riens et les r\u00e9fugi\u00e9s en mati\u00e8re d&rsquo;acc\u00e8s aux soins de sant\u00e9 essentiels.<\/p>\n\n\n\n<p>La dimension r\u00e9gionale de cette coop\u00e9ration sanitaire a \u00e9t\u00e9 particuli\u00e8rement mise en avant lors des discussions. Le ministre a insist\u00e9 sur \u00ab\u00a0l&rsquo;importance de cr\u00e9er un Centre international de vaccination et de lutte contre les maladies tropicales en Alg\u00e9rie, qui fournira des services de sant\u00e9 de base (vaccination et traitement des maladies tropicales), en particulier au profit des pays du Sahel\u00a0\u00bb. Cette initiative ambitieuse positionne l&rsquo;Alg\u00e9rie comme un hub sanitaire r\u00e9gional capable de r\u00e9pondre aux d\u00e9fis de sant\u00e9 publique qui touchent l&rsquo;ensemble de la r\u00e9gion sah\u00e9lienne.<\/p>\n\n\n\n<p>Face \u00e0 cette proposition, la Repr\u00e9sentante de l&rsquo;OIM a \u00e9voqu\u00e9 \u00ab\u00a0la possibilit\u00e9 pour l&rsquo;OIM de fournir un soutien logistique et m\u00e9dical et de mettre \u00e0 disposition son expertise pour endiguer la propagation des maladies infectieuses chez les r\u00e9fugi\u00e9s et r\u00e9duire les risques de transmission\u00a0\u00bb, assurant que \u00ab\u00a0l&rsquo;organisation est pr\u00eate \u00e0 renforcer la coop\u00e9ration dans les domaines de la sant\u00e9\u00a0\u00bb. Cette r\u00e9ponse positive de l&rsquo;organisation internationale ouvre la voie \u00e0 une collaboration technique et financi\u00e8re renforc\u00e9e entre l&rsquo;Alg\u00e9rie et l&rsquo;OIM.<\/p>\n\n\n\n<p>La disponibilit\u00e9 de l&rsquo;Alg\u00e9rie \u00e0 \u00e9largir son action humanitaire a \u00e9t\u00e9 r\u00e9affirm\u00e9e par le ministre, qui a indiqu\u00e9 que \u00ab\u00a0l&rsquo;Alg\u00e9rie est dispos\u00e9e \u00e0 travailler avec les organisations internationales dans ce domaine\u00a0\u00bb. Saihi a salu\u00e9 \u00ab\u00a0cette approche humanitaire visant \u00e0 am\u00e9liorer les conditions des r\u00e9fugi\u00e9s et \u00e0 leur offrir des soins de sant\u00e9 dans le cadre de la solidarit\u00e9 internationale\u00a0\u00bb, soulignant ainsi l&rsquo;engagement du pays dans le respect des principes humanitaires universels.<\/p>\n\n\n\n<p>La concr\u00e9tisation de cette coop\u00e9ration renforc\u00e9e prendra forme \u00e0 travers un cadre juridique sp\u00e9cifique. Au terme de la rencontre, les deux parties sont convenues de \u00ab\u00a0former un groupe de travail conjoint charg\u00e9 de pr\u00e9parer un m\u00e9morandum d&rsquo;entente bilat\u00e9ral, qui sera sign\u00e9 dans les meilleurs d\u00e9lais, afin de renforcer la coop\u00e9ration et le partenariat entre l&rsquo;Alg\u00e9rie et l&rsquo;OIM dans les domaines de la sant\u00e9 et de la prise en charge humanitaire\u00a0\u00bb. Ce m\u00e9morandum devrait \u00e9tablir les modalit\u00e9s pr\u00e9cises de collaboration et d\u00e9finir les responsabilit\u00e9s respectives de chaque partie.<\/p>\n\n\n\n<p>Chokri Hafed<\/p>\n","protected":false},"excerpt":{"rendered":"<p>La Repr\u00e9sentante de l&rsquo;Organisation internationale pour les migrations (OIM) en Alg\u00e9rie, Lalini Veerassamy, a salu\u00e9 mardi \u00ab\u00a0les efforts importants consentis<\/p>\n","protected":false},"author":6,"featured_media":70527,"comment_status":"open","ping_status":"closed","sticky":false,"template":"","format":"standard","meta":{"colormag_page_container_layout":"default_layout","colormag_page_sidebar_layout":"default_layout","om_disable_all_campaigns":false,"_monsterinsights_skip_tracking":false,"_monsterinsights_sitenote_active":false,"_monsterinsights_sitenote_note":"","_monsterinsights_sitenote_category":0,"footnotes":"","_wpscppro_dont_share_socialmedia":false,"_wpscppro_custom_social_share_image":0,"_facebook_share_type":"default","_twitter_share_type":"default","_linkedin_share_type":"default","_pinterest_share_type":"default","_linkedin_share_type_page":"","_instagram_share_type":"default","_medium_share_type":"default","_threads_share_type":"","_google_business_share_type":"","_selected_social_profile":[],"_wpsp_enable_custom_social_template":false,"_wpsp_social_scheduling":{"enabled":false,"datetime":null,"platforms":[],"status":"template_only","dateOption":"today","timeOption":"now","customDays":"","customHours":"","customDate":"","customTime":"","schedulingType":"absolute"},"_wpsp_active_default_template":true},"categories":[27],"tags":[],"class_list":["post-70526","post","type-post","status-publish","format-standard","has-post-thumbnail","hentry","category-actualite"],"aioseo_notices":[],"yoast_head":"<!-- This site is optimized with the Yoast SEO plugin v27.5 - https:\/\/yoast.com\/product\/yoast-seo-wordpress\/ -->\n<title>Prise en charge des r\u00e9fugi\u00e9s: L&rsquo;OIM \u00e9rige l&rsquo;Alg\u00e9rie en \u00ab\u00a0v\u00e9ritable mod\u00e8le d&rsquo;humanisme\u00a0\u00bb - La Sentinelle<\/title>\n<meta name=\"robots\" content=\"index, follow, max-snippet:-1, max-image-preview:large, max-video-preview:-1\" \/>\n<link rel=\"canonical\" href=\"https:\/\/lasentinelle.dz\/index.php\/2025\/07\/17\/prise-en-charge-des-refugies-loim-erige-lalgerie-en-veritable-modele-dhumanisme\/\" \/>\n<meta property=\"og:locale\" content=\"fr_FR\" \/>\n<meta property=\"og:type\" content=\"article\" \/>\n<meta property=\"og:title\" content=\"Prise en charge des r\u00e9fugi\u00e9s: L&rsquo;OIM \u00e9rige l&rsquo;Alg\u00e9rie en \u00ab\u00a0v\u00e9ritable mod\u00e8le d&rsquo;humanisme\u00a0\u00bb - La Sentinelle\" \/>\n<meta property=\"og:description\" content=\"La Repr\u00e9sentante de l&rsquo;Organisation internationale pour les migrations (OIM) en Alg\u00e9rie, Lalini Veerassamy, a salu\u00e9 mardi \u00ab\u00a0les efforts importants consentis\" \/>\n<meta property=\"og:url\" content=\"https:\/\/lasentinelle.dz\/index.php\/2025\/07\/17\/prise-en-charge-des-refugies-loim-erige-lalgerie-en-veritable-modele-dhumanisme\/\" \/>\n<meta property=\"og:site_name\" content=\"La Sentinelle\" \/>\n<meta property=\"article:publisher\" content=\"https:\/\/www.facebook.com\/La-Sentinelle-104059864394773\" \/>\n<meta property=\"article:published_time\" content=\"2025-07-17T09:40:00+00:00\" \/>\n<meta property=\"article:modified_time\" content=\"2025-07-18T19:43:40+00:00\" \/>\n<meta property=\"og:image\" content=\"https:\/\/lasentinelle.dz\/wp-content\/uploads\/2025\/07\/OIM.jpg\" \/>\n\t<meta property=\"og:image:width\" content=\"2048\" \/>\n\t<meta property=\"og:image:height\" content=\"1535\" \/>\n\t<meta property=\"og:image:type\" content=\"image\/jpeg\" \/>\n<meta name=\"author\" content=\"admin\" \/>\n<meta name=\"twitter:card\" content=\"summary_large_image\" \/>\n<meta name=\"twitter:label1\" content=\"\u00c9crit par\" \/>\n\t<meta name=\"twitter:data1\" content=\"admin\" \/>\n\t<meta name=\"twitter:label2\" content=\"Dur\u00e9e de lecture estim\u00e9e\" \/>\n\t<meta name=\"twitter:data2\" content=\"4 minutes\" \/>\n<script type=\"application\/ld+json\" class=\"yoast-schema-graph\">{\"@context\":\"https:\\\/\\\/schema.org\",\"@graph\":[{\"@type\":\"Article\",\"@id\":\"https:\\\/\\\/lasentinelle.dz\\\/index.php\\\/2025\\\/07\\\/17\\\/prise-en-charge-des-refugies-loim-erige-lalgerie-en-veritable-modele-dhumanisme\\\/#article\",\"isPartOf\":{\"@id\":\"https:\\\/\\\/lasentinelle.dz\\\/index.php\\\/2025\\\/07\\\/17\\\/prise-en-charge-des-refugies-loim-erige-lalgerie-en-veritable-modele-dhumanisme\\\/\"},\"author\":{\"name\":\"admin\",\"@id\":\"https:\\\/\\\/lasentinelle.dz\\\/#\\\/schema\\\/person\\\/729ee0024f24e0b8c5ec17232f8e8b41\"},\"headline\":\"Prise en charge des r\u00e9fugi\u00e9s: L&rsquo;OIM \u00e9rige l&rsquo;Alg\u00e9rie en \u00ab\u00a0v\u00e9ritable mod\u00e8le d&rsquo;humanisme\u00a0\u00bb\",\"datePublished\":\"2025-07-17T09:40:00+00:00\",\"dateModified\":\"2025-07-18T19:43:40+00:00\",\"mainEntityOfPage\":{\"@id\":\"https:\\\/\\\/lasentinelle.dz\\\/index.php\\\/2025\\\/07\\\/17\\\/prise-en-charge-des-refugies-loim-erige-lalgerie-en-veritable-modele-dhumanisme\\\/\"},\"wordCount\":742,\"commentCount\":0,\"publisher\":{\"@id\":\"https:\\\/\\\/lasentinelle.dz\\\/#organization\"},\"image\":{\"@id\":\"https:\\\/\\\/lasentinelle.dz\\\/index.php\\\/2025\\\/07\\\/17\\\/prise-en-charge-des-refugies-loim-erige-lalgerie-en-veritable-modele-dhumanisme\\\/#primaryimage\"},\"thumbnailUrl\":\"https:\\\/\\\/lasentinelle.dz\\\/wp-content\\\/uploads\\\/2025\\\/07\\\/OIM.jpg\",\"articleSection\":[\"Actualit\u00e9\"],\"inLanguage\":\"fr-FR\",\"potentialAction\":[{\"@type\":\"CommentAction\",\"name\":\"Comment\",\"target\":[\"https:\\\/\\\/lasentinelle.dz\\\/index.php\\\/2025\\\/07\\\/17\\\/prise-en-charge-des-refugies-loim-erige-lalgerie-en-veritable-modele-dhumanisme\\\/#respond\"]}]},{\"@type\":\"WebPage\",\"@id\":\"https:\\\/\\\/lasentinelle.dz\\\/index.php\\\/2025\\\/07\\\/17\\\/prise-en-charge-des-refugies-loim-erige-lalgerie-en-veritable-modele-dhumanisme\\\/\",\"url\":\"https:\\\/\\\/lasentinelle.dz\\\/index.php\\\/2025\\\/07\\\/17\\\/prise-en-charge-des-refugies-loim-erige-lalgerie-en-veritable-modele-dhumanisme\\\/\",\"name\":\"Prise en charge des r\u00e9fugi\u00e9s: L&rsquo;OIM \u00e9rige l&rsquo;Alg\u00e9rie en \u00ab\u00a0v\u00e9ritable mod\u00e8le d&rsquo;humanisme\u00a0\u00bb - La Sentinelle\",\"isPartOf\":{\"@id\":\"https:\\\/\\\/lasentinelle.dz\\\/#website\"},\"primaryImageOfPage\":{\"@id\":\"https:\\\/\\\/lasentinelle.dz\\\/index.php\\\/2025\\\/07\\\/17\\\/prise-en-charge-des-refugies-loim-erige-lalgerie-en-veritable-modele-dhumanisme\\\/#primaryimage\"},\"image\":{\"@id\":\"https:\\\/\\\/lasentinelle.dz\\\/index.php\\\/2025\\\/07\\\/17\\\/prise-en-charge-des-refugies-loim-erige-lalgerie-en-veritable-modele-dhumanisme\\\/#primaryimage\"},\"thumbnailUrl\":\"https:\\\/\\\/lasentinelle.dz\\\/wp-content\\\/uploads\\\/2025\\\/07\\\/OIM.jpg\",\"datePublished\":\"2025-07-17T09:40:00+00:00\",\"dateModified\":\"2025-07-18T19:43:40+00:00\",\"breadcrumb\":{\"@id\":\"https:\\\/\\\/lasentinelle.dz\\\/index.php\\\/2025\\\/07\\\/17\\\/prise-en-charge-des-refugies-loim-erige-lalgerie-en-veritable-modele-dhumanisme\\\/#breadcrumb\"},\"inLanguage\":\"fr-FR\",\"potentialAction\":[{\"@type\":\"ReadAction\",\"target\":[\"https:\\\/\\\/lasentinelle.dz\\\/index.php\\\/2025\\\/07\\\/17\\\/prise-en-charge-des-refugies-loim-erige-lalgerie-en-veritable-modele-dhumanisme\\\/\"]}]},{\"@type\":\"ImageObject\",\"inLanguage\":\"fr-FR\",\"@id\":\"https:\\\/\\\/lasentinelle.dz\\\/index.php\\\/2025\\\/07\\\/17\\\/prise-en-charge-des-refugies-loim-erige-lalgerie-en-veritable-modele-dhumanisme\\\/#primaryimage\",\"url\":\"https:\\\/\\\/lasentinelle.dz\\\/wp-content\\\/uploads\\\/2025\\\/07\\\/OIM.jpg\",\"contentUrl\":\"https:\\\/\\\/lasentinelle.dz\\\/wp-content\\\/uploads\\\/2025\\\/07\\\/OIM.jpg\",\"width\":2048,\"height\":1535},{\"@type\":\"BreadcrumbList\",\"@id\":\"https:\\\/\\\/lasentinelle.dz\\\/index.php\\\/2025\\\/07\\\/17\\\/prise-en-charge-des-refugies-loim-erige-lalgerie-en-veritable-modele-dhumanisme\\\/#breadcrumb\",\"itemListElement\":[{\"@type\":\"ListItem\",\"position\":1,\"name\":\"Accueil\",\"item\":\"https:\\\/\\\/lasentinelle.dz\\\/\"},{\"@type\":\"ListItem\",\"position\":2,\"name\":\"Prise en charge des r\u00e9fugi\u00e9s: L&rsquo;OIM \u00e9rige l&rsquo;Alg\u00e9rie en \u00ab\u00a0v\u00e9ritable mod\u00e8le d&rsquo;humanisme\u00a0\u00bb\"}]},{\"@type\":\"WebSite\",\"@id\":\"https:\\\/\\\/lasentinelle.dz\\\/#website\",\"url\":\"https:\\\/\\\/lasentinelle.dz\\\/\",\"name\":\"La Sentinelle\",\"description\":\"Quotidien national d&#039;information\",\"publisher\":{\"@id\":\"https:\\\/\\\/lasentinelle.dz\\\/#organization\"},\"potentialAction\":[{\"@type\":\"SearchAction\",\"target\":{\"@type\":\"EntryPoint\",\"urlTemplate\":\"https:\\\/\\\/lasentinelle.dz\\\/?s={search_term_string}\"},\"query-input\":{\"@type\":\"PropertyValueSpecification\",\"valueRequired\":true,\"valueName\":\"search_term_string\"}}],\"inLanguage\":\"fr-FR\"},{\"@type\":\"Organization\",\"@id\":\"https:\\\/\\\/lasentinelle.dz\\\/#organization\",\"name\":\"Quotidien La Sentinelle\",\"url\":\"https:\\\/\\\/lasentinelle.dz\\\/\",\"logo\":{\"@type\":\"ImageObject\",\"inLanguage\":\"fr-FR\",\"@id\":\"https:\\\/\\\/lasentinelle.dz\\\/#\\\/schema\\\/logo\\\/image\\\/\",\"url\":\"https:\\\/\\\/lasentinelle.dz\\\/wp-content\\\/uploads\\\/2021\\\/09\\\/logo-sentinelleSLOGAN-1.png\",\"contentUrl\":\"https:\\\/\\\/lasentinelle.dz\\\/wp-content\\\/uploads\\\/2021\\\/09\\\/logo-sentinelleSLOGAN-1.png\",\"width\":615,\"height\":142,\"caption\":\"Quotidien La Sentinelle\"},\"image\":{\"@id\":\"https:\\\/\\\/lasentinelle.dz\\\/#\\\/schema\\\/logo\\\/image\\\/\"},\"sameAs\":[\"https:\\\/\\\/www.facebook.com\\\/La-Sentinelle-104059864394773\"]},{\"@type\":\"Person\",\"@id\":\"https:\\\/\\\/lasentinelle.dz\\\/#\\\/schema\\\/person\\\/729ee0024f24e0b8c5ec17232f8e8b41\",\"name\":\"admin\",\"image\":{\"@type\":\"ImageObject\",\"inLanguage\":\"fr-FR\",\"@id\":\"https:\\\/\\\/secure.gravatar.com\\\/avatar\\\/4c81fed838786e9b53f540bf46533e750f5d292099ae3b66cfc6fb1982e29df7?s=96&d=mm&r=g\",\"url\":\"https:\\\/\\\/secure.gravatar.com\\\/avatar\\\/4c81fed838786e9b53f540bf46533e750f5d292099ae3b66cfc6fb1982e29df7?s=96&d=mm&r=g\",\"contentUrl\":\"https:\\\/\\\/secure.gravatar.com\\\/avatar\\\/4c81fed838786e9b53f540bf46533e750f5d292099ae3b66cfc6fb1982e29df7?s=96&d=mm&r=g\",\"caption\":\"admin\"},\"description\":\"admin\",\"url\":\"https:\\\/\\\/lasentinelle.dz\\\/author\\\/admin\\\/\"}]}<\/script>\n<!-- \/ Yoast SEO plugin. -->","yoast_head_json":{"title":"Prise en charge des r\u00e9fugi\u00e9s: L&rsquo;OIM \u00e9rige l&rsquo;Alg\u00e9rie en \u00ab\u00a0v\u00e9ritable mod\u00e8le d&rsquo;humanisme\u00a0\u00bb - La Sentinelle","robots":{"index":"index","follow":"follow","max-snippet":"max-snippet:-1","max-image-preview":"max-image-preview:large","max-video-preview":"max-video-preview:-1"},"canonical":"https:\/\/lasentinelle.dz\/index.php\/2025\/07\/17\/prise-en-charge-des-refugies-loim-erige-lalgerie-en-veritable-modele-dhumanisme\/","og_locale":"fr_FR","og_type":"article","og_title":"Prise en charge des r\u00e9fugi\u00e9s: L&rsquo;OIM \u00e9rige l&rsquo;Alg\u00e9rie en \u00ab\u00a0v\u00e9ritable mod\u00e8le d&rsquo;humanisme\u00a0\u00bb - La Sentinelle","og_description":"La Repr\u00e9sentante de l&rsquo;Organisation internationale pour les migrations (OIM) en Alg\u00e9rie, Lalini Veerassamy, a salu\u00e9 mardi \u00ab\u00a0les efforts importants consentis","og_url":"https:\/\/lasentinelle.dz\/index.php\/2025\/07\/17\/prise-en-charge-des-refugies-loim-erige-lalgerie-en-veritable-modele-dhumanisme\/","og_site_name":"La Sentinelle","article_publisher":"https:\/\/www.facebook.com\/La-Sentinelle-104059864394773","article_published_time":"2025-07-17T09:40:00+00:00","article_modified_time":"2025-07-18T19:43:40+00:00","og_image":[{"width":2048,"height":1535,"url":"https:\/\/lasentinelle.dz\/wp-content\/uploads\/2025\/07\/OIM.jpg","type":"image\/jpeg"}],"author":"admin","twitter_card":"summary_large_image","twitter_misc":{"\u00c9crit par":"admin","Dur\u00e9e de lecture estim\u00e9e":"4 minutes"},"schema":{"@context":"https:\/\/schema.org","@graph":[{"@type":"Article","@id":"https:\/\/lasentinelle.dz\/index.php\/2025\/07\/17\/prise-en-charge-des-refugies-loim-erige-lalgerie-en-veritable-modele-dhumanisme\/#article","isPartOf":{"@id":"https:\/\/lasentinelle.dz\/index.php\/2025\/07\/17\/prise-en-charge-des-refugies-loim-erige-lalgerie-en-veritable-modele-dhumanisme\/"},"author":{"name":"admin","@id":"https:\/\/lasentinelle.dz\/#\/schema\/person\/729ee0024f24e0b8c5ec17232f8e8b41"},"headline":"Prise en charge des r\u00e9fugi\u00e9s: L&rsquo;OIM \u00e9rige l&rsquo;Alg\u00e9rie en \u00ab\u00a0v\u00e9ritable mod\u00e8le d&rsquo;humanisme\u00a0\u00bb","datePublished":"2025-07-17T09:40:00+00:00","dateModified":"2025-07-18T19:43:40+00:00","mainEntityOfPage":{"@id":"https:\/\/lasentinelle.dz\/index.php\/2025\/07\/17\/prise-en-charge-des-refugies-loim-erige-lalgerie-en-veritable-modele-dhumanisme\/"},"wordCount":742,"commentCount":0,"publisher":{"@id":"https:\/\/lasentinelle.dz\/#organization"},"image":{"@id":"https:\/\/lasentinelle.dz\/index.php\/2025\/07\/17\/prise-en-charge-des-refugies-loim-erige-lalgerie-en-veritable-modele-dhumanisme\/#primaryimage"},"thumbnailUrl":"https:\/\/lasentinelle.dz\/wp-content\/uploads\/2025\/07\/OIM.jpg","articleSection":["Actualit\u00e9"],"inLanguage":"fr-FR","potentialAction":[{"@type":"CommentAction","name":"Comment","target":["https:\/\/lasentinelle.dz\/index.php\/2025\/07\/17\/prise-en-charge-des-refugies-loim-erige-lalgerie-en-veritable-modele-dhumanisme\/#respond"]}]},{"@type":"WebPage","@id":"https:\/\/lasentinelle.dz\/index.php\/2025\/07\/17\/prise-en-charge-des-refugies-loim-erige-lalgerie-en-veritable-modele-dhumanisme\/","url":"https:\/\/lasentinelle.dz\/index.php\/2025\/07\/17\/prise-en-charge-des-refugies-loim-erige-lalgerie-en-veritable-modele-dhumanisme\/","name":"Prise en charge des r\u00e9fugi\u00e9s: L&rsquo;OIM \u00e9rige l&rsquo;Alg\u00e9rie en \u00ab\u00a0v\u00e9ritable mod\u00e8le d&rsquo;humanisme\u00a0\u00bb - La Sentinelle","isPartOf":{"@id":"https:\/\/lasentinelle.dz\/#website"},"primaryImageOfPage":{"@id":"https:\/\/lasentinelle.dz\/index.php\/2025\/07\/17\/prise-en-charge-des-refugies-loim-erige-lalgerie-en-veritable-modele-dhumanisme\/#primaryimage"},"image":{"@id":"https:\/\/lasentinelle.dz\/index.php\/2025\/07\/17\/prise-en-charge-des-refugies-loim-erige-lalgerie-en-veritable-modele-dhumanisme\/#primaryimage"},"thumbnailUrl":"https:\/\/lasentinelle.dz\/wp-content\/uploads\/2025\/07\/OIM.jpg","datePublished":"2025-07-17T09:40:00+00:00","dateModified":"2025-07-18T19:43:40+00:00","breadcrumb":{"@id":"https:\/\/lasentinelle.dz\/index.php\/2025\/07\/17\/prise-en-charge-des-refugies-loim-erige-lalgerie-en-veritable-modele-dhumanisme\/#breadcrumb"},"inLanguage":"fr-FR","potentialAction":[{"@type":"ReadAction","target":["https:\/\/lasentinelle.dz\/index.php\/2025\/07\/17\/prise-en-charge-des-refugies-loim-erige-lalgerie-en-veritable-modele-dhumanisme\/"]}]},{"@type":"ImageObject","inLanguage":"fr-FR","@id":"https:\/\/lasentinelle.dz\/index.php\/2025\/07\/17\/prise-en-charge-des-refugies-loim-erige-lalgerie-en-veritable-modele-dhumanisme\/#primaryimage","url":"https:\/\/lasentinelle.dz\/wp-content\/uploads\/2025\/07\/OIM.jpg","contentUrl":"https:\/\/lasentinelle.dz\/wp-content\/uploads\/2025\/07\/OIM.jpg","width":2048,"height":1535},{"@type":"BreadcrumbList","@id":"https:\/\/lasentinelle.dz\/index.php\/2025\/07\/17\/prise-en-charge-des-refugies-loim-erige-lalgerie-en-veritable-modele-dhumanisme\/#breadcrumb","itemListElement":[{"@type":"ListItem","position":1,"name":"Accueil","item":"https:\/\/lasentinelle.dz\/"},{"@type":"ListItem","position":2,"name":"Prise en charge des r\u00e9fugi\u00e9s: L&rsquo;OIM \u00e9rige l&rsquo;Alg\u00e9rie en \u00ab\u00a0v\u00e9ritable mod\u00e8le d&rsquo;humanisme\u00a0\u00bb"}]},{"@type":"WebSite","@id":"https:\/\/lasentinelle.dz\/#website","url":"https:\/\/lasentinelle.dz\/","name":"La Sentinelle","description":"Quotidien national d&#039;information","publisher":{"@id":"https:\/\/lasentinelle.dz\/#organization"},"potentialAction":[{"@type":"SearchAction","target":{"@type":"EntryPoint","urlTemplate":"https:\/\/lasentinelle.dz\/?s={search_term_string}"},"query-input":{"@type":"PropertyValueSpecification","valueRequired":true,"valueName":"search_term_string"}}],"inLanguage":"fr-FR"},{"@type":"Organization","@id":"https:\/\/lasentinelle.dz\/#organization","name":"Quotidien La Sentinelle","url":"https:\/\/lasentinelle.dz\/","logo":{"@type":"ImageObject","inLanguage":"fr-FR","@id":"https:\/\/lasentinelle.dz\/#\/schema\/logo\/image\/","url":"https:\/\/lasentinelle.dz\/wp-content\/uploads\/2021\/09\/logo-sentinelleSLOGAN-1.png","contentUrl":"https:\/\/lasentinelle.dz\/wp-content\/uploads\/2021\/09\/logo-sentinelleSLOGAN-1.png","width":615,"height":142,"caption":"Quotidien La Sentinelle"},"image":{"@id":"https:\/\/lasentinelle.dz\/#\/schema\/logo\/image\/"},"sameAs":["https:\/\/www.facebook.com\/La-Sentinelle-104059864394773"]},{"@type":"Person","@id":"https:\/\/lasentinelle.dz\/#\/schema\/person\/729ee0024f24e0b8c5ec17232f8e8b41","name":"admin","image":{"@type":"ImageObject","inLanguage":"fr-FR","@id":"https:\/\/secure.gravatar.com\/avatar\/4c81fed838786e9b53f540bf46533e750f5d292099ae3b66cfc6fb1982e29df7?s=96&d=mm&r=g","url":"https:\/\/secure.gravatar.com\/avatar\/4c81fed838786e9b53f540bf46533e750f5d292099ae3b66cfc6fb1982e29df7?s=96&d=mm&r=g","contentUrl":"https:\/\/secure.gravatar.com\/avatar\/4c81fed838786e9b53f540bf46533e750f5d292099ae3b66cfc6fb1982e29df7?s=96&d=mm&r=g","caption":"admin"},"description":"admin","url":"https:\/\/lasentinelle.dz\/author\/admin\/"}]}},"_links":{"self":[{"href":"https:\/\/lasentinelle.dz\/index.php\/wp-json\/wp\/v2\/posts\/70526","targetHints":{"allow":["GET"]}}],"collection":[{"href":"https:\/\/lasentinelle.dz\/index.php\/wp-json\/wp\/v2\/posts"}],"about":[{"href":"https:\/\/lasentinelle.dz\/index.php\/wp-json\/wp\/v2\/types\/post"}],"author":[{"embeddable":true,"href":"https:\/\/lasentinelle.dz\/index.php\/wp-json\/wp\/v2\/users\/6"}],"replies":[{"embeddable":true,"href":"https:\/\/lasentinelle.dz\/index.php\/wp-json\/wp\/v2\/comments?post=70526"}],"version-history":[{"count":2,"href":"https:\/\/lasentinelle.dz\/index.php\/wp-json\/wp\/v2\/posts\/70526\/revisions"}],"predecessor-version":[{"id":70529,"href":"https:\/\/lasentinelle.dz\/index.php\/wp-json\/wp\/v2\/posts\/70526\/revisions\/70529"}],"wp:featuredmedia":[{"embeddable":true,"href":"https:\/\/lasentinelle.dz\/index.php\/wp-json\/wp\/v2\/media\/70527"}],"wp:attachment":[{"href":"https:\/\/lasentinelle.dz\/index.php\/wp-json\/wp\/v2\/media?parent=70526"}],"wp:term":[{"taxonomy":"category","embeddable":true,"href":"https:\/\/lasentinelle.dz\/index.php\/wp-json\/wp\/v2\/categories?post=70526"},{"taxonomy":"post_tag","embeddable":true,"href":"https:\/\/lasentinelle.dz\/index.php\/wp-json\/wp\/v2\/tags?post=70526"}],"curies":[{"name":"wp","href":"https:\/\/api.w.org\/{rel}","templated":true}]}}