{"id":70543,"date":"2025-07-20T11:36:16","date_gmt":"2025-07-20T10:36:16","guid":{"rendered":"https:\/\/lasentinelle.dz\/?p=70543"},"modified":"2025-07-20T11:36:17","modified_gmt":"2025-07-20T10:36:17","slug":"risques-de-noyade-durant-lete-112-deces-recenses-depuis-juin","status":"publish","type":"post","link":"https:\/\/lasentinelle.dz\/index.php\/2025\/07\/20\/risques-de-noyade-durant-lete-112-deces-recenses-depuis-juin\/","title":{"rendered":"Risques de noyade durant l&rsquo;\u00e9t\u00e9 : 112 d\u00e9c\u00e8s recens\u00e9s depuis juin"},"content":{"rendered":"\n<p>L&rsquo;\u00e9t\u00e9 2025 s&rsquo;annonce particuli\u00e8rement meurtrier sur le littoral et dans les plans d&rsquo;eau avec un bilan dramatique de 112 d\u00e9c\u00e8s par noyade recens\u00e9s depuis le 1er juin, selon les derniers chiffres communiqu\u00e9s par la Direction g\u00e9n\u00e9rale de la Protection civile. Cette h\u00e9catombe estivale, qui frappe chaque ann\u00e9e l&rsquo;Alg\u00e9rie, souligne une fois de plus l&rsquo;urgence de renforcer la pr\u00e9vention et la sensibilisation des vacanciers. Le Commandant Nassim Bernaoui, sous-directeur des statistiques et de l&rsquo;information \u00e0 la Direction g\u00e9n\u00e9rale de la Protection civile, a dress\u00e9 vendredi un bilan alarmant de la situation. Selon ses d\u00e9clarations \u00e0 l&rsquo;APS, soixante-quinze personnes ont trouv\u00e9 la mort par noyade au niveau des plages \u00e0 travers le territoire national, tandis que trente-sept autres cas de d\u00e9c\u00e8s ont \u00e9t\u00e9 enregistr\u00e9s dans divers plans d&rsquo;eau depuis le d\u00e9but de la saison estivale. Ces chiffres traduisent une r\u00e9alit\u00e9 pr\u00e9occupante malgr\u00e9 les efforts d\u00e9ploy\u00e9s par les services de secours qui ont n\u00e9anmoins r\u00e9ussi \u00e0 sauver 16.593 personnes lors de 24.187 interventions effectu\u00e9es sur plusieurs plages \u00e0 l&rsquo;\u00e9chelle nationale. Parmi les soixante-quinze victimes, trente-six cas ont \u00e9t\u00e9 enregistr\u00e9s sur des plages interdites \u00e0 la baignade, soulignant le non-respect flagrant des consignes de s\u00e9curit\u00e9 par de nombreux estivants. Parall\u00e8lement, trente-cinq d\u00e9c\u00e8s ont \u00e9t\u00e9 recens\u00e9s sur des plages pourtant surveill\u00e9es, ce qui interroge sur l&rsquo;efficacit\u00e9 des dispositifs de surveillance mis en place et sur la n\u00e9cessit\u00e9 de renforcer les \u00e9quipes de ma\u00eetres-nageurs-sauveteurs. L&rsquo;analyse temporelle des incidents r\u00e9v\u00e8le \u00e9galement des n\u00e9gligences comportementales inqui\u00e9tantes. Dix-neuf cas de d\u00e9c\u00e8s ont \u00e9t\u00e9 enregistr\u00e9s en dehors des heures de surveillance, p\u00e9riode durant laquelle les baigneurs \u00e9voluent sans aucune assistance professionnelle. Plus pr\u00e9occupant encore, cinq cas mortels ont \u00e9t\u00e9 r\u00e9pertori\u00e9s lorsque la baignade \u00e9tait formellement interdite, mat\u00e9rialis\u00e9e par le hissage du drapeau rouge, signal d&rsquo;alarme que certains vacanciers continuent d&rsquo;ignorer au p\u00e9ril de leur vie. La situation dans les plans d&rsquo;eau int\u00e9rieurs n&rsquo;est gu\u00e8re plus rassurante avec trente-sept cas de d\u00e9c\u00e8s par noyade recens\u00e9s dans diverses installations. Cette tragique comptabilit\u00e9 se d\u00e9cline en quatorze d\u00e9c\u00e8s dans des bassins, sept dans des piscines, huit dans des bassins d&rsquo;irrigation, trois dans des retenues d&rsquo;eau, quatre dans des barrages et un cas dans un oued. Face \u00e0 cette h\u00e9catombe, le minist\u00e8re de l&rsquo;Int\u00e9rieur, des Collectivit\u00e9s locales et de l&rsquo;Am\u00e9nagement du territoire a intensifi\u00e9 ses efforts de sensibilisation. Soucieux de sensibiliser les citoyens \u00e0 la n\u00e9cessit\u00e9 d&rsquo;\u00e9viter la baignade dans les plages interdites et les plans d&rsquo;eau dangereux, le minist\u00e8re a mis en place un panneau publicitaire percutant appelant les citoyens \u00e0 pr\u00e9server leur vie pour ne pas transformer leurs vacances en trag\u00e9die. Cette initiative s&rsquo;inscrit dans une d\u00e9marche plus globale de pr\u00e9vention qui devrait s&rsquo;accompagner d&rsquo;un renforcement des contr\u00f4les et d&rsquo;une application plus stricte de la r\u00e9glementation en vigueur. Les chiffres communiqu\u00e9s par la Protection civile illustrent paradoxalement l&rsquo;efficacit\u00e9 relative du dispositif de surveillance puisque plus de 16.000 personnes ont pu \u00eatre secourues gr\u00e2ce aux interventions des \u00e9quipes de sauvetage. Cependant, ces succ\u00e8s ne peuvent occulter la gravit\u00e9 d&rsquo;un bilan qui risque encore de s&rsquo;alourdir avec la poursuite de la saison estivale et l&rsquo;affluence massive attendue durant le mois d&rsquo;ao\u00fbt. Cette situation appelle \u00e0 une prise de conscience collective et \u00e0 une responsabilisation accrue des estivants qui doivent imp\u00e9rativement respecter les consignes de s\u00e9curit\u00e9 pour \u00e9viter que l&rsquo;\u00e9t\u00e9 ne se transforme en cauchemar pour de nombreuses familles alg\u00e9riennes.<\/p>\n\n\n\n<p>Chokri Hafed<\/p>\n","protected":false},"excerpt":{"rendered":"<p>L&rsquo;\u00e9t\u00e9 2025 s&rsquo;annonce particuli\u00e8rement meurtrier sur le littoral et dans les plans d&rsquo;eau avec un bilan dramatique de 112 d\u00e9c\u00e8s<\/p>\n","protected":false},"author":6,"featured_media":44088,"comment_status":"open","ping_status":"closed","sticky":false,"template":"","format":"standard","meta":{"colormag_page_container_layout":"default_layout","colormag_page_sidebar_layout":"default_layout","om_disable_all_campaigns":false,"_monsterinsights_skip_tracking":false,"_monsterinsights_sitenote_active":false,"_monsterinsights_sitenote_note":"","_monsterinsights_sitenote_category":0,"footnotes":"","_wpscppro_dont_share_socialmedia":false,"_wpscppro_custom_social_share_image":0,"_facebook_share_type":"default","_twitter_share_type":"default","_linkedin_share_type":"default","_pinterest_share_type":"default","_linkedin_share_type_page":"","_instagram_share_type":"default","_medium_share_type":"default","_threads_share_type":"","_google_business_share_type":"","_selected_social_profile":[],"_wpsp_enable_custom_social_template":false,"_wpsp_social_scheduling":{"enabled":false,"datetime":null,"platforms":[],"status":"template_only","dateOption":"today","timeOption":"now","customDays":"","customHours":"","customDate":"","customTime":"","schedulingType":"absolute"},"_wpsp_active_default_template":true},"categories":[52,27],"tags":[],"class_list":["post-70543","post","type-post","status-publish","format-standard","has-post-thumbnail","hentry","category-a-la-une","category-actualite"],"aioseo_notices":[],"yoast_head":"<!-- This site is optimized with the Yoast SEO plugin v27.5 - https:\/\/yoast.com\/product\/yoast-seo-wordpress\/ -->\n<title>Risques de noyade durant l&rsquo;\u00e9t\u00e9 : 112 d\u00e9c\u00e8s recens\u00e9s depuis juin - La Sentinelle<\/title>\n<meta name=\"robots\" content=\"index, follow, max-snippet:-1, max-image-preview:large, max-video-preview:-1\" \/>\n<link rel=\"canonical\" href=\"https:\/\/lasentinelle.dz\/index.php\/2025\/07\/20\/risques-de-noyade-durant-lete-112-deces-recenses-depuis-juin\/\" \/>\n<meta property=\"og:locale\" content=\"fr_FR\" \/>\n<meta property=\"og:type\" content=\"article\" \/>\n<meta property=\"og:title\" content=\"Risques de noyade durant l&rsquo;\u00e9t\u00e9 : 112 d\u00e9c\u00e8s recens\u00e9s depuis juin - La Sentinelle\" \/>\n<meta property=\"og:description\" content=\"L&rsquo;\u00e9t\u00e9 2025 s&rsquo;annonce particuli\u00e8rement meurtrier sur le littoral et dans les plans d&rsquo;eau avec un bilan dramatique de 112 d\u00e9c\u00e8s\" \/>\n<meta property=\"og:url\" content=\"https:\/\/lasentinelle.dz\/index.php\/2025\/07\/20\/risques-de-noyade-durant-lete-112-deces-recenses-depuis-juin\/\" \/>\n<meta property=\"og:site_name\" content=\"La Sentinelle\" \/>\n<meta property=\"article:publisher\" content=\"https:\/\/www.facebook.com\/La-Sentinelle-104059864394773\" \/>\n<meta property=\"article:published_time\" content=\"2025-07-20T10:36:16+00:00\" \/>\n<meta property=\"article:modified_time\" content=\"2025-07-20T10:36:17+00:00\" \/>\n<meta property=\"og:image\" content=\"https:\/\/lasentinelle.dz\/wp-content\/uploads\/2023\/07\/noyade.webp\" \/>\n\t<meta property=\"og:image:width\" content=\"450\" \/>\n\t<meta property=\"og:image:height\" content=\"300\" \/>\n\t<meta property=\"og:image:type\" content=\"image\/webp\" \/>\n<meta name=\"author\" content=\"admin\" \/>\n<meta name=\"twitter:card\" content=\"summary_large_image\" \/>\n<meta name=\"twitter:label1\" content=\"\u00c9crit par\" \/>\n\t<meta name=\"twitter:data1\" content=\"admin\" \/>\n\t<meta name=\"twitter:label2\" content=\"Dur\u00e9e de lecture estim\u00e9e\" \/>\n\t<meta name=\"twitter:data2\" content=\"4 minutes\" \/>\n<script type=\"application\/ld+json\" class=\"yoast-schema-graph\">{\"@context\":\"https:\\\/\\\/schema.org\",\"@graph\":[{\"@type\":\"Article\",\"@id\":\"https:\\\/\\\/lasentinelle.dz\\\/index.php\\\/2025\\\/07\\\/20\\\/risques-de-noyade-durant-lete-112-deces-recenses-depuis-juin\\\/#article\",\"isPartOf\":{\"@id\":\"https:\\\/\\\/lasentinelle.dz\\\/index.php\\\/2025\\\/07\\\/20\\\/risques-de-noyade-durant-lete-112-deces-recenses-depuis-juin\\\/\"},\"author\":{\"name\":\"admin\",\"@id\":\"https:\\\/\\\/lasentinelle.dz\\\/#\\\/schema\\\/person\\\/729ee0024f24e0b8c5ec17232f8e8b41\"},\"headline\":\"Risques de noyade durant l&rsquo;\u00e9t\u00e9 : 112 d\u00e9c\u00e8s recens\u00e9s depuis juin\",\"datePublished\":\"2025-07-20T10:36:16+00:00\",\"dateModified\":\"2025-07-20T10:36:17+00:00\",\"mainEntityOfPage\":{\"@id\":\"https:\\\/\\\/lasentinelle.dz\\\/index.php\\\/2025\\\/07\\\/20\\\/risques-de-noyade-durant-lete-112-deces-recenses-depuis-juin\\\/\"},\"wordCount\":652,\"commentCount\":0,\"publisher\":{\"@id\":\"https:\\\/\\\/lasentinelle.dz\\\/#organization\"},\"image\":{\"@id\":\"https:\\\/\\\/lasentinelle.dz\\\/index.php\\\/2025\\\/07\\\/20\\\/risques-de-noyade-durant-lete-112-deces-recenses-depuis-juin\\\/#primaryimage\"},\"thumbnailUrl\":\"https:\\\/\\\/lasentinelle.dz\\\/wp-content\\\/uploads\\\/2023\\\/07\\\/noyade.webp\",\"articleSection\":[\"\u00c0 la Une\",\"Actualit\u00e9\"],\"inLanguage\":\"fr-FR\",\"potentialAction\":[{\"@type\":\"CommentAction\",\"name\":\"Comment\",\"target\":[\"https:\\\/\\\/lasentinelle.dz\\\/index.php\\\/2025\\\/07\\\/20\\\/risques-de-noyade-durant-lete-112-deces-recenses-depuis-juin\\\/#respond\"]}]},{\"@type\":\"WebPage\",\"@id\":\"https:\\\/\\\/lasentinelle.dz\\\/index.php\\\/2025\\\/07\\\/20\\\/risques-de-noyade-durant-lete-112-deces-recenses-depuis-juin\\\/\",\"url\":\"https:\\\/\\\/lasentinelle.dz\\\/index.php\\\/2025\\\/07\\\/20\\\/risques-de-noyade-durant-lete-112-deces-recenses-depuis-juin\\\/\",\"name\":\"Risques de noyade durant l&rsquo;\u00e9t\u00e9 : 112 d\u00e9c\u00e8s recens\u00e9s depuis juin - La Sentinelle\",\"isPartOf\":{\"@id\":\"https:\\\/\\\/lasentinelle.dz\\\/#website\"},\"primaryImageOfPage\":{\"@id\":\"https:\\\/\\\/lasentinelle.dz\\\/index.php\\\/2025\\\/07\\\/20\\\/risques-de-noyade-durant-lete-112-deces-recenses-depuis-juin\\\/#primaryimage\"},\"image\":{\"@id\":\"https:\\\/\\\/lasentinelle.dz\\\/index.php\\\/2025\\\/07\\\/20\\\/risques-de-noyade-durant-lete-112-deces-recenses-depuis-juin\\\/#primaryimage\"},\"thumbnailUrl\":\"https:\\\/\\\/lasentinelle.dz\\\/wp-content\\\/uploads\\\/2023\\\/07\\\/noyade.webp\",\"datePublished\":\"2025-07-20T10:36:16+00:00\",\"dateModified\":\"2025-07-20T10:36:17+00:00\",\"breadcrumb\":{\"@id\":\"https:\\\/\\\/lasentinelle.dz\\\/index.php\\\/2025\\\/07\\\/20\\\/risques-de-noyade-durant-lete-112-deces-recenses-depuis-juin\\\/#breadcrumb\"},\"inLanguage\":\"fr-FR\",\"potentialAction\":[{\"@type\":\"ReadAction\",\"target\":[\"https:\\\/\\\/lasentinelle.dz\\\/index.php\\\/2025\\\/07\\\/20\\\/risques-de-noyade-durant-lete-112-deces-recenses-depuis-juin\\\/\"]}]},{\"@type\":\"ImageObject\",\"inLanguage\":\"fr-FR\",\"@id\":\"https:\\\/\\\/lasentinelle.dz\\\/index.php\\\/2025\\\/07\\\/20\\\/risques-de-noyade-durant-lete-112-deces-recenses-depuis-juin\\\/#primaryimage\",\"url\":\"https:\\\/\\\/lasentinelle.dz\\\/wp-content\\\/uploads\\\/2023\\\/07\\\/noyade.webp\",\"contentUrl\":\"https:\\\/\\\/lasentinelle.dz\\\/wp-content\\\/uploads\\\/2023\\\/07\\\/noyade.webp\",\"width\":450,\"height\":300},{\"@type\":\"BreadcrumbList\",\"@id\":\"https:\\\/\\\/lasentinelle.dz\\\/index.php\\\/2025\\\/07\\\/20\\\/risques-de-noyade-durant-lete-112-deces-recenses-depuis-juin\\\/#breadcrumb\",\"itemListElement\":[{\"@type\":\"ListItem\",\"position\":1,\"name\":\"Accueil\",\"item\":\"https:\\\/\\\/lasentinelle.dz\\\/\"},{\"@type\":\"ListItem\",\"position\":2,\"name\":\"Risques de noyade durant l&rsquo;\u00e9t\u00e9 : 112 d\u00e9c\u00e8s recens\u00e9s depuis juin\"}]},{\"@type\":\"WebSite\",\"@id\":\"https:\\\/\\\/lasentinelle.dz\\\/#website\",\"url\":\"https:\\\/\\\/lasentinelle.dz\\\/\",\"name\":\"La Sentinelle\",\"description\":\"Quotidien national d&#039;information\",\"publisher\":{\"@id\":\"https:\\\/\\\/lasentinelle.dz\\\/#organization\"},\"potentialAction\":[{\"@type\":\"SearchAction\",\"target\":{\"@type\":\"EntryPoint\",\"urlTemplate\":\"https:\\\/\\\/lasentinelle.dz\\\/?s={search_term_string}\"},\"query-input\":{\"@type\":\"PropertyValueSpecification\",\"valueRequired\":true,\"valueName\":\"search_term_string\"}}],\"inLanguage\":\"fr-FR\"},{\"@type\":\"Organization\",\"@id\":\"https:\\\/\\\/lasentinelle.dz\\\/#organization\",\"name\":\"Quotidien La Sentinelle\",\"url\":\"https:\\\/\\\/lasentinelle.dz\\\/\",\"logo\":{\"@type\":\"ImageObject\",\"inLanguage\":\"fr-FR\",\"@id\":\"https:\\\/\\\/lasentinelle.dz\\\/#\\\/schema\\\/logo\\\/image\\\/\",\"url\":\"https:\\\/\\\/lasentinelle.dz\\\/wp-content\\\/uploads\\\/2021\\\/09\\\/logo-sentinelleSLOGAN-1.png\",\"contentUrl\":\"https:\\\/\\\/lasentinelle.dz\\\/wp-content\\\/uploads\\\/2021\\\/09\\\/logo-sentinelleSLOGAN-1.png\",\"width\":615,\"height\":142,\"caption\":\"Quotidien La Sentinelle\"},\"image\":{\"@id\":\"https:\\\/\\\/lasentinelle.dz\\\/#\\\/schema\\\/logo\\\/image\\\/\"},\"sameAs\":[\"https:\\\/\\\/www.facebook.com\\\/La-Sentinelle-104059864394773\"]},{\"@type\":\"Person\",\"@id\":\"https:\\\/\\\/lasentinelle.dz\\\/#\\\/schema\\\/person\\\/729ee0024f24e0b8c5ec17232f8e8b41\",\"name\":\"admin\",\"image\":{\"@type\":\"ImageObject\",\"inLanguage\":\"fr-FR\",\"@id\":\"https:\\\/\\\/secure.gravatar.com\\\/avatar\\\/4c81fed838786e9b53f540bf46533e750f5d292099ae3b66cfc6fb1982e29df7?s=96&d=mm&r=g\",\"url\":\"https:\\\/\\\/secure.gravatar.com\\\/avatar\\\/4c81fed838786e9b53f540bf46533e750f5d292099ae3b66cfc6fb1982e29df7?s=96&d=mm&r=g\",\"contentUrl\":\"https:\\\/\\\/secure.gravatar.com\\\/avatar\\\/4c81fed838786e9b53f540bf46533e750f5d292099ae3b66cfc6fb1982e29df7?s=96&d=mm&r=g\",\"caption\":\"admin\"},\"description\":\"admin\",\"url\":\"https:\\\/\\\/lasentinelle.dz\\\/author\\\/admin\\\/\"}]}<\/script>\n<!-- \/ Yoast SEO plugin. -->","yoast_head_json":{"title":"Risques de noyade durant l&rsquo;\u00e9t\u00e9 : 112 d\u00e9c\u00e8s recens\u00e9s depuis juin - La Sentinelle","robots":{"index":"index","follow":"follow","max-snippet":"max-snippet:-1","max-image-preview":"max-image-preview:large","max-video-preview":"max-video-preview:-1"},"canonical":"https:\/\/lasentinelle.dz\/index.php\/2025\/07\/20\/risques-de-noyade-durant-lete-112-deces-recenses-depuis-juin\/","og_locale":"fr_FR","og_type":"article","og_title":"Risques de noyade durant l&rsquo;\u00e9t\u00e9 : 112 d\u00e9c\u00e8s recens\u00e9s depuis juin - La Sentinelle","og_description":"L&rsquo;\u00e9t\u00e9 2025 s&rsquo;annonce particuli\u00e8rement meurtrier sur le littoral et dans les plans d&rsquo;eau avec un bilan dramatique de 112 d\u00e9c\u00e8s","og_url":"https:\/\/lasentinelle.dz\/index.php\/2025\/07\/20\/risques-de-noyade-durant-lete-112-deces-recenses-depuis-juin\/","og_site_name":"La Sentinelle","article_publisher":"https:\/\/www.facebook.com\/La-Sentinelle-104059864394773","article_published_time":"2025-07-20T10:36:16+00:00","article_modified_time":"2025-07-20T10:36:17+00:00","og_image":[{"width":450,"height":300,"url":"https:\/\/lasentinelle.dz\/wp-content\/uploads\/2023\/07\/noyade.webp","type":"image\/webp"}],"author":"admin","twitter_card":"summary_large_image","twitter_misc":{"\u00c9crit par":"admin","Dur\u00e9e de lecture estim\u00e9e":"4 minutes"},"schema":{"@context":"https:\/\/schema.org","@graph":[{"@type":"Article","@id":"https:\/\/lasentinelle.dz\/index.php\/2025\/07\/20\/risques-de-noyade-durant-lete-112-deces-recenses-depuis-juin\/#article","isPartOf":{"@id":"https:\/\/lasentinelle.dz\/index.php\/2025\/07\/20\/risques-de-noyade-durant-lete-112-deces-recenses-depuis-juin\/"},"author":{"name":"admin","@id":"https:\/\/lasentinelle.dz\/#\/schema\/person\/729ee0024f24e0b8c5ec17232f8e8b41"},"headline":"Risques de noyade durant l&rsquo;\u00e9t\u00e9 : 112 d\u00e9c\u00e8s recens\u00e9s depuis juin","datePublished":"2025-07-20T10:36:16+00:00","dateModified":"2025-07-20T10:36:17+00:00","mainEntityOfPage":{"@id":"https:\/\/lasentinelle.dz\/index.php\/2025\/07\/20\/risques-de-noyade-durant-lete-112-deces-recenses-depuis-juin\/"},"wordCount":652,"commentCount":0,"publisher":{"@id":"https:\/\/lasentinelle.dz\/#organization"},"image":{"@id":"https:\/\/lasentinelle.dz\/index.php\/2025\/07\/20\/risques-de-noyade-durant-lete-112-deces-recenses-depuis-juin\/#primaryimage"},"thumbnailUrl":"https:\/\/lasentinelle.dz\/wp-content\/uploads\/2023\/07\/noyade.webp","articleSection":["\u00c0 la Une","Actualit\u00e9"],"inLanguage":"fr-FR","potentialAction":[{"@type":"CommentAction","name":"Comment","target":["https:\/\/lasentinelle.dz\/index.php\/2025\/07\/20\/risques-de-noyade-durant-lete-112-deces-recenses-depuis-juin\/#respond"]}]},{"@type":"WebPage","@id":"https:\/\/lasentinelle.dz\/index.php\/2025\/07\/20\/risques-de-noyade-durant-lete-112-deces-recenses-depuis-juin\/","url":"https:\/\/lasentinelle.dz\/index.php\/2025\/07\/20\/risques-de-noyade-durant-lete-112-deces-recenses-depuis-juin\/","name":"Risques de noyade durant l&rsquo;\u00e9t\u00e9 : 112 d\u00e9c\u00e8s recens\u00e9s depuis juin - La Sentinelle","isPartOf":{"@id":"https:\/\/lasentinelle.dz\/#website"},"primaryImageOfPage":{"@id":"https:\/\/lasentinelle.dz\/index.php\/2025\/07\/20\/risques-de-noyade-durant-lete-112-deces-recenses-depuis-juin\/#primaryimage"},"image":{"@id":"https:\/\/lasentinelle.dz\/index.php\/2025\/07\/20\/risques-de-noyade-durant-lete-112-deces-recenses-depuis-juin\/#primaryimage"},"thumbnailUrl":"https:\/\/lasentinelle.dz\/wp-content\/uploads\/2023\/07\/noyade.webp","datePublished":"2025-07-20T10:36:16+00:00","dateModified":"2025-07-20T10:36:17+00:00","breadcrumb":{"@id":"https:\/\/lasentinelle.dz\/index.php\/2025\/07\/20\/risques-de-noyade-durant-lete-112-deces-recenses-depuis-juin\/#breadcrumb"},"inLanguage":"fr-FR","potentialAction":[{"@type":"ReadAction","target":["https:\/\/lasentinelle.dz\/index.php\/2025\/07\/20\/risques-de-noyade-durant-lete-112-deces-recenses-depuis-juin\/"]}]},{"@type":"ImageObject","inLanguage":"fr-FR","@id":"https:\/\/lasentinelle.dz\/index.php\/2025\/07\/20\/risques-de-noyade-durant-lete-112-deces-recenses-depuis-juin\/#primaryimage","url":"https:\/\/lasentinelle.dz\/wp-content\/uploads\/2023\/07\/noyade.webp","contentUrl":"https:\/\/lasentinelle.dz\/wp-content\/uploads\/2023\/07\/noyade.webp","width":450,"height":300},{"@type":"BreadcrumbList","@id":"https:\/\/lasentinelle.dz\/index.php\/2025\/07\/20\/risques-de-noyade-durant-lete-112-deces-recenses-depuis-juin\/#breadcrumb","itemListElement":[{"@type":"ListItem","position":1,"name":"Accueil","item":"https:\/\/lasentinelle.dz\/"},{"@type":"ListItem","position":2,"name":"Risques de noyade durant l&rsquo;\u00e9t\u00e9 : 112 d\u00e9c\u00e8s recens\u00e9s depuis juin"}]},{"@type":"WebSite","@id":"https:\/\/lasentinelle.dz\/#website","url":"https:\/\/lasentinelle.dz\/","name":"La Sentinelle","description":"Quotidien national d&#039;information","publisher":{"@id":"https:\/\/lasentinelle.dz\/#organization"},"potentialAction":[{"@type":"SearchAction","target":{"@type":"EntryPoint","urlTemplate":"https:\/\/lasentinelle.dz\/?s={search_term_string}"},"query-input":{"@type":"PropertyValueSpecification","valueRequired":true,"valueName":"search_term_string"}}],"inLanguage":"fr-FR"},{"@type":"Organization","@id":"https:\/\/lasentinelle.dz\/#organization","name":"Quotidien La Sentinelle","url":"https:\/\/lasentinelle.dz\/","logo":{"@type":"ImageObject","inLanguage":"fr-FR","@id":"https:\/\/lasentinelle.dz\/#\/schema\/logo\/image\/","url":"https:\/\/lasentinelle.dz\/wp-content\/uploads\/2021\/09\/logo-sentinelleSLOGAN-1.png","contentUrl":"https:\/\/lasentinelle.dz\/wp-content\/uploads\/2021\/09\/logo-sentinelleSLOGAN-1.png","width":615,"height":142,"caption":"Quotidien La Sentinelle"},"image":{"@id":"https:\/\/lasentinelle.dz\/#\/schema\/logo\/image\/"},"sameAs":["https:\/\/www.facebook.com\/La-Sentinelle-104059864394773"]},{"@type":"Person","@id":"https:\/\/lasentinelle.dz\/#\/schema\/person\/729ee0024f24e0b8c5ec17232f8e8b41","name":"admin","image":{"@type":"ImageObject","inLanguage":"fr-FR","@id":"https:\/\/secure.gravatar.com\/avatar\/4c81fed838786e9b53f540bf46533e750f5d292099ae3b66cfc6fb1982e29df7?s=96&d=mm&r=g","url":"https:\/\/secure.gravatar.com\/avatar\/4c81fed838786e9b53f540bf46533e750f5d292099ae3b66cfc6fb1982e29df7?s=96&d=mm&r=g","contentUrl":"https:\/\/secure.gravatar.com\/avatar\/4c81fed838786e9b53f540bf46533e750f5d292099ae3b66cfc6fb1982e29df7?s=96&d=mm&r=g","caption":"admin"},"description":"admin","url":"https:\/\/lasentinelle.dz\/author\/admin\/"}]}},"_links":{"self":[{"href":"https:\/\/lasentinelle.dz\/index.php\/wp-json\/wp\/v2\/posts\/70543","targetHints":{"allow":["GET"]}}],"collection":[{"href":"https:\/\/lasentinelle.dz\/index.php\/wp-json\/wp\/v2\/posts"}],"about":[{"href":"https:\/\/lasentinelle.dz\/index.php\/wp-json\/wp\/v2\/types\/post"}],"author":[{"embeddable":true,"href":"https:\/\/lasentinelle.dz\/index.php\/wp-json\/wp\/v2\/users\/6"}],"replies":[{"embeddable":true,"href":"https:\/\/lasentinelle.dz\/index.php\/wp-json\/wp\/v2\/comments?post=70543"}],"version-history":[{"count":2,"href":"https:\/\/lasentinelle.dz\/index.php\/wp-json\/wp\/v2\/posts\/70543\/revisions"}],"predecessor-version":[{"id":70545,"href":"https:\/\/lasentinelle.dz\/index.php\/wp-json\/wp\/v2\/posts\/70543\/revisions\/70545"}],"wp:featuredmedia":[{"embeddable":true,"href":"https:\/\/lasentinelle.dz\/index.php\/wp-json\/wp\/v2\/media\/44088"}],"wp:attachment":[{"href":"https:\/\/lasentinelle.dz\/index.php\/wp-json\/wp\/v2\/media?parent=70543"}],"wp:term":[{"taxonomy":"category","embeddable":true,"href":"https:\/\/lasentinelle.dz\/index.php\/wp-json\/wp\/v2\/categories?post=70543"},{"taxonomy":"post_tag","embeddable":true,"href":"https:\/\/lasentinelle.dz\/index.php\/wp-json\/wp\/v2\/tags?post=70543"}],"curies":[{"name":"wp","href":"https:\/\/api.w.org\/{rel}","templated":true}]}}