{"id":70546,"date":"2025-07-20T11:38:02","date_gmt":"2025-07-20T10:38:02","guid":{"rendered":"https:\/\/lasentinelle.dz\/?p=70546"},"modified":"2025-07-20T11:38:03","modified_gmt":"2025-07-20T10:38:03","slug":"republique-democratique-du-congo-signature-dun-accord-entre-les-autorites-et-le-m23","status":"publish","type":"post","link":"https:\/\/lasentinelle.dz\/index.php\/2025\/07\/20\/republique-democratique-du-congo-signature-dun-accord-entre-les-autorites-et-le-m23\/","title":{"rendered":"R\u00e9publique D\u00e9mocratique du Congo: Signature d&rsquo;un accord entre les autorit\u00e9s et le M23"},"content":{"rendered":"\n<p>Le gouvernement de la R\u00e9publique D\u00e9mocratique du Congo et les rebelles du groupe Mouvement du 23 mars ont sign\u00e9 samedi \u00e0 Doha une d\u00e9claration sur les principes de cessation des hostilit\u00e9s \u00e0 l&rsquo;est du pays, avec l&rsquo;interm\u00e9diation du Qatar. Cette signature historique fait suite \u00e0 trois mois de discussions intensives men\u00e9es au Qatar entre les parties au conflit dans la capitale qatarie. La d\u00e9claration de principe stipule explicitement que les parties s&rsquo;engagent \u00e0 respecter leur engagement en faveur d&rsquo;un cessez-le-feu permanent dans cette r\u00e9gion en proie aux violences depuis de nombreuses ann\u00e9es. Ces accords t\u00e9moignent des progr\u00e8s substantiels r\u00e9alis\u00e9s lors des n\u00e9gociations diplomatiques en cours depuis plusieurs mois sous l&rsquo;\u00e9gide de Doha, bien que des d\u00e9tails techniques et op\u00e9rationnels restent encore \u00e0 finaliser entre les d\u00e9l\u00e9gations pr\u00e9sentes. En mars 2025, une rencontre diplomatique cruciale sous le patronage de l&rsquo;\u00e9mir du Qatar, Sheikh Tamim ben Hamad Al Thani, avait eu lieu \u00e0 Doha entre le pr\u00e9sident de la RDC, F\u00e9lix Tshisekedi, et le pr\u00e9sident rwandais Paul Kagame, o\u00f9 ils avaient convenu de rechercher activement un cessez-le-feu durable \u00e0 l&rsquo;est de la RDC. Le 27 juin pr\u00e9c\u00e9dent, les ministres des Affaires \u00e9trang\u00e8res de la RDC et du Rwanda avaient sign\u00e9 \u00e0 Washington un accord de paix pr\u00e9liminaire, avec l&rsquo;aide diplomatique des \u00c9tats-Unis et du Qatar dans le cadre d&rsquo;une m\u00e9diation internationale. Cet accord global concerne sp\u00e9cifiquement le respect de l&rsquo;int\u00e9grit\u00e9 territoriale des \u00c9tats concern\u00e9s, l&rsquo;interdiction formelle des actions militaires offensives, le d\u00e9sarmement progressif des groupes rebelles actifs, y compris le M23, l&rsquo;int\u00e9gration conditionnelle des groupes arm\u00e9s non \u00e9tatiques dans les structures officielles, le retour s\u00e9curis\u00e9 des r\u00e9fugi\u00e9s dans leurs zones d&rsquo;origine et la cr\u00e9ation d&rsquo;un m\u00e9canisme conjoint permanent pour coordonner efficacement les questions de s\u00e9curit\u00e9 r\u00e9gionale. L&rsquo;Union africaine a imm\u00e9diatement salu\u00e9 cette signature en qualifiant l&rsquo;\u00e9v\u00e9nement d&rsquo;avanc\u00e9e significative dans le processus de paix r\u00e9gional. Le pr\u00e9sident de la Commission de l&rsquo;UA, Mahamoud Ali Youssouf, a d\u00e9clar\u00e9 dans un communiqu\u00e9 officiel que cette avanc\u00e9e significative marque une \u00e9tape majeure dans les efforts diplomatiques d\u00e9ploy\u00e9s pour instaurer une paix durable, une s\u00e9curit\u00e9 renforc\u00e9e et une stabilit\u00e9 politique durables dans l&rsquo;est de la RDC et dans l&rsquo;ensemble de la r\u00e9gion des Grands Lacs africains. La crise s\u00e9curitaire \u00e0 l&rsquo;est de la RDC d\u00e9coule directement de l&rsquo;intensification des activit\u00e9s des multiples groupes rebelles arm\u00e9s, le M23 \u00e9tant reconnu comme le plus important et le plus organis\u00e9 militairement. Form\u00e9 en 2012 par des d\u00e9serteurs exp\u00e9riment\u00e9s de l&rsquo;arm\u00e9e congolaise r\u00e9guli\u00e8re, le M23 a relanc\u00e9 massivement les combats en 2021, parvenant \u00e0 capturer plus de 100 villes et localit\u00e9s strat\u00e9giques, dont les capitales administratives de deux provinces orientales. Le M23 s&rsquo;est progressivement empar\u00e9 de vastes zones particuli\u00e8rement riches en ressources min\u00e9rales dans l&rsquo;est de la RDC lors d&rsquo;une offensive \u00e9clair men\u00e9e en janvier et f\u00e9vrier derniers et avait fermement insist\u00e9 pour n\u00e9gocier directement son propre accord de cessez-le-feu bilat\u00e9ral avec les autorit\u00e9s de Kinshasa.<\/p>\n\n\n\n<p>L.S.<\/p>\n","protected":false},"excerpt":{"rendered":"<p>Le gouvernement de la R\u00e9publique D\u00e9mocratique du Congo et les rebelles du groupe Mouvement du 23 mars ont sign\u00e9 samedi<\/p>\n","protected":false},"author":6,"featured_media":70547,"comment_status":"open","ping_status":"closed","sticky":false,"template":"","format":"standard","meta":{"colormag_page_container_layout":"default_layout","colormag_page_sidebar_layout":"default_layout","om_disable_all_campaigns":false,"_monsterinsights_skip_tracking":false,"_monsterinsights_sitenote_active":false,"_monsterinsights_sitenote_note":"","_monsterinsights_sitenote_category":0,"footnotes":"","_wpscppro_dont_share_socialmedia":false,"_wpscppro_custom_social_share_image":0,"_facebook_share_type":"default","_twitter_share_type":"default","_linkedin_share_type":"default","_pinterest_share_type":"default","_linkedin_share_type_page":"","_instagram_share_type":"default","_medium_share_type":"default","_threads_share_type":"","_google_business_share_type":"","_selected_social_profile":[],"_wpsp_enable_custom_social_template":false,"_wpsp_social_scheduling":{"enabled":false,"datetime":null,"platforms":[],"status":"template_only","dateOption":"today","timeOption":"now","customDays":"","customHours":"","customDate":"","customTime":"","schedulingType":"absolute"},"_wpsp_active_default_template":true},"categories":[37],"tags":[],"class_list":["post-70546","post","type-post","status-publish","format-standard","has-post-thumbnail","hentry","category-monde"],"aioseo_notices":[],"yoast_head":"<!-- This site is optimized with the Yoast SEO plugin v27.5 - https:\/\/yoast.com\/product\/yoast-seo-wordpress\/ -->\n<title>R\u00e9publique D\u00e9mocratique du Congo: Signature d&rsquo;un accord entre les autorit\u00e9s et le M23 - La Sentinelle<\/title>\n<meta name=\"robots\" content=\"index, follow, max-snippet:-1, max-image-preview:large, max-video-preview:-1\" \/>\n<link rel=\"canonical\" href=\"https:\/\/lasentinelle.dz\/index.php\/2025\/07\/20\/republique-democratique-du-congo-signature-dun-accord-entre-les-autorites-et-le-m23\/\" \/>\n<meta property=\"og:locale\" content=\"fr_FR\" \/>\n<meta property=\"og:type\" content=\"article\" \/>\n<meta property=\"og:title\" content=\"R\u00e9publique D\u00e9mocratique du Congo: Signature d&rsquo;un accord entre les autorit\u00e9s et le M23 - La Sentinelle\" \/>\n<meta property=\"og:description\" content=\"Le gouvernement de la R\u00e9publique D\u00e9mocratique du Congo et les rebelles du groupe Mouvement du 23 mars ont sign\u00e9 samedi\" \/>\n<meta property=\"og:url\" content=\"https:\/\/lasentinelle.dz\/index.php\/2025\/07\/20\/republique-democratique-du-congo-signature-dun-accord-entre-les-autorites-et-le-m23\/\" \/>\n<meta property=\"og:site_name\" content=\"La Sentinelle\" \/>\n<meta property=\"article:publisher\" content=\"https:\/\/www.facebook.com\/La-Sentinelle-104059864394773\" \/>\n<meta property=\"article:published_time\" content=\"2025-07-20T10:38:02+00:00\" \/>\n<meta property=\"article:modified_time\" content=\"2025-07-20T10:38:03+00:00\" \/>\n<meta property=\"og:image\" content=\"https:\/\/lasentinelle.dz\/wp-content\/uploads\/2025\/07\/88115c70-64b6-11f0-af20-030418be2ca5.jpg.webp\" \/>\n\t<meta property=\"og:image:width\" content=\"800\" \/>\n\t<meta property=\"og:image:height\" content=\"450\" \/>\n\t<meta property=\"og:image:type\" content=\"image\/webp\" \/>\n<meta name=\"author\" content=\"admin\" \/>\n<meta name=\"twitter:card\" content=\"summary_large_image\" \/>\n<meta name=\"twitter:label1\" content=\"\u00c9crit par\" \/>\n\t<meta name=\"twitter:data1\" content=\"admin\" \/>\n\t<meta name=\"twitter:label2\" content=\"Dur\u00e9e de lecture estim\u00e9e\" \/>\n\t<meta name=\"twitter:data2\" content=\"3 minutes\" \/>\n<script type=\"application\/ld+json\" class=\"yoast-schema-graph\">{\"@context\":\"https:\\\/\\\/schema.org\",\"@graph\":[{\"@type\":\"Article\",\"@id\":\"https:\\\/\\\/lasentinelle.dz\\\/index.php\\\/2025\\\/07\\\/20\\\/republique-democratique-du-congo-signature-dun-accord-entre-les-autorites-et-le-m23\\\/#article\",\"isPartOf\":{\"@id\":\"https:\\\/\\\/lasentinelle.dz\\\/index.php\\\/2025\\\/07\\\/20\\\/republique-democratique-du-congo-signature-dun-accord-entre-les-autorites-et-le-m23\\\/\"},\"author\":{\"name\":\"admin\",\"@id\":\"https:\\\/\\\/lasentinelle.dz\\\/#\\\/schema\\\/person\\\/729ee0024f24e0b8c5ec17232f8e8b41\"},\"headline\":\"R\u00e9publique D\u00e9mocratique du Congo: Signature d&rsquo;un accord entre les autorit\u00e9s et le M23\",\"datePublished\":\"2025-07-20T10:38:02+00:00\",\"dateModified\":\"2025-07-20T10:38:03+00:00\",\"mainEntityOfPage\":{\"@id\":\"https:\\\/\\\/lasentinelle.dz\\\/index.php\\\/2025\\\/07\\\/20\\\/republique-democratique-du-congo-signature-dun-accord-entre-les-autorites-et-le-m23\\\/\"},\"wordCount\":576,\"commentCount\":0,\"publisher\":{\"@id\":\"https:\\\/\\\/lasentinelle.dz\\\/#organization\"},\"image\":{\"@id\":\"https:\\\/\\\/lasentinelle.dz\\\/index.php\\\/2025\\\/07\\\/20\\\/republique-democratique-du-congo-signature-dun-accord-entre-les-autorites-et-le-m23\\\/#primaryimage\"},\"thumbnailUrl\":\"https:\\\/\\\/lasentinelle.dz\\\/wp-content\\\/uploads\\\/2025\\\/07\\\/88115c70-64b6-11f0-af20-030418be2ca5.jpg.webp\",\"articleSection\":[\"Monde\"],\"inLanguage\":\"fr-FR\",\"potentialAction\":[{\"@type\":\"CommentAction\",\"name\":\"Comment\",\"target\":[\"https:\\\/\\\/lasentinelle.dz\\\/index.php\\\/2025\\\/07\\\/20\\\/republique-democratique-du-congo-signature-dun-accord-entre-les-autorites-et-le-m23\\\/#respond\"]}]},{\"@type\":\"WebPage\",\"@id\":\"https:\\\/\\\/lasentinelle.dz\\\/index.php\\\/2025\\\/07\\\/20\\\/republique-democratique-du-congo-signature-dun-accord-entre-les-autorites-et-le-m23\\\/\",\"url\":\"https:\\\/\\\/lasentinelle.dz\\\/index.php\\\/2025\\\/07\\\/20\\\/republique-democratique-du-congo-signature-dun-accord-entre-les-autorites-et-le-m23\\\/\",\"name\":\"R\u00e9publique D\u00e9mocratique du Congo: Signature d&rsquo;un accord entre les autorit\u00e9s et le M23 - La Sentinelle\",\"isPartOf\":{\"@id\":\"https:\\\/\\\/lasentinelle.dz\\\/#website\"},\"primaryImageOfPage\":{\"@id\":\"https:\\\/\\\/lasentinelle.dz\\\/index.php\\\/2025\\\/07\\\/20\\\/republique-democratique-du-congo-signature-dun-accord-entre-les-autorites-et-le-m23\\\/#primaryimage\"},\"image\":{\"@id\":\"https:\\\/\\\/lasentinelle.dz\\\/index.php\\\/2025\\\/07\\\/20\\\/republique-democratique-du-congo-signature-dun-accord-entre-les-autorites-et-le-m23\\\/#primaryimage\"},\"thumbnailUrl\":\"https:\\\/\\\/lasentinelle.dz\\\/wp-content\\\/uploads\\\/2025\\\/07\\\/88115c70-64b6-11f0-af20-030418be2ca5.jpg.webp\",\"datePublished\":\"2025-07-20T10:38:02+00:00\",\"dateModified\":\"2025-07-20T10:38:03+00:00\",\"breadcrumb\":{\"@id\":\"https:\\\/\\\/lasentinelle.dz\\\/index.php\\\/2025\\\/07\\\/20\\\/republique-democratique-du-congo-signature-dun-accord-entre-les-autorites-et-le-m23\\\/#breadcrumb\"},\"inLanguage\":\"fr-FR\",\"potentialAction\":[{\"@type\":\"ReadAction\",\"target\":[\"https:\\\/\\\/lasentinelle.dz\\\/index.php\\\/2025\\\/07\\\/20\\\/republique-democratique-du-congo-signature-dun-accord-entre-les-autorites-et-le-m23\\\/\"]}]},{\"@type\":\"ImageObject\",\"inLanguage\":\"fr-FR\",\"@id\":\"https:\\\/\\\/lasentinelle.dz\\\/index.php\\\/2025\\\/07\\\/20\\\/republique-democratique-du-congo-signature-dun-accord-entre-les-autorites-et-le-m23\\\/#primaryimage\",\"url\":\"https:\\\/\\\/lasentinelle.dz\\\/wp-content\\\/uploads\\\/2025\\\/07\\\/88115c70-64b6-11f0-af20-030418be2ca5.jpg.webp\",\"contentUrl\":\"https:\\\/\\\/lasentinelle.dz\\\/wp-content\\\/uploads\\\/2025\\\/07\\\/88115c70-64b6-11f0-af20-030418be2ca5.jpg.webp\",\"width\":800,\"height\":450},{\"@type\":\"BreadcrumbList\",\"@id\":\"https:\\\/\\\/lasentinelle.dz\\\/index.php\\\/2025\\\/07\\\/20\\\/republique-democratique-du-congo-signature-dun-accord-entre-les-autorites-et-le-m23\\\/#breadcrumb\",\"itemListElement\":[{\"@type\":\"ListItem\",\"position\":1,\"name\":\"Accueil\",\"item\":\"https:\\\/\\\/lasentinelle.dz\\\/\"},{\"@type\":\"ListItem\",\"position\":2,\"name\":\"R\u00e9publique D\u00e9mocratique du Congo: Signature d&rsquo;un accord entre les autorit\u00e9s et le M23\"}]},{\"@type\":\"WebSite\",\"@id\":\"https:\\\/\\\/lasentinelle.dz\\\/#website\",\"url\":\"https:\\\/\\\/lasentinelle.dz\\\/\",\"name\":\"La Sentinelle\",\"description\":\"Quotidien national d&#039;information\",\"publisher\":{\"@id\":\"https:\\\/\\\/lasentinelle.dz\\\/#organization\"},\"potentialAction\":[{\"@type\":\"SearchAction\",\"target\":{\"@type\":\"EntryPoint\",\"urlTemplate\":\"https:\\\/\\\/lasentinelle.dz\\\/?s={search_term_string}\"},\"query-input\":{\"@type\":\"PropertyValueSpecification\",\"valueRequired\":true,\"valueName\":\"search_term_string\"}}],\"inLanguage\":\"fr-FR\"},{\"@type\":\"Organization\",\"@id\":\"https:\\\/\\\/lasentinelle.dz\\\/#organization\",\"name\":\"Quotidien La Sentinelle\",\"url\":\"https:\\\/\\\/lasentinelle.dz\\\/\",\"logo\":{\"@type\":\"ImageObject\",\"inLanguage\":\"fr-FR\",\"@id\":\"https:\\\/\\\/lasentinelle.dz\\\/#\\\/schema\\\/logo\\\/image\\\/\",\"url\":\"https:\\\/\\\/lasentinelle.dz\\\/wp-content\\\/uploads\\\/2021\\\/09\\\/logo-sentinelleSLOGAN-1.png\",\"contentUrl\":\"https:\\\/\\\/lasentinelle.dz\\\/wp-content\\\/uploads\\\/2021\\\/09\\\/logo-sentinelleSLOGAN-1.png\",\"width\":615,\"height\":142,\"caption\":\"Quotidien La Sentinelle\"},\"image\":{\"@id\":\"https:\\\/\\\/lasentinelle.dz\\\/#\\\/schema\\\/logo\\\/image\\\/\"},\"sameAs\":[\"https:\\\/\\\/www.facebook.com\\\/La-Sentinelle-104059864394773\"]},{\"@type\":\"Person\",\"@id\":\"https:\\\/\\\/lasentinelle.dz\\\/#\\\/schema\\\/person\\\/729ee0024f24e0b8c5ec17232f8e8b41\",\"name\":\"admin\",\"image\":{\"@type\":\"ImageObject\",\"inLanguage\":\"fr-FR\",\"@id\":\"https:\\\/\\\/secure.gravatar.com\\\/avatar\\\/4c81fed838786e9b53f540bf46533e750f5d292099ae3b66cfc6fb1982e29df7?s=96&d=mm&r=g\",\"url\":\"https:\\\/\\\/secure.gravatar.com\\\/avatar\\\/4c81fed838786e9b53f540bf46533e750f5d292099ae3b66cfc6fb1982e29df7?s=96&d=mm&r=g\",\"contentUrl\":\"https:\\\/\\\/secure.gravatar.com\\\/avatar\\\/4c81fed838786e9b53f540bf46533e750f5d292099ae3b66cfc6fb1982e29df7?s=96&d=mm&r=g\",\"caption\":\"admin\"},\"description\":\"admin\",\"url\":\"https:\\\/\\\/lasentinelle.dz\\\/author\\\/admin\\\/\"}]}<\/script>\n<!-- \/ Yoast SEO plugin. -->","yoast_head_json":{"title":"R\u00e9publique D\u00e9mocratique du Congo: Signature d&rsquo;un accord entre les autorit\u00e9s et le M23 - La Sentinelle","robots":{"index":"index","follow":"follow","max-snippet":"max-snippet:-1","max-image-preview":"max-image-preview:large","max-video-preview":"max-video-preview:-1"},"canonical":"https:\/\/lasentinelle.dz\/index.php\/2025\/07\/20\/republique-democratique-du-congo-signature-dun-accord-entre-les-autorites-et-le-m23\/","og_locale":"fr_FR","og_type":"article","og_title":"R\u00e9publique D\u00e9mocratique du Congo: Signature d&rsquo;un accord entre les autorit\u00e9s et le M23 - La Sentinelle","og_description":"Le gouvernement de la R\u00e9publique D\u00e9mocratique du Congo et les rebelles du groupe Mouvement du 23 mars ont sign\u00e9 samedi","og_url":"https:\/\/lasentinelle.dz\/index.php\/2025\/07\/20\/republique-democratique-du-congo-signature-dun-accord-entre-les-autorites-et-le-m23\/","og_site_name":"La Sentinelle","article_publisher":"https:\/\/www.facebook.com\/La-Sentinelle-104059864394773","article_published_time":"2025-07-20T10:38:02+00:00","article_modified_time":"2025-07-20T10:38:03+00:00","og_image":[{"width":800,"height":450,"url":"https:\/\/lasentinelle.dz\/wp-content\/uploads\/2025\/07\/88115c70-64b6-11f0-af20-030418be2ca5.jpg.webp","type":"image\/webp"}],"author":"admin","twitter_card":"summary_large_image","twitter_misc":{"\u00c9crit par":"admin","Dur\u00e9e de lecture estim\u00e9e":"3 minutes"},"schema":{"@context":"https:\/\/schema.org","@graph":[{"@type":"Article","@id":"https:\/\/lasentinelle.dz\/index.php\/2025\/07\/20\/republique-democratique-du-congo-signature-dun-accord-entre-les-autorites-et-le-m23\/#article","isPartOf":{"@id":"https:\/\/lasentinelle.dz\/index.php\/2025\/07\/20\/republique-democratique-du-congo-signature-dun-accord-entre-les-autorites-et-le-m23\/"},"author":{"name":"admin","@id":"https:\/\/lasentinelle.dz\/#\/schema\/person\/729ee0024f24e0b8c5ec17232f8e8b41"},"headline":"R\u00e9publique D\u00e9mocratique du Congo: Signature d&rsquo;un accord entre les autorit\u00e9s et le M23","datePublished":"2025-07-20T10:38:02+00:00","dateModified":"2025-07-20T10:38:03+00:00","mainEntityOfPage":{"@id":"https:\/\/lasentinelle.dz\/index.php\/2025\/07\/20\/republique-democratique-du-congo-signature-dun-accord-entre-les-autorites-et-le-m23\/"},"wordCount":576,"commentCount":0,"publisher":{"@id":"https:\/\/lasentinelle.dz\/#organization"},"image":{"@id":"https:\/\/lasentinelle.dz\/index.php\/2025\/07\/20\/republique-democratique-du-congo-signature-dun-accord-entre-les-autorites-et-le-m23\/#primaryimage"},"thumbnailUrl":"https:\/\/lasentinelle.dz\/wp-content\/uploads\/2025\/07\/88115c70-64b6-11f0-af20-030418be2ca5.jpg.webp","articleSection":["Monde"],"inLanguage":"fr-FR","potentialAction":[{"@type":"CommentAction","name":"Comment","target":["https:\/\/lasentinelle.dz\/index.php\/2025\/07\/20\/republique-democratique-du-congo-signature-dun-accord-entre-les-autorites-et-le-m23\/#respond"]}]},{"@type":"WebPage","@id":"https:\/\/lasentinelle.dz\/index.php\/2025\/07\/20\/republique-democratique-du-congo-signature-dun-accord-entre-les-autorites-et-le-m23\/","url":"https:\/\/lasentinelle.dz\/index.php\/2025\/07\/20\/republique-democratique-du-congo-signature-dun-accord-entre-les-autorites-et-le-m23\/","name":"R\u00e9publique D\u00e9mocratique du Congo: Signature d&rsquo;un accord entre les autorit\u00e9s et le M23 - La Sentinelle","isPartOf":{"@id":"https:\/\/lasentinelle.dz\/#website"},"primaryImageOfPage":{"@id":"https:\/\/lasentinelle.dz\/index.php\/2025\/07\/20\/republique-democratique-du-congo-signature-dun-accord-entre-les-autorites-et-le-m23\/#primaryimage"},"image":{"@id":"https:\/\/lasentinelle.dz\/index.php\/2025\/07\/20\/republique-democratique-du-congo-signature-dun-accord-entre-les-autorites-et-le-m23\/#primaryimage"},"thumbnailUrl":"https:\/\/lasentinelle.dz\/wp-content\/uploads\/2025\/07\/88115c70-64b6-11f0-af20-030418be2ca5.jpg.webp","datePublished":"2025-07-20T10:38:02+00:00","dateModified":"2025-07-20T10:38:03+00:00","breadcrumb":{"@id":"https:\/\/lasentinelle.dz\/index.php\/2025\/07\/20\/republique-democratique-du-congo-signature-dun-accord-entre-les-autorites-et-le-m23\/#breadcrumb"},"inLanguage":"fr-FR","potentialAction":[{"@type":"ReadAction","target":["https:\/\/lasentinelle.dz\/index.php\/2025\/07\/20\/republique-democratique-du-congo-signature-dun-accord-entre-les-autorites-et-le-m23\/"]}]},{"@type":"ImageObject","inLanguage":"fr-FR","@id":"https:\/\/lasentinelle.dz\/index.php\/2025\/07\/20\/republique-democratique-du-congo-signature-dun-accord-entre-les-autorites-et-le-m23\/#primaryimage","url":"https:\/\/lasentinelle.dz\/wp-content\/uploads\/2025\/07\/88115c70-64b6-11f0-af20-030418be2ca5.jpg.webp","contentUrl":"https:\/\/lasentinelle.dz\/wp-content\/uploads\/2025\/07\/88115c70-64b6-11f0-af20-030418be2ca5.jpg.webp","width":800,"height":450},{"@type":"BreadcrumbList","@id":"https:\/\/lasentinelle.dz\/index.php\/2025\/07\/20\/republique-democratique-du-congo-signature-dun-accord-entre-les-autorites-et-le-m23\/#breadcrumb","itemListElement":[{"@type":"ListItem","position":1,"name":"Accueil","item":"https:\/\/lasentinelle.dz\/"},{"@type":"ListItem","position":2,"name":"R\u00e9publique D\u00e9mocratique du Congo: Signature d&rsquo;un accord entre les autorit\u00e9s et le M23"}]},{"@type":"WebSite","@id":"https:\/\/lasentinelle.dz\/#website","url":"https:\/\/lasentinelle.dz\/","name":"La Sentinelle","description":"Quotidien national d&#039;information","publisher":{"@id":"https:\/\/lasentinelle.dz\/#organization"},"potentialAction":[{"@type":"SearchAction","target":{"@type":"EntryPoint","urlTemplate":"https:\/\/lasentinelle.dz\/?s={search_term_string}"},"query-input":{"@type":"PropertyValueSpecification","valueRequired":true,"valueName":"search_term_string"}}],"inLanguage":"fr-FR"},{"@type":"Organization","@id":"https:\/\/lasentinelle.dz\/#organization","name":"Quotidien La Sentinelle","url":"https:\/\/lasentinelle.dz\/","logo":{"@type":"ImageObject","inLanguage":"fr-FR","@id":"https:\/\/lasentinelle.dz\/#\/schema\/logo\/image\/","url":"https:\/\/lasentinelle.dz\/wp-content\/uploads\/2021\/09\/logo-sentinelleSLOGAN-1.png","contentUrl":"https:\/\/lasentinelle.dz\/wp-content\/uploads\/2021\/09\/logo-sentinelleSLOGAN-1.png","width":615,"height":142,"caption":"Quotidien La Sentinelle"},"image":{"@id":"https:\/\/lasentinelle.dz\/#\/schema\/logo\/image\/"},"sameAs":["https:\/\/www.facebook.com\/La-Sentinelle-104059864394773"]},{"@type":"Person","@id":"https:\/\/lasentinelle.dz\/#\/schema\/person\/729ee0024f24e0b8c5ec17232f8e8b41","name":"admin","image":{"@type":"ImageObject","inLanguage":"fr-FR","@id":"https:\/\/secure.gravatar.com\/avatar\/4c81fed838786e9b53f540bf46533e750f5d292099ae3b66cfc6fb1982e29df7?s=96&d=mm&r=g","url":"https:\/\/secure.gravatar.com\/avatar\/4c81fed838786e9b53f540bf46533e750f5d292099ae3b66cfc6fb1982e29df7?s=96&d=mm&r=g","contentUrl":"https:\/\/secure.gravatar.com\/avatar\/4c81fed838786e9b53f540bf46533e750f5d292099ae3b66cfc6fb1982e29df7?s=96&d=mm&r=g","caption":"admin"},"description":"admin","url":"https:\/\/lasentinelle.dz\/author\/admin\/"}]}},"_links":{"self":[{"href":"https:\/\/lasentinelle.dz\/index.php\/wp-json\/wp\/v2\/posts\/70546","targetHints":{"allow":["GET"]}}],"collection":[{"href":"https:\/\/lasentinelle.dz\/index.php\/wp-json\/wp\/v2\/posts"}],"about":[{"href":"https:\/\/lasentinelle.dz\/index.php\/wp-json\/wp\/v2\/types\/post"}],"author":[{"embeddable":true,"href":"https:\/\/lasentinelle.dz\/index.php\/wp-json\/wp\/v2\/users\/6"}],"replies":[{"embeddable":true,"href":"https:\/\/lasentinelle.dz\/index.php\/wp-json\/wp\/v2\/comments?post=70546"}],"version-history":[{"count":2,"href":"https:\/\/lasentinelle.dz\/index.php\/wp-json\/wp\/v2\/posts\/70546\/revisions"}],"predecessor-version":[{"id":70549,"href":"https:\/\/lasentinelle.dz\/index.php\/wp-json\/wp\/v2\/posts\/70546\/revisions\/70549"}],"wp:featuredmedia":[{"embeddable":true,"href":"https:\/\/lasentinelle.dz\/index.php\/wp-json\/wp\/v2\/media\/70547"}],"wp:attachment":[{"href":"https:\/\/lasentinelle.dz\/index.php\/wp-json\/wp\/v2\/media?parent=70546"}],"wp:term":[{"taxonomy":"category","embeddable":true,"href":"https:\/\/lasentinelle.dz\/index.php\/wp-json\/wp\/v2\/categories?post=70546"},{"taxonomy":"post_tag","embeddable":true,"href":"https:\/\/lasentinelle.dz\/index.php\/wp-json\/wp\/v2\/tags?post=70546"}],"curies":[{"name":"wp","href":"https:\/\/api.w.org\/{rel}","templated":true}]}}