{"id":70553,"date":"2025-07-20T11:42:14","date_gmt":"2025-07-20T10:42:14","guid":{"rendered":"https:\/\/lasentinelle.dz\/?p=70553"},"modified":"2025-07-20T11:42:15","modified_gmt":"2025-07-20T10:42:15","slug":"ete-2025-un-programme-danimation-culturelle-tres-riche","status":"publish","type":"post","link":"https:\/\/lasentinelle.dz\/index.php\/2025\/07\/20\/ete-2025-un-programme-danimation-culturelle-tres-riche\/","title":{"rendered":"\u00c9t\u00e9 2025 : Un programme d&rsquo;animation culturelle tr\u00e8s riche"},"content":{"rendered":"\n<p>Le minist\u00e8re de la Culture et des Arts vient de d\u00e9voiler un programme estival d&rsquo;une ampleur remarquable durant les mois de juillet et ao\u00fbt 2025. Cette programmation ambitieuse, pr\u00e9sent\u00e9e mercredi lors d&rsquo;une conf\u00e9rence de presse r\u00e9unissant les directeurs centraux du minist\u00e8re et les responsables d&rsquo;\u00e9tablissements culturels sous tutelle, s&rsquo;articule autour de quatre axes strat\u00e9giques destin\u00e9s \u00e0 irriguer l&rsquo;ensemble du territoire national d&rsquo;une offre artistique diversifi\u00e9e et accessible. Le volet cin\u00e9matographique constitue l&rsquo;\u00e9pine dorsale de cette programmation avec un d\u00e9ploiement impressionnant de moyens techniques et logistiques. L&rsquo;inspecteur g\u00e9n\u00e9ral au minist\u00e8re, Missoum Laroussi, a annonc\u00e9 que \u00ab\u00a01012 projections de films, pr\u00e9vues \u00e0 travers les salles de spectacle, sont programm\u00e9es dans 22 wilayas, en plus des projections dans les espaces priv\u00e9s et en plein-air\u00a0\u00bb, pr\u00e9cisant que \u00ab\u00a0136 films alg\u00e9riens et des classiques du cin\u00e9ma mondial comptent parmi les \u0153uvres \u00e0 pr\u00e9senter au public\u00a0\u00bb. Le Centre alg\u00e9rien de d\u00e9veloppement du cin\u00e9ma et le Centre national du cin\u00e9ma et de l&rsquo;audiovisuel accompagnent cette initiative d&rsquo;envergure pour \u00ab\u00a0permettre au public alg\u00e9rien un acc\u00e8s gratuit au cin\u00e9ma\u00a0\u00bb, d\u00e9mocratisant ainsi le septi\u00e8me art sur l&rsquo;ensemble du territoire national.<\/p>\n\n\n\n<p>Les arts vivants ne sont pas en reste avec une programmation th\u00e9\u00e2trale cons\u00e9quente qui promet de dynamiser les sc\u00e8nes locales durant toute la p\u00e9riode estivale. Laroussi a soulign\u00e9 que le quatri\u00e8me art sera pr\u00e9sent durant tout l&rsquo;\u00e9t\u00e9 \u00e0 travers \u00ab\u00a0372 repr\u00e9sentations, en plus des galas et ateliers th\u00e9matiques\u00a0\u00bb. Cette offre th\u00e9\u00e2trale diversifi\u00e9e m\u00eale spectacles professionnels et initiatives participatives, cr\u00e9ant un \u00e9cosyst\u00e8me artistique favorable \u00e0 l&rsquo;\u00e9mergence de nouveaux talents et \u00e0 la sensibilisation des publics aux diff\u00e9rentes formes d&rsquo;expression sc\u00e9nique. Les ateliers th\u00e9matiques, en particulier, offrent aux amateurs l&rsquo;opportunit\u00e9 de se familiariser avec les techniques th\u00e9\u00e2trales dans une d\u00e9marche de formation et de d\u00e9couverte.<\/p>\n\n\n\n<p>La dimension litt\u00e9raire occupe \u00e9galement une place centrale dans cette programmation estivale gr\u00e2ce \u00e0 l&rsquo;implication du r\u00e9seau national de biblioth\u00e8ques publiques. La sous-directrice charg\u00e9e de la diffusion du produit culturel au minist\u00e8re, Wassila Bouhlassa, a mis l&rsquo;accent sur les rencontres litt\u00e9raires et d\u00e9clamations po\u00e9tiques qui marqueront ce programme, avec une attention particuli\u00e8re accord\u00e9e aux activit\u00e9s destin\u00e9es aux enfants \u00e0 travers des concours et animations ludiques et p\u00e9dagogiques. Les 500 activit\u00e9s programm\u00e9es \u00e0 travers 240 biblioth\u00e8ques nationales constituent un maillage territorial dense destin\u00e9 \u00e0 stimuler la pratique de la lecture dans toutes les r\u00e9gions du pays.<\/p>\n\n\n\n<p>L&rsquo;\u00e9v\u00e9nementiel festivalier repr\u00e9sente un autre pilier de cette strat\u00e9gie culturelle estivale avec une programmation qui m\u00eale rayonnement international et c\u00e9l\u00e9bration des sp\u00e9cificit\u00e9s nationales. Bouhlassa a r\u00e9v\u00e9l\u00e9 que \u00ab\u00a0178 festivals parmi les 204 festivals institutionnalis\u00e9s, sont programm\u00e9s pour l&rsquo;ann\u00e9e 2025 dont 22 festivals internationaux et 28 nationaux\u00a0\u00bb. Pour la p\u00e9riode estivale sp\u00e9cifiquement, le minist\u00e8re pr\u00e9voit la tenue de quatre festivals internationaux et neuf autres nationaux, incluant des rendez-vous embl\u00e9matiques comme le festival national de la musique et de la chanson oranaise, le festival national de la chanson du ra\u00ef et le festival du th\u00e9\u00e2tre amateur de Mostaganem. Le patrimoine mat\u00e9riel et immat\u00e9riel b\u00e9n\u00e9ficie \u00e9galement d&rsquo;une attention particuli\u00e8re dans cette programmation estivale innovante. Les mus\u00e9es nationaux et les mus\u00e9es de sites patrimoniaux abriteront des activit\u00e9s sp\u00e9cialis\u00e9es en lien avec la pr\u00e9servation, la restauration et la sauvegarde du patrimoine, compl\u00e9t\u00e9es par des ateliers p\u00e9dagogiques et des expositions virtuelles qui modernisent l&rsquo;approche mus\u00e9ographique traditionnelle. La directrice de la conservation et de la restauration du patrimoine culturel, Nabila Cherchali, a annonc\u00e9 une mesure particuli\u00e8rement attractive : les mus\u00e9es ouvriront leurs portes au public \u00ab\u00a0au-del\u00e0 des horaires habituels, les jeudis et vendredis de 20H \u00e0 minuit durant tout l&rsquo;\u00e9t\u00e9\u00a0\u00bb.<\/p>\n\n\n\n<p>R.C.<\/p>\n","protected":false},"excerpt":{"rendered":"<p>Le minist\u00e8re de la Culture et des Arts vient de d\u00e9voiler un programme estival d&rsquo;une ampleur remarquable durant les mois<\/p>\n","protected":false},"author":6,"featured_media":26824,"comment_status":"open","ping_status":"closed","sticky":false,"template":"","format":"standard","meta":{"colormag_page_container_layout":"default_layout","colormag_page_sidebar_layout":"default_layout","om_disable_all_campaigns":false,"_monsterinsights_skip_tracking":false,"_monsterinsights_sitenote_active":false,"_monsterinsights_sitenote_note":"","_monsterinsights_sitenote_category":0,"footnotes":"","_wpscppro_dont_share_socialmedia":false,"_wpscppro_custom_social_share_image":0,"_facebook_share_type":"default","_twitter_share_type":"default","_linkedin_share_type":"default","_pinterest_share_type":"default","_linkedin_share_type_page":"","_instagram_share_type":"default","_medium_share_type":"default","_threads_share_type":"","_google_business_share_type":"","_selected_social_profile":[],"_wpsp_enable_custom_social_template":false,"_wpsp_social_scheduling":{"enabled":false,"datetime":null,"platforms":[],"status":"template_only","dateOption":"today","timeOption":"now","customDays":"","customHours":"","customDate":"","customTime":"","schedulingType":"absolute"},"_wpsp_active_default_template":true},"categories":[36],"tags":[],"class_list":["post-70553","post","type-post","status-publish","format-standard","has-post-thumbnail","hentry","category-culture"],"aioseo_notices":[],"yoast_head":"<!-- This site is optimized with the Yoast SEO plugin v27.5 - https:\/\/yoast.com\/product\/yoast-seo-wordpress\/ -->\n<title>\u00c9t\u00e9 2025 : Un programme d&rsquo;animation culturelle tr\u00e8s riche - La Sentinelle<\/title>\n<meta name=\"robots\" content=\"index, follow, max-snippet:-1, max-image-preview:large, max-video-preview:-1\" \/>\n<link rel=\"canonical\" href=\"https:\/\/lasentinelle.dz\/index.php\/2025\/07\/20\/ete-2025-un-programme-danimation-culturelle-tres-riche\/\" \/>\n<meta property=\"og:locale\" content=\"fr_FR\" \/>\n<meta property=\"og:type\" content=\"article\" \/>\n<meta property=\"og:title\" content=\"\u00c9t\u00e9 2025 : Un programme d&rsquo;animation culturelle tr\u00e8s riche - La Sentinelle\" \/>\n<meta property=\"og:description\" content=\"Le minist\u00e8re de la Culture et des Arts vient de d\u00e9voiler un programme estival d&rsquo;une ampleur remarquable durant les mois\" \/>\n<meta property=\"og:url\" content=\"https:\/\/lasentinelle.dz\/index.php\/2025\/07\/20\/ete-2025-un-programme-danimation-culturelle-tres-riche\/\" \/>\n<meta property=\"og:site_name\" content=\"La Sentinelle\" \/>\n<meta property=\"article:publisher\" content=\"https:\/\/www.facebook.com\/La-Sentinelle-104059864394773\" \/>\n<meta property=\"article:published_time\" content=\"2025-07-20T10:42:14+00:00\" \/>\n<meta property=\"article:modified_time\" content=\"2025-07-20T10:42:15+00:00\" \/>\n<meta property=\"og:image\" content=\"https:\/\/lasentinelle.dz\/wp-content\/uploads\/2022\/09\/culture.png\" \/>\n\t<meta property=\"og:image:width\" content=\"1350\" \/>\n\t<meta property=\"og:image:height\" content=\"900\" \/>\n\t<meta property=\"og:image:type\" content=\"image\/png\" \/>\n<meta name=\"author\" content=\"admin\" \/>\n<meta name=\"twitter:card\" content=\"summary_large_image\" \/>\n<meta name=\"twitter:label1\" content=\"\u00c9crit par\" \/>\n\t<meta name=\"twitter:data1\" content=\"admin\" \/>\n\t<meta name=\"twitter:label2\" content=\"Dur\u00e9e de lecture estim\u00e9e\" \/>\n\t<meta name=\"twitter:data2\" content=\"4 minutes\" \/>\n<script type=\"application\/ld+json\" class=\"yoast-schema-graph\">{\"@context\":\"https:\\\/\\\/schema.org\",\"@graph\":[{\"@type\":\"Article\",\"@id\":\"https:\\\/\\\/lasentinelle.dz\\\/index.php\\\/2025\\\/07\\\/20\\\/ete-2025-un-programme-danimation-culturelle-tres-riche\\\/#article\",\"isPartOf\":{\"@id\":\"https:\\\/\\\/lasentinelle.dz\\\/index.php\\\/2025\\\/07\\\/20\\\/ete-2025-un-programme-danimation-culturelle-tres-riche\\\/\"},\"author\":{\"name\":\"admin\",\"@id\":\"https:\\\/\\\/lasentinelle.dz\\\/#\\\/schema\\\/person\\\/729ee0024f24e0b8c5ec17232f8e8b41\"},\"headline\":\"\u00c9t\u00e9 2025 : Un programme d&rsquo;animation culturelle tr\u00e8s riche\",\"datePublished\":\"2025-07-20T10:42:14+00:00\",\"dateModified\":\"2025-07-20T10:42:15+00:00\",\"mainEntityOfPage\":{\"@id\":\"https:\\\/\\\/lasentinelle.dz\\\/index.php\\\/2025\\\/07\\\/20\\\/ete-2025-un-programme-danimation-culturelle-tres-riche\\\/\"},\"wordCount\":686,\"commentCount\":0,\"publisher\":{\"@id\":\"https:\\\/\\\/lasentinelle.dz\\\/#organization\"},\"image\":{\"@id\":\"https:\\\/\\\/lasentinelle.dz\\\/index.php\\\/2025\\\/07\\\/20\\\/ete-2025-un-programme-danimation-culturelle-tres-riche\\\/#primaryimage\"},\"thumbnailUrl\":\"https:\\\/\\\/lasentinelle.dz\\\/wp-content\\\/uploads\\\/2022\\\/09\\\/culture.png\",\"articleSection\":[\"Culture\"],\"inLanguage\":\"fr-FR\",\"potentialAction\":[{\"@type\":\"CommentAction\",\"name\":\"Comment\",\"target\":[\"https:\\\/\\\/lasentinelle.dz\\\/index.php\\\/2025\\\/07\\\/20\\\/ete-2025-un-programme-danimation-culturelle-tres-riche\\\/#respond\"]}]},{\"@type\":\"WebPage\",\"@id\":\"https:\\\/\\\/lasentinelle.dz\\\/index.php\\\/2025\\\/07\\\/20\\\/ete-2025-un-programme-danimation-culturelle-tres-riche\\\/\",\"url\":\"https:\\\/\\\/lasentinelle.dz\\\/index.php\\\/2025\\\/07\\\/20\\\/ete-2025-un-programme-danimation-culturelle-tres-riche\\\/\",\"name\":\"\u00c9t\u00e9 2025 : Un programme d&rsquo;animation culturelle tr\u00e8s riche - La Sentinelle\",\"isPartOf\":{\"@id\":\"https:\\\/\\\/lasentinelle.dz\\\/#website\"},\"primaryImageOfPage\":{\"@id\":\"https:\\\/\\\/lasentinelle.dz\\\/index.php\\\/2025\\\/07\\\/20\\\/ete-2025-un-programme-danimation-culturelle-tres-riche\\\/#primaryimage\"},\"image\":{\"@id\":\"https:\\\/\\\/lasentinelle.dz\\\/index.php\\\/2025\\\/07\\\/20\\\/ete-2025-un-programme-danimation-culturelle-tres-riche\\\/#primaryimage\"},\"thumbnailUrl\":\"https:\\\/\\\/lasentinelle.dz\\\/wp-content\\\/uploads\\\/2022\\\/09\\\/culture.png\",\"datePublished\":\"2025-07-20T10:42:14+00:00\",\"dateModified\":\"2025-07-20T10:42:15+00:00\",\"breadcrumb\":{\"@id\":\"https:\\\/\\\/lasentinelle.dz\\\/index.php\\\/2025\\\/07\\\/20\\\/ete-2025-un-programme-danimation-culturelle-tres-riche\\\/#breadcrumb\"},\"inLanguage\":\"fr-FR\",\"potentialAction\":[{\"@type\":\"ReadAction\",\"target\":[\"https:\\\/\\\/lasentinelle.dz\\\/index.php\\\/2025\\\/07\\\/20\\\/ete-2025-un-programme-danimation-culturelle-tres-riche\\\/\"]}]},{\"@type\":\"ImageObject\",\"inLanguage\":\"fr-FR\",\"@id\":\"https:\\\/\\\/lasentinelle.dz\\\/index.php\\\/2025\\\/07\\\/20\\\/ete-2025-un-programme-danimation-culturelle-tres-riche\\\/#primaryimage\",\"url\":\"https:\\\/\\\/lasentinelle.dz\\\/wp-content\\\/uploads\\\/2022\\\/09\\\/culture.png\",\"contentUrl\":\"https:\\\/\\\/lasentinelle.dz\\\/wp-content\\\/uploads\\\/2022\\\/09\\\/culture.png\",\"width\":1350,\"height\":900},{\"@type\":\"BreadcrumbList\",\"@id\":\"https:\\\/\\\/lasentinelle.dz\\\/index.php\\\/2025\\\/07\\\/20\\\/ete-2025-un-programme-danimation-culturelle-tres-riche\\\/#breadcrumb\",\"itemListElement\":[{\"@type\":\"ListItem\",\"position\":1,\"name\":\"Accueil\",\"item\":\"https:\\\/\\\/lasentinelle.dz\\\/\"},{\"@type\":\"ListItem\",\"position\":2,\"name\":\"\u00c9t\u00e9 2025 : Un programme d&rsquo;animation culturelle tr\u00e8s riche\"}]},{\"@type\":\"WebSite\",\"@id\":\"https:\\\/\\\/lasentinelle.dz\\\/#website\",\"url\":\"https:\\\/\\\/lasentinelle.dz\\\/\",\"name\":\"La Sentinelle\",\"description\":\"Quotidien national d&#039;information\",\"publisher\":{\"@id\":\"https:\\\/\\\/lasentinelle.dz\\\/#organization\"},\"potentialAction\":[{\"@type\":\"SearchAction\",\"target\":{\"@type\":\"EntryPoint\",\"urlTemplate\":\"https:\\\/\\\/lasentinelle.dz\\\/?s={search_term_string}\"},\"query-input\":{\"@type\":\"PropertyValueSpecification\",\"valueRequired\":true,\"valueName\":\"search_term_string\"}}],\"inLanguage\":\"fr-FR\"},{\"@type\":\"Organization\",\"@id\":\"https:\\\/\\\/lasentinelle.dz\\\/#organization\",\"name\":\"Quotidien La Sentinelle\",\"url\":\"https:\\\/\\\/lasentinelle.dz\\\/\",\"logo\":{\"@type\":\"ImageObject\",\"inLanguage\":\"fr-FR\",\"@id\":\"https:\\\/\\\/lasentinelle.dz\\\/#\\\/schema\\\/logo\\\/image\\\/\",\"url\":\"https:\\\/\\\/lasentinelle.dz\\\/wp-content\\\/uploads\\\/2021\\\/09\\\/logo-sentinelleSLOGAN-1.png\",\"contentUrl\":\"https:\\\/\\\/lasentinelle.dz\\\/wp-content\\\/uploads\\\/2021\\\/09\\\/logo-sentinelleSLOGAN-1.png\",\"width\":615,\"height\":142,\"caption\":\"Quotidien La Sentinelle\"},\"image\":{\"@id\":\"https:\\\/\\\/lasentinelle.dz\\\/#\\\/schema\\\/logo\\\/image\\\/\"},\"sameAs\":[\"https:\\\/\\\/www.facebook.com\\\/La-Sentinelle-104059864394773\"]},{\"@type\":\"Person\",\"@id\":\"https:\\\/\\\/lasentinelle.dz\\\/#\\\/schema\\\/person\\\/729ee0024f24e0b8c5ec17232f8e8b41\",\"name\":\"admin\",\"image\":{\"@type\":\"ImageObject\",\"inLanguage\":\"fr-FR\",\"@id\":\"https:\\\/\\\/secure.gravatar.com\\\/avatar\\\/4c81fed838786e9b53f540bf46533e750f5d292099ae3b66cfc6fb1982e29df7?s=96&d=mm&r=g\",\"url\":\"https:\\\/\\\/secure.gravatar.com\\\/avatar\\\/4c81fed838786e9b53f540bf46533e750f5d292099ae3b66cfc6fb1982e29df7?s=96&d=mm&r=g\",\"contentUrl\":\"https:\\\/\\\/secure.gravatar.com\\\/avatar\\\/4c81fed838786e9b53f540bf46533e750f5d292099ae3b66cfc6fb1982e29df7?s=96&d=mm&r=g\",\"caption\":\"admin\"},\"description\":\"admin\",\"url\":\"https:\\\/\\\/lasentinelle.dz\\\/author\\\/admin\\\/\"}]}<\/script>\n<!-- \/ Yoast SEO plugin. -->","yoast_head_json":{"title":"\u00c9t\u00e9 2025 : Un programme d&rsquo;animation culturelle tr\u00e8s riche - La Sentinelle","robots":{"index":"index","follow":"follow","max-snippet":"max-snippet:-1","max-image-preview":"max-image-preview:large","max-video-preview":"max-video-preview:-1"},"canonical":"https:\/\/lasentinelle.dz\/index.php\/2025\/07\/20\/ete-2025-un-programme-danimation-culturelle-tres-riche\/","og_locale":"fr_FR","og_type":"article","og_title":"\u00c9t\u00e9 2025 : Un programme d&rsquo;animation culturelle tr\u00e8s riche - La Sentinelle","og_description":"Le minist\u00e8re de la Culture et des Arts vient de d\u00e9voiler un programme estival d&rsquo;une ampleur remarquable durant les mois","og_url":"https:\/\/lasentinelle.dz\/index.php\/2025\/07\/20\/ete-2025-un-programme-danimation-culturelle-tres-riche\/","og_site_name":"La Sentinelle","article_publisher":"https:\/\/www.facebook.com\/La-Sentinelle-104059864394773","article_published_time":"2025-07-20T10:42:14+00:00","article_modified_time":"2025-07-20T10:42:15+00:00","og_image":[{"width":1350,"height":900,"url":"https:\/\/lasentinelle.dz\/wp-content\/uploads\/2022\/09\/culture.png","type":"image\/png"}],"author":"admin","twitter_card":"summary_large_image","twitter_misc":{"\u00c9crit par":"admin","Dur\u00e9e de lecture estim\u00e9e":"4 minutes"},"schema":{"@context":"https:\/\/schema.org","@graph":[{"@type":"Article","@id":"https:\/\/lasentinelle.dz\/index.php\/2025\/07\/20\/ete-2025-un-programme-danimation-culturelle-tres-riche\/#article","isPartOf":{"@id":"https:\/\/lasentinelle.dz\/index.php\/2025\/07\/20\/ete-2025-un-programme-danimation-culturelle-tres-riche\/"},"author":{"name":"admin","@id":"https:\/\/lasentinelle.dz\/#\/schema\/person\/729ee0024f24e0b8c5ec17232f8e8b41"},"headline":"\u00c9t\u00e9 2025 : Un programme d&rsquo;animation culturelle tr\u00e8s riche","datePublished":"2025-07-20T10:42:14+00:00","dateModified":"2025-07-20T10:42:15+00:00","mainEntityOfPage":{"@id":"https:\/\/lasentinelle.dz\/index.php\/2025\/07\/20\/ete-2025-un-programme-danimation-culturelle-tres-riche\/"},"wordCount":686,"commentCount":0,"publisher":{"@id":"https:\/\/lasentinelle.dz\/#organization"},"image":{"@id":"https:\/\/lasentinelle.dz\/index.php\/2025\/07\/20\/ete-2025-un-programme-danimation-culturelle-tres-riche\/#primaryimage"},"thumbnailUrl":"https:\/\/lasentinelle.dz\/wp-content\/uploads\/2022\/09\/culture.png","articleSection":["Culture"],"inLanguage":"fr-FR","potentialAction":[{"@type":"CommentAction","name":"Comment","target":["https:\/\/lasentinelle.dz\/index.php\/2025\/07\/20\/ete-2025-un-programme-danimation-culturelle-tres-riche\/#respond"]}]},{"@type":"WebPage","@id":"https:\/\/lasentinelle.dz\/index.php\/2025\/07\/20\/ete-2025-un-programme-danimation-culturelle-tres-riche\/","url":"https:\/\/lasentinelle.dz\/index.php\/2025\/07\/20\/ete-2025-un-programme-danimation-culturelle-tres-riche\/","name":"\u00c9t\u00e9 2025 : Un programme d&rsquo;animation culturelle tr\u00e8s riche - La Sentinelle","isPartOf":{"@id":"https:\/\/lasentinelle.dz\/#website"},"primaryImageOfPage":{"@id":"https:\/\/lasentinelle.dz\/index.php\/2025\/07\/20\/ete-2025-un-programme-danimation-culturelle-tres-riche\/#primaryimage"},"image":{"@id":"https:\/\/lasentinelle.dz\/index.php\/2025\/07\/20\/ete-2025-un-programme-danimation-culturelle-tres-riche\/#primaryimage"},"thumbnailUrl":"https:\/\/lasentinelle.dz\/wp-content\/uploads\/2022\/09\/culture.png","datePublished":"2025-07-20T10:42:14+00:00","dateModified":"2025-07-20T10:42:15+00:00","breadcrumb":{"@id":"https:\/\/lasentinelle.dz\/index.php\/2025\/07\/20\/ete-2025-un-programme-danimation-culturelle-tres-riche\/#breadcrumb"},"inLanguage":"fr-FR","potentialAction":[{"@type":"ReadAction","target":["https:\/\/lasentinelle.dz\/index.php\/2025\/07\/20\/ete-2025-un-programme-danimation-culturelle-tres-riche\/"]}]},{"@type":"ImageObject","inLanguage":"fr-FR","@id":"https:\/\/lasentinelle.dz\/index.php\/2025\/07\/20\/ete-2025-un-programme-danimation-culturelle-tres-riche\/#primaryimage","url":"https:\/\/lasentinelle.dz\/wp-content\/uploads\/2022\/09\/culture.png","contentUrl":"https:\/\/lasentinelle.dz\/wp-content\/uploads\/2022\/09\/culture.png","width":1350,"height":900},{"@type":"BreadcrumbList","@id":"https:\/\/lasentinelle.dz\/index.php\/2025\/07\/20\/ete-2025-un-programme-danimation-culturelle-tres-riche\/#breadcrumb","itemListElement":[{"@type":"ListItem","position":1,"name":"Accueil","item":"https:\/\/lasentinelle.dz\/"},{"@type":"ListItem","position":2,"name":"\u00c9t\u00e9 2025 : Un programme d&rsquo;animation culturelle tr\u00e8s riche"}]},{"@type":"WebSite","@id":"https:\/\/lasentinelle.dz\/#website","url":"https:\/\/lasentinelle.dz\/","name":"La Sentinelle","description":"Quotidien national d&#039;information","publisher":{"@id":"https:\/\/lasentinelle.dz\/#organization"},"potentialAction":[{"@type":"SearchAction","target":{"@type":"EntryPoint","urlTemplate":"https:\/\/lasentinelle.dz\/?s={search_term_string}"},"query-input":{"@type":"PropertyValueSpecification","valueRequired":true,"valueName":"search_term_string"}}],"inLanguage":"fr-FR"},{"@type":"Organization","@id":"https:\/\/lasentinelle.dz\/#organization","name":"Quotidien La Sentinelle","url":"https:\/\/lasentinelle.dz\/","logo":{"@type":"ImageObject","inLanguage":"fr-FR","@id":"https:\/\/lasentinelle.dz\/#\/schema\/logo\/image\/","url":"https:\/\/lasentinelle.dz\/wp-content\/uploads\/2021\/09\/logo-sentinelleSLOGAN-1.png","contentUrl":"https:\/\/lasentinelle.dz\/wp-content\/uploads\/2021\/09\/logo-sentinelleSLOGAN-1.png","width":615,"height":142,"caption":"Quotidien La Sentinelle"},"image":{"@id":"https:\/\/lasentinelle.dz\/#\/schema\/logo\/image\/"},"sameAs":["https:\/\/www.facebook.com\/La-Sentinelle-104059864394773"]},{"@type":"Person","@id":"https:\/\/lasentinelle.dz\/#\/schema\/person\/729ee0024f24e0b8c5ec17232f8e8b41","name":"admin","image":{"@type":"ImageObject","inLanguage":"fr-FR","@id":"https:\/\/secure.gravatar.com\/avatar\/4c81fed838786e9b53f540bf46533e750f5d292099ae3b66cfc6fb1982e29df7?s=96&d=mm&r=g","url":"https:\/\/secure.gravatar.com\/avatar\/4c81fed838786e9b53f540bf46533e750f5d292099ae3b66cfc6fb1982e29df7?s=96&d=mm&r=g","contentUrl":"https:\/\/secure.gravatar.com\/avatar\/4c81fed838786e9b53f540bf46533e750f5d292099ae3b66cfc6fb1982e29df7?s=96&d=mm&r=g","caption":"admin"},"description":"admin","url":"https:\/\/lasentinelle.dz\/author\/admin\/"}]}},"_links":{"self":[{"href":"https:\/\/lasentinelle.dz\/index.php\/wp-json\/wp\/v2\/posts\/70553","targetHints":{"allow":["GET"]}}],"collection":[{"href":"https:\/\/lasentinelle.dz\/index.php\/wp-json\/wp\/v2\/posts"}],"about":[{"href":"https:\/\/lasentinelle.dz\/index.php\/wp-json\/wp\/v2\/types\/post"}],"author":[{"embeddable":true,"href":"https:\/\/lasentinelle.dz\/index.php\/wp-json\/wp\/v2\/users\/6"}],"replies":[{"embeddable":true,"href":"https:\/\/lasentinelle.dz\/index.php\/wp-json\/wp\/v2\/comments?post=70553"}],"version-history":[{"count":2,"href":"https:\/\/lasentinelle.dz\/index.php\/wp-json\/wp\/v2\/posts\/70553\/revisions"}],"predecessor-version":[{"id":70555,"href":"https:\/\/lasentinelle.dz\/index.php\/wp-json\/wp\/v2\/posts\/70553\/revisions\/70555"}],"wp:featuredmedia":[{"embeddable":true,"href":"https:\/\/lasentinelle.dz\/index.php\/wp-json\/wp\/v2\/media\/26824"}],"wp:attachment":[{"href":"https:\/\/lasentinelle.dz\/index.php\/wp-json\/wp\/v2\/media?parent=70553"}],"wp:term":[{"taxonomy":"category","embeddable":true,"href":"https:\/\/lasentinelle.dz\/index.php\/wp-json\/wp\/v2\/categories?post=70553"},{"taxonomy":"post_tag","embeddable":true,"href":"https:\/\/lasentinelle.dz\/index.php\/wp-json\/wp\/v2\/tags?post=70553"}],"curies":[{"name":"wp","href":"https:\/\/api.w.org\/{rel}","templated":true}]}}