{"id":70556,"date":"2025-07-20T11:43:47","date_gmt":"2025-07-20T10:43:47","guid":{"rendered":"https:\/\/lasentinelle.dz\/?p=70556"},"modified":"2025-07-20T11:43:47","modified_gmt":"2025-07-20T10:43:47","slug":"ouverture-du-festival-algerire-lhumour-a-lalgerienne-conquiert-le-public","status":"publish","type":"post","link":"https:\/\/lasentinelle.dz\/index.php\/2025\/07\/20\/ouverture-du-festival-algerire-lhumour-a-lalgerienne-conquiert-le-public\/","title":{"rendered":"Ouverture du festival Alg\u00e9&rsquo;Rire : L&rsquo;humour \u00e0 l&rsquo;alg\u00e9rienne conquiert le public"},"content":{"rendered":"\n<p>L&rsquo;Op\u00e9ra d&rsquo;Alger Boualem-Bessa\u00efh r\u00e9sonne encore des \u00e9clats de rire qui ont marqu\u00e9 l&rsquo;ouverture de la septi\u00e8me \u00e9dition du Festival international \u00ab\u00a0Alg\u00e9&rsquo;Rire\u00a0\u00bb, jeudi soir, devant un public nombreux et enthousiaste. Cette manifestation culturelle, devenue incontournable depuis sa cr\u00e9ation en 2013, s&rsquo;impose comme le rendez-vous annuel de l&rsquo;humour maghr\u00e9bin et international, transformant la capitale en v\u00e9ritable laboratoire du rire contemporain. Organis\u00e9 par \u00ab\u00a0Broshing Events\u00a0\u00bb sous l&rsquo;\u00e9gide du minist\u00e8re de la Culture et des Arts, le festival d\u00e9ploie cette ann\u00e9e sa programmation du 17 au 19 juillet sous le th\u00e8me f\u00e9d\u00e9rateur \u00ab\u00a0Dz Spirit\u00a0\u00bb, c\u00e9l\u00e9brant ainsi l&rsquo;esprit alg\u00e9rien dans toute sa diversit\u00e9 cr\u00e9ative. La soir\u00e9e inaugurale, orchestr\u00e9e avec brio par le satiriste chevronn\u00e9 Farid Chamekh, a r\u00e9uni une dizaine d&rsquo;artistes du stand-up venus d&rsquo;horizons divers pour offrir plus de deux heures de spectacle ininterrompu. Le c\u00e9l\u00e8bre Abdelkader Secteur, figure embl\u00e9matique de l&rsquo;humour alg\u00e9rien, a partag\u00e9 la sc\u00e8ne avec Youness Hanifi, Ayoub Marceau, Merwane Benlazar, Juste In\u00e8s, Far\u00e8s Barket, Mouaadh Bennacer et l&rsquo;international Charly Nyobe du Cameroun, cr\u00e9ant une alchimie remarquable entre diff\u00e9rentes sensibilit\u00e9s humoristiques. Les artistes, unanimes pour exprimer \u00ab\u00a0tout leur bonheur de se produire \u00e0 Alger devant un public si chaleureux et accueillant\u00a0\u00bb, ont puis\u00e9 dans le quotidien alg\u00e9rien et universel pour construire leurs num\u00e9ros, abordant avec finesse et d\u00e9rision des th\u00e9matiques aussi vari\u00e9es que l&rsquo;entretien d&#8217;embauche, les relations entre humoristes et producteurs, la chirurgie esth\u00e9tique ou encore les surnoms tendres entre couples. Cette \u00e9dition 2025 ambitionne de \u00ab\u00a0faire rayonner l&rsquo;humour alg\u00e9rien, africain et international\u00a0\u00bb selon les mots de Tarek Oulhadj, cofondateur du festival, qui a soulign\u00e9 lors d&rsquo;une rencontre avec la presse l&rsquo;importance de rassembler \u00ab\u00a0des humoristes talentueux alg\u00e9riens et \u00e9trangers parmi les plus connus sur la sc\u00e8ne du stand-up\u00a0\u00bb. Cette volont\u00e9 de cr\u00e9er des ponts culturels s&rsquo;inscrit dans une d\u00e9marche plus large de professionnalisation du secteur, mat\u00e9rialis\u00e9e par l&rsquo;organisation de masterclasses parall\u00e8les aux spectacles. Ces sessions de formation, anim\u00e9es par des professionnels aguerris, visent \u00e0 encadrer et accompagner les humoristes de la nouvelle g\u00e9n\u00e9ration, assurant ainsi la p\u00e9rennit\u00e9 et le renouvellement de cet art populaire.<\/p>\n\n\n\n<p>L&rsquo;engouement du public pour cette forme d&rsquo;expression contemporaine t\u00e9moigne d&rsquo;une \u00e9volution significative des pratiques culturelles locales. Le stand-up, import\u00e9 des sc\u00e8nes anglo-saxonnes mais adapt\u00e9 aux r\u00e9alit\u00e9s socioculturelles maghr\u00e9bines, trouve ici un terreau particuli\u00e8rement fertile. Les spectateurs, loin d&rsquo;\u00eatre de simples r\u00e9cepteurs passifs, interagissent constamment avec les artistes, cr\u00e9ant cette communion unique qui caract\u00e9rise les repr\u00e9sentations alg\u00e9riennes. Cette interaction spontan\u00e9e transforme chaque repr\u00e9sentation en \u00e9v\u00e9nement singulier, o\u00f9 l&rsquo;improvisation et la complicit\u00e9 avec le public deviennent des \u00e9l\u00e9ments d\u00e9terminants du succ\u00e8s artistique.<\/p>\n\n\n\n<p>M.S.<\/p>\n","protected":false},"excerpt":{"rendered":"<p>L&rsquo;Op\u00e9ra d&rsquo;Alger Boualem-Bessa\u00efh r\u00e9sonne encore des \u00e9clats de rire qui ont marqu\u00e9 l&rsquo;ouverture de la septi\u00e8me \u00e9dition du Festival international<\/p>\n","protected":false},"author":6,"featured_media":70557,"comment_status":"open","ping_status":"closed","sticky":false,"template":"","format":"standard","meta":{"colormag_page_container_layout":"default_layout","colormag_page_sidebar_layout":"default_layout","om_disable_all_campaigns":false,"_monsterinsights_skip_tracking":false,"_monsterinsights_sitenote_active":false,"_monsterinsights_sitenote_note":"","_monsterinsights_sitenote_category":0,"footnotes":"","_wpscppro_dont_share_socialmedia":false,"_wpscppro_custom_social_share_image":0,"_facebook_share_type":"default","_twitter_share_type":"default","_linkedin_share_type":"default","_pinterest_share_type":"default","_linkedin_share_type_page":"","_instagram_share_type":"default","_medium_share_type":"default","_threads_share_type":"","_google_business_share_type":"","_selected_social_profile":[],"_wpsp_enable_custom_social_template":false,"_wpsp_social_scheduling":{"enabled":false,"datetime":null,"platforms":[],"status":"template_only","dateOption":"today","timeOption":"now","customDays":"","customHours":"","customDate":"","customTime":"","schedulingType":"absolute"},"_wpsp_active_default_template":true},"categories":[36],"tags":[],"class_list":["post-70556","post","type-post","status-publish","format-standard","has-post-thumbnail","hentry","category-culture"],"aioseo_notices":[],"yoast_head":"<!-- This site is optimized with the Yoast SEO plugin v27.5 - https:\/\/yoast.com\/product\/yoast-seo-wordpress\/ -->\n<title>Ouverture du festival Alg\u00e9&rsquo;Rire : L&rsquo;humour \u00e0 l&rsquo;alg\u00e9rienne conquiert le public - La Sentinelle<\/title>\n<meta name=\"robots\" content=\"index, follow, max-snippet:-1, max-image-preview:large, max-video-preview:-1\" \/>\n<link rel=\"canonical\" href=\"https:\/\/lasentinelle.dz\/index.php\/2025\/07\/20\/ouverture-du-festival-algerire-lhumour-a-lalgerienne-conquiert-le-public\/\" \/>\n<meta property=\"og:locale\" content=\"fr_FR\" \/>\n<meta property=\"og:type\" content=\"article\" \/>\n<meta property=\"og:title\" content=\"Ouverture du festival Alg\u00e9&rsquo;Rire : L&rsquo;humour \u00e0 l&rsquo;alg\u00e9rienne conquiert le public - La Sentinelle\" \/>\n<meta property=\"og:description\" content=\"L&rsquo;Op\u00e9ra d&rsquo;Alger Boualem-Bessa\u00efh r\u00e9sonne encore des \u00e9clats de rire qui ont marqu\u00e9 l&rsquo;ouverture de la septi\u00e8me \u00e9dition du Festival international\" \/>\n<meta property=\"og:url\" content=\"https:\/\/lasentinelle.dz\/index.php\/2025\/07\/20\/ouverture-du-festival-algerire-lhumour-a-lalgerienne-conquiert-le-public\/\" \/>\n<meta property=\"og:site_name\" content=\"La Sentinelle\" \/>\n<meta property=\"article:publisher\" content=\"https:\/\/www.facebook.com\/La-Sentinelle-104059864394773\" \/>\n<meta property=\"article:published_time\" content=\"2025-07-20T10:43:47+00:00\" \/>\n<meta property=\"og:image\" content=\"https:\/\/lasentinelle.dz\/wp-content\/uploads\/2025\/07\/algerire.jpg\" \/>\n\t<meta property=\"og:image:width\" content=\"745\" \/>\n\t<meta property=\"og:image:height\" content=\"470\" \/>\n\t<meta property=\"og:image:type\" content=\"image\/jpeg\" \/>\n<meta name=\"author\" content=\"admin\" \/>\n<meta name=\"twitter:card\" content=\"summary_large_image\" \/>\n<meta name=\"twitter:label1\" content=\"\u00c9crit par\" \/>\n\t<meta name=\"twitter:data1\" content=\"admin\" \/>\n\t<meta name=\"twitter:label2\" content=\"Dur\u00e9e de lecture estim\u00e9e\" \/>\n\t<meta name=\"twitter:data2\" content=\"3 minutes\" \/>\n<script type=\"application\/ld+json\" class=\"yoast-schema-graph\">{\"@context\":\"https:\\\/\\\/schema.org\",\"@graph\":[{\"@type\":\"Article\",\"@id\":\"https:\\\/\\\/lasentinelle.dz\\\/index.php\\\/2025\\\/07\\\/20\\\/ouverture-du-festival-algerire-lhumour-a-lalgerienne-conquiert-le-public\\\/#article\",\"isPartOf\":{\"@id\":\"https:\\\/\\\/lasentinelle.dz\\\/index.php\\\/2025\\\/07\\\/20\\\/ouverture-du-festival-algerire-lhumour-a-lalgerienne-conquiert-le-public\\\/\"},\"author\":{\"name\":\"admin\",\"@id\":\"https:\\\/\\\/lasentinelle.dz\\\/#\\\/schema\\\/person\\\/729ee0024f24e0b8c5ec17232f8e8b41\"},\"headline\":\"Ouverture du festival Alg\u00e9&rsquo;Rire : L&rsquo;humour \u00e0 l&rsquo;alg\u00e9rienne conquiert le public\",\"datePublished\":\"2025-07-20T10:43:47+00:00\",\"mainEntityOfPage\":{\"@id\":\"https:\\\/\\\/lasentinelle.dz\\\/index.php\\\/2025\\\/07\\\/20\\\/ouverture-du-festival-algerire-lhumour-a-lalgerienne-conquiert-le-public\\\/\"},\"wordCount\":515,\"commentCount\":0,\"publisher\":{\"@id\":\"https:\\\/\\\/lasentinelle.dz\\\/#organization\"},\"image\":{\"@id\":\"https:\\\/\\\/lasentinelle.dz\\\/index.php\\\/2025\\\/07\\\/20\\\/ouverture-du-festival-algerire-lhumour-a-lalgerienne-conquiert-le-public\\\/#primaryimage\"},\"thumbnailUrl\":\"https:\\\/\\\/lasentinelle.dz\\\/wp-content\\\/uploads\\\/2025\\\/07\\\/algerire.jpg\",\"articleSection\":[\"Culture\"],\"inLanguage\":\"fr-FR\",\"potentialAction\":[{\"@type\":\"CommentAction\",\"name\":\"Comment\",\"target\":[\"https:\\\/\\\/lasentinelle.dz\\\/index.php\\\/2025\\\/07\\\/20\\\/ouverture-du-festival-algerire-lhumour-a-lalgerienne-conquiert-le-public\\\/#respond\"]}]},{\"@type\":\"WebPage\",\"@id\":\"https:\\\/\\\/lasentinelle.dz\\\/index.php\\\/2025\\\/07\\\/20\\\/ouverture-du-festival-algerire-lhumour-a-lalgerienne-conquiert-le-public\\\/\",\"url\":\"https:\\\/\\\/lasentinelle.dz\\\/index.php\\\/2025\\\/07\\\/20\\\/ouverture-du-festival-algerire-lhumour-a-lalgerienne-conquiert-le-public\\\/\",\"name\":\"Ouverture du festival Alg\u00e9&rsquo;Rire : L&rsquo;humour \u00e0 l&rsquo;alg\u00e9rienne conquiert le public - La Sentinelle\",\"isPartOf\":{\"@id\":\"https:\\\/\\\/lasentinelle.dz\\\/#website\"},\"primaryImageOfPage\":{\"@id\":\"https:\\\/\\\/lasentinelle.dz\\\/index.php\\\/2025\\\/07\\\/20\\\/ouverture-du-festival-algerire-lhumour-a-lalgerienne-conquiert-le-public\\\/#primaryimage\"},\"image\":{\"@id\":\"https:\\\/\\\/lasentinelle.dz\\\/index.php\\\/2025\\\/07\\\/20\\\/ouverture-du-festival-algerire-lhumour-a-lalgerienne-conquiert-le-public\\\/#primaryimage\"},\"thumbnailUrl\":\"https:\\\/\\\/lasentinelle.dz\\\/wp-content\\\/uploads\\\/2025\\\/07\\\/algerire.jpg\",\"datePublished\":\"2025-07-20T10:43:47+00:00\",\"breadcrumb\":{\"@id\":\"https:\\\/\\\/lasentinelle.dz\\\/index.php\\\/2025\\\/07\\\/20\\\/ouverture-du-festival-algerire-lhumour-a-lalgerienne-conquiert-le-public\\\/#breadcrumb\"},\"inLanguage\":\"fr-FR\",\"potentialAction\":[{\"@type\":\"ReadAction\",\"target\":[\"https:\\\/\\\/lasentinelle.dz\\\/index.php\\\/2025\\\/07\\\/20\\\/ouverture-du-festival-algerire-lhumour-a-lalgerienne-conquiert-le-public\\\/\"]}]},{\"@type\":\"ImageObject\",\"inLanguage\":\"fr-FR\",\"@id\":\"https:\\\/\\\/lasentinelle.dz\\\/index.php\\\/2025\\\/07\\\/20\\\/ouverture-du-festival-algerire-lhumour-a-lalgerienne-conquiert-le-public\\\/#primaryimage\",\"url\":\"https:\\\/\\\/lasentinelle.dz\\\/wp-content\\\/uploads\\\/2025\\\/07\\\/algerire.jpg\",\"contentUrl\":\"https:\\\/\\\/lasentinelle.dz\\\/wp-content\\\/uploads\\\/2025\\\/07\\\/algerire.jpg\",\"width\":745,\"height\":470},{\"@type\":\"BreadcrumbList\",\"@id\":\"https:\\\/\\\/lasentinelle.dz\\\/index.php\\\/2025\\\/07\\\/20\\\/ouverture-du-festival-algerire-lhumour-a-lalgerienne-conquiert-le-public\\\/#breadcrumb\",\"itemListElement\":[{\"@type\":\"ListItem\",\"position\":1,\"name\":\"Accueil\",\"item\":\"https:\\\/\\\/lasentinelle.dz\\\/\"},{\"@type\":\"ListItem\",\"position\":2,\"name\":\"Ouverture du festival Alg\u00e9&rsquo;Rire : L&rsquo;humour \u00e0 l&rsquo;alg\u00e9rienne conquiert le public\"}]},{\"@type\":\"WebSite\",\"@id\":\"https:\\\/\\\/lasentinelle.dz\\\/#website\",\"url\":\"https:\\\/\\\/lasentinelle.dz\\\/\",\"name\":\"La Sentinelle\",\"description\":\"Quotidien national d&#039;information\",\"publisher\":{\"@id\":\"https:\\\/\\\/lasentinelle.dz\\\/#organization\"},\"potentialAction\":[{\"@type\":\"SearchAction\",\"target\":{\"@type\":\"EntryPoint\",\"urlTemplate\":\"https:\\\/\\\/lasentinelle.dz\\\/?s={search_term_string}\"},\"query-input\":{\"@type\":\"PropertyValueSpecification\",\"valueRequired\":true,\"valueName\":\"search_term_string\"}}],\"inLanguage\":\"fr-FR\"},{\"@type\":\"Organization\",\"@id\":\"https:\\\/\\\/lasentinelle.dz\\\/#organization\",\"name\":\"Quotidien La Sentinelle\",\"url\":\"https:\\\/\\\/lasentinelle.dz\\\/\",\"logo\":{\"@type\":\"ImageObject\",\"inLanguage\":\"fr-FR\",\"@id\":\"https:\\\/\\\/lasentinelle.dz\\\/#\\\/schema\\\/logo\\\/image\\\/\",\"url\":\"https:\\\/\\\/lasentinelle.dz\\\/wp-content\\\/uploads\\\/2021\\\/09\\\/logo-sentinelleSLOGAN-1.png\",\"contentUrl\":\"https:\\\/\\\/lasentinelle.dz\\\/wp-content\\\/uploads\\\/2021\\\/09\\\/logo-sentinelleSLOGAN-1.png\",\"width\":615,\"height\":142,\"caption\":\"Quotidien La Sentinelle\"},\"image\":{\"@id\":\"https:\\\/\\\/lasentinelle.dz\\\/#\\\/schema\\\/logo\\\/image\\\/\"},\"sameAs\":[\"https:\\\/\\\/www.facebook.com\\\/La-Sentinelle-104059864394773\"]},{\"@type\":\"Person\",\"@id\":\"https:\\\/\\\/lasentinelle.dz\\\/#\\\/schema\\\/person\\\/729ee0024f24e0b8c5ec17232f8e8b41\",\"name\":\"admin\",\"image\":{\"@type\":\"ImageObject\",\"inLanguage\":\"fr-FR\",\"@id\":\"https:\\\/\\\/secure.gravatar.com\\\/avatar\\\/4c81fed838786e9b53f540bf46533e750f5d292099ae3b66cfc6fb1982e29df7?s=96&d=mm&r=g\",\"url\":\"https:\\\/\\\/secure.gravatar.com\\\/avatar\\\/4c81fed838786e9b53f540bf46533e750f5d292099ae3b66cfc6fb1982e29df7?s=96&d=mm&r=g\",\"contentUrl\":\"https:\\\/\\\/secure.gravatar.com\\\/avatar\\\/4c81fed838786e9b53f540bf46533e750f5d292099ae3b66cfc6fb1982e29df7?s=96&d=mm&r=g\",\"caption\":\"admin\"},\"description\":\"admin\",\"url\":\"https:\\\/\\\/lasentinelle.dz\\\/author\\\/admin\\\/\"}]}<\/script>\n<!-- \/ Yoast SEO plugin. -->","yoast_head_json":{"title":"Ouverture du festival Alg\u00e9&rsquo;Rire : L&rsquo;humour \u00e0 l&rsquo;alg\u00e9rienne conquiert le public - La Sentinelle","robots":{"index":"index","follow":"follow","max-snippet":"max-snippet:-1","max-image-preview":"max-image-preview:large","max-video-preview":"max-video-preview:-1"},"canonical":"https:\/\/lasentinelle.dz\/index.php\/2025\/07\/20\/ouverture-du-festival-algerire-lhumour-a-lalgerienne-conquiert-le-public\/","og_locale":"fr_FR","og_type":"article","og_title":"Ouverture du festival Alg\u00e9&rsquo;Rire : L&rsquo;humour \u00e0 l&rsquo;alg\u00e9rienne conquiert le public - La Sentinelle","og_description":"L&rsquo;Op\u00e9ra d&rsquo;Alger Boualem-Bessa\u00efh r\u00e9sonne encore des \u00e9clats de rire qui ont marqu\u00e9 l&rsquo;ouverture de la septi\u00e8me \u00e9dition du Festival international","og_url":"https:\/\/lasentinelle.dz\/index.php\/2025\/07\/20\/ouverture-du-festival-algerire-lhumour-a-lalgerienne-conquiert-le-public\/","og_site_name":"La Sentinelle","article_publisher":"https:\/\/www.facebook.com\/La-Sentinelle-104059864394773","article_published_time":"2025-07-20T10:43:47+00:00","og_image":[{"width":745,"height":470,"url":"https:\/\/lasentinelle.dz\/wp-content\/uploads\/2025\/07\/algerire.jpg","type":"image\/jpeg"}],"author":"admin","twitter_card":"summary_large_image","twitter_misc":{"\u00c9crit par":"admin","Dur\u00e9e de lecture estim\u00e9e":"3 minutes"},"schema":{"@context":"https:\/\/schema.org","@graph":[{"@type":"Article","@id":"https:\/\/lasentinelle.dz\/index.php\/2025\/07\/20\/ouverture-du-festival-algerire-lhumour-a-lalgerienne-conquiert-le-public\/#article","isPartOf":{"@id":"https:\/\/lasentinelle.dz\/index.php\/2025\/07\/20\/ouverture-du-festival-algerire-lhumour-a-lalgerienne-conquiert-le-public\/"},"author":{"name":"admin","@id":"https:\/\/lasentinelle.dz\/#\/schema\/person\/729ee0024f24e0b8c5ec17232f8e8b41"},"headline":"Ouverture du festival Alg\u00e9&rsquo;Rire : L&rsquo;humour \u00e0 l&rsquo;alg\u00e9rienne conquiert le public","datePublished":"2025-07-20T10:43:47+00:00","mainEntityOfPage":{"@id":"https:\/\/lasentinelle.dz\/index.php\/2025\/07\/20\/ouverture-du-festival-algerire-lhumour-a-lalgerienne-conquiert-le-public\/"},"wordCount":515,"commentCount":0,"publisher":{"@id":"https:\/\/lasentinelle.dz\/#organization"},"image":{"@id":"https:\/\/lasentinelle.dz\/index.php\/2025\/07\/20\/ouverture-du-festival-algerire-lhumour-a-lalgerienne-conquiert-le-public\/#primaryimage"},"thumbnailUrl":"https:\/\/lasentinelle.dz\/wp-content\/uploads\/2025\/07\/algerire.jpg","articleSection":["Culture"],"inLanguage":"fr-FR","potentialAction":[{"@type":"CommentAction","name":"Comment","target":["https:\/\/lasentinelle.dz\/index.php\/2025\/07\/20\/ouverture-du-festival-algerire-lhumour-a-lalgerienne-conquiert-le-public\/#respond"]}]},{"@type":"WebPage","@id":"https:\/\/lasentinelle.dz\/index.php\/2025\/07\/20\/ouverture-du-festival-algerire-lhumour-a-lalgerienne-conquiert-le-public\/","url":"https:\/\/lasentinelle.dz\/index.php\/2025\/07\/20\/ouverture-du-festival-algerire-lhumour-a-lalgerienne-conquiert-le-public\/","name":"Ouverture du festival Alg\u00e9&rsquo;Rire : L&rsquo;humour \u00e0 l&rsquo;alg\u00e9rienne conquiert le public - La Sentinelle","isPartOf":{"@id":"https:\/\/lasentinelle.dz\/#website"},"primaryImageOfPage":{"@id":"https:\/\/lasentinelle.dz\/index.php\/2025\/07\/20\/ouverture-du-festival-algerire-lhumour-a-lalgerienne-conquiert-le-public\/#primaryimage"},"image":{"@id":"https:\/\/lasentinelle.dz\/index.php\/2025\/07\/20\/ouverture-du-festival-algerire-lhumour-a-lalgerienne-conquiert-le-public\/#primaryimage"},"thumbnailUrl":"https:\/\/lasentinelle.dz\/wp-content\/uploads\/2025\/07\/algerire.jpg","datePublished":"2025-07-20T10:43:47+00:00","breadcrumb":{"@id":"https:\/\/lasentinelle.dz\/index.php\/2025\/07\/20\/ouverture-du-festival-algerire-lhumour-a-lalgerienne-conquiert-le-public\/#breadcrumb"},"inLanguage":"fr-FR","potentialAction":[{"@type":"ReadAction","target":["https:\/\/lasentinelle.dz\/index.php\/2025\/07\/20\/ouverture-du-festival-algerire-lhumour-a-lalgerienne-conquiert-le-public\/"]}]},{"@type":"ImageObject","inLanguage":"fr-FR","@id":"https:\/\/lasentinelle.dz\/index.php\/2025\/07\/20\/ouverture-du-festival-algerire-lhumour-a-lalgerienne-conquiert-le-public\/#primaryimage","url":"https:\/\/lasentinelle.dz\/wp-content\/uploads\/2025\/07\/algerire.jpg","contentUrl":"https:\/\/lasentinelle.dz\/wp-content\/uploads\/2025\/07\/algerire.jpg","width":745,"height":470},{"@type":"BreadcrumbList","@id":"https:\/\/lasentinelle.dz\/index.php\/2025\/07\/20\/ouverture-du-festival-algerire-lhumour-a-lalgerienne-conquiert-le-public\/#breadcrumb","itemListElement":[{"@type":"ListItem","position":1,"name":"Accueil","item":"https:\/\/lasentinelle.dz\/"},{"@type":"ListItem","position":2,"name":"Ouverture du festival Alg\u00e9&rsquo;Rire : L&rsquo;humour \u00e0 l&rsquo;alg\u00e9rienne conquiert le public"}]},{"@type":"WebSite","@id":"https:\/\/lasentinelle.dz\/#website","url":"https:\/\/lasentinelle.dz\/","name":"La Sentinelle","description":"Quotidien national d&#039;information","publisher":{"@id":"https:\/\/lasentinelle.dz\/#organization"},"potentialAction":[{"@type":"SearchAction","target":{"@type":"EntryPoint","urlTemplate":"https:\/\/lasentinelle.dz\/?s={search_term_string}"},"query-input":{"@type":"PropertyValueSpecification","valueRequired":true,"valueName":"search_term_string"}}],"inLanguage":"fr-FR"},{"@type":"Organization","@id":"https:\/\/lasentinelle.dz\/#organization","name":"Quotidien La Sentinelle","url":"https:\/\/lasentinelle.dz\/","logo":{"@type":"ImageObject","inLanguage":"fr-FR","@id":"https:\/\/lasentinelle.dz\/#\/schema\/logo\/image\/","url":"https:\/\/lasentinelle.dz\/wp-content\/uploads\/2021\/09\/logo-sentinelleSLOGAN-1.png","contentUrl":"https:\/\/lasentinelle.dz\/wp-content\/uploads\/2021\/09\/logo-sentinelleSLOGAN-1.png","width":615,"height":142,"caption":"Quotidien La Sentinelle"},"image":{"@id":"https:\/\/lasentinelle.dz\/#\/schema\/logo\/image\/"},"sameAs":["https:\/\/www.facebook.com\/La-Sentinelle-104059864394773"]},{"@type":"Person","@id":"https:\/\/lasentinelle.dz\/#\/schema\/person\/729ee0024f24e0b8c5ec17232f8e8b41","name":"admin","image":{"@type":"ImageObject","inLanguage":"fr-FR","@id":"https:\/\/secure.gravatar.com\/avatar\/4c81fed838786e9b53f540bf46533e750f5d292099ae3b66cfc6fb1982e29df7?s=96&d=mm&r=g","url":"https:\/\/secure.gravatar.com\/avatar\/4c81fed838786e9b53f540bf46533e750f5d292099ae3b66cfc6fb1982e29df7?s=96&d=mm&r=g","contentUrl":"https:\/\/secure.gravatar.com\/avatar\/4c81fed838786e9b53f540bf46533e750f5d292099ae3b66cfc6fb1982e29df7?s=96&d=mm&r=g","caption":"admin"},"description":"admin","url":"https:\/\/lasentinelle.dz\/author\/admin\/"}]}},"_links":{"self":[{"href":"https:\/\/lasentinelle.dz\/index.php\/wp-json\/wp\/v2\/posts\/70556","targetHints":{"allow":["GET"]}}],"collection":[{"href":"https:\/\/lasentinelle.dz\/index.php\/wp-json\/wp\/v2\/posts"}],"about":[{"href":"https:\/\/lasentinelle.dz\/index.php\/wp-json\/wp\/v2\/types\/post"}],"author":[{"embeddable":true,"href":"https:\/\/lasentinelle.dz\/index.php\/wp-json\/wp\/v2\/users\/6"}],"replies":[{"embeddable":true,"href":"https:\/\/lasentinelle.dz\/index.php\/wp-json\/wp\/v2\/comments?post=70556"}],"version-history":[{"count":2,"href":"https:\/\/lasentinelle.dz\/index.php\/wp-json\/wp\/v2\/posts\/70556\/revisions"}],"predecessor-version":[{"id":70559,"href":"https:\/\/lasentinelle.dz\/index.php\/wp-json\/wp\/v2\/posts\/70556\/revisions\/70559"}],"wp:featuredmedia":[{"embeddable":true,"href":"https:\/\/lasentinelle.dz\/index.php\/wp-json\/wp\/v2\/media\/70557"}],"wp:attachment":[{"href":"https:\/\/lasentinelle.dz\/index.php\/wp-json\/wp\/v2\/media?parent=70556"}],"wp:term":[{"taxonomy":"category","embeddable":true,"href":"https:\/\/lasentinelle.dz\/index.php\/wp-json\/wp\/v2\/categories?post=70556"},{"taxonomy":"post_tag","embeddable":true,"href":"https:\/\/lasentinelle.dz\/index.php\/wp-json\/wp\/v2\/tags?post=70556"}],"curies":[{"name":"wp","href":"https:\/\/api.w.org\/{rel}","templated":true}]}}