{"id":70560,"date":"2025-07-20T11:44:49","date_gmt":"2025-07-20T10:44:49","guid":{"rendered":"https:\/\/lasentinelle.dz\/?p=70560"},"modified":"2025-07-20T11:44:49","modified_gmt":"2025-07-20T10:44:49","slug":"une-exposition-collective-au-palais-de-la-culture-moufdi-zakaria-une-centaine-doeuvres-pour-raconter-ghaza","status":"publish","type":"post","link":"https:\/\/lasentinelle.dz\/index.php\/2025\/07\/20\/une-exposition-collective-au-palais-de-la-culture-moufdi-zakaria-une-centaine-doeuvres-pour-raconter-ghaza\/","title":{"rendered":"Une exposition collective au Palais de la Culture Moufdi-Zakaria : Une centaine d&rsquo;\u0153uvres pour raconter Ghaza"},"content":{"rendered":"\n<p>Le Palais de la Culture Moufdi-Zakaria d&rsquo;Alger accueille jusqu&rsquo;au 15 ao\u00fbt une exposition collective d&rsquo;envergure qui transforme la douleur en couleurs et la trag\u00e9die en cr\u00e9ation artistique. \u00ab\u00a0De sous les d\u00e9combres, Ghaza en couleurs\u00a0\u00bb rassemble plus de cent \u0153uvres sign\u00e9es par trente-six artistes plasticiens alg\u00e9riens, t\u00e9moignage vibrant d&rsquo;une solidarit\u00e9 qui transcende les fronti\u00e8res g\u00e9ographiques pour toucher au c\u0153ur de l&rsquo;humanit\u00e9. Inaugur\u00e9e jeudi dernier par le ministre de la Culture et des Arts, Zouhir Ballalou, cette exposition transforme la galerie Baya en un espace de recueillement et de r\u00e9sistance cr\u00e9ative, o\u00f9 chaque toile devient un cri silencieux face \u00e0 l&rsquo;indicible. L&rsquo;initiative, fruit d&rsquo;une ann\u00e9e de pr\u00e9paration selon l&rsquo;artiste Samir Galbi, illustre avec une force saisissante comment l&rsquo;art peut devenir le langage universel de la compassion et de l&rsquo;indignation. Les cr\u00e9ateurs, venus des quatre coins du pays, ont puis\u00e9 dans leur palette \u00e9motionnelle pour traduire visuellement ce que les mots peinent \u00e0 exprimer. Le ministre Ballalou a soulign\u00e9 que \u00ab\u00a0ces \u0153uvres expriment avec spontan\u00e9it\u00e9 et sinc\u00e9rit\u00e9 l&rsquo;importance et la place qu&rsquo;occupe la cause palestinienne dans le c\u0153ur des Alg\u00e9riens ainsi que la position claire et immuable de l&rsquo;Alg\u00e9rie en soutien \u00e0 la cause palestinienne\u00a0\u00bb. Cette exposition constitue ainsi bien plus qu&rsquo;un simple \u00e9v\u00e9nement culturel ; elle devient le miroir d&rsquo;une conscience collective alg\u00e9rienne profond\u00e9ment marqu\u00e9e par la solidarit\u00e9 historique avec les peuples en lutte.<\/p>\n\n\n\n<p>Chaque \u0153uvre expos\u00e9e raconte une histoire particuli\u00e8re dans cette trag\u00e9die collective. Bougara Abdelouahab pr\u00e9sente \u00ab\u00a0Le cri de l&rsquo;enfance\u00a0\u00bb, toile poignante o\u00f9 un enfant palestinien terroris\u00e9 fuit un avion qui menace son corps fragile, m\u00e9taphore saisissante de l&rsquo;innocence broy\u00e9e par la machine de guerre. Derradji Omar explore quant \u00e0 lui le th\u00e8me du d\u00e9racinement forc\u00e9 \u00e0 travers \u00ab\u00a0Les d\u00e9plac\u00e9s\u00a0\u00bb et \u00ab\u00a0Ma solitude\u00a0\u00bb, t\u00e9moignages picturaux de l&rsquo;exil impos\u00e9. Plus troublante encore, l&rsquo;\u0153uvre de Sahraoui Karima, \u00ab\u00a0Les cris silencieux\u00a0\u00bb, d\u00e9ploie un arsenal technique vari\u00e9 pour repr\u00e9senter un missile explosant au milieu de vestiges humains, dans un paysage de d\u00e9solation sanglante qui interroge frontalement le spectateur sur les limites de l&rsquo;acceptable.<\/p>\n\n\n\n<p>Le ministre a \u00e9galement rappel\u00e9 que \u00ab\u00a0l&rsquo;artiste alg\u00e9rien envoie aussi un message d&rsquo;espoir et d&rsquo;amour \u00e0 travers ces \u0153uvres, qui illustrent la lutte et la r\u00e9sistance du peuple palestinien, afin d&rsquo;affirmer que la Palestine n&rsquo;est pas seule et que sa r\u00e9sistance sera in\u00e9luctablement couronn\u00e9e de victoire et de libert\u00e9\u00a0\u00bb. Cette dimension proph\u00e9tique de l&rsquo;art transforme l&rsquo;exposition en v\u00e9ritable manifeste esth\u00e9tique, o\u00f9 la cr\u00e9ation devient acte de foi en l&rsquo;avenir. Ballalou a d&rsquo;ailleurs \u00e9tabli un parall\u00e8le historique \u00e9loquent, affirmant que ces \u0153uvres constituent \u00ab\u00a0un message \u00e0 nos fr\u00e8res en Palestine pour qu&rsquo;ils continuent \u00e0 r\u00e9sister, tout comme l&rsquo;Alg\u00e9rie avait r\u00e9sist\u00e9 face \u00e0 l&rsquo;Alliance atlantique durant la R\u00e9volution de lib\u00e9ration\u00a0\u00bb.<\/p>\n\n\n\n<p>Cette exposition r\u00e9v\u00e8le la capacit\u00e9 unique de l&rsquo;art \u00e0 transcender l&rsquo;actualit\u00e9 imm\u00e9diate pour toucher \u00e0 l&rsquo;universel. En choisissant de repr\u00e9senter \u00ab\u00a0la souffrance des femmes et des enfants\u00a0\u00bb et en d\u00e9peignant \u00ab\u00a0des sc\u00e8nes de crime horribles\u00a0\u00bb, les artistes assument pleinement leur r\u00f4le de t\u00e9moins de leur \u00e9poque. Ils d\u00e9noncent les \u00ab\u00a0crimes ignobles de l&rsquo;entit\u00e9 sioniste qui bombarde d\u00e9lib\u00e9r\u00e9ment les maisons, les camps, les h\u00f4pitaux, les \u00e9coles et les lieux de culte \u00e0 Ghaza et adopte la politique de famine\u00a0\u00bb. Cette dimension testimoniale conf\u00e8re \u00e0 l&rsquo;exposition une port\u00e9e qui d\u00e9passe largement le cadre esth\u00e9tique traditionnel pour s&rsquo;inscrire dans une d\u00e9marche de m\u00e9moire active et de r\u00e9sistance culturelle. Jusqu&rsquo;au 15 ao\u00fbt, ces cent toiles continuent de porter un message d&rsquo;humanit\u00e9 qui r\u00e9sonne bien au-del\u00e0 des murs de la galerie Baya. Mohand Seghir<\/p>\n","protected":false},"excerpt":{"rendered":"<p>Le Palais de la Culture Moufdi-Zakaria d&rsquo;Alger accueille jusqu&rsquo;au 15 ao\u00fbt une exposition collective d&rsquo;envergure qui transforme la douleur en<\/p>\n","protected":false},"author":6,"featured_media":70561,"comment_status":"open","ping_status":"closed","sticky":false,"template":"","format":"standard","meta":{"colormag_page_container_layout":"default_layout","colormag_page_sidebar_layout":"default_layout","om_disable_all_campaigns":false,"_monsterinsights_skip_tracking":false,"_monsterinsights_sitenote_active":false,"_monsterinsights_sitenote_note":"","_monsterinsights_sitenote_category":0,"footnotes":"","_wpscppro_dont_share_socialmedia":false,"_wpscppro_custom_social_share_image":0,"_facebook_share_type":"default","_twitter_share_type":"default","_linkedin_share_type":"default","_pinterest_share_type":"default","_linkedin_share_type_page":"","_instagram_share_type":"default","_medium_share_type":"default","_threads_share_type":"","_google_business_share_type":"","_selected_social_profile":[],"_wpsp_enable_custom_social_template":false,"_wpsp_social_scheduling":{"enabled":false,"datetime":null,"platforms":[],"status":"template_only","dateOption":"today","timeOption":"now","customDays":"","customHours":"","customDate":"","customTime":"","schedulingType":"absolute"},"_wpsp_active_default_template":true},"categories":[36],"tags":[],"class_list":["post-70560","post","type-post","status-publish","format-standard","has-post-thumbnail","hentry","category-culture"],"aioseo_notices":[],"yoast_head":"<!-- This site is optimized with the Yoast SEO plugin v27.4 - https:\/\/yoast.com\/product\/yoast-seo-wordpress\/ -->\n<title>Une exposition collective au Palais de la Culture Moufdi-Zakaria : Une centaine d&rsquo;\u0153uvres pour raconter Ghaza - La Sentinelle<\/title>\n<meta name=\"robots\" content=\"index, follow, max-snippet:-1, max-image-preview:large, max-video-preview:-1\" \/>\n<link rel=\"canonical\" href=\"https:\/\/lasentinelle.dz\/index.php\/2025\/07\/20\/une-exposition-collective-au-palais-de-la-culture-moufdi-zakaria-une-centaine-doeuvres-pour-raconter-ghaza\/\" \/>\n<meta property=\"og:locale\" content=\"fr_FR\" \/>\n<meta property=\"og:type\" content=\"article\" \/>\n<meta property=\"og:title\" content=\"Une exposition collective au Palais de la Culture Moufdi-Zakaria : Une centaine d&rsquo;\u0153uvres pour raconter Ghaza - La Sentinelle\" \/>\n<meta property=\"og:description\" content=\"Le Palais de la Culture Moufdi-Zakaria d&rsquo;Alger accueille jusqu&rsquo;au 15 ao\u00fbt une exposition collective d&rsquo;envergure qui transforme la douleur en\" \/>\n<meta property=\"og:url\" content=\"https:\/\/lasentinelle.dz\/index.php\/2025\/07\/20\/une-exposition-collective-au-palais-de-la-culture-moufdi-zakaria-une-centaine-doeuvres-pour-raconter-ghaza\/\" \/>\n<meta property=\"og:site_name\" content=\"La Sentinelle\" \/>\n<meta property=\"article:publisher\" content=\"https:\/\/www.facebook.com\/La-Sentinelle-104059864394773\" \/>\n<meta property=\"article:published_time\" content=\"2025-07-20T10:44:49+00:00\" \/>\n<meta property=\"og:image\" content=\"https:\/\/lasentinelle.dz\/wp-content\/uploads\/2025\/07\/expo.jpg\" \/>\n\t<meta property=\"og:image:width\" content=\"2048\" \/>\n\t<meta property=\"og:image:height\" content=\"1152\" \/>\n\t<meta property=\"og:image:type\" content=\"image\/jpeg\" \/>\n<meta name=\"author\" content=\"admin\" \/>\n<meta name=\"twitter:card\" content=\"summary_large_image\" \/>\n<meta name=\"twitter:label1\" content=\"\u00c9crit par\" \/>\n\t<meta name=\"twitter:data1\" content=\"admin\" \/>\n\t<meta name=\"twitter:label2\" content=\"Dur\u00e9e de lecture estim\u00e9e\" \/>\n\t<meta name=\"twitter:data2\" content=\"4 minutes\" \/>\n<script type=\"application\/ld+json\" class=\"yoast-schema-graph\">{\"@context\":\"https:\\\/\\\/schema.org\",\"@graph\":[{\"@type\":\"Article\",\"@id\":\"https:\\\/\\\/lasentinelle.dz\\\/index.php\\\/2025\\\/07\\\/20\\\/une-exposition-collective-au-palais-de-la-culture-moufdi-zakaria-une-centaine-doeuvres-pour-raconter-ghaza\\\/#article\",\"isPartOf\":{\"@id\":\"https:\\\/\\\/lasentinelle.dz\\\/index.php\\\/2025\\\/07\\\/20\\\/une-exposition-collective-au-palais-de-la-culture-moufdi-zakaria-une-centaine-doeuvres-pour-raconter-ghaza\\\/\"},\"author\":{\"name\":\"admin\",\"@id\":\"https:\\\/\\\/lasentinelle.dz\\\/#\\\/schema\\\/person\\\/729ee0024f24e0b8c5ec17232f8e8b41\"},\"headline\":\"Une exposition collective au Palais de la Culture Moufdi-Zakaria : Une centaine d&rsquo;\u0153uvres pour raconter Ghaza\",\"datePublished\":\"2025-07-20T10:44:49+00:00\",\"mainEntityOfPage\":{\"@id\":\"https:\\\/\\\/lasentinelle.dz\\\/index.php\\\/2025\\\/07\\\/20\\\/une-exposition-collective-au-palais-de-la-culture-moufdi-zakaria-une-centaine-doeuvres-pour-raconter-ghaza\\\/\"},\"wordCount\":685,\"commentCount\":0,\"publisher\":{\"@id\":\"https:\\\/\\\/lasentinelle.dz\\\/#organization\"},\"image\":{\"@id\":\"https:\\\/\\\/lasentinelle.dz\\\/index.php\\\/2025\\\/07\\\/20\\\/une-exposition-collective-au-palais-de-la-culture-moufdi-zakaria-une-centaine-doeuvres-pour-raconter-ghaza\\\/#primaryimage\"},\"thumbnailUrl\":\"https:\\\/\\\/lasentinelle.dz\\\/wp-content\\\/uploads\\\/2025\\\/07\\\/expo.jpg\",\"articleSection\":[\"Culture\"],\"inLanguage\":\"fr-FR\",\"potentialAction\":[{\"@type\":\"CommentAction\",\"name\":\"Comment\",\"target\":[\"https:\\\/\\\/lasentinelle.dz\\\/index.php\\\/2025\\\/07\\\/20\\\/une-exposition-collective-au-palais-de-la-culture-moufdi-zakaria-une-centaine-doeuvres-pour-raconter-ghaza\\\/#respond\"]}]},{\"@type\":\"WebPage\",\"@id\":\"https:\\\/\\\/lasentinelle.dz\\\/index.php\\\/2025\\\/07\\\/20\\\/une-exposition-collective-au-palais-de-la-culture-moufdi-zakaria-une-centaine-doeuvres-pour-raconter-ghaza\\\/\",\"url\":\"https:\\\/\\\/lasentinelle.dz\\\/index.php\\\/2025\\\/07\\\/20\\\/une-exposition-collective-au-palais-de-la-culture-moufdi-zakaria-une-centaine-doeuvres-pour-raconter-ghaza\\\/\",\"name\":\"Une exposition collective au Palais de la Culture Moufdi-Zakaria : Une centaine d&rsquo;\u0153uvres pour raconter Ghaza - La Sentinelle\",\"isPartOf\":{\"@id\":\"https:\\\/\\\/lasentinelle.dz\\\/#website\"},\"primaryImageOfPage\":{\"@id\":\"https:\\\/\\\/lasentinelle.dz\\\/index.php\\\/2025\\\/07\\\/20\\\/une-exposition-collective-au-palais-de-la-culture-moufdi-zakaria-une-centaine-doeuvres-pour-raconter-ghaza\\\/#primaryimage\"},\"image\":{\"@id\":\"https:\\\/\\\/lasentinelle.dz\\\/index.php\\\/2025\\\/07\\\/20\\\/une-exposition-collective-au-palais-de-la-culture-moufdi-zakaria-une-centaine-doeuvres-pour-raconter-ghaza\\\/#primaryimage\"},\"thumbnailUrl\":\"https:\\\/\\\/lasentinelle.dz\\\/wp-content\\\/uploads\\\/2025\\\/07\\\/expo.jpg\",\"datePublished\":\"2025-07-20T10:44:49+00:00\",\"breadcrumb\":{\"@id\":\"https:\\\/\\\/lasentinelle.dz\\\/index.php\\\/2025\\\/07\\\/20\\\/une-exposition-collective-au-palais-de-la-culture-moufdi-zakaria-une-centaine-doeuvres-pour-raconter-ghaza\\\/#breadcrumb\"},\"inLanguage\":\"fr-FR\",\"potentialAction\":[{\"@type\":\"ReadAction\",\"target\":[\"https:\\\/\\\/lasentinelle.dz\\\/index.php\\\/2025\\\/07\\\/20\\\/une-exposition-collective-au-palais-de-la-culture-moufdi-zakaria-une-centaine-doeuvres-pour-raconter-ghaza\\\/\"]}]},{\"@type\":\"ImageObject\",\"inLanguage\":\"fr-FR\",\"@id\":\"https:\\\/\\\/lasentinelle.dz\\\/index.php\\\/2025\\\/07\\\/20\\\/une-exposition-collective-au-palais-de-la-culture-moufdi-zakaria-une-centaine-doeuvres-pour-raconter-ghaza\\\/#primaryimage\",\"url\":\"https:\\\/\\\/lasentinelle.dz\\\/wp-content\\\/uploads\\\/2025\\\/07\\\/expo.jpg\",\"contentUrl\":\"https:\\\/\\\/lasentinelle.dz\\\/wp-content\\\/uploads\\\/2025\\\/07\\\/expo.jpg\",\"width\":2048,\"height\":1152},{\"@type\":\"BreadcrumbList\",\"@id\":\"https:\\\/\\\/lasentinelle.dz\\\/index.php\\\/2025\\\/07\\\/20\\\/une-exposition-collective-au-palais-de-la-culture-moufdi-zakaria-une-centaine-doeuvres-pour-raconter-ghaza\\\/#breadcrumb\",\"itemListElement\":[{\"@type\":\"ListItem\",\"position\":1,\"name\":\"Accueil\",\"item\":\"https:\\\/\\\/lasentinelle.dz\\\/\"},{\"@type\":\"ListItem\",\"position\":2,\"name\":\"Une exposition collective au Palais de la Culture Moufdi-Zakaria : Une centaine d&rsquo;\u0153uvres pour raconter Ghaza\"}]},{\"@type\":\"WebSite\",\"@id\":\"https:\\\/\\\/lasentinelle.dz\\\/#website\",\"url\":\"https:\\\/\\\/lasentinelle.dz\\\/\",\"name\":\"La Sentinelle\",\"description\":\"Quotidien national d&#039;information\",\"publisher\":{\"@id\":\"https:\\\/\\\/lasentinelle.dz\\\/#organization\"},\"potentialAction\":[{\"@type\":\"SearchAction\",\"target\":{\"@type\":\"EntryPoint\",\"urlTemplate\":\"https:\\\/\\\/lasentinelle.dz\\\/?s={search_term_string}\"},\"query-input\":{\"@type\":\"PropertyValueSpecification\",\"valueRequired\":true,\"valueName\":\"search_term_string\"}}],\"inLanguage\":\"fr-FR\"},{\"@type\":\"Organization\",\"@id\":\"https:\\\/\\\/lasentinelle.dz\\\/#organization\",\"name\":\"Quotidien La Sentinelle\",\"url\":\"https:\\\/\\\/lasentinelle.dz\\\/\",\"logo\":{\"@type\":\"ImageObject\",\"inLanguage\":\"fr-FR\",\"@id\":\"https:\\\/\\\/lasentinelle.dz\\\/#\\\/schema\\\/logo\\\/image\\\/\",\"url\":\"https:\\\/\\\/lasentinelle.dz\\\/wp-content\\\/uploads\\\/2021\\\/09\\\/logo-sentinelleSLOGAN-1.png\",\"contentUrl\":\"https:\\\/\\\/lasentinelle.dz\\\/wp-content\\\/uploads\\\/2021\\\/09\\\/logo-sentinelleSLOGAN-1.png\",\"width\":615,\"height\":142,\"caption\":\"Quotidien La Sentinelle\"},\"image\":{\"@id\":\"https:\\\/\\\/lasentinelle.dz\\\/#\\\/schema\\\/logo\\\/image\\\/\"},\"sameAs\":[\"https:\\\/\\\/www.facebook.com\\\/La-Sentinelle-104059864394773\"]},{\"@type\":\"Person\",\"@id\":\"https:\\\/\\\/lasentinelle.dz\\\/#\\\/schema\\\/person\\\/729ee0024f24e0b8c5ec17232f8e8b41\",\"name\":\"admin\",\"image\":{\"@type\":\"ImageObject\",\"inLanguage\":\"fr-FR\",\"@id\":\"https:\\\/\\\/secure.gravatar.com\\\/avatar\\\/4c81fed838786e9b53f540bf46533e750f5d292099ae3b66cfc6fb1982e29df7?s=96&d=mm&r=g\",\"url\":\"https:\\\/\\\/secure.gravatar.com\\\/avatar\\\/4c81fed838786e9b53f540bf46533e750f5d292099ae3b66cfc6fb1982e29df7?s=96&d=mm&r=g\",\"contentUrl\":\"https:\\\/\\\/secure.gravatar.com\\\/avatar\\\/4c81fed838786e9b53f540bf46533e750f5d292099ae3b66cfc6fb1982e29df7?s=96&d=mm&r=g\",\"caption\":\"admin\"},\"description\":\"admin\",\"url\":\"https:\\\/\\\/lasentinelle.dz\\\/author\\\/admin\\\/\"}]}<\/script>\n<!-- \/ Yoast SEO plugin. -->","yoast_head_json":{"title":"Une exposition collective au Palais de la Culture Moufdi-Zakaria : Une centaine d&rsquo;\u0153uvres pour raconter Ghaza - La Sentinelle","robots":{"index":"index","follow":"follow","max-snippet":"max-snippet:-1","max-image-preview":"max-image-preview:large","max-video-preview":"max-video-preview:-1"},"canonical":"https:\/\/lasentinelle.dz\/index.php\/2025\/07\/20\/une-exposition-collective-au-palais-de-la-culture-moufdi-zakaria-une-centaine-doeuvres-pour-raconter-ghaza\/","og_locale":"fr_FR","og_type":"article","og_title":"Une exposition collective au Palais de la Culture Moufdi-Zakaria : Une centaine d&rsquo;\u0153uvres pour raconter Ghaza - La Sentinelle","og_description":"Le Palais de la Culture Moufdi-Zakaria d&rsquo;Alger accueille jusqu&rsquo;au 15 ao\u00fbt une exposition collective d&rsquo;envergure qui transforme la douleur en","og_url":"https:\/\/lasentinelle.dz\/index.php\/2025\/07\/20\/une-exposition-collective-au-palais-de-la-culture-moufdi-zakaria-une-centaine-doeuvres-pour-raconter-ghaza\/","og_site_name":"La Sentinelle","article_publisher":"https:\/\/www.facebook.com\/La-Sentinelle-104059864394773","article_published_time":"2025-07-20T10:44:49+00:00","og_image":[{"width":2048,"height":1152,"url":"https:\/\/lasentinelle.dz\/wp-content\/uploads\/2025\/07\/expo.jpg","type":"image\/jpeg"}],"author":"admin","twitter_card":"summary_large_image","twitter_misc":{"\u00c9crit par":"admin","Dur\u00e9e de lecture estim\u00e9e":"4 minutes"},"schema":{"@context":"https:\/\/schema.org","@graph":[{"@type":"Article","@id":"https:\/\/lasentinelle.dz\/index.php\/2025\/07\/20\/une-exposition-collective-au-palais-de-la-culture-moufdi-zakaria-une-centaine-doeuvres-pour-raconter-ghaza\/#article","isPartOf":{"@id":"https:\/\/lasentinelle.dz\/index.php\/2025\/07\/20\/une-exposition-collective-au-palais-de-la-culture-moufdi-zakaria-une-centaine-doeuvres-pour-raconter-ghaza\/"},"author":{"name":"admin","@id":"https:\/\/lasentinelle.dz\/#\/schema\/person\/729ee0024f24e0b8c5ec17232f8e8b41"},"headline":"Une exposition collective au Palais de la Culture Moufdi-Zakaria : Une centaine d&rsquo;\u0153uvres pour raconter Ghaza","datePublished":"2025-07-20T10:44:49+00:00","mainEntityOfPage":{"@id":"https:\/\/lasentinelle.dz\/index.php\/2025\/07\/20\/une-exposition-collective-au-palais-de-la-culture-moufdi-zakaria-une-centaine-doeuvres-pour-raconter-ghaza\/"},"wordCount":685,"commentCount":0,"publisher":{"@id":"https:\/\/lasentinelle.dz\/#organization"},"image":{"@id":"https:\/\/lasentinelle.dz\/index.php\/2025\/07\/20\/une-exposition-collective-au-palais-de-la-culture-moufdi-zakaria-une-centaine-doeuvres-pour-raconter-ghaza\/#primaryimage"},"thumbnailUrl":"https:\/\/lasentinelle.dz\/wp-content\/uploads\/2025\/07\/expo.jpg","articleSection":["Culture"],"inLanguage":"fr-FR","potentialAction":[{"@type":"CommentAction","name":"Comment","target":["https:\/\/lasentinelle.dz\/index.php\/2025\/07\/20\/une-exposition-collective-au-palais-de-la-culture-moufdi-zakaria-une-centaine-doeuvres-pour-raconter-ghaza\/#respond"]}]},{"@type":"WebPage","@id":"https:\/\/lasentinelle.dz\/index.php\/2025\/07\/20\/une-exposition-collective-au-palais-de-la-culture-moufdi-zakaria-une-centaine-doeuvres-pour-raconter-ghaza\/","url":"https:\/\/lasentinelle.dz\/index.php\/2025\/07\/20\/une-exposition-collective-au-palais-de-la-culture-moufdi-zakaria-une-centaine-doeuvres-pour-raconter-ghaza\/","name":"Une exposition collective au Palais de la Culture Moufdi-Zakaria : Une centaine d&rsquo;\u0153uvres pour raconter Ghaza - La Sentinelle","isPartOf":{"@id":"https:\/\/lasentinelle.dz\/#website"},"primaryImageOfPage":{"@id":"https:\/\/lasentinelle.dz\/index.php\/2025\/07\/20\/une-exposition-collective-au-palais-de-la-culture-moufdi-zakaria-une-centaine-doeuvres-pour-raconter-ghaza\/#primaryimage"},"image":{"@id":"https:\/\/lasentinelle.dz\/index.php\/2025\/07\/20\/une-exposition-collective-au-palais-de-la-culture-moufdi-zakaria-une-centaine-doeuvres-pour-raconter-ghaza\/#primaryimage"},"thumbnailUrl":"https:\/\/lasentinelle.dz\/wp-content\/uploads\/2025\/07\/expo.jpg","datePublished":"2025-07-20T10:44:49+00:00","breadcrumb":{"@id":"https:\/\/lasentinelle.dz\/index.php\/2025\/07\/20\/une-exposition-collective-au-palais-de-la-culture-moufdi-zakaria-une-centaine-doeuvres-pour-raconter-ghaza\/#breadcrumb"},"inLanguage":"fr-FR","potentialAction":[{"@type":"ReadAction","target":["https:\/\/lasentinelle.dz\/index.php\/2025\/07\/20\/une-exposition-collective-au-palais-de-la-culture-moufdi-zakaria-une-centaine-doeuvres-pour-raconter-ghaza\/"]}]},{"@type":"ImageObject","inLanguage":"fr-FR","@id":"https:\/\/lasentinelle.dz\/index.php\/2025\/07\/20\/une-exposition-collective-au-palais-de-la-culture-moufdi-zakaria-une-centaine-doeuvres-pour-raconter-ghaza\/#primaryimage","url":"https:\/\/lasentinelle.dz\/wp-content\/uploads\/2025\/07\/expo.jpg","contentUrl":"https:\/\/lasentinelle.dz\/wp-content\/uploads\/2025\/07\/expo.jpg","width":2048,"height":1152},{"@type":"BreadcrumbList","@id":"https:\/\/lasentinelle.dz\/index.php\/2025\/07\/20\/une-exposition-collective-au-palais-de-la-culture-moufdi-zakaria-une-centaine-doeuvres-pour-raconter-ghaza\/#breadcrumb","itemListElement":[{"@type":"ListItem","position":1,"name":"Accueil","item":"https:\/\/lasentinelle.dz\/"},{"@type":"ListItem","position":2,"name":"Une exposition collective au Palais de la Culture Moufdi-Zakaria : Une centaine d&rsquo;\u0153uvres pour raconter Ghaza"}]},{"@type":"WebSite","@id":"https:\/\/lasentinelle.dz\/#website","url":"https:\/\/lasentinelle.dz\/","name":"La Sentinelle","description":"Quotidien national d&#039;information","publisher":{"@id":"https:\/\/lasentinelle.dz\/#organization"},"potentialAction":[{"@type":"SearchAction","target":{"@type":"EntryPoint","urlTemplate":"https:\/\/lasentinelle.dz\/?s={search_term_string}"},"query-input":{"@type":"PropertyValueSpecification","valueRequired":true,"valueName":"search_term_string"}}],"inLanguage":"fr-FR"},{"@type":"Organization","@id":"https:\/\/lasentinelle.dz\/#organization","name":"Quotidien La Sentinelle","url":"https:\/\/lasentinelle.dz\/","logo":{"@type":"ImageObject","inLanguage":"fr-FR","@id":"https:\/\/lasentinelle.dz\/#\/schema\/logo\/image\/","url":"https:\/\/lasentinelle.dz\/wp-content\/uploads\/2021\/09\/logo-sentinelleSLOGAN-1.png","contentUrl":"https:\/\/lasentinelle.dz\/wp-content\/uploads\/2021\/09\/logo-sentinelleSLOGAN-1.png","width":615,"height":142,"caption":"Quotidien La Sentinelle"},"image":{"@id":"https:\/\/lasentinelle.dz\/#\/schema\/logo\/image\/"},"sameAs":["https:\/\/www.facebook.com\/La-Sentinelle-104059864394773"]},{"@type":"Person","@id":"https:\/\/lasentinelle.dz\/#\/schema\/person\/729ee0024f24e0b8c5ec17232f8e8b41","name":"admin","image":{"@type":"ImageObject","inLanguage":"fr-FR","@id":"https:\/\/secure.gravatar.com\/avatar\/4c81fed838786e9b53f540bf46533e750f5d292099ae3b66cfc6fb1982e29df7?s=96&d=mm&r=g","url":"https:\/\/secure.gravatar.com\/avatar\/4c81fed838786e9b53f540bf46533e750f5d292099ae3b66cfc6fb1982e29df7?s=96&d=mm&r=g","contentUrl":"https:\/\/secure.gravatar.com\/avatar\/4c81fed838786e9b53f540bf46533e750f5d292099ae3b66cfc6fb1982e29df7?s=96&d=mm&r=g","caption":"admin"},"description":"admin","url":"https:\/\/lasentinelle.dz\/author\/admin\/"}]}},"_links":{"self":[{"href":"https:\/\/lasentinelle.dz\/index.php\/wp-json\/wp\/v2\/posts\/70560","targetHints":{"allow":["GET"]}}],"collection":[{"href":"https:\/\/lasentinelle.dz\/index.php\/wp-json\/wp\/v2\/posts"}],"about":[{"href":"https:\/\/lasentinelle.dz\/index.php\/wp-json\/wp\/v2\/types\/post"}],"author":[{"embeddable":true,"href":"https:\/\/lasentinelle.dz\/index.php\/wp-json\/wp\/v2\/users\/6"}],"replies":[{"embeddable":true,"href":"https:\/\/lasentinelle.dz\/index.php\/wp-json\/wp\/v2\/comments?post=70560"}],"version-history":[{"count":2,"href":"https:\/\/lasentinelle.dz\/index.php\/wp-json\/wp\/v2\/posts\/70560\/revisions"}],"predecessor-version":[{"id":70563,"href":"https:\/\/lasentinelle.dz\/index.php\/wp-json\/wp\/v2\/posts\/70560\/revisions\/70563"}],"wp:featuredmedia":[{"embeddable":true,"href":"https:\/\/lasentinelle.dz\/index.php\/wp-json\/wp\/v2\/media\/70561"}],"wp:attachment":[{"href":"https:\/\/lasentinelle.dz\/index.php\/wp-json\/wp\/v2\/media?parent=70560"}],"wp:term":[{"taxonomy":"category","embeddable":true,"href":"https:\/\/lasentinelle.dz\/index.php\/wp-json\/wp\/v2\/categories?post=70560"},{"taxonomy":"post_tag","embeddable":true,"href":"https:\/\/lasentinelle.dz\/index.php\/wp-json\/wp\/v2\/tags?post=70560"}],"curies":[{"name":"wp","href":"https:\/\/api.w.org\/{rel}","templated":true}]}}