{"id":70572,"date":"2025-07-20T11:59:41","date_gmt":"2025-07-20T10:59:41","guid":{"rendered":"https:\/\/lasentinelle.dz\/?p=70572"},"modified":"2025-07-20T11:59:42","modified_gmt":"2025-07-20T10:59:42","slug":"mercato-estival-mouvements-a-la-tete-des-staffs-techniques","status":"publish","type":"post","link":"https:\/\/lasentinelle.dz\/index.php\/2025\/07\/20\/mercato-estival-mouvements-a-la-tete-des-staffs-techniques\/","title":{"rendered":"Mercato estival \u00a0: Mouvements \u00e0 la t\u00eate des staffs techniques"},"content":{"rendered":"\n<p>Le mercato estival de la Ligue 1 Mobilis 2025-2026 bat son plein avec une s\u00e9rie de mouvements significatifs qui redessinent le paysage du championnat nationale de football. Entre nominations d&rsquo;entra\u00eeneurs, recrutements ambitieux et restructurations d&rsquo;effectifs, les clubs de l&rsquo;\u00e9lite s&rsquo;activent pour pr\u00e9parer au mieux la prochaine saison dont le coup d&rsquo;envoi sera donn\u00e9 le 21 ao\u00fbt prochain. La JS Saoura illustre parfaitement cette dynamique avec la nomination de Lotfi Boudraa comme nouvel entra\u00eeneur. Le technicien de 45 ans, \u00ab\u00a0titulaire d&rsquo;une licence CAF A\u00a0\u00bb, apporte une exp\u00e9rience solide puisqu&rsquo;il \u00ab\u00a0avait d\u00e9j\u00e0 travaill\u00e9 dans les staffs techniques de plusieurs \u00e9quipes de Ligue 1 \u00e0 l&rsquo;image du CS Constantine, l&rsquo;US Biskra ou encore la JS Saoura\u00a0\u00bb. Cette nomination s&rsquo;accompagne d&rsquo;une continuit\u00e9 puisque \u00ab\u00a0Mustapha Djallit qui avait conduit le club lors des derni\u00e8res journ\u00e9es du championnat \u00e0 la quatri\u00e8me place de Ligue 1 lors de la saison 2024-2025 avec 43 points\u00a0\u00bb occupera d\u00e9sormais le poste d&rsquo;adjoint. Le nouveau staff technique du club b\u00e9charois se compl\u00e8te avec \u00ab\u00a0l&rsquo;entra\u00eeneur des gardiens Belhadji Hassen, le pr\u00e9parateur physique Khadir et l&rsquo;analyste vid\u00e9o et statistiques Hacini Abdelouahab\u00a0\u00bb. Sur le plan des recrutements, la JSS a frapp\u00e9 fort en s&rsquo;attachant les services du \u00ab\u00a0milieu de terrain offensif ivoirien Constant Wayou (28 ans) en provenance du FC San-Pedro (Ligue 1 ivoirienne)\u00a0\u00bb, marquant ainsi sa volont\u00e9 de renforcer son secteur cr\u00e9atif pour la saison \u00e0 venir. Le MC El-Bayadh, qui avait termin\u00e9 \u00ab\u00a0la saison 2024-2025 \u00e0 la 12e place au classement final avec 36 points\u00a0\u00bb, mise sur l&rsquo;exp\u00e9rience avec l&rsquo;arriv\u00e9e de Ch\u00e9rif Hadjar. Le technicien de 60 ans, \u00ab\u00a0qui a dirig\u00e9 la saison derni\u00e8re deux \u00e9quipes : d&rsquo;abord l&rsquo;ES Mostaganem puis l&rsquo;USM Khenchela, avant de quitter cette derni\u00e8re en avril dernier\u00a0\u00bb, prend les r\u00eanes du club en remplacement de Lotfi Amrouche. Son staff sera compos\u00e9 d'\u00a0\u00bbAbdelghani Aoumari (entra\u00eeneur-adjoint), Mohamed Amine Cherbiti (pr\u00e9parateur physique), et Abderaouf Nateche (entra\u00eeneur des gardiens)\u00a0\u00bb. Le club a d&rsquo;ores et d\u00e9j\u00e0 \u00ab\u00a0entam\u00e9 un premier stage de deux semaines \u00e0 Tikjda, en pr\u00e9sence des joueurs du pr\u00e9c\u00e9dent exercice, et de jeunes promus, issus de la r\u00e9serve\u00a0\u00bb. L&rsquo;Olympique Akbou, qui avait \u00ab\u00a0d\u00fb attendre les derni\u00e8res journ\u00e9es du championnat pour assurer son maintien parmi l&rsquo;\u00e9lite, terminant l&rsquo;exercice 2024-2025 \u00e0 la 11e place avec 37 points\u00a0\u00bb, mise sur la continuit\u00e9 d&rsquo;un duo qui a fait ses preuves. Lotfi Amrouche, d\u00e9sormais entra\u00eeneur principal apr\u00e8s son d\u00e9part d&rsquo;El-Bayadh, sera \u00e9paul\u00e9 par Karim Bakhti comme adjoint. Cette collaboration n&rsquo;est pas nouvelle puisque \u00ab\u00a0la saison derni\u00e8re, Bakhti (55 ans) faisait d\u00e9j\u00e0 partie du staff technique de Lotfi Amrouche au MC El-Bayadh, une collaboration qui se poursuit d\u00e9sormais sous les couleurs de l&rsquo;Olympique Akbou\u00a0\u00bb.<\/p>\n\n\n\n<p>L&rsquo;ES S\u00e9tif adopte une strat\u00e9gie de renouvellement massif avec une politique de recrutement particuli\u00e8rement ambitieuse. Le club s\u00e9tifien a officialis\u00e9 \u00ab\u00a012 nouvelles recrues, dont trois \u00e9trang\u00e8res\u00a0\u00bb dans le cadre d&rsquo;une \u00ab\u00a0large revue d&rsquo;effectif en vue de la saison 2025-2026\u00a0\u00bb. Le pr\u00e9sident-directeur g\u00e9n\u00e9ral Nabil Keba\u00efli a pr\u00e9cis\u00e9 que \u00ab\u00a0le comit\u00e9 de recrutement a men\u00e9 une d\u00e9marche qualitative et r\u00e9fl\u00e9chie, ce qui a permis l&rsquo;engagement de neuf nouvelles recrues, dont trois joueurs n\u00e9s en 2005, et trois \u00e9trangers, en plus de la promotion de deux \u00e9l\u00e9ments issus de l&rsquo;\u00e9quipe r\u00e9serve\u00a0\u00bb. Cette politique de renouvellement s&rsquo;accompagne d&rsquo;un changement radical puisque \u00ab\u00a012 joueurs ont \u00e9t\u00e9 lib\u00e9r\u00e9s, et le processus est toujours en cours\u00a0\u00bb. Sur le banc, l&rsquo;Entente a \u00e9galement op\u00e9r\u00e9 un changement majeur en d\u00e9cidant \u00ab\u00a0de ne pas prolonger le contrat de l&rsquo;entra\u00eeneur tunisien Nabil Kouki, remplac\u00e9 par l&rsquo;Allemand Antoine Hey\u00a0\u00bb. Parmi les recrues d\u00e9j\u00e0 officialis\u00e9es, on note l&rsquo;arriv\u00e9e du \u00ab\u00a0milieu offensif Issad Lakdja (Safa SC\/Liban), et des d\u00e9fenseurs Lahcene Bouziane (ex-USMH) et Kamel Hamidi (ex-MCA)\u00a0\u00bb.<\/p>\n\n\n\n<p>L&rsquo;USM Alger, vainqueur de la Coupe d&rsquo;Alg\u00e9rie 2025 face au CR Belouizdad, proc\u00e8de \u00e9galement \u00e0 des ajustements structurels avec la nomination de Sa\u00efd Allik au poste de \u00ab\u00a0directeur g\u00e9n\u00e9ral sportif\u00a0\u00bb. Cette nomination s&rsquo;inscrit \u00ab\u00a0dans le cadre de la mise en \u0153uvre des instructions du ministre des Transports, M. Sa\u00efd Sayoud, visant \u00e0 prendre en charge la situation du club de l&rsquo;USMA, affili\u00e9 au groupe public portuaire Serport\u00a0\u00bb. L&rsquo;objectif affich\u00e9 est de garantir \u00ab\u00a0une gestion rationnelle et efficace, au service du projet de d\u00e9veloppement du club\u00a0\u00bb dans une d\u00e9marche \u00ab\u00a0de redynamisation du club sur des bases professionnelles, en renfor\u00e7ant sa structure avec des comp\u00e9tences exp\u00e9riment\u00e9es, capables d&rsquo;apporter une r\u00e9elle plus-value au management sportif\u00a0\u00bb.<\/p>\n\n\n\n<p>M.D.<\/p>\n","protected":false},"excerpt":{"rendered":"<p>Le mercato estival de la Ligue 1 Mobilis 2025-2026 bat son plein avec une s\u00e9rie de mouvements significatifs qui redessinent<\/p>\n","protected":false},"author":6,"featured_media":70573,"comment_status":"open","ping_status":"closed","sticky":false,"template":"","format":"standard","meta":{"colormag_page_container_layout":"default_layout","colormag_page_sidebar_layout":"default_layout","om_disable_all_campaigns":false,"_monsterinsights_skip_tracking":false,"_monsterinsights_sitenote_active":false,"_monsterinsights_sitenote_note":"","_monsterinsights_sitenote_category":0,"footnotes":"","_wpscppro_dont_share_socialmedia":false,"_wpscppro_custom_social_share_image":0,"_facebook_share_type":"default","_twitter_share_type":"default","_linkedin_share_type":"default","_pinterest_share_type":"default","_linkedin_share_type_page":"","_instagram_share_type":"default","_medium_share_type":"default","_threads_share_type":"","_google_business_share_type":"","_selected_social_profile":[],"_wpsp_enable_custom_social_template":false,"_wpsp_social_scheduling":{"enabled":false,"datetime":null,"platforms":[],"status":"template_only","dateOption":"today","timeOption":"now","customDays":"","customHours":"","customDate":"","customTime":"","schedulingType":"absolute"},"_wpsp_active_default_template":true},"categories":[33],"tags":[],"class_list":["post-70572","post","type-post","status-publish","format-standard","has-post-thumbnail","hentry","category-sports"],"aioseo_notices":[],"yoast_head":"<!-- This site is optimized with the Yoast SEO plugin v27.5 - https:\/\/yoast.com\/product\/yoast-seo-wordpress\/ -->\n<title>Mercato estival \u00a0: Mouvements \u00e0 la t\u00eate des staffs techniques - La Sentinelle<\/title>\n<meta name=\"robots\" content=\"index, follow, max-snippet:-1, max-image-preview:large, max-video-preview:-1\" \/>\n<link rel=\"canonical\" href=\"https:\/\/lasentinelle.dz\/index.php\/2025\/07\/20\/mercato-estival-mouvements-a-la-tete-des-staffs-techniques\/\" \/>\n<meta property=\"og:locale\" content=\"fr_FR\" \/>\n<meta property=\"og:type\" content=\"article\" \/>\n<meta property=\"og:title\" content=\"Mercato estival \u00a0: Mouvements \u00e0 la t\u00eate des staffs techniques - La Sentinelle\" \/>\n<meta property=\"og:description\" content=\"Le mercato estival de la Ligue 1 Mobilis 2025-2026 bat son plein avec une s\u00e9rie de mouvements significatifs qui redessinent\" \/>\n<meta property=\"og:url\" content=\"https:\/\/lasentinelle.dz\/index.php\/2025\/07\/20\/mercato-estival-mouvements-a-la-tete-des-staffs-techniques\/\" \/>\n<meta property=\"og:site_name\" content=\"La Sentinelle\" \/>\n<meta property=\"article:publisher\" content=\"https:\/\/www.facebook.com\/La-Sentinelle-104059864394773\" \/>\n<meta property=\"article:published_time\" content=\"2025-07-20T10:59:41+00:00\" \/>\n<meta property=\"article:modified_time\" content=\"2025-07-20T10:59:42+00:00\" \/>\n<meta property=\"og:image\" content=\"https:\/\/lasentinelle.dz\/wp-content\/uploads\/2025\/07\/staff-JSS.jpg\" \/>\n\t<meta property=\"og:image:width\" content=\"2048\" \/>\n\t<meta property=\"og:image:height\" content=\"1536\" \/>\n\t<meta property=\"og:image:type\" content=\"image\/jpeg\" \/>\n<meta name=\"author\" content=\"admin\" \/>\n<meta name=\"twitter:card\" content=\"summary_large_image\" \/>\n<meta name=\"twitter:label1\" content=\"\u00c9crit par\" \/>\n\t<meta name=\"twitter:data1\" content=\"admin\" \/>\n\t<meta name=\"twitter:label2\" content=\"Dur\u00e9e de lecture estim\u00e9e\" \/>\n\t<meta name=\"twitter:data2\" content=\"4 minutes\" \/>\n<script type=\"application\/ld+json\" class=\"yoast-schema-graph\">{\"@context\":\"https:\\\/\\\/schema.org\",\"@graph\":[{\"@type\":\"Article\",\"@id\":\"https:\\\/\\\/lasentinelle.dz\\\/index.php\\\/2025\\\/07\\\/20\\\/mercato-estival-mouvements-a-la-tete-des-staffs-techniques\\\/#article\",\"isPartOf\":{\"@id\":\"https:\\\/\\\/lasentinelle.dz\\\/index.php\\\/2025\\\/07\\\/20\\\/mercato-estival-mouvements-a-la-tete-des-staffs-techniques\\\/\"},\"author\":{\"name\":\"admin\",\"@id\":\"https:\\\/\\\/lasentinelle.dz\\\/#\\\/schema\\\/person\\\/729ee0024f24e0b8c5ec17232f8e8b41\"},\"headline\":\"Mercato estival \u00a0: Mouvements \u00e0 la t\u00eate des staffs techniques\",\"datePublished\":\"2025-07-20T10:59:41+00:00\",\"dateModified\":\"2025-07-20T10:59:42+00:00\",\"mainEntityOfPage\":{\"@id\":\"https:\\\/\\\/lasentinelle.dz\\\/index.php\\\/2025\\\/07\\\/20\\\/mercato-estival-mouvements-a-la-tete-des-staffs-techniques\\\/\"},\"wordCount\":812,\"commentCount\":0,\"publisher\":{\"@id\":\"https:\\\/\\\/lasentinelle.dz\\\/#organization\"},\"image\":{\"@id\":\"https:\\\/\\\/lasentinelle.dz\\\/index.php\\\/2025\\\/07\\\/20\\\/mercato-estival-mouvements-a-la-tete-des-staffs-techniques\\\/#primaryimage\"},\"thumbnailUrl\":\"https:\\\/\\\/lasentinelle.dz\\\/wp-content\\\/uploads\\\/2025\\\/07\\\/staff-JSS.jpg\",\"articleSection\":[\"Sports\"],\"inLanguage\":\"fr-FR\",\"potentialAction\":[{\"@type\":\"CommentAction\",\"name\":\"Comment\",\"target\":[\"https:\\\/\\\/lasentinelle.dz\\\/index.php\\\/2025\\\/07\\\/20\\\/mercato-estival-mouvements-a-la-tete-des-staffs-techniques\\\/#respond\"]}]},{\"@type\":\"WebPage\",\"@id\":\"https:\\\/\\\/lasentinelle.dz\\\/index.php\\\/2025\\\/07\\\/20\\\/mercato-estival-mouvements-a-la-tete-des-staffs-techniques\\\/\",\"url\":\"https:\\\/\\\/lasentinelle.dz\\\/index.php\\\/2025\\\/07\\\/20\\\/mercato-estival-mouvements-a-la-tete-des-staffs-techniques\\\/\",\"name\":\"Mercato estival \u00a0: Mouvements \u00e0 la t\u00eate des staffs techniques - La Sentinelle\",\"isPartOf\":{\"@id\":\"https:\\\/\\\/lasentinelle.dz\\\/#website\"},\"primaryImageOfPage\":{\"@id\":\"https:\\\/\\\/lasentinelle.dz\\\/index.php\\\/2025\\\/07\\\/20\\\/mercato-estival-mouvements-a-la-tete-des-staffs-techniques\\\/#primaryimage\"},\"image\":{\"@id\":\"https:\\\/\\\/lasentinelle.dz\\\/index.php\\\/2025\\\/07\\\/20\\\/mercato-estival-mouvements-a-la-tete-des-staffs-techniques\\\/#primaryimage\"},\"thumbnailUrl\":\"https:\\\/\\\/lasentinelle.dz\\\/wp-content\\\/uploads\\\/2025\\\/07\\\/staff-JSS.jpg\",\"datePublished\":\"2025-07-20T10:59:41+00:00\",\"dateModified\":\"2025-07-20T10:59:42+00:00\",\"breadcrumb\":{\"@id\":\"https:\\\/\\\/lasentinelle.dz\\\/index.php\\\/2025\\\/07\\\/20\\\/mercato-estival-mouvements-a-la-tete-des-staffs-techniques\\\/#breadcrumb\"},\"inLanguage\":\"fr-FR\",\"potentialAction\":[{\"@type\":\"ReadAction\",\"target\":[\"https:\\\/\\\/lasentinelle.dz\\\/index.php\\\/2025\\\/07\\\/20\\\/mercato-estival-mouvements-a-la-tete-des-staffs-techniques\\\/\"]}]},{\"@type\":\"ImageObject\",\"inLanguage\":\"fr-FR\",\"@id\":\"https:\\\/\\\/lasentinelle.dz\\\/index.php\\\/2025\\\/07\\\/20\\\/mercato-estival-mouvements-a-la-tete-des-staffs-techniques\\\/#primaryimage\",\"url\":\"https:\\\/\\\/lasentinelle.dz\\\/wp-content\\\/uploads\\\/2025\\\/07\\\/staff-JSS.jpg\",\"contentUrl\":\"https:\\\/\\\/lasentinelle.dz\\\/wp-content\\\/uploads\\\/2025\\\/07\\\/staff-JSS.jpg\",\"width\":2048,\"height\":1536},{\"@type\":\"BreadcrumbList\",\"@id\":\"https:\\\/\\\/lasentinelle.dz\\\/index.php\\\/2025\\\/07\\\/20\\\/mercato-estival-mouvements-a-la-tete-des-staffs-techniques\\\/#breadcrumb\",\"itemListElement\":[{\"@type\":\"ListItem\",\"position\":1,\"name\":\"Accueil\",\"item\":\"https:\\\/\\\/lasentinelle.dz\\\/\"},{\"@type\":\"ListItem\",\"position\":2,\"name\":\"Mercato estival \u00a0: Mouvements \u00e0 la t\u00eate des staffs techniques\"}]},{\"@type\":\"WebSite\",\"@id\":\"https:\\\/\\\/lasentinelle.dz\\\/#website\",\"url\":\"https:\\\/\\\/lasentinelle.dz\\\/\",\"name\":\"La Sentinelle\",\"description\":\"Quotidien national d&#039;information\",\"publisher\":{\"@id\":\"https:\\\/\\\/lasentinelle.dz\\\/#organization\"},\"potentialAction\":[{\"@type\":\"SearchAction\",\"target\":{\"@type\":\"EntryPoint\",\"urlTemplate\":\"https:\\\/\\\/lasentinelle.dz\\\/?s={search_term_string}\"},\"query-input\":{\"@type\":\"PropertyValueSpecification\",\"valueRequired\":true,\"valueName\":\"search_term_string\"}}],\"inLanguage\":\"fr-FR\"},{\"@type\":\"Organization\",\"@id\":\"https:\\\/\\\/lasentinelle.dz\\\/#organization\",\"name\":\"Quotidien La Sentinelle\",\"url\":\"https:\\\/\\\/lasentinelle.dz\\\/\",\"logo\":{\"@type\":\"ImageObject\",\"inLanguage\":\"fr-FR\",\"@id\":\"https:\\\/\\\/lasentinelle.dz\\\/#\\\/schema\\\/logo\\\/image\\\/\",\"url\":\"https:\\\/\\\/lasentinelle.dz\\\/wp-content\\\/uploads\\\/2021\\\/09\\\/logo-sentinelleSLOGAN-1.png\",\"contentUrl\":\"https:\\\/\\\/lasentinelle.dz\\\/wp-content\\\/uploads\\\/2021\\\/09\\\/logo-sentinelleSLOGAN-1.png\",\"width\":615,\"height\":142,\"caption\":\"Quotidien La Sentinelle\"},\"image\":{\"@id\":\"https:\\\/\\\/lasentinelle.dz\\\/#\\\/schema\\\/logo\\\/image\\\/\"},\"sameAs\":[\"https:\\\/\\\/www.facebook.com\\\/La-Sentinelle-104059864394773\"]},{\"@type\":\"Person\",\"@id\":\"https:\\\/\\\/lasentinelle.dz\\\/#\\\/schema\\\/person\\\/729ee0024f24e0b8c5ec17232f8e8b41\",\"name\":\"admin\",\"image\":{\"@type\":\"ImageObject\",\"inLanguage\":\"fr-FR\",\"@id\":\"https:\\\/\\\/secure.gravatar.com\\\/avatar\\\/4c81fed838786e9b53f540bf46533e750f5d292099ae3b66cfc6fb1982e29df7?s=96&d=mm&r=g\",\"url\":\"https:\\\/\\\/secure.gravatar.com\\\/avatar\\\/4c81fed838786e9b53f540bf46533e750f5d292099ae3b66cfc6fb1982e29df7?s=96&d=mm&r=g\",\"contentUrl\":\"https:\\\/\\\/secure.gravatar.com\\\/avatar\\\/4c81fed838786e9b53f540bf46533e750f5d292099ae3b66cfc6fb1982e29df7?s=96&d=mm&r=g\",\"caption\":\"admin\"},\"description\":\"admin\",\"url\":\"https:\\\/\\\/lasentinelle.dz\\\/author\\\/admin\\\/\"}]}<\/script>\n<!-- \/ Yoast SEO plugin. -->","yoast_head_json":{"title":"Mercato estival \u00a0: Mouvements \u00e0 la t\u00eate des staffs techniques - La Sentinelle","robots":{"index":"index","follow":"follow","max-snippet":"max-snippet:-1","max-image-preview":"max-image-preview:large","max-video-preview":"max-video-preview:-1"},"canonical":"https:\/\/lasentinelle.dz\/index.php\/2025\/07\/20\/mercato-estival-mouvements-a-la-tete-des-staffs-techniques\/","og_locale":"fr_FR","og_type":"article","og_title":"Mercato estival \u00a0: Mouvements \u00e0 la t\u00eate des staffs techniques - La Sentinelle","og_description":"Le mercato estival de la Ligue 1 Mobilis 2025-2026 bat son plein avec une s\u00e9rie de mouvements significatifs qui redessinent","og_url":"https:\/\/lasentinelle.dz\/index.php\/2025\/07\/20\/mercato-estival-mouvements-a-la-tete-des-staffs-techniques\/","og_site_name":"La Sentinelle","article_publisher":"https:\/\/www.facebook.com\/La-Sentinelle-104059864394773","article_published_time":"2025-07-20T10:59:41+00:00","article_modified_time":"2025-07-20T10:59:42+00:00","og_image":[{"width":2048,"height":1536,"url":"https:\/\/lasentinelle.dz\/wp-content\/uploads\/2025\/07\/staff-JSS.jpg","type":"image\/jpeg"}],"author":"admin","twitter_card":"summary_large_image","twitter_misc":{"\u00c9crit par":"admin","Dur\u00e9e de lecture estim\u00e9e":"4 minutes"},"schema":{"@context":"https:\/\/schema.org","@graph":[{"@type":"Article","@id":"https:\/\/lasentinelle.dz\/index.php\/2025\/07\/20\/mercato-estival-mouvements-a-la-tete-des-staffs-techniques\/#article","isPartOf":{"@id":"https:\/\/lasentinelle.dz\/index.php\/2025\/07\/20\/mercato-estival-mouvements-a-la-tete-des-staffs-techniques\/"},"author":{"name":"admin","@id":"https:\/\/lasentinelle.dz\/#\/schema\/person\/729ee0024f24e0b8c5ec17232f8e8b41"},"headline":"Mercato estival \u00a0: Mouvements \u00e0 la t\u00eate des staffs techniques","datePublished":"2025-07-20T10:59:41+00:00","dateModified":"2025-07-20T10:59:42+00:00","mainEntityOfPage":{"@id":"https:\/\/lasentinelle.dz\/index.php\/2025\/07\/20\/mercato-estival-mouvements-a-la-tete-des-staffs-techniques\/"},"wordCount":812,"commentCount":0,"publisher":{"@id":"https:\/\/lasentinelle.dz\/#organization"},"image":{"@id":"https:\/\/lasentinelle.dz\/index.php\/2025\/07\/20\/mercato-estival-mouvements-a-la-tete-des-staffs-techniques\/#primaryimage"},"thumbnailUrl":"https:\/\/lasentinelle.dz\/wp-content\/uploads\/2025\/07\/staff-JSS.jpg","articleSection":["Sports"],"inLanguage":"fr-FR","potentialAction":[{"@type":"CommentAction","name":"Comment","target":["https:\/\/lasentinelle.dz\/index.php\/2025\/07\/20\/mercato-estival-mouvements-a-la-tete-des-staffs-techniques\/#respond"]}]},{"@type":"WebPage","@id":"https:\/\/lasentinelle.dz\/index.php\/2025\/07\/20\/mercato-estival-mouvements-a-la-tete-des-staffs-techniques\/","url":"https:\/\/lasentinelle.dz\/index.php\/2025\/07\/20\/mercato-estival-mouvements-a-la-tete-des-staffs-techniques\/","name":"Mercato estival \u00a0: Mouvements \u00e0 la t\u00eate des staffs techniques - La Sentinelle","isPartOf":{"@id":"https:\/\/lasentinelle.dz\/#website"},"primaryImageOfPage":{"@id":"https:\/\/lasentinelle.dz\/index.php\/2025\/07\/20\/mercato-estival-mouvements-a-la-tete-des-staffs-techniques\/#primaryimage"},"image":{"@id":"https:\/\/lasentinelle.dz\/index.php\/2025\/07\/20\/mercato-estival-mouvements-a-la-tete-des-staffs-techniques\/#primaryimage"},"thumbnailUrl":"https:\/\/lasentinelle.dz\/wp-content\/uploads\/2025\/07\/staff-JSS.jpg","datePublished":"2025-07-20T10:59:41+00:00","dateModified":"2025-07-20T10:59:42+00:00","breadcrumb":{"@id":"https:\/\/lasentinelle.dz\/index.php\/2025\/07\/20\/mercato-estival-mouvements-a-la-tete-des-staffs-techniques\/#breadcrumb"},"inLanguage":"fr-FR","potentialAction":[{"@type":"ReadAction","target":["https:\/\/lasentinelle.dz\/index.php\/2025\/07\/20\/mercato-estival-mouvements-a-la-tete-des-staffs-techniques\/"]}]},{"@type":"ImageObject","inLanguage":"fr-FR","@id":"https:\/\/lasentinelle.dz\/index.php\/2025\/07\/20\/mercato-estival-mouvements-a-la-tete-des-staffs-techniques\/#primaryimage","url":"https:\/\/lasentinelle.dz\/wp-content\/uploads\/2025\/07\/staff-JSS.jpg","contentUrl":"https:\/\/lasentinelle.dz\/wp-content\/uploads\/2025\/07\/staff-JSS.jpg","width":2048,"height":1536},{"@type":"BreadcrumbList","@id":"https:\/\/lasentinelle.dz\/index.php\/2025\/07\/20\/mercato-estival-mouvements-a-la-tete-des-staffs-techniques\/#breadcrumb","itemListElement":[{"@type":"ListItem","position":1,"name":"Accueil","item":"https:\/\/lasentinelle.dz\/"},{"@type":"ListItem","position":2,"name":"Mercato estival \u00a0: Mouvements \u00e0 la t\u00eate des staffs techniques"}]},{"@type":"WebSite","@id":"https:\/\/lasentinelle.dz\/#website","url":"https:\/\/lasentinelle.dz\/","name":"La Sentinelle","description":"Quotidien national d&#039;information","publisher":{"@id":"https:\/\/lasentinelle.dz\/#organization"},"potentialAction":[{"@type":"SearchAction","target":{"@type":"EntryPoint","urlTemplate":"https:\/\/lasentinelle.dz\/?s={search_term_string}"},"query-input":{"@type":"PropertyValueSpecification","valueRequired":true,"valueName":"search_term_string"}}],"inLanguage":"fr-FR"},{"@type":"Organization","@id":"https:\/\/lasentinelle.dz\/#organization","name":"Quotidien La Sentinelle","url":"https:\/\/lasentinelle.dz\/","logo":{"@type":"ImageObject","inLanguage":"fr-FR","@id":"https:\/\/lasentinelle.dz\/#\/schema\/logo\/image\/","url":"https:\/\/lasentinelle.dz\/wp-content\/uploads\/2021\/09\/logo-sentinelleSLOGAN-1.png","contentUrl":"https:\/\/lasentinelle.dz\/wp-content\/uploads\/2021\/09\/logo-sentinelleSLOGAN-1.png","width":615,"height":142,"caption":"Quotidien La Sentinelle"},"image":{"@id":"https:\/\/lasentinelle.dz\/#\/schema\/logo\/image\/"},"sameAs":["https:\/\/www.facebook.com\/La-Sentinelle-104059864394773"]},{"@type":"Person","@id":"https:\/\/lasentinelle.dz\/#\/schema\/person\/729ee0024f24e0b8c5ec17232f8e8b41","name":"admin","image":{"@type":"ImageObject","inLanguage":"fr-FR","@id":"https:\/\/secure.gravatar.com\/avatar\/4c81fed838786e9b53f540bf46533e750f5d292099ae3b66cfc6fb1982e29df7?s=96&d=mm&r=g","url":"https:\/\/secure.gravatar.com\/avatar\/4c81fed838786e9b53f540bf46533e750f5d292099ae3b66cfc6fb1982e29df7?s=96&d=mm&r=g","contentUrl":"https:\/\/secure.gravatar.com\/avatar\/4c81fed838786e9b53f540bf46533e750f5d292099ae3b66cfc6fb1982e29df7?s=96&d=mm&r=g","caption":"admin"},"description":"admin","url":"https:\/\/lasentinelle.dz\/author\/admin\/"}]}},"_links":{"self":[{"href":"https:\/\/lasentinelle.dz\/index.php\/wp-json\/wp\/v2\/posts\/70572","targetHints":{"allow":["GET"]}}],"collection":[{"href":"https:\/\/lasentinelle.dz\/index.php\/wp-json\/wp\/v2\/posts"}],"about":[{"href":"https:\/\/lasentinelle.dz\/index.php\/wp-json\/wp\/v2\/types\/post"}],"author":[{"embeddable":true,"href":"https:\/\/lasentinelle.dz\/index.php\/wp-json\/wp\/v2\/users\/6"}],"replies":[{"embeddable":true,"href":"https:\/\/lasentinelle.dz\/index.php\/wp-json\/wp\/v2\/comments?post=70572"}],"version-history":[{"count":1,"href":"https:\/\/lasentinelle.dz\/index.php\/wp-json\/wp\/v2\/posts\/70572\/revisions"}],"predecessor-version":[{"id":70574,"href":"https:\/\/lasentinelle.dz\/index.php\/wp-json\/wp\/v2\/posts\/70572\/revisions\/70574"}],"wp:featuredmedia":[{"embeddable":true,"href":"https:\/\/lasentinelle.dz\/index.php\/wp-json\/wp\/v2\/media\/70573"}],"wp:attachment":[{"href":"https:\/\/lasentinelle.dz\/index.php\/wp-json\/wp\/v2\/media?parent=70572"}],"wp:term":[{"taxonomy":"category","embeddable":true,"href":"https:\/\/lasentinelle.dz\/index.php\/wp-json\/wp\/v2\/categories?post=70572"},{"taxonomy":"post_tag","embeddable":true,"href":"https:\/\/lasentinelle.dz\/index.php\/wp-json\/wp\/v2\/tags?post=70572"}],"curies":[{"name":"wp","href":"https:\/\/api.w.org\/{rel}","templated":true}]}}