{"id":70575,"date":"2025-07-20T12:06:13","date_gmt":"2025-07-20T11:06:13","guid":{"rendered":"https:\/\/lasentinelle.dz\/?p=70575"},"modified":"2025-07-20T12:06:14","modified_gmt":"2025-07-20T11:06:14","slug":"ligue-1-mobilis-les-clubs-intensifient-les-preparatifs-dintersaison","status":"publish","type":"post","link":"https:\/\/lasentinelle.dz\/index.php\/2025\/07\/20\/ligue-1-mobilis-les-clubs-intensifient-les-preparatifs-dintersaison\/","title":{"rendered":"Ligue 1 Mobilis: Les clubs intensifient les pr\u00e9paratifs d&rsquo;intersaison"},"content":{"rendered":"\n<p> \u00c0 quelques semaines du coup d&rsquo;envoi de la nouvelle saison de Ligue 1 Mobilis 2025-26, les formations de la Ligue 1 Mobilis mettent les bouch\u00e9es doubles dans leurs pr\u00e9paratifs.<\/p>\n\n\n\n<p>La JS Kabylie, vice-championne d&rsquo;Alg\u00e9rie la saison pass\u00e9e, a fait le choix de l&rsquo;\u00e9tranger pour peaufiner sa pr\u00e9paration. Le club kabyle \u00ab\u00a0effectuera son stage d&rsquo;intersaison \u00e0 Istanbul en Turquie du 30 juillet au 16 ao\u00fbt prochain, en pr\u00e9vision de la nouvelle saison 2025-26\u00a0\u00bb, selon l&rsquo;annonce officielle diffus\u00e9e sur les r\u00e9seaux sociaux du club. Cette d\u00e9cision s&rsquo;inscrit dans la continuit\u00e9 de la politique de pr\u00e9paration adopt\u00e9e par les Canaris, qui avaient d\u00e9j\u00e0 opt\u00e9 pour la Turquie la saison derni\u00e8re, un choix qui s&rsquo;\u00e9tait r\u00e9v\u00e9l\u00e9 payant puisqu&rsquo;il avait \u00e9t\u00e9 \u00ab\u00a0ponctu\u00e9 par plusieurs rencontres amicales\u00a0\u00bb b\u00e9n\u00e9fiques \u00e0 l&rsquo;\u00e9quipe. Avant ce d\u00e9part pour Istanbul, l&rsquo;\u00e9quipe dirig\u00e9e par l&rsquo;entra\u00eeneur allemand Josef Zinnbauer suivra un calendrier pr\u00e9cis de mise en route. \u00ab\u00a0L&rsquo;\u00e9quipe reprendra le chemin des entra\u00eenements le 21 juillet avec le regroupement des joueurs et la traditionnelle visite m\u00e9dicale\u00a0\u00bb, tandis que \u00ab\u00a0le d\u00e9but de la pr\u00e9paration est pr\u00e9vu le 24 juillet au niveau du stade annexe du complexe Hocine Ait Ahmed\u00a0\u00bb \u00e0 Tizi-Ouzou. Cette organisation m\u00e9thodique refl\u00e8te les ambitions du club qui a retrouv\u00e9 les sommets du football alg\u00e9rien sous la houlette du technicien allemand.<\/p>\n\n\n\n<p>L&rsquo;effectif de la JSK conna\u00eetra vraisemblablement des changements durant ce mercato estival. Si \u00ab\u00a0la direction de la JSK n&rsquo;a annonc\u00e9 aucune nouvelle recrue pour le moment\u00a0\u00bb, plusieurs noms circulent d\u00e9j\u00e0 \u00ab\u00a0dans l&rsquo;entourage des Canaris\u00a0\u00bb. En revanche, les d\u00e9parts se pr\u00e9cisent avec notamment celui d&rsquo;Adem Redjem, \u00ab\u00a0le milieu offensif de la JS Kabylie\u00a0\u00bb qui \u00ab\u00a0avait annonc\u00e9 en juin dernier son d\u00e9part, deux ans et demi apr\u00e8s son arriv\u00e9e au club\u00a0\u00bb. D&rsquo;autres joueurs pourraient suivre cette voie, \u00ab\u00a0\u00e0 l&rsquo;image du d\u00e9fenseur Ahmed Ma\u00e2meri, de l&rsquo;attaquant congolais Bwalya, ou encore le milieu offensif Hadji Chekal Affari\u00a0\u00bb.<\/p>\n\n\n\n<p>De son c\u00f4t\u00e9, la JS Saoura privil\u00e9gie une approche de pr\u00e9paration sur le territoire national avec un stage programm\u00e9 en altitude. Le club b\u00e9charois \u00ab\u00a0effectuera la semaine prochaine un stage en altitude \u00e0 Tikjda\u00a0\u00bb dans la wilaya de Bouira. Cette option g\u00e9ographique n&rsquo;est pas anodine puisque l&rsquo;altitude offre des conditions d&rsquo;entra\u00eenement particuli\u00e8res, b\u00e9n\u00e9fiques pour le d\u00e9veloppement des capacit\u00e9s physiques des joueurs. \u00ab\u00a0La deuxi\u00e8me phase de pr\u00e9paration se d\u00e9roulera \u00e0 Tikjda, avec une grande concentration et de fortes ambitions pour r\u00e9aliser une saison \u00e0 la hauteur des attentes des supporters\u00a0\u00bb, pr\u00e9cise le communiqu\u00e9 du club. La JSS a d\u00e9j\u00e0 entam\u00e9 sa pr\u00e9paration depuis plusieurs jours. \u00ab\u00a0Les co\u00e9quipiers de Bouchiba ont repris les entra\u00eenements dimanche dernier au stade du 20-ao\u00fbt 1955 de B\u00e9char\u00a0\u00bb, avant de finaliser cette premi\u00e8re phase par \u00ab\u00a0un stage bloqu\u00e9 de deux jours \u00e0 Taghit\u00a0\u00bb, d\u00e9crit comme \u00ab\u00a0la derni\u00e8re \u00e9tape de la premi\u00e8re phase de pr\u00e9paration\u00a0\u00bb.<\/p>\n\n\n\n<p>Concernant les mouvements de joueurs, la formation du sud-ouest alg\u00e9rien affiche des objectifs clairs. Le club \u00ab\u00a0avait annonc\u00e9 que l&rsquo;\u00e9quipe sera renforc\u00e9e par 4 \u00e0 5 nouvelles recrues lors de ce mercato estival, ouvert officiellement le 1er juillet\u00a0\u00bb. Cette strat\u00e9gie de recrutement cibl\u00e9e vise \u00e0 corriger les lacunes identifi\u00e9es lors de l&rsquo;exercice pr\u00e9c\u00e9dent, o\u00f9 l&rsquo;\u00e9quipe dirig\u00e9e par Mustapha Djallit \u00ab\u00a0a termin\u00e9 la saison 2024-2025 au pied du podium\u00a0\u00bb avec une quatri\u00e8me place et \u00ab\u00a043 points, \u00e0 12 longueurs du podium\u00a0\u00bb.<\/p>\n\n\n\n<p>Ces pr\u00e9paratifs intensifs illustrent les ambitions renouvel\u00e9es des clubs pour la saison \u00e0 venir. La JSK, forte de son statut de vice-championne et de sa qualification pour la Ligue des Champions continentale apr\u00e8s sa victoire d\u00e9cisive \u00ab\u00a0\u00e0 domicile face \u00e0 l&rsquo;ASO Chlef\u00a0\u00bb, entend confirmer son retour au premier plan. La JSS, quant \u00e0 elle, vise une progression significative apr\u00e8s une saison 2024-2025 o\u00f9 elle \u00e9tait rest\u00e9e aux portes du podium malgr\u00e9 des performances honorables.<\/p>\n\n\n\n<p>Moncef D.<\/p>\n","protected":false},"excerpt":{"rendered":"<p>\u00c0 quelques semaines du coup d&rsquo;envoi de la nouvelle saison de Ligue 1 Mobilis 2025-26, les formations de la Ligue<\/p>\n","protected":false},"author":6,"featured_media":70576,"comment_status":"open","ping_status":"closed","sticky":false,"template":"","format":"standard","meta":{"colormag_page_container_layout":"default_layout","colormag_page_sidebar_layout":"default_layout","om_disable_all_campaigns":false,"_monsterinsights_skip_tracking":false,"_monsterinsights_sitenote_active":false,"_monsterinsights_sitenote_note":"","_monsterinsights_sitenote_category":0,"footnotes":"","_wpscppro_dont_share_socialmedia":false,"_wpscppro_custom_social_share_image":0,"_facebook_share_type":"default","_twitter_share_type":"default","_linkedin_share_type":"default","_pinterest_share_type":"default","_linkedin_share_type_page":"","_instagram_share_type":"default","_medium_share_type":"default","_threads_share_type":"","_google_business_share_type":"","_selected_social_profile":[],"_wpsp_enable_custom_social_template":false,"_wpsp_social_scheduling":{"enabled":false,"datetime":null,"platforms":[],"status":"template_only","dateOption":"today","timeOption":"now","customDays":"","customHours":"","customDate":"","customTime":"","schedulingType":"absolute"},"_wpsp_active_default_template":true},"categories":[33],"tags":[],"class_list":["post-70575","post","type-post","status-publish","format-standard","has-post-thumbnail","hentry","category-sports"],"aioseo_notices":[],"yoast_head":"<!-- This site is optimized with the Yoast SEO plugin v27.5 - https:\/\/yoast.com\/product\/yoast-seo-wordpress\/ -->\n<title>Ligue 1 Mobilis: Les clubs intensifient les pr\u00e9paratifs d&rsquo;intersaison - La Sentinelle<\/title>\n<meta name=\"robots\" content=\"index, follow, max-snippet:-1, max-image-preview:large, max-video-preview:-1\" \/>\n<link rel=\"canonical\" href=\"https:\/\/lasentinelle.dz\/index.php\/2025\/07\/20\/ligue-1-mobilis-les-clubs-intensifient-les-preparatifs-dintersaison\/\" \/>\n<meta property=\"og:locale\" content=\"fr_FR\" \/>\n<meta property=\"og:type\" content=\"article\" \/>\n<meta property=\"og:title\" content=\"Ligue 1 Mobilis: Les clubs intensifient les pr\u00e9paratifs d&rsquo;intersaison - La Sentinelle\" \/>\n<meta property=\"og:description\" content=\"\u00c0 quelques semaines du coup d&rsquo;envoi de la nouvelle saison de Ligue 1 Mobilis 2025-26, les formations de la Ligue\" \/>\n<meta property=\"og:url\" content=\"https:\/\/lasentinelle.dz\/index.php\/2025\/07\/20\/ligue-1-mobilis-les-clubs-intensifient-les-preparatifs-dintersaison\/\" \/>\n<meta property=\"og:site_name\" content=\"La Sentinelle\" \/>\n<meta property=\"article:publisher\" content=\"https:\/\/www.facebook.com\/La-Sentinelle-104059864394773\" \/>\n<meta property=\"article:published_time\" content=\"2025-07-20T11:06:13+00:00\" \/>\n<meta property=\"article:modified_time\" content=\"2025-07-20T11:06:14+00:00\" \/>\n<meta property=\"og:image\" content=\"https:\/\/lasentinelle.dz\/wp-content\/uploads\/2025\/07\/JSK.jpg\" \/>\n\t<meta property=\"og:image:width\" content=\"2048\" \/>\n\t<meta property=\"og:image:height\" content=\"1366\" \/>\n\t<meta property=\"og:image:type\" content=\"image\/jpeg\" \/>\n<meta name=\"author\" content=\"admin\" \/>\n<meta name=\"twitter:card\" content=\"summary_large_image\" \/>\n<meta name=\"twitter:label1\" content=\"\u00c9crit par\" \/>\n\t<meta name=\"twitter:data1\" content=\"admin\" \/>\n\t<meta name=\"twitter:label2\" content=\"Dur\u00e9e de lecture estim\u00e9e\" \/>\n\t<meta name=\"twitter:data2\" content=\"4 minutes\" \/>\n<script type=\"application\/ld+json\" class=\"yoast-schema-graph\">{\"@context\":\"https:\\\/\\\/schema.org\",\"@graph\":[{\"@type\":\"Article\",\"@id\":\"https:\\\/\\\/lasentinelle.dz\\\/index.php\\\/2025\\\/07\\\/20\\\/ligue-1-mobilis-les-clubs-intensifient-les-preparatifs-dintersaison\\\/#article\",\"isPartOf\":{\"@id\":\"https:\\\/\\\/lasentinelle.dz\\\/index.php\\\/2025\\\/07\\\/20\\\/ligue-1-mobilis-les-clubs-intensifient-les-preparatifs-dintersaison\\\/\"},\"author\":{\"name\":\"admin\",\"@id\":\"https:\\\/\\\/lasentinelle.dz\\\/#\\\/schema\\\/person\\\/729ee0024f24e0b8c5ec17232f8e8b41\"},\"headline\":\"Ligue 1 Mobilis: Les clubs intensifient les pr\u00e9paratifs d&rsquo;intersaison\",\"datePublished\":\"2025-07-20T11:06:13+00:00\",\"dateModified\":\"2025-07-20T11:06:14+00:00\",\"mainEntityOfPage\":{\"@id\":\"https:\\\/\\\/lasentinelle.dz\\\/index.php\\\/2025\\\/07\\\/20\\\/ligue-1-mobilis-les-clubs-intensifient-les-preparatifs-dintersaison\\\/\"},\"wordCount\":696,\"commentCount\":0,\"publisher\":{\"@id\":\"https:\\\/\\\/lasentinelle.dz\\\/#organization\"},\"image\":{\"@id\":\"https:\\\/\\\/lasentinelle.dz\\\/index.php\\\/2025\\\/07\\\/20\\\/ligue-1-mobilis-les-clubs-intensifient-les-preparatifs-dintersaison\\\/#primaryimage\"},\"thumbnailUrl\":\"https:\\\/\\\/lasentinelle.dz\\\/wp-content\\\/uploads\\\/2025\\\/07\\\/JSK.jpg\",\"articleSection\":[\"Sports\"],\"inLanguage\":\"fr-FR\",\"potentialAction\":[{\"@type\":\"CommentAction\",\"name\":\"Comment\",\"target\":[\"https:\\\/\\\/lasentinelle.dz\\\/index.php\\\/2025\\\/07\\\/20\\\/ligue-1-mobilis-les-clubs-intensifient-les-preparatifs-dintersaison\\\/#respond\"]}]},{\"@type\":\"WebPage\",\"@id\":\"https:\\\/\\\/lasentinelle.dz\\\/index.php\\\/2025\\\/07\\\/20\\\/ligue-1-mobilis-les-clubs-intensifient-les-preparatifs-dintersaison\\\/\",\"url\":\"https:\\\/\\\/lasentinelle.dz\\\/index.php\\\/2025\\\/07\\\/20\\\/ligue-1-mobilis-les-clubs-intensifient-les-preparatifs-dintersaison\\\/\",\"name\":\"Ligue 1 Mobilis: Les clubs intensifient les pr\u00e9paratifs d&rsquo;intersaison - La Sentinelle\",\"isPartOf\":{\"@id\":\"https:\\\/\\\/lasentinelle.dz\\\/#website\"},\"primaryImageOfPage\":{\"@id\":\"https:\\\/\\\/lasentinelle.dz\\\/index.php\\\/2025\\\/07\\\/20\\\/ligue-1-mobilis-les-clubs-intensifient-les-preparatifs-dintersaison\\\/#primaryimage\"},\"image\":{\"@id\":\"https:\\\/\\\/lasentinelle.dz\\\/index.php\\\/2025\\\/07\\\/20\\\/ligue-1-mobilis-les-clubs-intensifient-les-preparatifs-dintersaison\\\/#primaryimage\"},\"thumbnailUrl\":\"https:\\\/\\\/lasentinelle.dz\\\/wp-content\\\/uploads\\\/2025\\\/07\\\/JSK.jpg\",\"datePublished\":\"2025-07-20T11:06:13+00:00\",\"dateModified\":\"2025-07-20T11:06:14+00:00\",\"breadcrumb\":{\"@id\":\"https:\\\/\\\/lasentinelle.dz\\\/index.php\\\/2025\\\/07\\\/20\\\/ligue-1-mobilis-les-clubs-intensifient-les-preparatifs-dintersaison\\\/#breadcrumb\"},\"inLanguage\":\"fr-FR\",\"potentialAction\":[{\"@type\":\"ReadAction\",\"target\":[\"https:\\\/\\\/lasentinelle.dz\\\/index.php\\\/2025\\\/07\\\/20\\\/ligue-1-mobilis-les-clubs-intensifient-les-preparatifs-dintersaison\\\/\"]}]},{\"@type\":\"ImageObject\",\"inLanguage\":\"fr-FR\",\"@id\":\"https:\\\/\\\/lasentinelle.dz\\\/index.php\\\/2025\\\/07\\\/20\\\/ligue-1-mobilis-les-clubs-intensifient-les-preparatifs-dintersaison\\\/#primaryimage\",\"url\":\"https:\\\/\\\/lasentinelle.dz\\\/wp-content\\\/uploads\\\/2025\\\/07\\\/JSK.jpg\",\"contentUrl\":\"https:\\\/\\\/lasentinelle.dz\\\/wp-content\\\/uploads\\\/2025\\\/07\\\/JSK.jpg\",\"width\":2048,\"height\":1366},{\"@type\":\"BreadcrumbList\",\"@id\":\"https:\\\/\\\/lasentinelle.dz\\\/index.php\\\/2025\\\/07\\\/20\\\/ligue-1-mobilis-les-clubs-intensifient-les-preparatifs-dintersaison\\\/#breadcrumb\",\"itemListElement\":[{\"@type\":\"ListItem\",\"position\":1,\"name\":\"Accueil\",\"item\":\"https:\\\/\\\/lasentinelle.dz\\\/\"},{\"@type\":\"ListItem\",\"position\":2,\"name\":\"Ligue 1 Mobilis: Les clubs intensifient les pr\u00e9paratifs d&rsquo;intersaison\"}]},{\"@type\":\"WebSite\",\"@id\":\"https:\\\/\\\/lasentinelle.dz\\\/#website\",\"url\":\"https:\\\/\\\/lasentinelle.dz\\\/\",\"name\":\"La Sentinelle\",\"description\":\"Quotidien national d&#039;information\",\"publisher\":{\"@id\":\"https:\\\/\\\/lasentinelle.dz\\\/#organization\"},\"potentialAction\":[{\"@type\":\"SearchAction\",\"target\":{\"@type\":\"EntryPoint\",\"urlTemplate\":\"https:\\\/\\\/lasentinelle.dz\\\/?s={search_term_string}\"},\"query-input\":{\"@type\":\"PropertyValueSpecification\",\"valueRequired\":true,\"valueName\":\"search_term_string\"}}],\"inLanguage\":\"fr-FR\"},{\"@type\":\"Organization\",\"@id\":\"https:\\\/\\\/lasentinelle.dz\\\/#organization\",\"name\":\"Quotidien La Sentinelle\",\"url\":\"https:\\\/\\\/lasentinelle.dz\\\/\",\"logo\":{\"@type\":\"ImageObject\",\"inLanguage\":\"fr-FR\",\"@id\":\"https:\\\/\\\/lasentinelle.dz\\\/#\\\/schema\\\/logo\\\/image\\\/\",\"url\":\"https:\\\/\\\/lasentinelle.dz\\\/wp-content\\\/uploads\\\/2021\\\/09\\\/logo-sentinelleSLOGAN-1.png\",\"contentUrl\":\"https:\\\/\\\/lasentinelle.dz\\\/wp-content\\\/uploads\\\/2021\\\/09\\\/logo-sentinelleSLOGAN-1.png\",\"width\":615,\"height\":142,\"caption\":\"Quotidien La Sentinelle\"},\"image\":{\"@id\":\"https:\\\/\\\/lasentinelle.dz\\\/#\\\/schema\\\/logo\\\/image\\\/\"},\"sameAs\":[\"https:\\\/\\\/www.facebook.com\\\/La-Sentinelle-104059864394773\"]},{\"@type\":\"Person\",\"@id\":\"https:\\\/\\\/lasentinelle.dz\\\/#\\\/schema\\\/person\\\/729ee0024f24e0b8c5ec17232f8e8b41\",\"name\":\"admin\",\"image\":{\"@type\":\"ImageObject\",\"inLanguage\":\"fr-FR\",\"@id\":\"https:\\\/\\\/secure.gravatar.com\\\/avatar\\\/4c81fed838786e9b53f540bf46533e750f5d292099ae3b66cfc6fb1982e29df7?s=96&d=mm&r=g\",\"url\":\"https:\\\/\\\/secure.gravatar.com\\\/avatar\\\/4c81fed838786e9b53f540bf46533e750f5d292099ae3b66cfc6fb1982e29df7?s=96&d=mm&r=g\",\"contentUrl\":\"https:\\\/\\\/secure.gravatar.com\\\/avatar\\\/4c81fed838786e9b53f540bf46533e750f5d292099ae3b66cfc6fb1982e29df7?s=96&d=mm&r=g\",\"caption\":\"admin\"},\"description\":\"admin\",\"url\":\"https:\\\/\\\/lasentinelle.dz\\\/author\\\/admin\\\/\"}]}<\/script>\n<!-- \/ Yoast SEO plugin. -->","yoast_head_json":{"title":"Ligue 1 Mobilis: Les clubs intensifient les pr\u00e9paratifs d&rsquo;intersaison - La Sentinelle","robots":{"index":"index","follow":"follow","max-snippet":"max-snippet:-1","max-image-preview":"max-image-preview:large","max-video-preview":"max-video-preview:-1"},"canonical":"https:\/\/lasentinelle.dz\/index.php\/2025\/07\/20\/ligue-1-mobilis-les-clubs-intensifient-les-preparatifs-dintersaison\/","og_locale":"fr_FR","og_type":"article","og_title":"Ligue 1 Mobilis: Les clubs intensifient les pr\u00e9paratifs d&rsquo;intersaison - La Sentinelle","og_description":"\u00c0 quelques semaines du coup d&rsquo;envoi de la nouvelle saison de Ligue 1 Mobilis 2025-26, les formations de la Ligue","og_url":"https:\/\/lasentinelle.dz\/index.php\/2025\/07\/20\/ligue-1-mobilis-les-clubs-intensifient-les-preparatifs-dintersaison\/","og_site_name":"La Sentinelle","article_publisher":"https:\/\/www.facebook.com\/La-Sentinelle-104059864394773","article_published_time":"2025-07-20T11:06:13+00:00","article_modified_time":"2025-07-20T11:06:14+00:00","og_image":[{"width":2048,"height":1366,"url":"https:\/\/lasentinelle.dz\/wp-content\/uploads\/2025\/07\/JSK.jpg","type":"image\/jpeg"}],"author":"admin","twitter_card":"summary_large_image","twitter_misc":{"\u00c9crit par":"admin","Dur\u00e9e de lecture estim\u00e9e":"4 minutes"},"schema":{"@context":"https:\/\/schema.org","@graph":[{"@type":"Article","@id":"https:\/\/lasentinelle.dz\/index.php\/2025\/07\/20\/ligue-1-mobilis-les-clubs-intensifient-les-preparatifs-dintersaison\/#article","isPartOf":{"@id":"https:\/\/lasentinelle.dz\/index.php\/2025\/07\/20\/ligue-1-mobilis-les-clubs-intensifient-les-preparatifs-dintersaison\/"},"author":{"name":"admin","@id":"https:\/\/lasentinelle.dz\/#\/schema\/person\/729ee0024f24e0b8c5ec17232f8e8b41"},"headline":"Ligue 1 Mobilis: Les clubs intensifient les pr\u00e9paratifs d&rsquo;intersaison","datePublished":"2025-07-20T11:06:13+00:00","dateModified":"2025-07-20T11:06:14+00:00","mainEntityOfPage":{"@id":"https:\/\/lasentinelle.dz\/index.php\/2025\/07\/20\/ligue-1-mobilis-les-clubs-intensifient-les-preparatifs-dintersaison\/"},"wordCount":696,"commentCount":0,"publisher":{"@id":"https:\/\/lasentinelle.dz\/#organization"},"image":{"@id":"https:\/\/lasentinelle.dz\/index.php\/2025\/07\/20\/ligue-1-mobilis-les-clubs-intensifient-les-preparatifs-dintersaison\/#primaryimage"},"thumbnailUrl":"https:\/\/lasentinelle.dz\/wp-content\/uploads\/2025\/07\/JSK.jpg","articleSection":["Sports"],"inLanguage":"fr-FR","potentialAction":[{"@type":"CommentAction","name":"Comment","target":["https:\/\/lasentinelle.dz\/index.php\/2025\/07\/20\/ligue-1-mobilis-les-clubs-intensifient-les-preparatifs-dintersaison\/#respond"]}]},{"@type":"WebPage","@id":"https:\/\/lasentinelle.dz\/index.php\/2025\/07\/20\/ligue-1-mobilis-les-clubs-intensifient-les-preparatifs-dintersaison\/","url":"https:\/\/lasentinelle.dz\/index.php\/2025\/07\/20\/ligue-1-mobilis-les-clubs-intensifient-les-preparatifs-dintersaison\/","name":"Ligue 1 Mobilis: Les clubs intensifient les pr\u00e9paratifs d&rsquo;intersaison - La Sentinelle","isPartOf":{"@id":"https:\/\/lasentinelle.dz\/#website"},"primaryImageOfPage":{"@id":"https:\/\/lasentinelle.dz\/index.php\/2025\/07\/20\/ligue-1-mobilis-les-clubs-intensifient-les-preparatifs-dintersaison\/#primaryimage"},"image":{"@id":"https:\/\/lasentinelle.dz\/index.php\/2025\/07\/20\/ligue-1-mobilis-les-clubs-intensifient-les-preparatifs-dintersaison\/#primaryimage"},"thumbnailUrl":"https:\/\/lasentinelle.dz\/wp-content\/uploads\/2025\/07\/JSK.jpg","datePublished":"2025-07-20T11:06:13+00:00","dateModified":"2025-07-20T11:06:14+00:00","breadcrumb":{"@id":"https:\/\/lasentinelle.dz\/index.php\/2025\/07\/20\/ligue-1-mobilis-les-clubs-intensifient-les-preparatifs-dintersaison\/#breadcrumb"},"inLanguage":"fr-FR","potentialAction":[{"@type":"ReadAction","target":["https:\/\/lasentinelle.dz\/index.php\/2025\/07\/20\/ligue-1-mobilis-les-clubs-intensifient-les-preparatifs-dintersaison\/"]}]},{"@type":"ImageObject","inLanguage":"fr-FR","@id":"https:\/\/lasentinelle.dz\/index.php\/2025\/07\/20\/ligue-1-mobilis-les-clubs-intensifient-les-preparatifs-dintersaison\/#primaryimage","url":"https:\/\/lasentinelle.dz\/wp-content\/uploads\/2025\/07\/JSK.jpg","contentUrl":"https:\/\/lasentinelle.dz\/wp-content\/uploads\/2025\/07\/JSK.jpg","width":2048,"height":1366},{"@type":"BreadcrumbList","@id":"https:\/\/lasentinelle.dz\/index.php\/2025\/07\/20\/ligue-1-mobilis-les-clubs-intensifient-les-preparatifs-dintersaison\/#breadcrumb","itemListElement":[{"@type":"ListItem","position":1,"name":"Accueil","item":"https:\/\/lasentinelle.dz\/"},{"@type":"ListItem","position":2,"name":"Ligue 1 Mobilis: Les clubs intensifient les pr\u00e9paratifs d&rsquo;intersaison"}]},{"@type":"WebSite","@id":"https:\/\/lasentinelle.dz\/#website","url":"https:\/\/lasentinelle.dz\/","name":"La Sentinelle","description":"Quotidien national d&#039;information","publisher":{"@id":"https:\/\/lasentinelle.dz\/#organization"},"potentialAction":[{"@type":"SearchAction","target":{"@type":"EntryPoint","urlTemplate":"https:\/\/lasentinelle.dz\/?s={search_term_string}"},"query-input":{"@type":"PropertyValueSpecification","valueRequired":true,"valueName":"search_term_string"}}],"inLanguage":"fr-FR"},{"@type":"Organization","@id":"https:\/\/lasentinelle.dz\/#organization","name":"Quotidien La Sentinelle","url":"https:\/\/lasentinelle.dz\/","logo":{"@type":"ImageObject","inLanguage":"fr-FR","@id":"https:\/\/lasentinelle.dz\/#\/schema\/logo\/image\/","url":"https:\/\/lasentinelle.dz\/wp-content\/uploads\/2021\/09\/logo-sentinelleSLOGAN-1.png","contentUrl":"https:\/\/lasentinelle.dz\/wp-content\/uploads\/2021\/09\/logo-sentinelleSLOGAN-1.png","width":615,"height":142,"caption":"Quotidien La Sentinelle"},"image":{"@id":"https:\/\/lasentinelle.dz\/#\/schema\/logo\/image\/"},"sameAs":["https:\/\/www.facebook.com\/La-Sentinelle-104059864394773"]},{"@type":"Person","@id":"https:\/\/lasentinelle.dz\/#\/schema\/person\/729ee0024f24e0b8c5ec17232f8e8b41","name":"admin","image":{"@type":"ImageObject","inLanguage":"fr-FR","@id":"https:\/\/secure.gravatar.com\/avatar\/4c81fed838786e9b53f540bf46533e750f5d292099ae3b66cfc6fb1982e29df7?s=96&d=mm&r=g","url":"https:\/\/secure.gravatar.com\/avatar\/4c81fed838786e9b53f540bf46533e750f5d292099ae3b66cfc6fb1982e29df7?s=96&d=mm&r=g","contentUrl":"https:\/\/secure.gravatar.com\/avatar\/4c81fed838786e9b53f540bf46533e750f5d292099ae3b66cfc6fb1982e29df7?s=96&d=mm&r=g","caption":"admin"},"description":"admin","url":"https:\/\/lasentinelle.dz\/author\/admin\/"}]}},"_links":{"self":[{"href":"https:\/\/lasentinelle.dz\/index.php\/wp-json\/wp\/v2\/posts\/70575","targetHints":{"allow":["GET"]}}],"collection":[{"href":"https:\/\/lasentinelle.dz\/index.php\/wp-json\/wp\/v2\/posts"}],"about":[{"href":"https:\/\/lasentinelle.dz\/index.php\/wp-json\/wp\/v2\/types\/post"}],"author":[{"embeddable":true,"href":"https:\/\/lasentinelle.dz\/index.php\/wp-json\/wp\/v2\/users\/6"}],"replies":[{"embeddable":true,"href":"https:\/\/lasentinelle.dz\/index.php\/wp-json\/wp\/v2\/comments?post=70575"}],"version-history":[{"count":2,"href":"https:\/\/lasentinelle.dz\/index.php\/wp-json\/wp\/v2\/posts\/70575\/revisions"}],"predecessor-version":[{"id":70578,"href":"https:\/\/lasentinelle.dz\/index.php\/wp-json\/wp\/v2\/posts\/70575\/revisions\/70578"}],"wp:featuredmedia":[{"embeddable":true,"href":"https:\/\/lasentinelle.dz\/index.php\/wp-json\/wp\/v2\/media\/70576"}],"wp:attachment":[{"href":"https:\/\/lasentinelle.dz\/index.php\/wp-json\/wp\/v2\/media?parent=70575"}],"wp:term":[{"taxonomy":"category","embeddable":true,"href":"https:\/\/lasentinelle.dz\/index.php\/wp-json\/wp\/v2\/categories?post=70575"},{"taxonomy":"post_tag","embeddable":true,"href":"https:\/\/lasentinelle.dz\/index.php\/wp-json\/wp\/v2\/tags?post=70575"}],"curies":[{"name":"wp","href":"https:\/\/api.w.org\/{rel}","templated":true}]}}