{"id":70583,"date":"2025-07-20T12:14:48","date_gmt":"2025-07-20T11:14:48","guid":{"rendered":"https:\/\/lasentinelle.dz\/?p=70583"},"modified":"2025-07-20T12:14:49","modified_gmt":"2025-07-20T11:14:49","slug":"skikda-150-familles-relogees-dans-de-nouvelles-habitations","status":"publish","type":"post","link":"https:\/\/lasentinelle.dz\/index.php\/2025\/07\/20\/skikda-150-familles-relogees-dans-de-nouvelles-habitations\/","title":{"rendered":"Skikda : 150 familles relog\u00e9es dans de nouvelles habitations"},"content":{"rendered":"\n<p>Dans le cadre de la r\u00e9sorption de l&rsquo;habitat pr\u00e9caire (RHP), une vaste op\u00e9ration de relogement a permis \u00e0 150 familles de quitter leurs habitations insalubres pour s&rsquo;installer dans des logements d\u00e9cents.<strong> <\/strong>L&rsquo;op\u00e9ration, lanc\u00e9e il y a plus d&rsquo;une semaine, a concern\u00e9 principalement la da\u00efra de Ramdane Djamel avec un quota de plus de 90 unit\u00e9s de logement. Au total, 98 familles r\u00e9sidant dans les cit\u00e9s Bezgha\u00efa, Djisr El Forsane, Chouhada et celles occupant des constructions pr\u00e9caires situ\u00e9es \u00e0 proximit\u00e9 d&rsquo;Oued Safsaf ont \u00e9t\u00e9 relog\u00e9es.<strong> <\/strong>L&rsquo;op\u00e9ration s&rsquo;est d\u00e9roul\u00e9e sous la supervision de la cheffe de da\u00efra, qui a mobilis\u00e9 tous les moyens humains et logistiques n\u00e9cessaires. Parall\u00e8lement au relogement, les habitations pr\u00e9caires et illicites ont \u00e9t\u00e9 imm\u00e9diatement d\u00e9molies, permettant la r\u00e9cup\u00e9ration de l&rsquo;assiette fonci\u00e8re destin\u00e9e \u00e0 la r\u00e9alisation de futurs projets de logements et d&rsquo;\u00e9quipements publics.<strong> <\/strong>Dans le m\u00eame contexte, 50 autres familles de la commune d&rsquo;Emdjez Edchich ont \u00e9galement b\u00e9n\u00e9fici\u00e9 de nouveaux logements. Les ayants droit des quartiers Mohamed Zitouni, El Kef, Cimeti\u00e8re des martyrs, Lakhdar Bella, la Mosqu\u00e9e ainsi que la cit\u00e9 des martyrs ont pu quitter d\u00e9finitivement leurs anciens logements insalubres.<\/p>\n\n\n\n<p>L&rsquo;op\u00e9ration s&rsquo;est d\u00e9roul\u00e9e dans une ambiance sereine, toutes les familles ayant quitt\u00e9 les lieux sans incident. Comme pour la premi\u00e8re phase, la d\u00e9molition syst\u00e9matique des constructions pr\u00e9caires a suivi le relogement, sous le contr\u00f4le des services comp\u00e9tents et en pr\u00e9sence du chef de da\u00efra d&rsquo;El Harrouch et de plusieurs \u00e9lus.<\/p>\n\n\n\n<p>Cette vaste op\u00e9ration a mobilis\u00e9 plusieurs services : la protection civile, la gendarmerie nationale qui a assur\u00e9 la s\u00e9curisation du d\u00e9but \u00e0 la fin de l&rsquo;op\u00e9ration, ainsi que les services de la Sonelgaz et de l&rsquo;OPGI qui ont veill\u00e9 au bon d\u00e9roulement technique de l&rsquo;op\u00e9ration. Cependant, le wali de Skikda a d\u00e9cid\u00e9 de geler temporairement l&rsquo;attribution de 160 logements sociaux en raison d&rsquo;une erreur administrative. Bien que ces logements soient implant\u00e9s sur le territoire d&rsquo;Emdjez Edchich, seules 30 unit\u00e9s leur ont \u00e9t\u00e9 r\u00e9serv\u00e9es, tandis que 130 ont \u00e9t\u00e9 administrativement attribu\u00e9es \u00e0 la commune de Zerdaza.<\/p>\n\n\n\n<p>Cette r\u00e9partition contest\u00e9e a suscit\u00e9 la col\u00e8re des habitants d&rsquo;Emdjez Edchich, dont le pr\u00e9sident de l&rsquo;assembl\u00e9e communale populaire (P\/APC) revendique que ces unit\u00e9s reviennent prioritairement aux demandeurs de sa commune. Le gel temporaire de la r\u00e9partition devrait permettre de trouver un r\u00e8glement d\u00e9finitif \u00e0 ce diff\u00e9rend.<\/p>\n\n\n\n<p><em>Sofia Chahine<\/em><\/p>\n","protected":false},"excerpt":{"rendered":"<p>Dans le cadre de la r\u00e9sorption de l&rsquo;habitat pr\u00e9caire (RHP), une vaste op\u00e9ration de relogement a permis \u00e0 150 familles<\/p>\n","protected":false},"author":6,"featured_media":47484,"comment_status":"open","ping_status":"closed","sticky":false,"template":"","format":"standard","meta":{"colormag_page_container_layout":"default_layout","colormag_page_sidebar_layout":"default_layout","om_disable_all_campaigns":false,"_monsterinsights_skip_tracking":false,"_monsterinsights_sitenote_active":false,"_monsterinsights_sitenote_note":"","_monsterinsights_sitenote_category":0,"footnotes":"","_wpscppro_dont_share_socialmedia":false,"_wpscppro_custom_social_share_image":0,"_facebook_share_type":"default","_twitter_share_type":"default","_linkedin_share_type":"default","_pinterest_share_type":"default","_linkedin_share_type_page":"","_instagram_share_type":"default","_medium_share_type":"default","_threads_share_type":"","_google_business_share_type":"","_selected_social_profile":[],"_wpsp_enable_custom_social_template":false,"_wpsp_social_scheduling":{"enabled":false,"datetime":null,"platforms":[],"status":"template_only","dateOption":"today","timeOption":"now","customDays":"","customHours":"","customDate":"","customTime":"","schedulingType":"absolute"},"_wpsp_active_default_template":true},"categories":[31],"tags":[],"class_list":["post-70583","post","type-post","status-publish","format-standard","has-post-thumbnail","hentry","category-regions"],"aioseo_notices":[],"yoast_head":"<!-- This site is optimized with the Yoast SEO plugin v27.5 - https:\/\/yoast.com\/product\/yoast-seo-wordpress\/ -->\n<title>Skikda : 150 familles relog\u00e9es dans de nouvelles habitations - La Sentinelle<\/title>\n<meta name=\"robots\" content=\"index, follow, max-snippet:-1, max-image-preview:large, max-video-preview:-1\" \/>\n<link rel=\"canonical\" href=\"https:\/\/lasentinelle.dz\/index.php\/2025\/07\/20\/skikda-150-familles-relogees-dans-de-nouvelles-habitations\/\" \/>\n<meta property=\"og:locale\" content=\"fr_FR\" \/>\n<meta property=\"og:type\" content=\"article\" \/>\n<meta property=\"og:title\" content=\"Skikda : 150 familles relog\u00e9es dans de nouvelles habitations - La Sentinelle\" \/>\n<meta property=\"og:description\" content=\"Dans le cadre de la r\u00e9sorption de l&rsquo;habitat pr\u00e9caire (RHP), une vaste op\u00e9ration de relogement a permis \u00e0 150 familles\" \/>\n<meta property=\"og:url\" content=\"https:\/\/lasentinelle.dz\/index.php\/2025\/07\/20\/skikda-150-familles-relogees-dans-de-nouvelles-habitations\/\" \/>\n<meta property=\"og:site_name\" content=\"La Sentinelle\" \/>\n<meta property=\"article:publisher\" content=\"https:\/\/www.facebook.com\/La-Sentinelle-104059864394773\" \/>\n<meta property=\"article:published_time\" content=\"2025-07-20T11:14:48+00:00\" \/>\n<meta property=\"article:modified_time\" content=\"2025-07-20T11:14:49+00:00\" \/>\n<meta property=\"og:image\" content=\"https:\/\/lasentinelle.dz\/wp-content\/uploads\/2023\/11\/relogement.jpeg\" \/>\n\t<meta property=\"og:image:width\" content=\"512\" \/>\n\t<meta property=\"og:image:height\" content=\"276\" \/>\n\t<meta property=\"og:image:type\" content=\"image\/jpeg\" \/>\n<meta name=\"author\" content=\"admin\" \/>\n<meta name=\"twitter:card\" content=\"summary_large_image\" \/>\n<meta name=\"twitter:label1\" content=\"\u00c9crit par\" \/>\n\t<meta name=\"twitter:data1\" content=\"admin\" \/>\n\t<meta name=\"twitter:label2\" content=\"Dur\u00e9e de lecture estim\u00e9e\" \/>\n\t<meta name=\"twitter:data2\" content=\"3 minutes\" \/>\n<script type=\"application\/ld+json\" class=\"yoast-schema-graph\">{\"@context\":\"https:\\\/\\\/schema.org\",\"@graph\":[{\"@type\":\"Article\",\"@id\":\"https:\\\/\\\/lasentinelle.dz\\\/index.php\\\/2025\\\/07\\\/20\\\/skikda-150-familles-relogees-dans-de-nouvelles-habitations\\\/#article\",\"isPartOf\":{\"@id\":\"https:\\\/\\\/lasentinelle.dz\\\/index.php\\\/2025\\\/07\\\/20\\\/skikda-150-familles-relogees-dans-de-nouvelles-habitations\\\/\"},\"author\":{\"name\":\"admin\",\"@id\":\"https:\\\/\\\/lasentinelle.dz\\\/#\\\/schema\\\/person\\\/729ee0024f24e0b8c5ec17232f8e8b41\"},\"headline\":\"Skikda : 150 familles relog\u00e9es dans de nouvelles habitations\",\"datePublished\":\"2025-07-20T11:14:48+00:00\",\"dateModified\":\"2025-07-20T11:14:49+00:00\",\"mainEntityOfPage\":{\"@id\":\"https:\\\/\\\/lasentinelle.dz\\\/index.php\\\/2025\\\/07\\\/20\\\/skikda-150-familles-relogees-dans-de-nouvelles-habitations\\\/\"},\"wordCount\":459,\"commentCount\":0,\"publisher\":{\"@id\":\"https:\\\/\\\/lasentinelle.dz\\\/#organization\"},\"image\":{\"@id\":\"https:\\\/\\\/lasentinelle.dz\\\/index.php\\\/2025\\\/07\\\/20\\\/skikda-150-familles-relogees-dans-de-nouvelles-habitations\\\/#primaryimage\"},\"thumbnailUrl\":\"https:\\\/\\\/lasentinelle.dz\\\/wp-content\\\/uploads\\\/2023\\\/11\\\/relogement.jpeg\",\"articleSection\":[\"R\u00e9gions\"],\"inLanguage\":\"fr-FR\",\"potentialAction\":[{\"@type\":\"CommentAction\",\"name\":\"Comment\",\"target\":[\"https:\\\/\\\/lasentinelle.dz\\\/index.php\\\/2025\\\/07\\\/20\\\/skikda-150-familles-relogees-dans-de-nouvelles-habitations\\\/#respond\"]}]},{\"@type\":\"WebPage\",\"@id\":\"https:\\\/\\\/lasentinelle.dz\\\/index.php\\\/2025\\\/07\\\/20\\\/skikda-150-familles-relogees-dans-de-nouvelles-habitations\\\/\",\"url\":\"https:\\\/\\\/lasentinelle.dz\\\/index.php\\\/2025\\\/07\\\/20\\\/skikda-150-familles-relogees-dans-de-nouvelles-habitations\\\/\",\"name\":\"Skikda : 150 familles relog\u00e9es dans de nouvelles habitations - La Sentinelle\",\"isPartOf\":{\"@id\":\"https:\\\/\\\/lasentinelle.dz\\\/#website\"},\"primaryImageOfPage\":{\"@id\":\"https:\\\/\\\/lasentinelle.dz\\\/index.php\\\/2025\\\/07\\\/20\\\/skikda-150-familles-relogees-dans-de-nouvelles-habitations\\\/#primaryimage\"},\"image\":{\"@id\":\"https:\\\/\\\/lasentinelle.dz\\\/index.php\\\/2025\\\/07\\\/20\\\/skikda-150-familles-relogees-dans-de-nouvelles-habitations\\\/#primaryimage\"},\"thumbnailUrl\":\"https:\\\/\\\/lasentinelle.dz\\\/wp-content\\\/uploads\\\/2023\\\/11\\\/relogement.jpeg\",\"datePublished\":\"2025-07-20T11:14:48+00:00\",\"dateModified\":\"2025-07-20T11:14:49+00:00\",\"breadcrumb\":{\"@id\":\"https:\\\/\\\/lasentinelle.dz\\\/index.php\\\/2025\\\/07\\\/20\\\/skikda-150-familles-relogees-dans-de-nouvelles-habitations\\\/#breadcrumb\"},\"inLanguage\":\"fr-FR\",\"potentialAction\":[{\"@type\":\"ReadAction\",\"target\":[\"https:\\\/\\\/lasentinelle.dz\\\/index.php\\\/2025\\\/07\\\/20\\\/skikda-150-familles-relogees-dans-de-nouvelles-habitations\\\/\"]}]},{\"@type\":\"ImageObject\",\"inLanguage\":\"fr-FR\",\"@id\":\"https:\\\/\\\/lasentinelle.dz\\\/index.php\\\/2025\\\/07\\\/20\\\/skikda-150-familles-relogees-dans-de-nouvelles-habitations\\\/#primaryimage\",\"url\":\"https:\\\/\\\/lasentinelle.dz\\\/wp-content\\\/uploads\\\/2023\\\/11\\\/relogement.jpeg\",\"contentUrl\":\"https:\\\/\\\/lasentinelle.dz\\\/wp-content\\\/uploads\\\/2023\\\/11\\\/relogement.jpeg\",\"width\":512,\"height\":276},{\"@type\":\"BreadcrumbList\",\"@id\":\"https:\\\/\\\/lasentinelle.dz\\\/index.php\\\/2025\\\/07\\\/20\\\/skikda-150-familles-relogees-dans-de-nouvelles-habitations\\\/#breadcrumb\",\"itemListElement\":[{\"@type\":\"ListItem\",\"position\":1,\"name\":\"Accueil\",\"item\":\"https:\\\/\\\/lasentinelle.dz\\\/\"},{\"@type\":\"ListItem\",\"position\":2,\"name\":\"Skikda : 150 familles relog\u00e9es dans de nouvelles habitations\"}]},{\"@type\":\"WebSite\",\"@id\":\"https:\\\/\\\/lasentinelle.dz\\\/#website\",\"url\":\"https:\\\/\\\/lasentinelle.dz\\\/\",\"name\":\"La Sentinelle\",\"description\":\"Quotidien national d&#039;information\",\"publisher\":{\"@id\":\"https:\\\/\\\/lasentinelle.dz\\\/#organization\"},\"potentialAction\":[{\"@type\":\"SearchAction\",\"target\":{\"@type\":\"EntryPoint\",\"urlTemplate\":\"https:\\\/\\\/lasentinelle.dz\\\/?s={search_term_string}\"},\"query-input\":{\"@type\":\"PropertyValueSpecification\",\"valueRequired\":true,\"valueName\":\"search_term_string\"}}],\"inLanguage\":\"fr-FR\"},{\"@type\":\"Organization\",\"@id\":\"https:\\\/\\\/lasentinelle.dz\\\/#organization\",\"name\":\"Quotidien La Sentinelle\",\"url\":\"https:\\\/\\\/lasentinelle.dz\\\/\",\"logo\":{\"@type\":\"ImageObject\",\"inLanguage\":\"fr-FR\",\"@id\":\"https:\\\/\\\/lasentinelle.dz\\\/#\\\/schema\\\/logo\\\/image\\\/\",\"url\":\"https:\\\/\\\/lasentinelle.dz\\\/wp-content\\\/uploads\\\/2021\\\/09\\\/logo-sentinelleSLOGAN-1.png\",\"contentUrl\":\"https:\\\/\\\/lasentinelle.dz\\\/wp-content\\\/uploads\\\/2021\\\/09\\\/logo-sentinelleSLOGAN-1.png\",\"width\":615,\"height\":142,\"caption\":\"Quotidien La Sentinelle\"},\"image\":{\"@id\":\"https:\\\/\\\/lasentinelle.dz\\\/#\\\/schema\\\/logo\\\/image\\\/\"},\"sameAs\":[\"https:\\\/\\\/www.facebook.com\\\/La-Sentinelle-104059864394773\"]},{\"@type\":\"Person\",\"@id\":\"https:\\\/\\\/lasentinelle.dz\\\/#\\\/schema\\\/person\\\/729ee0024f24e0b8c5ec17232f8e8b41\",\"name\":\"admin\",\"image\":{\"@type\":\"ImageObject\",\"inLanguage\":\"fr-FR\",\"@id\":\"https:\\\/\\\/secure.gravatar.com\\\/avatar\\\/4c81fed838786e9b53f540bf46533e750f5d292099ae3b66cfc6fb1982e29df7?s=96&d=mm&r=g\",\"url\":\"https:\\\/\\\/secure.gravatar.com\\\/avatar\\\/4c81fed838786e9b53f540bf46533e750f5d292099ae3b66cfc6fb1982e29df7?s=96&d=mm&r=g\",\"contentUrl\":\"https:\\\/\\\/secure.gravatar.com\\\/avatar\\\/4c81fed838786e9b53f540bf46533e750f5d292099ae3b66cfc6fb1982e29df7?s=96&d=mm&r=g\",\"caption\":\"admin\"},\"description\":\"admin\",\"url\":\"https:\\\/\\\/lasentinelle.dz\\\/author\\\/admin\\\/\"}]}<\/script>\n<!-- \/ Yoast SEO plugin. -->","yoast_head_json":{"title":"Skikda : 150 familles relog\u00e9es dans de nouvelles habitations - La Sentinelle","robots":{"index":"index","follow":"follow","max-snippet":"max-snippet:-1","max-image-preview":"max-image-preview:large","max-video-preview":"max-video-preview:-1"},"canonical":"https:\/\/lasentinelle.dz\/index.php\/2025\/07\/20\/skikda-150-familles-relogees-dans-de-nouvelles-habitations\/","og_locale":"fr_FR","og_type":"article","og_title":"Skikda : 150 familles relog\u00e9es dans de nouvelles habitations - La Sentinelle","og_description":"Dans le cadre de la r\u00e9sorption de l&rsquo;habitat pr\u00e9caire (RHP), une vaste op\u00e9ration de relogement a permis \u00e0 150 familles","og_url":"https:\/\/lasentinelle.dz\/index.php\/2025\/07\/20\/skikda-150-familles-relogees-dans-de-nouvelles-habitations\/","og_site_name":"La Sentinelle","article_publisher":"https:\/\/www.facebook.com\/La-Sentinelle-104059864394773","article_published_time":"2025-07-20T11:14:48+00:00","article_modified_time":"2025-07-20T11:14:49+00:00","og_image":[{"width":512,"height":276,"url":"https:\/\/lasentinelle.dz\/wp-content\/uploads\/2023\/11\/relogement.jpeg","type":"image\/jpeg"}],"author":"admin","twitter_card":"summary_large_image","twitter_misc":{"\u00c9crit par":"admin","Dur\u00e9e de lecture estim\u00e9e":"3 minutes"},"schema":{"@context":"https:\/\/schema.org","@graph":[{"@type":"Article","@id":"https:\/\/lasentinelle.dz\/index.php\/2025\/07\/20\/skikda-150-familles-relogees-dans-de-nouvelles-habitations\/#article","isPartOf":{"@id":"https:\/\/lasentinelle.dz\/index.php\/2025\/07\/20\/skikda-150-familles-relogees-dans-de-nouvelles-habitations\/"},"author":{"name":"admin","@id":"https:\/\/lasentinelle.dz\/#\/schema\/person\/729ee0024f24e0b8c5ec17232f8e8b41"},"headline":"Skikda : 150 familles relog\u00e9es dans de nouvelles habitations","datePublished":"2025-07-20T11:14:48+00:00","dateModified":"2025-07-20T11:14:49+00:00","mainEntityOfPage":{"@id":"https:\/\/lasentinelle.dz\/index.php\/2025\/07\/20\/skikda-150-familles-relogees-dans-de-nouvelles-habitations\/"},"wordCount":459,"commentCount":0,"publisher":{"@id":"https:\/\/lasentinelle.dz\/#organization"},"image":{"@id":"https:\/\/lasentinelle.dz\/index.php\/2025\/07\/20\/skikda-150-familles-relogees-dans-de-nouvelles-habitations\/#primaryimage"},"thumbnailUrl":"https:\/\/lasentinelle.dz\/wp-content\/uploads\/2023\/11\/relogement.jpeg","articleSection":["R\u00e9gions"],"inLanguage":"fr-FR","potentialAction":[{"@type":"CommentAction","name":"Comment","target":["https:\/\/lasentinelle.dz\/index.php\/2025\/07\/20\/skikda-150-familles-relogees-dans-de-nouvelles-habitations\/#respond"]}]},{"@type":"WebPage","@id":"https:\/\/lasentinelle.dz\/index.php\/2025\/07\/20\/skikda-150-familles-relogees-dans-de-nouvelles-habitations\/","url":"https:\/\/lasentinelle.dz\/index.php\/2025\/07\/20\/skikda-150-familles-relogees-dans-de-nouvelles-habitations\/","name":"Skikda : 150 familles relog\u00e9es dans de nouvelles habitations - La Sentinelle","isPartOf":{"@id":"https:\/\/lasentinelle.dz\/#website"},"primaryImageOfPage":{"@id":"https:\/\/lasentinelle.dz\/index.php\/2025\/07\/20\/skikda-150-familles-relogees-dans-de-nouvelles-habitations\/#primaryimage"},"image":{"@id":"https:\/\/lasentinelle.dz\/index.php\/2025\/07\/20\/skikda-150-familles-relogees-dans-de-nouvelles-habitations\/#primaryimage"},"thumbnailUrl":"https:\/\/lasentinelle.dz\/wp-content\/uploads\/2023\/11\/relogement.jpeg","datePublished":"2025-07-20T11:14:48+00:00","dateModified":"2025-07-20T11:14:49+00:00","breadcrumb":{"@id":"https:\/\/lasentinelle.dz\/index.php\/2025\/07\/20\/skikda-150-familles-relogees-dans-de-nouvelles-habitations\/#breadcrumb"},"inLanguage":"fr-FR","potentialAction":[{"@type":"ReadAction","target":["https:\/\/lasentinelle.dz\/index.php\/2025\/07\/20\/skikda-150-familles-relogees-dans-de-nouvelles-habitations\/"]}]},{"@type":"ImageObject","inLanguage":"fr-FR","@id":"https:\/\/lasentinelle.dz\/index.php\/2025\/07\/20\/skikda-150-familles-relogees-dans-de-nouvelles-habitations\/#primaryimage","url":"https:\/\/lasentinelle.dz\/wp-content\/uploads\/2023\/11\/relogement.jpeg","contentUrl":"https:\/\/lasentinelle.dz\/wp-content\/uploads\/2023\/11\/relogement.jpeg","width":512,"height":276},{"@type":"BreadcrumbList","@id":"https:\/\/lasentinelle.dz\/index.php\/2025\/07\/20\/skikda-150-familles-relogees-dans-de-nouvelles-habitations\/#breadcrumb","itemListElement":[{"@type":"ListItem","position":1,"name":"Accueil","item":"https:\/\/lasentinelle.dz\/"},{"@type":"ListItem","position":2,"name":"Skikda : 150 familles relog\u00e9es dans de nouvelles habitations"}]},{"@type":"WebSite","@id":"https:\/\/lasentinelle.dz\/#website","url":"https:\/\/lasentinelle.dz\/","name":"La Sentinelle","description":"Quotidien national d&#039;information","publisher":{"@id":"https:\/\/lasentinelle.dz\/#organization"},"potentialAction":[{"@type":"SearchAction","target":{"@type":"EntryPoint","urlTemplate":"https:\/\/lasentinelle.dz\/?s={search_term_string}"},"query-input":{"@type":"PropertyValueSpecification","valueRequired":true,"valueName":"search_term_string"}}],"inLanguage":"fr-FR"},{"@type":"Organization","@id":"https:\/\/lasentinelle.dz\/#organization","name":"Quotidien La Sentinelle","url":"https:\/\/lasentinelle.dz\/","logo":{"@type":"ImageObject","inLanguage":"fr-FR","@id":"https:\/\/lasentinelle.dz\/#\/schema\/logo\/image\/","url":"https:\/\/lasentinelle.dz\/wp-content\/uploads\/2021\/09\/logo-sentinelleSLOGAN-1.png","contentUrl":"https:\/\/lasentinelle.dz\/wp-content\/uploads\/2021\/09\/logo-sentinelleSLOGAN-1.png","width":615,"height":142,"caption":"Quotidien La Sentinelle"},"image":{"@id":"https:\/\/lasentinelle.dz\/#\/schema\/logo\/image\/"},"sameAs":["https:\/\/www.facebook.com\/La-Sentinelle-104059864394773"]},{"@type":"Person","@id":"https:\/\/lasentinelle.dz\/#\/schema\/person\/729ee0024f24e0b8c5ec17232f8e8b41","name":"admin","image":{"@type":"ImageObject","inLanguage":"fr-FR","@id":"https:\/\/secure.gravatar.com\/avatar\/4c81fed838786e9b53f540bf46533e750f5d292099ae3b66cfc6fb1982e29df7?s=96&d=mm&r=g","url":"https:\/\/secure.gravatar.com\/avatar\/4c81fed838786e9b53f540bf46533e750f5d292099ae3b66cfc6fb1982e29df7?s=96&d=mm&r=g","contentUrl":"https:\/\/secure.gravatar.com\/avatar\/4c81fed838786e9b53f540bf46533e750f5d292099ae3b66cfc6fb1982e29df7?s=96&d=mm&r=g","caption":"admin"},"description":"admin","url":"https:\/\/lasentinelle.dz\/author\/admin\/"}]}},"_links":{"self":[{"href":"https:\/\/lasentinelle.dz\/index.php\/wp-json\/wp\/v2\/posts\/70583","targetHints":{"allow":["GET"]}}],"collection":[{"href":"https:\/\/lasentinelle.dz\/index.php\/wp-json\/wp\/v2\/posts"}],"about":[{"href":"https:\/\/lasentinelle.dz\/index.php\/wp-json\/wp\/v2\/types\/post"}],"author":[{"embeddable":true,"href":"https:\/\/lasentinelle.dz\/index.php\/wp-json\/wp\/v2\/users\/6"}],"replies":[{"embeddable":true,"href":"https:\/\/lasentinelle.dz\/index.php\/wp-json\/wp\/v2\/comments?post=70583"}],"version-history":[{"count":1,"href":"https:\/\/lasentinelle.dz\/index.php\/wp-json\/wp\/v2\/posts\/70583\/revisions"}],"predecessor-version":[{"id":70584,"href":"https:\/\/lasentinelle.dz\/index.php\/wp-json\/wp\/v2\/posts\/70583\/revisions\/70584"}],"wp:featuredmedia":[{"embeddable":true,"href":"https:\/\/lasentinelle.dz\/index.php\/wp-json\/wp\/v2\/media\/47484"}],"wp:attachment":[{"href":"https:\/\/lasentinelle.dz\/index.php\/wp-json\/wp\/v2\/media?parent=70583"}],"wp:term":[{"taxonomy":"category","embeddable":true,"href":"https:\/\/lasentinelle.dz\/index.php\/wp-json\/wp\/v2\/categories?post=70583"},{"taxonomy":"post_tag","embeddable":true,"href":"https:\/\/lasentinelle.dz\/index.php\/wp-json\/wp\/v2\/tags?post=70583"}],"curies":[{"name":"wp","href":"https:\/\/api.w.org\/{rel}","templated":true}]}}