{"id":70585,"date":"2025-07-20T12:15:31","date_gmt":"2025-07-20T11:15:31","guid":{"rendered":"https:\/\/lasentinelle.dz\/?p=70585"},"modified":"2025-07-20T12:15:32","modified_gmt":"2025-07-20T11:15:32","slug":"annaba-demolition-dune-construction-illegale-dans-le-jardin-mediterraneen","status":"publish","type":"post","link":"https:\/\/lasentinelle.dz\/index.php\/2025\/07\/20\/annaba-demolition-dune-construction-illegale-dans-le-jardin-mediterraneen\/","title":{"rendered":"Annaba : D\u00e9molition d&rsquo;une construction ill\u00e9gale dans le Jardin m\u00e9diterran\u00e9en"},"content":{"rendered":"\n<p>Une construction en b\u00e9ton arm\u00e9 \u00e9rig\u00e9e ill\u00e9galement au c\u0153ur du jardin citadin m\u00e9diterran\u00e9en d&rsquo;Annaba a provoqu\u00e9 un toll\u00e9 d&rsquo;indignations chez les habitants et les responsables environnementaux de la wilaya. Cette b\u00e2tisse, apparue comme un champignon sur le front de mer de cette zone foresti\u00e8re prot\u00e9g\u00e9e o\u00f9 toute construction en dur est formellement interdite, illustre les pressions exerc\u00e9es sur ce patrimoine naturel exceptionnel. La r\u00e9action des services de la direction de l&rsquo;environnement face \u00e0 cette violation manifeste n&rsquo;a pas tard\u00e9, alertant imm\u00e9diatement les plus hautes autorit\u00e9s locales sur la gravit\u00e9 de ce d\u00e9passement. Inform\u00e9 par les services environnementaux, le wali d&rsquo;Annaba, Abdelkader Djellaoui, a r\u00e9agi promptement en instruisant les services comp\u00e9tents de proc\u00e9der dans les meilleurs d\u00e9lais \u00e0 la d\u00e9molition de la b\u00e2tisse r\u00e9alis\u00e9e en b\u00e9ton \u00e0 l&rsquo;int\u00e9rieur du jardin. Cette d\u00e9cision s&rsquo;appuie sur la loi num\u00e9ro 80-12 du 23 juin 1984 portant r\u00e9gime g\u00e9n\u00e9ral des for\u00eats et interdisant toute construction dans le domaine forestier. Le responsable a \u00e9galement exig\u00e9 l&rsquo;ouverture d&rsquo;une enqu\u00eate judiciaire pour identifier les auteurs et complices de cette violation environnementale caract\u00e9ris\u00e9e.<\/p>\n\n\n\n<p>Cette transgression du site du Jardin citadin m\u00e9diterran\u00e9en par le b\u00e9ton arm\u00e9 semble constituer un test pour \u00e9valuer les r\u00e9actions de la direction de l&rsquo;environnement et du premier responsable de la wilaya face \u00e0 une tentative de privatisation de ce bien public. Comment expliquer autrement la construction d&rsquo;un pr\u00e9tendu projet de parc aquatique, incluant une b\u00e2tisse en dur de deux \u00e9tages au sein d&rsquo;un domaine forestier o\u00f9 toute construction permanente est strictement prohib\u00e9e ? Cette b\u00e2tisse, par son architecture, s&rsquo;\u00e9loigne d&rsquo;ailleurs consid\u00e9rablement des standards d&rsquo;un \u00e9quipement aquatique.<\/p>\n\n\n\n<p>La convoitise suscit\u00e9e par ce terrain exceptionnel n&rsquo;a pas laiss\u00e9 indiff\u00e9rents les notables d&rsquo;Annaba et les \u00e9lus de la wilaya, qui ont d\u00e9cid\u00e9 de rompre le silence en d\u00e9non\u00e7ant les atteintes au domaine forestier, la dilapidation et la destruction des biens publics auxquelles est confront\u00e9 le jardin m\u00e9diterran\u00e9en implant\u00e9 au site baln\u00e9aire de Ras El Hamra. S&rsquo;\u00e9tendant sur 65 hectares, ce jardin est cens\u00e9 servir de poumon vert \u00e0 la ville d&rsquo;Annaba, particuli\u00e8rement apr\u00e8s la destruction de centaines d&rsquo;hectares de couvert forestier dans les monts de S\u00e9raidi, destruction massive qui a fortement impact\u00e9 la faune, la flore et l&rsquo;ensemble de l&rsquo;\u00e9cosyst\u00e8me r\u00e9gional.<\/p>\n\n\n\n<p>En souffrance depuis des ann\u00e9es, ce jardin citadin qui domine un versant plongeant dans la M\u00e9diterran\u00e9e peine \u00e0 trouver la bonne volont\u00e9 n\u00e9cessaire pour valoriser les atouts paradisiaques dont il dispose. Aucun projet n&rsquo;est parvenu \u00e0 concr\u00e9tiser les esp\u00e9rances plac\u00e9es dans cet espace naturel exceptionnel. Tous les projets situ\u00e9s \u00e0 l&rsquo;int\u00e9rieur de ce parc avaient d&rsquo;ailleurs \u00e9t\u00e9 gel\u00e9s par d\u00e9cision de l&rsquo;ex-wali Djamel-Eddine Berrimi, suite \u00e0 un rapport accablant de la direction de l&rsquo;environnement d\u00e9non\u00e7ant les violations commises par certains op\u00e9rateurs. Cette d\u00e9cision \u00e9tait motiv\u00e9e par une gestion chaotique ayant men\u00e9 \u00e0 la d\u00e9gradation d&rsquo;un site exceptionnel.<\/p>\n\n\n\n<p>Des concessions irr\u00e9guli\u00e8res avaient \u00e9t\u00e9 attribu\u00e9es \u00e0 des projets comprenant des constructions en dur et des installations pr\u00e9caires, sans aucun respect pour l&rsquo;environnement. La direction de l&rsquo;environnement avait alors gel\u00e9 toutes les concessions irr\u00e9guli\u00e8res et saisi la tutelle, ce domaine relevant exclusivement des pr\u00e9rogatives de l&rsquo;Agence alg\u00e9rienne de promotion de l&rsquo;investissement selon la loi en vigueur. Selon des sources de la direction environnementale, des correspondances adress\u00e9es au wali d&rsquo;Annaba et aux plus hautes instances du pays r\u00e9v\u00e8lent que la direction r\u00e9gionale de l&rsquo;Agence nationale de d\u00e9veloppement du tourisme aurait octroy\u00e9 de gr\u00e9 \u00e0 gr\u00e9 des parcelles \u00e0 l&rsquo;int\u00e9rieur du jardin citadin \u00e0 une dizaine d&rsquo;investisseurs, malgr\u00e9 le gel officiel de toute nouvelle attribution fonci\u00e8re. Baptis\u00e9 en 2020 au nom du martyr Aziz Da\u00e2mach, cet espace c\u00f4tier de d\u00e9tente qui a n\u00e9cessit\u00e9 un investissement de plus de 56 milliards de centimes n&rsquo;a malheureusement pas pu g\u00e9n\u00e9rer la valeur ajout\u00e9e escompt\u00e9e pour l&rsquo;industrie et l&rsquo;\u00e9conomie touristique locale et nationale.<\/p>\n\n\n\n<p>Sofia Chahine<\/p>\n","protected":false},"excerpt":{"rendered":"<p>Une construction en b\u00e9ton arm\u00e9 \u00e9rig\u00e9e ill\u00e9galement au c\u0153ur du jardin citadin m\u00e9diterran\u00e9en d&rsquo;Annaba a provoqu\u00e9 un toll\u00e9 d&rsquo;indignations chez<\/p>\n","protected":false},"author":6,"featured_media":44912,"comment_status":"open","ping_status":"closed","sticky":false,"template":"","format":"standard","meta":{"colormag_page_container_layout":"default_layout","colormag_page_sidebar_layout":"default_layout","om_disable_all_campaigns":false,"_monsterinsights_skip_tracking":false,"_monsterinsights_sitenote_active":false,"_monsterinsights_sitenote_note":"","_monsterinsights_sitenote_category":0,"footnotes":"","_wpscppro_dont_share_socialmedia":false,"_wpscppro_custom_social_share_image":0,"_facebook_share_type":"default","_twitter_share_type":"default","_linkedin_share_type":"default","_pinterest_share_type":"default","_linkedin_share_type_page":"","_instagram_share_type":"default","_medium_share_type":"default","_threads_share_type":"","_google_business_share_type":"","_selected_social_profile":[],"_wpsp_enable_custom_social_template":false,"_wpsp_social_scheduling":{"enabled":false,"datetime":null,"platforms":[],"status":"template_only","dateOption":"today","timeOption":"now","customDays":"","customHours":"","customDate":"","customTime":"","schedulingType":"absolute"},"_wpsp_active_default_template":true},"categories":[31],"tags":[],"class_list":["post-70585","post","type-post","status-publish","format-standard","has-post-thumbnail","hentry","category-regions"],"aioseo_notices":[],"yoast_head":"<!-- This site is optimized with the Yoast SEO plugin v27.5 - https:\/\/yoast.com\/product\/yoast-seo-wordpress\/ -->\n<title>Annaba : D\u00e9molition d&rsquo;une construction ill\u00e9gale dans le Jardin m\u00e9diterran\u00e9en - La Sentinelle<\/title>\n<meta name=\"robots\" content=\"index, follow, max-snippet:-1, max-image-preview:large, max-video-preview:-1\" \/>\n<link rel=\"canonical\" href=\"https:\/\/lasentinelle.dz\/index.php\/2025\/07\/20\/annaba-demolition-dune-construction-illegale-dans-le-jardin-mediterraneen\/\" \/>\n<meta property=\"og:locale\" content=\"fr_FR\" \/>\n<meta property=\"og:type\" content=\"article\" \/>\n<meta property=\"og:title\" content=\"Annaba : D\u00e9molition d&rsquo;une construction ill\u00e9gale dans le Jardin m\u00e9diterran\u00e9en - La Sentinelle\" \/>\n<meta property=\"og:description\" content=\"Une construction en b\u00e9ton arm\u00e9 \u00e9rig\u00e9e ill\u00e9galement au c\u0153ur du jardin citadin m\u00e9diterran\u00e9en d&rsquo;Annaba a provoqu\u00e9 un toll\u00e9 d&rsquo;indignations chez\" \/>\n<meta property=\"og:url\" content=\"https:\/\/lasentinelle.dz\/index.php\/2025\/07\/20\/annaba-demolition-dune-construction-illegale-dans-le-jardin-mediterraneen\/\" \/>\n<meta property=\"og:site_name\" content=\"La Sentinelle\" \/>\n<meta property=\"article:publisher\" content=\"https:\/\/www.facebook.com\/La-Sentinelle-104059864394773\" \/>\n<meta property=\"article:published_time\" content=\"2025-07-20T11:15:31+00:00\" \/>\n<meta property=\"article:modified_time\" content=\"2025-07-20T11:15:32+00:00\" \/>\n<meta property=\"og:image\" content=\"https:\/\/lasentinelle.dz\/wp-content\/uploads\/2023\/08\/demolition-.jpeg\" \/>\n\t<meta property=\"og:image:width\" content=\"850\" \/>\n\t<meta property=\"og:image:height\" content=\"480\" \/>\n\t<meta property=\"og:image:type\" content=\"image\/jpeg\" \/>\n<meta name=\"author\" content=\"admin\" \/>\n<meta name=\"twitter:card\" content=\"summary_large_image\" \/>\n<meta name=\"twitter:label1\" content=\"\u00c9crit par\" \/>\n\t<meta name=\"twitter:data1\" content=\"admin\" \/>\n\t<meta name=\"twitter:label2\" content=\"Dur\u00e9e de lecture estim\u00e9e\" \/>\n\t<meta name=\"twitter:data2\" content=\"4 minutes\" \/>\n<script type=\"application\/ld+json\" class=\"yoast-schema-graph\">{\"@context\":\"https:\\\/\\\/schema.org\",\"@graph\":[{\"@type\":\"Article\",\"@id\":\"https:\\\/\\\/lasentinelle.dz\\\/index.php\\\/2025\\\/07\\\/20\\\/annaba-demolition-dune-construction-illegale-dans-le-jardin-mediterraneen\\\/#article\",\"isPartOf\":{\"@id\":\"https:\\\/\\\/lasentinelle.dz\\\/index.php\\\/2025\\\/07\\\/20\\\/annaba-demolition-dune-construction-illegale-dans-le-jardin-mediterraneen\\\/\"},\"author\":{\"name\":\"admin\",\"@id\":\"https:\\\/\\\/lasentinelle.dz\\\/#\\\/schema\\\/person\\\/729ee0024f24e0b8c5ec17232f8e8b41\"},\"headline\":\"Annaba : D\u00e9molition d&rsquo;une construction ill\u00e9gale dans le Jardin m\u00e9diterran\u00e9en\",\"datePublished\":\"2025-07-20T11:15:31+00:00\",\"dateModified\":\"2025-07-20T11:15:32+00:00\",\"mainEntityOfPage\":{\"@id\":\"https:\\\/\\\/lasentinelle.dz\\\/index.php\\\/2025\\\/07\\\/20\\\/annaba-demolition-dune-construction-illegale-dans-le-jardin-mediterraneen\\\/\"},\"wordCount\":749,\"commentCount\":0,\"publisher\":{\"@id\":\"https:\\\/\\\/lasentinelle.dz\\\/#organization\"},\"image\":{\"@id\":\"https:\\\/\\\/lasentinelle.dz\\\/index.php\\\/2025\\\/07\\\/20\\\/annaba-demolition-dune-construction-illegale-dans-le-jardin-mediterraneen\\\/#primaryimage\"},\"thumbnailUrl\":\"https:\\\/\\\/lasentinelle.dz\\\/wp-content\\\/uploads\\\/2023\\\/08\\\/demolition-.jpeg\",\"articleSection\":[\"R\u00e9gions\"],\"inLanguage\":\"fr-FR\",\"potentialAction\":[{\"@type\":\"CommentAction\",\"name\":\"Comment\",\"target\":[\"https:\\\/\\\/lasentinelle.dz\\\/index.php\\\/2025\\\/07\\\/20\\\/annaba-demolition-dune-construction-illegale-dans-le-jardin-mediterraneen\\\/#respond\"]}]},{\"@type\":\"WebPage\",\"@id\":\"https:\\\/\\\/lasentinelle.dz\\\/index.php\\\/2025\\\/07\\\/20\\\/annaba-demolition-dune-construction-illegale-dans-le-jardin-mediterraneen\\\/\",\"url\":\"https:\\\/\\\/lasentinelle.dz\\\/index.php\\\/2025\\\/07\\\/20\\\/annaba-demolition-dune-construction-illegale-dans-le-jardin-mediterraneen\\\/\",\"name\":\"Annaba : D\u00e9molition d&rsquo;une construction ill\u00e9gale dans le Jardin m\u00e9diterran\u00e9en - La Sentinelle\",\"isPartOf\":{\"@id\":\"https:\\\/\\\/lasentinelle.dz\\\/#website\"},\"primaryImageOfPage\":{\"@id\":\"https:\\\/\\\/lasentinelle.dz\\\/index.php\\\/2025\\\/07\\\/20\\\/annaba-demolition-dune-construction-illegale-dans-le-jardin-mediterraneen\\\/#primaryimage\"},\"image\":{\"@id\":\"https:\\\/\\\/lasentinelle.dz\\\/index.php\\\/2025\\\/07\\\/20\\\/annaba-demolition-dune-construction-illegale-dans-le-jardin-mediterraneen\\\/#primaryimage\"},\"thumbnailUrl\":\"https:\\\/\\\/lasentinelle.dz\\\/wp-content\\\/uploads\\\/2023\\\/08\\\/demolition-.jpeg\",\"datePublished\":\"2025-07-20T11:15:31+00:00\",\"dateModified\":\"2025-07-20T11:15:32+00:00\",\"breadcrumb\":{\"@id\":\"https:\\\/\\\/lasentinelle.dz\\\/index.php\\\/2025\\\/07\\\/20\\\/annaba-demolition-dune-construction-illegale-dans-le-jardin-mediterraneen\\\/#breadcrumb\"},\"inLanguage\":\"fr-FR\",\"potentialAction\":[{\"@type\":\"ReadAction\",\"target\":[\"https:\\\/\\\/lasentinelle.dz\\\/index.php\\\/2025\\\/07\\\/20\\\/annaba-demolition-dune-construction-illegale-dans-le-jardin-mediterraneen\\\/\"]}]},{\"@type\":\"ImageObject\",\"inLanguage\":\"fr-FR\",\"@id\":\"https:\\\/\\\/lasentinelle.dz\\\/index.php\\\/2025\\\/07\\\/20\\\/annaba-demolition-dune-construction-illegale-dans-le-jardin-mediterraneen\\\/#primaryimage\",\"url\":\"https:\\\/\\\/lasentinelle.dz\\\/wp-content\\\/uploads\\\/2023\\\/08\\\/demolition-.jpeg\",\"contentUrl\":\"https:\\\/\\\/lasentinelle.dz\\\/wp-content\\\/uploads\\\/2023\\\/08\\\/demolition-.jpeg\",\"width\":850,\"height\":480},{\"@type\":\"BreadcrumbList\",\"@id\":\"https:\\\/\\\/lasentinelle.dz\\\/index.php\\\/2025\\\/07\\\/20\\\/annaba-demolition-dune-construction-illegale-dans-le-jardin-mediterraneen\\\/#breadcrumb\",\"itemListElement\":[{\"@type\":\"ListItem\",\"position\":1,\"name\":\"Accueil\",\"item\":\"https:\\\/\\\/lasentinelle.dz\\\/\"},{\"@type\":\"ListItem\",\"position\":2,\"name\":\"Annaba : D\u00e9molition d&rsquo;une construction ill\u00e9gale dans le Jardin m\u00e9diterran\u00e9en\"}]},{\"@type\":\"WebSite\",\"@id\":\"https:\\\/\\\/lasentinelle.dz\\\/#website\",\"url\":\"https:\\\/\\\/lasentinelle.dz\\\/\",\"name\":\"La Sentinelle\",\"description\":\"Quotidien national d&#039;information\",\"publisher\":{\"@id\":\"https:\\\/\\\/lasentinelle.dz\\\/#organization\"},\"potentialAction\":[{\"@type\":\"SearchAction\",\"target\":{\"@type\":\"EntryPoint\",\"urlTemplate\":\"https:\\\/\\\/lasentinelle.dz\\\/?s={search_term_string}\"},\"query-input\":{\"@type\":\"PropertyValueSpecification\",\"valueRequired\":true,\"valueName\":\"search_term_string\"}}],\"inLanguage\":\"fr-FR\"},{\"@type\":\"Organization\",\"@id\":\"https:\\\/\\\/lasentinelle.dz\\\/#organization\",\"name\":\"Quotidien La Sentinelle\",\"url\":\"https:\\\/\\\/lasentinelle.dz\\\/\",\"logo\":{\"@type\":\"ImageObject\",\"inLanguage\":\"fr-FR\",\"@id\":\"https:\\\/\\\/lasentinelle.dz\\\/#\\\/schema\\\/logo\\\/image\\\/\",\"url\":\"https:\\\/\\\/lasentinelle.dz\\\/wp-content\\\/uploads\\\/2021\\\/09\\\/logo-sentinelleSLOGAN-1.png\",\"contentUrl\":\"https:\\\/\\\/lasentinelle.dz\\\/wp-content\\\/uploads\\\/2021\\\/09\\\/logo-sentinelleSLOGAN-1.png\",\"width\":615,\"height\":142,\"caption\":\"Quotidien La Sentinelle\"},\"image\":{\"@id\":\"https:\\\/\\\/lasentinelle.dz\\\/#\\\/schema\\\/logo\\\/image\\\/\"},\"sameAs\":[\"https:\\\/\\\/www.facebook.com\\\/La-Sentinelle-104059864394773\"]},{\"@type\":\"Person\",\"@id\":\"https:\\\/\\\/lasentinelle.dz\\\/#\\\/schema\\\/person\\\/729ee0024f24e0b8c5ec17232f8e8b41\",\"name\":\"admin\",\"image\":{\"@type\":\"ImageObject\",\"inLanguage\":\"fr-FR\",\"@id\":\"https:\\\/\\\/secure.gravatar.com\\\/avatar\\\/4c81fed838786e9b53f540bf46533e750f5d292099ae3b66cfc6fb1982e29df7?s=96&d=mm&r=g\",\"url\":\"https:\\\/\\\/secure.gravatar.com\\\/avatar\\\/4c81fed838786e9b53f540bf46533e750f5d292099ae3b66cfc6fb1982e29df7?s=96&d=mm&r=g\",\"contentUrl\":\"https:\\\/\\\/secure.gravatar.com\\\/avatar\\\/4c81fed838786e9b53f540bf46533e750f5d292099ae3b66cfc6fb1982e29df7?s=96&d=mm&r=g\",\"caption\":\"admin\"},\"description\":\"admin\",\"url\":\"https:\\\/\\\/lasentinelle.dz\\\/author\\\/admin\\\/\"}]}<\/script>\n<!-- \/ Yoast SEO plugin. -->","yoast_head_json":{"title":"Annaba : D\u00e9molition d&rsquo;une construction ill\u00e9gale dans le Jardin m\u00e9diterran\u00e9en - La Sentinelle","robots":{"index":"index","follow":"follow","max-snippet":"max-snippet:-1","max-image-preview":"max-image-preview:large","max-video-preview":"max-video-preview:-1"},"canonical":"https:\/\/lasentinelle.dz\/index.php\/2025\/07\/20\/annaba-demolition-dune-construction-illegale-dans-le-jardin-mediterraneen\/","og_locale":"fr_FR","og_type":"article","og_title":"Annaba : D\u00e9molition d&rsquo;une construction ill\u00e9gale dans le Jardin m\u00e9diterran\u00e9en - La Sentinelle","og_description":"Une construction en b\u00e9ton arm\u00e9 \u00e9rig\u00e9e ill\u00e9galement au c\u0153ur du jardin citadin m\u00e9diterran\u00e9en d&rsquo;Annaba a provoqu\u00e9 un toll\u00e9 d&rsquo;indignations chez","og_url":"https:\/\/lasentinelle.dz\/index.php\/2025\/07\/20\/annaba-demolition-dune-construction-illegale-dans-le-jardin-mediterraneen\/","og_site_name":"La Sentinelle","article_publisher":"https:\/\/www.facebook.com\/La-Sentinelle-104059864394773","article_published_time":"2025-07-20T11:15:31+00:00","article_modified_time":"2025-07-20T11:15:32+00:00","og_image":[{"width":850,"height":480,"url":"https:\/\/lasentinelle.dz\/wp-content\/uploads\/2023\/08\/demolition-.jpeg","type":"image\/jpeg"}],"author":"admin","twitter_card":"summary_large_image","twitter_misc":{"\u00c9crit par":"admin","Dur\u00e9e de lecture estim\u00e9e":"4 minutes"},"schema":{"@context":"https:\/\/schema.org","@graph":[{"@type":"Article","@id":"https:\/\/lasentinelle.dz\/index.php\/2025\/07\/20\/annaba-demolition-dune-construction-illegale-dans-le-jardin-mediterraneen\/#article","isPartOf":{"@id":"https:\/\/lasentinelle.dz\/index.php\/2025\/07\/20\/annaba-demolition-dune-construction-illegale-dans-le-jardin-mediterraneen\/"},"author":{"name":"admin","@id":"https:\/\/lasentinelle.dz\/#\/schema\/person\/729ee0024f24e0b8c5ec17232f8e8b41"},"headline":"Annaba : D\u00e9molition d&rsquo;une construction ill\u00e9gale dans le Jardin m\u00e9diterran\u00e9en","datePublished":"2025-07-20T11:15:31+00:00","dateModified":"2025-07-20T11:15:32+00:00","mainEntityOfPage":{"@id":"https:\/\/lasentinelle.dz\/index.php\/2025\/07\/20\/annaba-demolition-dune-construction-illegale-dans-le-jardin-mediterraneen\/"},"wordCount":749,"commentCount":0,"publisher":{"@id":"https:\/\/lasentinelle.dz\/#organization"},"image":{"@id":"https:\/\/lasentinelle.dz\/index.php\/2025\/07\/20\/annaba-demolition-dune-construction-illegale-dans-le-jardin-mediterraneen\/#primaryimage"},"thumbnailUrl":"https:\/\/lasentinelle.dz\/wp-content\/uploads\/2023\/08\/demolition-.jpeg","articleSection":["R\u00e9gions"],"inLanguage":"fr-FR","potentialAction":[{"@type":"CommentAction","name":"Comment","target":["https:\/\/lasentinelle.dz\/index.php\/2025\/07\/20\/annaba-demolition-dune-construction-illegale-dans-le-jardin-mediterraneen\/#respond"]}]},{"@type":"WebPage","@id":"https:\/\/lasentinelle.dz\/index.php\/2025\/07\/20\/annaba-demolition-dune-construction-illegale-dans-le-jardin-mediterraneen\/","url":"https:\/\/lasentinelle.dz\/index.php\/2025\/07\/20\/annaba-demolition-dune-construction-illegale-dans-le-jardin-mediterraneen\/","name":"Annaba : D\u00e9molition d&rsquo;une construction ill\u00e9gale dans le Jardin m\u00e9diterran\u00e9en - La Sentinelle","isPartOf":{"@id":"https:\/\/lasentinelle.dz\/#website"},"primaryImageOfPage":{"@id":"https:\/\/lasentinelle.dz\/index.php\/2025\/07\/20\/annaba-demolition-dune-construction-illegale-dans-le-jardin-mediterraneen\/#primaryimage"},"image":{"@id":"https:\/\/lasentinelle.dz\/index.php\/2025\/07\/20\/annaba-demolition-dune-construction-illegale-dans-le-jardin-mediterraneen\/#primaryimage"},"thumbnailUrl":"https:\/\/lasentinelle.dz\/wp-content\/uploads\/2023\/08\/demolition-.jpeg","datePublished":"2025-07-20T11:15:31+00:00","dateModified":"2025-07-20T11:15:32+00:00","breadcrumb":{"@id":"https:\/\/lasentinelle.dz\/index.php\/2025\/07\/20\/annaba-demolition-dune-construction-illegale-dans-le-jardin-mediterraneen\/#breadcrumb"},"inLanguage":"fr-FR","potentialAction":[{"@type":"ReadAction","target":["https:\/\/lasentinelle.dz\/index.php\/2025\/07\/20\/annaba-demolition-dune-construction-illegale-dans-le-jardin-mediterraneen\/"]}]},{"@type":"ImageObject","inLanguage":"fr-FR","@id":"https:\/\/lasentinelle.dz\/index.php\/2025\/07\/20\/annaba-demolition-dune-construction-illegale-dans-le-jardin-mediterraneen\/#primaryimage","url":"https:\/\/lasentinelle.dz\/wp-content\/uploads\/2023\/08\/demolition-.jpeg","contentUrl":"https:\/\/lasentinelle.dz\/wp-content\/uploads\/2023\/08\/demolition-.jpeg","width":850,"height":480},{"@type":"BreadcrumbList","@id":"https:\/\/lasentinelle.dz\/index.php\/2025\/07\/20\/annaba-demolition-dune-construction-illegale-dans-le-jardin-mediterraneen\/#breadcrumb","itemListElement":[{"@type":"ListItem","position":1,"name":"Accueil","item":"https:\/\/lasentinelle.dz\/"},{"@type":"ListItem","position":2,"name":"Annaba : D\u00e9molition d&rsquo;une construction ill\u00e9gale dans le Jardin m\u00e9diterran\u00e9en"}]},{"@type":"WebSite","@id":"https:\/\/lasentinelle.dz\/#website","url":"https:\/\/lasentinelle.dz\/","name":"La Sentinelle","description":"Quotidien national d&#039;information","publisher":{"@id":"https:\/\/lasentinelle.dz\/#organization"},"potentialAction":[{"@type":"SearchAction","target":{"@type":"EntryPoint","urlTemplate":"https:\/\/lasentinelle.dz\/?s={search_term_string}"},"query-input":{"@type":"PropertyValueSpecification","valueRequired":true,"valueName":"search_term_string"}}],"inLanguage":"fr-FR"},{"@type":"Organization","@id":"https:\/\/lasentinelle.dz\/#organization","name":"Quotidien La Sentinelle","url":"https:\/\/lasentinelle.dz\/","logo":{"@type":"ImageObject","inLanguage":"fr-FR","@id":"https:\/\/lasentinelle.dz\/#\/schema\/logo\/image\/","url":"https:\/\/lasentinelle.dz\/wp-content\/uploads\/2021\/09\/logo-sentinelleSLOGAN-1.png","contentUrl":"https:\/\/lasentinelle.dz\/wp-content\/uploads\/2021\/09\/logo-sentinelleSLOGAN-1.png","width":615,"height":142,"caption":"Quotidien La Sentinelle"},"image":{"@id":"https:\/\/lasentinelle.dz\/#\/schema\/logo\/image\/"},"sameAs":["https:\/\/www.facebook.com\/La-Sentinelle-104059864394773"]},{"@type":"Person","@id":"https:\/\/lasentinelle.dz\/#\/schema\/person\/729ee0024f24e0b8c5ec17232f8e8b41","name":"admin","image":{"@type":"ImageObject","inLanguage":"fr-FR","@id":"https:\/\/secure.gravatar.com\/avatar\/4c81fed838786e9b53f540bf46533e750f5d292099ae3b66cfc6fb1982e29df7?s=96&d=mm&r=g","url":"https:\/\/secure.gravatar.com\/avatar\/4c81fed838786e9b53f540bf46533e750f5d292099ae3b66cfc6fb1982e29df7?s=96&d=mm&r=g","contentUrl":"https:\/\/secure.gravatar.com\/avatar\/4c81fed838786e9b53f540bf46533e750f5d292099ae3b66cfc6fb1982e29df7?s=96&d=mm&r=g","caption":"admin"},"description":"admin","url":"https:\/\/lasentinelle.dz\/author\/admin\/"}]}},"_links":{"self":[{"href":"https:\/\/lasentinelle.dz\/index.php\/wp-json\/wp\/v2\/posts\/70585","targetHints":{"allow":["GET"]}}],"collection":[{"href":"https:\/\/lasentinelle.dz\/index.php\/wp-json\/wp\/v2\/posts"}],"about":[{"href":"https:\/\/lasentinelle.dz\/index.php\/wp-json\/wp\/v2\/types\/post"}],"author":[{"embeddable":true,"href":"https:\/\/lasentinelle.dz\/index.php\/wp-json\/wp\/v2\/users\/6"}],"replies":[{"embeddable":true,"href":"https:\/\/lasentinelle.dz\/index.php\/wp-json\/wp\/v2\/comments?post=70585"}],"version-history":[{"count":2,"href":"https:\/\/lasentinelle.dz\/index.php\/wp-json\/wp\/v2\/posts\/70585\/revisions"}],"predecessor-version":[{"id":70587,"href":"https:\/\/lasentinelle.dz\/index.php\/wp-json\/wp\/v2\/posts\/70585\/revisions\/70587"}],"wp:featuredmedia":[{"embeddable":true,"href":"https:\/\/lasentinelle.dz\/index.php\/wp-json\/wp\/v2\/media\/44912"}],"wp:attachment":[{"href":"https:\/\/lasentinelle.dz\/index.php\/wp-json\/wp\/v2\/media?parent=70585"}],"wp:term":[{"taxonomy":"category","embeddable":true,"href":"https:\/\/lasentinelle.dz\/index.php\/wp-json\/wp\/v2\/categories?post=70585"},{"taxonomy":"post_tag","embeddable":true,"href":"https:\/\/lasentinelle.dz\/index.php\/wp-json\/wp\/v2\/tags?post=70585"}],"curies":[{"name":"wp","href":"https:\/\/api.w.org\/{rel}","templated":true}]}}