{"id":70588,"date":"2025-07-20T12:16:10","date_gmt":"2025-07-20T11:16:10","guid":{"rendered":"https:\/\/lasentinelle.dz\/?p=70588"},"modified":"2025-07-20T12:16:12","modified_gmt":"2025-07-20T11:16:12","slug":"tebessa-un-parking-douanier-pour-le-poste-frontalier-de-bouchebka","status":"publish","type":"post","link":"https:\/\/lasentinelle.dz\/index.php\/2025\/07\/20\/tebessa-un-parking-douanier-pour-le-poste-frontalier-de-bouchebka\/","title":{"rendered":"T\u00e9bessa : Un parking douanier pour le poste frontalier de Bouchebka"},"content":{"rendered":"\n<p>L&rsquo;objectif consiste \u00e0 am\u00e9liorer les conditions d&rsquo;attente des transporteurs tout en facilitant le traitement logistique des flux commerciaux, optimisant par cons\u00e9quent les conditions de travail de l&rsquo;effectif douanier.<\/p>\n\n\n\n<p>Le d\u00e9veloppement des zones frontali\u00e8res est au c\u0153ur des priorit\u00e9s. C&rsquo;est dans ce contexte que s&rsquo;inscrit le lancement, d\u00e9but juillet, des travaux de r\u00e9alisation d&rsquo;un parking douanier destin\u00e9 aux camions de transport de marchandises au poste de Bouchebka. Cette infrastructure, situ\u00e9e dans la commune d&rsquo;El Houidjbet \u00e0 l&rsquo;extr\u00eame Est du pays, constitue un maillon essentiel dans la modernisation des \u00e9quipements frontaliers entre l&rsquo;Alg\u00e9rie et la Tunisie. Le projet r\u00e9pond \u00e0 un imp\u00e9ratif op\u00e9rationnel identifi\u00e9 lors d&rsquo;une visite d&rsquo;inspection du wali de T\u00e9bessa, qui a permis d&rsquo;\u00e9valuer les besoins et les perspectives de d\u00e9veloppement de ce poste strat\u00e9gique. La n\u00e9cessit\u00e9 de d\u00e9sengorger les abords de ce point de passage hautement strat\u00e9gique s&rsquo;est impos\u00e9e comme une priorit\u00e9 absolue. L&rsquo;objectif consiste \u00e0 am\u00e9liorer les conditions d&rsquo;attente des transporteurs tout en facilitant le traitement logistique des flux commerciaux, optimisant par cons\u00e9quent les conditions de travail de l&rsquo;effectif douanier. Une s\u00e9ance de travail pr\u00e9sid\u00e9e par le wali a abouti \u00e0 la d\u00e9cision de doter ce point de contr\u00f4le d&rsquo;un parking douanier sp\u00e9cialement con\u00e7u pour les poids lourds. Le futur \u00e9quipement sera am\u00e9nag\u00e9 selon des standards modernes, int\u00e9grant des dispositifs de s\u00e9curit\u00e9 renforc\u00e9s, des \u00e9quipements de base et des services d\u00e9di\u00e9s aux chauffeurs et aux usagers du poste. Le premier responsable de la wilaya supervise personnellement le respect du cahier des charges, tant en mati\u00e8re de qualit\u00e9 de r\u00e9alisation qu&rsquo;en mati\u00e8re de respect des d\u00e9lais contractuels. Il a exig\u00e9 la remise de rapports p\u00e9riodiques sur l&rsquo;avancement des travaux, d\u00e9montrant l&rsquo;importance accord\u00e9e \u00e0 ce projet structurant. L&rsquo;am\u00e9nagement comprend \u00e9galement l&rsquo;installation d&rsquo;un r\u00e9seau d&rsquo;\u00e9clairage public indispensable pour assurer la s\u00e9curit\u00e9 et la fluidit\u00e9 du trafic vingt-quatre heures sur vingt-quatre. Parall\u00e8lement, le wali a proc\u00e9d\u00e9 \u00e0 la mise en service du projet d&rsquo;am\u00e9nagement de la route reliant le chemin de wilaya num\u00e9ro 2 \u00e0 la zone du d\u00e9p\u00f4t douanier, compl\u00e9tant ainsi l&rsquo;\u00e9cosyst\u00e8me logistique du site. Cette initiative s&rsquo;inscrit pleinement dans la strat\u00e9gie nationale du pr\u00e9sident de la R\u00e9publique Abdelmadjid Tebboune portant sur le d\u00e9veloppement \u00e9conomique des zones frontali\u00e8res, particuli\u00e8rement celles pr\u00e9sentant un fort potentiel de transit commercial. Les autorit\u00e9s locales entendent transformer le poste de Bouchebka en plateforme logistique performante au service du commerce ext\u00e9rieur et du rapprochement entre les deux pays voisins. Cette d\u00e9marche rel\u00e8ve d&rsquo;un plan d&rsquo;action global pour le d\u00e9veloppement des r\u00e9gions frontali\u00e8res nationales dans tous les domaines, structur\u00e9 en trois \u00e9tapes : l&rsquo;\u00e9laboration d&rsquo;un bilan diagnostic de toutes les r\u00e9gions frontali\u00e8res et de leurs probl\u00e9matiques, l&rsquo;\u00e9laboration d&rsquo;un programme d&rsquo;am\u00e9nagement et de d\u00e9veloppement, et enfin sa mise en \u0153uvre et son suivi.<\/p>\n\n\n\n<p>Les r\u00e9gions frontali\u00e8res b\u00e9n\u00e9ficient d&rsquo;un int\u00e9r\u00eat particulier dans le plan d&rsquo;action gouvernemental visant \u00e0 \u00e9liminer les d\u00e9s\u00e9quilibres territoriaux. Ces espaces strat\u00e9giques n\u00e9cessitent un plan national de promotion pour am\u00e9liorer les conditions de vie des populations, r\u00e9pondre \u00e0 leurs pr\u00e9occupations et les fixer dans leurs territoires, garantissant ainsi l&rsquo;\u00e9quilibre, l&rsquo;\u00e9quit\u00e9 et l&rsquo;attractivit\u00e9 sur l&rsquo;ensemble du territoire national dans le cadre d&rsquo;un d\u00e9veloppement durable respectueux des sp\u00e9cificit\u00e9s r\u00e9gionales. Le d\u00e9fi actuel consiste \u00e0 impulser une dynamique de d\u00e9veloppement renfor\u00e7ant l&rsquo;attractivit\u00e9 des r\u00e9gions frontali\u00e8res, cr\u00e9er des initiatives \u00e9conomiques transfrontali\u00e8res, d\u00e9senclaver ces zones, faciliter les mouvements et renforcer les \u00e9quipements. Le parking douanier de Bouchebka illustre parfaitement cette ambition pour la wilaya de T\u00e9bessa, qui dispose d&rsquo;une bande frontali\u00e8re de 297 kilom\u00e8tres.<\/p>\n\n\n\n<p>Sofia Chahine<\/p>\n","protected":false},"excerpt":{"rendered":"<p>L&rsquo;objectif consiste \u00e0 am\u00e9liorer les conditions d&rsquo;attente des transporteurs tout en facilitant le traitement logistique des flux commerciaux, optimisant par<\/p>\n","protected":false},"author":6,"featured_media":46103,"comment_status":"open","ping_status":"closed","sticky":false,"template":"","format":"standard","meta":{"colormag_page_container_layout":"default_layout","colormag_page_sidebar_layout":"default_layout","om_disable_all_campaigns":false,"_monsterinsights_skip_tracking":false,"_monsterinsights_sitenote_active":false,"_monsterinsights_sitenote_note":"","_monsterinsights_sitenote_category":0,"footnotes":"","_wpscppro_dont_share_socialmedia":false,"_wpscppro_custom_social_share_image":0,"_facebook_share_type":"default","_twitter_share_type":"default","_linkedin_share_type":"default","_pinterest_share_type":"default","_linkedin_share_type_page":"","_instagram_share_type":"default","_medium_share_type":"default","_threads_share_type":"","_google_business_share_type":"","_selected_social_profile":[],"_wpsp_enable_custom_social_template":false,"_wpsp_social_scheduling":{"enabled":false,"datetime":null,"platforms":[],"status":"template_only","dateOption":"today","timeOption":"now","customDays":"","customHours":"","customDate":"","customTime":"","schedulingType":"absolute"},"_wpsp_active_default_template":true},"categories":[31],"tags":[],"class_list":["post-70588","post","type-post","status-publish","format-standard","has-post-thumbnail","hentry","category-regions"],"aioseo_notices":[],"yoast_head":"<!-- This site is optimized with the Yoast SEO plugin v27.5 - https:\/\/yoast.com\/product\/yoast-seo-wordpress\/ -->\n<title>T\u00e9bessa : Un parking douanier pour le poste frontalier de Bouchebka - La Sentinelle<\/title>\n<meta name=\"robots\" content=\"index, follow, max-snippet:-1, max-image-preview:large, max-video-preview:-1\" \/>\n<link rel=\"canonical\" href=\"https:\/\/lasentinelle.dz\/index.php\/2025\/07\/20\/tebessa-un-parking-douanier-pour-le-poste-frontalier-de-bouchebka\/\" \/>\n<meta property=\"og:locale\" content=\"fr_FR\" \/>\n<meta property=\"og:type\" content=\"article\" \/>\n<meta property=\"og:title\" content=\"T\u00e9bessa : Un parking douanier pour le poste frontalier de Bouchebka - La Sentinelle\" \/>\n<meta property=\"og:description\" content=\"L&rsquo;objectif consiste \u00e0 am\u00e9liorer les conditions d&rsquo;attente des transporteurs tout en facilitant le traitement logistique des flux commerciaux, optimisant par\" \/>\n<meta property=\"og:url\" content=\"https:\/\/lasentinelle.dz\/index.php\/2025\/07\/20\/tebessa-un-parking-douanier-pour-le-poste-frontalier-de-bouchebka\/\" \/>\n<meta property=\"og:site_name\" content=\"La Sentinelle\" \/>\n<meta property=\"article:publisher\" content=\"https:\/\/www.facebook.com\/La-Sentinelle-104059864394773\" \/>\n<meta property=\"article:published_time\" content=\"2025-07-20T11:16:10+00:00\" \/>\n<meta property=\"article:modified_time\" content=\"2025-07-20T11:16:12+00:00\" \/>\n<meta property=\"og:image\" content=\"https:\/\/lasentinelle.dz\/wp-content\/uploads\/2023\/10\/bouchebka.jpeg\" \/>\n\t<meta property=\"og:image:width\" content=\"600\" \/>\n\t<meta property=\"og:image:height\" content=\"450\" \/>\n\t<meta property=\"og:image:type\" content=\"image\/jpeg\" \/>\n<meta name=\"author\" content=\"admin\" \/>\n<meta name=\"twitter:card\" content=\"summary_large_image\" \/>\n<meta name=\"twitter:label1\" content=\"\u00c9crit par\" \/>\n\t<meta name=\"twitter:data1\" content=\"admin\" \/>\n\t<meta name=\"twitter:label2\" content=\"Dur\u00e9e de lecture estim\u00e9e\" \/>\n\t<meta name=\"twitter:data2\" content=\"4 minutes\" \/>\n<script type=\"application\/ld+json\" class=\"yoast-schema-graph\">{\"@context\":\"https:\\\/\\\/schema.org\",\"@graph\":[{\"@type\":\"Article\",\"@id\":\"https:\\\/\\\/lasentinelle.dz\\\/index.php\\\/2025\\\/07\\\/20\\\/tebessa-un-parking-douanier-pour-le-poste-frontalier-de-bouchebka\\\/#article\",\"isPartOf\":{\"@id\":\"https:\\\/\\\/lasentinelle.dz\\\/index.php\\\/2025\\\/07\\\/20\\\/tebessa-un-parking-douanier-pour-le-poste-frontalier-de-bouchebka\\\/\"},\"author\":{\"name\":\"admin\",\"@id\":\"https:\\\/\\\/lasentinelle.dz\\\/#\\\/schema\\\/person\\\/729ee0024f24e0b8c5ec17232f8e8b41\"},\"headline\":\"T\u00e9bessa : Un parking douanier pour le poste frontalier de Bouchebka\",\"datePublished\":\"2025-07-20T11:16:10+00:00\",\"dateModified\":\"2025-07-20T11:16:12+00:00\",\"mainEntityOfPage\":{\"@id\":\"https:\\\/\\\/lasentinelle.dz\\\/index.php\\\/2025\\\/07\\\/20\\\/tebessa-un-parking-douanier-pour-le-poste-frontalier-de-bouchebka\\\/\"},\"wordCount\":705,\"commentCount\":0,\"publisher\":{\"@id\":\"https:\\\/\\\/lasentinelle.dz\\\/#organization\"},\"image\":{\"@id\":\"https:\\\/\\\/lasentinelle.dz\\\/index.php\\\/2025\\\/07\\\/20\\\/tebessa-un-parking-douanier-pour-le-poste-frontalier-de-bouchebka\\\/#primaryimage\"},\"thumbnailUrl\":\"https:\\\/\\\/lasentinelle.dz\\\/wp-content\\\/uploads\\\/2023\\\/10\\\/bouchebka.jpeg\",\"articleSection\":[\"R\u00e9gions\"],\"inLanguage\":\"fr-FR\",\"potentialAction\":[{\"@type\":\"CommentAction\",\"name\":\"Comment\",\"target\":[\"https:\\\/\\\/lasentinelle.dz\\\/index.php\\\/2025\\\/07\\\/20\\\/tebessa-un-parking-douanier-pour-le-poste-frontalier-de-bouchebka\\\/#respond\"]}]},{\"@type\":\"WebPage\",\"@id\":\"https:\\\/\\\/lasentinelle.dz\\\/index.php\\\/2025\\\/07\\\/20\\\/tebessa-un-parking-douanier-pour-le-poste-frontalier-de-bouchebka\\\/\",\"url\":\"https:\\\/\\\/lasentinelle.dz\\\/index.php\\\/2025\\\/07\\\/20\\\/tebessa-un-parking-douanier-pour-le-poste-frontalier-de-bouchebka\\\/\",\"name\":\"T\u00e9bessa : Un parking douanier pour le poste frontalier de Bouchebka - La Sentinelle\",\"isPartOf\":{\"@id\":\"https:\\\/\\\/lasentinelle.dz\\\/#website\"},\"primaryImageOfPage\":{\"@id\":\"https:\\\/\\\/lasentinelle.dz\\\/index.php\\\/2025\\\/07\\\/20\\\/tebessa-un-parking-douanier-pour-le-poste-frontalier-de-bouchebka\\\/#primaryimage\"},\"image\":{\"@id\":\"https:\\\/\\\/lasentinelle.dz\\\/index.php\\\/2025\\\/07\\\/20\\\/tebessa-un-parking-douanier-pour-le-poste-frontalier-de-bouchebka\\\/#primaryimage\"},\"thumbnailUrl\":\"https:\\\/\\\/lasentinelle.dz\\\/wp-content\\\/uploads\\\/2023\\\/10\\\/bouchebka.jpeg\",\"datePublished\":\"2025-07-20T11:16:10+00:00\",\"dateModified\":\"2025-07-20T11:16:12+00:00\",\"breadcrumb\":{\"@id\":\"https:\\\/\\\/lasentinelle.dz\\\/index.php\\\/2025\\\/07\\\/20\\\/tebessa-un-parking-douanier-pour-le-poste-frontalier-de-bouchebka\\\/#breadcrumb\"},\"inLanguage\":\"fr-FR\",\"potentialAction\":[{\"@type\":\"ReadAction\",\"target\":[\"https:\\\/\\\/lasentinelle.dz\\\/index.php\\\/2025\\\/07\\\/20\\\/tebessa-un-parking-douanier-pour-le-poste-frontalier-de-bouchebka\\\/\"]}]},{\"@type\":\"ImageObject\",\"inLanguage\":\"fr-FR\",\"@id\":\"https:\\\/\\\/lasentinelle.dz\\\/index.php\\\/2025\\\/07\\\/20\\\/tebessa-un-parking-douanier-pour-le-poste-frontalier-de-bouchebka\\\/#primaryimage\",\"url\":\"https:\\\/\\\/lasentinelle.dz\\\/wp-content\\\/uploads\\\/2023\\\/10\\\/bouchebka.jpeg\",\"contentUrl\":\"https:\\\/\\\/lasentinelle.dz\\\/wp-content\\\/uploads\\\/2023\\\/10\\\/bouchebka.jpeg\",\"width\":600,\"height\":450},{\"@type\":\"BreadcrumbList\",\"@id\":\"https:\\\/\\\/lasentinelle.dz\\\/index.php\\\/2025\\\/07\\\/20\\\/tebessa-un-parking-douanier-pour-le-poste-frontalier-de-bouchebka\\\/#breadcrumb\",\"itemListElement\":[{\"@type\":\"ListItem\",\"position\":1,\"name\":\"Accueil\",\"item\":\"https:\\\/\\\/lasentinelle.dz\\\/\"},{\"@type\":\"ListItem\",\"position\":2,\"name\":\"T\u00e9bessa : Un parking douanier pour le poste frontalier de Bouchebka\"}]},{\"@type\":\"WebSite\",\"@id\":\"https:\\\/\\\/lasentinelle.dz\\\/#website\",\"url\":\"https:\\\/\\\/lasentinelle.dz\\\/\",\"name\":\"La Sentinelle\",\"description\":\"Quotidien national d&#039;information\",\"publisher\":{\"@id\":\"https:\\\/\\\/lasentinelle.dz\\\/#organization\"},\"potentialAction\":[{\"@type\":\"SearchAction\",\"target\":{\"@type\":\"EntryPoint\",\"urlTemplate\":\"https:\\\/\\\/lasentinelle.dz\\\/?s={search_term_string}\"},\"query-input\":{\"@type\":\"PropertyValueSpecification\",\"valueRequired\":true,\"valueName\":\"search_term_string\"}}],\"inLanguage\":\"fr-FR\"},{\"@type\":\"Organization\",\"@id\":\"https:\\\/\\\/lasentinelle.dz\\\/#organization\",\"name\":\"Quotidien La Sentinelle\",\"url\":\"https:\\\/\\\/lasentinelle.dz\\\/\",\"logo\":{\"@type\":\"ImageObject\",\"inLanguage\":\"fr-FR\",\"@id\":\"https:\\\/\\\/lasentinelle.dz\\\/#\\\/schema\\\/logo\\\/image\\\/\",\"url\":\"https:\\\/\\\/lasentinelle.dz\\\/wp-content\\\/uploads\\\/2021\\\/09\\\/logo-sentinelleSLOGAN-1.png\",\"contentUrl\":\"https:\\\/\\\/lasentinelle.dz\\\/wp-content\\\/uploads\\\/2021\\\/09\\\/logo-sentinelleSLOGAN-1.png\",\"width\":615,\"height\":142,\"caption\":\"Quotidien La Sentinelle\"},\"image\":{\"@id\":\"https:\\\/\\\/lasentinelle.dz\\\/#\\\/schema\\\/logo\\\/image\\\/\"},\"sameAs\":[\"https:\\\/\\\/www.facebook.com\\\/La-Sentinelle-104059864394773\"]},{\"@type\":\"Person\",\"@id\":\"https:\\\/\\\/lasentinelle.dz\\\/#\\\/schema\\\/person\\\/729ee0024f24e0b8c5ec17232f8e8b41\",\"name\":\"admin\",\"image\":{\"@type\":\"ImageObject\",\"inLanguage\":\"fr-FR\",\"@id\":\"https:\\\/\\\/secure.gravatar.com\\\/avatar\\\/4c81fed838786e9b53f540bf46533e750f5d292099ae3b66cfc6fb1982e29df7?s=96&d=mm&r=g\",\"url\":\"https:\\\/\\\/secure.gravatar.com\\\/avatar\\\/4c81fed838786e9b53f540bf46533e750f5d292099ae3b66cfc6fb1982e29df7?s=96&d=mm&r=g\",\"contentUrl\":\"https:\\\/\\\/secure.gravatar.com\\\/avatar\\\/4c81fed838786e9b53f540bf46533e750f5d292099ae3b66cfc6fb1982e29df7?s=96&d=mm&r=g\",\"caption\":\"admin\"},\"description\":\"admin\",\"url\":\"https:\\\/\\\/lasentinelle.dz\\\/author\\\/admin\\\/\"}]}<\/script>\n<!-- \/ Yoast SEO plugin. -->","yoast_head_json":{"title":"T\u00e9bessa : Un parking douanier pour le poste frontalier de Bouchebka - La Sentinelle","robots":{"index":"index","follow":"follow","max-snippet":"max-snippet:-1","max-image-preview":"max-image-preview:large","max-video-preview":"max-video-preview:-1"},"canonical":"https:\/\/lasentinelle.dz\/index.php\/2025\/07\/20\/tebessa-un-parking-douanier-pour-le-poste-frontalier-de-bouchebka\/","og_locale":"fr_FR","og_type":"article","og_title":"T\u00e9bessa : Un parking douanier pour le poste frontalier de Bouchebka - La Sentinelle","og_description":"L&rsquo;objectif consiste \u00e0 am\u00e9liorer les conditions d&rsquo;attente des transporteurs tout en facilitant le traitement logistique des flux commerciaux, optimisant par","og_url":"https:\/\/lasentinelle.dz\/index.php\/2025\/07\/20\/tebessa-un-parking-douanier-pour-le-poste-frontalier-de-bouchebka\/","og_site_name":"La Sentinelle","article_publisher":"https:\/\/www.facebook.com\/La-Sentinelle-104059864394773","article_published_time":"2025-07-20T11:16:10+00:00","article_modified_time":"2025-07-20T11:16:12+00:00","og_image":[{"width":600,"height":450,"url":"https:\/\/lasentinelle.dz\/wp-content\/uploads\/2023\/10\/bouchebka.jpeg","type":"image\/jpeg"}],"author":"admin","twitter_card":"summary_large_image","twitter_misc":{"\u00c9crit par":"admin","Dur\u00e9e de lecture estim\u00e9e":"4 minutes"},"schema":{"@context":"https:\/\/schema.org","@graph":[{"@type":"Article","@id":"https:\/\/lasentinelle.dz\/index.php\/2025\/07\/20\/tebessa-un-parking-douanier-pour-le-poste-frontalier-de-bouchebka\/#article","isPartOf":{"@id":"https:\/\/lasentinelle.dz\/index.php\/2025\/07\/20\/tebessa-un-parking-douanier-pour-le-poste-frontalier-de-bouchebka\/"},"author":{"name":"admin","@id":"https:\/\/lasentinelle.dz\/#\/schema\/person\/729ee0024f24e0b8c5ec17232f8e8b41"},"headline":"T\u00e9bessa : Un parking douanier pour le poste frontalier de Bouchebka","datePublished":"2025-07-20T11:16:10+00:00","dateModified":"2025-07-20T11:16:12+00:00","mainEntityOfPage":{"@id":"https:\/\/lasentinelle.dz\/index.php\/2025\/07\/20\/tebessa-un-parking-douanier-pour-le-poste-frontalier-de-bouchebka\/"},"wordCount":705,"commentCount":0,"publisher":{"@id":"https:\/\/lasentinelle.dz\/#organization"},"image":{"@id":"https:\/\/lasentinelle.dz\/index.php\/2025\/07\/20\/tebessa-un-parking-douanier-pour-le-poste-frontalier-de-bouchebka\/#primaryimage"},"thumbnailUrl":"https:\/\/lasentinelle.dz\/wp-content\/uploads\/2023\/10\/bouchebka.jpeg","articleSection":["R\u00e9gions"],"inLanguage":"fr-FR","potentialAction":[{"@type":"CommentAction","name":"Comment","target":["https:\/\/lasentinelle.dz\/index.php\/2025\/07\/20\/tebessa-un-parking-douanier-pour-le-poste-frontalier-de-bouchebka\/#respond"]}]},{"@type":"WebPage","@id":"https:\/\/lasentinelle.dz\/index.php\/2025\/07\/20\/tebessa-un-parking-douanier-pour-le-poste-frontalier-de-bouchebka\/","url":"https:\/\/lasentinelle.dz\/index.php\/2025\/07\/20\/tebessa-un-parking-douanier-pour-le-poste-frontalier-de-bouchebka\/","name":"T\u00e9bessa : Un parking douanier pour le poste frontalier de Bouchebka - La Sentinelle","isPartOf":{"@id":"https:\/\/lasentinelle.dz\/#website"},"primaryImageOfPage":{"@id":"https:\/\/lasentinelle.dz\/index.php\/2025\/07\/20\/tebessa-un-parking-douanier-pour-le-poste-frontalier-de-bouchebka\/#primaryimage"},"image":{"@id":"https:\/\/lasentinelle.dz\/index.php\/2025\/07\/20\/tebessa-un-parking-douanier-pour-le-poste-frontalier-de-bouchebka\/#primaryimage"},"thumbnailUrl":"https:\/\/lasentinelle.dz\/wp-content\/uploads\/2023\/10\/bouchebka.jpeg","datePublished":"2025-07-20T11:16:10+00:00","dateModified":"2025-07-20T11:16:12+00:00","breadcrumb":{"@id":"https:\/\/lasentinelle.dz\/index.php\/2025\/07\/20\/tebessa-un-parking-douanier-pour-le-poste-frontalier-de-bouchebka\/#breadcrumb"},"inLanguage":"fr-FR","potentialAction":[{"@type":"ReadAction","target":["https:\/\/lasentinelle.dz\/index.php\/2025\/07\/20\/tebessa-un-parking-douanier-pour-le-poste-frontalier-de-bouchebka\/"]}]},{"@type":"ImageObject","inLanguage":"fr-FR","@id":"https:\/\/lasentinelle.dz\/index.php\/2025\/07\/20\/tebessa-un-parking-douanier-pour-le-poste-frontalier-de-bouchebka\/#primaryimage","url":"https:\/\/lasentinelle.dz\/wp-content\/uploads\/2023\/10\/bouchebka.jpeg","contentUrl":"https:\/\/lasentinelle.dz\/wp-content\/uploads\/2023\/10\/bouchebka.jpeg","width":600,"height":450},{"@type":"BreadcrumbList","@id":"https:\/\/lasentinelle.dz\/index.php\/2025\/07\/20\/tebessa-un-parking-douanier-pour-le-poste-frontalier-de-bouchebka\/#breadcrumb","itemListElement":[{"@type":"ListItem","position":1,"name":"Accueil","item":"https:\/\/lasentinelle.dz\/"},{"@type":"ListItem","position":2,"name":"T\u00e9bessa : Un parking douanier pour le poste frontalier de Bouchebka"}]},{"@type":"WebSite","@id":"https:\/\/lasentinelle.dz\/#website","url":"https:\/\/lasentinelle.dz\/","name":"La Sentinelle","description":"Quotidien national d&#039;information","publisher":{"@id":"https:\/\/lasentinelle.dz\/#organization"},"potentialAction":[{"@type":"SearchAction","target":{"@type":"EntryPoint","urlTemplate":"https:\/\/lasentinelle.dz\/?s={search_term_string}"},"query-input":{"@type":"PropertyValueSpecification","valueRequired":true,"valueName":"search_term_string"}}],"inLanguage":"fr-FR"},{"@type":"Organization","@id":"https:\/\/lasentinelle.dz\/#organization","name":"Quotidien La Sentinelle","url":"https:\/\/lasentinelle.dz\/","logo":{"@type":"ImageObject","inLanguage":"fr-FR","@id":"https:\/\/lasentinelle.dz\/#\/schema\/logo\/image\/","url":"https:\/\/lasentinelle.dz\/wp-content\/uploads\/2021\/09\/logo-sentinelleSLOGAN-1.png","contentUrl":"https:\/\/lasentinelle.dz\/wp-content\/uploads\/2021\/09\/logo-sentinelleSLOGAN-1.png","width":615,"height":142,"caption":"Quotidien La Sentinelle"},"image":{"@id":"https:\/\/lasentinelle.dz\/#\/schema\/logo\/image\/"},"sameAs":["https:\/\/www.facebook.com\/La-Sentinelle-104059864394773"]},{"@type":"Person","@id":"https:\/\/lasentinelle.dz\/#\/schema\/person\/729ee0024f24e0b8c5ec17232f8e8b41","name":"admin","image":{"@type":"ImageObject","inLanguage":"fr-FR","@id":"https:\/\/secure.gravatar.com\/avatar\/4c81fed838786e9b53f540bf46533e750f5d292099ae3b66cfc6fb1982e29df7?s=96&d=mm&r=g","url":"https:\/\/secure.gravatar.com\/avatar\/4c81fed838786e9b53f540bf46533e750f5d292099ae3b66cfc6fb1982e29df7?s=96&d=mm&r=g","contentUrl":"https:\/\/secure.gravatar.com\/avatar\/4c81fed838786e9b53f540bf46533e750f5d292099ae3b66cfc6fb1982e29df7?s=96&d=mm&r=g","caption":"admin"},"description":"admin","url":"https:\/\/lasentinelle.dz\/author\/admin\/"}]}},"_links":{"self":[{"href":"https:\/\/lasentinelle.dz\/index.php\/wp-json\/wp\/v2\/posts\/70588","targetHints":{"allow":["GET"]}}],"collection":[{"href":"https:\/\/lasentinelle.dz\/index.php\/wp-json\/wp\/v2\/posts"}],"about":[{"href":"https:\/\/lasentinelle.dz\/index.php\/wp-json\/wp\/v2\/types\/post"}],"author":[{"embeddable":true,"href":"https:\/\/lasentinelle.dz\/index.php\/wp-json\/wp\/v2\/users\/6"}],"replies":[{"embeddable":true,"href":"https:\/\/lasentinelle.dz\/index.php\/wp-json\/wp\/v2\/comments?post=70588"}],"version-history":[{"count":1,"href":"https:\/\/lasentinelle.dz\/index.php\/wp-json\/wp\/v2\/posts\/70588\/revisions"}],"predecessor-version":[{"id":70589,"href":"https:\/\/lasentinelle.dz\/index.php\/wp-json\/wp\/v2\/posts\/70588\/revisions\/70589"}],"wp:featuredmedia":[{"embeddable":true,"href":"https:\/\/lasentinelle.dz\/index.php\/wp-json\/wp\/v2\/media\/46103"}],"wp:attachment":[{"href":"https:\/\/lasentinelle.dz\/index.php\/wp-json\/wp\/v2\/media?parent=70588"}],"wp:term":[{"taxonomy":"category","embeddable":true,"href":"https:\/\/lasentinelle.dz\/index.php\/wp-json\/wp\/v2\/categories?post=70588"},{"taxonomy":"post_tag","embeddable":true,"href":"https:\/\/lasentinelle.dz\/index.php\/wp-json\/wp\/v2\/tags?post=70588"}],"curies":[{"name":"wp","href":"https:\/\/api.w.org\/{rel}","templated":true}]}}