{"id":70590,"date":"2025-07-20T12:17:53","date_gmt":"2025-07-20T11:17:53","guid":{"rendered":"https:\/\/lasentinelle.dz\/?p=70590"},"modified":"2025-07-20T12:17:54","modified_gmt":"2025-07-20T11:17:54","slug":"gaz-naturel-lalgerie-consolide-sa-position-sur-le-marche-europeen","status":"publish","type":"post","link":"https:\/\/lasentinelle.dz\/index.php\/2025\/07\/20\/gaz-naturel-lalgerie-consolide-sa-position-sur-le-marche-europeen\/","title":{"rendered":"Gaz naturel: L&rsquo;Alg\u00e9rie consolide sa position sur le march\u00e9 europ\u00e9en"},"content":{"rendered":"\n<p>Le rapport mensuel du Forum des pays exportateurs de gaz (GECF) r\u00e9v\u00e8le une dynamique contrast\u00e9e sur le march\u00e9 gazier mondial au premier semestre 2025, marqu\u00e9e par une performance remarquable de l&rsquo;Alg\u00e9rie qui tire son \u00e9pingle du jeu dans un contexte ind\u00e9cis. Selon les donn\u00e9es du GECF pour le mois de juin, les importations cumul\u00e9es de gaz naturel par pipeline vers l&rsquo;Union europ\u00e9enne ont atteint 71 milliards de m\u00e8tres cubes durant les six premiers mois de 2025, enregistrant une baisse de 10% par rapport \u00e0 la m\u00eame p\u00e9riode de l&rsquo;ann\u00e9e pr\u00e9c\u00e9dente. Dans ce contexte de contraction g\u00e9n\u00e9rale, l&rsquo;Alg\u00e9rie se distingue comme le seul fournisseur \u00e0 avoir maintenu une trajectoire positive avec une croissance de 2% de ses exportations gazi\u00e8res vers l&rsquo;Europe, consolidant ainsi sa position strat\u00e9gique sur ce march\u00e9 crucial.<\/p>\n\n\n\n<p>Cette performance alg\u00e9rienne contraste avec la situation de tous les autres pays fournisseurs qui ont vu leurs exportations vers l&rsquo;Europe diminuer. Le rapport souligne particuli\u00e8rement qu&rsquo;en juin 2025, aucun des cinq principaux pays exportateurs de gaz par pipeline vers l&rsquo;UE n&rsquo;a enregistr\u00e9 de croissance annuelle, \u00e0 l&rsquo;exception notable de l&rsquo;Alg\u00e9rie qui a maintenu sa progression. Les exportations alg\u00e9riennes ont progress\u00e9 de mani\u00e8re \u00e9quilibr\u00e9e vers ses deux march\u00e9s principaux, l&rsquo;Italie et l&rsquo;Espagne, b\u00e9n\u00e9ficiant chacun d&rsquo;une hausse de 2% des livraisons par rapport \u00e0 l&rsquo;ann\u00e9e pr\u00e9c\u00e9dente.<\/p>\n\n\n\n<p>Sur le plan global, le GECF projette une croissance de 2% de la consommation mondiale de gaz en 2025, port\u00e9e principalement par l&rsquo;augmentation de la demande en Am\u00e9rique du Nord et en Asie. Cette tendance positive masque cependant des \u00e9volutions r\u00e9gionales divergentes. En juin 2025, la consommation de gaz naturel de l&rsquo;UE a recul\u00e9 de 0,8% sur un an pour s&rsquo;\u00e9tablir \u00e0 16,5 milliards de m\u00e8tres cubes, sous l&rsquo;effet d&rsquo;une demande plus faible dans les secteurs r\u00e9sidentiel et industriel. \u00c0 l&rsquo;inverse, la consommation am\u00e9ricaine a progress\u00e9 de 0,6% pour atteindre 68,5 milliards de m\u00e8tres cubes, soutenue par une demande accrue dans les secteurs r\u00e9sidentiel, commercial et industriel. En Chine, la demande apparente de gaz a augment\u00e9 de 1,2% en mai 2025 pour s&rsquo;\u00e9tablir \u00e0 36,4 milliards de m\u00e8tres cubes.<\/p>\n\n\n\n<p>Du c\u00f4t\u00e9 de la production, le GECF anticipe une hausse mondiale de 2% en 2025, tir\u00e9e principalement par l&rsquo;augmentation de la production au Moyen-Orient. Les \u00c9tats-Unis maintiennent leur tendance haussi\u00e8re avec une production qui a atteint 89,8 milliards de m\u00e8tres cubes en juin 2025, soit une progression de 3,1% sur un an, soutenue par la croissance de la consommation domestique. \u00c0 l&rsquo;oppos\u00e9, la production europ\u00e9enne a chut\u00e9 de 5,9% sur un an en mai 2025 pour tomber \u00e0 14,3 milliards de m\u00e8tres cubes, principalement en raison de la baisse de production norv\u00e9gienne. Dans la r\u00e9gion Asie-Pacifique, l&rsquo;offre a progress\u00e9 de 2,3% sur un an, port\u00e9e par la croissance constante de la production chinoise.<\/p>\n\n\n\n<p>Le march\u00e9 du gaz naturel liqu\u00e9fi\u00e9 (GNL) a connu une dynamique particuli\u00e8rement favorable en juin 2025, avec des importations mondiales qui ont bondi de 9,4% sur un an pour atteindre 34,8 millions de tonnes, marquant la plus forte croissance annuelle depuis novembre 2022. Cette augmentation a \u00e9t\u00e9 principalement men\u00e9e par l&rsquo;Europe, b\u00e9n\u00e9ficiant d&rsquo;une demande plus forte de reconstitution des stocks, d&rsquo;une production domestique plus faible et d&rsquo;une r\u00e9duction des importations de gaz par pipeline due aux activit\u00e9s de maintenance en Norv\u00e8ge. Les flux de GNL am\u00e9ricains ont continu\u00e9 de privil\u00e9gier l&rsquo;Europe gr\u00e2ce \u00e0 des prix de cession nets plus attractifs, tandis que le d\u00e9clin des importations de GNL en Asie-Pacifique s&rsquo;est mod\u00e9r\u00e9. Les prix spot sur les march\u00e9s gaziers europ\u00e9ens et asiatiques ont fortement augment\u00e9 en juin 2025, aliment\u00e9s par les tensions g\u00e9opolitiques accrues au Moyen-Orient. Les prix spot du TTF ont atteint en moyenne 12,30 dollars par MMBtu, en hausse de 6% sur un mois et de 14% sur un an, tandis que les prix spot du GNL en Asie du Nord-Est ont atteint en moyenne 12,96 dollars par MMBtu. Cette \u00e9volution des prix, conjugu\u00e9e \u00e0 la demande croissante de gaz pour le refroidissement durant les mois d&rsquo;\u00e9t\u00e9, pourrait continuer d&rsquo;exercer une pression \u00e0 la hausse sur les cours dans les prochains mois.<\/p>\n\n\n\n<p>Samira Ghrib<\/p>\n","protected":false},"excerpt":{"rendered":"<p>Le rapport mensuel du Forum des pays exportateurs de gaz (GECF) r\u00e9v\u00e8le une dynamique contrast\u00e9e sur le march\u00e9 gazier mondial<\/p>\n","protected":false},"author":6,"featured_media":66490,"comment_status":"open","ping_status":"closed","sticky":false,"template":"","format":"standard","meta":{"colormag_page_container_layout":"default_layout","colormag_page_sidebar_layout":"default_layout","om_disable_all_campaigns":false,"_monsterinsights_skip_tracking":false,"_monsterinsights_sitenote_active":false,"_monsterinsights_sitenote_note":"","_monsterinsights_sitenote_category":0,"footnotes":"","_wpscppro_dont_share_socialmedia":false,"_wpscppro_custom_social_share_image":0,"_facebook_share_type":"default","_twitter_share_type":"default","_linkedin_share_type":"default","_pinterest_share_type":"default","_linkedin_share_type_page":"","_instagram_share_type":"default","_medium_share_type":"default","_threads_share_type":"","_google_business_share_type":"","_selected_social_profile":[],"_wpsp_enable_custom_social_template":false,"_wpsp_social_scheduling":{"enabled":false,"datetime":null,"platforms":[],"status":"template_only","dateOption":"today","timeOption":"now","customDays":"","customHours":"","customDate":"","customTime":"","schedulingType":"absolute"},"_wpsp_active_default_template":true},"categories":[29],"tags":[],"class_list":["post-70590","post","type-post","status-publish","format-standard","has-post-thumbnail","hentry","category-economie"],"aioseo_notices":[],"yoast_head":"<!-- This site is optimized with the Yoast SEO plugin v27.5 - https:\/\/yoast.com\/product\/yoast-seo-wordpress\/ -->\n<title>Gaz naturel: L&rsquo;Alg\u00e9rie consolide sa position sur le march\u00e9 europ\u00e9en - La Sentinelle<\/title>\n<meta name=\"robots\" content=\"index, follow, max-snippet:-1, max-image-preview:large, max-video-preview:-1\" \/>\n<link rel=\"canonical\" href=\"https:\/\/lasentinelle.dz\/index.php\/2025\/07\/20\/gaz-naturel-lalgerie-consolide-sa-position-sur-le-marche-europeen\/\" \/>\n<meta property=\"og:locale\" content=\"fr_FR\" \/>\n<meta property=\"og:type\" content=\"article\" \/>\n<meta property=\"og:title\" content=\"Gaz naturel: L&rsquo;Alg\u00e9rie consolide sa position sur le march\u00e9 europ\u00e9en - La Sentinelle\" \/>\n<meta property=\"og:description\" content=\"Le rapport mensuel du Forum des pays exportateurs de gaz (GECF) r\u00e9v\u00e8le une dynamique contrast\u00e9e sur le march\u00e9 gazier mondial\" \/>\n<meta property=\"og:url\" content=\"https:\/\/lasentinelle.dz\/index.php\/2025\/07\/20\/gaz-naturel-lalgerie-consolide-sa-position-sur-le-marche-europeen\/\" \/>\n<meta property=\"og:site_name\" content=\"La Sentinelle\" \/>\n<meta property=\"article:publisher\" content=\"https:\/\/www.facebook.com\/La-Sentinelle-104059864394773\" \/>\n<meta property=\"article:published_time\" content=\"2025-07-20T11:17:53+00:00\" \/>\n<meta property=\"article:modified_time\" content=\"2025-07-20T11:17:54+00:00\" \/>\n<meta property=\"og:image\" content=\"https:\/\/lasentinelle.dz\/wp-content\/uploads\/2025\/04\/gaz.webp\" \/>\n\t<meta property=\"og:image:width\" content=\"1000\" \/>\n\t<meta property=\"og:image:height\" content=\"560\" \/>\n\t<meta property=\"og:image:type\" content=\"image\/webp\" \/>\n<meta name=\"author\" content=\"admin\" \/>\n<meta name=\"twitter:card\" content=\"summary_large_image\" \/>\n<meta name=\"twitter:label1\" content=\"\u00c9crit par\" \/>\n\t<meta name=\"twitter:data1\" content=\"admin\" \/>\n\t<meta name=\"twitter:label2\" content=\"Dur\u00e9e de lecture estim\u00e9e\" \/>\n\t<meta name=\"twitter:data2\" content=\"4 minutes\" \/>\n<script type=\"application\/ld+json\" class=\"yoast-schema-graph\">{\"@context\":\"https:\\\/\\\/schema.org\",\"@graph\":[{\"@type\":\"Article\",\"@id\":\"https:\\\/\\\/lasentinelle.dz\\\/index.php\\\/2025\\\/07\\\/20\\\/gaz-naturel-lalgerie-consolide-sa-position-sur-le-marche-europeen\\\/#article\",\"isPartOf\":{\"@id\":\"https:\\\/\\\/lasentinelle.dz\\\/index.php\\\/2025\\\/07\\\/20\\\/gaz-naturel-lalgerie-consolide-sa-position-sur-le-marche-europeen\\\/\"},\"author\":{\"name\":\"admin\",\"@id\":\"https:\\\/\\\/lasentinelle.dz\\\/#\\\/schema\\\/person\\\/729ee0024f24e0b8c5ec17232f8e8b41\"},\"headline\":\"Gaz naturel: L&rsquo;Alg\u00e9rie consolide sa position sur le march\u00e9 europ\u00e9en\",\"datePublished\":\"2025-07-20T11:17:53+00:00\",\"dateModified\":\"2025-07-20T11:17:54+00:00\",\"mainEntityOfPage\":{\"@id\":\"https:\\\/\\\/lasentinelle.dz\\\/index.php\\\/2025\\\/07\\\/20\\\/gaz-naturel-lalgerie-consolide-sa-position-sur-le-marche-europeen\\\/\"},\"wordCount\":739,\"commentCount\":0,\"publisher\":{\"@id\":\"https:\\\/\\\/lasentinelle.dz\\\/#organization\"},\"image\":{\"@id\":\"https:\\\/\\\/lasentinelle.dz\\\/index.php\\\/2025\\\/07\\\/20\\\/gaz-naturel-lalgerie-consolide-sa-position-sur-le-marche-europeen\\\/#primaryimage\"},\"thumbnailUrl\":\"https:\\\/\\\/lasentinelle.dz\\\/wp-content\\\/uploads\\\/2025\\\/04\\\/gaz.webp\",\"articleSection\":[\"\u00c9conomie\"],\"inLanguage\":\"fr-FR\",\"potentialAction\":[{\"@type\":\"CommentAction\",\"name\":\"Comment\",\"target\":[\"https:\\\/\\\/lasentinelle.dz\\\/index.php\\\/2025\\\/07\\\/20\\\/gaz-naturel-lalgerie-consolide-sa-position-sur-le-marche-europeen\\\/#respond\"]}]},{\"@type\":\"WebPage\",\"@id\":\"https:\\\/\\\/lasentinelle.dz\\\/index.php\\\/2025\\\/07\\\/20\\\/gaz-naturel-lalgerie-consolide-sa-position-sur-le-marche-europeen\\\/\",\"url\":\"https:\\\/\\\/lasentinelle.dz\\\/index.php\\\/2025\\\/07\\\/20\\\/gaz-naturel-lalgerie-consolide-sa-position-sur-le-marche-europeen\\\/\",\"name\":\"Gaz naturel: L&rsquo;Alg\u00e9rie consolide sa position sur le march\u00e9 europ\u00e9en - La Sentinelle\",\"isPartOf\":{\"@id\":\"https:\\\/\\\/lasentinelle.dz\\\/#website\"},\"primaryImageOfPage\":{\"@id\":\"https:\\\/\\\/lasentinelle.dz\\\/index.php\\\/2025\\\/07\\\/20\\\/gaz-naturel-lalgerie-consolide-sa-position-sur-le-marche-europeen\\\/#primaryimage\"},\"image\":{\"@id\":\"https:\\\/\\\/lasentinelle.dz\\\/index.php\\\/2025\\\/07\\\/20\\\/gaz-naturel-lalgerie-consolide-sa-position-sur-le-marche-europeen\\\/#primaryimage\"},\"thumbnailUrl\":\"https:\\\/\\\/lasentinelle.dz\\\/wp-content\\\/uploads\\\/2025\\\/04\\\/gaz.webp\",\"datePublished\":\"2025-07-20T11:17:53+00:00\",\"dateModified\":\"2025-07-20T11:17:54+00:00\",\"breadcrumb\":{\"@id\":\"https:\\\/\\\/lasentinelle.dz\\\/index.php\\\/2025\\\/07\\\/20\\\/gaz-naturel-lalgerie-consolide-sa-position-sur-le-marche-europeen\\\/#breadcrumb\"},\"inLanguage\":\"fr-FR\",\"potentialAction\":[{\"@type\":\"ReadAction\",\"target\":[\"https:\\\/\\\/lasentinelle.dz\\\/index.php\\\/2025\\\/07\\\/20\\\/gaz-naturel-lalgerie-consolide-sa-position-sur-le-marche-europeen\\\/\"]}]},{\"@type\":\"ImageObject\",\"inLanguage\":\"fr-FR\",\"@id\":\"https:\\\/\\\/lasentinelle.dz\\\/index.php\\\/2025\\\/07\\\/20\\\/gaz-naturel-lalgerie-consolide-sa-position-sur-le-marche-europeen\\\/#primaryimage\",\"url\":\"https:\\\/\\\/lasentinelle.dz\\\/wp-content\\\/uploads\\\/2025\\\/04\\\/gaz.webp\",\"contentUrl\":\"https:\\\/\\\/lasentinelle.dz\\\/wp-content\\\/uploads\\\/2025\\\/04\\\/gaz.webp\",\"width\":1000,\"height\":560},{\"@type\":\"BreadcrumbList\",\"@id\":\"https:\\\/\\\/lasentinelle.dz\\\/index.php\\\/2025\\\/07\\\/20\\\/gaz-naturel-lalgerie-consolide-sa-position-sur-le-marche-europeen\\\/#breadcrumb\",\"itemListElement\":[{\"@type\":\"ListItem\",\"position\":1,\"name\":\"Accueil\",\"item\":\"https:\\\/\\\/lasentinelle.dz\\\/\"},{\"@type\":\"ListItem\",\"position\":2,\"name\":\"Gaz naturel: L&rsquo;Alg\u00e9rie consolide sa position sur le march\u00e9 europ\u00e9en\"}]},{\"@type\":\"WebSite\",\"@id\":\"https:\\\/\\\/lasentinelle.dz\\\/#website\",\"url\":\"https:\\\/\\\/lasentinelle.dz\\\/\",\"name\":\"La Sentinelle\",\"description\":\"Quotidien national d&#039;information\",\"publisher\":{\"@id\":\"https:\\\/\\\/lasentinelle.dz\\\/#organization\"},\"potentialAction\":[{\"@type\":\"SearchAction\",\"target\":{\"@type\":\"EntryPoint\",\"urlTemplate\":\"https:\\\/\\\/lasentinelle.dz\\\/?s={search_term_string}\"},\"query-input\":{\"@type\":\"PropertyValueSpecification\",\"valueRequired\":true,\"valueName\":\"search_term_string\"}}],\"inLanguage\":\"fr-FR\"},{\"@type\":\"Organization\",\"@id\":\"https:\\\/\\\/lasentinelle.dz\\\/#organization\",\"name\":\"Quotidien La Sentinelle\",\"url\":\"https:\\\/\\\/lasentinelle.dz\\\/\",\"logo\":{\"@type\":\"ImageObject\",\"inLanguage\":\"fr-FR\",\"@id\":\"https:\\\/\\\/lasentinelle.dz\\\/#\\\/schema\\\/logo\\\/image\\\/\",\"url\":\"https:\\\/\\\/lasentinelle.dz\\\/wp-content\\\/uploads\\\/2021\\\/09\\\/logo-sentinelleSLOGAN-1.png\",\"contentUrl\":\"https:\\\/\\\/lasentinelle.dz\\\/wp-content\\\/uploads\\\/2021\\\/09\\\/logo-sentinelleSLOGAN-1.png\",\"width\":615,\"height\":142,\"caption\":\"Quotidien La Sentinelle\"},\"image\":{\"@id\":\"https:\\\/\\\/lasentinelle.dz\\\/#\\\/schema\\\/logo\\\/image\\\/\"},\"sameAs\":[\"https:\\\/\\\/www.facebook.com\\\/La-Sentinelle-104059864394773\"]},{\"@type\":\"Person\",\"@id\":\"https:\\\/\\\/lasentinelle.dz\\\/#\\\/schema\\\/person\\\/729ee0024f24e0b8c5ec17232f8e8b41\",\"name\":\"admin\",\"image\":{\"@type\":\"ImageObject\",\"inLanguage\":\"fr-FR\",\"@id\":\"https:\\\/\\\/secure.gravatar.com\\\/avatar\\\/4c81fed838786e9b53f540bf46533e750f5d292099ae3b66cfc6fb1982e29df7?s=96&d=mm&r=g\",\"url\":\"https:\\\/\\\/secure.gravatar.com\\\/avatar\\\/4c81fed838786e9b53f540bf46533e750f5d292099ae3b66cfc6fb1982e29df7?s=96&d=mm&r=g\",\"contentUrl\":\"https:\\\/\\\/secure.gravatar.com\\\/avatar\\\/4c81fed838786e9b53f540bf46533e750f5d292099ae3b66cfc6fb1982e29df7?s=96&d=mm&r=g\",\"caption\":\"admin\"},\"description\":\"admin\",\"url\":\"https:\\\/\\\/lasentinelle.dz\\\/author\\\/admin\\\/\"}]}<\/script>\n<!-- \/ Yoast SEO plugin. -->","yoast_head_json":{"title":"Gaz naturel: L&rsquo;Alg\u00e9rie consolide sa position sur le march\u00e9 europ\u00e9en - La Sentinelle","robots":{"index":"index","follow":"follow","max-snippet":"max-snippet:-1","max-image-preview":"max-image-preview:large","max-video-preview":"max-video-preview:-1"},"canonical":"https:\/\/lasentinelle.dz\/index.php\/2025\/07\/20\/gaz-naturel-lalgerie-consolide-sa-position-sur-le-marche-europeen\/","og_locale":"fr_FR","og_type":"article","og_title":"Gaz naturel: L&rsquo;Alg\u00e9rie consolide sa position sur le march\u00e9 europ\u00e9en - La Sentinelle","og_description":"Le rapport mensuel du Forum des pays exportateurs de gaz (GECF) r\u00e9v\u00e8le une dynamique contrast\u00e9e sur le march\u00e9 gazier mondial","og_url":"https:\/\/lasentinelle.dz\/index.php\/2025\/07\/20\/gaz-naturel-lalgerie-consolide-sa-position-sur-le-marche-europeen\/","og_site_name":"La Sentinelle","article_publisher":"https:\/\/www.facebook.com\/La-Sentinelle-104059864394773","article_published_time":"2025-07-20T11:17:53+00:00","article_modified_time":"2025-07-20T11:17:54+00:00","og_image":[{"width":1000,"height":560,"url":"https:\/\/lasentinelle.dz\/wp-content\/uploads\/2025\/04\/gaz.webp","type":"image\/webp"}],"author":"admin","twitter_card":"summary_large_image","twitter_misc":{"\u00c9crit par":"admin","Dur\u00e9e de lecture estim\u00e9e":"4 minutes"},"schema":{"@context":"https:\/\/schema.org","@graph":[{"@type":"Article","@id":"https:\/\/lasentinelle.dz\/index.php\/2025\/07\/20\/gaz-naturel-lalgerie-consolide-sa-position-sur-le-marche-europeen\/#article","isPartOf":{"@id":"https:\/\/lasentinelle.dz\/index.php\/2025\/07\/20\/gaz-naturel-lalgerie-consolide-sa-position-sur-le-marche-europeen\/"},"author":{"name":"admin","@id":"https:\/\/lasentinelle.dz\/#\/schema\/person\/729ee0024f24e0b8c5ec17232f8e8b41"},"headline":"Gaz naturel: L&rsquo;Alg\u00e9rie consolide sa position sur le march\u00e9 europ\u00e9en","datePublished":"2025-07-20T11:17:53+00:00","dateModified":"2025-07-20T11:17:54+00:00","mainEntityOfPage":{"@id":"https:\/\/lasentinelle.dz\/index.php\/2025\/07\/20\/gaz-naturel-lalgerie-consolide-sa-position-sur-le-marche-europeen\/"},"wordCount":739,"commentCount":0,"publisher":{"@id":"https:\/\/lasentinelle.dz\/#organization"},"image":{"@id":"https:\/\/lasentinelle.dz\/index.php\/2025\/07\/20\/gaz-naturel-lalgerie-consolide-sa-position-sur-le-marche-europeen\/#primaryimage"},"thumbnailUrl":"https:\/\/lasentinelle.dz\/wp-content\/uploads\/2025\/04\/gaz.webp","articleSection":["\u00c9conomie"],"inLanguage":"fr-FR","potentialAction":[{"@type":"CommentAction","name":"Comment","target":["https:\/\/lasentinelle.dz\/index.php\/2025\/07\/20\/gaz-naturel-lalgerie-consolide-sa-position-sur-le-marche-europeen\/#respond"]}]},{"@type":"WebPage","@id":"https:\/\/lasentinelle.dz\/index.php\/2025\/07\/20\/gaz-naturel-lalgerie-consolide-sa-position-sur-le-marche-europeen\/","url":"https:\/\/lasentinelle.dz\/index.php\/2025\/07\/20\/gaz-naturel-lalgerie-consolide-sa-position-sur-le-marche-europeen\/","name":"Gaz naturel: L&rsquo;Alg\u00e9rie consolide sa position sur le march\u00e9 europ\u00e9en - La Sentinelle","isPartOf":{"@id":"https:\/\/lasentinelle.dz\/#website"},"primaryImageOfPage":{"@id":"https:\/\/lasentinelle.dz\/index.php\/2025\/07\/20\/gaz-naturel-lalgerie-consolide-sa-position-sur-le-marche-europeen\/#primaryimage"},"image":{"@id":"https:\/\/lasentinelle.dz\/index.php\/2025\/07\/20\/gaz-naturel-lalgerie-consolide-sa-position-sur-le-marche-europeen\/#primaryimage"},"thumbnailUrl":"https:\/\/lasentinelle.dz\/wp-content\/uploads\/2025\/04\/gaz.webp","datePublished":"2025-07-20T11:17:53+00:00","dateModified":"2025-07-20T11:17:54+00:00","breadcrumb":{"@id":"https:\/\/lasentinelle.dz\/index.php\/2025\/07\/20\/gaz-naturel-lalgerie-consolide-sa-position-sur-le-marche-europeen\/#breadcrumb"},"inLanguage":"fr-FR","potentialAction":[{"@type":"ReadAction","target":["https:\/\/lasentinelle.dz\/index.php\/2025\/07\/20\/gaz-naturel-lalgerie-consolide-sa-position-sur-le-marche-europeen\/"]}]},{"@type":"ImageObject","inLanguage":"fr-FR","@id":"https:\/\/lasentinelle.dz\/index.php\/2025\/07\/20\/gaz-naturel-lalgerie-consolide-sa-position-sur-le-marche-europeen\/#primaryimage","url":"https:\/\/lasentinelle.dz\/wp-content\/uploads\/2025\/04\/gaz.webp","contentUrl":"https:\/\/lasentinelle.dz\/wp-content\/uploads\/2025\/04\/gaz.webp","width":1000,"height":560},{"@type":"BreadcrumbList","@id":"https:\/\/lasentinelle.dz\/index.php\/2025\/07\/20\/gaz-naturel-lalgerie-consolide-sa-position-sur-le-marche-europeen\/#breadcrumb","itemListElement":[{"@type":"ListItem","position":1,"name":"Accueil","item":"https:\/\/lasentinelle.dz\/"},{"@type":"ListItem","position":2,"name":"Gaz naturel: L&rsquo;Alg\u00e9rie consolide sa position sur le march\u00e9 europ\u00e9en"}]},{"@type":"WebSite","@id":"https:\/\/lasentinelle.dz\/#website","url":"https:\/\/lasentinelle.dz\/","name":"La Sentinelle","description":"Quotidien national d&#039;information","publisher":{"@id":"https:\/\/lasentinelle.dz\/#organization"},"potentialAction":[{"@type":"SearchAction","target":{"@type":"EntryPoint","urlTemplate":"https:\/\/lasentinelle.dz\/?s={search_term_string}"},"query-input":{"@type":"PropertyValueSpecification","valueRequired":true,"valueName":"search_term_string"}}],"inLanguage":"fr-FR"},{"@type":"Organization","@id":"https:\/\/lasentinelle.dz\/#organization","name":"Quotidien La Sentinelle","url":"https:\/\/lasentinelle.dz\/","logo":{"@type":"ImageObject","inLanguage":"fr-FR","@id":"https:\/\/lasentinelle.dz\/#\/schema\/logo\/image\/","url":"https:\/\/lasentinelle.dz\/wp-content\/uploads\/2021\/09\/logo-sentinelleSLOGAN-1.png","contentUrl":"https:\/\/lasentinelle.dz\/wp-content\/uploads\/2021\/09\/logo-sentinelleSLOGAN-1.png","width":615,"height":142,"caption":"Quotidien La Sentinelle"},"image":{"@id":"https:\/\/lasentinelle.dz\/#\/schema\/logo\/image\/"},"sameAs":["https:\/\/www.facebook.com\/La-Sentinelle-104059864394773"]},{"@type":"Person","@id":"https:\/\/lasentinelle.dz\/#\/schema\/person\/729ee0024f24e0b8c5ec17232f8e8b41","name":"admin","image":{"@type":"ImageObject","inLanguage":"fr-FR","@id":"https:\/\/secure.gravatar.com\/avatar\/4c81fed838786e9b53f540bf46533e750f5d292099ae3b66cfc6fb1982e29df7?s=96&d=mm&r=g","url":"https:\/\/secure.gravatar.com\/avatar\/4c81fed838786e9b53f540bf46533e750f5d292099ae3b66cfc6fb1982e29df7?s=96&d=mm&r=g","contentUrl":"https:\/\/secure.gravatar.com\/avatar\/4c81fed838786e9b53f540bf46533e750f5d292099ae3b66cfc6fb1982e29df7?s=96&d=mm&r=g","caption":"admin"},"description":"admin","url":"https:\/\/lasentinelle.dz\/author\/admin\/"}]}},"_links":{"self":[{"href":"https:\/\/lasentinelle.dz\/index.php\/wp-json\/wp\/v2\/posts\/70590","targetHints":{"allow":["GET"]}}],"collection":[{"href":"https:\/\/lasentinelle.dz\/index.php\/wp-json\/wp\/v2\/posts"}],"about":[{"href":"https:\/\/lasentinelle.dz\/index.php\/wp-json\/wp\/v2\/types\/post"}],"author":[{"embeddable":true,"href":"https:\/\/lasentinelle.dz\/index.php\/wp-json\/wp\/v2\/users\/6"}],"replies":[{"embeddable":true,"href":"https:\/\/lasentinelle.dz\/index.php\/wp-json\/wp\/v2\/comments?post=70590"}],"version-history":[{"count":2,"href":"https:\/\/lasentinelle.dz\/index.php\/wp-json\/wp\/v2\/posts\/70590\/revisions"}],"predecessor-version":[{"id":70592,"href":"https:\/\/lasentinelle.dz\/index.php\/wp-json\/wp\/v2\/posts\/70590\/revisions\/70592"}],"wp:featuredmedia":[{"embeddable":true,"href":"https:\/\/lasentinelle.dz\/index.php\/wp-json\/wp\/v2\/media\/66490"}],"wp:attachment":[{"href":"https:\/\/lasentinelle.dz\/index.php\/wp-json\/wp\/v2\/media?parent=70590"}],"wp:term":[{"taxonomy":"category","embeddable":true,"href":"https:\/\/lasentinelle.dz\/index.php\/wp-json\/wp\/v2\/categories?post=70590"},{"taxonomy":"post_tag","embeddable":true,"href":"https:\/\/lasentinelle.dz\/index.php\/wp-json\/wp\/v2\/tags?post=70590"}],"curies":[{"name":"wp","href":"https:\/\/api.w.org\/{rel}","templated":true}]}}