{"id":70595,"date":"2025-07-20T12:19:17","date_gmt":"2025-07-20T11:19:17","guid":{"rendered":"https:\/\/lasentinelle.dz\/?p=70595"},"modified":"2025-07-20T12:19:18","modified_gmt":"2025-07-20T11:19:18","slug":"la-revalorisation-de-lallocation-voyage-effective-des-ce-dimanche-ce-quil-faut-savoir","status":"publish","type":"post","link":"https:\/\/lasentinelle.dz\/index.php\/2025\/07\/20\/la-revalorisation-de-lallocation-voyage-effective-des-ce-dimanche-ce-quil-faut-savoir\/","title":{"rendered":"La revalorisation de l&rsquo;allocation voyage effective d\u00e8s ce dimanche : Ce qu&rsquo;il faut savoir"},"content":{"rendered":"\n<p>La revalorisation de l&rsquo;allocation de voyage entre officiellement en vigueur d\u00e8s ce dimanche. \u00e9conomiques contemporaines. La Banque d&rsquo;Alg\u00e9rie vient de publier l&rsquo;instruction N\u00b0 05-2025 dat\u00e9e 17 juillet 2025 qui pr\u00e9cise les conditions et modalit\u00e9s d&rsquo;attribution de cette allocation.<\/p>\n\n\n\n<p>L&rsquo;instruction de la Banque d&rsquo;Alg\u00e9rie confirme ainsi les instructions du pr\u00e9sident de la R\u00e9publique d&rsquo;augmenter le montant allou\u00e9 dans le cadre de l&rsquo;allocation touristique, puisque les personnes \u00e2g\u00e9es de 19 ans et plus pourront d\u00e9sormais b\u00e9n\u00e9ficier de \u00ab\u00a0sept cent cinquante euros (750,00 EUR) ou son \u00e9quivalent dans une autre devise librement convertible\u00a0\u00bb au titre de leur droit de change annuel. Cette somme repr\u00e9sente une hausse consid\u00e9rable par rapport aux montants pr\u00e9c\u00e9demment accord\u00e9s et refl\u00e8te la prise en compte de l&rsquo;inflation des co\u00fbts de voyage \u00e0 l&rsquo;international. Pour les mineurs \u00e2g\u00e9s entre 12 et 19 ans, le montant s&rsquo;\u00e9tablit \u00e0 \u00ab\u00a0trois cent euros (300,00 EUR) ou son \u00e9quivalent dans une autre devise librement convertible\u00a0\u00bb, avec toutefois une limitation importante : cette allocation est accord\u00e9e \u00ab\u00a0dans la limite de deux enfants par famille\u00a0\u00bb, ce qui constitue une mesure de r\u00e9gulation pour ma\u00eetriser l&rsquo;impact sur les r\u00e9serves de change du pays.<\/p>\n\n\n\n<p>L&rsquo;instruction pr\u00e9cise que ce droit de change est accord\u00e9 pour des s\u00e9jours d&rsquo;une \u00ab\u00a0dur\u00e9e \u00e9gale ou sup\u00e9rieure \u00e0 sept jours\u00a0\u00bb, excluant ainsi les voyages de courte dur\u00e9e qui pourraient \u00eatre consid\u00e9r\u00e9s comme non essentiels ou \u00e0 caract\u00e8re commercial d\u00e9guis\u00e9. Cette condition de dur\u00e9e minimum s&rsquo;accompagne d&rsquo;une obligation stricte de restitution pour les voyageurs dont le s\u00e9jour effectif serait inf\u00e9rieur \u00e0 cette p\u00e9riode. L&rsquo;instruction stipule clairement que \u00ab\u00a0les b\u00e9n\u00e9ficiaires qui auront effectu\u00e9 un s\u00e9jour effectif inf\u00e9rieur \u00e0 sept jours, doivent proc\u00e9der \u00e0 la restitution du montant de ce droit aupr\u00e8s des succursales de la Banque d&rsquo;Alg\u00e9rie, dans les cinq jours ouvr\u00e9s suivant leur retour\u00a0\u00bb.<\/p>\n\n\n\n<p>Les modalit\u00e9s pratiques d&rsquo;obtention de ce droit de change r\u00e9v\u00e8lent un processus en deux \u00e9tapes soigneusement orchestr\u00e9. Dans un premier temps, les demandeurs doivent s&rsquo;acquitter de la contrevaleur en dinars alg\u00e9riens \u00ab\u00a0au plus tard, trois jours ouvr\u00e9s avant la date du voyage\u00a0\u00bb aupr\u00e8s des succursales de la Banque d&rsquo;Alg\u00e9rie ou des agences bancaires. Cette phase n\u00e9cessite la pr\u00e9sentation d&rsquo;un dossier complet comprenant un titre de transport aller-retour, un passeport en cours de validit\u00e9, une copie de la premi\u00e8re page du passeport et, le cas \u00e9ch\u00e9ant, une copie du visa. La remise effective des devises intervient ensuite aux points de sortie du territoire national, sur pr\u00e9sentation du passeport, de la carte d&#8217;embarquement et du re\u00e7u de versement.<\/p>\n\n\n\n<p>Contr\u00f4les renforc\u00e9s<\/p>\n\n\n\n<p>Cette r\u00e9forme s&rsquo;accompagne de mesures de contr\u00f4le renforc\u00e9es destin\u00e9es \u00e0 pr\u00e9venir les d\u00e9tournements et \u00e0 garantir l&rsquo;usage l\u00e9gitime des devises allou\u00e9es. Les banques doivent notamment v\u00e9rifier \u00ab\u00a0que le demandeur n&rsquo;a pas b\u00e9n\u00e9fici\u00e9 d&rsquo;un droit de change durant les douze derniers mois durant l&rsquo;ann\u00e9e de r\u00e9f\u00e9rence\u00a0\u00bb et s&rsquo;assurer que le b\u00e9n\u00e9ficiaire pr\u00e9c\u00e9dent \u00ab\u00a0a effectivement effectu\u00e9 un voyage \u00e0 l&rsquo;\u00e9tranger, le cachet de la police aux fronti\u00e8res faisant foi\u00a0\u00bb. Ces v\u00e9rifications t\u00e9moignent de la volont\u00e9 des autorit\u00e9s mon\u00e9taires de maintenir un \u00e9quilibre entre l&rsquo;assouplissement des conditions d&rsquo;acc\u00e8s aux devises et la pr\u00e9servation des r\u00e9serves de change nationales. Le dispositif pr\u00e9voit \u00e9galement des sanctions dissuasives pour les contrevenants. L&rsquo;instruction avertit que \u00ab\u00a0le non-respect des dispositions expose son auteur \u00e0 la perte de ce droit de change pendant cinq ans\u00a0\u00bb et que tout d\u00e9tournement \u00ab\u00a0constitue une infraction \u00e0 la l\u00e9gislation et \u00e0 la r\u00e9glementation des changes qui expose ses auteurs \u00e0 des poursuites p\u00e9nales\u00a0\u00bb. Ces mesures coercitives visent \u00e0 d\u00e9courager les pratiques frauduleuses qui pourraient compromettre l&rsquo;efficacit\u00e9 du syst\u00e8me. Sur le plan \u00e9conomique, cette revalorisation substantielle du droit de change s&rsquo;inscrit dans un contexte o\u00f9 l&rsquo;Alg\u00e9rie cherche \u00e0 \u00e9quilibrer les besoins l\u00e9gitimes de ses citoyens en mati\u00e8re de voyages \u00e0 l&rsquo;\u00e9tranger avec les imp\u00e9ratifs de pr\u00e9servation de ses r\u00e9serves de change. L&rsquo;instruction pr\u00e9cise d&rsquo;ailleurs que \u00ab\u00a0le montant de ce droit de change et les conditions de son octroi peuvent \u00eatre ajust\u00e9s compte tenu de la viabilit\u00e9 de la balance des paiements\u00a0\u00bb, soulignant ainsi le caract\u00e8re \u00e9volutif de cette politique en fonction des conditions \u00e9conomiques nationales.<\/p>\n\n\n\n<p>Cette mesure constitue une r\u00e9ponse pragmatique aux d\u00e9fis pos\u00e9s par la demande croissante de devises de la part des voyageurs alg\u00e9riens, tout en maintenant un cadre r\u00e9glementaire strict destin\u00e9 \u00e0 pr\u00e9venir les abus. Elle t\u00e9moigne \u00e9galement d&rsquo;une approche plus nuanc\u00e9e de la politique de change, cherchant \u00e0 concilier lib\u00e9ralisation contr\u00f4l\u00e9e et pr\u00e9servation des \u00e9quilibres macro\u00e9conomiques.<\/p>\n\n\n\n<p>Sabrina Aziouez<\/p>\n","protected":false},"excerpt":{"rendered":"<p>La revalorisation de l&rsquo;allocation de voyage entre officiellement en vigueur d\u00e8s ce dimanche. \u00e9conomiques contemporaines. La Banque d&rsquo;Alg\u00e9rie vient de<\/p>\n","protected":false},"author":6,"featured_media":70596,"comment_status":"open","ping_status":"closed","sticky":false,"template":"","format":"standard","meta":{"colormag_page_container_layout":"default_layout","colormag_page_sidebar_layout":"default_layout","om_disable_all_campaigns":false,"_monsterinsights_skip_tracking":false,"_monsterinsights_sitenote_active":false,"_monsterinsights_sitenote_note":"","_monsterinsights_sitenote_category":0,"footnotes":"","_wpscppro_dont_share_socialmedia":false,"_wpscppro_custom_social_share_image":0,"_facebook_share_type":"default","_twitter_share_type":"default","_linkedin_share_type":"default","_pinterest_share_type":"default","_linkedin_share_type_page":"","_instagram_share_type":"default","_medium_share_type":"default","_threads_share_type":"","_google_business_share_type":"","_selected_social_profile":[],"_wpsp_enable_custom_social_template":false,"_wpsp_social_scheduling":{"enabled":false,"datetime":null,"platforms":[],"status":"template_only","dateOption":"today","timeOption":"now","customDays":"","customHours":"","customDate":"","customTime":"","schedulingType":"absolute"},"_wpsp_active_default_template":true},"categories":[52,29],"tags":[],"class_list":["post-70595","post","type-post","status-publish","format-standard","has-post-thumbnail","hentry","category-a-la-une","category-economie"],"aioseo_notices":[],"yoast_head":"<!-- This site is optimized with the Yoast SEO plugin v27.5 - https:\/\/yoast.com\/product\/yoast-seo-wordpress\/ -->\n<title>La revalorisation de l&rsquo;allocation voyage effective d\u00e8s ce dimanche : Ce qu&rsquo;il faut savoir - La Sentinelle<\/title>\n<meta name=\"robots\" content=\"index, follow, max-snippet:-1, max-image-preview:large, max-video-preview:-1\" \/>\n<link rel=\"canonical\" href=\"https:\/\/lasentinelle.dz\/index.php\/2025\/07\/20\/la-revalorisation-de-lallocation-voyage-effective-des-ce-dimanche-ce-quil-faut-savoir\/\" \/>\n<meta property=\"og:locale\" content=\"fr_FR\" \/>\n<meta property=\"og:type\" content=\"article\" \/>\n<meta property=\"og:title\" content=\"La revalorisation de l&rsquo;allocation voyage effective d\u00e8s ce dimanche : Ce qu&rsquo;il faut savoir - La Sentinelle\" \/>\n<meta property=\"og:description\" content=\"La revalorisation de l&rsquo;allocation de voyage entre officiellement en vigueur d\u00e8s ce dimanche. \u00e9conomiques contemporaines. La Banque d&rsquo;Alg\u00e9rie vient de\" \/>\n<meta property=\"og:url\" content=\"https:\/\/lasentinelle.dz\/index.php\/2025\/07\/20\/la-revalorisation-de-lallocation-voyage-effective-des-ce-dimanche-ce-quil-faut-savoir\/\" \/>\n<meta property=\"og:site_name\" content=\"La Sentinelle\" \/>\n<meta property=\"article:publisher\" content=\"https:\/\/www.facebook.com\/La-Sentinelle-104059864394773\" \/>\n<meta property=\"article:published_time\" content=\"2025-07-20T11:19:17+00:00\" \/>\n<meta property=\"article:modified_time\" content=\"2025-07-20T11:19:18+00:00\" \/>\n<meta property=\"og:image\" content=\"https:\/\/lasentinelle.dz\/wp-content\/uploads\/2025\/07\/allocation.png\" \/>\n\t<meta property=\"og:image:width\" content=\"1490\" \/>\n\t<meta property=\"og:image:height\" content=\"918\" \/>\n\t<meta property=\"og:image:type\" content=\"image\/png\" \/>\n<meta name=\"author\" content=\"admin\" \/>\n<meta name=\"twitter:card\" content=\"summary_large_image\" \/>\n<meta name=\"twitter:label1\" content=\"\u00c9crit par\" \/>\n\t<meta name=\"twitter:data1\" content=\"admin\" \/>\n\t<meta name=\"twitter:label2\" content=\"Dur\u00e9e de lecture estim\u00e9e\" \/>\n\t<meta name=\"twitter:data2\" content=\"4 minutes\" \/>\n<script type=\"application\/ld+json\" class=\"yoast-schema-graph\">{\"@context\":\"https:\\\/\\\/schema.org\",\"@graph\":[{\"@type\":\"Article\",\"@id\":\"https:\\\/\\\/lasentinelle.dz\\\/index.php\\\/2025\\\/07\\\/20\\\/la-revalorisation-de-lallocation-voyage-effective-des-ce-dimanche-ce-quil-faut-savoir\\\/#article\",\"isPartOf\":{\"@id\":\"https:\\\/\\\/lasentinelle.dz\\\/index.php\\\/2025\\\/07\\\/20\\\/la-revalorisation-de-lallocation-voyage-effective-des-ce-dimanche-ce-quil-faut-savoir\\\/\"},\"author\":{\"name\":\"admin\",\"@id\":\"https:\\\/\\\/lasentinelle.dz\\\/#\\\/schema\\\/person\\\/729ee0024f24e0b8c5ec17232f8e8b41\"},\"headline\":\"La revalorisation de l&rsquo;allocation voyage effective d\u00e8s ce dimanche : Ce qu&rsquo;il faut savoir\",\"datePublished\":\"2025-07-20T11:19:17+00:00\",\"dateModified\":\"2025-07-20T11:19:18+00:00\",\"mainEntityOfPage\":{\"@id\":\"https:\\\/\\\/lasentinelle.dz\\\/index.php\\\/2025\\\/07\\\/20\\\/la-revalorisation-de-lallocation-voyage-effective-des-ce-dimanche-ce-quil-faut-savoir\\\/\"},\"wordCount\":861,\"commentCount\":0,\"publisher\":{\"@id\":\"https:\\\/\\\/lasentinelle.dz\\\/#organization\"},\"image\":{\"@id\":\"https:\\\/\\\/lasentinelle.dz\\\/index.php\\\/2025\\\/07\\\/20\\\/la-revalorisation-de-lallocation-voyage-effective-des-ce-dimanche-ce-quil-faut-savoir\\\/#primaryimage\"},\"thumbnailUrl\":\"https:\\\/\\\/lasentinelle.dz\\\/wp-content\\\/uploads\\\/2025\\\/07\\\/allocation.png\",\"articleSection\":[\"\u00c0 la Une\",\"\u00c9conomie\"],\"inLanguage\":\"fr-FR\",\"potentialAction\":[{\"@type\":\"CommentAction\",\"name\":\"Comment\",\"target\":[\"https:\\\/\\\/lasentinelle.dz\\\/index.php\\\/2025\\\/07\\\/20\\\/la-revalorisation-de-lallocation-voyage-effective-des-ce-dimanche-ce-quil-faut-savoir\\\/#respond\"]}]},{\"@type\":\"WebPage\",\"@id\":\"https:\\\/\\\/lasentinelle.dz\\\/index.php\\\/2025\\\/07\\\/20\\\/la-revalorisation-de-lallocation-voyage-effective-des-ce-dimanche-ce-quil-faut-savoir\\\/\",\"url\":\"https:\\\/\\\/lasentinelle.dz\\\/index.php\\\/2025\\\/07\\\/20\\\/la-revalorisation-de-lallocation-voyage-effective-des-ce-dimanche-ce-quil-faut-savoir\\\/\",\"name\":\"La revalorisation de l&rsquo;allocation voyage effective d\u00e8s ce dimanche : Ce qu&rsquo;il faut savoir - La Sentinelle\",\"isPartOf\":{\"@id\":\"https:\\\/\\\/lasentinelle.dz\\\/#website\"},\"primaryImageOfPage\":{\"@id\":\"https:\\\/\\\/lasentinelle.dz\\\/index.php\\\/2025\\\/07\\\/20\\\/la-revalorisation-de-lallocation-voyage-effective-des-ce-dimanche-ce-quil-faut-savoir\\\/#primaryimage\"},\"image\":{\"@id\":\"https:\\\/\\\/lasentinelle.dz\\\/index.php\\\/2025\\\/07\\\/20\\\/la-revalorisation-de-lallocation-voyage-effective-des-ce-dimanche-ce-quil-faut-savoir\\\/#primaryimage\"},\"thumbnailUrl\":\"https:\\\/\\\/lasentinelle.dz\\\/wp-content\\\/uploads\\\/2025\\\/07\\\/allocation.png\",\"datePublished\":\"2025-07-20T11:19:17+00:00\",\"dateModified\":\"2025-07-20T11:19:18+00:00\",\"breadcrumb\":{\"@id\":\"https:\\\/\\\/lasentinelle.dz\\\/index.php\\\/2025\\\/07\\\/20\\\/la-revalorisation-de-lallocation-voyage-effective-des-ce-dimanche-ce-quil-faut-savoir\\\/#breadcrumb\"},\"inLanguage\":\"fr-FR\",\"potentialAction\":[{\"@type\":\"ReadAction\",\"target\":[\"https:\\\/\\\/lasentinelle.dz\\\/index.php\\\/2025\\\/07\\\/20\\\/la-revalorisation-de-lallocation-voyage-effective-des-ce-dimanche-ce-quil-faut-savoir\\\/\"]}]},{\"@type\":\"ImageObject\",\"inLanguage\":\"fr-FR\",\"@id\":\"https:\\\/\\\/lasentinelle.dz\\\/index.php\\\/2025\\\/07\\\/20\\\/la-revalorisation-de-lallocation-voyage-effective-des-ce-dimanche-ce-quil-faut-savoir\\\/#primaryimage\",\"url\":\"https:\\\/\\\/lasentinelle.dz\\\/wp-content\\\/uploads\\\/2025\\\/07\\\/allocation.png\",\"contentUrl\":\"https:\\\/\\\/lasentinelle.dz\\\/wp-content\\\/uploads\\\/2025\\\/07\\\/allocation.png\",\"width\":1490,\"height\":918},{\"@type\":\"BreadcrumbList\",\"@id\":\"https:\\\/\\\/lasentinelle.dz\\\/index.php\\\/2025\\\/07\\\/20\\\/la-revalorisation-de-lallocation-voyage-effective-des-ce-dimanche-ce-quil-faut-savoir\\\/#breadcrumb\",\"itemListElement\":[{\"@type\":\"ListItem\",\"position\":1,\"name\":\"Accueil\",\"item\":\"https:\\\/\\\/lasentinelle.dz\\\/\"},{\"@type\":\"ListItem\",\"position\":2,\"name\":\"La revalorisation de l&rsquo;allocation voyage effective d\u00e8s ce dimanche : Ce qu&rsquo;il faut savoir\"}]},{\"@type\":\"WebSite\",\"@id\":\"https:\\\/\\\/lasentinelle.dz\\\/#website\",\"url\":\"https:\\\/\\\/lasentinelle.dz\\\/\",\"name\":\"La Sentinelle\",\"description\":\"Quotidien national d&#039;information\",\"publisher\":{\"@id\":\"https:\\\/\\\/lasentinelle.dz\\\/#organization\"},\"potentialAction\":[{\"@type\":\"SearchAction\",\"target\":{\"@type\":\"EntryPoint\",\"urlTemplate\":\"https:\\\/\\\/lasentinelle.dz\\\/?s={search_term_string}\"},\"query-input\":{\"@type\":\"PropertyValueSpecification\",\"valueRequired\":true,\"valueName\":\"search_term_string\"}}],\"inLanguage\":\"fr-FR\"},{\"@type\":\"Organization\",\"@id\":\"https:\\\/\\\/lasentinelle.dz\\\/#organization\",\"name\":\"Quotidien La Sentinelle\",\"url\":\"https:\\\/\\\/lasentinelle.dz\\\/\",\"logo\":{\"@type\":\"ImageObject\",\"inLanguage\":\"fr-FR\",\"@id\":\"https:\\\/\\\/lasentinelle.dz\\\/#\\\/schema\\\/logo\\\/image\\\/\",\"url\":\"https:\\\/\\\/lasentinelle.dz\\\/wp-content\\\/uploads\\\/2021\\\/09\\\/logo-sentinelleSLOGAN-1.png\",\"contentUrl\":\"https:\\\/\\\/lasentinelle.dz\\\/wp-content\\\/uploads\\\/2021\\\/09\\\/logo-sentinelleSLOGAN-1.png\",\"width\":615,\"height\":142,\"caption\":\"Quotidien La Sentinelle\"},\"image\":{\"@id\":\"https:\\\/\\\/lasentinelle.dz\\\/#\\\/schema\\\/logo\\\/image\\\/\"},\"sameAs\":[\"https:\\\/\\\/www.facebook.com\\\/La-Sentinelle-104059864394773\"]},{\"@type\":\"Person\",\"@id\":\"https:\\\/\\\/lasentinelle.dz\\\/#\\\/schema\\\/person\\\/729ee0024f24e0b8c5ec17232f8e8b41\",\"name\":\"admin\",\"image\":{\"@type\":\"ImageObject\",\"inLanguage\":\"fr-FR\",\"@id\":\"https:\\\/\\\/secure.gravatar.com\\\/avatar\\\/4c81fed838786e9b53f540bf46533e750f5d292099ae3b66cfc6fb1982e29df7?s=96&d=mm&r=g\",\"url\":\"https:\\\/\\\/secure.gravatar.com\\\/avatar\\\/4c81fed838786e9b53f540bf46533e750f5d292099ae3b66cfc6fb1982e29df7?s=96&d=mm&r=g\",\"contentUrl\":\"https:\\\/\\\/secure.gravatar.com\\\/avatar\\\/4c81fed838786e9b53f540bf46533e750f5d292099ae3b66cfc6fb1982e29df7?s=96&d=mm&r=g\",\"caption\":\"admin\"},\"description\":\"admin\",\"url\":\"https:\\\/\\\/lasentinelle.dz\\\/author\\\/admin\\\/\"}]}<\/script>\n<!-- \/ Yoast SEO plugin. -->","yoast_head_json":{"title":"La revalorisation de l&rsquo;allocation voyage effective d\u00e8s ce dimanche : Ce qu&rsquo;il faut savoir - La Sentinelle","robots":{"index":"index","follow":"follow","max-snippet":"max-snippet:-1","max-image-preview":"max-image-preview:large","max-video-preview":"max-video-preview:-1"},"canonical":"https:\/\/lasentinelle.dz\/index.php\/2025\/07\/20\/la-revalorisation-de-lallocation-voyage-effective-des-ce-dimanche-ce-quil-faut-savoir\/","og_locale":"fr_FR","og_type":"article","og_title":"La revalorisation de l&rsquo;allocation voyage effective d\u00e8s ce dimanche : Ce qu&rsquo;il faut savoir - La Sentinelle","og_description":"La revalorisation de l&rsquo;allocation de voyage entre officiellement en vigueur d\u00e8s ce dimanche. \u00e9conomiques contemporaines. La Banque d&rsquo;Alg\u00e9rie vient de","og_url":"https:\/\/lasentinelle.dz\/index.php\/2025\/07\/20\/la-revalorisation-de-lallocation-voyage-effective-des-ce-dimanche-ce-quil-faut-savoir\/","og_site_name":"La Sentinelle","article_publisher":"https:\/\/www.facebook.com\/La-Sentinelle-104059864394773","article_published_time":"2025-07-20T11:19:17+00:00","article_modified_time":"2025-07-20T11:19:18+00:00","og_image":[{"width":1490,"height":918,"url":"https:\/\/lasentinelle.dz\/wp-content\/uploads\/2025\/07\/allocation.png","type":"image\/png"}],"author":"admin","twitter_card":"summary_large_image","twitter_misc":{"\u00c9crit par":"admin","Dur\u00e9e de lecture estim\u00e9e":"4 minutes"},"schema":{"@context":"https:\/\/schema.org","@graph":[{"@type":"Article","@id":"https:\/\/lasentinelle.dz\/index.php\/2025\/07\/20\/la-revalorisation-de-lallocation-voyage-effective-des-ce-dimanche-ce-quil-faut-savoir\/#article","isPartOf":{"@id":"https:\/\/lasentinelle.dz\/index.php\/2025\/07\/20\/la-revalorisation-de-lallocation-voyage-effective-des-ce-dimanche-ce-quil-faut-savoir\/"},"author":{"name":"admin","@id":"https:\/\/lasentinelle.dz\/#\/schema\/person\/729ee0024f24e0b8c5ec17232f8e8b41"},"headline":"La revalorisation de l&rsquo;allocation voyage effective d\u00e8s ce dimanche : Ce qu&rsquo;il faut savoir","datePublished":"2025-07-20T11:19:17+00:00","dateModified":"2025-07-20T11:19:18+00:00","mainEntityOfPage":{"@id":"https:\/\/lasentinelle.dz\/index.php\/2025\/07\/20\/la-revalorisation-de-lallocation-voyage-effective-des-ce-dimanche-ce-quil-faut-savoir\/"},"wordCount":861,"commentCount":0,"publisher":{"@id":"https:\/\/lasentinelle.dz\/#organization"},"image":{"@id":"https:\/\/lasentinelle.dz\/index.php\/2025\/07\/20\/la-revalorisation-de-lallocation-voyage-effective-des-ce-dimanche-ce-quil-faut-savoir\/#primaryimage"},"thumbnailUrl":"https:\/\/lasentinelle.dz\/wp-content\/uploads\/2025\/07\/allocation.png","articleSection":["\u00c0 la Une","\u00c9conomie"],"inLanguage":"fr-FR","potentialAction":[{"@type":"CommentAction","name":"Comment","target":["https:\/\/lasentinelle.dz\/index.php\/2025\/07\/20\/la-revalorisation-de-lallocation-voyage-effective-des-ce-dimanche-ce-quil-faut-savoir\/#respond"]}]},{"@type":"WebPage","@id":"https:\/\/lasentinelle.dz\/index.php\/2025\/07\/20\/la-revalorisation-de-lallocation-voyage-effective-des-ce-dimanche-ce-quil-faut-savoir\/","url":"https:\/\/lasentinelle.dz\/index.php\/2025\/07\/20\/la-revalorisation-de-lallocation-voyage-effective-des-ce-dimanche-ce-quil-faut-savoir\/","name":"La revalorisation de l&rsquo;allocation voyage effective d\u00e8s ce dimanche : Ce qu&rsquo;il faut savoir - La Sentinelle","isPartOf":{"@id":"https:\/\/lasentinelle.dz\/#website"},"primaryImageOfPage":{"@id":"https:\/\/lasentinelle.dz\/index.php\/2025\/07\/20\/la-revalorisation-de-lallocation-voyage-effective-des-ce-dimanche-ce-quil-faut-savoir\/#primaryimage"},"image":{"@id":"https:\/\/lasentinelle.dz\/index.php\/2025\/07\/20\/la-revalorisation-de-lallocation-voyage-effective-des-ce-dimanche-ce-quil-faut-savoir\/#primaryimage"},"thumbnailUrl":"https:\/\/lasentinelle.dz\/wp-content\/uploads\/2025\/07\/allocation.png","datePublished":"2025-07-20T11:19:17+00:00","dateModified":"2025-07-20T11:19:18+00:00","breadcrumb":{"@id":"https:\/\/lasentinelle.dz\/index.php\/2025\/07\/20\/la-revalorisation-de-lallocation-voyage-effective-des-ce-dimanche-ce-quil-faut-savoir\/#breadcrumb"},"inLanguage":"fr-FR","potentialAction":[{"@type":"ReadAction","target":["https:\/\/lasentinelle.dz\/index.php\/2025\/07\/20\/la-revalorisation-de-lallocation-voyage-effective-des-ce-dimanche-ce-quil-faut-savoir\/"]}]},{"@type":"ImageObject","inLanguage":"fr-FR","@id":"https:\/\/lasentinelle.dz\/index.php\/2025\/07\/20\/la-revalorisation-de-lallocation-voyage-effective-des-ce-dimanche-ce-quil-faut-savoir\/#primaryimage","url":"https:\/\/lasentinelle.dz\/wp-content\/uploads\/2025\/07\/allocation.png","contentUrl":"https:\/\/lasentinelle.dz\/wp-content\/uploads\/2025\/07\/allocation.png","width":1490,"height":918},{"@type":"BreadcrumbList","@id":"https:\/\/lasentinelle.dz\/index.php\/2025\/07\/20\/la-revalorisation-de-lallocation-voyage-effective-des-ce-dimanche-ce-quil-faut-savoir\/#breadcrumb","itemListElement":[{"@type":"ListItem","position":1,"name":"Accueil","item":"https:\/\/lasentinelle.dz\/"},{"@type":"ListItem","position":2,"name":"La revalorisation de l&rsquo;allocation voyage effective d\u00e8s ce dimanche : Ce qu&rsquo;il faut savoir"}]},{"@type":"WebSite","@id":"https:\/\/lasentinelle.dz\/#website","url":"https:\/\/lasentinelle.dz\/","name":"La Sentinelle","description":"Quotidien national d&#039;information","publisher":{"@id":"https:\/\/lasentinelle.dz\/#organization"},"potentialAction":[{"@type":"SearchAction","target":{"@type":"EntryPoint","urlTemplate":"https:\/\/lasentinelle.dz\/?s={search_term_string}"},"query-input":{"@type":"PropertyValueSpecification","valueRequired":true,"valueName":"search_term_string"}}],"inLanguage":"fr-FR"},{"@type":"Organization","@id":"https:\/\/lasentinelle.dz\/#organization","name":"Quotidien La Sentinelle","url":"https:\/\/lasentinelle.dz\/","logo":{"@type":"ImageObject","inLanguage":"fr-FR","@id":"https:\/\/lasentinelle.dz\/#\/schema\/logo\/image\/","url":"https:\/\/lasentinelle.dz\/wp-content\/uploads\/2021\/09\/logo-sentinelleSLOGAN-1.png","contentUrl":"https:\/\/lasentinelle.dz\/wp-content\/uploads\/2021\/09\/logo-sentinelleSLOGAN-1.png","width":615,"height":142,"caption":"Quotidien La Sentinelle"},"image":{"@id":"https:\/\/lasentinelle.dz\/#\/schema\/logo\/image\/"},"sameAs":["https:\/\/www.facebook.com\/La-Sentinelle-104059864394773"]},{"@type":"Person","@id":"https:\/\/lasentinelle.dz\/#\/schema\/person\/729ee0024f24e0b8c5ec17232f8e8b41","name":"admin","image":{"@type":"ImageObject","inLanguage":"fr-FR","@id":"https:\/\/secure.gravatar.com\/avatar\/4c81fed838786e9b53f540bf46533e750f5d292099ae3b66cfc6fb1982e29df7?s=96&d=mm&r=g","url":"https:\/\/secure.gravatar.com\/avatar\/4c81fed838786e9b53f540bf46533e750f5d292099ae3b66cfc6fb1982e29df7?s=96&d=mm&r=g","contentUrl":"https:\/\/secure.gravatar.com\/avatar\/4c81fed838786e9b53f540bf46533e750f5d292099ae3b66cfc6fb1982e29df7?s=96&d=mm&r=g","caption":"admin"},"description":"admin","url":"https:\/\/lasentinelle.dz\/author\/admin\/"}]}},"_links":{"self":[{"href":"https:\/\/lasentinelle.dz\/index.php\/wp-json\/wp\/v2\/posts\/70595","targetHints":{"allow":["GET"]}}],"collection":[{"href":"https:\/\/lasentinelle.dz\/index.php\/wp-json\/wp\/v2\/posts"}],"about":[{"href":"https:\/\/lasentinelle.dz\/index.php\/wp-json\/wp\/v2\/types\/post"}],"author":[{"embeddable":true,"href":"https:\/\/lasentinelle.dz\/index.php\/wp-json\/wp\/v2\/users\/6"}],"replies":[{"embeddable":true,"href":"https:\/\/lasentinelle.dz\/index.php\/wp-json\/wp\/v2\/comments?post=70595"}],"version-history":[{"count":2,"href":"https:\/\/lasentinelle.dz\/index.php\/wp-json\/wp\/v2\/posts\/70595\/revisions"}],"predecessor-version":[{"id":70598,"href":"https:\/\/lasentinelle.dz\/index.php\/wp-json\/wp\/v2\/posts\/70595\/revisions\/70598"}],"wp:featuredmedia":[{"embeddable":true,"href":"https:\/\/lasentinelle.dz\/index.php\/wp-json\/wp\/v2\/media\/70596"}],"wp:attachment":[{"href":"https:\/\/lasentinelle.dz\/index.php\/wp-json\/wp\/v2\/media?parent=70595"}],"wp:term":[{"taxonomy":"category","embeddable":true,"href":"https:\/\/lasentinelle.dz\/index.php\/wp-json\/wp\/v2\/categories?post=70595"},{"taxonomy":"post_tag","embeddable":true,"href":"https:\/\/lasentinelle.dz\/index.php\/wp-json\/wp\/v2\/tags?post=70595"}],"curies":[{"name":"wp","href":"https:\/\/api.w.org\/{rel}","templated":true}]}}