{"id":70611,"date":"2025-07-20T12:24:18","date_gmt":"2025-07-20T11:24:18","guid":{"rendered":"https:\/\/lasentinelle.dz\/?p=70611"},"modified":"2025-07-20T12:24:19","modified_gmt":"2025-07-20T11:24:19","slug":"consolider-des-relations-forgees-dans-les-luttes-anticoloniales-communes","status":"publish","type":"post","link":"https:\/\/lasentinelle.dz\/index.php\/2025\/07\/20\/consolider-des-relations-forgees-dans-les-luttes-anticoloniales-communes\/","title":{"rendered":"Consolider des relations forg\u00e9es dans les luttes anticoloniales communes"},"content":{"rendered":"\n<p>Le pr\u00e9sident de la R\u00e9publique du Zimbabwe, Emmerson Mnangagwa, a entam\u00e9 samedi une visite officielle de deux jours en Alg\u00e9rie. Cette visite s&rsquo;inscrit dans une dynamique de renforcement des relations bilat\u00e9rales entre deux pays unis par un pass\u00e9 commun de lutte anticoloniale et une vision partag\u00e9e du d\u00e9veloppement africain. L&rsquo;Alg\u00e9rie et le Zimbabwe entretiennent des relations solides forg\u00e9es dans la lutte de lib\u00e9ration contre le colonialisme et la d\u00e9fense commune des valeurs de solidarit\u00e9 africaine. Les pr\u00e9sidents Abdelmadjid Tebboune et Emmerson Mnangagwa avaient pr\u00e9c\u00e9demment affirm\u00e9 leur volont\u00e9 commune de hisser les relations bilat\u00e9rales vers des niveaux sup\u00e9rieurs et d&rsquo;\u00e9tablir un partenariat strat\u00e9gique mutuellement b\u00e9n\u00e9fique, au service des objectifs de d\u00e9veloppement et de l&rsquo;int\u00e9gration continentale. Cette visite officielle vise \u00e0 concr\u00e9tiser ces ambitions en renfor\u00e7ant l&rsquo;entente politique et la coordination bilat\u00e9rale entre deux nations attach\u00e9es aux solutions africaines aux probl\u00e8mes du continent et qui rejettent toute forme d&rsquo;ing\u00e9rence \u00e9trang\u00e8re, d&rsquo;h\u00e9g\u00e9monie et de d\u00e9pendance. Les discussions entre les dirigeants des deux pays permettront d&rsquo;approfondir la concertation sur la coop\u00e9ration bilat\u00e9rale et les questions d&rsquo;int\u00e9r\u00eat commun, tout en r\u00e9affirmant leurs positions communes en soutien \u00e0 la lutte des peuples colonis\u00e9s, notamment les peuples palestinien et sahraoui, pour leur droit \u00e0 l&rsquo;ind\u00e9pendance et \u00e0 l&rsquo;autod\u00e9termination conform\u00e9ment \u00e0 la l\u00e9galit\u00e9 internationale. Cette convergence de vues sur les grands dossiers internationaux renforce la dimension politique du partenariat alg\u00e9ro-zimbabw\u00e9en. La coop\u00e9ration \u00e9conomique constitue un axe prioritaire de cette visite. Lors de la r\u00e9ception du pr\u00e9sident du Parlement zimbabw\u00e9en Jacob Mudenda en mai 2023, le Pr\u00e9sident Tebboune avait affich\u00e9 la disponibilit\u00e9 de l&rsquo;Alg\u00e9rie \u00e0 travailler de concert avec le Zimbabwe, notamment dans les secteurs de l&rsquo;\u00e9ducation et de l&rsquo;\u00e9conomie. Cette volont\u00e9 s&rsquo;\u00e9tait traduite par la visite du ministre de l&rsquo;\u00c9nergie et des Mines au Zimbabwe en ao\u00fbt 2023, au cours de laquelle il avait fait part de la d\u00e9termination du pr\u00e9sident de la R\u00e9publique \u00e0 insuffler un nouvel \u00e9lan aux relations bilat\u00e9rales.<\/p>\n\n\n\n<p>En novembre dernier, le pr\u00e9sident Mnangagwa avait adress\u00e9 un message de v\u0153ux au Pr\u00e9sident Tebboune \u00e0 l&rsquo;occasion du 70e anniversaire du d\u00e9clenchement de la R\u00e9volution de lib\u00e9ration, r\u00e9affirmant son engagement \u00e0 \u0153uvrer \u00e9troitement au renforcement des liens d&rsquo;amiti\u00e9 et de solidarit\u00e9 entre les deux pays. Cette correspondance t\u00e9moigne de la qualit\u00e9 des relations personnelles entre les dirigeants des deux nations et de leur engagement mutuel dans le d\u00e9veloppement du partenariat bilat\u00e9ral.<\/p>\n\n\n\n<p>La dynamique \u00e9conomique devrait conna\u00eetre une forte acc\u00e9l\u00e9ration avec la signature attendue de nouveaux accords et m\u00e9morandums d&rsquo;entente dans des domaines strat\u00e9giques. En pr\u00e9paration de cette visite, la quatri\u00e8me session de la commission mixte de coop\u00e9ration alg\u00e9ro-zimbabw\u00e9enne s&rsquo;est tenue mercredi dernier \u00e0 Alger. La secr\u00e9taire d&rsquo;\u00c9tat aupr\u00e8s du ministre des Affaires \u00e9trang\u00e8res, charg\u00e9e des Affaires africaines, Bakhta Selma Mansouri, a soulign\u00e9 que cette commission \u00ab\u00a0incarne une volont\u00e9 sinc\u00e8re de b\u00e2tir une coop\u00e9ration africaine \u00e9quilibr\u00e9e et efficace\u00a0\u00bb. Elle a particuli\u00e8rement mis l&rsquo;accent sur la cr\u00e9ation d&rsquo;un Conseil d&rsquo;affaires commun, consid\u00e9r\u00e9 comme \u00ab\u00a0un instrument essentiel pour activer la coop\u00e9ration entre les op\u00e9rateurs \u00e9conomiques et am\u00e9liorer les m\u00e9canismes d&rsquo;\u00e9changes commerciaux entre les deux parties\u00a0\u00bb.<\/p>\n\n\n\n<p>Le secr\u00e9taire permanent aux Affaires \u00e9trang\u00e8res et au Commerce international du Zimbabwe, Albert Chimbindi, a qualifi\u00e9 la commission mixte de \u00ab\u00a0pierre angulaire des relations entre les deux pays\u00a0\u00bb, offrant un cadre organis\u00e9 de dialogue et de coop\u00e9ration aux niveaux bilat\u00e9ral, r\u00e9gional et international. Il a exprim\u00e9 sa gratitude \u00e0 l&rsquo;Alg\u00e9rie pour son soutien constant et appel\u00e9 \u00e0 mettre \u00e0 profit l&rsquo;Accord de la Zone de libre-\u00e9change continentale africaine pour renforcer le commerce bilat\u00e9ral. Le Zimbabwe se positionne comme un hub industriel, logistique et commercial en Afrique australe pour les entreprises alg\u00e9riennes, ouvrant ainsi de nouvelles perspectives de coop\u00e9ration \u00e9conomique dans une r\u00e9gion strat\u00e9gique du continent africain.<\/p>\n\n\n\n<p>Amar Malki<\/p>\n","protected":false},"excerpt":{"rendered":"<p>Le pr\u00e9sident de la R\u00e9publique du Zimbabwe, Emmerson Mnangagwa, a entam\u00e9 samedi une visite officielle de deux jours en Alg\u00e9rie.<\/p>\n","protected":false},"author":6,"featured_media":70612,"comment_status":"open","ping_status":"closed","sticky":false,"template":"","format":"standard","meta":{"colormag_page_container_layout":"default_layout","colormag_page_sidebar_layout":"default_layout","om_disable_all_campaigns":false,"_monsterinsights_skip_tracking":false,"_monsterinsights_sitenote_active":false,"_monsterinsights_sitenote_note":"","_monsterinsights_sitenote_category":0,"footnotes":"","_wpscppro_dont_share_socialmedia":false,"_wpscppro_custom_social_share_image":0,"_facebook_share_type":"default","_twitter_share_type":"default","_linkedin_share_type":"default","_pinterest_share_type":"default","_linkedin_share_type_page":"","_instagram_share_type":"default","_medium_share_type":"default","_threads_share_type":"","_google_business_share_type":"","_selected_social_profile":[],"_wpsp_enable_custom_social_template":false,"_wpsp_social_scheduling":{"enabled":false,"datetime":null,"platforms":[],"status":"template_only","dateOption":"today","timeOption":"now","customDays":"","customHours":"","customDate":"","customTime":"","schedulingType":"absolute"},"_wpsp_active_default_template":true},"categories":[52,27],"tags":[],"class_list":["post-70611","post","type-post","status-publish","format-standard","has-post-thumbnail","hentry","category-a-la-une","category-actualite"],"aioseo_notices":[],"yoast_head":"<!-- This site is optimized with the Yoast SEO plugin v27.5 - https:\/\/yoast.com\/product\/yoast-seo-wordpress\/ -->\n<title>Consolider des relations forg\u00e9es dans les luttes anticoloniales communes - La Sentinelle<\/title>\n<meta name=\"robots\" content=\"index, follow, max-snippet:-1, max-image-preview:large, max-video-preview:-1\" \/>\n<link rel=\"canonical\" href=\"https:\/\/lasentinelle.dz\/index.php\/2025\/07\/20\/consolider-des-relations-forgees-dans-les-luttes-anticoloniales-communes\/\" \/>\n<meta property=\"og:locale\" content=\"fr_FR\" \/>\n<meta property=\"og:type\" content=\"article\" \/>\n<meta property=\"og:title\" content=\"Consolider des relations forg\u00e9es dans les luttes anticoloniales communes - La Sentinelle\" \/>\n<meta property=\"og:description\" content=\"Le pr\u00e9sident de la R\u00e9publique du Zimbabwe, Emmerson Mnangagwa, a entam\u00e9 samedi une visite officielle de deux jours en Alg\u00e9rie.\" \/>\n<meta property=\"og:url\" content=\"https:\/\/lasentinelle.dz\/index.php\/2025\/07\/20\/consolider-des-relations-forgees-dans-les-luttes-anticoloniales-communes\/\" \/>\n<meta property=\"og:site_name\" content=\"La Sentinelle\" \/>\n<meta property=\"article:publisher\" content=\"https:\/\/www.facebook.com\/La-Sentinelle-104059864394773\" \/>\n<meta property=\"article:published_time\" content=\"2025-07-20T11:24:18+00:00\" \/>\n<meta property=\"article:modified_time\" content=\"2025-07-20T11:24:19+00:00\" \/>\n<meta property=\"og:image\" content=\"https:\/\/lasentinelle.dz\/wp-content\/uploads\/2025\/07\/518398043_1166302135531512_4062864939236308898_n.jpg\" \/>\n\t<meta property=\"og:image:width\" content=\"1280\" \/>\n\t<meta property=\"og:image:height\" content=\"853\" \/>\n\t<meta property=\"og:image:type\" content=\"image\/jpeg\" \/>\n<meta name=\"author\" content=\"admin\" \/>\n<meta name=\"twitter:card\" content=\"summary_large_image\" \/>\n<meta name=\"twitter:label1\" content=\"\u00c9crit par\" \/>\n\t<meta name=\"twitter:data1\" content=\"admin\" \/>\n\t<meta name=\"twitter:label2\" content=\"Dur\u00e9e de lecture estim\u00e9e\" \/>\n\t<meta name=\"twitter:data2\" content=\"4 minutes\" \/>\n<script type=\"application\/ld+json\" class=\"yoast-schema-graph\">{\"@context\":\"https:\\\/\\\/schema.org\",\"@graph\":[{\"@type\":\"Article\",\"@id\":\"https:\\\/\\\/lasentinelle.dz\\\/index.php\\\/2025\\\/07\\\/20\\\/consolider-des-relations-forgees-dans-les-luttes-anticoloniales-communes\\\/#article\",\"isPartOf\":{\"@id\":\"https:\\\/\\\/lasentinelle.dz\\\/index.php\\\/2025\\\/07\\\/20\\\/consolider-des-relations-forgees-dans-les-luttes-anticoloniales-communes\\\/\"},\"author\":{\"name\":\"admin\",\"@id\":\"https:\\\/\\\/lasentinelle.dz\\\/#\\\/schema\\\/person\\\/729ee0024f24e0b8c5ec17232f8e8b41\"},\"headline\":\"Consolider des relations forg\u00e9es dans les luttes anticoloniales communes\",\"datePublished\":\"2025-07-20T11:24:18+00:00\",\"dateModified\":\"2025-07-20T11:24:19+00:00\",\"mainEntityOfPage\":{\"@id\":\"https:\\\/\\\/lasentinelle.dz\\\/index.php\\\/2025\\\/07\\\/20\\\/consolider-des-relations-forgees-dans-les-luttes-anticoloniales-communes\\\/\"},\"wordCount\":726,\"commentCount\":1,\"publisher\":{\"@id\":\"https:\\\/\\\/lasentinelle.dz\\\/#organization\"},\"image\":{\"@id\":\"https:\\\/\\\/lasentinelle.dz\\\/index.php\\\/2025\\\/07\\\/20\\\/consolider-des-relations-forgees-dans-les-luttes-anticoloniales-communes\\\/#primaryimage\"},\"thumbnailUrl\":\"https:\\\/\\\/lasentinelle.dz\\\/wp-content\\\/uploads\\\/2025\\\/07\\\/518398043_1166302135531512_4062864939236308898_n.jpg\",\"articleSection\":[\"\u00c0 la Une\",\"Actualit\u00e9\"],\"inLanguage\":\"fr-FR\",\"potentialAction\":[{\"@type\":\"CommentAction\",\"name\":\"Comment\",\"target\":[\"https:\\\/\\\/lasentinelle.dz\\\/index.php\\\/2025\\\/07\\\/20\\\/consolider-des-relations-forgees-dans-les-luttes-anticoloniales-communes\\\/#respond\"]}]},{\"@type\":\"WebPage\",\"@id\":\"https:\\\/\\\/lasentinelle.dz\\\/index.php\\\/2025\\\/07\\\/20\\\/consolider-des-relations-forgees-dans-les-luttes-anticoloniales-communes\\\/\",\"url\":\"https:\\\/\\\/lasentinelle.dz\\\/index.php\\\/2025\\\/07\\\/20\\\/consolider-des-relations-forgees-dans-les-luttes-anticoloniales-communes\\\/\",\"name\":\"Consolider des relations forg\u00e9es dans les luttes anticoloniales communes - La Sentinelle\",\"isPartOf\":{\"@id\":\"https:\\\/\\\/lasentinelle.dz\\\/#website\"},\"primaryImageOfPage\":{\"@id\":\"https:\\\/\\\/lasentinelle.dz\\\/index.php\\\/2025\\\/07\\\/20\\\/consolider-des-relations-forgees-dans-les-luttes-anticoloniales-communes\\\/#primaryimage\"},\"image\":{\"@id\":\"https:\\\/\\\/lasentinelle.dz\\\/index.php\\\/2025\\\/07\\\/20\\\/consolider-des-relations-forgees-dans-les-luttes-anticoloniales-communes\\\/#primaryimage\"},\"thumbnailUrl\":\"https:\\\/\\\/lasentinelle.dz\\\/wp-content\\\/uploads\\\/2025\\\/07\\\/518398043_1166302135531512_4062864939236308898_n.jpg\",\"datePublished\":\"2025-07-20T11:24:18+00:00\",\"dateModified\":\"2025-07-20T11:24:19+00:00\",\"breadcrumb\":{\"@id\":\"https:\\\/\\\/lasentinelle.dz\\\/index.php\\\/2025\\\/07\\\/20\\\/consolider-des-relations-forgees-dans-les-luttes-anticoloniales-communes\\\/#breadcrumb\"},\"inLanguage\":\"fr-FR\",\"potentialAction\":[{\"@type\":\"ReadAction\",\"target\":[\"https:\\\/\\\/lasentinelle.dz\\\/index.php\\\/2025\\\/07\\\/20\\\/consolider-des-relations-forgees-dans-les-luttes-anticoloniales-communes\\\/\"]}]},{\"@type\":\"ImageObject\",\"inLanguage\":\"fr-FR\",\"@id\":\"https:\\\/\\\/lasentinelle.dz\\\/index.php\\\/2025\\\/07\\\/20\\\/consolider-des-relations-forgees-dans-les-luttes-anticoloniales-communes\\\/#primaryimage\",\"url\":\"https:\\\/\\\/lasentinelle.dz\\\/wp-content\\\/uploads\\\/2025\\\/07\\\/518398043_1166302135531512_4062864939236308898_n.jpg\",\"contentUrl\":\"https:\\\/\\\/lasentinelle.dz\\\/wp-content\\\/uploads\\\/2025\\\/07\\\/518398043_1166302135531512_4062864939236308898_n.jpg\",\"width\":1280,\"height\":853},{\"@type\":\"BreadcrumbList\",\"@id\":\"https:\\\/\\\/lasentinelle.dz\\\/index.php\\\/2025\\\/07\\\/20\\\/consolider-des-relations-forgees-dans-les-luttes-anticoloniales-communes\\\/#breadcrumb\",\"itemListElement\":[{\"@type\":\"ListItem\",\"position\":1,\"name\":\"Accueil\",\"item\":\"https:\\\/\\\/lasentinelle.dz\\\/\"},{\"@type\":\"ListItem\",\"position\":2,\"name\":\"Consolider des relations forg\u00e9es dans les luttes anticoloniales communes\"}]},{\"@type\":\"WebSite\",\"@id\":\"https:\\\/\\\/lasentinelle.dz\\\/#website\",\"url\":\"https:\\\/\\\/lasentinelle.dz\\\/\",\"name\":\"La Sentinelle\",\"description\":\"Quotidien national d&#039;information\",\"publisher\":{\"@id\":\"https:\\\/\\\/lasentinelle.dz\\\/#organization\"},\"potentialAction\":[{\"@type\":\"SearchAction\",\"target\":{\"@type\":\"EntryPoint\",\"urlTemplate\":\"https:\\\/\\\/lasentinelle.dz\\\/?s={search_term_string}\"},\"query-input\":{\"@type\":\"PropertyValueSpecification\",\"valueRequired\":true,\"valueName\":\"search_term_string\"}}],\"inLanguage\":\"fr-FR\"},{\"@type\":\"Organization\",\"@id\":\"https:\\\/\\\/lasentinelle.dz\\\/#organization\",\"name\":\"Quotidien La Sentinelle\",\"url\":\"https:\\\/\\\/lasentinelle.dz\\\/\",\"logo\":{\"@type\":\"ImageObject\",\"inLanguage\":\"fr-FR\",\"@id\":\"https:\\\/\\\/lasentinelle.dz\\\/#\\\/schema\\\/logo\\\/image\\\/\",\"url\":\"https:\\\/\\\/lasentinelle.dz\\\/wp-content\\\/uploads\\\/2021\\\/09\\\/logo-sentinelleSLOGAN-1.png\",\"contentUrl\":\"https:\\\/\\\/lasentinelle.dz\\\/wp-content\\\/uploads\\\/2021\\\/09\\\/logo-sentinelleSLOGAN-1.png\",\"width\":615,\"height\":142,\"caption\":\"Quotidien La Sentinelle\"},\"image\":{\"@id\":\"https:\\\/\\\/lasentinelle.dz\\\/#\\\/schema\\\/logo\\\/image\\\/\"},\"sameAs\":[\"https:\\\/\\\/www.facebook.com\\\/La-Sentinelle-104059864394773\"]},{\"@type\":\"Person\",\"@id\":\"https:\\\/\\\/lasentinelle.dz\\\/#\\\/schema\\\/person\\\/729ee0024f24e0b8c5ec17232f8e8b41\",\"name\":\"admin\",\"image\":{\"@type\":\"ImageObject\",\"inLanguage\":\"fr-FR\",\"@id\":\"https:\\\/\\\/secure.gravatar.com\\\/avatar\\\/4c81fed838786e9b53f540bf46533e750f5d292099ae3b66cfc6fb1982e29df7?s=96&d=mm&r=g\",\"url\":\"https:\\\/\\\/secure.gravatar.com\\\/avatar\\\/4c81fed838786e9b53f540bf46533e750f5d292099ae3b66cfc6fb1982e29df7?s=96&d=mm&r=g\",\"contentUrl\":\"https:\\\/\\\/secure.gravatar.com\\\/avatar\\\/4c81fed838786e9b53f540bf46533e750f5d292099ae3b66cfc6fb1982e29df7?s=96&d=mm&r=g\",\"caption\":\"admin\"},\"description\":\"admin\",\"url\":\"https:\\\/\\\/lasentinelle.dz\\\/author\\\/admin\\\/\"}]}<\/script>\n<!-- \/ Yoast SEO plugin. -->","yoast_head_json":{"title":"Consolider des relations forg\u00e9es dans les luttes anticoloniales communes - La Sentinelle","robots":{"index":"index","follow":"follow","max-snippet":"max-snippet:-1","max-image-preview":"max-image-preview:large","max-video-preview":"max-video-preview:-1"},"canonical":"https:\/\/lasentinelle.dz\/index.php\/2025\/07\/20\/consolider-des-relations-forgees-dans-les-luttes-anticoloniales-communes\/","og_locale":"fr_FR","og_type":"article","og_title":"Consolider des relations forg\u00e9es dans les luttes anticoloniales communes - La Sentinelle","og_description":"Le pr\u00e9sident de la R\u00e9publique du Zimbabwe, Emmerson Mnangagwa, a entam\u00e9 samedi une visite officielle de deux jours en Alg\u00e9rie.","og_url":"https:\/\/lasentinelle.dz\/index.php\/2025\/07\/20\/consolider-des-relations-forgees-dans-les-luttes-anticoloniales-communes\/","og_site_name":"La Sentinelle","article_publisher":"https:\/\/www.facebook.com\/La-Sentinelle-104059864394773","article_published_time":"2025-07-20T11:24:18+00:00","article_modified_time":"2025-07-20T11:24:19+00:00","og_image":[{"width":1280,"height":853,"url":"https:\/\/lasentinelle.dz\/wp-content\/uploads\/2025\/07\/518398043_1166302135531512_4062864939236308898_n.jpg","type":"image\/jpeg"}],"author":"admin","twitter_card":"summary_large_image","twitter_misc":{"\u00c9crit par":"admin","Dur\u00e9e de lecture estim\u00e9e":"4 minutes"},"schema":{"@context":"https:\/\/schema.org","@graph":[{"@type":"Article","@id":"https:\/\/lasentinelle.dz\/index.php\/2025\/07\/20\/consolider-des-relations-forgees-dans-les-luttes-anticoloniales-communes\/#article","isPartOf":{"@id":"https:\/\/lasentinelle.dz\/index.php\/2025\/07\/20\/consolider-des-relations-forgees-dans-les-luttes-anticoloniales-communes\/"},"author":{"name":"admin","@id":"https:\/\/lasentinelle.dz\/#\/schema\/person\/729ee0024f24e0b8c5ec17232f8e8b41"},"headline":"Consolider des relations forg\u00e9es dans les luttes anticoloniales communes","datePublished":"2025-07-20T11:24:18+00:00","dateModified":"2025-07-20T11:24:19+00:00","mainEntityOfPage":{"@id":"https:\/\/lasentinelle.dz\/index.php\/2025\/07\/20\/consolider-des-relations-forgees-dans-les-luttes-anticoloniales-communes\/"},"wordCount":726,"commentCount":1,"publisher":{"@id":"https:\/\/lasentinelle.dz\/#organization"},"image":{"@id":"https:\/\/lasentinelle.dz\/index.php\/2025\/07\/20\/consolider-des-relations-forgees-dans-les-luttes-anticoloniales-communes\/#primaryimage"},"thumbnailUrl":"https:\/\/lasentinelle.dz\/wp-content\/uploads\/2025\/07\/518398043_1166302135531512_4062864939236308898_n.jpg","articleSection":["\u00c0 la Une","Actualit\u00e9"],"inLanguage":"fr-FR","potentialAction":[{"@type":"CommentAction","name":"Comment","target":["https:\/\/lasentinelle.dz\/index.php\/2025\/07\/20\/consolider-des-relations-forgees-dans-les-luttes-anticoloniales-communes\/#respond"]}]},{"@type":"WebPage","@id":"https:\/\/lasentinelle.dz\/index.php\/2025\/07\/20\/consolider-des-relations-forgees-dans-les-luttes-anticoloniales-communes\/","url":"https:\/\/lasentinelle.dz\/index.php\/2025\/07\/20\/consolider-des-relations-forgees-dans-les-luttes-anticoloniales-communes\/","name":"Consolider des relations forg\u00e9es dans les luttes anticoloniales communes - La Sentinelle","isPartOf":{"@id":"https:\/\/lasentinelle.dz\/#website"},"primaryImageOfPage":{"@id":"https:\/\/lasentinelle.dz\/index.php\/2025\/07\/20\/consolider-des-relations-forgees-dans-les-luttes-anticoloniales-communes\/#primaryimage"},"image":{"@id":"https:\/\/lasentinelle.dz\/index.php\/2025\/07\/20\/consolider-des-relations-forgees-dans-les-luttes-anticoloniales-communes\/#primaryimage"},"thumbnailUrl":"https:\/\/lasentinelle.dz\/wp-content\/uploads\/2025\/07\/518398043_1166302135531512_4062864939236308898_n.jpg","datePublished":"2025-07-20T11:24:18+00:00","dateModified":"2025-07-20T11:24:19+00:00","breadcrumb":{"@id":"https:\/\/lasentinelle.dz\/index.php\/2025\/07\/20\/consolider-des-relations-forgees-dans-les-luttes-anticoloniales-communes\/#breadcrumb"},"inLanguage":"fr-FR","potentialAction":[{"@type":"ReadAction","target":["https:\/\/lasentinelle.dz\/index.php\/2025\/07\/20\/consolider-des-relations-forgees-dans-les-luttes-anticoloniales-communes\/"]}]},{"@type":"ImageObject","inLanguage":"fr-FR","@id":"https:\/\/lasentinelle.dz\/index.php\/2025\/07\/20\/consolider-des-relations-forgees-dans-les-luttes-anticoloniales-communes\/#primaryimage","url":"https:\/\/lasentinelle.dz\/wp-content\/uploads\/2025\/07\/518398043_1166302135531512_4062864939236308898_n.jpg","contentUrl":"https:\/\/lasentinelle.dz\/wp-content\/uploads\/2025\/07\/518398043_1166302135531512_4062864939236308898_n.jpg","width":1280,"height":853},{"@type":"BreadcrumbList","@id":"https:\/\/lasentinelle.dz\/index.php\/2025\/07\/20\/consolider-des-relations-forgees-dans-les-luttes-anticoloniales-communes\/#breadcrumb","itemListElement":[{"@type":"ListItem","position":1,"name":"Accueil","item":"https:\/\/lasentinelle.dz\/"},{"@type":"ListItem","position":2,"name":"Consolider des relations forg\u00e9es dans les luttes anticoloniales communes"}]},{"@type":"WebSite","@id":"https:\/\/lasentinelle.dz\/#website","url":"https:\/\/lasentinelle.dz\/","name":"La Sentinelle","description":"Quotidien national d&#039;information","publisher":{"@id":"https:\/\/lasentinelle.dz\/#organization"},"potentialAction":[{"@type":"SearchAction","target":{"@type":"EntryPoint","urlTemplate":"https:\/\/lasentinelle.dz\/?s={search_term_string}"},"query-input":{"@type":"PropertyValueSpecification","valueRequired":true,"valueName":"search_term_string"}}],"inLanguage":"fr-FR"},{"@type":"Organization","@id":"https:\/\/lasentinelle.dz\/#organization","name":"Quotidien La Sentinelle","url":"https:\/\/lasentinelle.dz\/","logo":{"@type":"ImageObject","inLanguage":"fr-FR","@id":"https:\/\/lasentinelle.dz\/#\/schema\/logo\/image\/","url":"https:\/\/lasentinelle.dz\/wp-content\/uploads\/2021\/09\/logo-sentinelleSLOGAN-1.png","contentUrl":"https:\/\/lasentinelle.dz\/wp-content\/uploads\/2021\/09\/logo-sentinelleSLOGAN-1.png","width":615,"height":142,"caption":"Quotidien La Sentinelle"},"image":{"@id":"https:\/\/lasentinelle.dz\/#\/schema\/logo\/image\/"},"sameAs":["https:\/\/www.facebook.com\/La-Sentinelle-104059864394773"]},{"@type":"Person","@id":"https:\/\/lasentinelle.dz\/#\/schema\/person\/729ee0024f24e0b8c5ec17232f8e8b41","name":"admin","image":{"@type":"ImageObject","inLanguage":"fr-FR","@id":"https:\/\/secure.gravatar.com\/avatar\/4c81fed838786e9b53f540bf46533e750f5d292099ae3b66cfc6fb1982e29df7?s=96&d=mm&r=g","url":"https:\/\/secure.gravatar.com\/avatar\/4c81fed838786e9b53f540bf46533e750f5d292099ae3b66cfc6fb1982e29df7?s=96&d=mm&r=g","contentUrl":"https:\/\/secure.gravatar.com\/avatar\/4c81fed838786e9b53f540bf46533e750f5d292099ae3b66cfc6fb1982e29df7?s=96&d=mm&r=g","caption":"admin"},"description":"admin","url":"https:\/\/lasentinelle.dz\/author\/admin\/"}]}},"_links":{"self":[{"href":"https:\/\/lasentinelle.dz\/index.php\/wp-json\/wp\/v2\/posts\/70611","targetHints":{"allow":["GET"]}}],"collection":[{"href":"https:\/\/lasentinelle.dz\/index.php\/wp-json\/wp\/v2\/posts"}],"about":[{"href":"https:\/\/lasentinelle.dz\/index.php\/wp-json\/wp\/v2\/types\/post"}],"author":[{"embeddable":true,"href":"https:\/\/lasentinelle.dz\/index.php\/wp-json\/wp\/v2\/users\/6"}],"replies":[{"embeddable":true,"href":"https:\/\/lasentinelle.dz\/index.php\/wp-json\/wp\/v2\/comments?post=70611"}],"version-history":[{"count":1,"href":"https:\/\/lasentinelle.dz\/index.php\/wp-json\/wp\/v2\/posts\/70611\/revisions"}],"predecessor-version":[{"id":70613,"href":"https:\/\/lasentinelle.dz\/index.php\/wp-json\/wp\/v2\/posts\/70611\/revisions\/70613"}],"wp:featuredmedia":[{"embeddable":true,"href":"https:\/\/lasentinelle.dz\/index.php\/wp-json\/wp\/v2\/media\/70612"}],"wp:attachment":[{"href":"https:\/\/lasentinelle.dz\/index.php\/wp-json\/wp\/v2\/media?parent=70611"}],"wp:term":[{"taxonomy":"category","embeddable":true,"href":"https:\/\/lasentinelle.dz\/index.php\/wp-json\/wp\/v2\/categories?post=70611"},{"taxonomy":"post_tag","embeddable":true,"href":"https:\/\/lasentinelle.dz\/index.php\/wp-json\/wp\/v2\/tags?post=70611"}],"curies":[{"name":"wp","href":"https:\/\/api.w.org\/{rel}","templated":true}]}}