{"id":70614,"date":"2025-07-20T12:25:39","date_gmt":"2025-07-20T11:25:39","guid":{"rendered":"https:\/\/lasentinelle.dz\/?p=70614"},"modified":"2025-07-20T12:25:41","modified_gmt":"2025-07-20T11:25:41","slug":"politique-bouden-elu-secretaire-general-du-rnd","status":"publish","type":"post","link":"https:\/\/lasentinelle.dz\/index.php\/2025\/07\/20\/politique-bouden-elu-secretaire-general-du-rnd\/","title":{"rendered":"Politique : Bouden \u00e9lu secr\u00e9taire g\u00e9n\u00e9ral du RND"},"content":{"rendered":"\n<p>Le paysage politique alg\u00e9rien a connu un week-end particuli\u00e8rement riche en \u00e9v\u00e9nements, marqu\u00e9 par l&rsquo;\u00e9lection de Monder Bouden \u00e0 la t\u00eate du Rassemblement national d\u00e9mocratique (RND) et par un discours significatif du Premier Secr\u00e9taire du Front des Forces Socialistes (FFS) appelant \u00e0 l&rsquo;unit\u00e9 nationale.<\/p>\n\n\n\n<p>Samedi \u00e0 Alger, Monder Bouden a \u00e9t\u00e9 \u00e9lu \u00e0 l&rsquo;unanimit\u00e9 secr\u00e9taire g\u00e9n\u00e9ral du RND lors du 7e Congr\u00e8s du parti, organis\u00e9 au Centre international des conf\u00e9rences Abdelatif-Rahal. Cette \u00e9lection s&rsquo;est d\u00e9roul\u00e9e en pr\u00e9sence de quelque 2.500 d\u00e9l\u00e9gu\u00e9s, de membres du gouvernement ainsi que de chefs et repr\u00e9sentants de partis politiques et d&rsquo;organismes nationaux. L&rsquo;\u00e9v\u00e9nement a b\u00e9n\u00e9fici\u00e9 de la pr\u00e9sence du Conseiller aupr\u00e8s du pr\u00e9sident de la R\u00e9publique charg\u00e9 des affaires politiques et des relations avec la jeunesse, la soci\u00e9t\u00e9 civile et les partis politiques, Zoheir Bouamama, t\u00e9moignant de l&rsquo;importance accord\u00e9e par les autorit\u00e9s \u00e0 ce rendez-vous politique.<\/p>\n\n\n\n<p>Dans son allocution post-\u00e9lection, le nouveau secr\u00e9taire g\u00e9n\u00e9ral du RND a salu\u00e9 la confiance qui lui a \u00e9t\u00e9 accord\u00e9e pour diriger le parti \u00ab\u00a0en cette phase charni\u00e8re\u00a0\u00bb. Bouden a particuli\u00e8rement mis en avant la participation \u00ab\u00a0record\u00a0\u00bb des jeunes \u00e0 ce Congr\u00e8s, qu&rsquo;il a qualifi\u00e9e de \u00ab\u00a0fruit de la vision de r\u00e9forme lanc\u00e9e par le pr\u00e9sident de la R\u00e9publique, Abdelmadjid Tebboune, pour placer la jeunesse au c\u0153ur du projet de l&rsquo;Alg\u00e9rie nouvelle et victorieuse\u00a0\u00bb. Cette r\u00e9f\u00e9rence \u00e0 la jeunesse s&rsquo;inscrit dans la continuit\u00e9 des r\u00e9formes constitutionnelles r\u00e9centes qui, selon le nouveau dirigeant du RND, \u00ab\u00a0ont r\u00e9habilit\u00e9 la cat\u00e9gorie des jeunes, en leur ouvrant l&rsquo;acc\u00e8s \u00e0 des postes au sein des institutions de l&rsquo;\u00c9tat\u00a0\u00bb.<\/p>\n\n\n\n<p>L&rsquo;arriv\u00e9e de Bouden \u00e0 la t\u00eate du RND marque une transition apr\u00e8s le retrait de l&rsquo;ancien secr\u00e9taire g\u00e9n\u00e9ral Mustapha Yahi. Depuis fin mai dernier, Bouden \u00e9tait d\u00e9j\u00e0 charg\u00e9 de la gestion du parti et de la pr\u00e9sidence du comit\u00e9 national pr\u00e9paratoire de ce 7e Congr\u00e8s. Les travaux du Congr\u00e8s, pr\u00e9sid\u00e9s par Mohamed Mebarki, pr\u00e9sident du bureau provisoire, ont d\u00e9but\u00e9 par la pr\u00e9sentation des rapports moral et financier sur les activit\u00e9s du parti. \u00c0 cette occasion, le nouveau secr\u00e9taire g\u00e9n\u00e9ral a affirm\u00e9 que \u00ab\u00a0la tenue de ce Congr\u00e8s t\u00e9moigne de l&rsquo;engagement du parti \u00e0 respecter ses \u00e9ch\u00e9ances statutaires\u00a0\u00bb, soulignant ainsi l&rsquo;importance du renouvellement d\u00e9mocratique au sein des formations politiques.<\/p>\n\n\n\n<p><strong>Le FFS appelle \u00e0 d\u00e9passer les clivages<\/strong><\/p>\n\n\n\n<p>Parall\u00e8lement, le m\u00eame jour \u00e0 Bechloul dans la wilaya de Bouira, le Premier Secr\u00e9taire national du Front des Forces Socialistes tenait une conf\u00e9rence politique d&rsquo;\u00e9valuation aux accents particuli\u00e8rement engag\u00e9s. Son intervention s&rsquo;est concentr\u00e9e sur un appel pressant \u00e0 l&rsquo;unit\u00e9 nationale, dans un contexte qu&rsquo;il d\u00e9crit comme marqu\u00e9 par des tentatives de r\u00e9surgence des \u00ab\u00a0d\u00e9mons des polarisations id\u00e9ologiques destructrices\u00a0\u00bb. Le dirigeant du FFS a mis en garde avec fermet\u00e9 contre ceux qui cherchent \u00e0 \u00ab\u00a0dresser les Alg\u00e9riens les uns contre les autres\u00a0\u00bb par des discours belliqueux et des pol\u00e9miques qu&rsquo;il qualifie \u00ab\u00a0d&rsquo;un autre \u00e2ge\u00a0\u00bb, visant selon lui \u00e0 enfermer le pays dans une \u00ab\u00a0spirale de fitna et de division\u00a0\u00bb.<\/p>\n\n\n\n<p>Pour le Premier Secr\u00e9taire du FFS, \u00ab\u00a0l&rsquo;unit\u00e9 nationale n&rsquo;est pas n\u00e9gociable, c&rsquo;est une ligne rouge\u00a0\u00bb, d\u00e9claration qui constitue le c\u0153ur de son message politique. Cette unit\u00e9 est pr\u00e9sent\u00e9e comme \u00e9tant \u00ab\u00a0au c\u0153ur du projet de soci\u00e9t\u00e9\u00a0\u00bb et repr\u00e9sentant \u00ab\u00a0la condition sine qua non de toute r\u00e9silience p\u00e9renne, de toute souverainet\u00e9, de tout progr\u00e8s \u00e9conomique et social durable\u00a0\u00bb. Cette vision s&rsquo;accompagne d&rsquo;une r\u00e9affirmation forte que \u00ab\u00a0notre diversit\u00e9 et notre pluralit\u00e9 sont notre force\u00a0\u00bb, l&rsquo;identit\u00e9 nationale alg\u00e9rienne \u00e9tant pr\u00e9sent\u00e9e comme le fruit d&rsquo;un \u00ab\u00a0h\u00e9ritage historique plurimill\u00e9naire\u00a0\u00bb o\u00f9 \u00ab\u00a0l&rsquo;islam, l&rsquo;amazighit\u00e9, l&rsquo;arabit\u00e9 et la modernit\u00e9 ne s&rsquo;opposent pas\u00a0\u00bb mais \u00ab\u00a0coexistent et se compl\u00e8tent\u00a0\u00bb.<\/p>\n\n\n\n<p>Le discours du FFS rejette fermement les faux clivages entre islamisme et la\u00efcit\u00e9, amazighit\u00e9 et arabit\u00e9, modernit\u00e9 et tradition. Face aux d\u00e9fis actuels, le parti propose d&rsquo;engager le pays vers \u00ab\u00a0la reconstruction d&rsquo;un pacte national\u00a0\u00bb, un \u00ab\u00a0sursaut collectif fond\u00e9 sur nos valeurs communes\u00a0\u00bb. Ce pacte devrait se concentrer \u00ab\u00a0sur ce qui nous rassemble, et non sur ce qui nous divise\u00a0\u00bb, reconna\u00eetre la diversit\u00e9 culturelle et politique, et ouvrir la voie \u00e0 des r\u00e9formes d\u00e9mocratiques profondes.<\/p>\n\n\n\n<p>L&rsquo;unit\u00e9 pr\u00f4n\u00e9e par le FFS ne peut \u00eatre confondue avec l&rsquo;unanimisme impos\u00e9 par la force. Elle doit se construire dans \u00ab\u00a0le respect, l&rsquo;\u00e9coute mutuelle et le dialogue\u00a0\u00bb, n\u00e9cessitant une volont\u00e9 politique sinc\u00e8re, des institutions cr\u00e9dibles, et une sc\u00e8ne politique lib\u00e9r\u00e9e des entraves. Le v\u00e9ritable patriotisme est d\u00e9fini comme \u00ab\u00a0le courage de regarder les probl\u00e8mes en face\u00a0\u00bb plut\u00f4t que de brandir des slogans creux, tra\u00e7ant une ligne claire entre les \u00ab\u00a0forces patriotiques sinc\u00e8rement engag\u00e9es pour l&rsquo;unit\u00e9, la souverainet\u00e9, la libert\u00e9 et la d\u00e9mocratie\u00a0\u00bb d&rsquo;un c\u00f4t\u00e9, et les \u00ab\u00a0vassaux anti-nationaux\u00a0\u00bb de l&rsquo;autre.<\/p>\n\n\n\n<p>Hocine Fadheli<\/p>\n","protected":false},"excerpt":{"rendered":"<p>Le paysage politique alg\u00e9rien a connu un week-end particuli\u00e8rement riche en \u00e9v\u00e9nements, marqu\u00e9 par l&rsquo;\u00e9lection de Monder Bouden \u00e0 la<\/p>\n","protected":false},"author":6,"featured_media":70615,"comment_status":"open","ping_status":"closed","sticky":false,"template":"","format":"standard","meta":{"colormag_page_container_layout":"default_layout","colormag_page_sidebar_layout":"default_layout","om_disable_all_campaigns":false,"_monsterinsights_skip_tracking":false,"_monsterinsights_sitenote_active":false,"_monsterinsights_sitenote_note":"","_monsterinsights_sitenote_category":0,"footnotes":"","_wpscppro_dont_share_socialmedia":false,"_wpscppro_custom_social_share_image":0,"_facebook_share_type":"default","_twitter_share_type":"default","_linkedin_share_type":"default","_pinterest_share_type":"default","_linkedin_share_type_page":"","_instagram_share_type":"default","_medium_share_type":"default","_threads_share_type":"","_google_business_share_type":"","_selected_social_profile":[],"_wpsp_enable_custom_social_template":false,"_wpsp_social_scheduling":{"enabled":false,"datetime":null,"platforms":[],"status":"template_only","dateOption":"today","timeOption":"now","customDays":"","customHours":"","customDate":"","customTime":"","schedulingType":"absolute"},"_wpsp_active_default_template":true},"categories":[52,27],"tags":[],"class_list":["post-70614","post","type-post","status-publish","format-standard","has-post-thumbnail","hentry","category-a-la-une","category-actualite"],"aioseo_notices":[],"yoast_head":"<!-- This site is optimized with the Yoast SEO plugin v27.5 - https:\/\/yoast.com\/product\/yoast-seo-wordpress\/ -->\n<title>Politique : Bouden \u00e9lu secr\u00e9taire g\u00e9n\u00e9ral du RND - La Sentinelle<\/title>\n<meta name=\"robots\" content=\"index, follow, max-snippet:-1, max-image-preview:large, max-video-preview:-1\" \/>\n<link rel=\"canonical\" href=\"https:\/\/lasentinelle.dz\/index.php\/2025\/07\/20\/politique-bouden-elu-secretaire-general-du-rnd\/\" \/>\n<meta property=\"og:locale\" content=\"fr_FR\" \/>\n<meta property=\"og:type\" content=\"article\" \/>\n<meta property=\"og:title\" content=\"Politique : Bouden \u00e9lu secr\u00e9taire g\u00e9n\u00e9ral du RND - La Sentinelle\" \/>\n<meta property=\"og:description\" content=\"Le paysage politique alg\u00e9rien a connu un week-end particuli\u00e8rement riche en \u00e9v\u00e9nements, marqu\u00e9 par l&rsquo;\u00e9lection de Monder Bouden \u00e0 la\" \/>\n<meta property=\"og:url\" content=\"https:\/\/lasentinelle.dz\/index.php\/2025\/07\/20\/politique-bouden-elu-secretaire-general-du-rnd\/\" \/>\n<meta property=\"og:site_name\" content=\"La Sentinelle\" \/>\n<meta property=\"article:publisher\" content=\"https:\/\/www.facebook.com\/La-Sentinelle-104059864394773\" \/>\n<meta property=\"article:published_time\" content=\"2025-07-20T11:25:39+00:00\" \/>\n<meta property=\"article:modified_time\" content=\"2025-07-20T11:25:41+00:00\" \/>\n<meta property=\"og:image\" content=\"https:\/\/lasentinelle.dz\/wp-content\/uploads\/2025\/07\/Bouden.jpg\" \/>\n\t<meta property=\"og:image:width\" content=\"580\" \/>\n\t<meta property=\"og:image:height\" content=\"350\" \/>\n\t<meta property=\"og:image:type\" content=\"image\/jpeg\" \/>\n<meta name=\"author\" content=\"admin\" \/>\n<meta name=\"twitter:card\" content=\"summary_large_image\" \/>\n<meta name=\"twitter:label1\" content=\"\u00c9crit par\" \/>\n\t<meta name=\"twitter:data1\" content=\"admin\" \/>\n\t<meta name=\"twitter:label2\" content=\"Dur\u00e9e de lecture estim\u00e9e\" \/>\n\t<meta name=\"twitter:data2\" content=\"5 minutes\" \/>\n<script type=\"application\/ld+json\" class=\"yoast-schema-graph\">{\"@context\":\"https:\\\/\\\/schema.org\",\"@graph\":[{\"@type\":\"Article\",\"@id\":\"https:\\\/\\\/lasentinelle.dz\\\/index.php\\\/2025\\\/07\\\/20\\\/politique-bouden-elu-secretaire-general-du-rnd\\\/#article\",\"isPartOf\":{\"@id\":\"https:\\\/\\\/lasentinelle.dz\\\/index.php\\\/2025\\\/07\\\/20\\\/politique-bouden-elu-secretaire-general-du-rnd\\\/\"},\"author\":{\"name\":\"admin\",\"@id\":\"https:\\\/\\\/lasentinelle.dz\\\/#\\\/schema\\\/person\\\/729ee0024f24e0b8c5ec17232f8e8b41\"},\"headline\":\"Politique : Bouden \u00e9lu secr\u00e9taire g\u00e9n\u00e9ral du RND\",\"datePublished\":\"2025-07-20T11:25:39+00:00\",\"dateModified\":\"2025-07-20T11:25:41+00:00\",\"mainEntityOfPage\":{\"@id\":\"https:\\\/\\\/lasentinelle.dz\\\/index.php\\\/2025\\\/07\\\/20\\\/politique-bouden-elu-secretaire-general-du-rnd\\\/\"},\"wordCount\":905,\"commentCount\":0,\"publisher\":{\"@id\":\"https:\\\/\\\/lasentinelle.dz\\\/#organization\"},\"image\":{\"@id\":\"https:\\\/\\\/lasentinelle.dz\\\/index.php\\\/2025\\\/07\\\/20\\\/politique-bouden-elu-secretaire-general-du-rnd\\\/#primaryimage\"},\"thumbnailUrl\":\"https:\\\/\\\/lasentinelle.dz\\\/wp-content\\\/uploads\\\/2025\\\/07\\\/Bouden.jpg\",\"articleSection\":[\"\u00c0 la Une\",\"Actualit\u00e9\"],\"inLanguage\":\"fr-FR\",\"potentialAction\":[{\"@type\":\"CommentAction\",\"name\":\"Comment\",\"target\":[\"https:\\\/\\\/lasentinelle.dz\\\/index.php\\\/2025\\\/07\\\/20\\\/politique-bouden-elu-secretaire-general-du-rnd\\\/#respond\"]}]},{\"@type\":\"WebPage\",\"@id\":\"https:\\\/\\\/lasentinelle.dz\\\/index.php\\\/2025\\\/07\\\/20\\\/politique-bouden-elu-secretaire-general-du-rnd\\\/\",\"url\":\"https:\\\/\\\/lasentinelle.dz\\\/index.php\\\/2025\\\/07\\\/20\\\/politique-bouden-elu-secretaire-general-du-rnd\\\/\",\"name\":\"Politique : Bouden \u00e9lu secr\u00e9taire g\u00e9n\u00e9ral du RND - La Sentinelle\",\"isPartOf\":{\"@id\":\"https:\\\/\\\/lasentinelle.dz\\\/#website\"},\"primaryImageOfPage\":{\"@id\":\"https:\\\/\\\/lasentinelle.dz\\\/index.php\\\/2025\\\/07\\\/20\\\/politique-bouden-elu-secretaire-general-du-rnd\\\/#primaryimage\"},\"image\":{\"@id\":\"https:\\\/\\\/lasentinelle.dz\\\/index.php\\\/2025\\\/07\\\/20\\\/politique-bouden-elu-secretaire-general-du-rnd\\\/#primaryimage\"},\"thumbnailUrl\":\"https:\\\/\\\/lasentinelle.dz\\\/wp-content\\\/uploads\\\/2025\\\/07\\\/Bouden.jpg\",\"datePublished\":\"2025-07-20T11:25:39+00:00\",\"dateModified\":\"2025-07-20T11:25:41+00:00\",\"breadcrumb\":{\"@id\":\"https:\\\/\\\/lasentinelle.dz\\\/index.php\\\/2025\\\/07\\\/20\\\/politique-bouden-elu-secretaire-general-du-rnd\\\/#breadcrumb\"},\"inLanguage\":\"fr-FR\",\"potentialAction\":[{\"@type\":\"ReadAction\",\"target\":[\"https:\\\/\\\/lasentinelle.dz\\\/index.php\\\/2025\\\/07\\\/20\\\/politique-bouden-elu-secretaire-general-du-rnd\\\/\"]}]},{\"@type\":\"ImageObject\",\"inLanguage\":\"fr-FR\",\"@id\":\"https:\\\/\\\/lasentinelle.dz\\\/index.php\\\/2025\\\/07\\\/20\\\/politique-bouden-elu-secretaire-general-du-rnd\\\/#primaryimage\",\"url\":\"https:\\\/\\\/lasentinelle.dz\\\/wp-content\\\/uploads\\\/2025\\\/07\\\/Bouden.jpg\",\"contentUrl\":\"https:\\\/\\\/lasentinelle.dz\\\/wp-content\\\/uploads\\\/2025\\\/07\\\/Bouden.jpg\",\"width\":580,\"height\":350},{\"@type\":\"BreadcrumbList\",\"@id\":\"https:\\\/\\\/lasentinelle.dz\\\/index.php\\\/2025\\\/07\\\/20\\\/politique-bouden-elu-secretaire-general-du-rnd\\\/#breadcrumb\",\"itemListElement\":[{\"@type\":\"ListItem\",\"position\":1,\"name\":\"Accueil\",\"item\":\"https:\\\/\\\/lasentinelle.dz\\\/\"},{\"@type\":\"ListItem\",\"position\":2,\"name\":\"Politique : Bouden \u00e9lu secr\u00e9taire g\u00e9n\u00e9ral du RND\"}]},{\"@type\":\"WebSite\",\"@id\":\"https:\\\/\\\/lasentinelle.dz\\\/#website\",\"url\":\"https:\\\/\\\/lasentinelle.dz\\\/\",\"name\":\"La Sentinelle\",\"description\":\"Quotidien national d&#039;information\",\"publisher\":{\"@id\":\"https:\\\/\\\/lasentinelle.dz\\\/#organization\"},\"potentialAction\":[{\"@type\":\"SearchAction\",\"target\":{\"@type\":\"EntryPoint\",\"urlTemplate\":\"https:\\\/\\\/lasentinelle.dz\\\/?s={search_term_string}\"},\"query-input\":{\"@type\":\"PropertyValueSpecification\",\"valueRequired\":true,\"valueName\":\"search_term_string\"}}],\"inLanguage\":\"fr-FR\"},{\"@type\":\"Organization\",\"@id\":\"https:\\\/\\\/lasentinelle.dz\\\/#organization\",\"name\":\"Quotidien La Sentinelle\",\"url\":\"https:\\\/\\\/lasentinelle.dz\\\/\",\"logo\":{\"@type\":\"ImageObject\",\"inLanguage\":\"fr-FR\",\"@id\":\"https:\\\/\\\/lasentinelle.dz\\\/#\\\/schema\\\/logo\\\/image\\\/\",\"url\":\"https:\\\/\\\/lasentinelle.dz\\\/wp-content\\\/uploads\\\/2021\\\/09\\\/logo-sentinelleSLOGAN-1.png\",\"contentUrl\":\"https:\\\/\\\/lasentinelle.dz\\\/wp-content\\\/uploads\\\/2021\\\/09\\\/logo-sentinelleSLOGAN-1.png\",\"width\":615,\"height\":142,\"caption\":\"Quotidien La Sentinelle\"},\"image\":{\"@id\":\"https:\\\/\\\/lasentinelle.dz\\\/#\\\/schema\\\/logo\\\/image\\\/\"},\"sameAs\":[\"https:\\\/\\\/www.facebook.com\\\/La-Sentinelle-104059864394773\"]},{\"@type\":\"Person\",\"@id\":\"https:\\\/\\\/lasentinelle.dz\\\/#\\\/schema\\\/person\\\/729ee0024f24e0b8c5ec17232f8e8b41\",\"name\":\"admin\",\"image\":{\"@type\":\"ImageObject\",\"inLanguage\":\"fr-FR\",\"@id\":\"https:\\\/\\\/secure.gravatar.com\\\/avatar\\\/4c81fed838786e9b53f540bf46533e750f5d292099ae3b66cfc6fb1982e29df7?s=96&d=mm&r=g\",\"url\":\"https:\\\/\\\/secure.gravatar.com\\\/avatar\\\/4c81fed838786e9b53f540bf46533e750f5d292099ae3b66cfc6fb1982e29df7?s=96&d=mm&r=g\",\"contentUrl\":\"https:\\\/\\\/secure.gravatar.com\\\/avatar\\\/4c81fed838786e9b53f540bf46533e750f5d292099ae3b66cfc6fb1982e29df7?s=96&d=mm&r=g\",\"caption\":\"admin\"},\"description\":\"admin\",\"url\":\"https:\\\/\\\/lasentinelle.dz\\\/author\\\/admin\\\/\"}]}<\/script>\n<!-- \/ Yoast SEO plugin. -->","yoast_head_json":{"title":"Politique : Bouden \u00e9lu secr\u00e9taire g\u00e9n\u00e9ral du RND - La Sentinelle","robots":{"index":"index","follow":"follow","max-snippet":"max-snippet:-1","max-image-preview":"max-image-preview:large","max-video-preview":"max-video-preview:-1"},"canonical":"https:\/\/lasentinelle.dz\/index.php\/2025\/07\/20\/politique-bouden-elu-secretaire-general-du-rnd\/","og_locale":"fr_FR","og_type":"article","og_title":"Politique : Bouden \u00e9lu secr\u00e9taire g\u00e9n\u00e9ral du RND - La Sentinelle","og_description":"Le paysage politique alg\u00e9rien a connu un week-end particuli\u00e8rement riche en \u00e9v\u00e9nements, marqu\u00e9 par l&rsquo;\u00e9lection de Monder Bouden \u00e0 la","og_url":"https:\/\/lasentinelle.dz\/index.php\/2025\/07\/20\/politique-bouden-elu-secretaire-general-du-rnd\/","og_site_name":"La Sentinelle","article_publisher":"https:\/\/www.facebook.com\/La-Sentinelle-104059864394773","article_published_time":"2025-07-20T11:25:39+00:00","article_modified_time":"2025-07-20T11:25:41+00:00","og_image":[{"width":580,"height":350,"url":"https:\/\/lasentinelle.dz\/wp-content\/uploads\/2025\/07\/Bouden.jpg","type":"image\/jpeg"}],"author":"admin","twitter_card":"summary_large_image","twitter_misc":{"\u00c9crit par":"admin","Dur\u00e9e de lecture estim\u00e9e":"5 minutes"},"schema":{"@context":"https:\/\/schema.org","@graph":[{"@type":"Article","@id":"https:\/\/lasentinelle.dz\/index.php\/2025\/07\/20\/politique-bouden-elu-secretaire-general-du-rnd\/#article","isPartOf":{"@id":"https:\/\/lasentinelle.dz\/index.php\/2025\/07\/20\/politique-bouden-elu-secretaire-general-du-rnd\/"},"author":{"name":"admin","@id":"https:\/\/lasentinelle.dz\/#\/schema\/person\/729ee0024f24e0b8c5ec17232f8e8b41"},"headline":"Politique : Bouden \u00e9lu secr\u00e9taire g\u00e9n\u00e9ral du RND","datePublished":"2025-07-20T11:25:39+00:00","dateModified":"2025-07-20T11:25:41+00:00","mainEntityOfPage":{"@id":"https:\/\/lasentinelle.dz\/index.php\/2025\/07\/20\/politique-bouden-elu-secretaire-general-du-rnd\/"},"wordCount":905,"commentCount":0,"publisher":{"@id":"https:\/\/lasentinelle.dz\/#organization"},"image":{"@id":"https:\/\/lasentinelle.dz\/index.php\/2025\/07\/20\/politique-bouden-elu-secretaire-general-du-rnd\/#primaryimage"},"thumbnailUrl":"https:\/\/lasentinelle.dz\/wp-content\/uploads\/2025\/07\/Bouden.jpg","articleSection":["\u00c0 la Une","Actualit\u00e9"],"inLanguage":"fr-FR","potentialAction":[{"@type":"CommentAction","name":"Comment","target":["https:\/\/lasentinelle.dz\/index.php\/2025\/07\/20\/politique-bouden-elu-secretaire-general-du-rnd\/#respond"]}]},{"@type":"WebPage","@id":"https:\/\/lasentinelle.dz\/index.php\/2025\/07\/20\/politique-bouden-elu-secretaire-general-du-rnd\/","url":"https:\/\/lasentinelle.dz\/index.php\/2025\/07\/20\/politique-bouden-elu-secretaire-general-du-rnd\/","name":"Politique : Bouden \u00e9lu secr\u00e9taire g\u00e9n\u00e9ral du RND - La Sentinelle","isPartOf":{"@id":"https:\/\/lasentinelle.dz\/#website"},"primaryImageOfPage":{"@id":"https:\/\/lasentinelle.dz\/index.php\/2025\/07\/20\/politique-bouden-elu-secretaire-general-du-rnd\/#primaryimage"},"image":{"@id":"https:\/\/lasentinelle.dz\/index.php\/2025\/07\/20\/politique-bouden-elu-secretaire-general-du-rnd\/#primaryimage"},"thumbnailUrl":"https:\/\/lasentinelle.dz\/wp-content\/uploads\/2025\/07\/Bouden.jpg","datePublished":"2025-07-20T11:25:39+00:00","dateModified":"2025-07-20T11:25:41+00:00","breadcrumb":{"@id":"https:\/\/lasentinelle.dz\/index.php\/2025\/07\/20\/politique-bouden-elu-secretaire-general-du-rnd\/#breadcrumb"},"inLanguage":"fr-FR","potentialAction":[{"@type":"ReadAction","target":["https:\/\/lasentinelle.dz\/index.php\/2025\/07\/20\/politique-bouden-elu-secretaire-general-du-rnd\/"]}]},{"@type":"ImageObject","inLanguage":"fr-FR","@id":"https:\/\/lasentinelle.dz\/index.php\/2025\/07\/20\/politique-bouden-elu-secretaire-general-du-rnd\/#primaryimage","url":"https:\/\/lasentinelle.dz\/wp-content\/uploads\/2025\/07\/Bouden.jpg","contentUrl":"https:\/\/lasentinelle.dz\/wp-content\/uploads\/2025\/07\/Bouden.jpg","width":580,"height":350},{"@type":"BreadcrumbList","@id":"https:\/\/lasentinelle.dz\/index.php\/2025\/07\/20\/politique-bouden-elu-secretaire-general-du-rnd\/#breadcrumb","itemListElement":[{"@type":"ListItem","position":1,"name":"Accueil","item":"https:\/\/lasentinelle.dz\/"},{"@type":"ListItem","position":2,"name":"Politique : Bouden \u00e9lu secr\u00e9taire g\u00e9n\u00e9ral du RND"}]},{"@type":"WebSite","@id":"https:\/\/lasentinelle.dz\/#website","url":"https:\/\/lasentinelle.dz\/","name":"La Sentinelle","description":"Quotidien national d&#039;information","publisher":{"@id":"https:\/\/lasentinelle.dz\/#organization"},"potentialAction":[{"@type":"SearchAction","target":{"@type":"EntryPoint","urlTemplate":"https:\/\/lasentinelle.dz\/?s={search_term_string}"},"query-input":{"@type":"PropertyValueSpecification","valueRequired":true,"valueName":"search_term_string"}}],"inLanguage":"fr-FR"},{"@type":"Organization","@id":"https:\/\/lasentinelle.dz\/#organization","name":"Quotidien La Sentinelle","url":"https:\/\/lasentinelle.dz\/","logo":{"@type":"ImageObject","inLanguage":"fr-FR","@id":"https:\/\/lasentinelle.dz\/#\/schema\/logo\/image\/","url":"https:\/\/lasentinelle.dz\/wp-content\/uploads\/2021\/09\/logo-sentinelleSLOGAN-1.png","contentUrl":"https:\/\/lasentinelle.dz\/wp-content\/uploads\/2021\/09\/logo-sentinelleSLOGAN-1.png","width":615,"height":142,"caption":"Quotidien La Sentinelle"},"image":{"@id":"https:\/\/lasentinelle.dz\/#\/schema\/logo\/image\/"},"sameAs":["https:\/\/www.facebook.com\/La-Sentinelle-104059864394773"]},{"@type":"Person","@id":"https:\/\/lasentinelle.dz\/#\/schema\/person\/729ee0024f24e0b8c5ec17232f8e8b41","name":"admin","image":{"@type":"ImageObject","inLanguage":"fr-FR","@id":"https:\/\/secure.gravatar.com\/avatar\/4c81fed838786e9b53f540bf46533e750f5d292099ae3b66cfc6fb1982e29df7?s=96&d=mm&r=g","url":"https:\/\/secure.gravatar.com\/avatar\/4c81fed838786e9b53f540bf46533e750f5d292099ae3b66cfc6fb1982e29df7?s=96&d=mm&r=g","contentUrl":"https:\/\/secure.gravatar.com\/avatar\/4c81fed838786e9b53f540bf46533e750f5d292099ae3b66cfc6fb1982e29df7?s=96&d=mm&r=g","caption":"admin"},"description":"admin","url":"https:\/\/lasentinelle.dz\/author\/admin\/"}]}},"_links":{"self":[{"href":"https:\/\/lasentinelle.dz\/index.php\/wp-json\/wp\/v2\/posts\/70614","targetHints":{"allow":["GET"]}}],"collection":[{"href":"https:\/\/lasentinelle.dz\/index.php\/wp-json\/wp\/v2\/posts"}],"about":[{"href":"https:\/\/lasentinelle.dz\/index.php\/wp-json\/wp\/v2\/types\/post"}],"author":[{"embeddable":true,"href":"https:\/\/lasentinelle.dz\/index.php\/wp-json\/wp\/v2\/users\/6"}],"replies":[{"embeddable":true,"href":"https:\/\/lasentinelle.dz\/index.php\/wp-json\/wp\/v2\/comments?post=70614"}],"version-history":[{"count":1,"href":"https:\/\/lasentinelle.dz\/index.php\/wp-json\/wp\/v2\/posts\/70614\/revisions"}],"predecessor-version":[{"id":70616,"href":"https:\/\/lasentinelle.dz\/index.php\/wp-json\/wp\/v2\/posts\/70614\/revisions\/70616"}],"wp:featuredmedia":[{"embeddable":true,"href":"https:\/\/lasentinelle.dz\/index.php\/wp-json\/wp\/v2\/media\/70615"}],"wp:attachment":[{"href":"https:\/\/lasentinelle.dz\/index.php\/wp-json\/wp\/v2\/media?parent=70614"}],"wp:term":[{"taxonomy":"category","embeddable":true,"href":"https:\/\/lasentinelle.dz\/index.php\/wp-json\/wp\/v2\/categories?post=70614"},{"taxonomy":"post_tag","embeddable":true,"href":"https:\/\/lasentinelle.dz\/index.php\/wp-json\/wp\/v2\/tags?post=70614"}],"curies":[{"name":"wp","href":"https:\/\/api.w.org\/{rel}","templated":true}]}}