{"id":70617,"date":"2025-07-20T12:26:42","date_gmt":"2025-07-20T11:26:42","guid":{"rendered":"https:\/\/lasentinelle.dz\/?p=70617"},"modified":"2025-07-20T12:26:45","modified_gmt":"2025-07-20T11:26:45","slug":"tebboune-met-les-points-sur-le-i","status":"publish","type":"post","link":"https:\/\/lasentinelle.dz\/index.php\/2025\/07\/20\/tebboune-met-les-points-sur-le-i\/","title":{"rendered":"Tebboune met les points sur le \u00ab\u00a0i\u00a0\u00bb"},"content":{"rendered":"\n<p>Le pr\u00e9sident de la R\u00e9publique, Abdelmadjid Tebboune a dress\u00e9 un bilan positif des r\u00e9alisations accomplies tout en tra\u00e7ant les perspectives d&rsquo;un pays en pleine transformation \u00e9conomique et sociale.<\/p>\n\n\n\n<p>Le pr\u00e9sident de la R\u00e9publique, Abdelmadjid Tebboune, a r\u00e9affirm\u00e9 lors de son entrevue p\u00e9riodique avec les repr\u00e9sentants des m\u00e9dias nationaux, diffus\u00e9e vendredi soir, la d\u00e9termination de l&rsquo;\u00c9tat \u00e0 poursuivre la mise en \u0153uvre de tous les programmes trac\u00e9s afin de consolider son ind\u00e9pendance politique et \u00e9conomique. &nbsp;Dans une intervention marqu\u00e9e par l&rsquo;optimisme et la confiance en l&rsquo;avenir, le Pr\u00e9sident Tebboune a dress\u00e9 un bilan positif des r\u00e9alisations accomplies tout en tra\u00e7ant les perspectives d&rsquo;un pays en pleine transformation \u00e9conomique et sociale. \u00ab\u00a0L&rsquo;\u00c9tat est d\u00e9termin\u00e9 \u00e0 poursuivre la mise en \u0153uvre de tous les programmes trac\u00e9s, afin de conforter son ind\u00e9pendance politique et \u00e9conomique\u00a0\u00bb, a d\u00e9clar\u00e9 le pr\u00e9sident Tebboune, soulignant que le citoyen commence \u00e0 percevoir un changement positif notable dans plusieurs secteurs. Le pr\u00e9sident de la R\u00e9publique a insist\u00e9 sur le fait que \u00ab\u00a0les choses avancent comme pr\u00e9vu, conform\u00e9ment aux perspectives trac\u00e9es jusqu&rsquo;\u00e0 la fin de l&rsquo;ann\u00e9e 2025 et 2027, voire m\u00eame jusqu&rsquo;\u00e0 la fin du mandat pr\u00e9sidentiel\u00a0\u00bb.<\/p>\n\n\n\n<p>Des indicateurs au vert<\/p>\n\n\n\n<p>Les r\u00e9sultats \u00e9conomiques pr\u00e9sent\u00e9s par le Pr\u00e9sident Tebboune r\u00e9v\u00e8lent une am\u00e9lioration substantielle de la performance \u00e9conomique nationale. \u00ab\u00a0Tous les indicateurs \u00e9conomiques de l&rsquo;Alg\u00e9rie sont au vert\u00a0\u00bb, a-t-il affirm\u00e9, citant notamment la baisse de l&rsquo;inflation, l&rsquo;augmentation des r\u00e9serves de change et l&rsquo;absence de dette ext\u00e9rieure. Cette situation \u00e9conomique favorable contraste avec les difficult\u00e9s rencontr\u00e9es par de nombreux pays de la r\u00e9gion m\u00e9diterran\u00e9enne. Le taux de croissance \u00e9conomique constitue l&rsquo;un des points saillants de cette performance. \u00ab\u00a0Au regard des investissements en cours, des emplois cr\u00e9\u00e9s et de la dynamique agricole, le taux de croissance \u00e9conomique devrait atteindre au moins 4%, l&rsquo;un des plus \u00e9lev\u00e9s de la r\u00e9gion m\u00e9diterran\u00e9enne\u00a0\u00bb, a pr\u00e9cis\u00e9 le pr\u00e9sident. Cette croissance s&rsquo;accompagne d&rsquo;une ma\u00eetrise de l&rsquo;inflation, ramen\u00e9e de 9,7% en 2020 \u00e0 moins de 4% durant l&rsquo;ann\u00e9e en cours, avec pour objectif de la r\u00e9duire davantage \u00e0 l&rsquo;avenir. Les r\u00e9serves de change, qui s&rsquo;\u00e9l\u00e8vent \u00e0 70 milliards de dollars, t\u00e9moignent de la solidit\u00e9 financi\u00e8re du pays et de sa capacit\u00e9 \u00e0 faire face aux chocs externes. Cette situation permet \u00e0 l&rsquo;Alg\u00e9rie d&rsquo;envisager l&rsquo;avenir avec s\u00e9r\u00e9nit\u00e9, d&rsquo;autant plus que le pays ne conna\u00eet aucune dette ext\u00e9rieure, contrairement \u00e0 la plupart des \u00e9conomies mondiales.<\/p>\n\n\n\n<p>Face aux recommandations du Fonds mon\u00e9taire international, le Pr\u00e9sident Tebboune a rappel\u00e9 que \u00ab\u00a0tous les pays ont une dette int\u00e9rieure\u00a0\u00bb et qu&rsquo;aucun budget dans le monde n&rsquo;est exempt de d\u00e9ficit. Il a soulign\u00e9 que l&rsquo;Alg\u00e9rie, en tant qu&rsquo;\u00c9tat social en vertu de la Constitution, adapte ces recommandations en fonction de sa politique \u00e9conomique et sociale, privil\u00e9giant le caract\u00e8re social de l&rsquo;\u00c9tat tout en pr\u00e9servant la dignit\u00e9 du citoyen. \u00ab\u00a0Il n&rsquo;est nullement question d&rsquo;aust\u00e9rit\u00e9\u00a0\u00bb, a martel\u00e9 le pr\u00e9sident, pr\u00e9f\u00e9rant parler d'\u00a0\u00bbune gestion optimale selon des priorit\u00e9s bien d\u00e9finies\u00a0\u00bb. Cette approche se traduit par le maintien des transferts sociaux, qui oscillent entre 13 et 14 milliards de dollars par an, et qui \u00ab\u00a0n&rsquo;entra\u00eenent pas de d\u00e9ficit sur le plan \u00e9conomique\u00a0\u00bb compar\u00e9s aux r\u00e9serves de change disponibles.<\/p>\n\n\n\n<p>L&rsquo;un des axes majeurs de la politique \u00e9conomique actuelle r\u00e9side dans la diversification de l&rsquo;\u00e9conomie et l&rsquo;affranchissement de la d\u00e9pendance aux hydrocarbures. Le pr\u00e9sident de la R\u00e9publique a r\u00e9it\u00e9r\u00e9 son engagement \u00e0 aller vers \u00ab\u00a0une \u00e9conomie affranchie de la d\u00e9pendance aux hydrocarbures\u00a0\u00bb, soulignant que le march\u00e9 p\u00e9trolier \u00ab\u00a0fait l&rsquo;objet de contradictions, d&rsquo;o\u00f9 l&rsquo;imp\u00e9ratif pour l&rsquo;Alg\u00e9rie de ne pas en d\u00e9pendre\u00a0\u00bb. Cette transformation s&rsquo;appuie sur plusieurs piliers, notamment le d\u00e9veloppement du secteur agricole qui conna\u00eet une dynamique remarquable. La valeur de la production agricole nationale devrait atteindre cette ann\u00e9e 38 milliards de dollars, t\u00e9moignant de la transformation de l&rsquo;agriculture en une v\u00e9ritable activit\u00e9 \u00e9conomique, alors qu&rsquo;elle \u00e9tait auparavant consid\u00e9r\u00e9e comme un secteur \u00e0 caract\u00e8re social. Abdelmadjid Tebboune s&rsquo;est particuli\u00e8rement f\u00e9licit\u00e9 des r\u00e9sultats obtenus dans la fili\u00e8re c\u00e9r\u00e9ali\u00e8re, o\u00f9 \u00ab\u00a0l&rsquo;Alg\u00e9rie a atteint, pour la premi\u00e8re fois depuis 63 ans, l&rsquo;autosuffisance en bl\u00e9 dur\u00a0\u00bb, tout en poursuivant les efforts pour atteindre l&rsquo;autosuffisance dans d&rsquo;autres types de c\u00e9r\u00e9ales comme le bl\u00e9 tendre, le ma\u00efs et l&rsquo;orge. Les capacit\u00e9s de stockage des c\u00e9r\u00e9ales atteindront les neuf millions de tonnes, gr\u00e2ce au programme national de r\u00e9alisation de silos \u00e0 travers les diff\u00e9rentes wilayas du pays. L&rsquo;industrie automobile locale constitue un autre volet prometteur de cette diversification \u00e9conomique. \u00ab\u00a0De grandes marques mondiales lanceront la production locale de leurs v\u00e9hicules, avec des taux d&rsquo;int\u00e9gration \u00e9lev\u00e9s d\u00e8s le d\u00e9but\u00a0\u00bb, a annonc\u00e9 le Pr\u00e9sident Tebboune. Il a r\u00e9v\u00e9l\u00e9 que certains mod\u00e8les de v\u00e9hicules qui seront produits localement ont d\u00e9j\u00e0 \u00e9t\u00e9 identifi\u00e9s, et que leur taux d&rsquo;int\u00e9gration atteindra au moins 40%, marquant une rupture avec les pratiques du pass\u00e9 qui se limitaient \u00e0 l&rsquo;assemblage de pi\u00e8ces import\u00e9es sans r\u00e9elle valeur ajout\u00e9e.<\/p>\n\n\n\n<p>&nbsp;La transformation \u00e9conomique s&rsquo;accompagne d&rsquo;une r\u00e9volution num\u00e9rique ambitieuse. L&rsquo;Alg\u00e9rie avance \u00e0 pas \u00ab\u00a0s\u00fbrs et confiants\u00a0\u00bb dans le domaine de la num\u00e9risation et de l&rsquo;utilisation de l&rsquo;intelligence artificielle dans diff\u00e9rents secteurs. Cette orientation strat\u00e9gique se concr\u00e9tise par l&rsquo;inauguration de l&rsquo;\u00c9cole nationale sup\u00e9rieure d&rsquo;Intelligence artificielle et la r\u00e9alisation d&rsquo;un Data center avec la soci\u00e9t\u00e9 chinoise Huawei, en vue de \u00ab\u00a0centraliser toutes les donn\u00e9es relatives aux diff\u00e9rents secteurs, notamment \u00e9conomiques\u00a0\u00bb, ajoute le pr\u00e9sident de la R\u00e9publique. Le d\u00e9veloppement des startups illustre parfaitement cette dynamique d&rsquo;innovation. \u00ab\u00a0En 2019, il y avait 200 startups et aujourd&rsquo;hui il y en a 9000. Nous comptons atteindre, \u00e0 la fin du mandat pr\u00e9sidentiel, les 20000 startups\u00a0\u00bb, a pr\u00e9cis\u00e9 le pr\u00e9sident Tebboune. Cette croissance exponentielle t\u00e9moigne de la lib\u00e9ration de l&rsquo;initiative et de la lev\u00e9e des entraves bureaucratiques, permettant l&rsquo;\u00e9mergence d&rsquo;un \u00e9cosyst\u00e8me entrepreneurial dynamique. Parmi ces startups, \u00ab\u00a0certaines sont d\u00e9j\u00e0 en bourse et ont commenc\u00e9 \u00e0 activer dans divers domaines\u00a0\u00bb, et l&rsquo;exp\u00e9rience de l&rsquo;Alg\u00e9rie en la mati\u00e8re est d\u00e9sormais cit\u00e9e comme exemple par les organismes internationaux. Cette r\u00e9ussite s&rsquo;appuie sur le r\u00f4le croissant des universit\u00e9s qui sont devenues des incubateurs pour les startups, cr\u00e9ant un cercle vertueux entre formation, recherche et innovation.<\/p>\n\n\n\n<p><strong>Lutte contre l&rsquo;\u00e9conomie parall\u00e8le<\/strong><\/p>\n\n\n\n<p>La consolidation de l&rsquo;ind\u00e9pendance \u00e9conomique passe n\u00e9cessairement par l&rsquo;int\u00e9gration de l&rsquo;\u00e9conomie informelle dans les circuits officiels. \u00ab\u00a0Il n&rsquo;y a pas d&rsquo;aust\u00e9rit\u00e9 en Alg\u00e9rie et il faut que l&rsquo;\u00e9conomie parall\u00e8le disparaisse sans avoir \u00e0 recourir \u00e0 la force ou \u00e0 des mesures privatives de libert\u00e9\u00a0\u00bb, a d\u00e9clar\u00e9 le pr\u00e9sident Tebboune, privil\u00e9giant une approche incitative plut\u00f4t que r\u00e9pressive. La codification de la micro-importation, int\u00e9gr\u00e9e dans le cadre de l&rsquo;activit\u00e9 de l&rsquo;auto-entrepreneur, constitue l&rsquo;une des premi\u00e8res \u00e9tapes de cette int\u00e9gration. Cette d\u00e9marche vise \u00e0 faire dispara\u00eetre cette \u00e9conomie parall\u00e8le et \u00e0 l&rsquo;int\u00e9grer dans l&rsquo;\u00e9conomie officielle, en raison de son r\u00f4le essentiel dans la promotion de la transparence et le soutien \u00e0 la croissance. Cette approche s&rsquo;inscrit dans une logique plus large de transparence et de bonne gouvernance, o\u00f9 la num\u00e9risation joue un r\u00f4le central. Comme l&rsquo;a soulign\u00e9 le pr\u00e9sident, la num\u00e9risation est une \u00ab\u00a0culture li\u00e9e \u00e0 la transparence\u00a0\u00bb, permettant de s&rsquo;appuyer sur des donn\u00e9es pr\u00e9cises et exactes en mati\u00e8re d&rsquo;\u00e9conomie et de consommation.<\/p>\n\n\n\n<p>Malgr\u00e9 les r\u00e9sultats positifs enregistr\u00e9s, plusieurs d\u00e9fis demeurent \u00e0 relever. La question de la s\u00e9curit\u00e9 hydrique constitue une pr\u00e9occupation majeure, particuli\u00e8rement face au manque de pluviom\u00e9trie et aux changements climatiques. Le pr\u00e9sident Tebboune a annonc\u00e9 qu&rsquo;une \u00e9tude sera bient\u00f4t men\u00e9e pour la r\u00e9alisation de nouvelles stations de dessalement d&rsquo;eau de mer dans plusieurs wilayas, s&rsquo;ajoutant aux cinq grandes stations d\u00e9j\u00e0 r\u00e9alis\u00e9es. \u00ab\u00a0Aucun citoyen alg\u00e9rien ne sera laiss\u00e9 sans eau\u00a0\u00bb, a assur\u00e9 le pr\u00e9sident, m\u00eame si cela n\u00e9cessite de recourir \u00e0 des moyens exceptionnels en attendant les solutions d\u00e9finitives. L&rsquo;objectif est d&rsquo;assurer au moins un approvisionnement en eau potable 10 \u00e0 11 heures par jour, t\u00e9moignant de l&rsquo;engagement de l&rsquo;\u00c9tat \u00e0 garantir ce service essentiel \u00e0 tous les citoyens. La performance du gouvernement fait \u00e9galement l&rsquo;objet d&rsquo;une attention particuli\u00e8re. Le pr\u00e9sident a relev\u00e9 \u00ab\u00a0une am\u00e9lioration dans la performance des secteurs minist\u00e9riels, ressentie aujourd&rsquo;hui par le citoyen\u00a0\u00bb, tout en pr\u00e9cisant que pour les secteurs \u00e0 \u00ab\u00a0faible activit\u00e9\u00a0\u00bb, \u00ab\u00a0la r\u00e9vision est n\u00e9cessaire, comme il est d&rsquo;usage dans d&rsquo;autres pays\u00a0\u00bb. Cette approche pragmatique vise \u00e0 optimiser l&rsquo;action gouvernementale selon les besoins et les objectifs fix\u00e9s. L&rsquo;investissement demeure un pilier central de la strat\u00e9gie de d\u00e9veloppement. \u00ab\u00a080 \u00e0 85% des objectifs fix\u00e9s en mati\u00e8re d&rsquo;investissement et de relance du d\u00e9veloppement\u00a0\u00bb ont \u00e9t\u00e9 atteints, avec plus de 13000 projets d&rsquo;investissement enregistr\u00e9s \u00e0 travers le territoire national, dont beaucoup ont \u00e9t\u00e9 concr\u00e9tis\u00e9s. Le lancement r\u00e9cent du guichet unique vise \u00e0 lever d\u00e9finitivement les entraves en mati\u00e8re de foncier, facilitant ainsi la r\u00e9alisation des projets d&rsquo;investissement.<\/p>\n\n\n\n<p><strong>Une politique \u00e9trang\u00e8re \u00e9quilibr\u00e9e<\/strong><\/p>\n\n\n\n<p>Sur le plan international, l&rsquo;Alg\u00e9rie maintient une politique \u00e9trang\u00e8re fond\u00e9e sur des principes constants et une approche \u00e9quilibr\u00e9e. \u00ab\u00a0Le sang du non-alignement coule dans les veines de l&rsquo;Alg\u00e9rie\u00a0\u00bb, a affirm\u00e9 le pr\u00e9sident Tebboune, rappelant l&rsquo;attachement du pays au principe du non-alignement auquel elle a adh\u00e9r\u00e9 en 1955. Cette position permet \u00e0 l&rsquo;Alg\u00e9rie d&rsquo;entretenir de bonnes relations avec toutes les grandes puissances mondiales. \u00ab\u00a0Tout le monde s&rsquo;interroge sur le secret des bonnes relations qu&rsquo;entretient l&rsquo;Alg\u00e9rie avec les \u00c9tats-Unis d&rsquo;Am\u00e9rique, la Russie et la Chine\u00a0\u00bb, a soulign\u00e9 le Pr\u00e9sident, mettant en avant cette capacit\u00e9 diplomatique unique qui permet au pays de naviguer sereinement dans un monde multipolaire complexe. L&rsquo;attachement aux principes de bon voisinage et de non-ing\u00e9rence dans les affaires int\u00e9rieures des \u00c9tats guide la politique r\u00e9gionale de l&rsquo;Alg\u00e9rie. \u00ab\u00a0L&rsquo;Alg\u00e9rie rejette cat\u00e9goriquement toute immixtion dans les affaires int\u00e9rieures des \u00c9tats, que ce soit au Mali, au Niger, au Burkina Faso ou en Libye\u00a0\u00bb, a d\u00e9clar\u00e9 le pr\u00e9sident de la R\u00e9publique, tout en r\u00e9affirmant la disponibilit\u00e9 de l&rsquo;Alg\u00e9rie \u00e0 apporter son soutien \u00e0 ces pays fr\u00e8res si elle \u00e9tait sollicit\u00e9e. Cette position de principe n&#8217;emp\u00eache pas l&rsquo;Alg\u00e9rie d&rsquo;assumer ses responsabilit\u00e9s r\u00e9gionales et de contribuer \u00e0 la stabilit\u00e9 de son environnement imm\u00e9diat. Face aux menaces potentielles que ces crises pourraient repr\u00e9senter, le Pr\u00e9sident Tebboune a rassur\u00e9 en affirmant que \u00ab\u00a0les fronti\u00e8res du pays sont prot\u00e9g\u00e9es et qu&rsquo;il n&rsquo;y a aucun probl\u00e8me\u00a0\u00bb, mettant en avant la grande exp\u00e9rience de l&rsquo;Alg\u00e9rie dans la lutte contre le terrorisme et la force de son arm\u00e9e. L&rsquo;ouverture internationale se manifeste \u00e9galement par l&rsquo;adh\u00e9sion r\u00e9cente de l&rsquo;Alg\u00e9rie au Trait\u00e9 d&rsquo;amiti\u00e9 et de coop\u00e9ration de l&rsquo;Association des nations de l&rsquo;Asie du Sud-Est, t\u00e9moignant de la volont\u00e9 du pays de diversifier ses partenariats et de s&rsquo;inscrire dans les dynamiques \u00e9conomiques mondiales. Le pr\u00e9sident de la R\u00e9publique a aussi appel\u00e9 \u00e0 rejeter les campagnes de d\u00e9sinformation m\u00e9diatique qui cherchent \u00e0 semer l&rsquo;esprit de d\u00e9couragement au sein du peuple \u00e0 travers des \u00ab\u00a0porte-voix mercenaires\u00a0\u00bb. Samir Benisid<\/p>\n","protected":false},"excerpt":{"rendered":"<p>Le pr\u00e9sident de la R\u00e9publique, Abdelmadjid Tebboune a dress\u00e9 un bilan positif des r\u00e9alisations accomplies tout en tra\u00e7ant les perspectives<\/p>\n","protected":false},"author":6,"featured_media":70618,"comment_status":"open","ping_status":"closed","sticky":false,"template":"","format":"standard","meta":{"colormag_page_container_layout":"default_layout","colormag_page_sidebar_layout":"default_layout","om_disable_all_campaigns":false,"_monsterinsights_skip_tracking":false,"_monsterinsights_sitenote_active":false,"_monsterinsights_sitenote_note":"","_monsterinsights_sitenote_category":0,"footnotes":"","_wpscppro_dont_share_socialmedia":false,"_wpscppro_custom_social_share_image":0,"_facebook_share_type":"default","_twitter_share_type":"default","_linkedin_share_type":"default","_pinterest_share_type":"default","_linkedin_share_type_page":"","_instagram_share_type":"default","_medium_share_type":"default","_threads_share_type":"","_google_business_share_type":"","_selected_social_profile":[],"_wpsp_enable_custom_social_template":false,"_wpsp_social_scheduling":{"enabled":false,"datetime":null,"platforms":[],"status":"template_only","dateOption":"today","timeOption":"now","customDays":"","customHours":"","customDate":"","customTime":"","schedulingType":"absolute"},"_wpsp_active_default_template":true},"categories":[52,27],"tags":[],"class_list":["post-70617","post","type-post","status-publish","format-standard","has-post-thumbnail","hentry","category-a-la-une","category-actualite"],"aioseo_notices":[],"yoast_head":"<!-- This site is optimized with the Yoast SEO plugin v27.5 - https:\/\/yoast.com\/product\/yoast-seo-wordpress\/ -->\n<title>Tebboune met les points sur le \u00ab\u00a0i\u00a0\u00bb - La Sentinelle<\/title>\n<meta name=\"robots\" content=\"index, follow, max-snippet:-1, max-image-preview:large, max-video-preview:-1\" \/>\n<link rel=\"canonical\" href=\"https:\/\/lasentinelle.dz\/index.php\/2025\/07\/20\/tebboune-met-les-points-sur-le-i\/\" \/>\n<meta property=\"og:locale\" content=\"fr_FR\" \/>\n<meta property=\"og:type\" content=\"article\" \/>\n<meta property=\"og:title\" content=\"Tebboune met les points sur le \u00ab\u00a0i\u00a0\u00bb - La Sentinelle\" \/>\n<meta property=\"og:description\" content=\"Le pr\u00e9sident de la R\u00e9publique, Abdelmadjid Tebboune a dress\u00e9 un bilan positif des r\u00e9alisations accomplies tout en tra\u00e7ant les perspectives\" \/>\n<meta property=\"og:url\" content=\"https:\/\/lasentinelle.dz\/index.php\/2025\/07\/20\/tebboune-met-les-points-sur-le-i\/\" \/>\n<meta property=\"og:site_name\" content=\"La Sentinelle\" \/>\n<meta property=\"article:publisher\" content=\"https:\/\/www.facebook.com\/La-Sentinelle-104059864394773\" \/>\n<meta property=\"article:published_time\" content=\"2025-07-20T11:26:42+00:00\" \/>\n<meta property=\"article:modified_time\" content=\"2025-07-20T11:26:45+00:00\" \/>\n<meta property=\"og:image\" content=\"https:\/\/lasentinelle.dz\/wp-content\/uploads\/2025\/07\/tebboune-Une.jpg\" \/>\n\t<meta property=\"og:image:width\" content=\"1620\" \/>\n\t<meta property=\"og:image:height\" content=\"1080\" \/>\n\t<meta property=\"og:image:type\" content=\"image\/jpeg\" \/>\n<meta name=\"author\" content=\"admin\" \/>\n<meta name=\"twitter:card\" content=\"summary_large_image\" \/>\n<meta name=\"twitter:label1\" content=\"\u00c9crit par\" \/>\n\t<meta name=\"twitter:data1\" content=\"admin\" \/>\n\t<meta name=\"twitter:label2\" content=\"Dur\u00e9e de lecture estim\u00e9e\" \/>\n\t<meta name=\"twitter:data2\" content=\"9 minutes\" \/>\n<script type=\"application\/ld+json\" class=\"yoast-schema-graph\">{\"@context\":\"https:\\\/\\\/schema.org\",\"@graph\":[{\"@type\":\"Article\",\"@id\":\"https:\\\/\\\/lasentinelle.dz\\\/index.php\\\/2025\\\/07\\\/20\\\/tebboune-met-les-points-sur-le-i\\\/#article\",\"isPartOf\":{\"@id\":\"https:\\\/\\\/lasentinelle.dz\\\/index.php\\\/2025\\\/07\\\/20\\\/tebboune-met-les-points-sur-le-i\\\/\"},\"author\":{\"name\":\"admin\",\"@id\":\"https:\\\/\\\/lasentinelle.dz\\\/#\\\/schema\\\/person\\\/729ee0024f24e0b8c5ec17232f8e8b41\"},\"headline\":\"Tebboune met les points sur le \u00ab\u00a0i\u00a0\u00bb\",\"datePublished\":\"2025-07-20T11:26:42+00:00\",\"dateModified\":\"2025-07-20T11:26:45+00:00\",\"mainEntityOfPage\":{\"@id\":\"https:\\\/\\\/lasentinelle.dz\\\/index.php\\\/2025\\\/07\\\/20\\\/tebboune-met-les-points-sur-le-i\\\/\"},\"wordCount\":2075,\"commentCount\":0,\"publisher\":{\"@id\":\"https:\\\/\\\/lasentinelle.dz\\\/#organization\"},\"image\":{\"@id\":\"https:\\\/\\\/lasentinelle.dz\\\/index.php\\\/2025\\\/07\\\/20\\\/tebboune-met-les-points-sur-le-i\\\/#primaryimage\"},\"thumbnailUrl\":\"https:\\\/\\\/lasentinelle.dz\\\/wp-content\\\/uploads\\\/2025\\\/07\\\/tebboune-Une.jpg\",\"articleSection\":[\"\u00c0 la Une\",\"Actualit\u00e9\"],\"inLanguage\":\"fr-FR\",\"potentialAction\":[{\"@type\":\"CommentAction\",\"name\":\"Comment\",\"target\":[\"https:\\\/\\\/lasentinelle.dz\\\/index.php\\\/2025\\\/07\\\/20\\\/tebboune-met-les-points-sur-le-i\\\/#respond\"]}]},{\"@type\":\"WebPage\",\"@id\":\"https:\\\/\\\/lasentinelle.dz\\\/index.php\\\/2025\\\/07\\\/20\\\/tebboune-met-les-points-sur-le-i\\\/\",\"url\":\"https:\\\/\\\/lasentinelle.dz\\\/index.php\\\/2025\\\/07\\\/20\\\/tebboune-met-les-points-sur-le-i\\\/\",\"name\":\"Tebboune met les points sur le \u00ab\u00a0i\u00a0\u00bb - La Sentinelle\",\"isPartOf\":{\"@id\":\"https:\\\/\\\/lasentinelle.dz\\\/#website\"},\"primaryImageOfPage\":{\"@id\":\"https:\\\/\\\/lasentinelle.dz\\\/index.php\\\/2025\\\/07\\\/20\\\/tebboune-met-les-points-sur-le-i\\\/#primaryimage\"},\"image\":{\"@id\":\"https:\\\/\\\/lasentinelle.dz\\\/index.php\\\/2025\\\/07\\\/20\\\/tebboune-met-les-points-sur-le-i\\\/#primaryimage\"},\"thumbnailUrl\":\"https:\\\/\\\/lasentinelle.dz\\\/wp-content\\\/uploads\\\/2025\\\/07\\\/tebboune-Une.jpg\",\"datePublished\":\"2025-07-20T11:26:42+00:00\",\"dateModified\":\"2025-07-20T11:26:45+00:00\",\"breadcrumb\":{\"@id\":\"https:\\\/\\\/lasentinelle.dz\\\/index.php\\\/2025\\\/07\\\/20\\\/tebboune-met-les-points-sur-le-i\\\/#breadcrumb\"},\"inLanguage\":\"fr-FR\",\"potentialAction\":[{\"@type\":\"ReadAction\",\"target\":[\"https:\\\/\\\/lasentinelle.dz\\\/index.php\\\/2025\\\/07\\\/20\\\/tebboune-met-les-points-sur-le-i\\\/\"]}]},{\"@type\":\"ImageObject\",\"inLanguage\":\"fr-FR\",\"@id\":\"https:\\\/\\\/lasentinelle.dz\\\/index.php\\\/2025\\\/07\\\/20\\\/tebboune-met-les-points-sur-le-i\\\/#primaryimage\",\"url\":\"https:\\\/\\\/lasentinelle.dz\\\/wp-content\\\/uploads\\\/2025\\\/07\\\/tebboune-Une.jpg\",\"contentUrl\":\"https:\\\/\\\/lasentinelle.dz\\\/wp-content\\\/uploads\\\/2025\\\/07\\\/tebboune-Une.jpg\",\"width\":1620,\"height\":1080},{\"@type\":\"BreadcrumbList\",\"@id\":\"https:\\\/\\\/lasentinelle.dz\\\/index.php\\\/2025\\\/07\\\/20\\\/tebboune-met-les-points-sur-le-i\\\/#breadcrumb\",\"itemListElement\":[{\"@type\":\"ListItem\",\"position\":1,\"name\":\"Accueil\",\"item\":\"https:\\\/\\\/lasentinelle.dz\\\/\"},{\"@type\":\"ListItem\",\"position\":2,\"name\":\"Tebboune met les points sur le \u00ab\u00a0i\u00a0\u00bb\"}]},{\"@type\":\"WebSite\",\"@id\":\"https:\\\/\\\/lasentinelle.dz\\\/#website\",\"url\":\"https:\\\/\\\/lasentinelle.dz\\\/\",\"name\":\"La Sentinelle\",\"description\":\"Quotidien national d&#039;information\",\"publisher\":{\"@id\":\"https:\\\/\\\/lasentinelle.dz\\\/#organization\"},\"potentialAction\":[{\"@type\":\"SearchAction\",\"target\":{\"@type\":\"EntryPoint\",\"urlTemplate\":\"https:\\\/\\\/lasentinelle.dz\\\/?s={search_term_string}\"},\"query-input\":{\"@type\":\"PropertyValueSpecification\",\"valueRequired\":true,\"valueName\":\"search_term_string\"}}],\"inLanguage\":\"fr-FR\"},{\"@type\":\"Organization\",\"@id\":\"https:\\\/\\\/lasentinelle.dz\\\/#organization\",\"name\":\"Quotidien La Sentinelle\",\"url\":\"https:\\\/\\\/lasentinelle.dz\\\/\",\"logo\":{\"@type\":\"ImageObject\",\"inLanguage\":\"fr-FR\",\"@id\":\"https:\\\/\\\/lasentinelle.dz\\\/#\\\/schema\\\/logo\\\/image\\\/\",\"url\":\"https:\\\/\\\/lasentinelle.dz\\\/wp-content\\\/uploads\\\/2021\\\/09\\\/logo-sentinelleSLOGAN-1.png\",\"contentUrl\":\"https:\\\/\\\/lasentinelle.dz\\\/wp-content\\\/uploads\\\/2021\\\/09\\\/logo-sentinelleSLOGAN-1.png\",\"width\":615,\"height\":142,\"caption\":\"Quotidien La Sentinelle\"},\"image\":{\"@id\":\"https:\\\/\\\/lasentinelle.dz\\\/#\\\/schema\\\/logo\\\/image\\\/\"},\"sameAs\":[\"https:\\\/\\\/www.facebook.com\\\/La-Sentinelle-104059864394773\"]},{\"@type\":\"Person\",\"@id\":\"https:\\\/\\\/lasentinelle.dz\\\/#\\\/schema\\\/person\\\/729ee0024f24e0b8c5ec17232f8e8b41\",\"name\":\"admin\",\"image\":{\"@type\":\"ImageObject\",\"inLanguage\":\"fr-FR\",\"@id\":\"https:\\\/\\\/secure.gravatar.com\\\/avatar\\\/4c81fed838786e9b53f540bf46533e750f5d292099ae3b66cfc6fb1982e29df7?s=96&d=mm&r=g\",\"url\":\"https:\\\/\\\/secure.gravatar.com\\\/avatar\\\/4c81fed838786e9b53f540bf46533e750f5d292099ae3b66cfc6fb1982e29df7?s=96&d=mm&r=g\",\"contentUrl\":\"https:\\\/\\\/secure.gravatar.com\\\/avatar\\\/4c81fed838786e9b53f540bf46533e750f5d292099ae3b66cfc6fb1982e29df7?s=96&d=mm&r=g\",\"caption\":\"admin\"},\"description\":\"admin\",\"url\":\"https:\\\/\\\/lasentinelle.dz\\\/author\\\/admin\\\/\"}]}<\/script>\n<!-- \/ Yoast SEO plugin. -->","yoast_head_json":{"title":"Tebboune met les points sur le \u00ab\u00a0i\u00a0\u00bb - La Sentinelle","robots":{"index":"index","follow":"follow","max-snippet":"max-snippet:-1","max-image-preview":"max-image-preview:large","max-video-preview":"max-video-preview:-1"},"canonical":"https:\/\/lasentinelle.dz\/index.php\/2025\/07\/20\/tebboune-met-les-points-sur-le-i\/","og_locale":"fr_FR","og_type":"article","og_title":"Tebboune met les points sur le \u00ab\u00a0i\u00a0\u00bb - La Sentinelle","og_description":"Le pr\u00e9sident de la R\u00e9publique, Abdelmadjid Tebboune a dress\u00e9 un bilan positif des r\u00e9alisations accomplies tout en tra\u00e7ant les perspectives","og_url":"https:\/\/lasentinelle.dz\/index.php\/2025\/07\/20\/tebboune-met-les-points-sur-le-i\/","og_site_name":"La Sentinelle","article_publisher":"https:\/\/www.facebook.com\/La-Sentinelle-104059864394773","article_published_time":"2025-07-20T11:26:42+00:00","article_modified_time":"2025-07-20T11:26:45+00:00","og_image":[{"width":1620,"height":1080,"url":"https:\/\/lasentinelle.dz\/wp-content\/uploads\/2025\/07\/tebboune-Une.jpg","type":"image\/jpeg"}],"author":"admin","twitter_card":"summary_large_image","twitter_misc":{"\u00c9crit par":"admin","Dur\u00e9e de lecture estim\u00e9e":"9 minutes"},"schema":{"@context":"https:\/\/schema.org","@graph":[{"@type":"Article","@id":"https:\/\/lasentinelle.dz\/index.php\/2025\/07\/20\/tebboune-met-les-points-sur-le-i\/#article","isPartOf":{"@id":"https:\/\/lasentinelle.dz\/index.php\/2025\/07\/20\/tebboune-met-les-points-sur-le-i\/"},"author":{"name":"admin","@id":"https:\/\/lasentinelle.dz\/#\/schema\/person\/729ee0024f24e0b8c5ec17232f8e8b41"},"headline":"Tebboune met les points sur le \u00ab\u00a0i\u00a0\u00bb","datePublished":"2025-07-20T11:26:42+00:00","dateModified":"2025-07-20T11:26:45+00:00","mainEntityOfPage":{"@id":"https:\/\/lasentinelle.dz\/index.php\/2025\/07\/20\/tebboune-met-les-points-sur-le-i\/"},"wordCount":2075,"commentCount":0,"publisher":{"@id":"https:\/\/lasentinelle.dz\/#organization"},"image":{"@id":"https:\/\/lasentinelle.dz\/index.php\/2025\/07\/20\/tebboune-met-les-points-sur-le-i\/#primaryimage"},"thumbnailUrl":"https:\/\/lasentinelle.dz\/wp-content\/uploads\/2025\/07\/tebboune-Une.jpg","articleSection":["\u00c0 la Une","Actualit\u00e9"],"inLanguage":"fr-FR","potentialAction":[{"@type":"CommentAction","name":"Comment","target":["https:\/\/lasentinelle.dz\/index.php\/2025\/07\/20\/tebboune-met-les-points-sur-le-i\/#respond"]}]},{"@type":"WebPage","@id":"https:\/\/lasentinelle.dz\/index.php\/2025\/07\/20\/tebboune-met-les-points-sur-le-i\/","url":"https:\/\/lasentinelle.dz\/index.php\/2025\/07\/20\/tebboune-met-les-points-sur-le-i\/","name":"Tebboune met les points sur le \u00ab\u00a0i\u00a0\u00bb - La Sentinelle","isPartOf":{"@id":"https:\/\/lasentinelle.dz\/#website"},"primaryImageOfPage":{"@id":"https:\/\/lasentinelle.dz\/index.php\/2025\/07\/20\/tebboune-met-les-points-sur-le-i\/#primaryimage"},"image":{"@id":"https:\/\/lasentinelle.dz\/index.php\/2025\/07\/20\/tebboune-met-les-points-sur-le-i\/#primaryimage"},"thumbnailUrl":"https:\/\/lasentinelle.dz\/wp-content\/uploads\/2025\/07\/tebboune-Une.jpg","datePublished":"2025-07-20T11:26:42+00:00","dateModified":"2025-07-20T11:26:45+00:00","breadcrumb":{"@id":"https:\/\/lasentinelle.dz\/index.php\/2025\/07\/20\/tebboune-met-les-points-sur-le-i\/#breadcrumb"},"inLanguage":"fr-FR","potentialAction":[{"@type":"ReadAction","target":["https:\/\/lasentinelle.dz\/index.php\/2025\/07\/20\/tebboune-met-les-points-sur-le-i\/"]}]},{"@type":"ImageObject","inLanguage":"fr-FR","@id":"https:\/\/lasentinelle.dz\/index.php\/2025\/07\/20\/tebboune-met-les-points-sur-le-i\/#primaryimage","url":"https:\/\/lasentinelle.dz\/wp-content\/uploads\/2025\/07\/tebboune-Une.jpg","contentUrl":"https:\/\/lasentinelle.dz\/wp-content\/uploads\/2025\/07\/tebboune-Une.jpg","width":1620,"height":1080},{"@type":"BreadcrumbList","@id":"https:\/\/lasentinelle.dz\/index.php\/2025\/07\/20\/tebboune-met-les-points-sur-le-i\/#breadcrumb","itemListElement":[{"@type":"ListItem","position":1,"name":"Accueil","item":"https:\/\/lasentinelle.dz\/"},{"@type":"ListItem","position":2,"name":"Tebboune met les points sur le \u00ab\u00a0i\u00a0\u00bb"}]},{"@type":"WebSite","@id":"https:\/\/lasentinelle.dz\/#website","url":"https:\/\/lasentinelle.dz\/","name":"La Sentinelle","description":"Quotidien national d&#039;information","publisher":{"@id":"https:\/\/lasentinelle.dz\/#organization"},"potentialAction":[{"@type":"SearchAction","target":{"@type":"EntryPoint","urlTemplate":"https:\/\/lasentinelle.dz\/?s={search_term_string}"},"query-input":{"@type":"PropertyValueSpecification","valueRequired":true,"valueName":"search_term_string"}}],"inLanguage":"fr-FR"},{"@type":"Organization","@id":"https:\/\/lasentinelle.dz\/#organization","name":"Quotidien La Sentinelle","url":"https:\/\/lasentinelle.dz\/","logo":{"@type":"ImageObject","inLanguage":"fr-FR","@id":"https:\/\/lasentinelle.dz\/#\/schema\/logo\/image\/","url":"https:\/\/lasentinelle.dz\/wp-content\/uploads\/2021\/09\/logo-sentinelleSLOGAN-1.png","contentUrl":"https:\/\/lasentinelle.dz\/wp-content\/uploads\/2021\/09\/logo-sentinelleSLOGAN-1.png","width":615,"height":142,"caption":"Quotidien La Sentinelle"},"image":{"@id":"https:\/\/lasentinelle.dz\/#\/schema\/logo\/image\/"},"sameAs":["https:\/\/www.facebook.com\/La-Sentinelle-104059864394773"]},{"@type":"Person","@id":"https:\/\/lasentinelle.dz\/#\/schema\/person\/729ee0024f24e0b8c5ec17232f8e8b41","name":"admin","image":{"@type":"ImageObject","inLanguage":"fr-FR","@id":"https:\/\/secure.gravatar.com\/avatar\/4c81fed838786e9b53f540bf46533e750f5d292099ae3b66cfc6fb1982e29df7?s=96&d=mm&r=g","url":"https:\/\/secure.gravatar.com\/avatar\/4c81fed838786e9b53f540bf46533e750f5d292099ae3b66cfc6fb1982e29df7?s=96&d=mm&r=g","contentUrl":"https:\/\/secure.gravatar.com\/avatar\/4c81fed838786e9b53f540bf46533e750f5d292099ae3b66cfc6fb1982e29df7?s=96&d=mm&r=g","caption":"admin"},"description":"admin","url":"https:\/\/lasentinelle.dz\/author\/admin\/"}]}},"_links":{"self":[{"href":"https:\/\/lasentinelle.dz\/index.php\/wp-json\/wp\/v2\/posts\/70617","targetHints":{"allow":["GET"]}}],"collection":[{"href":"https:\/\/lasentinelle.dz\/index.php\/wp-json\/wp\/v2\/posts"}],"about":[{"href":"https:\/\/lasentinelle.dz\/index.php\/wp-json\/wp\/v2\/types\/post"}],"author":[{"embeddable":true,"href":"https:\/\/lasentinelle.dz\/index.php\/wp-json\/wp\/v2\/users\/6"}],"replies":[{"embeddable":true,"href":"https:\/\/lasentinelle.dz\/index.php\/wp-json\/wp\/v2\/comments?post=70617"}],"version-history":[{"count":2,"href":"https:\/\/lasentinelle.dz\/index.php\/wp-json\/wp\/v2\/posts\/70617\/revisions"}],"predecessor-version":[{"id":70620,"href":"https:\/\/lasentinelle.dz\/index.php\/wp-json\/wp\/v2\/posts\/70617\/revisions\/70620"}],"wp:featuredmedia":[{"embeddable":true,"href":"https:\/\/lasentinelle.dz\/index.php\/wp-json\/wp\/v2\/media\/70618"}],"wp:attachment":[{"href":"https:\/\/lasentinelle.dz\/index.php\/wp-json\/wp\/v2\/media?parent=70617"}],"wp:term":[{"taxonomy":"category","embeddable":true,"href":"https:\/\/lasentinelle.dz\/index.php\/wp-json\/wp\/v2\/categories?post=70617"},{"taxonomy":"post_tag","embeddable":true,"href":"https:\/\/lasentinelle.dz\/index.php\/wp-json\/wp\/v2\/tags?post=70617"}],"curies":[{"name":"wp","href":"https:\/\/api.w.org\/{rel}","templated":true}]}}