{"id":70622,"date":"2025-07-21T12:23:46","date_gmt":"2025-07-21T11:23:46","guid":{"rendered":"https:\/\/lasentinelle.dz\/?p=70622"},"modified":"2025-07-21T12:23:47","modified_gmt":"2025-07-21T11:23:47","slug":"utilisation-dembarcations-a-moteur-sur-les-plages-letat-decide-de-sevir","status":"publish","type":"post","link":"https:\/\/lasentinelle.dz\/index.php\/2025\/07\/21\/utilisation-dembarcations-a-moteur-sur-les-plages-letat-decide-de-sevir\/","title":{"rendered":"Utilisation d&#8217;embarcations \u00e0 moteur sur les plages : L&rsquo;\u00c9tat d\u00e9cide de s\u00e9vir !"},"content":{"rendered":"\n<p>Le minist\u00e8re de l&rsquo;Int\u00e9rieur, des Collectivit\u00e9s locales et de l&rsquo;Am\u00e9nagement du territoire a lanc\u00e9 dimanche un avertissement ferme aux utilisateurs d&#8217;embarcations \u00e0 moteur sur les plages, les exhortant \u00e0 respecter scrupuleusement les r\u00e8gles de s\u00e9curit\u00e9 \u00e9tablies par la loi. Dans un communiqu\u00e9 officiel, le d\u00e9partement minist\u00e9riel annonce la mise en place d&rsquo;actions r\u00e9pressives contre tous les contrevenants qui ne se conformeraient pas \u00e0 la r\u00e9glementation en vigueur. Cette mise en garde intervient apr\u00e8s plusieurs incidents pr\u00e9occupants enregistr\u00e9s depuis le d\u00e9but de la saison estivale 2025. Le minist\u00e8re pr\u00e9cise qu'\u00a0\u00bbdans le cadre du suivi du d\u00e9roulement de la saison estivale 2025, un nombre d&rsquo;accidents impliquant des embarcations \u00e0 moteur a \u00e9t\u00e9 enregistr\u00e9 au niveau des plages autoris\u00e9es \u00e0 la baignade, ce qui constitue une menace pour la s\u00e9curit\u00e9 des estivants et trouble leur qui\u00e9tude, particuli\u00e8rement la cat\u00e9gorie des enfants\u00a0\u00bb. Ces incidents r\u00e9sultent principalement du \u00ab\u00a0non-respect par les utilisateurs de ces embarcations des dispositions l\u00e9gales et r\u00e9glementaires relatives \u00e0 l&rsquo;interdiction d&rsquo;utiliser ces engins \u00e0 une distance d&rsquo;au moins cent m\u00e8tres de l&rsquo;espace d\u00e9limit\u00e9 pour le tourisme\u00a0\u00bb. La probl\u00e9matique soulev\u00e9e par le minist\u00e8re touche directement \u00e0 la s\u00e9curit\u00e9 des familles qui profitent des plages pendant la p\u00e9riode estivale. Les accidents impliquant des jet-skis et autres embarcations motoris\u00e9es dans des zones de baignade repr\u00e9sentent un danger majeur, particuli\u00e8rement pour les enfants qui sont les plus vuln\u00e9rables face \u00e0 ces engins rapides et difficilement contr\u00f4lables dans des espaces restreints. Le communiqu\u00e9 rappelle que \u00ab\u00a0ces mesures s&rsquo;inscrivent dans le cadre des dispositions de l&rsquo;article 36 de la loi d\u00e9terminant les r\u00e8gles g\u00e9n\u00e9rales d&rsquo;usage et d&rsquo;exploitation touristiques des plages\u00a0\u00bb. &nbsp;Face \u00e0 cette situation pr\u00e9occupante, le minist\u00e8re adopte une approche coordonn\u00e9e et d\u00e9termin\u00e9e. Il appelle \u00e0 \u00ab\u00a0prendre toutes les mesures n\u00e9cessaires, en coordination avec les services concern\u00e9s, afin d&rsquo;intensifier les op\u00e9rations de contr\u00f4le sur le mouvement des embarcations \u00e0 moteur et d&rsquo;imposer le respect des r\u00e8gles de s\u00e9curit\u00e9 \u00e9tablies l\u00e9galement\u00a0\u00bb. Cette d\u00e9marche implique une mobilisation de l&rsquo;ensemble des services de s\u00e9curit\u00e9 et de surveillance des plages, depuis les garde-c\u00f4tes jusqu&rsquo;aux services de protection civile. L&rsquo;aspect r\u00e9pressif de cette politique n&rsquo;est pas n\u00e9glig\u00e9. Le minist\u00e8re insiste sur la n\u00e9cessit\u00e9 de \u00ab\u00a0veiller \u00e0 prendre, avec toute rigueur et fermet\u00e9, les mesures dissuasives \u00e0 l&rsquo;encontre des contrevenants, pr\u00e9vues dans l&rsquo;article 51 de la loi susmentionn\u00e9e\u00a0\u00bb. Chaque ann\u00e9e, les plages alg\u00e9riennes accueillent des millions d&rsquo;estivants, et la cohabitation entre les diff\u00e9rents usages de l&rsquo;espace maritime n\u00e9cessite une r\u00e9glementation stricte.<\/p>\n\n\n\n<p>Lyna Larbi<\/p>\n","protected":false},"excerpt":{"rendered":"<p>Le minist\u00e8re de l&rsquo;Int\u00e9rieur, des Collectivit\u00e9s locales et de l&rsquo;Am\u00e9nagement du territoire a lanc\u00e9 dimanche un avertissement ferme aux utilisateurs<\/p>\n","protected":false},"author":6,"featured_media":70623,"comment_status":"open","ping_status":"closed","sticky":false,"template":"","format":"standard","meta":{"colormag_page_container_layout":"default_layout","colormag_page_sidebar_layout":"default_layout","om_disable_all_campaigns":false,"_monsterinsights_skip_tracking":false,"_monsterinsights_sitenote_active":false,"_monsterinsights_sitenote_note":"","_monsterinsights_sitenote_category":0,"footnotes":"","_wpscppro_dont_share_socialmedia":false,"_wpscppro_custom_social_share_image":0,"_facebook_share_type":"default","_twitter_share_type":"default","_linkedin_share_type":"default","_pinterest_share_type":"default","_linkedin_share_type_page":"","_instagram_share_type":"default","_medium_share_type":"default","_threads_share_type":"","_google_business_share_type":"","_selected_social_profile":[],"_wpsp_enable_custom_social_template":false,"_wpsp_social_scheduling":{"enabled":false,"datetime":null,"platforms":[],"status":"template_only","dateOption":"today","timeOption":"now","customDays":"","customHours":"","customDate":"","customTime":"","schedulingType":"absolute"},"_wpsp_active_default_template":true},"categories":[52,27],"tags":[],"class_list":["post-70622","post","type-post","status-publish","format-standard","has-post-thumbnail","hentry","category-a-la-une","category-actualite"],"aioseo_notices":[],"yoast_head":"<!-- This site is optimized with the Yoast SEO plugin v27.5 - https:\/\/yoast.com\/product\/yoast-seo-wordpress\/ -->\n<title>Utilisation d&#8217;embarcations \u00e0 moteur sur les plages : L&rsquo;\u00c9tat d\u00e9cide de s\u00e9vir ! - La Sentinelle<\/title>\n<meta name=\"robots\" content=\"index, follow, max-snippet:-1, max-image-preview:large, max-video-preview:-1\" \/>\n<link rel=\"canonical\" href=\"https:\/\/lasentinelle.dz\/index.php\/2025\/07\/21\/utilisation-dembarcations-a-moteur-sur-les-plages-letat-decide-de-sevir\/\" \/>\n<meta property=\"og:locale\" content=\"fr_FR\" \/>\n<meta property=\"og:type\" content=\"article\" \/>\n<meta property=\"og:title\" content=\"Utilisation d&#8217;embarcations \u00e0 moteur sur les plages : L&rsquo;\u00c9tat d\u00e9cide de s\u00e9vir ! - La Sentinelle\" \/>\n<meta property=\"og:description\" content=\"Le minist\u00e8re de l&rsquo;Int\u00e9rieur, des Collectivit\u00e9s locales et de l&rsquo;Am\u00e9nagement du territoire a lanc\u00e9 dimanche un avertissement ferme aux utilisateurs\" \/>\n<meta property=\"og:url\" content=\"https:\/\/lasentinelle.dz\/index.php\/2025\/07\/21\/utilisation-dembarcations-a-moteur-sur-les-plages-letat-decide-de-sevir\/\" \/>\n<meta property=\"og:site_name\" content=\"La Sentinelle\" \/>\n<meta property=\"article:publisher\" content=\"https:\/\/www.facebook.com\/La-Sentinelle-104059864394773\" \/>\n<meta property=\"article:published_time\" content=\"2025-07-21T11:23:46+00:00\" \/>\n<meta property=\"article:modified_time\" content=\"2025-07-21T11:23:47+00:00\" \/>\n<meta property=\"og:image\" content=\"https:\/\/lasentinelle.dz\/wp-content\/uploads\/2025\/07\/jet-ski.jpg\" \/>\n\t<meta property=\"og:image:width\" content=\"745\" \/>\n\t<meta property=\"og:image:height\" content=\"470\" \/>\n\t<meta property=\"og:image:type\" content=\"image\/jpeg\" \/>\n<meta name=\"author\" content=\"admin\" \/>\n<meta name=\"twitter:card\" content=\"summary_large_image\" \/>\n<meta name=\"twitter:label1\" content=\"\u00c9crit par\" \/>\n\t<meta name=\"twitter:data1\" content=\"admin\" \/>\n\t<meta name=\"twitter:label2\" content=\"Dur\u00e9e de lecture estim\u00e9e\" \/>\n\t<meta name=\"twitter:data2\" content=\"3 minutes\" \/>\n<script type=\"application\/ld+json\" class=\"yoast-schema-graph\">{\"@context\":\"https:\\\/\\\/schema.org\",\"@graph\":[{\"@type\":\"Article\",\"@id\":\"https:\\\/\\\/lasentinelle.dz\\\/index.php\\\/2025\\\/07\\\/21\\\/utilisation-dembarcations-a-moteur-sur-les-plages-letat-decide-de-sevir\\\/#article\",\"isPartOf\":{\"@id\":\"https:\\\/\\\/lasentinelle.dz\\\/index.php\\\/2025\\\/07\\\/21\\\/utilisation-dembarcations-a-moteur-sur-les-plages-letat-decide-de-sevir\\\/\"},\"author\":{\"name\":\"admin\",\"@id\":\"https:\\\/\\\/lasentinelle.dz\\\/#\\\/schema\\\/person\\\/729ee0024f24e0b8c5ec17232f8e8b41\"},\"headline\":\"Utilisation d&#8217;embarcations \u00e0 moteur sur les plages : L&rsquo;\u00c9tat d\u00e9cide de s\u00e9vir !\",\"datePublished\":\"2025-07-21T11:23:46+00:00\",\"dateModified\":\"2025-07-21T11:23:47+00:00\",\"mainEntityOfPage\":{\"@id\":\"https:\\\/\\\/lasentinelle.dz\\\/index.php\\\/2025\\\/07\\\/21\\\/utilisation-dembarcations-a-moteur-sur-les-plages-letat-decide-de-sevir\\\/\"},\"wordCount\":488,\"commentCount\":0,\"publisher\":{\"@id\":\"https:\\\/\\\/lasentinelle.dz\\\/#organization\"},\"image\":{\"@id\":\"https:\\\/\\\/lasentinelle.dz\\\/index.php\\\/2025\\\/07\\\/21\\\/utilisation-dembarcations-a-moteur-sur-les-plages-letat-decide-de-sevir\\\/#primaryimage\"},\"thumbnailUrl\":\"https:\\\/\\\/lasentinelle.dz\\\/wp-content\\\/uploads\\\/2025\\\/07\\\/jet-ski.jpg\",\"articleSection\":[\"\u00c0 la Une\",\"Actualit\u00e9\"],\"inLanguage\":\"fr-FR\",\"potentialAction\":[{\"@type\":\"CommentAction\",\"name\":\"Comment\",\"target\":[\"https:\\\/\\\/lasentinelle.dz\\\/index.php\\\/2025\\\/07\\\/21\\\/utilisation-dembarcations-a-moteur-sur-les-plages-letat-decide-de-sevir\\\/#respond\"]}]},{\"@type\":\"WebPage\",\"@id\":\"https:\\\/\\\/lasentinelle.dz\\\/index.php\\\/2025\\\/07\\\/21\\\/utilisation-dembarcations-a-moteur-sur-les-plages-letat-decide-de-sevir\\\/\",\"url\":\"https:\\\/\\\/lasentinelle.dz\\\/index.php\\\/2025\\\/07\\\/21\\\/utilisation-dembarcations-a-moteur-sur-les-plages-letat-decide-de-sevir\\\/\",\"name\":\"Utilisation d&#8217;embarcations \u00e0 moteur sur les plages : L&rsquo;\u00c9tat d\u00e9cide de s\u00e9vir ! - La Sentinelle\",\"isPartOf\":{\"@id\":\"https:\\\/\\\/lasentinelle.dz\\\/#website\"},\"primaryImageOfPage\":{\"@id\":\"https:\\\/\\\/lasentinelle.dz\\\/index.php\\\/2025\\\/07\\\/21\\\/utilisation-dembarcations-a-moteur-sur-les-plages-letat-decide-de-sevir\\\/#primaryimage\"},\"image\":{\"@id\":\"https:\\\/\\\/lasentinelle.dz\\\/index.php\\\/2025\\\/07\\\/21\\\/utilisation-dembarcations-a-moteur-sur-les-plages-letat-decide-de-sevir\\\/#primaryimage\"},\"thumbnailUrl\":\"https:\\\/\\\/lasentinelle.dz\\\/wp-content\\\/uploads\\\/2025\\\/07\\\/jet-ski.jpg\",\"datePublished\":\"2025-07-21T11:23:46+00:00\",\"dateModified\":\"2025-07-21T11:23:47+00:00\",\"breadcrumb\":{\"@id\":\"https:\\\/\\\/lasentinelle.dz\\\/index.php\\\/2025\\\/07\\\/21\\\/utilisation-dembarcations-a-moteur-sur-les-plages-letat-decide-de-sevir\\\/#breadcrumb\"},\"inLanguage\":\"fr-FR\",\"potentialAction\":[{\"@type\":\"ReadAction\",\"target\":[\"https:\\\/\\\/lasentinelle.dz\\\/index.php\\\/2025\\\/07\\\/21\\\/utilisation-dembarcations-a-moteur-sur-les-plages-letat-decide-de-sevir\\\/\"]}]},{\"@type\":\"ImageObject\",\"inLanguage\":\"fr-FR\",\"@id\":\"https:\\\/\\\/lasentinelle.dz\\\/index.php\\\/2025\\\/07\\\/21\\\/utilisation-dembarcations-a-moteur-sur-les-plages-letat-decide-de-sevir\\\/#primaryimage\",\"url\":\"https:\\\/\\\/lasentinelle.dz\\\/wp-content\\\/uploads\\\/2025\\\/07\\\/jet-ski.jpg\",\"contentUrl\":\"https:\\\/\\\/lasentinelle.dz\\\/wp-content\\\/uploads\\\/2025\\\/07\\\/jet-ski.jpg\",\"width\":745,\"height\":470},{\"@type\":\"BreadcrumbList\",\"@id\":\"https:\\\/\\\/lasentinelle.dz\\\/index.php\\\/2025\\\/07\\\/21\\\/utilisation-dembarcations-a-moteur-sur-les-plages-letat-decide-de-sevir\\\/#breadcrumb\",\"itemListElement\":[{\"@type\":\"ListItem\",\"position\":1,\"name\":\"Accueil\",\"item\":\"https:\\\/\\\/lasentinelle.dz\\\/\"},{\"@type\":\"ListItem\",\"position\":2,\"name\":\"Utilisation d&#8217;embarcations \u00e0 moteur sur les plages : L&rsquo;\u00c9tat d\u00e9cide de s\u00e9vir !\"}]},{\"@type\":\"WebSite\",\"@id\":\"https:\\\/\\\/lasentinelle.dz\\\/#website\",\"url\":\"https:\\\/\\\/lasentinelle.dz\\\/\",\"name\":\"La Sentinelle\",\"description\":\"Quotidien national d&#039;information\",\"publisher\":{\"@id\":\"https:\\\/\\\/lasentinelle.dz\\\/#organization\"},\"potentialAction\":[{\"@type\":\"SearchAction\",\"target\":{\"@type\":\"EntryPoint\",\"urlTemplate\":\"https:\\\/\\\/lasentinelle.dz\\\/?s={search_term_string}\"},\"query-input\":{\"@type\":\"PropertyValueSpecification\",\"valueRequired\":true,\"valueName\":\"search_term_string\"}}],\"inLanguage\":\"fr-FR\"},{\"@type\":\"Organization\",\"@id\":\"https:\\\/\\\/lasentinelle.dz\\\/#organization\",\"name\":\"Quotidien La Sentinelle\",\"url\":\"https:\\\/\\\/lasentinelle.dz\\\/\",\"logo\":{\"@type\":\"ImageObject\",\"inLanguage\":\"fr-FR\",\"@id\":\"https:\\\/\\\/lasentinelle.dz\\\/#\\\/schema\\\/logo\\\/image\\\/\",\"url\":\"https:\\\/\\\/lasentinelle.dz\\\/wp-content\\\/uploads\\\/2021\\\/09\\\/logo-sentinelleSLOGAN-1.png\",\"contentUrl\":\"https:\\\/\\\/lasentinelle.dz\\\/wp-content\\\/uploads\\\/2021\\\/09\\\/logo-sentinelleSLOGAN-1.png\",\"width\":615,\"height\":142,\"caption\":\"Quotidien La Sentinelle\"},\"image\":{\"@id\":\"https:\\\/\\\/lasentinelle.dz\\\/#\\\/schema\\\/logo\\\/image\\\/\"},\"sameAs\":[\"https:\\\/\\\/www.facebook.com\\\/La-Sentinelle-104059864394773\"]},{\"@type\":\"Person\",\"@id\":\"https:\\\/\\\/lasentinelle.dz\\\/#\\\/schema\\\/person\\\/729ee0024f24e0b8c5ec17232f8e8b41\",\"name\":\"admin\",\"image\":{\"@type\":\"ImageObject\",\"inLanguage\":\"fr-FR\",\"@id\":\"https:\\\/\\\/secure.gravatar.com\\\/avatar\\\/4c81fed838786e9b53f540bf46533e750f5d292099ae3b66cfc6fb1982e29df7?s=96&d=mm&r=g\",\"url\":\"https:\\\/\\\/secure.gravatar.com\\\/avatar\\\/4c81fed838786e9b53f540bf46533e750f5d292099ae3b66cfc6fb1982e29df7?s=96&d=mm&r=g\",\"contentUrl\":\"https:\\\/\\\/secure.gravatar.com\\\/avatar\\\/4c81fed838786e9b53f540bf46533e750f5d292099ae3b66cfc6fb1982e29df7?s=96&d=mm&r=g\",\"caption\":\"admin\"},\"description\":\"admin\",\"url\":\"https:\\\/\\\/lasentinelle.dz\\\/author\\\/admin\\\/\"}]}<\/script>\n<!-- \/ Yoast SEO plugin. -->","yoast_head_json":{"title":"Utilisation d&#8217;embarcations \u00e0 moteur sur les plages : L&rsquo;\u00c9tat d\u00e9cide de s\u00e9vir ! - La Sentinelle","robots":{"index":"index","follow":"follow","max-snippet":"max-snippet:-1","max-image-preview":"max-image-preview:large","max-video-preview":"max-video-preview:-1"},"canonical":"https:\/\/lasentinelle.dz\/index.php\/2025\/07\/21\/utilisation-dembarcations-a-moteur-sur-les-plages-letat-decide-de-sevir\/","og_locale":"fr_FR","og_type":"article","og_title":"Utilisation d&#8217;embarcations \u00e0 moteur sur les plages : L&rsquo;\u00c9tat d\u00e9cide de s\u00e9vir ! - La Sentinelle","og_description":"Le minist\u00e8re de l&rsquo;Int\u00e9rieur, des Collectivit\u00e9s locales et de l&rsquo;Am\u00e9nagement du territoire a lanc\u00e9 dimanche un avertissement ferme aux utilisateurs","og_url":"https:\/\/lasentinelle.dz\/index.php\/2025\/07\/21\/utilisation-dembarcations-a-moteur-sur-les-plages-letat-decide-de-sevir\/","og_site_name":"La Sentinelle","article_publisher":"https:\/\/www.facebook.com\/La-Sentinelle-104059864394773","article_published_time":"2025-07-21T11:23:46+00:00","article_modified_time":"2025-07-21T11:23:47+00:00","og_image":[{"width":745,"height":470,"url":"https:\/\/lasentinelle.dz\/wp-content\/uploads\/2025\/07\/jet-ski.jpg","type":"image\/jpeg"}],"author":"admin","twitter_card":"summary_large_image","twitter_misc":{"\u00c9crit par":"admin","Dur\u00e9e de lecture estim\u00e9e":"3 minutes"},"schema":{"@context":"https:\/\/schema.org","@graph":[{"@type":"Article","@id":"https:\/\/lasentinelle.dz\/index.php\/2025\/07\/21\/utilisation-dembarcations-a-moteur-sur-les-plages-letat-decide-de-sevir\/#article","isPartOf":{"@id":"https:\/\/lasentinelle.dz\/index.php\/2025\/07\/21\/utilisation-dembarcations-a-moteur-sur-les-plages-letat-decide-de-sevir\/"},"author":{"name":"admin","@id":"https:\/\/lasentinelle.dz\/#\/schema\/person\/729ee0024f24e0b8c5ec17232f8e8b41"},"headline":"Utilisation d&#8217;embarcations \u00e0 moteur sur les plages : L&rsquo;\u00c9tat d\u00e9cide de s\u00e9vir !","datePublished":"2025-07-21T11:23:46+00:00","dateModified":"2025-07-21T11:23:47+00:00","mainEntityOfPage":{"@id":"https:\/\/lasentinelle.dz\/index.php\/2025\/07\/21\/utilisation-dembarcations-a-moteur-sur-les-plages-letat-decide-de-sevir\/"},"wordCount":488,"commentCount":0,"publisher":{"@id":"https:\/\/lasentinelle.dz\/#organization"},"image":{"@id":"https:\/\/lasentinelle.dz\/index.php\/2025\/07\/21\/utilisation-dembarcations-a-moteur-sur-les-plages-letat-decide-de-sevir\/#primaryimage"},"thumbnailUrl":"https:\/\/lasentinelle.dz\/wp-content\/uploads\/2025\/07\/jet-ski.jpg","articleSection":["\u00c0 la Une","Actualit\u00e9"],"inLanguage":"fr-FR","potentialAction":[{"@type":"CommentAction","name":"Comment","target":["https:\/\/lasentinelle.dz\/index.php\/2025\/07\/21\/utilisation-dembarcations-a-moteur-sur-les-plages-letat-decide-de-sevir\/#respond"]}]},{"@type":"WebPage","@id":"https:\/\/lasentinelle.dz\/index.php\/2025\/07\/21\/utilisation-dembarcations-a-moteur-sur-les-plages-letat-decide-de-sevir\/","url":"https:\/\/lasentinelle.dz\/index.php\/2025\/07\/21\/utilisation-dembarcations-a-moteur-sur-les-plages-letat-decide-de-sevir\/","name":"Utilisation d&#8217;embarcations \u00e0 moteur sur les plages : L&rsquo;\u00c9tat d\u00e9cide de s\u00e9vir ! - La Sentinelle","isPartOf":{"@id":"https:\/\/lasentinelle.dz\/#website"},"primaryImageOfPage":{"@id":"https:\/\/lasentinelle.dz\/index.php\/2025\/07\/21\/utilisation-dembarcations-a-moteur-sur-les-plages-letat-decide-de-sevir\/#primaryimage"},"image":{"@id":"https:\/\/lasentinelle.dz\/index.php\/2025\/07\/21\/utilisation-dembarcations-a-moteur-sur-les-plages-letat-decide-de-sevir\/#primaryimage"},"thumbnailUrl":"https:\/\/lasentinelle.dz\/wp-content\/uploads\/2025\/07\/jet-ski.jpg","datePublished":"2025-07-21T11:23:46+00:00","dateModified":"2025-07-21T11:23:47+00:00","breadcrumb":{"@id":"https:\/\/lasentinelle.dz\/index.php\/2025\/07\/21\/utilisation-dembarcations-a-moteur-sur-les-plages-letat-decide-de-sevir\/#breadcrumb"},"inLanguage":"fr-FR","potentialAction":[{"@type":"ReadAction","target":["https:\/\/lasentinelle.dz\/index.php\/2025\/07\/21\/utilisation-dembarcations-a-moteur-sur-les-plages-letat-decide-de-sevir\/"]}]},{"@type":"ImageObject","inLanguage":"fr-FR","@id":"https:\/\/lasentinelle.dz\/index.php\/2025\/07\/21\/utilisation-dembarcations-a-moteur-sur-les-plages-letat-decide-de-sevir\/#primaryimage","url":"https:\/\/lasentinelle.dz\/wp-content\/uploads\/2025\/07\/jet-ski.jpg","contentUrl":"https:\/\/lasentinelle.dz\/wp-content\/uploads\/2025\/07\/jet-ski.jpg","width":745,"height":470},{"@type":"BreadcrumbList","@id":"https:\/\/lasentinelle.dz\/index.php\/2025\/07\/21\/utilisation-dembarcations-a-moteur-sur-les-plages-letat-decide-de-sevir\/#breadcrumb","itemListElement":[{"@type":"ListItem","position":1,"name":"Accueil","item":"https:\/\/lasentinelle.dz\/"},{"@type":"ListItem","position":2,"name":"Utilisation d&#8217;embarcations \u00e0 moteur sur les plages : L&rsquo;\u00c9tat d\u00e9cide de s\u00e9vir !"}]},{"@type":"WebSite","@id":"https:\/\/lasentinelle.dz\/#website","url":"https:\/\/lasentinelle.dz\/","name":"La Sentinelle","description":"Quotidien national d&#039;information","publisher":{"@id":"https:\/\/lasentinelle.dz\/#organization"},"potentialAction":[{"@type":"SearchAction","target":{"@type":"EntryPoint","urlTemplate":"https:\/\/lasentinelle.dz\/?s={search_term_string}"},"query-input":{"@type":"PropertyValueSpecification","valueRequired":true,"valueName":"search_term_string"}}],"inLanguage":"fr-FR"},{"@type":"Organization","@id":"https:\/\/lasentinelle.dz\/#organization","name":"Quotidien La Sentinelle","url":"https:\/\/lasentinelle.dz\/","logo":{"@type":"ImageObject","inLanguage":"fr-FR","@id":"https:\/\/lasentinelle.dz\/#\/schema\/logo\/image\/","url":"https:\/\/lasentinelle.dz\/wp-content\/uploads\/2021\/09\/logo-sentinelleSLOGAN-1.png","contentUrl":"https:\/\/lasentinelle.dz\/wp-content\/uploads\/2021\/09\/logo-sentinelleSLOGAN-1.png","width":615,"height":142,"caption":"Quotidien La Sentinelle"},"image":{"@id":"https:\/\/lasentinelle.dz\/#\/schema\/logo\/image\/"},"sameAs":["https:\/\/www.facebook.com\/La-Sentinelle-104059864394773"]},{"@type":"Person","@id":"https:\/\/lasentinelle.dz\/#\/schema\/person\/729ee0024f24e0b8c5ec17232f8e8b41","name":"admin","image":{"@type":"ImageObject","inLanguage":"fr-FR","@id":"https:\/\/secure.gravatar.com\/avatar\/4c81fed838786e9b53f540bf46533e750f5d292099ae3b66cfc6fb1982e29df7?s=96&d=mm&r=g","url":"https:\/\/secure.gravatar.com\/avatar\/4c81fed838786e9b53f540bf46533e750f5d292099ae3b66cfc6fb1982e29df7?s=96&d=mm&r=g","contentUrl":"https:\/\/secure.gravatar.com\/avatar\/4c81fed838786e9b53f540bf46533e750f5d292099ae3b66cfc6fb1982e29df7?s=96&d=mm&r=g","caption":"admin"},"description":"admin","url":"https:\/\/lasentinelle.dz\/author\/admin\/"}]}},"_links":{"self":[{"href":"https:\/\/lasentinelle.dz\/index.php\/wp-json\/wp\/v2\/posts\/70622","targetHints":{"allow":["GET"]}}],"collection":[{"href":"https:\/\/lasentinelle.dz\/index.php\/wp-json\/wp\/v2\/posts"}],"about":[{"href":"https:\/\/lasentinelle.dz\/index.php\/wp-json\/wp\/v2\/types\/post"}],"author":[{"embeddable":true,"href":"https:\/\/lasentinelle.dz\/index.php\/wp-json\/wp\/v2\/users\/6"}],"replies":[{"embeddable":true,"href":"https:\/\/lasentinelle.dz\/index.php\/wp-json\/wp\/v2\/comments?post=70622"}],"version-history":[{"count":2,"href":"https:\/\/lasentinelle.dz\/index.php\/wp-json\/wp\/v2\/posts\/70622\/revisions"}],"predecessor-version":[{"id":70625,"href":"https:\/\/lasentinelle.dz\/index.php\/wp-json\/wp\/v2\/posts\/70622\/revisions\/70625"}],"wp:featuredmedia":[{"embeddable":true,"href":"https:\/\/lasentinelle.dz\/index.php\/wp-json\/wp\/v2\/media\/70623"}],"wp:attachment":[{"href":"https:\/\/lasentinelle.dz\/index.php\/wp-json\/wp\/v2\/media?parent=70622"}],"wp:term":[{"taxonomy":"category","embeddable":true,"href":"https:\/\/lasentinelle.dz\/index.php\/wp-json\/wp\/v2\/categories?post=70622"},{"taxonomy":"post_tag","embeddable":true,"href":"https:\/\/lasentinelle.dz\/index.php\/wp-json\/wp\/v2\/tags?post=70622"}],"curies":[{"name":"wp","href":"https:\/\/api.w.org\/{rel}","templated":true}]}}