{"id":70631,"date":"2025-07-21T12:26:36","date_gmt":"2025-07-21T11:26:36","guid":{"rendered":"https:\/\/lasentinelle.dz\/?p=70631"},"modified":"2025-07-21T12:59:38","modified_gmt":"2025-07-21T11:59:38","slug":"maroc-une-crise-sociale-explosive","status":"publish","type":"post","link":"https:\/\/lasentinelle.dz\/index.php\/2025\/07\/21\/maroc-une-crise-sociale-explosive\/","title":{"rendered":"Maroc : Une crise sociale explosive !"},"content":{"rendered":"\n<p>76% des m\u00e9nages marocains plong\u00e9s dans la pr\u00e9carit\u00e9, l&rsquo;asphyxie \u00e9conomique g\u00e9n\u00e9ralise le m\u00e9contentement populaire.<\/p>\n\n\n\n<p>Le Maroc traverse une crise socio-\u00e9conomique d&rsquo;une ampleur in\u00e9dite qui fait craindre une explosion sociale imminente. Les derniers chiffres du Haut-Commissariat au Plan, publi\u00e9s vendredi, r\u00e9v\u00e8lent un tableau catastrophique : 76% des m\u00e9nages marocains ont vu leur niveau de vie se d\u00e9grader au cours des douze derniers mois, plongeant des millions de familles dans une spirale de pr\u00e9carit\u00e9 sans pr\u00e9c\u00e9dent. Cette d\u00e9gradation massive contraste avec la stabilit\u00e9 affich\u00e9e par seulement 2,17% des foyers, tandis qu&rsquo;une infime minorit\u00e9 de 6,8% d\u00e9clare une am\u00e9lioration de sa situation. Ces statistiques traduisent une fracture sociale b\u00e9ante. L&rsquo;enqu\u00eate de conjoncture du deuxi\u00e8me trimestre 2025 dessine un avenir particuli\u00e8rement sombre : pr\u00e8s de 50% des m\u00e9nages anticipent une aggravation de leurs conditions de vie, contre seulement 9,7% qui esp\u00e8rent un mieux. Cette d\u00e9fiance g\u00e9n\u00e9ralis\u00e9e envers l&rsquo;avenir t\u00e9moigne d&rsquo;une perte de confiance profonde dans la capacit\u00e9 des autorit\u00e9s \u00e0 redresser la situation. Le march\u00e9 du travail n&rsquo;\u00e9chappe pas \u00e0 ce pessimisme ambiant. Quelque 71% des familles s&rsquo;attendent \u00e0 une mont\u00e9e du ch\u00f4mage dans l&rsquo;ann\u00e9e \u00e0 venir, r\u00e9v\u00e9lant l&rsquo;\u00e9chec des politiques d&#8217;emploi gouvernementales r\u00e9duites, selon les observateurs, \u00e0 de simples effets d&rsquo;annonce.<\/p>\n\n\n\n<p>La situation financi\u00e8re des m\u00e9nages illustre l&rsquo;ampleur du marasme \u00e9conomique. Seuls 57% parviennent encore \u00e0 \u00e9quilibrer leurs comptes, tandis que 40,6% sont contraints de s&rsquo;endetter ou de puiser dans leurs maigres r\u00e9serves pour survivre. Cette r\u00e9alit\u00e9 touche d\u00e9sormais toutes les couches de la soci\u00e9t\u00e9 marocaine. L&rsquo;\u00e9pargne, traditionnellement consid\u00e9r\u00e9e comme un marqueur de stabilit\u00e9 sociale, s&rsquo;effrite dangereusement : \u00e0 peine 1,8% des m\u00e9nages peuvent encore mettre de l&rsquo;argent de c\u00f4t\u00e9. Plus alarmant encore, 91% des familles estiment qu&rsquo;elles ne pourront pas \u00e9pargner dans l&rsquo;ann\u00e9e \u00e0 venir, signe d&rsquo;un d\u00e9sespoir \u00e9conomique qui gagne l&rsquo;ensemble de la population. L&rsquo;inflation frappe de plein fouet le quotidien des Marocains. Quelque 94% des m\u00e9nages ont constat\u00e9 une hausse des prix alimentaires sur l&rsquo;ann\u00e9e \u00e9coul\u00e9e, et 79% s&rsquo;attendent \u00e0 une nouvelle flamb\u00e9e des co\u00fbts. Cette pression sur les produits de premi\u00e8re n\u00e9cessit\u00e9 alimente un sentiment d&rsquo;injustice face \u00e0 un syst\u00e8me favorisant les \u00e9lites \u00e9conomiques au d\u00e9triment du plus grand nombre. La consommation de biens durables s&rsquo;effondre : 72% des m\u00e9nages jugent les conditions actuelles d\u00e9favorables \u00e0 de tels achats, r\u00e9v\u00e9lant une stagnation du march\u00e9 int\u00e9rieur qui pourrait avoir des r\u00e9percussions durables sur l&rsquo;\u00e9conomie marocaine. Cette accumulation de facteurs de crise fait planer le spectre d&rsquo;un embrasement social sur le royaume. Les analystes politiques \u00e9voquent un \u00ab\u00a0bouillonnement\u00a0\u00bb populaire qui pourrait d\u00e9boucher sur des mouvements de contestation si aucune r\u00e9ponse concr\u00e8te n&rsquo;est apport\u00e9e rapidement. Ce quotidien \u00e9crasant, rythm\u00e9 par des charges alimentaires, m\u00e9dicales et de logement toujours plus lourdes, contraste avec l\u2019attitude du Makhzen, qui continue de faire des concessions aux \u00e9lites financi\u00e8res, aux cercles d\u2019influence et aux int\u00e9r\u00eats sionistes, au d\u00e9triment d\u2019une large frange de la population enfonc\u00e9e chaque jour davantage dans la pauvret\u00e9 et le d\u00e9sespoir. Lyes Sa\u00efdi<\/p>\n","protected":false},"excerpt":{"rendered":"<p>76% des m\u00e9nages marocains plong\u00e9s dans la pr\u00e9carit\u00e9, l&rsquo;asphyxie \u00e9conomique g\u00e9n\u00e9ralise le m\u00e9contentement populaire. Le Maroc traverse une crise socio-\u00e9conomique<\/p>\n","protected":false},"author":6,"featured_media":58426,"comment_status":"open","ping_status":"closed","sticky":false,"template":"","format":"standard","meta":{"colormag_page_container_layout":"default_layout","colormag_page_sidebar_layout":"default_layout","om_disable_all_campaigns":false,"_monsterinsights_skip_tracking":false,"_monsterinsights_sitenote_active":false,"_monsterinsights_sitenote_note":"","_monsterinsights_sitenote_category":0,"footnotes":"","_wpscppro_dont_share_socialmedia":false,"_wpscppro_custom_social_share_image":0,"_facebook_share_type":"default","_twitter_share_type":"default","_linkedin_share_type":"default","_pinterest_share_type":"default","_linkedin_share_type_page":"","_instagram_share_type":"default","_medium_share_type":"default","_threads_share_type":"","_google_business_share_type":"","_selected_social_profile":[],"_wpsp_enable_custom_social_template":false,"_wpsp_social_scheduling":{"enabled":false,"datetime":null,"platforms":[],"status":"template_only","dateOption":"today","timeOption":"now","customDays":"","customHours":"","customDate":"","customTime":"","schedulingType":"absolute"},"_wpsp_active_default_template":true},"categories":[52,37],"tags":[],"class_list":["post-70631","post","type-post","status-publish","format-standard","has-post-thumbnail","hentry","category-a-la-une","category-monde"],"aioseo_notices":[],"yoast_head":"<!-- This site is optimized with the Yoast SEO plugin v27.5 - https:\/\/yoast.com\/product\/yoast-seo-wordpress\/ -->\n<title>Maroc : Une crise sociale explosive ! - La Sentinelle<\/title>\n<meta name=\"robots\" content=\"index, follow, max-snippet:-1, max-image-preview:large, max-video-preview:-1\" \/>\n<link rel=\"canonical\" href=\"https:\/\/lasentinelle.dz\/index.php\/2025\/07\/21\/maroc-une-crise-sociale-explosive\/\" \/>\n<meta property=\"og:locale\" content=\"fr_FR\" \/>\n<meta property=\"og:type\" content=\"article\" \/>\n<meta property=\"og:title\" content=\"Maroc : Une crise sociale explosive ! - La Sentinelle\" \/>\n<meta property=\"og:description\" content=\"76% des m\u00e9nages marocains plong\u00e9s dans la pr\u00e9carit\u00e9, l&rsquo;asphyxie \u00e9conomique g\u00e9n\u00e9ralise le m\u00e9contentement populaire. Le Maroc traverse une crise socio-\u00e9conomique\" \/>\n<meta property=\"og:url\" content=\"https:\/\/lasentinelle.dz\/index.php\/2025\/07\/21\/maroc-une-crise-sociale-explosive\/\" \/>\n<meta property=\"og:site_name\" content=\"La Sentinelle\" \/>\n<meta property=\"article:publisher\" content=\"https:\/\/www.facebook.com\/La-Sentinelle-104059864394773\" \/>\n<meta property=\"article:published_time\" content=\"2025-07-21T11:26:36+00:00\" \/>\n<meta property=\"article:modified_time\" content=\"2025-07-21T11:59:38+00:00\" \/>\n<meta property=\"og:image\" content=\"https:\/\/lasentinelle.dz\/wp-content\/uploads\/2024\/10\/Maroc-1.png\" \/>\n\t<meta property=\"og:image:width\" content=\"640\" \/>\n\t<meta property=\"og:image:height\" content=\"356\" \/>\n\t<meta property=\"og:image:type\" content=\"image\/png\" \/>\n<meta name=\"author\" content=\"admin\" \/>\n<meta name=\"twitter:card\" content=\"summary_large_image\" \/>\n<meta name=\"twitter:label1\" content=\"\u00c9crit par\" \/>\n\t<meta name=\"twitter:data1\" content=\"admin\" \/>\n\t<meta name=\"twitter:label2\" content=\"Dur\u00e9e de lecture estim\u00e9e\" \/>\n\t<meta name=\"twitter:data2\" content=\"3 minutes\" \/>\n<script type=\"application\/ld+json\" class=\"yoast-schema-graph\">{\"@context\":\"https:\\\/\\\/schema.org\",\"@graph\":[{\"@type\":\"Article\",\"@id\":\"https:\\\/\\\/lasentinelle.dz\\\/index.php\\\/2025\\\/07\\\/21\\\/maroc-une-crise-sociale-explosive\\\/#article\",\"isPartOf\":{\"@id\":\"https:\\\/\\\/lasentinelle.dz\\\/index.php\\\/2025\\\/07\\\/21\\\/maroc-une-crise-sociale-explosive\\\/\"},\"author\":{\"name\":\"admin\",\"@id\":\"https:\\\/\\\/lasentinelle.dz\\\/#\\\/schema\\\/person\\\/729ee0024f24e0b8c5ec17232f8e8b41\"},\"headline\":\"Maroc : Une crise sociale explosive !\",\"datePublished\":\"2025-07-21T11:26:36+00:00\",\"dateModified\":\"2025-07-21T11:59:38+00:00\",\"mainEntityOfPage\":{\"@id\":\"https:\\\/\\\/lasentinelle.dz\\\/index.php\\\/2025\\\/07\\\/21\\\/maroc-une-crise-sociale-explosive\\\/\"},\"wordCount\":564,\"commentCount\":0,\"publisher\":{\"@id\":\"https:\\\/\\\/lasentinelle.dz\\\/#organization\"},\"image\":{\"@id\":\"https:\\\/\\\/lasentinelle.dz\\\/index.php\\\/2025\\\/07\\\/21\\\/maroc-une-crise-sociale-explosive\\\/#primaryimage\"},\"thumbnailUrl\":\"https:\\\/\\\/lasentinelle.dz\\\/wp-content\\\/uploads\\\/2024\\\/10\\\/Maroc-1.png\",\"articleSection\":[\"\u00c0 la Une\",\"Monde\"],\"inLanguage\":\"fr-FR\",\"potentialAction\":[{\"@type\":\"CommentAction\",\"name\":\"Comment\",\"target\":[\"https:\\\/\\\/lasentinelle.dz\\\/index.php\\\/2025\\\/07\\\/21\\\/maroc-une-crise-sociale-explosive\\\/#respond\"]}]},{\"@type\":\"WebPage\",\"@id\":\"https:\\\/\\\/lasentinelle.dz\\\/index.php\\\/2025\\\/07\\\/21\\\/maroc-une-crise-sociale-explosive\\\/\",\"url\":\"https:\\\/\\\/lasentinelle.dz\\\/index.php\\\/2025\\\/07\\\/21\\\/maroc-une-crise-sociale-explosive\\\/\",\"name\":\"Maroc : Une crise sociale explosive ! - La Sentinelle\",\"isPartOf\":{\"@id\":\"https:\\\/\\\/lasentinelle.dz\\\/#website\"},\"primaryImageOfPage\":{\"@id\":\"https:\\\/\\\/lasentinelle.dz\\\/index.php\\\/2025\\\/07\\\/21\\\/maroc-une-crise-sociale-explosive\\\/#primaryimage\"},\"image\":{\"@id\":\"https:\\\/\\\/lasentinelle.dz\\\/index.php\\\/2025\\\/07\\\/21\\\/maroc-une-crise-sociale-explosive\\\/#primaryimage\"},\"thumbnailUrl\":\"https:\\\/\\\/lasentinelle.dz\\\/wp-content\\\/uploads\\\/2024\\\/10\\\/Maroc-1.png\",\"datePublished\":\"2025-07-21T11:26:36+00:00\",\"dateModified\":\"2025-07-21T11:59:38+00:00\",\"breadcrumb\":{\"@id\":\"https:\\\/\\\/lasentinelle.dz\\\/index.php\\\/2025\\\/07\\\/21\\\/maroc-une-crise-sociale-explosive\\\/#breadcrumb\"},\"inLanguage\":\"fr-FR\",\"potentialAction\":[{\"@type\":\"ReadAction\",\"target\":[\"https:\\\/\\\/lasentinelle.dz\\\/index.php\\\/2025\\\/07\\\/21\\\/maroc-une-crise-sociale-explosive\\\/\"]}]},{\"@type\":\"ImageObject\",\"inLanguage\":\"fr-FR\",\"@id\":\"https:\\\/\\\/lasentinelle.dz\\\/index.php\\\/2025\\\/07\\\/21\\\/maroc-une-crise-sociale-explosive\\\/#primaryimage\",\"url\":\"https:\\\/\\\/lasentinelle.dz\\\/wp-content\\\/uploads\\\/2024\\\/10\\\/Maroc-1.png\",\"contentUrl\":\"https:\\\/\\\/lasentinelle.dz\\\/wp-content\\\/uploads\\\/2024\\\/10\\\/Maroc-1.png\",\"width\":640,\"height\":356},{\"@type\":\"BreadcrumbList\",\"@id\":\"https:\\\/\\\/lasentinelle.dz\\\/index.php\\\/2025\\\/07\\\/21\\\/maroc-une-crise-sociale-explosive\\\/#breadcrumb\",\"itemListElement\":[{\"@type\":\"ListItem\",\"position\":1,\"name\":\"Accueil\",\"item\":\"https:\\\/\\\/lasentinelle.dz\\\/\"},{\"@type\":\"ListItem\",\"position\":2,\"name\":\"Maroc : Une crise sociale explosive !\"}]},{\"@type\":\"WebSite\",\"@id\":\"https:\\\/\\\/lasentinelle.dz\\\/#website\",\"url\":\"https:\\\/\\\/lasentinelle.dz\\\/\",\"name\":\"La Sentinelle\",\"description\":\"Quotidien national d&#039;information\",\"publisher\":{\"@id\":\"https:\\\/\\\/lasentinelle.dz\\\/#organization\"},\"potentialAction\":[{\"@type\":\"SearchAction\",\"target\":{\"@type\":\"EntryPoint\",\"urlTemplate\":\"https:\\\/\\\/lasentinelle.dz\\\/?s={search_term_string}\"},\"query-input\":{\"@type\":\"PropertyValueSpecification\",\"valueRequired\":true,\"valueName\":\"search_term_string\"}}],\"inLanguage\":\"fr-FR\"},{\"@type\":\"Organization\",\"@id\":\"https:\\\/\\\/lasentinelle.dz\\\/#organization\",\"name\":\"Quotidien La Sentinelle\",\"url\":\"https:\\\/\\\/lasentinelle.dz\\\/\",\"logo\":{\"@type\":\"ImageObject\",\"inLanguage\":\"fr-FR\",\"@id\":\"https:\\\/\\\/lasentinelle.dz\\\/#\\\/schema\\\/logo\\\/image\\\/\",\"url\":\"https:\\\/\\\/lasentinelle.dz\\\/wp-content\\\/uploads\\\/2021\\\/09\\\/logo-sentinelleSLOGAN-1.png\",\"contentUrl\":\"https:\\\/\\\/lasentinelle.dz\\\/wp-content\\\/uploads\\\/2021\\\/09\\\/logo-sentinelleSLOGAN-1.png\",\"width\":615,\"height\":142,\"caption\":\"Quotidien La Sentinelle\"},\"image\":{\"@id\":\"https:\\\/\\\/lasentinelle.dz\\\/#\\\/schema\\\/logo\\\/image\\\/\"},\"sameAs\":[\"https:\\\/\\\/www.facebook.com\\\/La-Sentinelle-104059864394773\"]},{\"@type\":\"Person\",\"@id\":\"https:\\\/\\\/lasentinelle.dz\\\/#\\\/schema\\\/person\\\/729ee0024f24e0b8c5ec17232f8e8b41\",\"name\":\"admin\",\"image\":{\"@type\":\"ImageObject\",\"inLanguage\":\"fr-FR\",\"@id\":\"https:\\\/\\\/secure.gravatar.com\\\/avatar\\\/4c81fed838786e9b53f540bf46533e750f5d292099ae3b66cfc6fb1982e29df7?s=96&d=mm&r=g\",\"url\":\"https:\\\/\\\/secure.gravatar.com\\\/avatar\\\/4c81fed838786e9b53f540bf46533e750f5d292099ae3b66cfc6fb1982e29df7?s=96&d=mm&r=g\",\"contentUrl\":\"https:\\\/\\\/secure.gravatar.com\\\/avatar\\\/4c81fed838786e9b53f540bf46533e750f5d292099ae3b66cfc6fb1982e29df7?s=96&d=mm&r=g\",\"caption\":\"admin\"},\"description\":\"admin\",\"url\":\"https:\\\/\\\/lasentinelle.dz\\\/author\\\/admin\\\/\"}]}<\/script>\n<!-- \/ Yoast SEO plugin. -->","yoast_head_json":{"title":"Maroc : Une crise sociale explosive ! - La Sentinelle","robots":{"index":"index","follow":"follow","max-snippet":"max-snippet:-1","max-image-preview":"max-image-preview:large","max-video-preview":"max-video-preview:-1"},"canonical":"https:\/\/lasentinelle.dz\/index.php\/2025\/07\/21\/maroc-une-crise-sociale-explosive\/","og_locale":"fr_FR","og_type":"article","og_title":"Maroc : Une crise sociale explosive ! - La Sentinelle","og_description":"76% des m\u00e9nages marocains plong\u00e9s dans la pr\u00e9carit\u00e9, l&rsquo;asphyxie \u00e9conomique g\u00e9n\u00e9ralise le m\u00e9contentement populaire. Le Maroc traverse une crise socio-\u00e9conomique","og_url":"https:\/\/lasentinelle.dz\/index.php\/2025\/07\/21\/maroc-une-crise-sociale-explosive\/","og_site_name":"La Sentinelle","article_publisher":"https:\/\/www.facebook.com\/La-Sentinelle-104059864394773","article_published_time":"2025-07-21T11:26:36+00:00","article_modified_time":"2025-07-21T11:59:38+00:00","og_image":[{"width":640,"height":356,"url":"https:\/\/lasentinelle.dz\/wp-content\/uploads\/2024\/10\/Maroc-1.png","type":"image\/png"}],"author":"admin","twitter_card":"summary_large_image","twitter_misc":{"\u00c9crit par":"admin","Dur\u00e9e de lecture estim\u00e9e":"3 minutes"},"schema":{"@context":"https:\/\/schema.org","@graph":[{"@type":"Article","@id":"https:\/\/lasentinelle.dz\/index.php\/2025\/07\/21\/maroc-une-crise-sociale-explosive\/#article","isPartOf":{"@id":"https:\/\/lasentinelle.dz\/index.php\/2025\/07\/21\/maroc-une-crise-sociale-explosive\/"},"author":{"name":"admin","@id":"https:\/\/lasentinelle.dz\/#\/schema\/person\/729ee0024f24e0b8c5ec17232f8e8b41"},"headline":"Maroc : Une crise sociale explosive !","datePublished":"2025-07-21T11:26:36+00:00","dateModified":"2025-07-21T11:59:38+00:00","mainEntityOfPage":{"@id":"https:\/\/lasentinelle.dz\/index.php\/2025\/07\/21\/maroc-une-crise-sociale-explosive\/"},"wordCount":564,"commentCount":0,"publisher":{"@id":"https:\/\/lasentinelle.dz\/#organization"},"image":{"@id":"https:\/\/lasentinelle.dz\/index.php\/2025\/07\/21\/maroc-une-crise-sociale-explosive\/#primaryimage"},"thumbnailUrl":"https:\/\/lasentinelle.dz\/wp-content\/uploads\/2024\/10\/Maroc-1.png","articleSection":["\u00c0 la Une","Monde"],"inLanguage":"fr-FR","potentialAction":[{"@type":"CommentAction","name":"Comment","target":["https:\/\/lasentinelle.dz\/index.php\/2025\/07\/21\/maroc-une-crise-sociale-explosive\/#respond"]}]},{"@type":"WebPage","@id":"https:\/\/lasentinelle.dz\/index.php\/2025\/07\/21\/maroc-une-crise-sociale-explosive\/","url":"https:\/\/lasentinelle.dz\/index.php\/2025\/07\/21\/maroc-une-crise-sociale-explosive\/","name":"Maroc : Une crise sociale explosive ! - La Sentinelle","isPartOf":{"@id":"https:\/\/lasentinelle.dz\/#website"},"primaryImageOfPage":{"@id":"https:\/\/lasentinelle.dz\/index.php\/2025\/07\/21\/maroc-une-crise-sociale-explosive\/#primaryimage"},"image":{"@id":"https:\/\/lasentinelle.dz\/index.php\/2025\/07\/21\/maroc-une-crise-sociale-explosive\/#primaryimage"},"thumbnailUrl":"https:\/\/lasentinelle.dz\/wp-content\/uploads\/2024\/10\/Maroc-1.png","datePublished":"2025-07-21T11:26:36+00:00","dateModified":"2025-07-21T11:59:38+00:00","breadcrumb":{"@id":"https:\/\/lasentinelle.dz\/index.php\/2025\/07\/21\/maroc-une-crise-sociale-explosive\/#breadcrumb"},"inLanguage":"fr-FR","potentialAction":[{"@type":"ReadAction","target":["https:\/\/lasentinelle.dz\/index.php\/2025\/07\/21\/maroc-une-crise-sociale-explosive\/"]}]},{"@type":"ImageObject","inLanguage":"fr-FR","@id":"https:\/\/lasentinelle.dz\/index.php\/2025\/07\/21\/maroc-une-crise-sociale-explosive\/#primaryimage","url":"https:\/\/lasentinelle.dz\/wp-content\/uploads\/2024\/10\/Maroc-1.png","contentUrl":"https:\/\/lasentinelle.dz\/wp-content\/uploads\/2024\/10\/Maroc-1.png","width":640,"height":356},{"@type":"BreadcrumbList","@id":"https:\/\/lasentinelle.dz\/index.php\/2025\/07\/21\/maroc-une-crise-sociale-explosive\/#breadcrumb","itemListElement":[{"@type":"ListItem","position":1,"name":"Accueil","item":"https:\/\/lasentinelle.dz\/"},{"@type":"ListItem","position":2,"name":"Maroc : Une crise sociale explosive !"}]},{"@type":"WebSite","@id":"https:\/\/lasentinelle.dz\/#website","url":"https:\/\/lasentinelle.dz\/","name":"La Sentinelle","description":"Quotidien national d&#039;information","publisher":{"@id":"https:\/\/lasentinelle.dz\/#organization"},"potentialAction":[{"@type":"SearchAction","target":{"@type":"EntryPoint","urlTemplate":"https:\/\/lasentinelle.dz\/?s={search_term_string}"},"query-input":{"@type":"PropertyValueSpecification","valueRequired":true,"valueName":"search_term_string"}}],"inLanguage":"fr-FR"},{"@type":"Organization","@id":"https:\/\/lasentinelle.dz\/#organization","name":"Quotidien La Sentinelle","url":"https:\/\/lasentinelle.dz\/","logo":{"@type":"ImageObject","inLanguage":"fr-FR","@id":"https:\/\/lasentinelle.dz\/#\/schema\/logo\/image\/","url":"https:\/\/lasentinelle.dz\/wp-content\/uploads\/2021\/09\/logo-sentinelleSLOGAN-1.png","contentUrl":"https:\/\/lasentinelle.dz\/wp-content\/uploads\/2021\/09\/logo-sentinelleSLOGAN-1.png","width":615,"height":142,"caption":"Quotidien La Sentinelle"},"image":{"@id":"https:\/\/lasentinelle.dz\/#\/schema\/logo\/image\/"},"sameAs":["https:\/\/www.facebook.com\/La-Sentinelle-104059864394773"]},{"@type":"Person","@id":"https:\/\/lasentinelle.dz\/#\/schema\/person\/729ee0024f24e0b8c5ec17232f8e8b41","name":"admin","image":{"@type":"ImageObject","inLanguage":"fr-FR","@id":"https:\/\/secure.gravatar.com\/avatar\/4c81fed838786e9b53f540bf46533e750f5d292099ae3b66cfc6fb1982e29df7?s=96&d=mm&r=g","url":"https:\/\/secure.gravatar.com\/avatar\/4c81fed838786e9b53f540bf46533e750f5d292099ae3b66cfc6fb1982e29df7?s=96&d=mm&r=g","contentUrl":"https:\/\/secure.gravatar.com\/avatar\/4c81fed838786e9b53f540bf46533e750f5d292099ae3b66cfc6fb1982e29df7?s=96&d=mm&r=g","caption":"admin"},"description":"admin","url":"https:\/\/lasentinelle.dz\/author\/admin\/"}]}},"_links":{"self":[{"href":"https:\/\/lasentinelle.dz\/index.php\/wp-json\/wp\/v2\/posts\/70631","targetHints":{"allow":["GET"]}}],"collection":[{"href":"https:\/\/lasentinelle.dz\/index.php\/wp-json\/wp\/v2\/posts"}],"about":[{"href":"https:\/\/lasentinelle.dz\/index.php\/wp-json\/wp\/v2\/types\/post"}],"author":[{"embeddable":true,"href":"https:\/\/lasentinelle.dz\/index.php\/wp-json\/wp\/v2\/users\/6"}],"replies":[{"embeddable":true,"href":"https:\/\/lasentinelle.dz\/index.php\/wp-json\/wp\/v2\/comments?post=70631"}],"version-history":[{"count":1,"href":"https:\/\/lasentinelle.dz\/index.php\/wp-json\/wp\/v2\/posts\/70631\/revisions"}],"predecessor-version":[{"id":70632,"href":"https:\/\/lasentinelle.dz\/index.php\/wp-json\/wp\/v2\/posts\/70631\/revisions\/70632"}],"wp:featuredmedia":[{"embeddable":true,"href":"https:\/\/lasentinelle.dz\/index.php\/wp-json\/wp\/v2\/media\/58426"}],"wp:attachment":[{"href":"https:\/\/lasentinelle.dz\/index.php\/wp-json\/wp\/v2\/media?parent=70631"}],"wp:term":[{"taxonomy":"category","embeddable":true,"href":"https:\/\/lasentinelle.dz\/index.php\/wp-json\/wp\/v2\/categories?post=70631"},{"taxonomy":"post_tag","embeddable":true,"href":"https:\/\/lasentinelle.dz\/index.php\/wp-json\/wp\/v2\/tags?post=70631"}],"curies":[{"name":"wp","href":"https:\/\/api.w.org\/{rel}","templated":true}]}}