{"id":70633,"date":"2025-07-21T12:29:55","date_gmt":"2025-07-21T11:29:55","guid":{"rendered":"https:\/\/lasentinelle.dz\/?p=70633"},"modified":"2025-07-21T12:29:55","modified_gmt":"2025-07-21T11:29:55","slug":"voyage-dans-lhistoire-doran-de-mazari-madjid-une-plongee-dans-le-patrimoine-oranais","status":"publish","type":"post","link":"https:\/\/lasentinelle.dz\/index.php\/2025\/07\/21\/voyage-dans-lhistoire-doran-de-mazari-madjid-une-plongee-dans-le-patrimoine-oranais\/","title":{"rendered":"\u00ab\u00a0Voyage dans l&rsquo;histoire d&rsquo;Oran\u00a0\u00bb de Mazari Madjid : Une plong\u00e9e dans le patrimoine oranais"},"content":{"rendered":"\n<p>L&rsquo;auteur Mazari Madjid vient d&rsquo;enrichir la bibliographie historique avec la parution de son ouvrage \u00ab\u00a0Voyage dans l&rsquo;histoire d&rsquo;Oran\u00a0\u00bb, publi\u00e9 aux \u00e9ditions \u00ab\u00a0Dar El Adib\u00a0\u00bb. Ce livre constitue un v\u00e9ritable \u00ab\u00a0melting pot\u00a0\u00bb de sujets gravitant autour de la capitale de l&rsquo;Ouest alg\u00e9rien, explorant ses multiples facettes historiques, culturelles, urbanistiques et d\u00e9mographiques \u00e0 travers les si\u00e8cles. Pr\u00e9sent\u00e9 samedi dernier lors d&rsquo;une s\u00e9ance de vente-d\u00e9dicace au Palais de la culture Zeddour Brahim El Kacem d&rsquo;Oran, cet ouvrage de 340 pages r\u00e9parties en cinq chapitres t\u00e9moigne de la passion de son auteur pour l&rsquo;histoire locale. \u00ab\u00a0Mon souci \u00e9tait de retracer diff\u00e9rents aspects de la ville d&rsquo;Oran \u00e0 diff\u00e9rentes \u00e9poques, depuis le 14e si\u00e8cle\u00a0\u00bb, a expliqu\u00e9 Mazari Madjid lors de sa pr\u00e9sentation. Il a pr\u00e9cis\u00e9 que \u00ab\u00a0les diff\u00e9rents sujets trait\u00e9s dans ce livre sont le fruit d&rsquo;un long travail de recherche, dans lesquels j&rsquo;ai voulu \u00e9clairer le lecteur, \u00e0 travers des faits saillants, sur diff\u00e9rentes \u00e9poques, notamment durant l&rsquo;occupation espagnole et fran\u00e7aise, ainsi que la p\u00e9riode ottomane\u00a0\u00bb. L&rsquo;auteur, passionn\u00e9 d&rsquo;histoire, a construit son r\u00e9cit autour d&rsquo;une approche chronologique qui permet au lecteur de suivre l&rsquo;\u00e9volution de la cit\u00e9 oranaise \u00e0 travers ses transformations successives. L&rsquo;ouvrage se distingue par sa capacit\u00e9 \u00e0 faire dialoguer la grande Histoire avec les particularit\u00e9s locales, offrant ainsi une lecture \u00e0 la fois \u00e9rudite et accessible. Le livre accorde une place importante aux monuments et vestiges d&rsquo;Oran, qu&rsquo;ils soient c\u00e9l\u00e8bres ou m\u00e9connus du grand public. L&rsquo;auteur s&rsquo;attarde \u00e9galement sur les quartiers mythiques qui font l&rsquo;\u00e2me d&rsquo;Oran, particuli\u00e8rement M&rsquo;dina Jdida et Sidi El-Houari, ces lieux embl\u00e9matiques qui concentrent une grande partie de la m\u00e9moire collective oranaise. L&rsquo;aspect g\u00e9ographique n&rsquo;est pas en reste puisque Mazari Madjid \u00e9largit son champ d&rsquo;investigation aux diff\u00e9rentes communes de la r\u00e9gion oranaise, offrant ainsi une vision d&rsquo;ensemble du territoire et de son d\u00e9veloppement historique. L&rsquo;une des richesses de cet ouvrage r\u00e9side dans sa capacit\u00e9 \u00e0 faire revivre les personnages qui ont marqu\u00e9 l&rsquo;histoire d&rsquo;Oran. L&rsquo;auteur consacre une partie substantielle de son travail aux personnalit\u00e9s historiques, accordant une place d&rsquo;honneur \u00e0 l&rsquo;\u00c9mir Abdelkader. Il s&rsquo;int\u00e9resse particuli\u00e8rement au \u00ab\u00a0caract\u00e8re particulier et organisationnel de son arm\u00e9e\u00a0\u00bb, r\u00e9v\u00e9lant des aspects moins connus de cette figure embl\u00e9matique de la r\u00e9sistance alg\u00e9rienne. D&rsquo;autres personnalit\u00e9s historiques enrichissent ce panth\u00e9on oranais, notamment le Dey Hocine et Bouziane Kala\u00ef, permettant de dresser un portrait humain de l&rsquo;histoire locale.<\/p>\n\n\n\n<p>Au-del\u00e0 des grands \u00e9v\u00e9nements et des personnages illustres, \u00ab\u00a0Voyage dans l&rsquo;histoire d&rsquo;Oran\u00a0\u00bb s&rsquo;attache \u00e0 restituer la vie quotidienne des Oranais \u00e0 travers les \u00e9poques. L&rsquo;auteur explore les us et coutumes locales, ces traditions qui constituent l&rsquo;identit\u00e9 culturelle sp\u00e9cifique de la ville. Cette dimension anthropologique du livre permet de comprendre comment s&rsquo;est forg\u00e9e l&rsquo;\u00e2me oranaise, cette particularit\u00e9 culturelle qui distingue la capitale de l&rsquo;Ouest alg\u00e9rien. Le r\u00e9cit est \u00e9maill\u00e9 d&rsquo;innombrables anecdotes qui donnent vie au propos historique et rendent la lecture particuli\u00e8rement savoureuse. Ces petites histoires dans la grande Histoire permettent de saisir l&rsquo;esprit du temps et les mentalit\u00e9s de chaque \u00e9poque, cr\u00e9ant une proximit\u00e9 entre le lecteur et les \u00e9v\u00e9nements relat\u00e9s.<\/p>\n\n\n\n<p>L&rsquo;ambition de Mazari Madjid ne s&rsquo;arr\u00eate pas \u00e0 cette premi\u00e8re publication. L&rsquo;auteur travaille actuellement sur la version en arabe de \u00ab\u00a0Voyage dans l&rsquo;histoire d&rsquo;Oran\u00a0\u00bb, t\u00e9moignant de sa volont\u00e9 de toucher le plus large public possible. Il pr\u00e9pare \u00e9galement un deuxi\u00e8me tome qui viendra compl\u00e9ter ce premier volume, promettant d&rsquo;approfondir encore davantage la connaissance de l&rsquo;histoire oranaise.<\/p>\n\n\n\n<p>M.S.<\/p>\n","protected":false},"excerpt":{"rendered":"<p>L&rsquo;auteur Mazari Madjid vient d&rsquo;enrichir la bibliographie historique avec la parution de son ouvrage \u00ab\u00a0Voyage dans l&rsquo;histoire d&rsquo;Oran\u00a0\u00bb, publi\u00e9 aux<\/p>\n","protected":false},"author":6,"featured_media":70634,"comment_status":"open","ping_status":"closed","sticky":false,"template":"","format":"standard","meta":{"colormag_page_container_layout":"default_layout","colormag_page_sidebar_layout":"default_layout","om_disable_all_campaigns":false,"_monsterinsights_skip_tracking":false,"_monsterinsights_sitenote_active":false,"_monsterinsights_sitenote_note":"","_monsterinsights_sitenote_category":0,"footnotes":"","_wpscppro_dont_share_socialmedia":false,"_wpscppro_custom_social_share_image":0,"_facebook_share_type":"default","_twitter_share_type":"default","_linkedin_share_type":"default","_pinterest_share_type":"default","_linkedin_share_type_page":"","_instagram_share_type":"default","_medium_share_type":"default","_threads_share_type":"","_google_business_share_type":"","_selected_social_profile":[],"_wpsp_enable_custom_social_template":false,"_wpsp_social_scheduling":{"enabled":false,"datetime":null,"platforms":[],"status":"template_only","dateOption":"today","timeOption":"now","customDays":"","customHours":"","customDate":"","customTime":"","schedulingType":"absolute"},"_wpsp_active_default_template":true},"categories":[36],"tags":[],"class_list":["post-70633","post","type-post","status-publish","format-standard","has-post-thumbnail","hentry","category-culture"],"aioseo_notices":[],"yoast_head":"<!-- This site is optimized with the Yoast SEO plugin v27.5 - https:\/\/yoast.com\/product\/yoast-seo-wordpress\/ -->\n<title>\u00ab\u00a0Voyage dans l&rsquo;histoire d&rsquo;Oran\u00a0\u00bb de Mazari Madjid : Une plong\u00e9e dans le patrimoine oranais - La Sentinelle<\/title>\n<meta name=\"robots\" content=\"index, follow, max-snippet:-1, max-image-preview:large, max-video-preview:-1\" \/>\n<link rel=\"canonical\" href=\"https:\/\/lasentinelle.dz\/index.php\/2025\/07\/21\/voyage-dans-lhistoire-doran-de-mazari-madjid-une-plongee-dans-le-patrimoine-oranais\/\" \/>\n<meta property=\"og:locale\" content=\"fr_FR\" \/>\n<meta property=\"og:type\" content=\"article\" \/>\n<meta property=\"og:title\" content=\"\u00ab\u00a0Voyage dans l&rsquo;histoire d&rsquo;Oran\u00a0\u00bb de Mazari Madjid : Une plong\u00e9e dans le patrimoine oranais - La Sentinelle\" \/>\n<meta property=\"og:description\" content=\"L&rsquo;auteur Mazari Madjid vient d&rsquo;enrichir la bibliographie historique avec la parution de son ouvrage \u00ab\u00a0Voyage dans l&rsquo;histoire d&rsquo;Oran\u00a0\u00bb, publi\u00e9 aux\" \/>\n<meta property=\"og:url\" content=\"https:\/\/lasentinelle.dz\/index.php\/2025\/07\/21\/voyage-dans-lhistoire-doran-de-mazari-madjid-une-plongee-dans-le-patrimoine-oranais\/\" \/>\n<meta property=\"og:site_name\" content=\"La Sentinelle\" \/>\n<meta property=\"article:publisher\" content=\"https:\/\/www.facebook.com\/La-Sentinelle-104059864394773\" \/>\n<meta property=\"article:published_time\" content=\"2025-07-21T11:29:55+00:00\" \/>\n<meta property=\"og:image\" content=\"https:\/\/lasentinelle.dz\/wp-content\/uploads\/2025\/07\/livre.jpg\" \/>\n\t<meta property=\"og:image:width\" content=\"1920\" \/>\n\t<meta property=\"og:image:height\" content=\"1032\" \/>\n\t<meta property=\"og:image:type\" content=\"image\/jpeg\" \/>\n<meta name=\"author\" content=\"admin\" \/>\n<meta name=\"twitter:card\" content=\"summary_large_image\" \/>\n<meta name=\"twitter:label1\" content=\"\u00c9crit par\" \/>\n\t<meta name=\"twitter:data1\" content=\"admin\" \/>\n\t<meta name=\"twitter:label2\" content=\"Dur\u00e9e de lecture estim\u00e9e\" \/>\n\t<meta name=\"twitter:data2\" content=\"4 minutes\" \/>\n<script type=\"application\/ld+json\" class=\"yoast-schema-graph\">{\"@context\":\"https:\\\/\\\/schema.org\",\"@graph\":[{\"@type\":\"Article\",\"@id\":\"https:\\\/\\\/lasentinelle.dz\\\/index.php\\\/2025\\\/07\\\/21\\\/voyage-dans-lhistoire-doran-de-mazari-madjid-une-plongee-dans-le-patrimoine-oranais\\\/#article\",\"isPartOf\":{\"@id\":\"https:\\\/\\\/lasentinelle.dz\\\/index.php\\\/2025\\\/07\\\/21\\\/voyage-dans-lhistoire-doran-de-mazari-madjid-une-plongee-dans-le-patrimoine-oranais\\\/\"},\"author\":{\"name\":\"admin\",\"@id\":\"https:\\\/\\\/lasentinelle.dz\\\/#\\\/schema\\\/person\\\/729ee0024f24e0b8c5ec17232f8e8b41\"},\"headline\":\"\u00ab\u00a0Voyage dans l&rsquo;histoire d&rsquo;Oran\u00a0\u00bb de Mazari Madjid : Une plong\u00e9e dans le patrimoine oranais\",\"datePublished\":\"2025-07-21T11:29:55+00:00\",\"mainEntityOfPage\":{\"@id\":\"https:\\\/\\\/lasentinelle.dz\\\/index.php\\\/2025\\\/07\\\/21\\\/voyage-dans-lhistoire-doran-de-mazari-madjid-une-plongee-dans-le-patrimoine-oranais\\\/\"},\"wordCount\":670,\"commentCount\":0,\"publisher\":{\"@id\":\"https:\\\/\\\/lasentinelle.dz\\\/#organization\"},\"image\":{\"@id\":\"https:\\\/\\\/lasentinelle.dz\\\/index.php\\\/2025\\\/07\\\/21\\\/voyage-dans-lhistoire-doran-de-mazari-madjid-une-plongee-dans-le-patrimoine-oranais\\\/#primaryimage\"},\"thumbnailUrl\":\"https:\\\/\\\/lasentinelle.dz\\\/wp-content\\\/uploads\\\/2025\\\/07\\\/livre.jpg\",\"articleSection\":[\"Culture\"],\"inLanguage\":\"fr-FR\",\"potentialAction\":[{\"@type\":\"CommentAction\",\"name\":\"Comment\",\"target\":[\"https:\\\/\\\/lasentinelle.dz\\\/index.php\\\/2025\\\/07\\\/21\\\/voyage-dans-lhistoire-doran-de-mazari-madjid-une-plongee-dans-le-patrimoine-oranais\\\/#respond\"]}]},{\"@type\":\"WebPage\",\"@id\":\"https:\\\/\\\/lasentinelle.dz\\\/index.php\\\/2025\\\/07\\\/21\\\/voyage-dans-lhistoire-doran-de-mazari-madjid-une-plongee-dans-le-patrimoine-oranais\\\/\",\"url\":\"https:\\\/\\\/lasentinelle.dz\\\/index.php\\\/2025\\\/07\\\/21\\\/voyage-dans-lhistoire-doran-de-mazari-madjid-une-plongee-dans-le-patrimoine-oranais\\\/\",\"name\":\"\u00ab\u00a0Voyage dans l&rsquo;histoire d&rsquo;Oran\u00a0\u00bb de Mazari Madjid : Une plong\u00e9e dans le patrimoine oranais - La Sentinelle\",\"isPartOf\":{\"@id\":\"https:\\\/\\\/lasentinelle.dz\\\/#website\"},\"primaryImageOfPage\":{\"@id\":\"https:\\\/\\\/lasentinelle.dz\\\/index.php\\\/2025\\\/07\\\/21\\\/voyage-dans-lhistoire-doran-de-mazari-madjid-une-plongee-dans-le-patrimoine-oranais\\\/#primaryimage\"},\"image\":{\"@id\":\"https:\\\/\\\/lasentinelle.dz\\\/index.php\\\/2025\\\/07\\\/21\\\/voyage-dans-lhistoire-doran-de-mazari-madjid-une-plongee-dans-le-patrimoine-oranais\\\/#primaryimage\"},\"thumbnailUrl\":\"https:\\\/\\\/lasentinelle.dz\\\/wp-content\\\/uploads\\\/2025\\\/07\\\/livre.jpg\",\"datePublished\":\"2025-07-21T11:29:55+00:00\",\"breadcrumb\":{\"@id\":\"https:\\\/\\\/lasentinelle.dz\\\/index.php\\\/2025\\\/07\\\/21\\\/voyage-dans-lhistoire-doran-de-mazari-madjid-une-plongee-dans-le-patrimoine-oranais\\\/#breadcrumb\"},\"inLanguage\":\"fr-FR\",\"potentialAction\":[{\"@type\":\"ReadAction\",\"target\":[\"https:\\\/\\\/lasentinelle.dz\\\/index.php\\\/2025\\\/07\\\/21\\\/voyage-dans-lhistoire-doran-de-mazari-madjid-une-plongee-dans-le-patrimoine-oranais\\\/\"]}]},{\"@type\":\"ImageObject\",\"inLanguage\":\"fr-FR\",\"@id\":\"https:\\\/\\\/lasentinelle.dz\\\/index.php\\\/2025\\\/07\\\/21\\\/voyage-dans-lhistoire-doran-de-mazari-madjid-une-plongee-dans-le-patrimoine-oranais\\\/#primaryimage\",\"url\":\"https:\\\/\\\/lasentinelle.dz\\\/wp-content\\\/uploads\\\/2025\\\/07\\\/livre.jpg\",\"contentUrl\":\"https:\\\/\\\/lasentinelle.dz\\\/wp-content\\\/uploads\\\/2025\\\/07\\\/livre.jpg\",\"width\":1920,\"height\":1032},{\"@type\":\"BreadcrumbList\",\"@id\":\"https:\\\/\\\/lasentinelle.dz\\\/index.php\\\/2025\\\/07\\\/21\\\/voyage-dans-lhistoire-doran-de-mazari-madjid-une-plongee-dans-le-patrimoine-oranais\\\/#breadcrumb\",\"itemListElement\":[{\"@type\":\"ListItem\",\"position\":1,\"name\":\"Accueil\",\"item\":\"https:\\\/\\\/lasentinelle.dz\\\/\"},{\"@type\":\"ListItem\",\"position\":2,\"name\":\"\u00ab\u00a0Voyage dans l&rsquo;histoire d&rsquo;Oran\u00a0\u00bb de Mazari Madjid : Une plong\u00e9e dans le patrimoine oranais\"}]},{\"@type\":\"WebSite\",\"@id\":\"https:\\\/\\\/lasentinelle.dz\\\/#website\",\"url\":\"https:\\\/\\\/lasentinelle.dz\\\/\",\"name\":\"La Sentinelle\",\"description\":\"Quotidien national d&#039;information\",\"publisher\":{\"@id\":\"https:\\\/\\\/lasentinelle.dz\\\/#organization\"},\"potentialAction\":[{\"@type\":\"SearchAction\",\"target\":{\"@type\":\"EntryPoint\",\"urlTemplate\":\"https:\\\/\\\/lasentinelle.dz\\\/?s={search_term_string}\"},\"query-input\":{\"@type\":\"PropertyValueSpecification\",\"valueRequired\":true,\"valueName\":\"search_term_string\"}}],\"inLanguage\":\"fr-FR\"},{\"@type\":\"Organization\",\"@id\":\"https:\\\/\\\/lasentinelle.dz\\\/#organization\",\"name\":\"Quotidien La Sentinelle\",\"url\":\"https:\\\/\\\/lasentinelle.dz\\\/\",\"logo\":{\"@type\":\"ImageObject\",\"inLanguage\":\"fr-FR\",\"@id\":\"https:\\\/\\\/lasentinelle.dz\\\/#\\\/schema\\\/logo\\\/image\\\/\",\"url\":\"https:\\\/\\\/lasentinelle.dz\\\/wp-content\\\/uploads\\\/2021\\\/09\\\/logo-sentinelleSLOGAN-1.png\",\"contentUrl\":\"https:\\\/\\\/lasentinelle.dz\\\/wp-content\\\/uploads\\\/2021\\\/09\\\/logo-sentinelleSLOGAN-1.png\",\"width\":615,\"height\":142,\"caption\":\"Quotidien La Sentinelle\"},\"image\":{\"@id\":\"https:\\\/\\\/lasentinelle.dz\\\/#\\\/schema\\\/logo\\\/image\\\/\"},\"sameAs\":[\"https:\\\/\\\/www.facebook.com\\\/La-Sentinelle-104059864394773\"]},{\"@type\":\"Person\",\"@id\":\"https:\\\/\\\/lasentinelle.dz\\\/#\\\/schema\\\/person\\\/729ee0024f24e0b8c5ec17232f8e8b41\",\"name\":\"admin\",\"image\":{\"@type\":\"ImageObject\",\"inLanguage\":\"fr-FR\",\"@id\":\"https:\\\/\\\/secure.gravatar.com\\\/avatar\\\/4c81fed838786e9b53f540bf46533e750f5d292099ae3b66cfc6fb1982e29df7?s=96&d=mm&r=g\",\"url\":\"https:\\\/\\\/secure.gravatar.com\\\/avatar\\\/4c81fed838786e9b53f540bf46533e750f5d292099ae3b66cfc6fb1982e29df7?s=96&d=mm&r=g\",\"contentUrl\":\"https:\\\/\\\/secure.gravatar.com\\\/avatar\\\/4c81fed838786e9b53f540bf46533e750f5d292099ae3b66cfc6fb1982e29df7?s=96&d=mm&r=g\",\"caption\":\"admin\"},\"description\":\"admin\",\"url\":\"https:\\\/\\\/lasentinelle.dz\\\/author\\\/admin\\\/\"}]}<\/script>\n<!-- \/ Yoast SEO plugin. -->","yoast_head_json":{"title":"\u00ab\u00a0Voyage dans l&rsquo;histoire d&rsquo;Oran\u00a0\u00bb de Mazari Madjid : Une plong\u00e9e dans le patrimoine oranais - La Sentinelle","robots":{"index":"index","follow":"follow","max-snippet":"max-snippet:-1","max-image-preview":"max-image-preview:large","max-video-preview":"max-video-preview:-1"},"canonical":"https:\/\/lasentinelle.dz\/index.php\/2025\/07\/21\/voyage-dans-lhistoire-doran-de-mazari-madjid-une-plongee-dans-le-patrimoine-oranais\/","og_locale":"fr_FR","og_type":"article","og_title":"\u00ab\u00a0Voyage dans l&rsquo;histoire d&rsquo;Oran\u00a0\u00bb de Mazari Madjid : Une plong\u00e9e dans le patrimoine oranais - La Sentinelle","og_description":"L&rsquo;auteur Mazari Madjid vient d&rsquo;enrichir la bibliographie historique avec la parution de son ouvrage \u00ab\u00a0Voyage dans l&rsquo;histoire d&rsquo;Oran\u00a0\u00bb, publi\u00e9 aux","og_url":"https:\/\/lasentinelle.dz\/index.php\/2025\/07\/21\/voyage-dans-lhistoire-doran-de-mazari-madjid-une-plongee-dans-le-patrimoine-oranais\/","og_site_name":"La Sentinelle","article_publisher":"https:\/\/www.facebook.com\/La-Sentinelle-104059864394773","article_published_time":"2025-07-21T11:29:55+00:00","og_image":[{"width":1920,"height":1032,"url":"https:\/\/lasentinelle.dz\/wp-content\/uploads\/2025\/07\/livre.jpg","type":"image\/jpeg"}],"author":"admin","twitter_card":"summary_large_image","twitter_misc":{"\u00c9crit par":"admin","Dur\u00e9e de lecture estim\u00e9e":"4 minutes"},"schema":{"@context":"https:\/\/schema.org","@graph":[{"@type":"Article","@id":"https:\/\/lasentinelle.dz\/index.php\/2025\/07\/21\/voyage-dans-lhistoire-doran-de-mazari-madjid-une-plongee-dans-le-patrimoine-oranais\/#article","isPartOf":{"@id":"https:\/\/lasentinelle.dz\/index.php\/2025\/07\/21\/voyage-dans-lhistoire-doran-de-mazari-madjid-une-plongee-dans-le-patrimoine-oranais\/"},"author":{"name":"admin","@id":"https:\/\/lasentinelle.dz\/#\/schema\/person\/729ee0024f24e0b8c5ec17232f8e8b41"},"headline":"\u00ab\u00a0Voyage dans l&rsquo;histoire d&rsquo;Oran\u00a0\u00bb de Mazari Madjid : Une plong\u00e9e dans le patrimoine oranais","datePublished":"2025-07-21T11:29:55+00:00","mainEntityOfPage":{"@id":"https:\/\/lasentinelle.dz\/index.php\/2025\/07\/21\/voyage-dans-lhistoire-doran-de-mazari-madjid-une-plongee-dans-le-patrimoine-oranais\/"},"wordCount":670,"commentCount":0,"publisher":{"@id":"https:\/\/lasentinelle.dz\/#organization"},"image":{"@id":"https:\/\/lasentinelle.dz\/index.php\/2025\/07\/21\/voyage-dans-lhistoire-doran-de-mazari-madjid-une-plongee-dans-le-patrimoine-oranais\/#primaryimage"},"thumbnailUrl":"https:\/\/lasentinelle.dz\/wp-content\/uploads\/2025\/07\/livre.jpg","articleSection":["Culture"],"inLanguage":"fr-FR","potentialAction":[{"@type":"CommentAction","name":"Comment","target":["https:\/\/lasentinelle.dz\/index.php\/2025\/07\/21\/voyage-dans-lhistoire-doran-de-mazari-madjid-une-plongee-dans-le-patrimoine-oranais\/#respond"]}]},{"@type":"WebPage","@id":"https:\/\/lasentinelle.dz\/index.php\/2025\/07\/21\/voyage-dans-lhistoire-doran-de-mazari-madjid-une-plongee-dans-le-patrimoine-oranais\/","url":"https:\/\/lasentinelle.dz\/index.php\/2025\/07\/21\/voyage-dans-lhistoire-doran-de-mazari-madjid-une-plongee-dans-le-patrimoine-oranais\/","name":"\u00ab\u00a0Voyage dans l&rsquo;histoire d&rsquo;Oran\u00a0\u00bb de Mazari Madjid : Une plong\u00e9e dans le patrimoine oranais - La Sentinelle","isPartOf":{"@id":"https:\/\/lasentinelle.dz\/#website"},"primaryImageOfPage":{"@id":"https:\/\/lasentinelle.dz\/index.php\/2025\/07\/21\/voyage-dans-lhistoire-doran-de-mazari-madjid-une-plongee-dans-le-patrimoine-oranais\/#primaryimage"},"image":{"@id":"https:\/\/lasentinelle.dz\/index.php\/2025\/07\/21\/voyage-dans-lhistoire-doran-de-mazari-madjid-une-plongee-dans-le-patrimoine-oranais\/#primaryimage"},"thumbnailUrl":"https:\/\/lasentinelle.dz\/wp-content\/uploads\/2025\/07\/livre.jpg","datePublished":"2025-07-21T11:29:55+00:00","breadcrumb":{"@id":"https:\/\/lasentinelle.dz\/index.php\/2025\/07\/21\/voyage-dans-lhistoire-doran-de-mazari-madjid-une-plongee-dans-le-patrimoine-oranais\/#breadcrumb"},"inLanguage":"fr-FR","potentialAction":[{"@type":"ReadAction","target":["https:\/\/lasentinelle.dz\/index.php\/2025\/07\/21\/voyage-dans-lhistoire-doran-de-mazari-madjid-une-plongee-dans-le-patrimoine-oranais\/"]}]},{"@type":"ImageObject","inLanguage":"fr-FR","@id":"https:\/\/lasentinelle.dz\/index.php\/2025\/07\/21\/voyage-dans-lhistoire-doran-de-mazari-madjid-une-plongee-dans-le-patrimoine-oranais\/#primaryimage","url":"https:\/\/lasentinelle.dz\/wp-content\/uploads\/2025\/07\/livre.jpg","contentUrl":"https:\/\/lasentinelle.dz\/wp-content\/uploads\/2025\/07\/livre.jpg","width":1920,"height":1032},{"@type":"BreadcrumbList","@id":"https:\/\/lasentinelle.dz\/index.php\/2025\/07\/21\/voyage-dans-lhistoire-doran-de-mazari-madjid-une-plongee-dans-le-patrimoine-oranais\/#breadcrumb","itemListElement":[{"@type":"ListItem","position":1,"name":"Accueil","item":"https:\/\/lasentinelle.dz\/"},{"@type":"ListItem","position":2,"name":"\u00ab\u00a0Voyage dans l&rsquo;histoire d&rsquo;Oran\u00a0\u00bb de Mazari Madjid : Une plong\u00e9e dans le patrimoine oranais"}]},{"@type":"WebSite","@id":"https:\/\/lasentinelle.dz\/#website","url":"https:\/\/lasentinelle.dz\/","name":"La Sentinelle","description":"Quotidien national d&#039;information","publisher":{"@id":"https:\/\/lasentinelle.dz\/#organization"},"potentialAction":[{"@type":"SearchAction","target":{"@type":"EntryPoint","urlTemplate":"https:\/\/lasentinelle.dz\/?s={search_term_string}"},"query-input":{"@type":"PropertyValueSpecification","valueRequired":true,"valueName":"search_term_string"}}],"inLanguage":"fr-FR"},{"@type":"Organization","@id":"https:\/\/lasentinelle.dz\/#organization","name":"Quotidien La Sentinelle","url":"https:\/\/lasentinelle.dz\/","logo":{"@type":"ImageObject","inLanguage":"fr-FR","@id":"https:\/\/lasentinelle.dz\/#\/schema\/logo\/image\/","url":"https:\/\/lasentinelle.dz\/wp-content\/uploads\/2021\/09\/logo-sentinelleSLOGAN-1.png","contentUrl":"https:\/\/lasentinelle.dz\/wp-content\/uploads\/2021\/09\/logo-sentinelleSLOGAN-1.png","width":615,"height":142,"caption":"Quotidien La Sentinelle"},"image":{"@id":"https:\/\/lasentinelle.dz\/#\/schema\/logo\/image\/"},"sameAs":["https:\/\/www.facebook.com\/La-Sentinelle-104059864394773"]},{"@type":"Person","@id":"https:\/\/lasentinelle.dz\/#\/schema\/person\/729ee0024f24e0b8c5ec17232f8e8b41","name":"admin","image":{"@type":"ImageObject","inLanguage":"fr-FR","@id":"https:\/\/secure.gravatar.com\/avatar\/4c81fed838786e9b53f540bf46533e750f5d292099ae3b66cfc6fb1982e29df7?s=96&d=mm&r=g","url":"https:\/\/secure.gravatar.com\/avatar\/4c81fed838786e9b53f540bf46533e750f5d292099ae3b66cfc6fb1982e29df7?s=96&d=mm&r=g","contentUrl":"https:\/\/secure.gravatar.com\/avatar\/4c81fed838786e9b53f540bf46533e750f5d292099ae3b66cfc6fb1982e29df7?s=96&d=mm&r=g","caption":"admin"},"description":"admin","url":"https:\/\/lasentinelle.dz\/author\/admin\/"}]}},"_links":{"self":[{"href":"https:\/\/lasentinelle.dz\/index.php\/wp-json\/wp\/v2\/posts\/70633","targetHints":{"allow":["GET"]}}],"collection":[{"href":"https:\/\/lasentinelle.dz\/index.php\/wp-json\/wp\/v2\/posts"}],"about":[{"href":"https:\/\/lasentinelle.dz\/index.php\/wp-json\/wp\/v2\/types\/post"}],"author":[{"embeddable":true,"href":"https:\/\/lasentinelle.dz\/index.php\/wp-json\/wp\/v2\/users\/6"}],"replies":[{"embeddable":true,"href":"https:\/\/lasentinelle.dz\/index.php\/wp-json\/wp\/v2\/comments?post=70633"}],"version-history":[{"count":2,"href":"https:\/\/lasentinelle.dz\/index.php\/wp-json\/wp\/v2\/posts\/70633\/revisions"}],"predecessor-version":[{"id":70636,"href":"https:\/\/lasentinelle.dz\/index.php\/wp-json\/wp\/v2\/posts\/70633\/revisions\/70636"}],"wp:featuredmedia":[{"embeddable":true,"href":"https:\/\/lasentinelle.dz\/index.php\/wp-json\/wp\/v2\/media\/70634"}],"wp:attachment":[{"href":"https:\/\/lasentinelle.dz\/index.php\/wp-json\/wp\/v2\/media?parent=70633"}],"wp:term":[{"taxonomy":"category","embeddable":true,"href":"https:\/\/lasentinelle.dz\/index.php\/wp-json\/wp\/v2\/categories?post=70633"},{"taxonomy":"post_tag","embeddable":true,"href":"https:\/\/lasentinelle.dz\/index.php\/wp-json\/wp\/v2\/tags?post=70633"}],"curies":[{"name":"wp","href":"https:\/\/api.w.org\/{rel}","templated":true}]}}