{"id":70640,"date":"2025-07-21T12:35:12","date_gmt":"2025-07-21T11:35:12","guid":{"rendered":"https:\/\/lasentinelle.dz\/?p=70640"},"modified":"2025-07-21T12:35:13","modified_gmt":"2025-07-21T11:35:13","slug":"jeux-scolaires-africains-setif-accueille-399-athletes-de-29-pays","status":"publish","type":"post","link":"https:\/\/lasentinelle.dz\/index.php\/2025\/07\/21\/jeux-scolaires-africains-setif-accueille-399-athletes-de-29-pays\/","title":{"rendered":"Jeux scolaires africains : S\u00e9tif accueille 399 athl\u00e8tes de 29 pays"},"content":{"rendered":"\n<p>La capitale des Hauts plateaux s&rsquo;appr\u00eate \u00e0 entrer dans l&rsquo;histoire du sport africain. D\u00e8s le 23 juillet prochain, S\u00e9tif ouvrira ses portes \u00e0 399 athl\u00e8tes repr\u00e9sentant 29 nations pour les premiers Jeux scolaires africains, une comp\u00e9tition in\u00e9dite sur le continent qui marquera un tournant dans le d\u00e9veloppement du sport scolaire en Afrique. Cette manifestation sportive d&rsquo;envergure, r\u00e9partie entre plusieurs wilayas de l&rsquo;Est alg\u00e9rien, consacre l&rsquo;Alg\u00e9rie comme terre d&rsquo;accueil des grandes comp\u00e9titions continentales. Selon Djamel Zebdi, directeur de la jeunesse et des sports de la wilaya, S\u00e9tif est \u00ab\u00a0fin pr\u00eate \u00e0 tous les niveaux\u00a0\u00bb pour recevoir cette d\u00e9l\u00e9gation exceptionnelle. Cinq disciplines ont \u00e9t\u00e9 retenues pour cette premi\u00e8re \u00e9dition s\u00e9tifienne : le basket-ball, le badminton, le kung-fu, le taekwondo et la natation. Un \u00e9ventail sportif diversifi\u00e9 qui permettra aux jeunes talents africains de s&rsquo;illustrer dans des domaines vari\u00e9s, alliant sports collectifs, arts martiaux et disciplines aquatiques. L&rsquo;infrastructure sportive s\u00e9tifienne, d\u00e9velopp\u00e9e ces derni\u00e8res ann\u00e9es, trouve enfin sa cons\u00e9cration internationale. La piscine olympique de l&rsquo;\u00c9cole nationale des sports olympiques constituera l&rsquo;\u00e9crin des comp\u00e9titions de natation, tandis que les salles omnisports de l&rsquo;ENSO, du complexe olympique du 8-mai 1945 et Mokhtar-Aribi d&rsquo;Ain Arnat accueilleront les autres disciplines. Ces installations, certifi\u00e9es \u00ab\u00a0pr\u00eates \u00e0 100%\u00a0\u00bb par les organisateurs, t\u00e9moignent des efforts consid\u00e9rables consentis par l&rsquo;Alg\u00e9rie pour moderniser son parc sportif.<\/p>\n\n\n\n<p>L&rsquo;h\u00e9bergement des d\u00e9l\u00e9gations s&rsquo;effectuera dans des conditions optimales, notamment \u00e0 la cit\u00e9 El Bez et \u00e0 la r\u00e9sidence universitaire Haou-Salah, garantissant confort et proximit\u00e9 avec les sites de comp\u00e9tition. Au-del\u00e0 de la dimension purement sportive, les organisateurs ont con\u00e7u un programme culturel et touristique ambitieux. En collaboration avec la direction du tourisme, l&rsquo;Office de la culture et du tourisme de S\u00e9tif et l&rsquo;Assembl\u00e9e populaire communale, des soir\u00e9es artistiques et une exposition-vente d&rsquo;artisanat local sont pr\u00e9vues sur les lieux de r\u00e9sidence des athl\u00e8tes. Ces initiatives visent \u00e0 offrir aux jeunes sportifs africains une d\u00e9couverte authentique du patrimoine alg\u00e9rien, cr\u00e9ant des liens durables au-del\u00e0 de la comp\u00e9tition. Les excursions vers les sites touristiques embl\u00e9matiques de la wilaya compl\u00e8tent ce dispositif d&rsquo;accueil, transformant ces Jeux en v\u00e9ritable ambassade culturelle. Cette approche globale, m\u00ealant sport et d\u00e9couverte du territoire, s&rsquo;inscrit dans une logique de diplomatie sportive que l&rsquo;Alg\u00e9rie ma\u00eetrise parfaitement.<\/p>\n\n\n\n<p>Parall\u00e8lement, \u00e0 Annaba, la pr\u00e9paration bat son plein pour l&rsquo;aviron de plage. La s\u00e9lection alg\u00e9rienne des moins de 17 ans, encadr\u00e9e par Kamel A\u00eft Daoud, peaufine sa pr\u00e9paration \u00e0 la plage Rizzi Amor en vue des \u00e9preuves pr\u00e9vues du 26 au 31 juillet. Apr\u00e8s un cycle pr\u00e9paratoire au complexe des Sablettes d&rsquo;Alger, cette phase finale d&rsquo;acclimatation sur site r\u00e9v\u00e8le le professionnalisme de l&rsquo;encadrement technique national.<\/p>\n\n\n\n<p>Cinq nations participeront \u00e0 ces \u00e9preuves d&rsquo;aviron de plage : l&rsquo;Alg\u00e9rie pays h\u00f4te, la Tunisie, l&rsquo;\u00c9gypte, le Zimbabwe et le Togo. Cette discipline \u00e9mergente, parfaitement adapt\u00e9e au littoral m\u00e9diterran\u00e9en alg\u00e9rien, pourrait devenir un nouveau fer de lance du sport national. La pr\u00e9sence de nations aussi diverses g\u00e9ographiquement d\u00e9montre l&rsquo;attractivit\u00e9 grandissante de cette sp\u00e9cialit\u00e9 sur le continent africain.<\/p>\n\n\n\n<p>M.D.<\/p>\n","protected":false},"excerpt":{"rendered":"<p>La capitale des Hauts plateaux s&rsquo;appr\u00eate \u00e0 entrer dans l&rsquo;histoire du sport africain. D\u00e8s le 23 juillet prochain, S\u00e9tif ouvrira<\/p>\n","protected":false},"author":6,"featured_media":57835,"comment_status":"open","ping_status":"closed","sticky":false,"template":"","format":"standard","meta":{"colormag_page_container_layout":"default_layout","colormag_page_sidebar_layout":"default_layout","om_disable_all_campaigns":false,"_monsterinsights_skip_tracking":false,"_monsterinsights_sitenote_active":false,"_monsterinsights_sitenote_note":"","_monsterinsights_sitenote_category":0,"footnotes":"","_wpscppro_dont_share_socialmedia":false,"_wpscppro_custom_social_share_image":0,"_facebook_share_type":"default","_twitter_share_type":"default","_linkedin_share_type":"default","_pinterest_share_type":"default","_linkedin_share_type_page":"","_instagram_share_type":"default","_medium_share_type":"default","_threads_share_type":"","_google_business_share_type":"","_selected_social_profile":[],"_wpsp_enable_custom_social_template":false,"_wpsp_social_scheduling":{"enabled":false,"datetime":null,"platforms":[],"status":"template_only","dateOption":"today","timeOption":"now","customDays":"","customHours":"","customDate":"","customTime":"","schedulingType":"absolute"},"_wpsp_active_default_template":true},"categories":[33],"tags":[],"class_list":["post-70640","post","type-post","status-publish","format-standard","has-post-thumbnail","hentry","category-sports"],"aioseo_notices":[],"yoast_head":"<!-- This site is optimized with the Yoast SEO plugin v27.5 - https:\/\/yoast.com\/product\/yoast-seo-wordpress\/ -->\n<title>Jeux scolaires africains : S\u00e9tif accueille 399 athl\u00e8tes de 29 pays - La Sentinelle<\/title>\n<meta name=\"robots\" content=\"index, follow, max-snippet:-1, max-image-preview:large, max-video-preview:-1\" \/>\n<link rel=\"canonical\" href=\"https:\/\/lasentinelle.dz\/index.php\/2025\/07\/21\/jeux-scolaires-africains-setif-accueille-399-athletes-de-29-pays\/\" \/>\n<meta property=\"og:locale\" content=\"fr_FR\" \/>\n<meta property=\"og:type\" content=\"article\" \/>\n<meta property=\"og:title\" content=\"Jeux scolaires africains : S\u00e9tif accueille 399 athl\u00e8tes de 29 pays - La Sentinelle\" \/>\n<meta property=\"og:description\" content=\"La capitale des Hauts plateaux s&rsquo;appr\u00eate \u00e0 entrer dans l&rsquo;histoire du sport africain. D\u00e8s le 23 juillet prochain, S\u00e9tif ouvrira\" \/>\n<meta property=\"og:url\" content=\"https:\/\/lasentinelle.dz\/index.php\/2025\/07\/21\/jeux-scolaires-africains-setif-accueille-399-athletes-de-29-pays\/\" \/>\n<meta property=\"og:site_name\" content=\"La Sentinelle\" \/>\n<meta property=\"article:publisher\" content=\"https:\/\/www.facebook.com\/La-Sentinelle-104059864394773\" \/>\n<meta property=\"article:published_time\" content=\"2025-07-21T11:35:12+00:00\" \/>\n<meta property=\"article:modified_time\" content=\"2025-07-21T11:35:13+00:00\" \/>\n<meta property=\"og:image\" content=\"https:\/\/lasentinelle.dz\/wp-content\/uploads\/2024\/10\/Jeux-scolaires-Africains-2025.jpeg\" \/>\n\t<meta property=\"og:image:width\" content=\"1080\" \/>\n\t<meta property=\"og:image:height\" content=\"720\" \/>\n\t<meta property=\"og:image:type\" content=\"image\/jpeg\" \/>\n<meta name=\"author\" content=\"admin\" \/>\n<meta name=\"twitter:card\" content=\"summary_large_image\" \/>\n<meta name=\"twitter:label1\" content=\"\u00c9crit par\" \/>\n\t<meta name=\"twitter:data1\" content=\"admin\" \/>\n\t<meta name=\"twitter:label2\" content=\"Dur\u00e9e de lecture estim\u00e9e\" \/>\n\t<meta name=\"twitter:data2\" content=\"3 minutes\" \/>\n<script type=\"application\/ld+json\" class=\"yoast-schema-graph\">{\"@context\":\"https:\\\/\\\/schema.org\",\"@graph\":[{\"@type\":\"Article\",\"@id\":\"https:\\\/\\\/lasentinelle.dz\\\/index.php\\\/2025\\\/07\\\/21\\\/jeux-scolaires-africains-setif-accueille-399-athletes-de-29-pays\\\/#article\",\"isPartOf\":{\"@id\":\"https:\\\/\\\/lasentinelle.dz\\\/index.php\\\/2025\\\/07\\\/21\\\/jeux-scolaires-africains-setif-accueille-399-athletes-de-29-pays\\\/\"},\"author\":{\"name\":\"admin\",\"@id\":\"https:\\\/\\\/lasentinelle.dz\\\/#\\\/schema\\\/person\\\/729ee0024f24e0b8c5ec17232f8e8b41\"},\"headline\":\"Jeux scolaires africains : S\u00e9tif accueille 399 athl\u00e8tes de 29 pays\",\"datePublished\":\"2025-07-21T11:35:12+00:00\",\"dateModified\":\"2025-07-21T11:35:13+00:00\",\"mainEntityOfPage\":{\"@id\":\"https:\\\/\\\/lasentinelle.dz\\\/index.php\\\/2025\\\/07\\\/21\\\/jeux-scolaires-africains-setif-accueille-399-athletes-de-29-pays\\\/\"},\"wordCount\":578,\"commentCount\":0,\"publisher\":{\"@id\":\"https:\\\/\\\/lasentinelle.dz\\\/#organization\"},\"image\":{\"@id\":\"https:\\\/\\\/lasentinelle.dz\\\/index.php\\\/2025\\\/07\\\/21\\\/jeux-scolaires-africains-setif-accueille-399-athletes-de-29-pays\\\/#primaryimage\"},\"thumbnailUrl\":\"https:\\\/\\\/lasentinelle.dz\\\/wp-content\\\/uploads\\\/2024\\\/10\\\/Jeux-scolaires-Africains-2025.jpeg\",\"articleSection\":[\"Sports\"],\"inLanguage\":\"fr-FR\",\"potentialAction\":[{\"@type\":\"CommentAction\",\"name\":\"Comment\",\"target\":[\"https:\\\/\\\/lasentinelle.dz\\\/index.php\\\/2025\\\/07\\\/21\\\/jeux-scolaires-africains-setif-accueille-399-athletes-de-29-pays\\\/#respond\"]}]},{\"@type\":\"WebPage\",\"@id\":\"https:\\\/\\\/lasentinelle.dz\\\/index.php\\\/2025\\\/07\\\/21\\\/jeux-scolaires-africains-setif-accueille-399-athletes-de-29-pays\\\/\",\"url\":\"https:\\\/\\\/lasentinelle.dz\\\/index.php\\\/2025\\\/07\\\/21\\\/jeux-scolaires-africains-setif-accueille-399-athletes-de-29-pays\\\/\",\"name\":\"Jeux scolaires africains : S\u00e9tif accueille 399 athl\u00e8tes de 29 pays - La Sentinelle\",\"isPartOf\":{\"@id\":\"https:\\\/\\\/lasentinelle.dz\\\/#website\"},\"primaryImageOfPage\":{\"@id\":\"https:\\\/\\\/lasentinelle.dz\\\/index.php\\\/2025\\\/07\\\/21\\\/jeux-scolaires-africains-setif-accueille-399-athletes-de-29-pays\\\/#primaryimage\"},\"image\":{\"@id\":\"https:\\\/\\\/lasentinelle.dz\\\/index.php\\\/2025\\\/07\\\/21\\\/jeux-scolaires-africains-setif-accueille-399-athletes-de-29-pays\\\/#primaryimage\"},\"thumbnailUrl\":\"https:\\\/\\\/lasentinelle.dz\\\/wp-content\\\/uploads\\\/2024\\\/10\\\/Jeux-scolaires-Africains-2025.jpeg\",\"datePublished\":\"2025-07-21T11:35:12+00:00\",\"dateModified\":\"2025-07-21T11:35:13+00:00\",\"breadcrumb\":{\"@id\":\"https:\\\/\\\/lasentinelle.dz\\\/index.php\\\/2025\\\/07\\\/21\\\/jeux-scolaires-africains-setif-accueille-399-athletes-de-29-pays\\\/#breadcrumb\"},\"inLanguage\":\"fr-FR\",\"potentialAction\":[{\"@type\":\"ReadAction\",\"target\":[\"https:\\\/\\\/lasentinelle.dz\\\/index.php\\\/2025\\\/07\\\/21\\\/jeux-scolaires-africains-setif-accueille-399-athletes-de-29-pays\\\/\"]}]},{\"@type\":\"ImageObject\",\"inLanguage\":\"fr-FR\",\"@id\":\"https:\\\/\\\/lasentinelle.dz\\\/index.php\\\/2025\\\/07\\\/21\\\/jeux-scolaires-africains-setif-accueille-399-athletes-de-29-pays\\\/#primaryimage\",\"url\":\"https:\\\/\\\/lasentinelle.dz\\\/wp-content\\\/uploads\\\/2024\\\/10\\\/Jeux-scolaires-Africains-2025.jpeg\",\"contentUrl\":\"https:\\\/\\\/lasentinelle.dz\\\/wp-content\\\/uploads\\\/2024\\\/10\\\/Jeux-scolaires-Africains-2025.jpeg\",\"width\":1080,\"height\":720,\"caption\":\"ARCHIVE - L'objectif est le d\u00e9veloppement des pratiques du sport dans les \u00e9coles. Photo: ACNOA\\\/Photo de resse\\\/dpa\"},{\"@type\":\"BreadcrumbList\",\"@id\":\"https:\\\/\\\/lasentinelle.dz\\\/index.php\\\/2025\\\/07\\\/21\\\/jeux-scolaires-africains-setif-accueille-399-athletes-de-29-pays\\\/#breadcrumb\",\"itemListElement\":[{\"@type\":\"ListItem\",\"position\":1,\"name\":\"Accueil\",\"item\":\"https:\\\/\\\/lasentinelle.dz\\\/\"},{\"@type\":\"ListItem\",\"position\":2,\"name\":\"Jeux scolaires africains : S\u00e9tif accueille 399 athl\u00e8tes de 29 pays\"}]},{\"@type\":\"WebSite\",\"@id\":\"https:\\\/\\\/lasentinelle.dz\\\/#website\",\"url\":\"https:\\\/\\\/lasentinelle.dz\\\/\",\"name\":\"La Sentinelle\",\"description\":\"Quotidien national d&#039;information\",\"publisher\":{\"@id\":\"https:\\\/\\\/lasentinelle.dz\\\/#organization\"},\"potentialAction\":[{\"@type\":\"SearchAction\",\"target\":{\"@type\":\"EntryPoint\",\"urlTemplate\":\"https:\\\/\\\/lasentinelle.dz\\\/?s={search_term_string}\"},\"query-input\":{\"@type\":\"PropertyValueSpecification\",\"valueRequired\":true,\"valueName\":\"search_term_string\"}}],\"inLanguage\":\"fr-FR\"},{\"@type\":\"Organization\",\"@id\":\"https:\\\/\\\/lasentinelle.dz\\\/#organization\",\"name\":\"Quotidien La Sentinelle\",\"url\":\"https:\\\/\\\/lasentinelle.dz\\\/\",\"logo\":{\"@type\":\"ImageObject\",\"inLanguage\":\"fr-FR\",\"@id\":\"https:\\\/\\\/lasentinelle.dz\\\/#\\\/schema\\\/logo\\\/image\\\/\",\"url\":\"https:\\\/\\\/lasentinelle.dz\\\/wp-content\\\/uploads\\\/2021\\\/09\\\/logo-sentinelleSLOGAN-1.png\",\"contentUrl\":\"https:\\\/\\\/lasentinelle.dz\\\/wp-content\\\/uploads\\\/2021\\\/09\\\/logo-sentinelleSLOGAN-1.png\",\"width\":615,\"height\":142,\"caption\":\"Quotidien La Sentinelle\"},\"image\":{\"@id\":\"https:\\\/\\\/lasentinelle.dz\\\/#\\\/schema\\\/logo\\\/image\\\/\"},\"sameAs\":[\"https:\\\/\\\/www.facebook.com\\\/La-Sentinelle-104059864394773\"]},{\"@type\":\"Person\",\"@id\":\"https:\\\/\\\/lasentinelle.dz\\\/#\\\/schema\\\/person\\\/729ee0024f24e0b8c5ec17232f8e8b41\",\"name\":\"admin\",\"image\":{\"@type\":\"ImageObject\",\"inLanguage\":\"fr-FR\",\"@id\":\"https:\\\/\\\/secure.gravatar.com\\\/avatar\\\/4c81fed838786e9b53f540bf46533e750f5d292099ae3b66cfc6fb1982e29df7?s=96&d=mm&r=g\",\"url\":\"https:\\\/\\\/secure.gravatar.com\\\/avatar\\\/4c81fed838786e9b53f540bf46533e750f5d292099ae3b66cfc6fb1982e29df7?s=96&d=mm&r=g\",\"contentUrl\":\"https:\\\/\\\/secure.gravatar.com\\\/avatar\\\/4c81fed838786e9b53f540bf46533e750f5d292099ae3b66cfc6fb1982e29df7?s=96&d=mm&r=g\",\"caption\":\"admin\"},\"description\":\"admin\",\"url\":\"https:\\\/\\\/lasentinelle.dz\\\/author\\\/admin\\\/\"}]}<\/script>\n<!-- \/ Yoast SEO plugin. -->","yoast_head_json":{"title":"Jeux scolaires africains : S\u00e9tif accueille 399 athl\u00e8tes de 29 pays - La Sentinelle","robots":{"index":"index","follow":"follow","max-snippet":"max-snippet:-1","max-image-preview":"max-image-preview:large","max-video-preview":"max-video-preview:-1"},"canonical":"https:\/\/lasentinelle.dz\/index.php\/2025\/07\/21\/jeux-scolaires-africains-setif-accueille-399-athletes-de-29-pays\/","og_locale":"fr_FR","og_type":"article","og_title":"Jeux scolaires africains : S\u00e9tif accueille 399 athl\u00e8tes de 29 pays - La Sentinelle","og_description":"La capitale des Hauts plateaux s&rsquo;appr\u00eate \u00e0 entrer dans l&rsquo;histoire du sport africain. D\u00e8s le 23 juillet prochain, S\u00e9tif ouvrira","og_url":"https:\/\/lasentinelle.dz\/index.php\/2025\/07\/21\/jeux-scolaires-africains-setif-accueille-399-athletes-de-29-pays\/","og_site_name":"La Sentinelle","article_publisher":"https:\/\/www.facebook.com\/La-Sentinelle-104059864394773","article_published_time":"2025-07-21T11:35:12+00:00","article_modified_time":"2025-07-21T11:35:13+00:00","og_image":[{"width":1080,"height":720,"url":"https:\/\/lasentinelle.dz\/wp-content\/uploads\/2024\/10\/Jeux-scolaires-Africains-2025.jpeg","type":"image\/jpeg"}],"author":"admin","twitter_card":"summary_large_image","twitter_misc":{"\u00c9crit par":"admin","Dur\u00e9e de lecture estim\u00e9e":"3 minutes"},"schema":{"@context":"https:\/\/schema.org","@graph":[{"@type":"Article","@id":"https:\/\/lasentinelle.dz\/index.php\/2025\/07\/21\/jeux-scolaires-africains-setif-accueille-399-athletes-de-29-pays\/#article","isPartOf":{"@id":"https:\/\/lasentinelle.dz\/index.php\/2025\/07\/21\/jeux-scolaires-africains-setif-accueille-399-athletes-de-29-pays\/"},"author":{"name":"admin","@id":"https:\/\/lasentinelle.dz\/#\/schema\/person\/729ee0024f24e0b8c5ec17232f8e8b41"},"headline":"Jeux scolaires africains : S\u00e9tif accueille 399 athl\u00e8tes de 29 pays","datePublished":"2025-07-21T11:35:12+00:00","dateModified":"2025-07-21T11:35:13+00:00","mainEntityOfPage":{"@id":"https:\/\/lasentinelle.dz\/index.php\/2025\/07\/21\/jeux-scolaires-africains-setif-accueille-399-athletes-de-29-pays\/"},"wordCount":578,"commentCount":0,"publisher":{"@id":"https:\/\/lasentinelle.dz\/#organization"},"image":{"@id":"https:\/\/lasentinelle.dz\/index.php\/2025\/07\/21\/jeux-scolaires-africains-setif-accueille-399-athletes-de-29-pays\/#primaryimage"},"thumbnailUrl":"https:\/\/lasentinelle.dz\/wp-content\/uploads\/2024\/10\/Jeux-scolaires-Africains-2025.jpeg","articleSection":["Sports"],"inLanguage":"fr-FR","potentialAction":[{"@type":"CommentAction","name":"Comment","target":["https:\/\/lasentinelle.dz\/index.php\/2025\/07\/21\/jeux-scolaires-africains-setif-accueille-399-athletes-de-29-pays\/#respond"]}]},{"@type":"WebPage","@id":"https:\/\/lasentinelle.dz\/index.php\/2025\/07\/21\/jeux-scolaires-africains-setif-accueille-399-athletes-de-29-pays\/","url":"https:\/\/lasentinelle.dz\/index.php\/2025\/07\/21\/jeux-scolaires-africains-setif-accueille-399-athletes-de-29-pays\/","name":"Jeux scolaires africains : S\u00e9tif accueille 399 athl\u00e8tes de 29 pays - La Sentinelle","isPartOf":{"@id":"https:\/\/lasentinelle.dz\/#website"},"primaryImageOfPage":{"@id":"https:\/\/lasentinelle.dz\/index.php\/2025\/07\/21\/jeux-scolaires-africains-setif-accueille-399-athletes-de-29-pays\/#primaryimage"},"image":{"@id":"https:\/\/lasentinelle.dz\/index.php\/2025\/07\/21\/jeux-scolaires-africains-setif-accueille-399-athletes-de-29-pays\/#primaryimage"},"thumbnailUrl":"https:\/\/lasentinelle.dz\/wp-content\/uploads\/2024\/10\/Jeux-scolaires-Africains-2025.jpeg","datePublished":"2025-07-21T11:35:12+00:00","dateModified":"2025-07-21T11:35:13+00:00","breadcrumb":{"@id":"https:\/\/lasentinelle.dz\/index.php\/2025\/07\/21\/jeux-scolaires-africains-setif-accueille-399-athletes-de-29-pays\/#breadcrumb"},"inLanguage":"fr-FR","potentialAction":[{"@type":"ReadAction","target":["https:\/\/lasentinelle.dz\/index.php\/2025\/07\/21\/jeux-scolaires-africains-setif-accueille-399-athletes-de-29-pays\/"]}]},{"@type":"ImageObject","inLanguage":"fr-FR","@id":"https:\/\/lasentinelle.dz\/index.php\/2025\/07\/21\/jeux-scolaires-africains-setif-accueille-399-athletes-de-29-pays\/#primaryimage","url":"https:\/\/lasentinelle.dz\/wp-content\/uploads\/2024\/10\/Jeux-scolaires-Africains-2025.jpeg","contentUrl":"https:\/\/lasentinelle.dz\/wp-content\/uploads\/2024\/10\/Jeux-scolaires-Africains-2025.jpeg","width":1080,"height":720,"caption":"ARCHIVE - L'objectif est le d\u00e9veloppement des pratiques du sport dans les \u00e9coles. Photo: ACNOA\/Photo de resse\/dpa"},{"@type":"BreadcrumbList","@id":"https:\/\/lasentinelle.dz\/index.php\/2025\/07\/21\/jeux-scolaires-africains-setif-accueille-399-athletes-de-29-pays\/#breadcrumb","itemListElement":[{"@type":"ListItem","position":1,"name":"Accueil","item":"https:\/\/lasentinelle.dz\/"},{"@type":"ListItem","position":2,"name":"Jeux scolaires africains : S\u00e9tif accueille 399 athl\u00e8tes de 29 pays"}]},{"@type":"WebSite","@id":"https:\/\/lasentinelle.dz\/#website","url":"https:\/\/lasentinelle.dz\/","name":"La Sentinelle","description":"Quotidien national d&#039;information","publisher":{"@id":"https:\/\/lasentinelle.dz\/#organization"},"potentialAction":[{"@type":"SearchAction","target":{"@type":"EntryPoint","urlTemplate":"https:\/\/lasentinelle.dz\/?s={search_term_string}"},"query-input":{"@type":"PropertyValueSpecification","valueRequired":true,"valueName":"search_term_string"}}],"inLanguage":"fr-FR"},{"@type":"Organization","@id":"https:\/\/lasentinelle.dz\/#organization","name":"Quotidien La Sentinelle","url":"https:\/\/lasentinelle.dz\/","logo":{"@type":"ImageObject","inLanguage":"fr-FR","@id":"https:\/\/lasentinelle.dz\/#\/schema\/logo\/image\/","url":"https:\/\/lasentinelle.dz\/wp-content\/uploads\/2021\/09\/logo-sentinelleSLOGAN-1.png","contentUrl":"https:\/\/lasentinelle.dz\/wp-content\/uploads\/2021\/09\/logo-sentinelleSLOGAN-1.png","width":615,"height":142,"caption":"Quotidien La Sentinelle"},"image":{"@id":"https:\/\/lasentinelle.dz\/#\/schema\/logo\/image\/"},"sameAs":["https:\/\/www.facebook.com\/La-Sentinelle-104059864394773"]},{"@type":"Person","@id":"https:\/\/lasentinelle.dz\/#\/schema\/person\/729ee0024f24e0b8c5ec17232f8e8b41","name":"admin","image":{"@type":"ImageObject","inLanguage":"fr-FR","@id":"https:\/\/secure.gravatar.com\/avatar\/4c81fed838786e9b53f540bf46533e750f5d292099ae3b66cfc6fb1982e29df7?s=96&d=mm&r=g","url":"https:\/\/secure.gravatar.com\/avatar\/4c81fed838786e9b53f540bf46533e750f5d292099ae3b66cfc6fb1982e29df7?s=96&d=mm&r=g","contentUrl":"https:\/\/secure.gravatar.com\/avatar\/4c81fed838786e9b53f540bf46533e750f5d292099ae3b66cfc6fb1982e29df7?s=96&d=mm&r=g","caption":"admin"},"description":"admin","url":"https:\/\/lasentinelle.dz\/author\/admin\/"}]}},"_links":{"self":[{"href":"https:\/\/lasentinelle.dz\/index.php\/wp-json\/wp\/v2\/posts\/70640","targetHints":{"allow":["GET"]}}],"collection":[{"href":"https:\/\/lasentinelle.dz\/index.php\/wp-json\/wp\/v2\/posts"}],"about":[{"href":"https:\/\/lasentinelle.dz\/index.php\/wp-json\/wp\/v2\/types\/post"}],"author":[{"embeddable":true,"href":"https:\/\/lasentinelle.dz\/index.php\/wp-json\/wp\/v2\/users\/6"}],"replies":[{"embeddable":true,"href":"https:\/\/lasentinelle.dz\/index.php\/wp-json\/wp\/v2\/comments?post=70640"}],"version-history":[{"count":1,"href":"https:\/\/lasentinelle.dz\/index.php\/wp-json\/wp\/v2\/posts\/70640\/revisions"}],"predecessor-version":[{"id":70641,"href":"https:\/\/lasentinelle.dz\/index.php\/wp-json\/wp\/v2\/posts\/70640\/revisions\/70641"}],"wp:featuredmedia":[{"embeddable":true,"href":"https:\/\/lasentinelle.dz\/index.php\/wp-json\/wp\/v2\/media\/57835"}],"wp:attachment":[{"href":"https:\/\/lasentinelle.dz\/index.php\/wp-json\/wp\/v2\/media?parent=70640"}],"wp:term":[{"taxonomy":"category","embeddable":true,"href":"https:\/\/lasentinelle.dz\/index.php\/wp-json\/wp\/v2\/categories?post=70640"},{"taxonomy":"post_tag","embeddable":true,"href":"https:\/\/lasentinelle.dz\/index.php\/wp-json\/wp\/v2\/tags?post=70640"}],"curies":[{"name":"wp","href":"https:\/\/api.w.org\/{rel}","templated":true}]}}