{"id":70642,"date":"2025-07-21T12:36:03","date_gmt":"2025-07-21T11:36:03","guid":{"rendered":"https:\/\/lasentinelle.dz\/?p=70642"},"modified":"2025-07-21T12:36:04","modified_gmt":"2025-07-21T11:36:04","slug":"championnats-dafrique-de-karate-lalgerie-mise-sur-ses-champions","status":"publish","type":"post","link":"https:\/\/lasentinelle.dz\/index.php\/2025\/07\/21\/championnats-dafrique-de-karate-lalgerie-mise-sur-ses-champions\/","title":{"rendered":"Championnats d&rsquo;Afrique de Karat\u00e9: L&rsquo;Alg\u00e9rie mise sur ses champions"},"content":{"rendered":"\n<p>Du 25 au 27 juillet \u00e0 Abuja, vingt athl\u00e8tes alg\u00e9riens d\u00e9fendront les couleurs nationales lors des Championnats d&rsquo;Afrique de Karat\u00e9-do, avec un double objectif ambitieux : d\u00e9crocher le titre africain chez les jeunes cat\u00e9gories et arracher une qualification mondiale pour les seniors.<\/p>\n\n\n\n<p>Cette exp\u00e9dition nig\u00e9riane intervient dans un contexte de haute comp\u00e9titivit\u00e9, l&rsquo;Alg\u00e9rie occupant la deuxi\u00e8me place continentale depuis l&rsquo;\u00e9dition tunisienne de 2024.<\/p>\n\n\n\n<p>Abdeslam Arraar, directeur technique national, affiche une confiance mesur\u00e9e mais d\u00e9termin\u00e9e. La s\u00e9lection junior et cadet, forte de six repr\u00e9sentants tri\u00e9s sur le volet, nourrit de l\u00e9gitimes espoirs de sacre continental. \u00ab\u00a0Ces jeunes ont gagn\u00e9 la confiance du staff technique suite \u00e0 un processus de s\u00e9lection rigoureux, compte tenu de leur niveau et de leurs excellentes performances techniques\u00a0\u00bb, souligne le responsable. Cette confiance repose sur des fondations solides, b\u00e2ties autour de champions confirm\u00e9s et de talents \u00e9mergents.<\/p>\n\n\n\n<p>Nazim Douidi incarne parfaitement cette nouvelle g\u00e9n\u00e9ration dor\u00e9e du karat\u00e9 alg\u00e9rien. Champion du monde 2023 et champion d&rsquo;Afrique 2024 dans la cat\u00e9gorie des plus de 76 kg, ce prodige repr\u00e9sente l&rsquo;\u00e9tendard de l&rsquo;excellence nationale. \u00c0 ses c\u00f4t\u00e9s, Abderrazak Gouri affiche un palmar\u00e8s tout aussi impressionnant. Double champion d&rsquo;Afrique en 2023 et 2024 dans la cat\u00e9gorie des moins de 76 kg, et class\u00e9 troisi\u00e8me mondial, il forme avec Douidi un duo redoutable capable de faire trembler la concurrence continentale.<\/p>\n\n\n\n<p>Chez les cadets, Aymen Benkhedda porte \u00e9galement de lourdes responsabilit\u00e9s. Champion d&rsquo;Afrique 2024 dans la cat\u00e9gorie des moins de 52 kg, ce jeune talent confirme la profondeur du vivier alg\u00e9rien. En kata, sp\u00e9cialit\u00e9 technique exigeante, Mehdi Benrahal impose le respect avec son huiti\u00e8me rang mondial, t\u00e9moignage d&rsquo;un travail de perfectionnement constant. Yasmine Mixame, m\u00e9daill\u00e9e de bronze continentale 2024 chez les moins de 48 kg, compl\u00e8te cette armada jeune mais exp\u00e9riment\u00e9e.<\/p>\n\n\n\n<p>La d\u00e9l\u00e9gation senior, compos\u00e9e de quatorze athl\u00e8tes r\u00e9partis entre messieurs et dames, vise quant \u00e0 elle une qualification pour le Championnat du monde 2025 d&rsquo;\u00c9gypte en octobre prochain. Cette \u00e9ch\u00e9ance mondiale constitue l&rsquo;objectif prioritaire, n\u00e9cessitant une performance collective de haut niveau. Les karat\u00e9kas alg\u00e9riens devront rivaliser avec l&rsquo;\u00e9lite continentale dans un contexte de concurrence exacerb\u00e9e. L&rsquo;\u00c9gypte, championne en titre, part naturellement favorite pour conserver son h\u00e9g\u00e9monie. Les Pharaons disposent d&rsquo;un effectif \u00e9toff\u00e9 et exp\u00e9riment\u00e9, habitu\u00e9 aux joutes continentales. L&rsquo;Alg\u00e9rie, forte de sa deuxi\u00e8me place acquise l&rsquo;ann\u00e9e pass\u00e9e, ambitionne de franchir la derni\u00e8re marche. La Tunisie, troisi\u00e8me en 2024, et le Nig\u00e9ria, galvanis\u00e9 par son statut de pays organisateur, compl\u00e8tent le carr\u00e9 des pr\u00e9tendants au podium g\u00e9n\u00e9ral.<\/p>\n\n\n\n<p>Cette hi\u00e9rarchie \u00e9tablie ne refl\u00e8te cependant qu&rsquo;imparfaitement les rapports de force dans les diff\u00e9rentes cat\u00e9gories individuelles. Le karat\u00e9 africain a d\u00e9montr\u00e9 sa capacit\u00e9 \u00e0 produire des surprises, particuli\u00e8rement lors des \u00e9preuves de kata o\u00f9 la perfection technique prime sur la puissance physique. L&rsquo;encadrement alg\u00e9rien, men\u00e9 par Fouad Benbara pour le kumit\u00e9 masculin, Dhiya Chikhi pour le kumit\u00e9 f\u00e9minin et Imane Laghouil pour le kata, mise sur cette expertise reconnue.<\/p>\n\n\n\n<p>La strat\u00e9gie alg\u00e9rienne repose sur un savant \u00e9quilibre entre exp\u00e9rience et renouvellement g\u00e9n\u00e9rationnel. Les v\u00e9t\u00e9rans comme Louisa Abouriche et Khadidja Ghoulam apportent leur maturit\u00e9 comp\u00e9titive, tandis que les jeunes pousses injectent leur fougue et leur insouciance. Cette alchimie, si elle fonctionne, pourrait propulser l&rsquo;Alg\u00e9rie vers les sommets continentaux. M. Dahleb<\/p>\n","protected":false},"excerpt":{"rendered":"<p>Du 25 au 27 juillet \u00e0 Abuja, vingt athl\u00e8tes alg\u00e9riens d\u00e9fendront les couleurs nationales lors des Championnats d&rsquo;Afrique de Karat\u00e9-do,<\/p>\n","protected":false},"author":6,"featured_media":70643,"comment_status":"open","ping_status":"closed","sticky":false,"template":"","format":"standard","meta":{"colormag_page_container_layout":"default_layout","colormag_page_sidebar_layout":"default_layout","om_disable_all_campaigns":false,"_monsterinsights_skip_tracking":false,"_monsterinsights_sitenote_active":false,"_monsterinsights_sitenote_note":"","_monsterinsights_sitenote_category":0,"footnotes":"","_wpscppro_dont_share_socialmedia":false,"_wpscppro_custom_social_share_image":0,"_facebook_share_type":"default","_twitter_share_type":"default","_linkedin_share_type":"default","_pinterest_share_type":"default","_linkedin_share_type_page":"","_instagram_share_type":"default","_medium_share_type":"default","_threads_share_type":"","_google_business_share_type":"","_selected_social_profile":[],"_wpsp_enable_custom_social_template":false,"_wpsp_social_scheduling":{"enabled":false,"datetime":null,"platforms":[],"status":"template_only","dateOption":"today","timeOption":"now","customDays":"","customHours":"","customDate":"","customTime":"","schedulingType":"absolute"},"_wpsp_active_default_template":true},"categories":[33],"tags":[],"class_list":["post-70642","post","type-post","status-publish","format-standard","has-post-thumbnail","hentry","category-sports"],"aioseo_notices":[],"yoast_head":"<!-- This site is optimized with the Yoast SEO plugin v27.5 - https:\/\/yoast.com\/product\/yoast-seo-wordpress\/ -->\n<title>Championnats d&rsquo;Afrique de Karat\u00e9: L&rsquo;Alg\u00e9rie mise sur ses champions - La Sentinelle<\/title>\n<meta name=\"robots\" content=\"index, follow, max-snippet:-1, max-image-preview:large, max-video-preview:-1\" \/>\n<link rel=\"canonical\" href=\"https:\/\/lasentinelle.dz\/index.php\/2025\/07\/21\/championnats-dafrique-de-karate-lalgerie-mise-sur-ses-champions\/\" \/>\n<meta property=\"og:locale\" content=\"fr_FR\" \/>\n<meta property=\"og:type\" content=\"article\" \/>\n<meta property=\"og:title\" content=\"Championnats d&rsquo;Afrique de Karat\u00e9: L&rsquo;Alg\u00e9rie mise sur ses champions - La Sentinelle\" \/>\n<meta property=\"og:description\" content=\"Du 25 au 27 juillet \u00e0 Abuja, vingt athl\u00e8tes alg\u00e9riens d\u00e9fendront les couleurs nationales lors des Championnats d&rsquo;Afrique de Karat\u00e9-do,\" \/>\n<meta property=\"og:url\" content=\"https:\/\/lasentinelle.dz\/index.php\/2025\/07\/21\/championnats-dafrique-de-karate-lalgerie-mise-sur-ses-champions\/\" \/>\n<meta property=\"og:site_name\" content=\"La Sentinelle\" \/>\n<meta property=\"article:publisher\" content=\"https:\/\/www.facebook.com\/La-Sentinelle-104059864394773\" \/>\n<meta property=\"article:published_time\" content=\"2025-07-21T11:36:03+00:00\" \/>\n<meta property=\"article:modified_time\" content=\"2025-07-21T11:36:04+00:00\" \/>\n<meta property=\"og:image\" content=\"https:\/\/lasentinelle.dz\/wp-content\/uploads\/2025\/07\/karate.jpg\" \/>\n\t<meta property=\"og:image:width\" content=\"405\" \/>\n\t<meta property=\"og:image:height\" content=\"311\" \/>\n\t<meta property=\"og:image:type\" content=\"image\/jpeg\" \/>\n<meta name=\"author\" content=\"admin\" \/>\n<meta name=\"twitter:card\" content=\"summary_large_image\" \/>\n<meta name=\"twitter:label1\" content=\"\u00c9crit par\" \/>\n\t<meta name=\"twitter:data1\" content=\"admin\" \/>\n\t<meta name=\"twitter:label2\" content=\"Dur\u00e9e de lecture estim\u00e9e\" \/>\n\t<meta name=\"twitter:data2\" content=\"3 minutes\" \/>\n<script type=\"application\/ld+json\" class=\"yoast-schema-graph\">{\"@context\":\"https:\\\/\\\/schema.org\",\"@graph\":[{\"@type\":\"Article\",\"@id\":\"https:\\\/\\\/lasentinelle.dz\\\/index.php\\\/2025\\\/07\\\/21\\\/championnats-dafrique-de-karate-lalgerie-mise-sur-ses-champions\\\/#article\",\"isPartOf\":{\"@id\":\"https:\\\/\\\/lasentinelle.dz\\\/index.php\\\/2025\\\/07\\\/21\\\/championnats-dafrique-de-karate-lalgerie-mise-sur-ses-champions\\\/\"},\"author\":{\"name\":\"admin\",\"@id\":\"https:\\\/\\\/lasentinelle.dz\\\/#\\\/schema\\\/person\\\/729ee0024f24e0b8c5ec17232f8e8b41\"},\"headline\":\"Championnats d&rsquo;Afrique de Karat\u00e9: L&rsquo;Alg\u00e9rie mise sur ses champions\",\"datePublished\":\"2025-07-21T11:36:03+00:00\",\"dateModified\":\"2025-07-21T11:36:04+00:00\",\"mainEntityOfPage\":{\"@id\":\"https:\\\/\\\/lasentinelle.dz\\\/index.php\\\/2025\\\/07\\\/21\\\/championnats-dafrique-de-karate-lalgerie-mise-sur-ses-champions\\\/\"},\"wordCount\":619,\"commentCount\":0,\"publisher\":{\"@id\":\"https:\\\/\\\/lasentinelle.dz\\\/#organization\"},\"image\":{\"@id\":\"https:\\\/\\\/lasentinelle.dz\\\/index.php\\\/2025\\\/07\\\/21\\\/championnats-dafrique-de-karate-lalgerie-mise-sur-ses-champions\\\/#primaryimage\"},\"thumbnailUrl\":\"https:\\\/\\\/lasentinelle.dz\\\/wp-content\\\/uploads\\\/2025\\\/07\\\/karate.jpg\",\"articleSection\":[\"Sports\"],\"inLanguage\":\"fr-FR\",\"potentialAction\":[{\"@type\":\"CommentAction\",\"name\":\"Comment\",\"target\":[\"https:\\\/\\\/lasentinelle.dz\\\/index.php\\\/2025\\\/07\\\/21\\\/championnats-dafrique-de-karate-lalgerie-mise-sur-ses-champions\\\/#respond\"]}]},{\"@type\":\"WebPage\",\"@id\":\"https:\\\/\\\/lasentinelle.dz\\\/index.php\\\/2025\\\/07\\\/21\\\/championnats-dafrique-de-karate-lalgerie-mise-sur-ses-champions\\\/\",\"url\":\"https:\\\/\\\/lasentinelle.dz\\\/index.php\\\/2025\\\/07\\\/21\\\/championnats-dafrique-de-karate-lalgerie-mise-sur-ses-champions\\\/\",\"name\":\"Championnats d&rsquo;Afrique de Karat\u00e9: L&rsquo;Alg\u00e9rie mise sur ses champions - La Sentinelle\",\"isPartOf\":{\"@id\":\"https:\\\/\\\/lasentinelle.dz\\\/#website\"},\"primaryImageOfPage\":{\"@id\":\"https:\\\/\\\/lasentinelle.dz\\\/index.php\\\/2025\\\/07\\\/21\\\/championnats-dafrique-de-karate-lalgerie-mise-sur-ses-champions\\\/#primaryimage\"},\"image\":{\"@id\":\"https:\\\/\\\/lasentinelle.dz\\\/index.php\\\/2025\\\/07\\\/21\\\/championnats-dafrique-de-karate-lalgerie-mise-sur-ses-champions\\\/#primaryimage\"},\"thumbnailUrl\":\"https:\\\/\\\/lasentinelle.dz\\\/wp-content\\\/uploads\\\/2025\\\/07\\\/karate.jpg\",\"datePublished\":\"2025-07-21T11:36:03+00:00\",\"dateModified\":\"2025-07-21T11:36:04+00:00\",\"breadcrumb\":{\"@id\":\"https:\\\/\\\/lasentinelle.dz\\\/index.php\\\/2025\\\/07\\\/21\\\/championnats-dafrique-de-karate-lalgerie-mise-sur-ses-champions\\\/#breadcrumb\"},\"inLanguage\":\"fr-FR\",\"potentialAction\":[{\"@type\":\"ReadAction\",\"target\":[\"https:\\\/\\\/lasentinelle.dz\\\/index.php\\\/2025\\\/07\\\/21\\\/championnats-dafrique-de-karate-lalgerie-mise-sur-ses-champions\\\/\"]}]},{\"@type\":\"ImageObject\",\"inLanguage\":\"fr-FR\",\"@id\":\"https:\\\/\\\/lasentinelle.dz\\\/index.php\\\/2025\\\/07\\\/21\\\/championnats-dafrique-de-karate-lalgerie-mise-sur-ses-champions\\\/#primaryimage\",\"url\":\"https:\\\/\\\/lasentinelle.dz\\\/wp-content\\\/uploads\\\/2025\\\/07\\\/karate.jpg\",\"contentUrl\":\"https:\\\/\\\/lasentinelle.dz\\\/wp-content\\\/uploads\\\/2025\\\/07\\\/karate.jpg\",\"width\":405,\"height\":311},{\"@type\":\"BreadcrumbList\",\"@id\":\"https:\\\/\\\/lasentinelle.dz\\\/index.php\\\/2025\\\/07\\\/21\\\/championnats-dafrique-de-karate-lalgerie-mise-sur-ses-champions\\\/#breadcrumb\",\"itemListElement\":[{\"@type\":\"ListItem\",\"position\":1,\"name\":\"Accueil\",\"item\":\"https:\\\/\\\/lasentinelle.dz\\\/\"},{\"@type\":\"ListItem\",\"position\":2,\"name\":\"Championnats d&rsquo;Afrique de Karat\u00e9: L&rsquo;Alg\u00e9rie mise sur ses champions\"}]},{\"@type\":\"WebSite\",\"@id\":\"https:\\\/\\\/lasentinelle.dz\\\/#website\",\"url\":\"https:\\\/\\\/lasentinelle.dz\\\/\",\"name\":\"La Sentinelle\",\"description\":\"Quotidien national d&#039;information\",\"publisher\":{\"@id\":\"https:\\\/\\\/lasentinelle.dz\\\/#organization\"},\"potentialAction\":[{\"@type\":\"SearchAction\",\"target\":{\"@type\":\"EntryPoint\",\"urlTemplate\":\"https:\\\/\\\/lasentinelle.dz\\\/?s={search_term_string}\"},\"query-input\":{\"@type\":\"PropertyValueSpecification\",\"valueRequired\":true,\"valueName\":\"search_term_string\"}}],\"inLanguage\":\"fr-FR\"},{\"@type\":\"Organization\",\"@id\":\"https:\\\/\\\/lasentinelle.dz\\\/#organization\",\"name\":\"Quotidien La Sentinelle\",\"url\":\"https:\\\/\\\/lasentinelle.dz\\\/\",\"logo\":{\"@type\":\"ImageObject\",\"inLanguage\":\"fr-FR\",\"@id\":\"https:\\\/\\\/lasentinelle.dz\\\/#\\\/schema\\\/logo\\\/image\\\/\",\"url\":\"https:\\\/\\\/lasentinelle.dz\\\/wp-content\\\/uploads\\\/2021\\\/09\\\/logo-sentinelleSLOGAN-1.png\",\"contentUrl\":\"https:\\\/\\\/lasentinelle.dz\\\/wp-content\\\/uploads\\\/2021\\\/09\\\/logo-sentinelleSLOGAN-1.png\",\"width\":615,\"height\":142,\"caption\":\"Quotidien La Sentinelle\"},\"image\":{\"@id\":\"https:\\\/\\\/lasentinelle.dz\\\/#\\\/schema\\\/logo\\\/image\\\/\"},\"sameAs\":[\"https:\\\/\\\/www.facebook.com\\\/La-Sentinelle-104059864394773\"]},{\"@type\":\"Person\",\"@id\":\"https:\\\/\\\/lasentinelle.dz\\\/#\\\/schema\\\/person\\\/729ee0024f24e0b8c5ec17232f8e8b41\",\"name\":\"admin\",\"image\":{\"@type\":\"ImageObject\",\"inLanguage\":\"fr-FR\",\"@id\":\"https:\\\/\\\/secure.gravatar.com\\\/avatar\\\/4c81fed838786e9b53f540bf46533e750f5d292099ae3b66cfc6fb1982e29df7?s=96&d=mm&r=g\",\"url\":\"https:\\\/\\\/secure.gravatar.com\\\/avatar\\\/4c81fed838786e9b53f540bf46533e750f5d292099ae3b66cfc6fb1982e29df7?s=96&d=mm&r=g\",\"contentUrl\":\"https:\\\/\\\/secure.gravatar.com\\\/avatar\\\/4c81fed838786e9b53f540bf46533e750f5d292099ae3b66cfc6fb1982e29df7?s=96&d=mm&r=g\",\"caption\":\"admin\"},\"description\":\"admin\",\"url\":\"https:\\\/\\\/lasentinelle.dz\\\/author\\\/admin\\\/\"}]}<\/script>\n<!-- \/ Yoast SEO plugin. -->","yoast_head_json":{"title":"Championnats d&rsquo;Afrique de Karat\u00e9: L&rsquo;Alg\u00e9rie mise sur ses champions - La Sentinelle","robots":{"index":"index","follow":"follow","max-snippet":"max-snippet:-1","max-image-preview":"max-image-preview:large","max-video-preview":"max-video-preview:-1"},"canonical":"https:\/\/lasentinelle.dz\/index.php\/2025\/07\/21\/championnats-dafrique-de-karate-lalgerie-mise-sur-ses-champions\/","og_locale":"fr_FR","og_type":"article","og_title":"Championnats d&rsquo;Afrique de Karat\u00e9: L&rsquo;Alg\u00e9rie mise sur ses champions - La Sentinelle","og_description":"Du 25 au 27 juillet \u00e0 Abuja, vingt athl\u00e8tes alg\u00e9riens d\u00e9fendront les couleurs nationales lors des Championnats d&rsquo;Afrique de Karat\u00e9-do,","og_url":"https:\/\/lasentinelle.dz\/index.php\/2025\/07\/21\/championnats-dafrique-de-karate-lalgerie-mise-sur-ses-champions\/","og_site_name":"La Sentinelle","article_publisher":"https:\/\/www.facebook.com\/La-Sentinelle-104059864394773","article_published_time":"2025-07-21T11:36:03+00:00","article_modified_time":"2025-07-21T11:36:04+00:00","og_image":[{"width":405,"height":311,"url":"https:\/\/lasentinelle.dz\/wp-content\/uploads\/2025\/07\/karate.jpg","type":"image\/jpeg"}],"author":"admin","twitter_card":"summary_large_image","twitter_misc":{"\u00c9crit par":"admin","Dur\u00e9e de lecture estim\u00e9e":"3 minutes"},"schema":{"@context":"https:\/\/schema.org","@graph":[{"@type":"Article","@id":"https:\/\/lasentinelle.dz\/index.php\/2025\/07\/21\/championnats-dafrique-de-karate-lalgerie-mise-sur-ses-champions\/#article","isPartOf":{"@id":"https:\/\/lasentinelle.dz\/index.php\/2025\/07\/21\/championnats-dafrique-de-karate-lalgerie-mise-sur-ses-champions\/"},"author":{"name":"admin","@id":"https:\/\/lasentinelle.dz\/#\/schema\/person\/729ee0024f24e0b8c5ec17232f8e8b41"},"headline":"Championnats d&rsquo;Afrique de Karat\u00e9: L&rsquo;Alg\u00e9rie mise sur ses champions","datePublished":"2025-07-21T11:36:03+00:00","dateModified":"2025-07-21T11:36:04+00:00","mainEntityOfPage":{"@id":"https:\/\/lasentinelle.dz\/index.php\/2025\/07\/21\/championnats-dafrique-de-karate-lalgerie-mise-sur-ses-champions\/"},"wordCount":619,"commentCount":0,"publisher":{"@id":"https:\/\/lasentinelle.dz\/#organization"},"image":{"@id":"https:\/\/lasentinelle.dz\/index.php\/2025\/07\/21\/championnats-dafrique-de-karate-lalgerie-mise-sur-ses-champions\/#primaryimage"},"thumbnailUrl":"https:\/\/lasentinelle.dz\/wp-content\/uploads\/2025\/07\/karate.jpg","articleSection":["Sports"],"inLanguage":"fr-FR","potentialAction":[{"@type":"CommentAction","name":"Comment","target":["https:\/\/lasentinelle.dz\/index.php\/2025\/07\/21\/championnats-dafrique-de-karate-lalgerie-mise-sur-ses-champions\/#respond"]}]},{"@type":"WebPage","@id":"https:\/\/lasentinelle.dz\/index.php\/2025\/07\/21\/championnats-dafrique-de-karate-lalgerie-mise-sur-ses-champions\/","url":"https:\/\/lasentinelle.dz\/index.php\/2025\/07\/21\/championnats-dafrique-de-karate-lalgerie-mise-sur-ses-champions\/","name":"Championnats d&rsquo;Afrique de Karat\u00e9: L&rsquo;Alg\u00e9rie mise sur ses champions - La Sentinelle","isPartOf":{"@id":"https:\/\/lasentinelle.dz\/#website"},"primaryImageOfPage":{"@id":"https:\/\/lasentinelle.dz\/index.php\/2025\/07\/21\/championnats-dafrique-de-karate-lalgerie-mise-sur-ses-champions\/#primaryimage"},"image":{"@id":"https:\/\/lasentinelle.dz\/index.php\/2025\/07\/21\/championnats-dafrique-de-karate-lalgerie-mise-sur-ses-champions\/#primaryimage"},"thumbnailUrl":"https:\/\/lasentinelle.dz\/wp-content\/uploads\/2025\/07\/karate.jpg","datePublished":"2025-07-21T11:36:03+00:00","dateModified":"2025-07-21T11:36:04+00:00","breadcrumb":{"@id":"https:\/\/lasentinelle.dz\/index.php\/2025\/07\/21\/championnats-dafrique-de-karate-lalgerie-mise-sur-ses-champions\/#breadcrumb"},"inLanguage":"fr-FR","potentialAction":[{"@type":"ReadAction","target":["https:\/\/lasentinelle.dz\/index.php\/2025\/07\/21\/championnats-dafrique-de-karate-lalgerie-mise-sur-ses-champions\/"]}]},{"@type":"ImageObject","inLanguage":"fr-FR","@id":"https:\/\/lasentinelle.dz\/index.php\/2025\/07\/21\/championnats-dafrique-de-karate-lalgerie-mise-sur-ses-champions\/#primaryimage","url":"https:\/\/lasentinelle.dz\/wp-content\/uploads\/2025\/07\/karate.jpg","contentUrl":"https:\/\/lasentinelle.dz\/wp-content\/uploads\/2025\/07\/karate.jpg","width":405,"height":311},{"@type":"BreadcrumbList","@id":"https:\/\/lasentinelle.dz\/index.php\/2025\/07\/21\/championnats-dafrique-de-karate-lalgerie-mise-sur-ses-champions\/#breadcrumb","itemListElement":[{"@type":"ListItem","position":1,"name":"Accueil","item":"https:\/\/lasentinelle.dz\/"},{"@type":"ListItem","position":2,"name":"Championnats d&rsquo;Afrique de Karat\u00e9: L&rsquo;Alg\u00e9rie mise sur ses champions"}]},{"@type":"WebSite","@id":"https:\/\/lasentinelle.dz\/#website","url":"https:\/\/lasentinelle.dz\/","name":"La Sentinelle","description":"Quotidien national d&#039;information","publisher":{"@id":"https:\/\/lasentinelle.dz\/#organization"},"potentialAction":[{"@type":"SearchAction","target":{"@type":"EntryPoint","urlTemplate":"https:\/\/lasentinelle.dz\/?s={search_term_string}"},"query-input":{"@type":"PropertyValueSpecification","valueRequired":true,"valueName":"search_term_string"}}],"inLanguage":"fr-FR"},{"@type":"Organization","@id":"https:\/\/lasentinelle.dz\/#organization","name":"Quotidien La Sentinelle","url":"https:\/\/lasentinelle.dz\/","logo":{"@type":"ImageObject","inLanguage":"fr-FR","@id":"https:\/\/lasentinelle.dz\/#\/schema\/logo\/image\/","url":"https:\/\/lasentinelle.dz\/wp-content\/uploads\/2021\/09\/logo-sentinelleSLOGAN-1.png","contentUrl":"https:\/\/lasentinelle.dz\/wp-content\/uploads\/2021\/09\/logo-sentinelleSLOGAN-1.png","width":615,"height":142,"caption":"Quotidien La Sentinelle"},"image":{"@id":"https:\/\/lasentinelle.dz\/#\/schema\/logo\/image\/"},"sameAs":["https:\/\/www.facebook.com\/La-Sentinelle-104059864394773"]},{"@type":"Person","@id":"https:\/\/lasentinelle.dz\/#\/schema\/person\/729ee0024f24e0b8c5ec17232f8e8b41","name":"admin","image":{"@type":"ImageObject","inLanguage":"fr-FR","@id":"https:\/\/secure.gravatar.com\/avatar\/4c81fed838786e9b53f540bf46533e750f5d292099ae3b66cfc6fb1982e29df7?s=96&d=mm&r=g","url":"https:\/\/secure.gravatar.com\/avatar\/4c81fed838786e9b53f540bf46533e750f5d292099ae3b66cfc6fb1982e29df7?s=96&d=mm&r=g","contentUrl":"https:\/\/secure.gravatar.com\/avatar\/4c81fed838786e9b53f540bf46533e750f5d292099ae3b66cfc6fb1982e29df7?s=96&d=mm&r=g","caption":"admin"},"description":"admin","url":"https:\/\/lasentinelle.dz\/author\/admin\/"}]}},"_links":{"self":[{"href":"https:\/\/lasentinelle.dz\/index.php\/wp-json\/wp\/v2\/posts\/70642","targetHints":{"allow":["GET"]}}],"collection":[{"href":"https:\/\/lasentinelle.dz\/index.php\/wp-json\/wp\/v2\/posts"}],"about":[{"href":"https:\/\/lasentinelle.dz\/index.php\/wp-json\/wp\/v2\/types\/post"}],"author":[{"embeddable":true,"href":"https:\/\/lasentinelle.dz\/index.php\/wp-json\/wp\/v2\/users\/6"}],"replies":[{"embeddable":true,"href":"https:\/\/lasentinelle.dz\/index.php\/wp-json\/wp\/v2\/comments?post=70642"}],"version-history":[{"count":2,"href":"https:\/\/lasentinelle.dz\/index.php\/wp-json\/wp\/v2\/posts\/70642\/revisions"}],"predecessor-version":[{"id":70645,"href":"https:\/\/lasentinelle.dz\/index.php\/wp-json\/wp\/v2\/posts\/70642\/revisions\/70645"}],"wp:featuredmedia":[{"embeddable":true,"href":"https:\/\/lasentinelle.dz\/index.php\/wp-json\/wp\/v2\/media\/70643"}],"wp:attachment":[{"href":"https:\/\/lasentinelle.dz\/index.php\/wp-json\/wp\/v2\/media?parent=70642"}],"wp:term":[{"taxonomy":"category","embeddable":true,"href":"https:\/\/lasentinelle.dz\/index.php\/wp-json\/wp\/v2\/categories?post=70642"},{"taxonomy":"post_tag","embeddable":true,"href":"https:\/\/lasentinelle.dz\/index.php\/wp-json\/wp\/v2\/tags?post=70642"}],"curies":[{"name":"wp","href":"https:\/\/api.w.org\/{rel}","templated":true}]}}