{"id":70650,"date":"2025-07-21T12:45:07","date_gmt":"2025-07-21T11:45:07","guid":{"rendered":"https:\/\/lasentinelle.dz\/?p=70650"},"modified":"2025-07-21T12:45:08","modified_gmt":"2025-07-21T11:45:08","slug":"es-setif-des-departs-et-des-arrivees-pour-rebatir-leffectif","status":"publish","type":"post","link":"https:\/\/lasentinelle.dz\/index.php\/2025\/07\/21\/es-setif-des-departs-et-des-arrivees-pour-rebatir-leffectif\/","title":{"rendered":"ES S\u00e9tif : Des d\u00e9parts et des arriv\u00e9es pour reb\u00e2tir l&rsquo;effectif"},"content":{"rendered":"\n<p>L&rsquo;Entente sportive de S\u00e9tif vit actuellement une v\u00e9ritable r\u00e9volution sur le plan de son effectif professionnel. Apr\u00e8s une saison 2024-2025 d\u00e9cevante qui s&rsquo;est sold\u00e9e par une cinqui\u00e8me place au classement g\u00e9n\u00e9ral avec seulement 41 points, synonyme d&rsquo;\u00e9chec dans la course aux comp\u00e9titions continentales, la direction des Aigles Noirs a d\u00e9cid\u00e9 de proc\u00e9der \u00e0 un grand m\u00e9nage estival. Samedi, le club s\u00e9tifien a officialis\u00e9 la r\u00e9siliation \u00e0 l&rsquo;amiable des contrats de cinq nouveaux joueurs, portant ainsi le total des lib\u00e9rations \u00e0 douze \u00e9l\u00e9ments depuis le d\u00e9but du mercato. Les derniers concern\u00e9s par cette vague de d\u00e9parts sont Imad-Eddine Rekiek, Tahar Benkhelifa, Mecha\u00e2r Bassem, Mohamed Karim Bouhamidi et Moua\u00efne Ferdjioui, qui rejoignent les sept premiers joueurs pr\u00e9c\u00e9demment lib\u00e9r\u00e9s par la direction s\u00e9tifienne. Parmi ces premiers partants figuraient notamment Abdelmoumen Chikhi, Amir Nouri, le milieu malien Moriba Diarra, Drice Cha\u00e2bi, Abderrazak Mohra, le buteur nig\u00e9rian Augustin Tunde Oladapo et le d\u00e9fenseur b\u00e9ninois Kossi Rodrigue. Cette op\u00e9ration de d\u00e9graissage massif s&rsquo;inscrit dans une strat\u00e9gie globale de reconstruction men\u00e9e par le pr\u00e9sident-directeur g\u00e9n\u00e9ral Nabil Keba\u00efli et sa nouvelle \u00e9quipe dirigeante. L&rsquo;objectif affich\u00e9 est clair : repositionner l&rsquo;Entente \u00e0 son v\u00e9ritable rang historique apr\u00e8s plusieurs saisons de relatif anonymat sur la sc\u00e8ne nationale. Pour compenser ces nombreux d\u00e9parts, la direction s\u00e9tifienne a proc\u00e9d\u00e9 simultan\u00e9ment \u00e0 une campagne de recrutement ambitieuse, officialisant l&rsquo;arriv\u00e9e de douze nouvelles recrues destin\u00e9es \u00e0 insuffler un sang nouveau \u00e0 l&rsquo;\u00e9quipe. Parmi ces renforts figurent trois joueurs \u00e9trangers et trois \u00e9l\u00e9ments particuli\u00e8rement jeunes n\u00e9s en 2005, t\u00e9moignant d&rsquo;une volont\u00e9 de m\u00e9langer exp\u00e9rience et potentiel d&rsquo;avenir. Le comit\u00e9 de recrutement, selon les d\u00e9clarations de Nabil Keba\u00efli, a men\u00e9 une d\u00e9marche qualitative et r\u00e9fl\u00e9chie pour identifier les profils les plus adapt\u00e9s au projet sportif du club. Neuf joueurs ont \u00e9t\u00e9 recrut\u00e9s \u00e0 l&rsquo;ext\u00e9rieur tandis que deux \u00e9l\u00e9ments issus de l&rsquo;\u00e9quipe r\u00e9serve ont b\u00e9n\u00e9fici\u00e9 d&rsquo;une promotion en \u00e9quipe premi\u00e8re. Parmi les signatures d\u00e9j\u00e0 officialis\u00e9es, l&rsquo;Entente a notamment annonc\u00e9 l&rsquo;arriv\u00e9e du milieu offensif Issad Lakdja en provenance du Safa SC du Liban, ainsi que celle des d\u00e9fenseurs Lahcene Bouziane, ancien joueur de l&rsquo;USM Harrach, et Kamel Hamidi, qui \u00e9voluait pr\u00e9c\u00e9demment au Mouloudia Club d&rsquo;Alger. Cette refonte totale de l&rsquo;effectif s&rsquo;accompagne \u00e9galement d&rsquo;un changement sur le banc technique. La direction s\u00e9tifienne a en effet d\u00e9cid\u00e9 de ne pas reconduire le contrat de l&rsquo;entra\u00eeneur tunisien Nabil Kouki et lui a pr\u00e9f\u00e9r\u00e9 l&rsquo;Allemand Antoine Hey, r\u00e9put\u00e9 pour ses m\u00e9thodes de travail rigoureuses et sa capacit\u00e9 \u00e0 d\u00e9velopper les jeunes talents. Ce choix s&rsquo;inscrit parfaitement dans la philosophie du nouveau projet sportif qui mise sur un savant m\u00e9lange entre joueurs confirm\u00e9s et \u00e9l\u00e9ments prometteurs. Selon le pr\u00e9sident Keba\u00efli, le processus de finalisation de l&rsquo;effectif se poursuit encore, en \u00e9troite concertation avec le nouveau staff technique dirig\u00e9 par Antoine Hey. L&rsquo;objectif est d&rsquo;arr\u00eater d\u00e9finitivement la liste des joueurs qui composeront l&rsquo;effectif professionnel pour la saison 2025-2026, tout en privil\u00e9giant la coh\u00e9sion de groupe et une pr\u00e9paration optimale. Cette d\u00e9marche m\u00e9thodique vise \u00e0 \u00e9viter les erreurs du pass\u00e9 et \u00e0 construire un collectif capable de retrouver les sommets du football alg\u00e9rien. M.D.<\/p>\n","protected":false},"excerpt":{"rendered":"<p>L&rsquo;Entente sportive de S\u00e9tif vit actuellement une v\u00e9ritable r\u00e9volution sur le plan de son effectif professionnel. Apr\u00e8s une saison 2024-2025<\/p>\n","protected":false},"author":6,"featured_media":70651,"comment_status":"open","ping_status":"closed","sticky":false,"template":"","format":"standard","meta":{"colormag_page_container_layout":"default_layout","colormag_page_sidebar_layout":"default_layout","om_disable_all_campaigns":false,"_monsterinsights_skip_tracking":false,"_monsterinsights_sitenote_active":false,"_monsterinsights_sitenote_note":"","_monsterinsights_sitenote_category":0,"footnotes":"","_wpscppro_dont_share_socialmedia":false,"_wpscppro_custom_social_share_image":0,"_facebook_share_type":"default","_twitter_share_type":"default","_linkedin_share_type":"default","_pinterest_share_type":"default","_linkedin_share_type_page":"","_instagram_share_type":"default","_medium_share_type":"default","_threads_share_type":"","_google_business_share_type":"","_selected_social_profile":[],"_wpsp_enable_custom_social_template":false,"_wpsp_social_scheduling":{"enabled":false,"datetime":null,"platforms":[],"status":"template_only","dateOption":"today","timeOption":"now","customDays":"","customHours":"","customDate":"","customTime":"","schedulingType":"absolute"},"_wpsp_active_default_template":true},"categories":[33],"tags":[],"class_list":["post-70650","post","type-post","status-publish","format-standard","has-post-thumbnail","hentry","category-sports"],"aioseo_notices":[],"yoast_head":"<!-- This site is optimized with the Yoast SEO plugin v27.5 - https:\/\/yoast.com\/product\/yoast-seo-wordpress\/ -->\n<title>ES S\u00e9tif : Des d\u00e9parts et des arriv\u00e9es pour reb\u00e2tir l&rsquo;effectif - La Sentinelle<\/title>\n<meta name=\"robots\" content=\"index, follow, max-snippet:-1, max-image-preview:large, max-video-preview:-1\" \/>\n<link rel=\"canonical\" href=\"https:\/\/lasentinelle.dz\/index.php\/2025\/07\/21\/es-setif-des-departs-et-des-arrivees-pour-rebatir-leffectif\/\" \/>\n<meta property=\"og:locale\" content=\"fr_FR\" \/>\n<meta property=\"og:type\" content=\"article\" \/>\n<meta property=\"og:title\" content=\"ES S\u00e9tif : Des d\u00e9parts et des arriv\u00e9es pour reb\u00e2tir l&rsquo;effectif - La Sentinelle\" \/>\n<meta property=\"og:description\" content=\"L&rsquo;Entente sportive de S\u00e9tif vit actuellement une v\u00e9ritable r\u00e9volution sur le plan de son effectif professionnel. Apr\u00e8s une saison 2024-2025\" \/>\n<meta property=\"og:url\" content=\"https:\/\/lasentinelle.dz\/index.php\/2025\/07\/21\/es-setif-des-departs-et-des-arrivees-pour-rebatir-leffectif\/\" \/>\n<meta property=\"og:site_name\" content=\"La Sentinelle\" \/>\n<meta property=\"article:publisher\" content=\"https:\/\/www.facebook.com\/La-Sentinelle-104059864394773\" \/>\n<meta property=\"article:published_time\" content=\"2025-07-21T11:45:07+00:00\" \/>\n<meta property=\"article:modified_time\" content=\"2025-07-21T11:45:08+00:00\" \/>\n<meta property=\"og:image\" content=\"https:\/\/lasentinelle.dz\/wp-content\/uploads\/2025\/07\/ESS.jpg\" \/>\n\t<meta property=\"og:image:width\" content=\"1080\" \/>\n\t<meta property=\"og:image:height\" content=\"1080\" \/>\n\t<meta property=\"og:image:type\" content=\"image\/jpeg\" \/>\n<meta name=\"author\" content=\"admin\" \/>\n<meta name=\"twitter:card\" content=\"summary_large_image\" \/>\n<meta name=\"twitter:label1\" content=\"\u00c9crit par\" \/>\n\t<meta name=\"twitter:data1\" content=\"admin\" \/>\n\t<meta name=\"twitter:label2\" content=\"Dur\u00e9e de lecture estim\u00e9e\" \/>\n\t<meta name=\"twitter:data2\" content=\"3 minutes\" \/>\n<script type=\"application\/ld+json\" class=\"yoast-schema-graph\">{\"@context\":\"https:\\\/\\\/schema.org\",\"@graph\":[{\"@type\":\"Article\",\"@id\":\"https:\\\/\\\/lasentinelle.dz\\\/index.php\\\/2025\\\/07\\\/21\\\/es-setif-des-departs-et-des-arrivees-pour-rebatir-leffectif\\\/#article\",\"isPartOf\":{\"@id\":\"https:\\\/\\\/lasentinelle.dz\\\/index.php\\\/2025\\\/07\\\/21\\\/es-setif-des-departs-et-des-arrivees-pour-rebatir-leffectif\\\/\"},\"author\":{\"name\":\"admin\",\"@id\":\"https:\\\/\\\/lasentinelle.dz\\\/#\\\/schema\\\/person\\\/729ee0024f24e0b8c5ec17232f8e8b41\"},\"headline\":\"ES S\u00e9tif : Des d\u00e9parts et des arriv\u00e9es pour reb\u00e2tir l&rsquo;effectif\",\"datePublished\":\"2025-07-21T11:45:07+00:00\",\"dateModified\":\"2025-07-21T11:45:08+00:00\",\"mainEntityOfPage\":{\"@id\":\"https:\\\/\\\/lasentinelle.dz\\\/index.php\\\/2025\\\/07\\\/21\\\/es-setif-des-departs-et-des-arrivees-pour-rebatir-leffectif\\\/\"},\"wordCount\":624,\"commentCount\":0,\"publisher\":{\"@id\":\"https:\\\/\\\/lasentinelle.dz\\\/#organization\"},\"image\":{\"@id\":\"https:\\\/\\\/lasentinelle.dz\\\/index.php\\\/2025\\\/07\\\/21\\\/es-setif-des-departs-et-des-arrivees-pour-rebatir-leffectif\\\/#primaryimage\"},\"thumbnailUrl\":\"https:\\\/\\\/lasentinelle.dz\\\/wp-content\\\/uploads\\\/2025\\\/07\\\/ESS.jpg\",\"articleSection\":[\"Sports\"],\"inLanguage\":\"fr-FR\",\"potentialAction\":[{\"@type\":\"CommentAction\",\"name\":\"Comment\",\"target\":[\"https:\\\/\\\/lasentinelle.dz\\\/index.php\\\/2025\\\/07\\\/21\\\/es-setif-des-departs-et-des-arrivees-pour-rebatir-leffectif\\\/#respond\"]}]},{\"@type\":\"WebPage\",\"@id\":\"https:\\\/\\\/lasentinelle.dz\\\/index.php\\\/2025\\\/07\\\/21\\\/es-setif-des-departs-et-des-arrivees-pour-rebatir-leffectif\\\/\",\"url\":\"https:\\\/\\\/lasentinelle.dz\\\/index.php\\\/2025\\\/07\\\/21\\\/es-setif-des-departs-et-des-arrivees-pour-rebatir-leffectif\\\/\",\"name\":\"ES S\u00e9tif : Des d\u00e9parts et des arriv\u00e9es pour reb\u00e2tir l&rsquo;effectif - La Sentinelle\",\"isPartOf\":{\"@id\":\"https:\\\/\\\/lasentinelle.dz\\\/#website\"},\"primaryImageOfPage\":{\"@id\":\"https:\\\/\\\/lasentinelle.dz\\\/index.php\\\/2025\\\/07\\\/21\\\/es-setif-des-departs-et-des-arrivees-pour-rebatir-leffectif\\\/#primaryimage\"},\"image\":{\"@id\":\"https:\\\/\\\/lasentinelle.dz\\\/index.php\\\/2025\\\/07\\\/21\\\/es-setif-des-departs-et-des-arrivees-pour-rebatir-leffectif\\\/#primaryimage\"},\"thumbnailUrl\":\"https:\\\/\\\/lasentinelle.dz\\\/wp-content\\\/uploads\\\/2025\\\/07\\\/ESS.jpg\",\"datePublished\":\"2025-07-21T11:45:07+00:00\",\"dateModified\":\"2025-07-21T11:45:08+00:00\",\"breadcrumb\":{\"@id\":\"https:\\\/\\\/lasentinelle.dz\\\/index.php\\\/2025\\\/07\\\/21\\\/es-setif-des-departs-et-des-arrivees-pour-rebatir-leffectif\\\/#breadcrumb\"},\"inLanguage\":\"fr-FR\",\"potentialAction\":[{\"@type\":\"ReadAction\",\"target\":[\"https:\\\/\\\/lasentinelle.dz\\\/index.php\\\/2025\\\/07\\\/21\\\/es-setif-des-departs-et-des-arrivees-pour-rebatir-leffectif\\\/\"]}]},{\"@type\":\"ImageObject\",\"inLanguage\":\"fr-FR\",\"@id\":\"https:\\\/\\\/lasentinelle.dz\\\/index.php\\\/2025\\\/07\\\/21\\\/es-setif-des-departs-et-des-arrivees-pour-rebatir-leffectif\\\/#primaryimage\",\"url\":\"https:\\\/\\\/lasentinelle.dz\\\/wp-content\\\/uploads\\\/2025\\\/07\\\/ESS.jpg\",\"contentUrl\":\"https:\\\/\\\/lasentinelle.dz\\\/wp-content\\\/uploads\\\/2025\\\/07\\\/ESS.jpg\",\"width\":1080,\"height\":1080},{\"@type\":\"BreadcrumbList\",\"@id\":\"https:\\\/\\\/lasentinelle.dz\\\/index.php\\\/2025\\\/07\\\/21\\\/es-setif-des-departs-et-des-arrivees-pour-rebatir-leffectif\\\/#breadcrumb\",\"itemListElement\":[{\"@type\":\"ListItem\",\"position\":1,\"name\":\"Accueil\",\"item\":\"https:\\\/\\\/lasentinelle.dz\\\/\"},{\"@type\":\"ListItem\",\"position\":2,\"name\":\"ES S\u00e9tif : Des d\u00e9parts et des arriv\u00e9es pour reb\u00e2tir l&rsquo;effectif\"}]},{\"@type\":\"WebSite\",\"@id\":\"https:\\\/\\\/lasentinelle.dz\\\/#website\",\"url\":\"https:\\\/\\\/lasentinelle.dz\\\/\",\"name\":\"La Sentinelle\",\"description\":\"Quotidien national d&#039;information\",\"publisher\":{\"@id\":\"https:\\\/\\\/lasentinelle.dz\\\/#organization\"},\"potentialAction\":[{\"@type\":\"SearchAction\",\"target\":{\"@type\":\"EntryPoint\",\"urlTemplate\":\"https:\\\/\\\/lasentinelle.dz\\\/?s={search_term_string}\"},\"query-input\":{\"@type\":\"PropertyValueSpecification\",\"valueRequired\":true,\"valueName\":\"search_term_string\"}}],\"inLanguage\":\"fr-FR\"},{\"@type\":\"Organization\",\"@id\":\"https:\\\/\\\/lasentinelle.dz\\\/#organization\",\"name\":\"Quotidien La Sentinelle\",\"url\":\"https:\\\/\\\/lasentinelle.dz\\\/\",\"logo\":{\"@type\":\"ImageObject\",\"inLanguage\":\"fr-FR\",\"@id\":\"https:\\\/\\\/lasentinelle.dz\\\/#\\\/schema\\\/logo\\\/image\\\/\",\"url\":\"https:\\\/\\\/lasentinelle.dz\\\/wp-content\\\/uploads\\\/2021\\\/09\\\/logo-sentinelleSLOGAN-1.png\",\"contentUrl\":\"https:\\\/\\\/lasentinelle.dz\\\/wp-content\\\/uploads\\\/2021\\\/09\\\/logo-sentinelleSLOGAN-1.png\",\"width\":615,\"height\":142,\"caption\":\"Quotidien La Sentinelle\"},\"image\":{\"@id\":\"https:\\\/\\\/lasentinelle.dz\\\/#\\\/schema\\\/logo\\\/image\\\/\"},\"sameAs\":[\"https:\\\/\\\/www.facebook.com\\\/La-Sentinelle-104059864394773\"]},{\"@type\":\"Person\",\"@id\":\"https:\\\/\\\/lasentinelle.dz\\\/#\\\/schema\\\/person\\\/729ee0024f24e0b8c5ec17232f8e8b41\",\"name\":\"admin\",\"image\":{\"@type\":\"ImageObject\",\"inLanguage\":\"fr-FR\",\"@id\":\"https:\\\/\\\/secure.gravatar.com\\\/avatar\\\/4c81fed838786e9b53f540bf46533e750f5d292099ae3b66cfc6fb1982e29df7?s=96&d=mm&r=g\",\"url\":\"https:\\\/\\\/secure.gravatar.com\\\/avatar\\\/4c81fed838786e9b53f540bf46533e750f5d292099ae3b66cfc6fb1982e29df7?s=96&d=mm&r=g\",\"contentUrl\":\"https:\\\/\\\/secure.gravatar.com\\\/avatar\\\/4c81fed838786e9b53f540bf46533e750f5d292099ae3b66cfc6fb1982e29df7?s=96&d=mm&r=g\",\"caption\":\"admin\"},\"description\":\"admin\",\"url\":\"https:\\\/\\\/lasentinelle.dz\\\/author\\\/admin\\\/\"}]}<\/script>\n<!-- \/ Yoast SEO plugin. -->","yoast_head_json":{"title":"ES S\u00e9tif : Des d\u00e9parts et des arriv\u00e9es pour reb\u00e2tir l&rsquo;effectif - La Sentinelle","robots":{"index":"index","follow":"follow","max-snippet":"max-snippet:-1","max-image-preview":"max-image-preview:large","max-video-preview":"max-video-preview:-1"},"canonical":"https:\/\/lasentinelle.dz\/index.php\/2025\/07\/21\/es-setif-des-departs-et-des-arrivees-pour-rebatir-leffectif\/","og_locale":"fr_FR","og_type":"article","og_title":"ES S\u00e9tif : Des d\u00e9parts et des arriv\u00e9es pour reb\u00e2tir l&rsquo;effectif - La Sentinelle","og_description":"L&rsquo;Entente sportive de S\u00e9tif vit actuellement une v\u00e9ritable r\u00e9volution sur le plan de son effectif professionnel. Apr\u00e8s une saison 2024-2025","og_url":"https:\/\/lasentinelle.dz\/index.php\/2025\/07\/21\/es-setif-des-departs-et-des-arrivees-pour-rebatir-leffectif\/","og_site_name":"La Sentinelle","article_publisher":"https:\/\/www.facebook.com\/La-Sentinelle-104059864394773","article_published_time":"2025-07-21T11:45:07+00:00","article_modified_time":"2025-07-21T11:45:08+00:00","og_image":[{"width":1080,"height":1080,"url":"https:\/\/lasentinelle.dz\/wp-content\/uploads\/2025\/07\/ESS.jpg","type":"image\/jpeg"}],"author":"admin","twitter_card":"summary_large_image","twitter_misc":{"\u00c9crit par":"admin","Dur\u00e9e de lecture estim\u00e9e":"3 minutes"},"schema":{"@context":"https:\/\/schema.org","@graph":[{"@type":"Article","@id":"https:\/\/lasentinelle.dz\/index.php\/2025\/07\/21\/es-setif-des-departs-et-des-arrivees-pour-rebatir-leffectif\/#article","isPartOf":{"@id":"https:\/\/lasentinelle.dz\/index.php\/2025\/07\/21\/es-setif-des-departs-et-des-arrivees-pour-rebatir-leffectif\/"},"author":{"name":"admin","@id":"https:\/\/lasentinelle.dz\/#\/schema\/person\/729ee0024f24e0b8c5ec17232f8e8b41"},"headline":"ES S\u00e9tif : Des d\u00e9parts et des arriv\u00e9es pour reb\u00e2tir l&rsquo;effectif","datePublished":"2025-07-21T11:45:07+00:00","dateModified":"2025-07-21T11:45:08+00:00","mainEntityOfPage":{"@id":"https:\/\/lasentinelle.dz\/index.php\/2025\/07\/21\/es-setif-des-departs-et-des-arrivees-pour-rebatir-leffectif\/"},"wordCount":624,"commentCount":0,"publisher":{"@id":"https:\/\/lasentinelle.dz\/#organization"},"image":{"@id":"https:\/\/lasentinelle.dz\/index.php\/2025\/07\/21\/es-setif-des-departs-et-des-arrivees-pour-rebatir-leffectif\/#primaryimage"},"thumbnailUrl":"https:\/\/lasentinelle.dz\/wp-content\/uploads\/2025\/07\/ESS.jpg","articleSection":["Sports"],"inLanguage":"fr-FR","potentialAction":[{"@type":"CommentAction","name":"Comment","target":["https:\/\/lasentinelle.dz\/index.php\/2025\/07\/21\/es-setif-des-departs-et-des-arrivees-pour-rebatir-leffectif\/#respond"]}]},{"@type":"WebPage","@id":"https:\/\/lasentinelle.dz\/index.php\/2025\/07\/21\/es-setif-des-departs-et-des-arrivees-pour-rebatir-leffectif\/","url":"https:\/\/lasentinelle.dz\/index.php\/2025\/07\/21\/es-setif-des-departs-et-des-arrivees-pour-rebatir-leffectif\/","name":"ES S\u00e9tif : Des d\u00e9parts et des arriv\u00e9es pour reb\u00e2tir l&rsquo;effectif - La Sentinelle","isPartOf":{"@id":"https:\/\/lasentinelle.dz\/#website"},"primaryImageOfPage":{"@id":"https:\/\/lasentinelle.dz\/index.php\/2025\/07\/21\/es-setif-des-departs-et-des-arrivees-pour-rebatir-leffectif\/#primaryimage"},"image":{"@id":"https:\/\/lasentinelle.dz\/index.php\/2025\/07\/21\/es-setif-des-departs-et-des-arrivees-pour-rebatir-leffectif\/#primaryimage"},"thumbnailUrl":"https:\/\/lasentinelle.dz\/wp-content\/uploads\/2025\/07\/ESS.jpg","datePublished":"2025-07-21T11:45:07+00:00","dateModified":"2025-07-21T11:45:08+00:00","breadcrumb":{"@id":"https:\/\/lasentinelle.dz\/index.php\/2025\/07\/21\/es-setif-des-departs-et-des-arrivees-pour-rebatir-leffectif\/#breadcrumb"},"inLanguage":"fr-FR","potentialAction":[{"@type":"ReadAction","target":["https:\/\/lasentinelle.dz\/index.php\/2025\/07\/21\/es-setif-des-departs-et-des-arrivees-pour-rebatir-leffectif\/"]}]},{"@type":"ImageObject","inLanguage":"fr-FR","@id":"https:\/\/lasentinelle.dz\/index.php\/2025\/07\/21\/es-setif-des-departs-et-des-arrivees-pour-rebatir-leffectif\/#primaryimage","url":"https:\/\/lasentinelle.dz\/wp-content\/uploads\/2025\/07\/ESS.jpg","contentUrl":"https:\/\/lasentinelle.dz\/wp-content\/uploads\/2025\/07\/ESS.jpg","width":1080,"height":1080},{"@type":"BreadcrumbList","@id":"https:\/\/lasentinelle.dz\/index.php\/2025\/07\/21\/es-setif-des-departs-et-des-arrivees-pour-rebatir-leffectif\/#breadcrumb","itemListElement":[{"@type":"ListItem","position":1,"name":"Accueil","item":"https:\/\/lasentinelle.dz\/"},{"@type":"ListItem","position":2,"name":"ES S\u00e9tif : Des d\u00e9parts et des arriv\u00e9es pour reb\u00e2tir l&rsquo;effectif"}]},{"@type":"WebSite","@id":"https:\/\/lasentinelle.dz\/#website","url":"https:\/\/lasentinelle.dz\/","name":"La Sentinelle","description":"Quotidien national d&#039;information","publisher":{"@id":"https:\/\/lasentinelle.dz\/#organization"},"potentialAction":[{"@type":"SearchAction","target":{"@type":"EntryPoint","urlTemplate":"https:\/\/lasentinelle.dz\/?s={search_term_string}"},"query-input":{"@type":"PropertyValueSpecification","valueRequired":true,"valueName":"search_term_string"}}],"inLanguage":"fr-FR"},{"@type":"Organization","@id":"https:\/\/lasentinelle.dz\/#organization","name":"Quotidien La Sentinelle","url":"https:\/\/lasentinelle.dz\/","logo":{"@type":"ImageObject","inLanguage":"fr-FR","@id":"https:\/\/lasentinelle.dz\/#\/schema\/logo\/image\/","url":"https:\/\/lasentinelle.dz\/wp-content\/uploads\/2021\/09\/logo-sentinelleSLOGAN-1.png","contentUrl":"https:\/\/lasentinelle.dz\/wp-content\/uploads\/2021\/09\/logo-sentinelleSLOGAN-1.png","width":615,"height":142,"caption":"Quotidien La Sentinelle"},"image":{"@id":"https:\/\/lasentinelle.dz\/#\/schema\/logo\/image\/"},"sameAs":["https:\/\/www.facebook.com\/La-Sentinelle-104059864394773"]},{"@type":"Person","@id":"https:\/\/lasentinelle.dz\/#\/schema\/person\/729ee0024f24e0b8c5ec17232f8e8b41","name":"admin","image":{"@type":"ImageObject","inLanguage":"fr-FR","@id":"https:\/\/secure.gravatar.com\/avatar\/4c81fed838786e9b53f540bf46533e750f5d292099ae3b66cfc6fb1982e29df7?s=96&d=mm&r=g","url":"https:\/\/secure.gravatar.com\/avatar\/4c81fed838786e9b53f540bf46533e750f5d292099ae3b66cfc6fb1982e29df7?s=96&d=mm&r=g","contentUrl":"https:\/\/secure.gravatar.com\/avatar\/4c81fed838786e9b53f540bf46533e750f5d292099ae3b66cfc6fb1982e29df7?s=96&d=mm&r=g","caption":"admin"},"description":"admin","url":"https:\/\/lasentinelle.dz\/author\/admin\/"}]}},"_links":{"self":[{"href":"https:\/\/lasentinelle.dz\/index.php\/wp-json\/wp\/v2\/posts\/70650","targetHints":{"allow":["GET"]}}],"collection":[{"href":"https:\/\/lasentinelle.dz\/index.php\/wp-json\/wp\/v2\/posts"}],"about":[{"href":"https:\/\/lasentinelle.dz\/index.php\/wp-json\/wp\/v2\/types\/post"}],"author":[{"embeddable":true,"href":"https:\/\/lasentinelle.dz\/index.php\/wp-json\/wp\/v2\/users\/6"}],"replies":[{"embeddable":true,"href":"https:\/\/lasentinelle.dz\/index.php\/wp-json\/wp\/v2\/comments?post=70650"}],"version-history":[{"count":2,"href":"https:\/\/lasentinelle.dz\/index.php\/wp-json\/wp\/v2\/posts\/70650\/revisions"}],"predecessor-version":[{"id":70653,"href":"https:\/\/lasentinelle.dz\/index.php\/wp-json\/wp\/v2\/posts\/70650\/revisions\/70653"}],"wp:featuredmedia":[{"embeddable":true,"href":"https:\/\/lasentinelle.dz\/index.php\/wp-json\/wp\/v2\/media\/70651"}],"wp:attachment":[{"href":"https:\/\/lasentinelle.dz\/index.php\/wp-json\/wp\/v2\/media?parent=70650"}],"wp:term":[{"taxonomy":"category","embeddable":true,"href":"https:\/\/lasentinelle.dz\/index.php\/wp-json\/wp\/v2\/categories?post=70650"},{"taxonomy":"post_tag","embeddable":true,"href":"https:\/\/lasentinelle.dz\/index.php\/wp-json\/wp\/v2\/tags?post=70650"}],"curies":[{"name":"wp","href":"https:\/\/api.w.org\/{rel}","templated":true}]}}