{"id":70654,"date":"2025-07-21T12:45:56","date_gmt":"2025-07-21T11:45:56","guid":{"rendered":"https:\/\/lasentinelle.dz\/?p=70654"},"modified":"2025-07-21T12:45:57","modified_gmt":"2025-07-21T11:45:57","slug":"can-feminine-2024-fin-de-laventure-des-verts-en-quarts","status":"publish","type":"post","link":"https:\/\/lasentinelle.dz\/index.php\/2025\/07\/21\/can-feminine-2024-fin-de-laventure-des-verts-en-quarts\/","title":{"rendered":"CAN F\u00e9minine 2024 : Fin de l&rsquo;aventure des Verts en quarts"},"content":{"rendered":"\n<p>L&rsquo;aventure des Vertes \u00e0 la quinzi\u00e8me \u00e9dition de la Coupe d&rsquo;Afrique des nations f\u00e9minine, initialement pr\u00e9vue en 2024 mais d\u00e9cal\u00e9e \u00e0 2025, s&rsquo;est achev\u00e9e samedi dans la douleur au stade municipal de Berkane.<\/p>\n\n\n\n<p>Apr\u00e8s cent vingt minutes d&rsquo;un combat acharn\u00e9 mais st\u00e9rile face au Ghana, les Fennecs ont finalement succomb\u00e9 lors de la cruelle s\u00e9ance de tirs au but (4-2), mettant un terme \u00e0 leur parcours historique dans cette comp\u00e9tition continentale. Pour la premi\u00e8re fois de leur histoire, les joueuses dirig\u00e9es par Farid Benstiti avaient r\u00e9ussi \u00e0 franchir le cap du premier tour, exploit d&rsquo;autant plus remarquable qu&rsquo;il intervenait apr\u00e8s cinq \u00e9liminations cons\u00e9cutives d\u00e8s la phase de groupes en 2004, 2006, 2010, 2014 et 2018. Cette qualification in\u00e9dite pour les quarts de finale avait \u00e9t\u00e9 arrach\u00e9e au terme d&rsquo;un premier tour ma\u00eetris\u00e9 dans le groupe B, o\u00f9 l&rsquo;Alg\u00e9rie avait termin\u00e9 \u00e0 la deuxi\u00e8me place gr\u00e2ce \u00e0 une victoire pr\u00e9cieuse face au Botswana (1-0) et deux matches nuls honorables contre la Tunisie et le redoutable Nigeria, sur le m\u00eame score vierge de 0-0. Samedi, face aux Black Queens du Ghana, les Vertes ont livr\u00e9 une prestation courageuse mais manquant de tranchant dans le dernier tiers du terrain. Priv\u00e9es de leur cr\u00e9atrice Na\u00efma Bouhani, bless\u00e9e, les Alg\u00e9riennes ont pein\u00e9 \u00e0 se cr\u00e9er des occasions franches malgr\u00e9 une possession de balle l\u00e9g\u00e8rement sup\u00e9rieure \u00e0 leurs adversaires. La gardienne Ze\u00efneb Adjroudi et la d\u00e9fense alg\u00e9rienne ont longtemps tenu bon face aux assauts ghan\u00e9ens, plus incisifs dans les zones de v\u00e9rit\u00e9. Mais lors de l&rsquo;exercice impitoyable des penalties, les nerfs alg\u00e9riens ont craqu\u00e9, offrant la qualification aux Ghan\u00e9ennes qui affronteront d\u00e9sormais le Maroc en demi-finale mardi 22 juillet. Cette \u00e9limination, aussi cruelle soit-elle, ne saurait occulter les progr\u00e8s consid\u00e9rables r\u00e9alis\u00e9s par le football f\u00e9minin alg\u00e9rien. En atteignant pour la premi\u00e8re fois les quarts de finale d&rsquo;une CAN, cette g\u00e9n\u00e9ration de joueuses a ouvert la voie et nourri de nouveaux espoirs pour l&rsquo;avenir. Les autres quarts de finale ont \u00e9galement r\u00e9serv\u00e9 leur lot d&rsquo;\u00e9motions, avec notamment la qualification de l&rsquo;Afrique du Sud, championne en titre, qui a domin\u00e9 le S\u00e9n\u00e9gal aux tirs au but (4-1) apr\u00e8s un nouveau score vierge de 0-0. Les Banyana Banyana retrouveront en demi-finale le Nigeria, tombeur de la Zambie sur le score fleuve de 5-0. De l&rsquo;autre c\u00f4t\u00e9 du tableau, le Maroc, pays organisateur, aura fort \u00e0 faire face \u00e0 un Ghana revigor\u00e9 par son succ\u00e8s face \u00e0 l&rsquo;Alg\u00e9rie. La finale de cette CAN f\u00e9minine 2024 d\u00e9cal\u00e9e \u00e0 2025 se d\u00e9roulera samedi 26 juillet, au terme d&rsquo;un tournoi qui aura vu douze s\u00e9lections s&rsquo;affronter dans un premier tour organis\u00e9 en trois groupes de quatre \u00e9quipes, les deux premiers de chaque poule et les deux meilleurs troisi\u00e8mes acc\u00e9dant aux quarts de finale. Malgr\u00e9 la d\u00e9ception de l&rsquo;\u00e9limination, l&rsquo;Alg\u00e9rie repart de la CAN avec une exp\u00e9rience inestimable et la certitude d&rsquo;avoir franchi un cap d\u00e9cisif dans son d\u00e9veloppement footballistique au f\u00e9minin.<\/p>\n\n\n\n<p>Moncef D.<\/p>\n","protected":false},"excerpt":{"rendered":"<p>L&rsquo;aventure des Vertes \u00e0 la quinzi\u00e8me \u00e9dition de la Coupe d&rsquo;Afrique des nations f\u00e9minine, initialement pr\u00e9vue en 2024 mais d\u00e9cal\u00e9e<\/p>\n","protected":false},"author":6,"featured_media":70655,"comment_status":"open","ping_status":"closed","sticky":false,"template":"","format":"standard","meta":{"colormag_page_container_layout":"default_layout","colormag_page_sidebar_layout":"default_layout","om_disable_all_campaigns":false,"_monsterinsights_skip_tracking":false,"_monsterinsights_sitenote_active":false,"_monsterinsights_sitenote_note":"","_monsterinsights_sitenote_category":0,"footnotes":"","_wpscppro_dont_share_socialmedia":false,"_wpscppro_custom_social_share_image":0,"_facebook_share_type":"default","_twitter_share_type":"default","_linkedin_share_type":"default","_pinterest_share_type":"default","_linkedin_share_type_page":"","_instagram_share_type":"default","_medium_share_type":"default","_threads_share_type":"","_google_business_share_type":"","_selected_social_profile":[],"_wpsp_enable_custom_social_template":false,"_wpsp_social_scheduling":{"enabled":false,"datetime":null,"platforms":[],"status":"template_only","dateOption":"today","timeOption":"now","customDays":"","customHours":"","customDate":"","customTime":"","schedulingType":"absolute"},"_wpsp_active_default_template":true},"categories":[33],"tags":[],"class_list":["post-70654","post","type-post","status-publish","format-standard","has-post-thumbnail","hentry","category-sports"],"aioseo_notices":[],"yoast_head":"<!-- This site is optimized with the Yoast SEO plugin v27.5 - https:\/\/yoast.com\/product\/yoast-seo-wordpress\/ -->\n<title>CAN F\u00e9minine 2024 : Fin de l&rsquo;aventure des Verts en quarts - La Sentinelle<\/title>\n<meta name=\"robots\" content=\"index, follow, max-snippet:-1, max-image-preview:large, max-video-preview:-1\" \/>\n<link rel=\"canonical\" href=\"https:\/\/lasentinelle.dz\/index.php\/2025\/07\/21\/can-feminine-2024-fin-de-laventure-des-verts-en-quarts\/\" \/>\n<meta property=\"og:locale\" content=\"fr_FR\" \/>\n<meta property=\"og:type\" content=\"article\" \/>\n<meta property=\"og:title\" content=\"CAN F\u00e9minine 2024 : Fin de l&rsquo;aventure des Verts en quarts - La Sentinelle\" \/>\n<meta property=\"og:description\" content=\"L&rsquo;aventure des Vertes \u00e0 la quinzi\u00e8me \u00e9dition de la Coupe d&rsquo;Afrique des nations f\u00e9minine, initialement pr\u00e9vue en 2024 mais d\u00e9cal\u00e9e\" \/>\n<meta property=\"og:url\" content=\"https:\/\/lasentinelle.dz\/index.php\/2025\/07\/21\/can-feminine-2024-fin-de-laventure-des-verts-en-quarts\/\" \/>\n<meta property=\"og:site_name\" content=\"La Sentinelle\" \/>\n<meta property=\"article:publisher\" content=\"https:\/\/www.facebook.com\/La-Sentinelle-104059864394773\" \/>\n<meta property=\"article:published_time\" content=\"2025-07-21T11:45:56+00:00\" \/>\n<meta property=\"article:modified_time\" content=\"2025-07-21T11:45:57+00:00\" \/>\n<meta property=\"og:image\" content=\"https:\/\/lasentinelle.dz\/wp-content\/uploads\/2025\/07\/Dames-5.jpg\" \/>\n\t<meta property=\"og:image:width\" content=\"1831\" \/>\n\t<meta property=\"og:image:height\" content=\"1220\" \/>\n\t<meta property=\"og:image:type\" content=\"image\/jpeg\" \/>\n<meta name=\"author\" content=\"admin\" \/>\n<meta name=\"twitter:card\" content=\"summary_large_image\" \/>\n<meta name=\"twitter:label1\" content=\"\u00c9crit par\" \/>\n\t<meta name=\"twitter:data1\" content=\"admin\" \/>\n\t<meta name=\"twitter:label2\" content=\"Dur\u00e9e de lecture estim\u00e9e\" \/>\n\t<meta name=\"twitter:data2\" content=\"3 minutes\" \/>\n<script type=\"application\/ld+json\" class=\"yoast-schema-graph\">{\"@context\":\"https:\\\/\\\/schema.org\",\"@graph\":[{\"@type\":\"Article\",\"@id\":\"https:\\\/\\\/lasentinelle.dz\\\/index.php\\\/2025\\\/07\\\/21\\\/can-feminine-2024-fin-de-laventure-des-verts-en-quarts\\\/#article\",\"isPartOf\":{\"@id\":\"https:\\\/\\\/lasentinelle.dz\\\/index.php\\\/2025\\\/07\\\/21\\\/can-feminine-2024-fin-de-laventure-des-verts-en-quarts\\\/\"},\"author\":{\"name\":\"admin\",\"@id\":\"https:\\\/\\\/lasentinelle.dz\\\/#\\\/schema\\\/person\\\/729ee0024f24e0b8c5ec17232f8e8b41\"},\"headline\":\"CAN F\u00e9minine 2024 : Fin de l&rsquo;aventure des Verts en quarts\",\"datePublished\":\"2025-07-21T11:45:56+00:00\",\"dateModified\":\"2025-07-21T11:45:57+00:00\",\"mainEntityOfPage\":{\"@id\":\"https:\\\/\\\/lasentinelle.dz\\\/index.php\\\/2025\\\/07\\\/21\\\/can-feminine-2024-fin-de-laventure-des-verts-en-quarts\\\/\"},\"wordCount\":559,\"commentCount\":0,\"publisher\":{\"@id\":\"https:\\\/\\\/lasentinelle.dz\\\/#organization\"},\"image\":{\"@id\":\"https:\\\/\\\/lasentinelle.dz\\\/index.php\\\/2025\\\/07\\\/21\\\/can-feminine-2024-fin-de-laventure-des-verts-en-quarts\\\/#primaryimage\"},\"thumbnailUrl\":\"https:\\\/\\\/lasentinelle.dz\\\/wp-content\\\/uploads\\\/2025\\\/07\\\/Dames-5.jpg\",\"articleSection\":[\"Sports\"],\"inLanguage\":\"fr-FR\",\"potentialAction\":[{\"@type\":\"CommentAction\",\"name\":\"Comment\",\"target\":[\"https:\\\/\\\/lasentinelle.dz\\\/index.php\\\/2025\\\/07\\\/21\\\/can-feminine-2024-fin-de-laventure-des-verts-en-quarts\\\/#respond\"]}]},{\"@type\":\"WebPage\",\"@id\":\"https:\\\/\\\/lasentinelle.dz\\\/index.php\\\/2025\\\/07\\\/21\\\/can-feminine-2024-fin-de-laventure-des-verts-en-quarts\\\/\",\"url\":\"https:\\\/\\\/lasentinelle.dz\\\/index.php\\\/2025\\\/07\\\/21\\\/can-feminine-2024-fin-de-laventure-des-verts-en-quarts\\\/\",\"name\":\"CAN F\u00e9minine 2024 : Fin de l&rsquo;aventure des Verts en quarts - La Sentinelle\",\"isPartOf\":{\"@id\":\"https:\\\/\\\/lasentinelle.dz\\\/#website\"},\"primaryImageOfPage\":{\"@id\":\"https:\\\/\\\/lasentinelle.dz\\\/index.php\\\/2025\\\/07\\\/21\\\/can-feminine-2024-fin-de-laventure-des-verts-en-quarts\\\/#primaryimage\"},\"image\":{\"@id\":\"https:\\\/\\\/lasentinelle.dz\\\/index.php\\\/2025\\\/07\\\/21\\\/can-feminine-2024-fin-de-laventure-des-verts-en-quarts\\\/#primaryimage\"},\"thumbnailUrl\":\"https:\\\/\\\/lasentinelle.dz\\\/wp-content\\\/uploads\\\/2025\\\/07\\\/Dames-5.jpg\",\"datePublished\":\"2025-07-21T11:45:56+00:00\",\"dateModified\":\"2025-07-21T11:45:57+00:00\",\"breadcrumb\":{\"@id\":\"https:\\\/\\\/lasentinelle.dz\\\/index.php\\\/2025\\\/07\\\/21\\\/can-feminine-2024-fin-de-laventure-des-verts-en-quarts\\\/#breadcrumb\"},\"inLanguage\":\"fr-FR\",\"potentialAction\":[{\"@type\":\"ReadAction\",\"target\":[\"https:\\\/\\\/lasentinelle.dz\\\/index.php\\\/2025\\\/07\\\/21\\\/can-feminine-2024-fin-de-laventure-des-verts-en-quarts\\\/\"]}]},{\"@type\":\"ImageObject\",\"inLanguage\":\"fr-FR\",\"@id\":\"https:\\\/\\\/lasentinelle.dz\\\/index.php\\\/2025\\\/07\\\/21\\\/can-feminine-2024-fin-de-laventure-des-verts-en-quarts\\\/#primaryimage\",\"url\":\"https:\\\/\\\/lasentinelle.dz\\\/wp-content\\\/uploads\\\/2025\\\/07\\\/Dames-5.jpg\",\"contentUrl\":\"https:\\\/\\\/lasentinelle.dz\\\/wp-content\\\/uploads\\\/2025\\\/07\\\/Dames-5.jpg\",\"width\":1831,\"height\":1220},{\"@type\":\"BreadcrumbList\",\"@id\":\"https:\\\/\\\/lasentinelle.dz\\\/index.php\\\/2025\\\/07\\\/21\\\/can-feminine-2024-fin-de-laventure-des-verts-en-quarts\\\/#breadcrumb\",\"itemListElement\":[{\"@type\":\"ListItem\",\"position\":1,\"name\":\"Accueil\",\"item\":\"https:\\\/\\\/lasentinelle.dz\\\/\"},{\"@type\":\"ListItem\",\"position\":2,\"name\":\"CAN F\u00e9minine 2024 : Fin de l&rsquo;aventure des Verts en quarts\"}]},{\"@type\":\"WebSite\",\"@id\":\"https:\\\/\\\/lasentinelle.dz\\\/#website\",\"url\":\"https:\\\/\\\/lasentinelle.dz\\\/\",\"name\":\"La Sentinelle\",\"description\":\"Quotidien national d&#039;information\",\"publisher\":{\"@id\":\"https:\\\/\\\/lasentinelle.dz\\\/#organization\"},\"potentialAction\":[{\"@type\":\"SearchAction\",\"target\":{\"@type\":\"EntryPoint\",\"urlTemplate\":\"https:\\\/\\\/lasentinelle.dz\\\/?s={search_term_string}\"},\"query-input\":{\"@type\":\"PropertyValueSpecification\",\"valueRequired\":true,\"valueName\":\"search_term_string\"}}],\"inLanguage\":\"fr-FR\"},{\"@type\":\"Organization\",\"@id\":\"https:\\\/\\\/lasentinelle.dz\\\/#organization\",\"name\":\"Quotidien La Sentinelle\",\"url\":\"https:\\\/\\\/lasentinelle.dz\\\/\",\"logo\":{\"@type\":\"ImageObject\",\"inLanguage\":\"fr-FR\",\"@id\":\"https:\\\/\\\/lasentinelle.dz\\\/#\\\/schema\\\/logo\\\/image\\\/\",\"url\":\"https:\\\/\\\/lasentinelle.dz\\\/wp-content\\\/uploads\\\/2021\\\/09\\\/logo-sentinelleSLOGAN-1.png\",\"contentUrl\":\"https:\\\/\\\/lasentinelle.dz\\\/wp-content\\\/uploads\\\/2021\\\/09\\\/logo-sentinelleSLOGAN-1.png\",\"width\":615,\"height\":142,\"caption\":\"Quotidien La Sentinelle\"},\"image\":{\"@id\":\"https:\\\/\\\/lasentinelle.dz\\\/#\\\/schema\\\/logo\\\/image\\\/\"},\"sameAs\":[\"https:\\\/\\\/www.facebook.com\\\/La-Sentinelle-104059864394773\"]},{\"@type\":\"Person\",\"@id\":\"https:\\\/\\\/lasentinelle.dz\\\/#\\\/schema\\\/person\\\/729ee0024f24e0b8c5ec17232f8e8b41\",\"name\":\"admin\",\"image\":{\"@type\":\"ImageObject\",\"inLanguage\":\"fr-FR\",\"@id\":\"https:\\\/\\\/secure.gravatar.com\\\/avatar\\\/4c81fed838786e9b53f540bf46533e750f5d292099ae3b66cfc6fb1982e29df7?s=96&d=mm&r=g\",\"url\":\"https:\\\/\\\/secure.gravatar.com\\\/avatar\\\/4c81fed838786e9b53f540bf46533e750f5d292099ae3b66cfc6fb1982e29df7?s=96&d=mm&r=g\",\"contentUrl\":\"https:\\\/\\\/secure.gravatar.com\\\/avatar\\\/4c81fed838786e9b53f540bf46533e750f5d292099ae3b66cfc6fb1982e29df7?s=96&d=mm&r=g\",\"caption\":\"admin\"},\"description\":\"admin\",\"url\":\"https:\\\/\\\/lasentinelle.dz\\\/author\\\/admin\\\/\"}]}<\/script>\n<!-- \/ Yoast SEO plugin. -->","yoast_head_json":{"title":"CAN F\u00e9minine 2024 : Fin de l&rsquo;aventure des Verts en quarts - La Sentinelle","robots":{"index":"index","follow":"follow","max-snippet":"max-snippet:-1","max-image-preview":"max-image-preview:large","max-video-preview":"max-video-preview:-1"},"canonical":"https:\/\/lasentinelle.dz\/index.php\/2025\/07\/21\/can-feminine-2024-fin-de-laventure-des-verts-en-quarts\/","og_locale":"fr_FR","og_type":"article","og_title":"CAN F\u00e9minine 2024 : Fin de l&rsquo;aventure des Verts en quarts - La Sentinelle","og_description":"L&rsquo;aventure des Vertes \u00e0 la quinzi\u00e8me \u00e9dition de la Coupe d&rsquo;Afrique des nations f\u00e9minine, initialement pr\u00e9vue en 2024 mais d\u00e9cal\u00e9e","og_url":"https:\/\/lasentinelle.dz\/index.php\/2025\/07\/21\/can-feminine-2024-fin-de-laventure-des-verts-en-quarts\/","og_site_name":"La Sentinelle","article_publisher":"https:\/\/www.facebook.com\/La-Sentinelle-104059864394773","article_published_time":"2025-07-21T11:45:56+00:00","article_modified_time":"2025-07-21T11:45:57+00:00","og_image":[{"width":1831,"height":1220,"url":"https:\/\/lasentinelle.dz\/wp-content\/uploads\/2025\/07\/Dames-5.jpg","type":"image\/jpeg"}],"author":"admin","twitter_card":"summary_large_image","twitter_misc":{"\u00c9crit par":"admin","Dur\u00e9e de lecture estim\u00e9e":"3 minutes"},"schema":{"@context":"https:\/\/schema.org","@graph":[{"@type":"Article","@id":"https:\/\/lasentinelle.dz\/index.php\/2025\/07\/21\/can-feminine-2024-fin-de-laventure-des-verts-en-quarts\/#article","isPartOf":{"@id":"https:\/\/lasentinelle.dz\/index.php\/2025\/07\/21\/can-feminine-2024-fin-de-laventure-des-verts-en-quarts\/"},"author":{"name":"admin","@id":"https:\/\/lasentinelle.dz\/#\/schema\/person\/729ee0024f24e0b8c5ec17232f8e8b41"},"headline":"CAN F\u00e9minine 2024 : Fin de l&rsquo;aventure des Verts en quarts","datePublished":"2025-07-21T11:45:56+00:00","dateModified":"2025-07-21T11:45:57+00:00","mainEntityOfPage":{"@id":"https:\/\/lasentinelle.dz\/index.php\/2025\/07\/21\/can-feminine-2024-fin-de-laventure-des-verts-en-quarts\/"},"wordCount":559,"commentCount":0,"publisher":{"@id":"https:\/\/lasentinelle.dz\/#organization"},"image":{"@id":"https:\/\/lasentinelle.dz\/index.php\/2025\/07\/21\/can-feminine-2024-fin-de-laventure-des-verts-en-quarts\/#primaryimage"},"thumbnailUrl":"https:\/\/lasentinelle.dz\/wp-content\/uploads\/2025\/07\/Dames-5.jpg","articleSection":["Sports"],"inLanguage":"fr-FR","potentialAction":[{"@type":"CommentAction","name":"Comment","target":["https:\/\/lasentinelle.dz\/index.php\/2025\/07\/21\/can-feminine-2024-fin-de-laventure-des-verts-en-quarts\/#respond"]}]},{"@type":"WebPage","@id":"https:\/\/lasentinelle.dz\/index.php\/2025\/07\/21\/can-feminine-2024-fin-de-laventure-des-verts-en-quarts\/","url":"https:\/\/lasentinelle.dz\/index.php\/2025\/07\/21\/can-feminine-2024-fin-de-laventure-des-verts-en-quarts\/","name":"CAN F\u00e9minine 2024 : Fin de l&rsquo;aventure des Verts en quarts - La Sentinelle","isPartOf":{"@id":"https:\/\/lasentinelle.dz\/#website"},"primaryImageOfPage":{"@id":"https:\/\/lasentinelle.dz\/index.php\/2025\/07\/21\/can-feminine-2024-fin-de-laventure-des-verts-en-quarts\/#primaryimage"},"image":{"@id":"https:\/\/lasentinelle.dz\/index.php\/2025\/07\/21\/can-feminine-2024-fin-de-laventure-des-verts-en-quarts\/#primaryimage"},"thumbnailUrl":"https:\/\/lasentinelle.dz\/wp-content\/uploads\/2025\/07\/Dames-5.jpg","datePublished":"2025-07-21T11:45:56+00:00","dateModified":"2025-07-21T11:45:57+00:00","breadcrumb":{"@id":"https:\/\/lasentinelle.dz\/index.php\/2025\/07\/21\/can-feminine-2024-fin-de-laventure-des-verts-en-quarts\/#breadcrumb"},"inLanguage":"fr-FR","potentialAction":[{"@type":"ReadAction","target":["https:\/\/lasentinelle.dz\/index.php\/2025\/07\/21\/can-feminine-2024-fin-de-laventure-des-verts-en-quarts\/"]}]},{"@type":"ImageObject","inLanguage":"fr-FR","@id":"https:\/\/lasentinelle.dz\/index.php\/2025\/07\/21\/can-feminine-2024-fin-de-laventure-des-verts-en-quarts\/#primaryimage","url":"https:\/\/lasentinelle.dz\/wp-content\/uploads\/2025\/07\/Dames-5.jpg","contentUrl":"https:\/\/lasentinelle.dz\/wp-content\/uploads\/2025\/07\/Dames-5.jpg","width":1831,"height":1220},{"@type":"BreadcrumbList","@id":"https:\/\/lasentinelle.dz\/index.php\/2025\/07\/21\/can-feminine-2024-fin-de-laventure-des-verts-en-quarts\/#breadcrumb","itemListElement":[{"@type":"ListItem","position":1,"name":"Accueil","item":"https:\/\/lasentinelle.dz\/"},{"@type":"ListItem","position":2,"name":"CAN F\u00e9minine 2024 : Fin de l&rsquo;aventure des Verts en quarts"}]},{"@type":"WebSite","@id":"https:\/\/lasentinelle.dz\/#website","url":"https:\/\/lasentinelle.dz\/","name":"La Sentinelle","description":"Quotidien national d&#039;information","publisher":{"@id":"https:\/\/lasentinelle.dz\/#organization"},"potentialAction":[{"@type":"SearchAction","target":{"@type":"EntryPoint","urlTemplate":"https:\/\/lasentinelle.dz\/?s={search_term_string}"},"query-input":{"@type":"PropertyValueSpecification","valueRequired":true,"valueName":"search_term_string"}}],"inLanguage":"fr-FR"},{"@type":"Organization","@id":"https:\/\/lasentinelle.dz\/#organization","name":"Quotidien La Sentinelle","url":"https:\/\/lasentinelle.dz\/","logo":{"@type":"ImageObject","inLanguage":"fr-FR","@id":"https:\/\/lasentinelle.dz\/#\/schema\/logo\/image\/","url":"https:\/\/lasentinelle.dz\/wp-content\/uploads\/2021\/09\/logo-sentinelleSLOGAN-1.png","contentUrl":"https:\/\/lasentinelle.dz\/wp-content\/uploads\/2021\/09\/logo-sentinelleSLOGAN-1.png","width":615,"height":142,"caption":"Quotidien La Sentinelle"},"image":{"@id":"https:\/\/lasentinelle.dz\/#\/schema\/logo\/image\/"},"sameAs":["https:\/\/www.facebook.com\/La-Sentinelle-104059864394773"]},{"@type":"Person","@id":"https:\/\/lasentinelle.dz\/#\/schema\/person\/729ee0024f24e0b8c5ec17232f8e8b41","name":"admin","image":{"@type":"ImageObject","inLanguage":"fr-FR","@id":"https:\/\/secure.gravatar.com\/avatar\/4c81fed838786e9b53f540bf46533e750f5d292099ae3b66cfc6fb1982e29df7?s=96&d=mm&r=g","url":"https:\/\/secure.gravatar.com\/avatar\/4c81fed838786e9b53f540bf46533e750f5d292099ae3b66cfc6fb1982e29df7?s=96&d=mm&r=g","contentUrl":"https:\/\/secure.gravatar.com\/avatar\/4c81fed838786e9b53f540bf46533e750f5d292099ae3b66cfc6fb1982e29df7?s=96&d=mm&r=g","caption":"admin"},"description":"admin","url":"https:\/\/lasentinelle.dz\/author\/admin\/"}]}},"_links":{"self":[{"href":"https:\/\/lasentinelle.dz\/index.php\/wp-json\/wp\/v2\/posts\/70654","targetHints":{"allow":["GET"]}}],"collection":[{"href":"https:\/\/lasentinelle.dz\/index.php\/wp-json\/wp\/v2\/posts"}],"about":[{"href":"https:\/\/lasentinelle.dz\/index.php\/wp-json\/wp\/v2\/types\/post"}],"author":[{"embeddable":true,"href":"https:\/\/lasentinelle.dz\/index.php\/wp-json\/wp\/v2\/users\/6"}],"replies":[{"embeddable":true,"href":"https:\/\/lasentinelle.dz\/index.php\/wp-json\/wp\/v2\/comments?post=70654"}],"version-history":[{"count":2,"href":"https:\/\/lasentinelle.dz\/index.php\/wp-json\/wp\/v2\/posts\/70654\/revisions"}],"predecessor-version":[{"id":70657,"href":"https:\/\/lasentinelle.dz\/index.php\/wp-json\/wp\/v2\/posts\/70654\/revisions\/70657"}],"wp:featuredmedia":[{"embeddable":true,"href":"https:\/\/lasentinelle.dz\/index.php\/wp-json\/wp\/v2\/media\/70655"}],"wp:attachment":[{"href":"https:\/\/lasentinelle.dz\/index.php\/wp-json\/wp\/v2\/media?parent=70654"}],"wp:term":[{"taxonomy":"category","embeddable":true,"href":"https:\/\/lasentinelle.dz\/index.php\/wp-json\/wp\/v2\/categories?post=70654"},{"taxonomy":"post_tag","embeddable":true,"href":"https:\/\/lasentinelle.dz\/index.php\/wp-json\/wp\/v2\/tags?post=70654"}],"curies":[{"name":"wp","href":"https:\/\/api.w.org\/{rel}","templated":true}]}}