{"id":70658,"date":"2025-07-21T12:46:54","date_gmt":"2025-07-21T11:46:54","guid":{"rendered":"https:\/\/lasentinelle.dz\/?p=70658"},"modified":"2025-07-21T12:46:55","modified_gmt":"2025-07-21T11:46:55","slug":"chan-2025-7-internationaux-dans-la-liste-de-bougherra","status":"publish","type":"post","link":"https:\/\/lasentinelle.dz\/index.php\/2025\/07\/21\/chan-2025-7-internationaux-dans-la-liste-de-bougherra\/","title":{"rendered":"CHAN 2025 \u00a0: 7 internationaux dans la liste de Bougherra"},"content":{"rendered":"\n<p>L&rsquo;Alg\u00e9rie se pr\u00e9pare s\u00e9rieusement pour le Championnat d&rsquo;Afrique des nations pr\u00e9vu du 2 au 30 ao\u00fbt prochains au Kenya, en Tanzanie et en Ouganda. Le s\u00e9lectionneur national Madjid Bougherra a d\u00e9voil\u00e9 samedi soir sa premi\u00e8re liste de 28 joueurs pour ce tournoi continental r\u00e9serv\u00e9 aux joueurs locaux.<\/p>\n\n\n\n<p>La F\u00e9d\u00e9ration alg\u00e9rienne de football (FAF) a officialis\u00e9 cette pr\u00e9s\u00e9lection qui entrera en stage d\u00e8s dimanche au Centre technique national de Sidi Moussa. Un effectif qui pourra encore faire l&rsquo;objet de modifications avant l&rsquo;envoi de la liste d\u00e9finitive \u00e0 la CAF, fix\u00e9 au 22 juillet prochain. Sans surprise, les formations du championnat national les plus performantes dominent cette s\u00e9lection. Le MC Alger et le CR Belouizdad trustent la premi\u00e8re place avec six joueurs chacun, suivis par l&rsquo;USM Alger qui place cinq de ses \u00e9l\u00e9ments. Une r\u00e9partition logique qui refl\u00e8te la hi\u00e9rarchie du football alg\u00e9rien et garantit une certaine coh\u00e9sion collective. Parmi les choix marquants de Bougherra, la pr\u00e9sence de sept internationaux A confirme l&rsquo;ambition alg\u00e9rienne pour ce CHAN 2025. Zakaria Bouhalfaya (CSC), Ilyes Chetti (USMA), Naoufel Khacef (CRB), Abdelraouf Benguit (CRB), Mohamed Benkhemassa (MCA), Abderrahmane Meziane (CRB) et Aymen Mahious (CRB) apportent leur exp\u00e9rience du haut niveau international.<\/p>\n\n\n\n<p>L&rsquo;absence la plus comment\u00e9e reste celle d&rsquo;Adil Boulbina, meilleur buteur de la derni\u00e8re saison du championnat d&rsquo;Alg\u00e9rie avec 20 r\u00e9alisations. Le jeune attaquant de 22 ans, \u00e9l\u00e9ment cl\u00e9 lors des barrages de qualification contre la Gambie, n&rsquo;est plus \u00e9ligible depuis son transfert vers Al-Duhail au Qatar, o\u00f9 il a rejoint Djamel Belmadi le mois dernier.<\/p>\n\n\n\n<p>En revanche, Lahlou Akhrib conserve sa place et sera l&rsquo;un des atouts offensifs majeurs de cette s\u00e9lection locale. Le joueur de la JSK, r\u00e9guli\u00e8rement performant ces derniers mois, devra porter les espoirs de marquage alg\u00e9riens.<\/p>\n\n\n\n<p>La situation d&rsquo;Aymen Mahious soul\u00e8ve quelques interrogations. Le joueur, actuellement en fin de pr\u00eat au CR Belouizdad, doit th\u00e9oriquement regagner Yverdon en Suisse. Cette incertitude contractuelle pourrait compromettre sa participation au tournoi, strictement r\u00e9serv\u00e9 aux joueurs \u00e9voluant dans les championnats africains. Plusieurs \u00e9l\u00e9ments ayant particip\u00e9 aux barrages victorieux contre la Gambie (0-0, 3-0) ne figurent plus dans cette nouvelle liste. Les gardiens Oussama Benbot et Abdelatif Ramdane c\u00e8dent leur place \u00e0 Abderrahmane Medjadel (ASO), tandis qu&rsquo;en d\u00e9fense, Mohamed Reda Hamidi, Choua\u00efb Keddad ou encore Imadeddine Azzi sont \u00e9vinc\u00e9s.<\/p>\n\n\n\n<p>Au milieu de terrain, Salah Bouchama et Brahim Dib laissent leurs places \u00e0 Akram Bouras (MCA), Zakaria Draoui (MCA) et Messala Merbah (CSC). Ces changements t\u00e9moignent de la volont\u00e9 du s\u00e9lectionneur d&rsquo;affiner son groupe et d&rsquo;int\u00e9grer les joueurs les plus en forme.<\/p>\n\n\n\n<p><strong>Un programme de pr\u00e9paration intense<\/strong><\/p>\n\n\n\n<p>Avant de s&rsquo;envoler pour l&rsquo;Ouganda, les co\u00e9quipiers du capitaine Akram Bouras disputeront deux matchs amicaux contre la RD Congo. Cette double confrontation permettra \u00e0 Bougherra d&rsquo;ajuster ses derniers r\u00e9glages tactiques et de finaliser son onze type.<\/p>\n\n\n\n<p>L&rsquo;Alg\u00e9rie, vers\u00e9e dans le groupe C, entamera sa campagne le 4 ao\u00fbt face \u00e0 l&rsquo;Ouganda \u00e0 Kampala (18h00, heure alg\u00e9rienne), avant d&rsquo;affronter successivement l&rsquo;Afrique du Sud (8 ao\u00fbt), la Guin\u00e9e (15 ao\u00fbt) et le Niger (18 ao\u00fbt) pour cl\u00f4turer la phase de poules.<\/p>\n\n\n\n<p>Qualifi\u00e9e apr\u00e8s avoir \u00e9limin\u00e9 la Gambie en barrages, l&rsquo;\u00e9quipe nationale A&rsquo; nourrit de s\u00e9rieuses ambitions pour ce CHAN 2025, forte de son exp\u00e9rience et de la qualit\u00e9 de son effectif \u00e9largi. Moncef Dahleb<\/p>\n","protected":false},"excerpt":{"rendered":"<p>L&rsquo;Alg\u00e9rie se pr\u00e9pare s\u00e9rieusement pour le Championnat d&rsquo;Afrique des nations pr\u00e9vu du 2 au 30 ao\u00fbt prochains au Kenya, en<\/p>\n","protected":false},"author":6,"featured_media":70659,"comment_status":"open","ping_status":"closed","sticky":false,"template":"","format":"standard","meta":{"colormag_page_container_layout":"default_layout","colormag_page_sidebar_layout":"default_layout","om_disable_all_campaigns":false,"_monsterinsights_skip_tracking":false,"_monsterinsights_sitenote_active":false,"_monsterinsights_sitenote_note":"","_monsterinsights_sitenote_category":0,"footnotes":"","_wpscppro_dont_share_socialmedia":false,"_wpscppro_custom_social_share_image":0,"_facebook_share_type":"default","_twitter_share_type":"default","_linkedin_share_type":"default","_pinterest_share_type":"default","_linkedin_share_type_page":"","_instagram_share_type":"default","_medium_share_type":"default","_threads_share_type":"","_google_business_share_type":"","_selected_social_profile":[],"_wpsp_enable_custom_social_template":false,"_wpsp_social_scheduling":{"enabled":false,"datetime":null,"platforms":[],"status":"template_only","dateOption":"today","timeOption":"now","customDays":"","customHours":"","customDate":"","customTime":"","schedulingType":"absolute"},"_wpsp_active_default_template":true},"categories":[52,33],"tags":[],"class_list":["post-70658","post","type-post","status-publish","format-standard","has-post-thumbnail","hentry","category-a-la-une","category-sports"],"aioseo_notices":[],"yoast_head":"<!-- This site is optimized with the Yoast SEO plugin v27.5 - https:\/\/yoast.com\/product\/yoast-seo-wordpress\/ -->\n<title>CHAN 2025 \u00a0: 7 internationaux dans la liste de Bougherra - La Sentinelle<\/title>\n<meta name=\"robots\" content=\"index, follow, max-snippet:-1, max-image-preview:large, max-video-preview:-1\" \/>\n<link rel=\"canonical\" href=\"https:\/\/lasentinelle.dz\/index.php\/2025\/07\/21\/chan-2025-7-internationaux-dans-la-liste-de-bougherra\/\" \/>\n<meta property=\"og:locale\" content=\"fr_FR\" \/>\n<meta property=\"og:type\" content=\"article\" \/>\n<meta property=\"og:title\" content=\"CHAN 2025 \u00a0: 7 internationaux dans la liste de Bougherra - La Sentinelle\" \/>\n<meta property=\"og:description\" content=\"L&rsquo;Alg\u00e9rie se pr\u00e9pare s\u00e9rieusement pour le Championnat d&rsquo;Afrique des nations pr\u00e9vu du 2 au 30 ao\u00fbt prochains au Kenya, en\" \/>\n<meta property=\"og:url\" content=\"https:\/\/lasentinelle.dz\/index.php\/2025\/07\/21\/chan-2025-7-internationaux-dans-la-liste-de-bougherra\/\" \/>\n<meta property=\"og:site_name\" content=\"La Sentinelle\" \/>\n<meta property=\"article:publisher\" content=\"https:\/\/www.facebook.com\/La-Sentinelle-104059864394773\" \/>\n<meta property=\"article:published_time\" content=\"2025-07-21T11:46:54+00:00\" \/>\n<meta property=\"article:modified_time\" content=\"2025-07-21T11:46:55+00:00\" \/>\n<meta property=\"og:image\" content=\"https:\/\/lasentinelle.dz\/wp-content\/uploads\/2025\/07\/EN-A.jpg\" \/>\n\t<meta property=\"og:image:width\" content=\"2400\" \/>\n\t<meta property=\"og:image:height\" content=\"1600\" \/>\n\t<meta property=\"og:image:type\" content=\"image\/jpeg\" \/>\n<meta name=\"author\" content=\"admin\" \/>\n<meta name=\"twitter:card\" content=\"summary_large_image\" \/>\n<meta name=\"twitter:label1\" content=\"\u00c9crit par\" \/>\n\t<meta name=\"twitter:data1\" content=\"admin\" \/>\n\t<meta name=\"twitter:label2\" content=\"Dur\u00e9e de lecture estim\u00e9e\" \/>\n\t<meta name=\"twitter:data2\" content=\"3 minutes\" \/>\n<script type=\"application\/ld+json\" class=\"yoast-schema-graph\">{\"@context\":\"https:\\\/\\\/schema.org\",\"@graph\":[{\"@type\":\"Article\",\"@id\":\"https:\\\/\\\/lasentinelle.dz\\\/index.php\\\/2025\\\/07\\\/21\\\/chan-2025-7-internationaux-dans-la-liste-de-bougherra\\\/#article\",\"isPartOf\":{\"@id\":\"https:\\\/\\\/lasentinelle.dz\\\/index.php\\\/2025\\\/07\\\/21\\\/chan-2025-7-internationaux-dans-la-liste-de-bougherra\\\/\"},\"author\":{\"name\":\"admin\",\"@id\":\"https:\\\/\\\/lasentinelle.dz\\\/#\\\/schema\\\/person\\\/729ee0024f24e0b8c5ec17232f8e8b41\"},\"headline\":\"CHAN 2025 \u00a0: 7 internationaux dans la liste de Bougherra\",\"datePublished\":\"2025-07-21T11:46:54+00:00\",\"dateModified\":\"2025-07-21T11:46:55+00:00\",\"mainEntityOfPage\":{\"@id\":\"https:\\\/\\\/lasentinelle.dz\\\/index.php\\\/2025\\\/07\\\/21\\\/chan-2025-7-internationaux-dans-la-liste-de-bougherra\\\/\"},\"wordCount\":608,\"commentCount\":0,\"publisher\":{\"@id\":\"https:\\\/\\\/lasentinelle.dz\\\/#organization\"},\"image\":{\"@id\":\"https:\\\/\\\/lasentinelle.dz\\\/index.php\\\/2025\\\/07\\\/21\\\/chan-2025-7-internationaux-dans-la-liste-de-bougherra\\\/#primaryimage\"},\"thumbnailUrl\":\"https:\\\/\\\/lasentinelle.dz\\\/wp-content\\\/uploads\\\/2025\\\/07\\\/EN-A.jpg\",\"articleSection\":[\"\u00c0 la Une\",\"Sports\"],\"inLanguage\":\"fr-FR\",\"potentialAction\":[{\"@type\":\"CommentAction\",\"name\":\"Comment\",\"target\":[\"https:\\\/\\\/lasentinelle.dz\\\/index.php\\\/2025\\\/07\\\/21\\\/chan-2025-7-internationaux-dans-la-liste-de-bougherra\\\/#respond\"]}]},{\"@type\":\"WebPage\",\"@id\":\"https:\\\/\\\/lasentinelle.dz\\\/index.php\\\/2025\\\/07\\\/21\\\/chan-2025-7-internationaux-dans-la-liste-de-bougherra\\\/\",\"url\":\"https:\\\/\\\/lasentinelle.dz\\\/index.php\\\/2025\\\/07\\\/21\\\/chan-2025-7-internationaux-dans-la-liste-de-bougherra\\\/\",\"name\":\"CHAN 2025 \u00a0: 7 internationaux dans la liste de Bougherra - La Sentinelle\",\"isPartOf\":{\"@id\":\"https:\\\/\\\/lasentinelle.dz\\\/#website\"},\"primaryImageOfPage\":{\"@id\":\"https:\\\/\\\/lasentinelle.dz\\\/index.php\\\/2025\\\/07\\\/21\\\/chan-2025-7-internationaux-dans-la-liste-de-bougherra\\\/#primaryimage\"},\"image\":{\"@id\":\"https:\\\/\\\/lasentinelle.dz\\\/index.php\\\/2025\\\/07\\\/21\\\/chan-2025-7-internationaux-dans-la-liste-de-bougherra\\\/#primaryimage\"},\"thumbnailUrl\":\"https:\\\/\\\/lasentinelle.dz\\\/wp-content\\\/uploads\\\/2025\\\/07\\\/EN-A.jpg\",\"datePublished\":\"2025-07-21T11:46:54+00:00\",\"dateModified\":\"2025-07-21T11:46:55+00:00\",\"breadcrumb\":{\"@id\":\"https:\\\/\\\/lasentinelle.dz\\\/index.php\\\/2025\\\/07\\\/21\\\/chan-2025-7-internationaux-dans-la-liste-de-bougherra\\\/#breadcrumb\"},\"inLanguage\":\"fr-FR\",\"potentialAction\":[{\"@type\":\"ReadAction\",\"target\":[\"https:\\\/\\\/lasentinelle.dz\\\/index.php\\\/2025\\\/07\\\/21\\\/chan-2025-7-internationaux-dans-la-liste-de-bougherra\\\/\"]}]},{\"@type\":\"ImageObject\",\"inLanguage\":\"fr-FR\",\"@id\":\"https:\\\/\\\/lasentinelle.dz\\\/index.php\\\/2025\\\/07\\\/21\\\/chan-2025-7-internationaux-dans-la-liste-de-bougherra\\\/#primaryimage\",\"url\":\"https:\\\/\\\/lasentinelle.dz\\\/wp-content\\\/uploads\\\/2025\\\/07\\\/EN-A.jpg\",\"contentUrl\":\"https:\\\/\\\/lasentinelle.dz\\\/wp-content\\\/uploads\\\/2025\\\/07\\\/EN-A.jpg\",\"width\":2400,\"height\":1600},{\"@type\":\"BreadcrumbList\",\"@id\":\"https:\\\/\\\/lasentinelle.dz\\\/index.php\\\/2025\\\/07\\\/21\\\/chan-2025-7-internationaux-dans-la-liste-de-bougherra\\\/#breadcrumb\",\"itemListElement\":[{\"@type\":\"ListItem\",\"position\":1,\"name\":\"Accueil\",\"item\":\"https:\\\/\\\/lasentinelle.dz\\\/\"},{\"@type\":\"ListItem\",\"position\":2,\"name\":\"CHAN 2025 \u00a0: 7 internationaux dans la liste de Bougherra\"}]},{\"@type\":\"WebSite\",\"@id\":\"https:\\\/\\\/lasentinelle.dz\\\/#website\",\"url\":\"https:\\\/\\\/lasentinelle.dz\\\/\",\"name\":\"La Sentinelle\",\"description\":\"Quotidien national d&#039;information\",\"publisher\":{\"@id\":\"https:\\\/\\\/lasentinelle.dz\\\/#organization\"},\"potentialAction\":[{\"@type\":\"SearchAction\",\"target\":{\"@type\":\"EntryPoint\",\"urlTemplate\":\"https:\\\/\\\/lasentinelle.dz\\\/?s={search_term_string}\"},\"query-input\":{\"@type\":\"PropertyValueSpecification\",\"valueRequired\":true,\"valueName\":\"search_term_string\"}}],\"inLanguage\":\"fr-FR\"},{\"@type\":\"Organization\",\"@id\":\"https:\\\/\\\/lasentinelle.dz\\\/#organization\",\"name\":\"Quotidien La Sentinelle\",\"url\":\"https:\\\/\\\/lasentinelle.dz\\\/\",\"logo\":{\"@type\":\"ImageObject\",\"inLanguage\":\"fr-FR\",\"@id\":\"https:\\\/\\\/lasentinelle.dz\\\/#\\\/schema\\\/logo\\\/image\\\/\",\"url\":\"https:\\\/\\\/lasentinelle.dz\\\/wp-content\\\/uploads\\\/2021\\\/09\\\/logo-sentinelleSLOGAN-1.png\",\"contentUrl\":\"https:\\\/\\\/lasentinelle.dz\\\/wp-content\\\/uploads\\\/2021\\\/09\\\/logo-sentinelleSLOGAN-1.png\",\"width\":615,\"height\":142,\"caption\":\"Quotidien La Sentinelle\"},\"image\":{\"@id\":\"https:\\\/\\\/lasentinelle.dz\\\/#\\\/schema\\\/logo\\\/image\\\/\"},\"sameAs\":[\"https:\\\/\\\/www.facebook.com\\\/La-Sentinelle-104059864394773\"]},{\"@type\":\"Person\",\"@id\":\"https:\\\/\\\/lasentinelle.dz\\\/#\\\/schema\\\/person\\\/729ee0024f24e0b8c5ec17232f8e8b41\",\"name\":\"admin\",\"image\":{\"@type\":\"ImageObject\",\"inLanguage\":\"fr-FR\",\"@id\":\"https:\\\/\\\/secure.gravatar.com\\\/avatar\\\/4c81fed838786e9b53f540bf46533e750f5d292099ae3b66cfc6fb1982e29df7?s=96&d=mm&r=g\",\"url\":\"https:\\\/\\\/secure.gravatar.com\\\/avatar\\\/4c81fed838786e9b53f540bf46533e750f5d292099ae3b66cfc6fb1982e29df7?s=96&d=mm&r=g\",\"contentUrl\":\"https:\\\/\\\/secure.gravatar.com\\\/avatar\\\/4c81fed838786e9b53f540bf46533e750f5d292099ae3b66cfc6fb1982e29df7?s=96&d=mm&r=g\",\"caption\":\"admin\"},\"description\":\"admin\",\"url\":\"https:\\\/\\\/lasentinelle.dz\\\/author\\\/admin\\\/\"}]}<\/script>\n<!-- \/ Yoast SEO plugin. -->","yoast_head_json":{"title":"CHAN 2025 \u00a0: 7 internationaux dans la liste de Bougherra - La Sentinelle","robots":{"index":"index","follow":"follow","max-snippet":"max-snippet:-1","max-image-preview":"max-image-preview:large","max-video-preview":"max-video-preview:-1"},"canonical":"https:\/\/lasentinelle.dz\/index.php\/2025\/07\/21\/chan-2025-7-internationaux-dans-la-liste-de-bougherra\/","og_locale":"fr_FR","og_type":"article","og_title":"CHAN 2025 \u00a0: 7 internationaux dans la liste de Bougherra - La Sentinelle","og_description":"L&rsquo;Alg\u00e9rie se pr\u00e9pare s\u00e9rieusement pour le Championnat d&rsquo;Afrique des nations pr\u00e9vu du 2 au 30 ao\u00fbt prochains au Kenya, en","og_url":"https:\/\/lasentinelle.dz\/index.php\/2025\/07\/21\/chan-2025-7-internationaux-dans-la-liste-de-bougherra\/","og_site_name":"La Sentinelle","article_publisher":"https:\/\/www.facebook.com\/La-Sentinelle-104059864394773","article_published_time":"2025-07-21T11:46:54+00:00","article_modified_time":"2025-07-21T11:46:55+00:00","og_image":[{"width":2400,"height":1600,"url":"https:\/\/lasentinelle.dz\/wp-content\/uploads\/2025\/07\/EN-A.jpg","type":"image\/jpeg"}],"author":"admin","twitter_card":"summary_large_image","twitter_misc":{"\u00c9crit par":"admin","Dur\u00e9e de lecture estim\u00e9e":"3 minutes"},"schema":{"@context":"https:\/\/schema.org","@graph":[{"@type":"Article","@id":"https:\/\/lasentinelle.dz\/index.php\/2025\/07\/21\/chan-2025-7-internationaux-dans-la-liste-de-bougherra\/#article","isPartOf":{"@id":"https:\/\/lasentinelle.dz\/index.php\/2025\/07\/21\/chan-2025-7-internationaux-dans-la-liste-de-bougherra\/"},"author":{"name":"admin","@id":"https:\/\/lasentinelle.dz\/#\/schema\/person\/729ee0024f24e0b8c5ec17232f8e8b41"},"headline":"CHAN 2025 \u00a0: 7 internationaux dans la liste de Bougherra","datePublished":"2025-07-21T11:46:54+00:00","dateModified":"2025-07-21T11:46:55+00:00","mainEntityOfPage":{"@id":"https:\/\/lasentinelle.dz\/index.php\/2025\/07\/21\/chan-2025-7-internationaux-dans-la-liste-de-bougherra\/"},"wordCount":608,"commentCount":0,"publisher":{"@id":"https:\/\/lasentinelle.dz\/#organization"},"image":{"@id":"https:\/\/lasentinelle.dz\/index.php\/2025\/07\/21\/chan-2025-7-internationaux-dans-la-liste-de-bougherra\/#primaryimage"},"thumbnailUrl":"https:\/\/lasentinelle.dz\/wp-content\/uploads\/2025\/07\/EN-A.jpg","articleSection":["\u00c0 la Une","Sports"],"inLanguage":"fr-FR","potentialAction":[{"@type":"CommentAction","name":"Comment","target":["https:\/\/lasentinelle.dz\/index.php\/2025\/07\/21\/chan-2025-7-internationaux-dans-la-liste-de-bougherra\/#respond"]}]},{"@type":"WebPage","@id":"https:\/\/lasentinelle.dz\/index.php\/2025\/07\/21\/chan-2025-7-internationaux-dans-la-liste-de-bougherra\/","url":"https:\/\/lasentinelle.dz\/index.php\/2025\/07\/21\/chan-2025-7-internationaux-dans-la-liste-de-bougherra\/","name":"CHAN 2025 \u00a0: 7 internationaux dans la liste de Bougherra - La Sentinelle","isPartOf":{"@id":"https:\/\/lasentinelle.dz\/#website"},"primaryImageOfPage":{"@id":"https:\/\/lasentinelle.dz\/index.php\/2025\/07\/21\/chan-2025-7-internationaux-dans-la-liste-de-bougherra\/#primaryimage"},"image":{"@id":"https:\/\/lasentinelle.dz\/index.php\/2025\/07\/21\/chan-2025-7-internationaux-dans-la-liste-de-bougherra\/#primaryimage"},"thumbnailUrl":"https:\/\/lasentinelle.dz\/wp-content\/uploads\/2025\/07\/EN-A.jpg","datePublished":"2025-07-21T11:46:54+00:00","dateModified":"2025-07-21T11:46:55+00:00","breadcrumb":{"@id":"https:\/\/lasentinelle.dz\/index.php\/2025\/07\/21\/chan-2025-7-internationaux-dans-la-liste-de-bougherra\/#breadcrumb"},"inLanguage":"fr-FR","potentialAction":[{"@type":"ReadAction","target":["https:\/\/lasentinelle.dz\/index.php\/2025\/07\/21\/chan-2025-7-internationaux-dans-la-liste-de-bougherra\/"]}]},{"@type":"ImageObject","inLanguage":"fr-FR","@id":"https:\/\/lasentinelle.dz\/index.php\/2025\/07\/21\/chan-2025-7-internationaux-dans-la-liste-de-bougherra\/#primaryimage","url":"https:\/\/lasentinelle.dz\/wp-content\/uploads\/2025\/07\/EN-A.jpg","contentUrl":"https:\/\/lasentinelle.dz\/wp-content\/uploads\/2025\/07\/EN-A.jpg","width":2400,"height":1600},{"@type":"BreadcrumbList","@id":"https:\/\/lasentinelle.dz\/index.php\/2025\/07\/21\/chan-2025-7-internationaux-dans-la-liste-de-bougherra\/#breadcrumb","itemListElement":[{"@type":"ListItem","position":1,"name":"Accueil","item":"https:\/\/lasentinelle.dz\/"},{"@type":"ListItem","position":2,"name":"CHAN 2025 \u00a0: 7 internationaux dans la liste de Bougherra"}]},{"@type":"WebSite","@id":"https:\/\/lasentinelle.dz\/#website","url":"https:\/\/lasentinelle.dz\/","name":"La Sentinelle","description":"Quotidien national d&#039;information","publisher":{"@id":"https:\/\/lasentinelle.dz\/#organization"},"potentialAction":[{"@type":"SearchAction","target":{"@type":"EntryPoint","urlTemplate":"https:\/\/lasentinelle.dz\/?s={search_term_string}"},"query-input":{"@type":"PropertyValueSpecification","valueRequired":true,"valueName":"search_term_string"}}],"inLanguage":"fr-FR"},{"@type":"Organization","@id":"https:\/\/lasentinelle.dz\/#organization","name":"Quotidien La Sentinelle","url":"https:\/\/lasentinelle.dz\/","logo":{"@type":"ImageObject","inLanguage":"fr-FR","@id":"https:\/\/lasentinelle.dz\/#\/schema\/logo\/image\/","url":"https:\/\/lasentinelle.dz\/wp-content\/uploads\/2021\/09\/logo-sentinelleSLOGAN-1.png","contentUrl":"https:\/\/lasentinelle.dz\/wp-content\/uploads\/2021\/09\/logo-sentinelleSLOGAN-1.png","width":615,"height":142,"caption":"Quotidien La Sentinelle"},"image":{"@id":"https:\/\/lasentinelle.dz\/#\/schema\/logo\/image\/"},"sameAs":["https:\/\/www.facebook.com\/La-Sentinelle-104059864394773"]},{"@type":"Person","@id":"https:\/\/lasentinelle.dz\/#\/schema\/person\/729ee0024f24e0b8c5ec17232f8e8b41","name":"admin","image":{"@type":"ImageObject","inLanguage":"fr-FR","@id":"https:\/\/secure.gravatar.com\/avatar\/4c81fed838786e9b53f540bf46533e750f5d292099ae3b66cfc6fb1982e29df7?s=96&d=mm&r=g","url":"https:\/\/secure.gravatar.com\/avatar\/4c81fed838786e9b53f540bf46533e750f5d292099ae3b66cfc6fb1982e29df7?s=96&d=mm&r=g","contentUrl":"https:\/\/secure.gravatar.com\/avatar\/4c81fed838786e9b53f540bf46533e750f5d292099ae3b66cfc6fb1982e29df7?s=96&d=mm&r=g","caption":"admin"},"description":"admin","url":"https:\/\/lasentinelle.dz\/author\/admin\/"}]}},"_links":{"self":[{"href":"https:\/\/lasentinelle.dz\/index.php\/wp-json\/wp\/v2\/posts\/70658","targetHints":{"allow":["GET"]}}],"collection":[{"href":"https:\/\/lasentinelle.dz\/index.php\/wp-json\/wp\/v2\/posts"}],"about":[{"href":"https:\/\/lasentinelle.dz\/index.php\/wp-json\/wp\/v2\/types\/post"}],"author":[{"embeddable":true,"href":"https:\/\/lasentinelle.dz\/index.php\/wp-json\/wp\/v2\/users\/6"}],"replies":[{"embeddable":true,"href":"https:\/\/lasentinelle.dz\/index.php\/wp-json\/wp\/v2\/comments?post=70658"}],"version-history":[{"count":1,"href":"https:\/\/lasentinelle.dz\/index.php\/wp-json\/wp\/v2\/posts\/70658\/revisions"}],"predecessor-version":[{"id":70660,"href":"https:\/\/lasentinelle.dz\/index.php\/wp-json\/wp\/v2\/posts\/70658\/revisions\/70660"}],"wp:featuredmedia":[{"embeddable":true,"href":"https:\/\/lasentinelle.dz\/index.php\/wp-json\/wp\/v2\/media\/70659"}],"wp:attachment":[{"href":"https:\/\/lasentinelle.dz\/index.php\/wp-json\/wp\/v2\/media?parent=70658"}],"wp:term":[{"taxonomy":"category","embeddable":true,"href":"https:\/\/lasentinelle.dz\/index.php\/wp-json\/wp\/v2\/categories?post=70658"},{"taxonomy":"post_tag","embeddable":true,"href":"https:\/\/lasentinelle.dz\/index.php\/wp-json\/wp\/v2\/tags?post=70658"}],"curies":[{"name":"wp","href":"https:\/\/api.w.org\/{rel}","templated":true}]}}