{"id":70661,"date":"2025-07-21T12:47:50","date_gmt":"2025-07-21T11:47:50","guid":{"rendered":"https:\/\/lasentinelle.dz\/?p=70661"},"modified":"2025-07-21T12:47:50","modified_gmt":"2025-07-21T11:47:50","slug":"programme-national-de-culture-des-oleagineux-la-recolte-du-tournesol-lancee-a-annaba","status":"publish","type":"post","link":"https:\/\/lasentinelle.dz\/index.php\/2025\/07\/21\/programme-national-de-culture-des-oleagineux-la-recolte-du-tournesol-lancee-a-annaba\/","title":{"rendered":"Programme national de culture des ol\u00e9agineux : La r\u00e9colte du tournesol lanc\u00e9e \u00e0 Annaba"},"content":{"rendered":"\n<p>La wilaya d&rsquo;Annaba a officiellement lanc\u00e9 sa campagne de r\u00e9colte du tournesol, marquant une \u00e9tape importante dans la strat\u00e9gie nationale de d\u00e9veloppement des cultures ol\u00e9agineuses et de r\u00e9duction de la d\u00e9pendance aux importations. Le coup d&rsquo;envoi de la r\u00e9colte a \u00e9t\u00e9 donn\u00e9 en pr\u00e9sence du wali Abdelkader Djellaoui dans une exploitation agricole de 200 hectares d\u00e9di\u00e9e aux plantations ol\u00e9agineuses, situ\u00e9e dans la commune de Cheurfa. Cette initiative s&rsquo;inscrit dans le programme strat\u00e9gique national visant \u00e0 d\u00e9velopper les cultures ol\u00e9agineuses dans le secteur agricole alg\u00e9rien. Pour la saison 2023-2024, la Direction des Services Agricoles (DSA) d&rsquo;Annaba a introduit ces nouvelles cultures sur 116 hectares, r\u00e9partis entre 100 hectares de colza et 16 hectares de tournesol. Cette diversification agricole r\u00e9pond aux objectifs du d\u00e9cret ex\u00e9cutif n\u00b024-55 du 23 janvier 2024, modifiant le d\u00e9cret n\u00b021-432 de novembre 2021, qui d\u00e9finit les conditions d&rsquo;attribution de terres domaniales pour les projets agricoles strat\u00e9giques. Le programme vise \u00e0 introduire des cultures mieux adapt\u00e9es au climat alg\u00e9rien tout en r\u00e9duisant les importations de produits strat\u00e9giques. Les cultures ol\u00e9agineuses pr\u00e9sentent un int\u00e9r\u00eat \u00e9conomique majeur pour l&rsquo;industrie agroalimentaire, notamment dans la production d&rsquo;huiles de table et l&rsquo;industrie pharmaceutique. \u00c0 l&rsquo;\u00e9chelle nationale, la superficie consacr\u00e9e aux ol\u00e9agineux a atteint 800 hectares entre 2024 et 2025, avec 420 hectares de colza et 386 hectares de tournesol. Si la production de colza a enregistr\u00e9 des r\u00e9sultats satisfaisants, celle du tournesol a \u00e9t\u00e9 affect\u00e9e par des conditions m\u00e9t\u00e9orologiques d\u00e9favorables en 2025. Cette strat\u00e9gie sur deux ans constitue un pilier fondamental de l&rsquo;autonomie alimentaire nationale dans le domaine des huiles v\u00e9g\u00e9tales et du soutien \u00e0 une agriculture durable et performante.<\/p>\n\n\n\n<p>Sofia Chahine<\/p>\n","protected":false},"excerpt":{"rendered":"<p>La wilaya d&rsquo;Annaba a officiellement lanc\u00e9 sa campagne de r\u00e9colte du tournesol, marquant une \u00e9tape importante dans la strat\u00e9gie nationale<\/p>\n","protected":false},"author":6,"featured_media":47332,"comment_status":"open","ping_status":"closed","sticky":false,"template":"","format":"standard","meta":{"colormag_page_container_layout":"default_layout","colormag_page_sidebar_layout":"default_layout","om_disable_all_campaigns":false,"_monsterinsights_skip_tracking":false,"_monsterinsights_sitenote_active":false,"_monsterinsights_sitenote_note":"","_monsterinsights_sitenote_category":0,"footnotes":"","_wpscppro_dont_share_socialmedia":false,"_wpscppro_custom_social_share_image":0,"_facebook_share_type":"default","_twitter_share_type":"default","_linkedin_share_type":"default","_pinterest_share_type":"default","_linkedin_share_type_page":"","_instagram_share_type":"default","_medium_share_type":"default","_threads_share_type":"","_google_business_share_type":"","_selected_social_profile":[],"_wpsp_enable_custom_social_template":false,"_wpsp_social_scheduling":{"enabled":false,"datetime":null,"platforms":[],"status":"template_only","dateOption":"today","timeOption":"now","customDays":"","customHours":"","customDate":"","customTime":"","schedulingType":"absolute"},"_wpsp_active_default_template":true},"categories":[31],"tags":[],"class_list":["post-70661","post","type-post","status-publish","format-standard","has-post-thumbnail","hentry","category-regions"],"aioseo_notices":[],"yoast_head":"<!-- This site is optimized with the Yoast SEO plugin v27.5 - https:\/\/yoast.com\/product\/yoast-seo-wordpress\/ -->\n<title>Programme national de culture des ol\u00e9agineux : La r\u00e9colte du tournesol lanc\u00e9e \u00e0 Annaba - La Sentinelle<\/title>\n<meta name=\"robots\" content=\"index, follow, max-snippet:-1, max-image-preview:large, max-video-preview:-1\" \/>\n<link rel=\"canonical\" href=\"https:\/\/lasentinelle.dz\/index.php\/2025\/07\/21\/programme-national-de-culture-des-oleagineux-la-recolte-du-tournesol-lancee-a-annaba\/\" \/>\n<meta property=\"og:locale\" content=\"fr_FR\" \/>\n<meta property=\"og:type\" content=\"article\" \/>\n<meta property=\"og:title\" content=\"Programme national de culture des ol\u00e9agineux : La r\u00e9colte du tournesol lanc\u00e9e \u00e0 Annaba - La Sentinelle\" \/>\n<meta property=\"og:description\" content=\"La wilaya d&rsquo;Annaba a officiellement lanc\u00e9 sa campagne de r\u00e9colte du tournesol, marquant une \u00e9tape importante dans la strat\u00e9gie nationale\" \/>\n<meta property=\"og:url\" content=\"https:\/\/lasentinelle.dz\/index.php\/2025\/07\/21\/programme-national-de-culture-des-oleagineux-la-recolte-du-tournesol-lancee-a-annaba\/\" \/>\n<meta property=\"og:site_name\" content=\"La Sentinelle\" \/>\n<meta property=\"article:publisher\" content=\"https:\/\/www.facebook.com\/La-Sentinelle-104059864394773\" \/>\n<meta property=\"article:published_time\" content=\"2025-07-21T11:47:50+00:00\" \/>\n<meta property=\"og:image\" content=\"https:\/\/lasentinelle.dz\/wp-content\/uploads\/2023\/11\/culture-de-tournesol.png\" \/>\n\t<meta property=\"og:image:width\" content=\"800\" \/>\n\t<meta property=\"og:image:height\" content=\"445\" \/>\n\t<meta property=\"og:image:type\" content=\"image\/png\" \/>\n<meta name=\"author\" content=\"admin\" \/>\n<meta name=\"twitter:card\" content=\"summary_large_image\" \/>\n<meta name=\"twitter:label1\" content=\"\u00c9crit par\" \/>\n\t<meta name=\"twitter:data1\" content=\"admin\" \/>\n\t<meta name=\"twitter:label2\" content=\"Dur\u00e9e de lecture estim\u00e9e\" \/>\n\t<meta name=\"twitter:data2\" content=\"2 minutes\" \/>\n<script type=\"application\/ld+json\" class=\"yoast-schema-graph\">{\"@context\":\"https:\\\/\\\/schema.org\",\"@graph\":[{\"@type\":\"Article\",\"@id\":\"https:\\\/\\\/lasentinelle.dz\\\/index.php\\\/2025\\\/07\\\/21\\\/programme-national-de-culture-des-oleagineux-la-recolte-du-tournesol-lancee-a-annaba\\\/#article\",\"isPartOf\":{\"@id\":\"https:\\\/\\\/lasentinelle.dz\\\/index.php\\\/2025\\\/07\\\/21\\\/programme-national-de-culture-des-oleagineux-la-recolte-du-tournesol-lancee-a-annaba\\\/\"},\"author\":{\"name\":\"admin\",\"@id\":\"https:\\\/\\\/lasentinelle.dz\\\/#\\\/schema\\\/person\\\/729ee0024f24e0b8c5ec17232f8e8b41\"},\"headline\":\"Programme national de culture des ol\u00e9agineux : La r\u00e9colte du tournesol lanc\u00e9e \u00e0 Annaba\",\"datePublished\":\"2025-07-21T11:47:50+00:00\",\"mainEntityOfPage\":{\"@id\":\"https:\\\/\\\/lasentinelle.dz\\\/index.php\\\/2025\\\/07\\\/21\\\/programme-national-de-culture-des-oleagineux-la-recolte-du-tournesol-lancee-a-annaba\\\/\"},\"wordCount\":319,\"commentCount\":0,\"publisher\":{\"@id\":\"https:\\\/\\\/lasentinelle.dz\\\/#organization\"},\"image\":{\"@id\":\"https:\\\/\\\/lasentinelle.dz\\\/index.php\\\/2025\\\/07\\\/21\\\/programme-national-de-culture-des-oleagineux-la-recolte-du-tournesol-lancee-a-annaba\\\/#primaryimage\"},\"thumbnailUrl\":\"https:\\\/\\\/lasentinelle.dz\\\/wp-content\\\/uploads\\\/2023\\\/11\\\/culture-de-tournesol.png\",\"articleSection\":[\"R\u00e9gions\"],\"inLanguage\":\"fr-FR\",\"potentialAction\":[{\"@type\":\"CommentAction\",\"name\":\"Comment\",\"target\":[\"https:\\\/\\\/lasentinelle.dz\\\/index.php\\\/2025\\\/07\\\/21\\\/programme-national-de-culture-des-oleagineux-la-recolte-du-tournesol-lancee-a-annaba\\\/#respond\"]}]},{\"@type\":\"WebPage\",\"@id\":\"https:\\\/\\\/lasentinelle.dz\\\/index.php\\\/2025\\\/07\\\/21\\\/programme-national-de-culture-des-oleagineux-la-recolte-du-tournesol-lancee-a-annaba\\\/\",\"url\":\"https:\\\/\\\/lasentinelle.dz\\\/index.php\\\/2025\\\/07\\\/21\\\/programme-national-de-culture-des-oleagineux-la-recolte-du-tournesol-lancee-a-annaba\\\/\",\"name\":\"Programme national de culture des ol\u00e9agineux : La r\u00e9colte du tournesol lanc\u00e9e \u00e0 Annaba - La Sentinelle\",\"isPartOf\":{\"@id\":\"https:\\\/\\\/lasentinelle.dz\\\/#website\"},\"primaryImageOfPage\":{\"@id\":\"https:\\\/\\\/lasentinelle.dz\\\/index.php\\\/2025\\\/07\\\/21\\\/programme-national-de-culture-des-oleagineux-la-recolte-du-tournesol-lancee-a-annaba\\\/#primaryimage\"},\"image\":{\"@id\":\"https:\\\/\\\/lasentinelle.dz\\\/index.php\\\/2025\\\/07\\\/21\\\/programme-national-de-culture-des-oleagineux-la-recolte-du-tournesol-lancee-a-annaba\\\/#primaryimage\"},\"thumbnailUrl\":\"https:\\\/\\\/lasentinelle.dz\\\/wp-content\\\/uploads\\\/2023\\\/11\\\/culture-de-tournesol.png\",\"datePublished\":\"2025-07-21T11:47:50+00:00\",\"breadcrumb\":{\"@id\":\"https:\\\/\\\/lasentinelle.dz\\\/index.php\\\/2025\\\/07\\\/21\\\/programme-national-de-culture-des-oleagineux-la-recolte-du-tournesol-lancee-a-annaba\\\/#breadcrumb\"},\"inLanguage\":\"fr-FR\",\"potentialAction\":[{\"@type\":\"ReadAction\",\"target\":[\"https:\\\/\\\/lasentinelle.dz\\\/index.php\\\/2025\\\/07\\\/21\\\/programme-national-de-culture-des-oleagineux-la-recolte-du-tournesol-lancee-a-annaba\\\/\"]}]},{\"@type\":\"ImageObject\",\"inLanguage\":\"fr-FR\",\"@id\":\"https:\\\/\\\/lasentinelle.dz\\\/index.php\\\/2025\\\/07\\\/21\\\/programme-national-de-culture-des-oleagineux-la-recolte-du-tournesol-lancee-a-annaba\\\/#primaryimage\",\"url\":\"https:\\\/\\\/lasentinelle.dz\\\/wp-content\\\/uploads\\\/2023\\\/11\\\/culture-de-tournesol.png\",\"contentUrl\":\"https:\\\/\\\/lasentinelle.dz\\\/wp-content\\\/uploads\\\/2023\\\/11\\\/culture-de-tournesol.png\",\"width\":800,\"height\":445},{\"@type\":\"BreadcrumbList\",\"@id\":\"https:\\\/\\\/lasentinelle.dz\\\/index.php\\\/2025\\\/07\\\/21\\\/programme-national-de-culture-des-oleagineux-la-recolte-du-tournesol-lancee-a-annaba\\\/#breadcrumb\",\"itemListElement\":[{\"@type\":\"ListItem\",\"position\":1,\"name\":\"Accueil\",\"item\":\"https:\\\/\\\/lasentinelle.dz\\\/\"},{\"@type\":\"ListItem\",\"position\":2,\"name\":\"Programme national de culture des ol\u00e9agineux : La r\u00e9colte du tournesol lanc\u00e9e \u00e0 Annaba\"}]},{\"@type\":\"WebSite\",\"@id\":\"https:\\\/\\\/lasentinelle.dz\\\/#website\",\"url\":\"https:\\\/\\\/lasentinelle.dz\\\/\",\"name\":\"La Sentinelle\",\"description\":\"Quotidien national d&#039;information\",\"publisher\":{\"@id\":\"https:\\\/\\\/lasentinelle.dz\\\/#organization\"},\"potentialAction\":[{\"@type\":\"SearchAction\",\"target\":{\"@type\":\"EntryPoint\",\"urlTemplate\":\"https:\\\/\\\/lasentinelle.dz\\\/?s={search_term_string}\"},\"query-input\":{\"@type\":\"PropertyValueSpecification\",\"valueRequired\":true,\"valueName\":\"search_term_string\"}}],\"inLanguage\":\"fr-FR\"},{\"@type\":\"Organization\",\"@id\":\"https:\\\/\\\/lasentinelle.dz\\\/#organization\",\"name\":\"Quotidien La Sentinelle\",\"url\":\"https:\\\/\\\/lasentinelle.dz\\\/\",\"logo\":{\"@type\":\"ImageObject\",\"inLanguage\":\"fr-FR\",\"@id\":\"https:\\\/\\\/lasentinelle.dz\\\/#\\\/schema\\\/logo\\\/image\\\/\",\"url\":\"https:\\\/\\\/lasentinelle.dz\\\/wp-content\\\/uploads\\\/2021\\\/09\\\/logo-sentinelleSLOGAN-1.png\",\"contentUrl\":\"https:\\\/\\\/lasentinelle.dz\\\/wp-content\\\/uploads\\\/2021\\\/09\\\/logo-sentinelleSLOGAN-1.png\",\"width\":615,\"height\":142,\"caption\":\"Quotidien La Sentinelle\"},\"image\":{\"@id\":\"https:\\\/\\\/lasentinelle.dz\\\/#\\\/schema\\\/logo\\\/image\\\/\"},\"sameAs\":[\"https:\\\/\\\/www.facebook.com\\\/La-Sentinelle-104059864394773\"]},{\"@type\":\"Person\",\"@id\":\"https:\\\/\\\/lasentinelle.dz\\\/#\\\/schema\\\/person\\\/729ee0024f24e0b8c5ec17232f8e8b41\",\"name\":\"admin\",\"image\":{\"@type\":\"ImageObject\",\"inLanguage\":\"fr-FR\",\"@id\":\"https:\\\/\\\/secure.gravatar.com\\\/avatar\\\/4c81fed838786e9b53f540bf46533e750f5d292099ae3b66cfc6fb1982e29df7?s=96&d=mm&r=g\",\"url\":\"https:\\\/\\\/secure.gravatar.com\\\/avatar\\\/4c81fed838786e9b53f540bf46533e750f5d292099ae3b66cfc6fb1982e29df7?s=96&d=mm&r=g\",\"contentUrl\":\"https:\\\/\\\/secure.gravatar.com\\\/avatar\\\/4c81fed838786e9b53f540bf46533e750f5d292099ae3b66cfc6fb1982e29df7?s=96&d=mm&r=g\",\"caption\":\"admin\"},\"description\":\"admin\",\"url\":\"https:\\\/\\\/lasentinelle.dz\\\/author\\\/admin\\\/\"}]}<\/script>\n<!-- \/ Yoast SEO plugin. -->","yoast_head_json":{"title":"Programme national de culture des ol\u00e9agineux : La r\u00e9colte du tournesol lanc\u00e9e \u00e0 Annaba - La Sentinelle","robots":{"index":"index","follow":"follow","max-snippet":"max-snippet:-1","max-image-preview":"max-image-preview:large","max-video-preview":"max-video-preview:-1"},"canonical":"https:\/\/lasentinelle.dz\/index.php\/2025\/07\/21\/programme-national-de-culture-des-oleagineux-la-recolte-du-tournesol-lancee-a-annaba\/","og_locale":"fr_FR","og_type":"article","og_title":"Programme national de culture des ol\u00e9agineux : La r\u00e9colte du tournesol lanc\u00e9e \u00e0 Annaba - La Sentinelle","og_description":"La wilaya d&rsquo;Annaba a officiellement lanc\u00e9 sa campagne de r\u00e9colte du tournesol, marquant une \u00e9tape importante dans la strat\u00e9gie nationale","og_url":"https:\/\/lasentinelle.dz\/index.php\/2025\/07\/21\/programme-national-de-culture-des-oleagineux-la-recolte-du-tournesol-lancee-a-annaba\/","og_site_name":"La Sentinelle","article_publisher":"https:\/\/www.facebook.com\/La-Sentinelle-104059864394773","article_published_time":"2025-07-21T11:47:50+00:00","og_image":[{"width":800,"height":445,"url":"https:\/\/lasentinelle.dz\/wp-content\/uploads\/2023\/11\/culture-de-tournesol.png","type":"image\/png"}],"author":"admin","twitter_card":"summary_large_image","twitter_misc":{"\u00c9crit par":"admin","Dur\u00e9e de lecture estim\u00e9e":"2 minutes"},"schema":{"@context":"https:\/\/schema.org","@graph":[{"@type":"Article","@id":"https:\/\/lasentinelle.dz\/index.php\/2025\/07\/21\/programme-national-de-culture-des-oleagineux-la-recolte-du-tournesol-lancee-a-annaba\/#article","isPartOf":{"@id":"https:\/\/lasentinelle.dz\/index.php\/2025\/07\/21\/programme-national-de-culture-des-oleagineux-la-recolte-du-tournesol-lancee-a-annaba\/"},"author":{"name":"admin","@id":"https:\/\/lasentinelle.dz\/#\/schema\/person\/729ee0024f24e0b8c5ec17232f8e8b41"},"headline":"Programme national de culture des ol\u00e9agineux : La r\u00e9colte du tournesol lanc\u00e9e \u00e0 Annaba","datePublished":"2025-07-21T11:47:50+00:00","mainEntityOfPage":{"@id":"https:\/\/lasentinelle.dz\/index.php\/2025\/07\/21\/programme-national-de-culture-des-oleagineux-la-recolte-du-tournesol-lancee-a-annaba\/"},"wordCount":319,"commentCount":0,"publisher":{"@id":"https:\/\/lasentinelle.dz\/#organization"},"image":{"@id":"https:\/\/lasentinelle.dz\/index.php\/2025\/07\/21\/programme-national-de-culture-des-oleagineux-la-recolte-du-tournesol-lancee-a-annaba\/#primaryimage"},"thumbnailUrl":"https:\/\/lasentinelle.dz\/wp-content\/uploads\/2023\/11\/culture-de-tournesol.png","articleSection":["R\u00e9gions"],"inLanguage":"fr-FR","potentialAction":[{"@type":"CommentAction","name":"Comment","target":["https:\/\/lasentinelle.dz\/index.php\/2025\/07\/21\/programme-national-de-culture-des-oleagineux-la-recolte-du-tournesol-lancee-a-annaba\/#respond"]}]},{"@type":"WebPage","@id":"https:\/\/lasentinelle.dz\/index.php\/2025\/07\/21\/programme-national-de-culture-des-oleagineux-la-recolte-du-tournesol-lancee-a-annaba\/","url":"https:\/\/lasentinelle.dz\/index.php\/2025\/07\/21\/programme-national-de-culture-des-oleagineux-la-recolte-du-tournesol-lancee-a-annaba\/","name":"Programme national de culture des ol\u00e9agineux : La r\u00e9colte du tournesol lanc\u00e9e \u00e0 Annaba - La Sentinelle","isPartOf":{"@id":"https:\/\/lasentinelle.dz\/#website"},"primaryImageOfPage":{"@id":"https:\/\/lasentinelle.dz\/index.php\/2025\/07\/21\/programme-national-de-culture-des-oleagineux-la-recolte-du-tournesol-lancee-a-annaba\/#primaryimage"},"image":{"@id":"https:\/\/lasentinelle.dz\/index.php\/2025\/07\/21\/programme-national-de-culture-des-oleagineux-la-recolte-du-tournesol-lancee-a-annaba\/#primaryimage"},"thumbnailUrl":"https:\/\/lasentinelle.dz\/wp-content\/uploads\/2023\/11\/culture-de-tournesol.png","datePublished":"2025-07-21T11:47:50+00:00","breadcrumb":{"@id":"https:\/\/lasentinelle.dz\/index.php\/2025\/07\/21\/programme-national-de-culture-des-oleagineux-la-recolte-du-tournesol-lancee-a-annaba\/#breadcrumb"},"inLanguage":"fr-FR","potentialAction":[{"@type":"ReadAction","target":["https:\/\/lasentinelle.dz\/index.php\/2025\/07\/21\/programme-national-de-culture-des-oleagineux-la-recolte-du-tournesol-lancee-a-annaba\/"]}]},{"@type":"ImageObject","inLanguage":"fr-FR","@id":"https:\/\/lasentinelle.dz\/index.php\/2025\/07\/21\/programme-national-de-culture-des-oleagineux-la-recolte-du-tournesol-lancee-a-annaba\/#primaryimage","url":"https:\/\/lasentinelle.dz\/wp-content\/uploads\/2023\/11\/culture-de-tournesol.png","contentUrl":"https:\/\/lasentinelle.dz\/wp-content\/uploads\/2023\/11\/culture-de-tournesol.png","width":800,"height":445},{"@type":"BreadcrumbList","@id":"https:\/\/lasentinelle.dz\/index.php\/2025\/07\/21\/programme-national-de-culture-des-oleagineux-la-recolte-du-tournesol-lancee-a-annaba\/#breadcrumb","itemListElement":[{"@type":"ListItem","position":1,"name":"Accueil","item":"https:\/\/lasentinelle.dz\/"},{"@type":"ListItem","position":2,"name":"Programme national de culture des ol\u00e9agineux : La r\u00e9colte du tournesol lanc\u00e9e \u00e0 Annaba"}]},{"@type":"WebSite","@id":"https:\/\/lasentinelle.dz\/#website","url":"https:\/\/lasentinelle.dz\/","name":"La Sentinelle","description":"Quotidien national d&#039;information","publisher":{"@id":"https:\/\/lasentinelle.dz\/#organization"},"potentialAction":[{"@type":"SearchAction","target":{"@type":"EntryPoint","urlTemplate":"https:\/\/lasentinelle.dz\/?s={search_term_string}"},"query-input":{"@type":"PropertyValueSpecification","valueRequired":true,"valueName":"search_term_string"}}],"inLanguage":"fr-FR"},{"@type":"Organization","@id":"https:\/\/lasentinelle.dz\/#organization","name":"Quotidien La Sentinelle","url":"https:\/\/lasentinelle.dz\/","logo":{"@type":"ImageObject","inLanguage":"fr-FR","@id":"https:\/\/lasentinelle.dz\/#\/schema\/logo\/image\/","url":"https:\/\/lasentinelle.dz\/wp-content\/uploads\/2021\/09\/logo-sentinelleSLOGAN-1.png","contentUrl":"https:\/\/lasentinelle.dz\/wp-content\/uploads\/2021\/09\/logo-sentinelleSLOGAN-1.png","width":615,"height":142,"caption":"Quotidien La Sentinelle"},"image":{"@id":"https:\/\/lasentinelle.dz\/#\/schema\/logo\/image\/"},"sameAs":["https:\/\/www.facebook.com\/La-Sentinelle-104059864394773"]},{"@type":"Person","@id":"https:\/\/lasentinelle.dz\/#\/schema\/person\/729ee0024f24e0b8c5ec17232f8e8b41","name":"admin","image":{"@type":"ImageObject","inLanguage":"fr-FR","@id":"https:\/\/secure.gravatar.com\/avatar\/4c81fed838786e9b53f540bf46533e750f5d292099ae3b66cfc6fb1982e29df7?s=96&d=mm&r=g","url":"https:\/\/secure.gravatar.com\/avatar\/4c81fed838786e9b53f540bf46533e750f5d292099ae3b66cfc6fb1982e29df7?s=96&d=mm&r=g","contentUrl":"https:\/\/secure.gravatar.com\/avatar\/4c81fed838786e9b53f540bf46533e750f5d292099ae3b66cfc6fb1982e29df7?s=96&d=mm&r=g","caption":"admin"},"description":"admin","url":"https:\/\/lasentinelle.dz\/author\/admin\/"}]}},"_links":{"self":[{"href":"https:\/\/lasentinelle.dz\/index.php\/wp-json\/wp\/v2\/posts\/70661","targetHints":{"allow":["GET"]}}],"collection":[{"href":"https:\/\/lasentinelle.dz\/index.php\/wp-json\/wp\/v2\/posts"}],"about":[{"href":"https:\/\/lasentinelle.dz\/index.php\/wp-json\/wp\/v2\/types\/post"}],"author":[{"embeddable":true,"href":"https:\/\/lasentinelle.dz\/index.php\/wp-json\/wp\/v2\/users\/6"}],"replies":[{"embeddable":true,"href":"https:\/\/lasentinelle.dz\/index.php\/wp-json\/wp\/v2\/comments?post=70661"}],"version-history":[{"count":1,"href":"https:\/\/lasentinelle.dz\/index.php\/wp-json\/wp\/v2\/posts\/70661\/revisions"}],"predecessor-version":[{"id":70662,"href":"https:\/\/lasentinelle.dz\/index.php\/wp-json\/wp\/v2\/posts\/70661\/revisions\/70662"}],"wp:featuredmedia":[{"embeddable":true,"href":"https:\/\/lasentinelle.dz\/index.php\/wp-json\/wp\/v2\/media\/47332"}],"wp:attachment":[{"href":"https:\/\/lasentinelle.dz\/index.php\/wp-json\/wp\/v2\/media?parent=70661"}],"wp:term":[{"taxonomy":"category","embeddable":true,"href":"https:\/\/lasentinelle.dz\/index.php\/wp-json\/wp\/v2\/categories?post=70661"},{"taxonomy":"post_tag","embeddable":true,"href":"https:\/\/lasentinelle.dz\/index.php\/wp-json\/wp\/v2\/tags?post=70661"}],"curies":[{"name":"wp","href":"https:\/\/api.w.org\/{rel}","templated":true}]}}