{"id":70666,"date":"2025-07-21T12:52:50","date_gmt":"2025-07-21T11:52:50","guid":{"rendered":"https:\/\/lasentinelle.dz\/?p=70666"},"modified":"2025-07-21T12:52:50","modified_gmt":"2025-07-21T11:52:50","slug":"3000-projets-soutenus-dans-leconomie-verte-et-lartisanat-langem-double-ses-financements","status":"publish","type":"post","link":"https:\/\/lasentinelle.dz\/index.php\/2025\/07\/21\/3000-projets-soutenus-dans-leconomie-verte-et-lartisanat-langem-double-ses-financements\/","title":{"rendered":"3000 projets soutenus dans l&rsquo;\u00e9conomie verte et l&rsquo;artisanat : L&rsquo;ANGEM double ses financements"},"content":{"rendered":"\n<p>L&rsquo;Agence nationale de gestion du microcr\u00e9dit (ANGEM) confirme sa mont\u00e9e en puissance dans financement de la micro-entreprise r\u00e9v\u00e9lant des performances remarquables pour le premier semestre 2025. Souad Bendjemil, directrice g\u00e9n\u00e9rale de l&rsquo;organisme, a annonc\u00e9 depuis Oran que l&rsquo;ANGEM \u00ab\u00a0a financ\u00e9 environ 3000 projets \u00e0 l&rsquo;\u00e9chelle nationale durant le premier semestre de l&rsquo;ann\u00e9e en cours\u00a0\u00bb, marquant une progression spectaculaire qui t\u00e9moigne de la vitalit\u00e9 entrepreneuriale du pays et de l&rsquo;efficacit\u00e9 des dispositifs de soutien aux micro-entreprises. Cette performance s&rsquo;inscrit dans une dynamique de croissance soutenue qui repositionne l&rsquo;ANGEM comme un acteur incontournable de l&rsquo;\u00e9cosyst\u00e8me \u00e9conomique nationale. La trajectoire ascendante de l&rsquo;agence se mesure par l&rsquo;ampleur de cette progression, la directrice g\u00e9n\u00e9rale pr\u00e9cisant que \u00ab\u00a0le nombre de projets financ\u00e9s par l&rsquo;ANGEM a enregistr\u00e9 une augmentation de 100 % par rapport au premier semestre de l&rsquo;ann\u00e9e derni\u00e8re\u00a0\u00bb. Cette performance intervient alors que \u00ab\u00a0d&rsquo;autres projets sont en cours de financement\u00a0\u00bb, laissant pr\u00e9sager une poursuite de cette tendance haussi\u00e8re sur le second semestre de l&rsquo;ann\u00e9e. L&rsquo;orientation strat\u00e9gique de l&rsquo;ANGEM vers l&rsquo;\u00e9conomie verte constitue l&rsquo;une des innovations les plus significatives de cette p\u00e9riode. Souad Bendjemil explique qu&rsquo;au cours du premier semestre 2025, \u00ab\u00a0les projets li\u00e9s \u00e0 l&rsquo;\u00e9conomie verte ont \u00e9t\u00e9 encourag\u00e9s, \u00e0 travers la mise \u00e0 disposition de moyens pour la collecte de plastique et son traitement dans les usines sp\u00e9cialis\u00e9es dans le recyclage de cette mati\u00e8re g\u00e9n\u00e9ratrice de revenus\u00a0\u00bb. Cette priorit\u00e9 accord\u00e9e au recyclage du plastique r\u00e9pond \u00e0 une double logique environnementale et \u00e9conomique, cr\u00e9ant des opportunit\u00e9s d&#8217;emploi dans un secteur d&rsquo;avenir tout en contribuant \u00e0 la r\u00e9solution de probl\u00e9matiques \u00e9cologiques pressantes. L&rsquo;agence \u00e9tend \u00e9galement son soutien \u00ab\u00a0dans le domaine de la petite agriculture\u00a0\u00bb, secteur strat\u00e9gique pour la s\u00e9curit\u00e9 alimentaire et le d\u00e9veloppement rural.<\/p>\n\n\n\n<p>Cette diversification sectorielle s&rsquo;accompagne d&rsquo;une approche partenariale renforc\u00e9e, notamment mat\u00e9rialis\u00e9e par la convention conclue avec la Chambre nationale de l&rsquo;artisanat et des m\u00e9tiers (CNAM). Cette collaboration institutionnelle permet \u00e0 l&rsquo;ANGEM d&rsquo;\u00e9largir son spectre d&rsquo;intervention au-del\u00e0 du simple financement pour proposer un accompagnement global des entrepreneurs. La participation de l&rsquo;agence au Salon national du jeune artisan d&rsquo;Oran, qui se d\u00e9roule du 19 au 26 juillet au Village m\u00e9diterran\u00e9en, illustre concr\u00e8tement cette d\u00e9marche d&rsquo;accompagnement int\u00e9gr\u00e9 des porteurs de projets.<\/p>\n\n\n\n<p>L&rsquo;innovation majeure de cette approche r\u00e9side dans l&rsquo;introduction de services d&rsquo;accompagnement non financiers qui compl\u00e8tent l&rsquo;offre traditionnelle de cr\u00e9dit. Souad Bendjemil d\u00e9taille que \u00ab\u00a0l&rsquo;ANGEM apporte son soutien \u00e0 cette cat\u00e9gorie d&rsquo;artisans dans plusieurs domaines, notamment dans l&rsquo;aspect non financier, qui concerne l&rsquo;aide \u00e0 la commercialisation, \u00e0 l&rsquo;am\u00e9lioration des produits, et \u00e0 la gestion des micro-entreprises \u00e0 travers des sessions de formation\u00a0\u00bb. &nbsp;L&rsquo;agence propose ces \u00ab\u00a0services gratuits aux artisans pour le d\u00e9veloppement de leur activit\u00e9\u00a0\u00bb, d\u00e9mocratisant l&rsquo;acc\u00e8s \u00e0 une expertise professionnelle souvent co\u00fbteuse pour les micro-entrepreneurs. Cette strat\u00e9gie de services gratuits s&rsquo;inscrit dans une logique d&rsquo;investissement public dans le d\u00e9veloppement de l&rsquo;\u00e9cosyst\u00e8me entrepreneurial, o\u00f9 les b\u00e9n\u00e9fices collectifs justifient la gratuit\u00e9 individuelle des prestations. Le Salon national du jeune artisan, qui rassemble \u00ab\u00a0plus de 90 artisans issus de 35 wilayas\u00a0\u00bb, offre une vitrine exceptionnelle pour mesurer l&rsquo;impact des politiques de soutien \u00e0 l&rsquo;artisanat. Cette manifestation permet aux b\u00e9n\u00e9ficiaires des financements ANGEM d&rsquo;exposer leurs r\u00e9alisations \u00ab\u00a0dans divers domaines de l&rsquo;artisanat d&rsquo;art\u00a0\u00bb, cr\u00e9ant des opportunit\u00e9s de commercialisation directe et de networking professionnel. La repr\u00e9sentativit\u00e9 g\u00e9ographique de l&rsquo;\u00e9v\u00e9nement, couvrant la quasi-totalit\u00e9 du territoire national, t\u00e9moigne de la capillarit\u00e9 territoriale des actions de l&rsquo;ANGEM.<\/p>\n\n\n\n<p>Samir Benisid<\/p>\n","protected":false},"excerpt":{"rendered":"<p>L&rsquo;Agence nationale de gestion du microcr\u00e9dit (ANGEM) confirme sa mont\u00e9e en puissance dans financement de la micro-entreprise r\u00e9v\u00e9lant des performances<\/p>\n","protected":false},"author":6,"featured_media":61169,"comment_status":"open","ping_status":"closed","sticky":false,"template":"","format":"standard","meta":{"colormag_page_container_layout":"default_layout","colormag_page_sidebar_layout":"default_layout","om_disable_all_campaigns":false,"_monsterinsights_skip_tracking":false,"_monsterinsights_sitenote_active":false,"_monsterinsights_sitenote_note":"","_monsterinsights_sitenote_category":0,"footnotes":"","_wpscppro_dont_share_socialmedia":false,"_wpscppro_custom_social_share_image":0,"_facebook_share_type":"default","_twitter_share_type":"default","_linkedin_share_type":"default","_pinterest_share_type":"default","_linkedin_share_type_page":"","_instagram_share_type":"default","_medium_share_type":"default","_threads_share_type":"","_google_business_share_type":"","_selected_social_profile":[],"_wpsp_enable_custom_social_template":false,"_wpsp_social_scheduling":{"enabled":false,"datetime":null,"platforms":[],"status":"template_only","dateOption":"today","timeOption":"now","customDays":"","customHours":"","customDate":"","customTime":"","schedulingType":"absolute"},"_wpsp_active_default_template":true},"categories":[29],"tags":[],"class_list":["post-70666","post","type-post","status-publish","format-standard","has-post-thumbnail","hentry","category-economie"],"aioseo_notices":[],"yoast_head":"<!-- This site is optimized with the Yoast SEO plugin v27.5 - https:\/\/yoast.com\/product\/yoast-seo-wordpress\/ -->\n<title>3000 projets soutenus dans l&rsquo;\u00e9conomie verte et l&rsquo;artisanat : L&rsquo;ANGEM double ses financements - La Sentinelle<\/title>\n<meta name=\"robots\" content=\"index, follow, max-snippet:-1, max-image-preview:large, max-video-preview:-1\" \/>\n<link rel=\"canonical\" href=\"https:\/\/lasentinelle.dz\/index.php\/2025\/07\/21\/3000-projets-soutenus-dans-leconomie-verte-et-lartisanat-langem-double-ses-financements\/\" \/>\n<meta property=\"og:locale\" content=\"fr_FR\" \/>\n<meta property=\"og:type\" content=\"article\" \/>\n<meta property=\"og:title\" content=\"3000 projets soutenus dans l&rsquo;\u00e9conomie verte et l&rsquo;artisanat : L&rsquo;ANGEM double ses financements - La Sentinelle\" \/>\n<meta property=\"og:description\" content=\"L&rsquo;Agence nationale de gestion du microcr\u00e9dit (ANGEM) confirme sa mont\u00e9e en puissance dans financement de la micro-entreprise r\u00e9v\u00e9lant des performances\" \/>\n<meta property=\"og:url\" content=\"https:\/\/lasentinelle.dz\/index.php\/2025\/07\/21\/3000-projets-soutenus-dans-leconomie-verte-et-lartisanat-langem-double-ses-financements\/\" \/>\n<meta property=\"og:site_name\" content=\"La Sentinelle\" \/>\n<meta property=\"article:publisher\" content=\"https:\/\/www.facebook.com\/La-Sentinelle-104059864394773\" \/>\n<meta property=\"article:published_time\" content=\"2025-07-21T11:52:50+00:00\" \/>\n<meta property=\"og:image\" content=\"https:\/\/lasentinelle.dz\/wp-content\/uploads\/2025\/01\/angem.jpg\" \/>\n\t<meta property=\"og:image:width\" content=\"2500\" \/>\n\t<meta property=\"og:image:height\" content=\"1875\" \/>\n\t<meta property=\"og:image:type\" content=\"image\/jpeg\" \/>\n<meta name=\"author\" content=\"admin\" \/>\n<meta name=\"twitter:card\" content=\"summary_large_image\" \/>\n<meta name=\"twitter:label1\" content=\"\u00c9crit par\" \/>\n\t<meta name=\"twitter:data1\" content=\"admin\" \/>\n\t<meta name=\"twitter:label2\" content=\"Dur\u00e9e de lecture estim\u00e9e\" \/>\n\t<meta name=\"twitter:data2\" content=\"3 minutes\" \/>\n<script type=\"application\/ld+json\" class=\"yoast-schema-graph\">{\"@context\":\"https:\\\/\\\/schema.org\",\"@graph\":[{\"@type\":\"Article\",\"@id\":\"https:\\\/\\\/lasentinelle.dz\\\/index.php\\\/2025\\\/07\\\/21\\\/3000-projets-soutenus-dans-leconomie-verte-et-lartisanat-langem-double-ses-financements\\\/#article\",\"isPartOf\":{\"@id\":\"https:\\\/\\\/lasentinelle.dz\\\/index.php\\\/2025\\\/07\\\/21\\\/3000-projets-soutenus-dans-leconomie-verte-et-lartisanat-langem-double-ses-financements\\\/\"},\"author\":{\"name\":\"admin\",\"@id\":\"https:\\\/\\\/lasentinelle.dz\\\/#\\\/schema\\\/person\\\/729ee0024f24e0b8c5ec17232f8e8b41\"},\"headline\":\"3000 projets soutenus dans l&rsquo;\u00e9conomie verte et l&rsquo;artisanat : L&rsquo;ANGEM double ses financements\",\"datePublished\":\"2025-07-21T11:52:50+00:00\",\"mainEntityOfPage\":{\"@id\":\"https:\\\/\\\/lasentinelle.dz\\\/index.php\\\/2025\\\/07\\\/21\\\/3000-projets-soutenus-dans-leconomie-verte-et-lartisanat-langem-double-ses-financements\\\/\"},\"wordCount\":665,\"commentCount\":0,\"publisher\":{\"@id\":\"https:\\\/\\\/lasentinelle.dz\\\/#organization\"},\"image\":{\"@id\":\"https:\\\/\\\/lasentinelle.dz\\\/index.php\\\/2025\\\/07\\\/21\\\/3000-projets-soutenus-dans-leconomie-verte-et-lartisanat-langem-double-ses-financements\\\/#primaryimage\"},\"thumbnailUrl\":\"https:\\\/\\\/lasentinelle.dz\\\/wp-content\\\/uploads\\\/2025\\\/01\\\/angem.jpg\",\"articleSection\":[\"\u00c9conomie\"],\"inLanguage\":\"fr-FR\",\"potentialAction\":[{\"@type\":\"CommentAction\",\"name\":\"Comment\",\"target\":[\"https:\\\/\\\/lasentinelle.dz\\\/index.php\\\/2025\\\/07\\\/21\\\/3000-projets-soutenus-dans-leconomie-verte-et-lartisanat-langem-double-ses-financements\\\/#respond\"]}]},{\"@type\":\"WebPage\",\"@id\":\"https:\\\/\\\/lasentinelle.dz\\\/index.php\\\/2025\\\/07\\\/21\\\/3000-projets-soutenus-dans-leconomie-verte-et-lartisanat-langem-double-ses-financements\\\/\",\"url\":\"https:\\\/\\\/lasentinelle.dz\\\/index.php\\\/2025\\\/07\\\/21\\\/3000-projets-soutenus-dans-leconomie-verte-et-lartisanat-langem-double-ses-financements\\\/\",\"name\":\"3000 projets soutenus dans l&rsquo;\u00e9conomie verte et l&rsquo;artisanat : L&rsquo;ANGEM double ses financements - La Sentinelle\",\"isPartOf\":{\"@id\":\"https:\\\/\\\/lasentinelle.dz\\\/#website\"},\"primaryImageOfPage\":{\"@id\":\"https:\\\/\\\/lasentinelle.dz\\\/index.php\\\/2025\\\/07\\\/21\\\/3000-projets-soutenus-dans-leconomie-verte-et-lartisanat-langem-double-ses-financements\\\/#primaryimage\"},\"image\":{\"@id\":\"https:\\\/\\\/lasentinelle.dz\\\/index.php\\\/2025\\\/07\\\/21\\\/3000-projets-soutenus-dans-leconomie-verte-et-lartisanat-langem-double-ses-financements\\\/#primaryimage\"},\"thumbnailUrl\":\"https:\\\/\\\/lasentinelle.dz\\\/wp-content\\\/uploads\\\/2025\\\/01\\\/angem.jpg\",\"datePublished\":\"2025-07-21T11:52:50+00:00\",\"breadcrumb\":{\"@id\":\"https:\\\/\\\/lasentinelle.dz\\\/index.php\\\/2025\\\/07\\\/21\\\/3000-projets-soutenus-dans-leconomie-verte-et-lartisanat-langem-double-ses-financements\\\/#breadcrumb\"},\"inLanguage\":\"fr-FR\",\"potentialAction\":[{\"@type\":\"ReadAction\",\"target\":[\"https:\\\/\\\/lasentinelle.dz\\\/index.php\\\/2025\\\/07\\\/21\\\/3000-projets-soutenus-dans-leconomie-verte-et-lartisanat-langem-double-ses-financements\\\/\"]}]},{\"@type\":\"ImageObject\",\"inLanguage\":\"fr-FR\",\"@id\":\"https:\\\/\\\/lasentinelle.dz\\\/index.php\\\/2025\\\/07\\\/21\\\/3000-projets-soutenus-dans-leconomie-verte-et-lartisanat-langem-double-ses-financements\\\/#primaryimage\",\"url\":\"https:\\\/\\\/lasentinelle.dz\\\/wp-content\\\/uploads\\\/2025\\\/01\\\/angem.jpg\",\"contentUrl\":\"https:\\\/\\\/lasentinelle.dz\\\/wp-content\\\/uploads\\\/2025\\\/01\\\/angem.jpg\",\"width\":2500,\"height\":1875},{\"@type\":\"BreadcrumbList\",\"@id\":\"https:\\\/\\\/lasentinelle.dz\\\/index.php\\\/2025\\\/07\\\/21\\\/3000-projets-soutenus-dans-leconomie-verte-et-lartisanat-langem-double-ses-financements\\\/#breadcrumb\",\"itemListElement\":[{\"@type\":\"ListItem\",\"position\":1,\"name\":\"Accueil\",\"item\":\"https:\\\/\\\/lasentinelle.dz\\\/\"},{\"@type\":\"ListItem\",\"position\":2,\"name\":\"3000 projets soutenus dans l&rsquo;\u00e9conomie verte et l&rsquo;artisanat : L&rsquo;ANGEM double ses financements\"}]},{\"@type\":\"WebSite\",\"@id\":\"https:\\\/\\\/lasentinelle.dz\\\/#website\",\"url\":\"https:\\\/\\\/lasentinelle.dz\\\/\",\"name\":\"La Sentinelle\",\"description\":\"Quotidien national d&#039;information\",\"publisher\":{\"@id\":\"https:\\\/\\\/lasentinelle.dz\\\/#organization\"},\"potentialAction\":[{\"@type\":\"SearchAction\",\"target\":{\"@type\":\"EntryPoint\",\"urlTemplate\":\"https:\\\/\\\/lasentinelle.dz\\\/?s={search_term_string}\"},\"query-input\":{\"@type\":\"PropertyValueSpecification\",\"valueRequired\":true,\"valueName\":\"search_term_string\"}}],\"inLanguage\":\"fr-FR\"},{\"@type\":\"Organization\",\"@id\":\"https:\\\/\\\/lasentinelle.dz\\\/#organization\",\"name\":\"Quotidien La Sentinelle\",\"url\":\"https:\\\/\\\/lasentinelle.dz\\\/\",\"logo\":{\"@type\":\"ImageObject\",\"inLanguage\":\"fr-FR\",\"@id\":\"https:\\\/\\\/lasentinelle.dz\\\/#\\\/schema\\\/logo\\\/image\\\/\",\"url\":\"https:\\\/\\\/lasentinelle.dz\\\/wp-content\\\/uploads\\\/2021\\\/09\\\/logo-sentinelleSLOGAN-1.png\",\"contentUrl\":\"https:\\\/\\\/lasentinelle.dz\\\/wp-content\\\/uploads\\\/2021\\\/09\\\/logo-sentinelleSLOGAN-1.png\",\"width\":615,\"height\":142,\"caption\":\"Quotidien La Sentinelle\"},\"image\":{\"@id\":\"https:\\\/\\\/lasentinelle.dz\\\/#\\\/schema\\\/logo\\\/image\\\/\"},\"sameAs\":[\"https:\\\/\\\/www.facebook.com\\\/La-Sentinelle-104059864394773\"]},{\"@type\":\"Person\",\"@id\":\"https:\\\/\\\/lasentinelle.dz\\\/#\\\/schema\\\/person\\\/729ee0024f24e0b8c5ec17232f8e8b41\",\"name\":\"admin\",\"image\":{\"@type\":\"ImageObject\",\"inLanguage\":\"fr-FR\",\"@id\":\"https:\\\/\\\/secure.gravatar.com\\\/avatar\\\/4c81fed838786e9b53f540bf46533e750f5d292099ae3b66cfc6fb1982e29df7?s=96&d=mm&r=g\",\"url\":\"https:\\\/\\\/secure.gravatar.com\\\/avatar\\\/4c81fed838786e9b53f540bf46533e750f5d292099ae3b66cfc6fb1982e29df7?s=96&d=mm&r=g\",\"contentUrl\":\"https:\\\/\\\/secure.gravatar.com\\\/avatar\\\/4c81fed838786e9b53f540bf46533e750f5d292099ae3b66cfc6fb1982e29df7?s=96&d=mm&r=g\",\"caption\":\"admin\"},\"description\":\"admin\",\"url\":\"https:\\\/\\\/lasentinelle.dz\\\/author\\\/admin\\\/\"}]}<\/script>\n<!-- \/ Yoast SEO plugin. -->","yoast_head_json":{"title":"3000 projets soutenus dans l&rsquo;\u00e9conomie verte et l&rsquo;artisanat : L&rsquo;ANGEM double ses financements - La Sentinelle","robots":{"index":"index","follow":"follow","max-snippet":"max-snippet:-1","max-image-preview":"max-image-preview:large","max-video-preview":"max-video-preview:-1"},"canonical":"https:\/\/lasentinelle.dz\/index.php\/2025\/07\/21\/3000-projets-soutenus-dans-leconomie-verte-et-lartisanat-langem-double-ses-financements\/","og_locale":"fr_FR","og_type":"article","og_title":"3000 projets soutenus dans l&rsquo;\u00e9conomie verte et l&rsquo;artisanat : L&rsquo;ANGEM double ses financements - La Sentinelle","og_description":"L&rsquo;Agence nationale de gestion du microcr\u00e9dit (ANGEM) confirme sa mont\u00e9e en puissance dans financement de la micro-entreprise r\u00e9v\u00e9lant des performances","og_url":"https:\/\/lasentinelle.dz\/index.php\/2025\/07\/21\/3000-projets-soutenus-dans-leconomie-verte-et-lartisanat-langem-double-ses-financements\/","og_site_name":"La Sentinelle","article_publisher":"https:\/\/www.facebook.com\/La-Sentinelle-104059864394773","article_published_time":"2025-07-21T11:52:50+00:00","og_image":[{"width":2500,"height":1875,"url":"https:\/\/lasentinelle.dz\/wp-content\/uploads\/2025\/01\/angem.jpg","type":"image\/jpeg"}],"author":"admin","twitter_card":"summary_large_image","twitter_misc":{"\u00c9crit par":"admin","Dur\u00e9e de lecture estim\u00e9e":"3 minutes"},"schema":{"@context":"https:\/\/schema.org","@graph":[{"@type":"Article","@id":"https:\/\/lasentinelle.dz\/index.php\/2025\/07\/21\/3000-projets-soutenus-dans-leconomie-verte-et-lartisanat-langem-double-ses-financements\/#article","isPartOf":{"@id":"https:\/\/lasentinelle.dz\/index.php\/2025\/07\/21\/3000-projets-soutenus-dans-leconomie-verte-et-lartisanat-langem-double-ses-financements\/"},"author":{"name":"admin","@id":"https:\/\/lasentinelle.dz\/#\/schema\/person\/729ee0024f24e0b8c5ec17232f8e8b41"},"headline":"3000 projets soutenus dans l&rsquo;\u00e9conomie verte et l&rsquo;artisanat : L&rsquo;ANGEM double ses financements","datePublished":"2025-07-21T11:52:50+00:00","mainEntityOfPage":{"@id":"https:\/\/lasentinelle.dz\/index.php\/2025\/07\/21\/3000-projets-soutenus-dans-leconomie-verte-et-lartisanat-langem-double-ses-financements\/"},"wordCount":665,"commentCount":0,"publisher":{"@id":"https:\/\/lasentinelle.dz\/#organization"},"image":{"@id":"https:\/\/lasentinelle.dz\/index.php\/2025\/07\/21\/3000-projets-soutenus-dans-leconomie-verte-et-lartisanat-langem-double-ses-financements\/#primaryimage"},"thumbnailUrl":"https:\/\/lasentinelle.dz\/wp-content\/uploads\/2025\/01\/angem.jpg","articleSection":["\u00c9conomie"],"inLanguage":"fr-FR","potentialAction":[{"@type":"CommentAction","name":"Comment","target":["https:\/\/lasentinelle.dz\/index.php\/2025\/07\/21\/3000-projets-soutenus-dans-leconomie-verte-et-lartisanat-langem-double-ses-financements\/#respond"]}]},{"@type":"WebPage","@id":"https:\/\/lasentinelle.dz\/index.php\/2025\/07\/21\/3000-projets-soutenus-dans-leconomie-verte-et-lartisanat-langem-double-ses-financements\/","url":"https:\/\/lasentinelle.dz\/index.php\/2025\/07\/21\/3000-projets-soutenus-dans-leconomie-verte-et-lartisanat-langem-double-ses-financements\/","name":"3000 projets soutenus dans l&rsquo;\u00e9conomie verte et l&rsquo;artisanat : L&rsquo;ANGEM double ses financements - La Sentinelle","isPartOf":{"@id":"https:\/\/lasentinelle.dz\/#website"},"primaryImageOfPage":{"@id":"https:\/\/lasentinelle.dz\/index.php\/2025\/07\/21\/3000-projets-soutenus-dans-leconomie-verte-et-lartisanat-langem-double-ses-financements\/#primaryimage"},"image":{"@id":"https:\/\/lasentinelle.dz\/index.php\/2025\/07\/21\/3000-projets-soutenus-dans-leconomie-verte-et-lartisanat-langem-double-ses-financements\/#primaryimage"},"thumbnailUrl":"https:\/\/lasentinelle.dz\/wp-content\/uploads\/2025\/01\/angem.jpg","datePublished":"2025-07-21T11:52:50+00:00","breadcrumb":{"@id":"https:\/\/lasentinelle.dz\/index.php\/2025\/07\/21\/3000-projets-soutenus-dans-leconomie-verte-et-lartisanat-langem-double-ses-financements\/#breadcrumb"},"inLanguage":"fr-FR","potentialAction":[{"@type":"ReadAction","target":["https:\/\/lasentinelle.dz\/index.php\/2025\/07\/21\/3000-projets-soutenus-dans-leconomie-verte-et-lartisanat-langem-double-ses-financements\/"]}]},{"@type":"ImageObject","inLanguage":"fr-FR","@id":"https:\/\/lasentinelle.dz\/index.php\/2025\/07\/21\/3000-projets-soutenus-dans-leconomie-verte-et-lartisanat-langem-double-ses-financements\/#primaryimage","url":"https:\/\/lasentinelle.dz\/wp-content\/uploads\/2025\/01\/angem.jpg","contentUrl":"https:\/\/lasentinelle.dz\/wp-content\/uploads\/2025\/01\/angem.jpg","width":2500,"height":1875},{"@type":"BreadcrumbList","@id":"https:\/\/lasentinelle.dz\/index.php\/2025\/07\/21\/3000-projets-soutenus-dans-leconomie-verte-et-lartisanat-langem-double-ses-financements\/#breadcrumb","itemListElement":[{"@type":"ListItem","position":1,"name":"Accueil","item":"https:\/\/lasentinelle.dz\/"},{"@type":"ListItem","position":2,"name":"3000 projets soutenus dans l&rsquo;\u00e9conomie verte et l&rsquo;artisanat : L&rsquo;ANGEM double ses financements"}]},{"@type":"WebSite","@id":"https:\/\/lasentinelle.dz\/#website","url":"https:\/\/lasentinelle.dz\/","name":"La Sentinelle","description":"Quotidien national d&#039;information","publisher":{"@id":"https:\/\/lasentinelle.dz\/#organization"},"potentialAction":[{"@type":"SearchAction","target":{"@type":"EntryPoint","urlTemplate":"https:\/\/lasentinelle.dz\/?s={search_term_string}"},"query-input":{"@type":"PropertyValueSpecification","valueRequired":true,"valueName":"search_term_string"}}],"inLanguage":"fr-FR"},{"@type":"Organization","@id":"https:\/\/lasentinelle.dz\/#organization","name":"Quotidien La Sentinelle","url":"https:\/\/lasentinelle.dz\/","logo":{"@type":"ImageObject","inLanguage":"fr-FR","@id":"https:\/\/lasentinelle.dz\/#\/schema\/logo\/image\/","url":"https:\/\/lasentinelle.dz\/wp-content\/uploads\/2021\/09\/logo-sentinelleSLOGAN-1.png","contentUrl":"https:\/\/lasentinelle.dz\/wp-content\/uploads\/2021\/09\/logo-sentinelleSLOGAN-1.png","width":615,"height":142,"caption":"Quotidien La Sentinelle"},"image":{"@id":"https:\/\/lasentinelle.dz\/#\/schema\/logo\/image\/"},"sameAs":["https:\/\/www.facebook.com\/La-Sentinelle-104059864394773"]},{"@type":"Person","@id":"https:\/\/lasentinelle.dz\/#\/schema\/person\/729ee0024f24e0b8c5ec17232f8e8b41","name":"admin","image":{"@type":"ImageObject","inLanguage":"fr-FR","@id":"https:\/\/secure.gravatar.com\/avatar\/4c81fed838786e9b53f540bf46533e750f5d292099ae3b66cfc6fb1982e29df7?s=96&d=mm&r=g","url":"https:\/\/secure.gravatar.com\/avatar\/4c81fed838786e9b53f540bf46533e750f5d292099ae3b66cfc6fb1982e29df7?s=96&d=mm&r=g","contentUrl":"https:\/\/secure.gravatar.com\/avatar\/4c81fed838786e9b53f540bf46533e750f5d292099ae3b66cfc6fb1982e29df7?s=96&d=mm&r=g","caption":"admin"},"description":"admin","url":"https:\/\/lasentinelle.dz\/author\/admin\/"}]}},"_links":{"self":[{"href":"https:\/\/lasentinelle.dz\/index.php\/wp-json\/wp\/v2\/posts\/70666","targetHints":{"allow":["GET"]}}],"collection":[{"href":"https:\/\/lasentinelle.dz\/index.php\/wp-json\/wp\/v2\/posts"}],"about":[{"href":"https:\/\/lasentinelle.dz\/index.php\/wp-json\/wp\/v2\/types\/post"}],"author":[{"embeddable":true,"href":"https:\/\/lasentinelle.dz\/index.php\/wp-json\/wp\/v2\/users\/6"}],"replies":[{"embeddable":true,"href":"https:\/\/lasentinelle.dz\/index.php\/wp-json\/wp\/v2\/comments?post=70666"}],"version-history":[{"count":2,"href":"https:\/\/lasentinelle.dz\/index.php\/wp-json\/wp\/v2\/posts\/70666\/revisions"}],"predecessor-version":[{"id":70668,"href":"https:\/\/lasentinelle.dz\/index.php\/wp-json\/wp\/v2\/posts\/70666\/revisions\/70668"}],"wp:featuredmedia":[{"embeddable":true,"href":"https:\/\/lasentinelle.dz\/index.php\/wp-json\/wp\/v2\/media\/61169"}],"wp:attachment":[{"href":"https:\/\/lasentinelle.dz\/index.php\/wp-json\/wp\/v2\/media?parent=70666"}],"wp:term":[{"taxonomy":"category","embeddable":true,"href":"https:\/\/lasentinelle.dz\/index.php\/wp-json\/wp\/v2\/categories?post=70666"},{"taxonomy":"post_tag","embeddable":true,"href":"https:\/\/lasentinelle.dz\/index.php\/wp-json\/wp\/v2\/tags?post=70666"}],"curies":[{"name":"wp","href":"https:\/\/api.w.org\/{rel}","templated":true}]}}