{"id":70680,"date":"2025-07-21T13:03:30","date_gmt":"2025-07-21T12:03:30","guid":{"rendered":"https:\/\/lasentinelle.dz\/?p=70680"},"modified":"2025-07-21T13:03:31","modified_gmt":"2025-07-21T12:03:31","slug":"un-dispositif-anti-incendie-muscle-19-000-agents-mobilises-pour-proteger-nos-forets","status":"publish","type":"post","link":"https:\/\/lasentinelle.dz\/index.php\/2025\/07\/21\/un-dispositif-anti-incendie-muscle-19-000-agents-mobilises-pour-proteger-nos-forets\/","title":{"rendered":"Un dispositif anti-incendie muscl\u00e9 : 19.000 agents mobilis\u00e9s pour prot\u00e9ger nos for\u00eats"},"content":{"rendered":"\n<p>Face \u00e0 l&rsquo;intensification des risques d&rsquo;incendies de for\u00eats li\u00e9e aux changements climatiques et \u00e0 la hausse sensible des temp\u00e9ratures, la Direction g\u00e9n\u00e9rale de la Protection civile a mis en place un dispositif de protection d&rsquo;une ampleur exceptionnelle. Sous la direction du Colonel Boualem Bourelaf, plus de 19.000 agents d&rsquo;intervention sont mobilis\u00e9s \u00e0 travers le territoire national pour la saison estivale 2025. Ce dispositif colossal s&rsquo;articule autour d&rsquo;une infrastructure impressionnante : 505 unit\u00e9s de la Protection Civile r\u00e9parties sur l&rsquo;ensemble du territoire, appuy\u00e9es par 704 camions anti-incendie et engins d&rsquo;extinction derni\u00e8re g\u00e9n\u00e9ration. L&rsquo;organisation territoriale comprend \u00e9galement 3.770 centres de surveillance, dont 65 centres mobiles d\u00e9di\u00e9s \u00e0 l&rsquo;intervention rapide, garantissant une couverture optimale et une r\u00e9activit\u00e9 maximale.<\/p>\n\n\n\n<p>La strat\u00e9gie op\u00e9rationnelle repose sur six colonnes mobiles de lutte contre les incendies, regroupant 198 agents sp\u00e9cialis\u00e9s, ainsi que sur six d\u00e9tachements r\u00e9gionaux de renfort aux interventions de feux de for\u00eat (DRIFF). Cette organisation permet une coordination efficace entre les diff\u00e9rents \u00e9chelons d&rsquo;intervention et assure une capacit\u00e9 de d\u00e9ploiement rapide sur tous les fronts. L&rsquo;arsenal a\u00e9rien constitue l&rsquo;un des atouts majeurs de ce dispositif. La Protection Civile a mobilis\u00e9 150 agents du groupement a\u00e9rien, op\u00e9rant avec 6 h\u00e9licopt\u00e8res de la DGPC, 2 appareils Zlin de reconnaissance et 12 avions bombardiers de type AT 802. Cette flotte est compl\u00e9t\u00e9e par les moyens de l&rsquo;Arm\u00e9e Nationale Populaire, incluant 2 avions bombardiers B 200 et 6 h\u00e9licopt\u00e8res de type MI 26, ainsi que par les h\u00e9licopt\u00e8res des services de s\u00e9curit\u00e9 (Commandement de la Gendarmerie Nationale et Direction G\u00e9n\u00e9rale de la S\u00fbret\u00e9 Nationale). Cette capacit\u00e9 a\u00e9rienne permet non seulement la d\u00e9tection pr\u00e9coce des foyers d&rsquo;incendie gr\u00e2ce aux missions de reconnaissance, mais aussi l&rsquo;intervention imm\u00e9diate par largage d&rsquo;eau et de produits retardants sur les zones les plus critiques.<\/p>\n\n\n\n<p>Le Colonel Bourelaf, actuellement en tourn\u00e9e d&rsquo;inspection dans les wilayas de l&rsquo;Est (El Tarf, Khenchela, Beja\u00efa et Tizi-Ouzou) du 20 au 24 juillet, souligne l&rsquo;importance de la coordination avec les diff\u00e9rents partenaires. \u00ab\u00a0La lutte contre les feux de for\u00eats n\u00e9cessite une synergie parfaite entre la Protection Civile, la Conservation des For\u00eats, la Gendarmerie et la S\u00fbret\u00e9 Nationales\u00a0\u00bb, pr\u00e9cise-t-il.Cette approche int\u00e9gr\u00e9e s&rsquo;inscrit dans la strat\u00e9gie nationale visant \u00e0 r\u00e9duire les effets des catastrophes naturelles et \u00e0 prot\u00e9ger les zones foresti\u00e8res et d&rsquo;habitation contre les risques d&rsquo;incendie, tout en pr\u00e9servant les vies humaines, les biens et la richesse foresti\u00e8re nationale.<\/p>\n\n\n\n<p>Chokri Hafed<\/p>\n","protected":false},"excerpt":{"rendered":"<p>Face \u00e0 l&rsquo;intensification des risques d&rsquo;incendies de for\u00eats li\u00e9e aux changements climatiques et \u00e0 la hausse sensible des temp\u00e9ratures, la<\/p>\n","protected":false},"author":6,"featured_media":70681,"comment_status":"open","ping_status":"closed","sticky":false,"template":"","format":"standard","meta":{"colormag_page_container_layout":"default_layout","colormag_page_sidebar_layout":"default_layout","om_disable_all_campaigns":false,"_monsterinsights_skip_tracking":false,"_monsterinsights_sitenote_active":false,"_monsterinsights_sitenote_note":"","_monsterinsights_sitenote_category":0,"footnotes":"","_wpscppro_dont_share_socialmedia":false,"_wpscppro_custom_social_share_image":0,"_facebook_share_type":"default","_twitter_share_type":"default","_linkedin_share_type":"default","_pinterest_share_type":"default","_linkedin_share_type_page":"","_instagram_share_type":"default","_medium_share_type":"default","_threads_share_type":"","_google_business_share_type":"","_selected_social_profile":[],"_wpsp_enable_custom_social_template":false,"_wpsp_social_scheduling":{"enabled":false,"datetime":null,"platforms":[],"status":"template_only","dateOption":"today","timeOption":"now","customDays":"","customHours":"","customDate":"","customTime":"","schedulingType":"absolute"},"_wpsp_active_default_template":true},"categories":[27],"tags":[],"class_list":["post-70680","post","type-post","status-publish","format-standard","has-post-thumbnail","hentry","category-actualite"],"aioseo_notices":[],"yoast_head":"<!-- This site is optimized with the Yoast SEO plugin v27.5 - https:\/\/yoast.com\/product\/yoast-seo-wordpress\/ -->\n<title>Un dispositif anti-incendie muscl\u00e9 : 19.000 agents mobilis\u00e9s pour prot\u00e9ger nos for\u00eats - La Sentinelle<\/title>\n<meta name=\"robots\" content=\"index, follow, max-snippet:-1, max-image-preview:large, max-video-preview:-1\" \/>\n<link rel=\"canonical\" href=\"https:\/\/lasentinelle.dz\/index.php\/2025\/07\/21\/un-dispositif-anti-incendie-muscle-19-000-agents-mobilises-pour-proteger-nos-forets\/\" \/>\n<meta property=\"og:locale\" content=\"fr_FR\" \/>\n<meta property=\"og:type\" content=\"article\" \/>\n<meta property=\"og:title\" content=\"Un dispositif anti-incendie muscl\u00e9 : 19.000 agents mobilis\u00e9s pour prot\u00e9ger nos for\u00eats - La Sentinelle\" \/>\n<meta property=\"og:description\" content=\"Face \u00e0 l&rsquo;intensification des risques d&rsquo;incendies de for\u00eats li\u00e9e aux changements climatiques et \u00e0 la hausse sensible des temp\u00e9ratures, la\" \/>\n<meta property=\"og:url\" content=\"https:\/\/lasentinelle.dz\/index.php\/2025\/07\/21\/un-dispositif-anti-incendie-muscle-19-000-agents-mobilises-pour-proteger-nos-forets\/\" \/>\n<meta property=\"og:site_name\" content=\"La Sentinelle\" \/>\n<meta property=\"article:publisher\" content=\"https:\/\/www.facebook.com\/La-Sentinelle-104059864394773\" \/>\n<meta property=\"article:published_time\" content=\"2025-07-21T12:03:30+00:00\" \/>\n<meta property=\"article:modified_time\" content=\"2025-07-21T12:03:31+00:00\" \/>\n<meta property=\"og:image\" content=\"https:\/\/lasentinelle.dz\/wp-content\/uploads\/2025\/07\/protection-civike.jpg\" \/>\n\t<meta property=\"og:image:width\" content=\"960\" \/>\n\t<meta property=\"og:image:height\" content=\"640\" \/>\n\t<meta property=\"og:image:type\" content=\"image\/jpeg\" \/>\n<meta name=\"author\" content=\"admin\" \/>\n<meta name=\"twitter:card\" content=\"summary_large_image\" \/>\n<meta name=\"twitter:label1\" content=\"\u00c9crit par\" \/>\n\t<meta name=\"twitter:data1\" content=\"admin\" \/>\n\t<meta name=\"twitter:label2\" content=\"Dur\u00e9e de lecture estim\u00e9e\" \/>\n\t<meta name=\"twitter:data2\" content=\"3 minutes\" \/>\n<script type=\"application\/ld+json\" class=\"yoast-schema-graph\">{\"@context\":\"https:\\\/\\\/schema.org\",\"@graph\":[{\"@type\":\"Article\",\"@id\":\"https:\\\/\\\/lasentinelle.dz\\\/index.php\\\/2025\\\/07\\\/21\\\/un-dispositif-anti-incendie-muscle-19-000-agents-mobilises-pour-proteger-nos-forets\\\/#article\",\"isPartOf\":{\"@id\":\"https:\\\/\\\/lasentinelle.dz\\\/index.php\\\/2025\\\/07\\\/21\\\/un-dispositif-anti-incendie-muscle-19-000-agents-mobilises-pour-proteger-nos-forets\\\/\"},\"author\":{\"name\":\"admin\",\"@id\":\"https:\\\/\\\/lasentinelle.dz\\\/#\\\/schema\\\/person\\\/729ee0024f24e0b8c5ec17232f8e8b41\"},\"headline\":\"Un dispositif anti-incendie muscl\u00e9 : 19.000 agents mobilis\u00e9s pour prot\u00e9ger nos for\u00eats\",\"datePublished\":\"2025-07-21T12:03:30+00:00\",\"dateModified\":\"2025-07-21T12:03:31+00:00\",\"mainEntityOfPage\":{\"@id\":\"https:\\\/\\\/lasentinelle.dz\\\/index.php\\\/2025\\\/07\\\/21\\\/un-dispositif-anti-incendie-muscle-19-000-agents-mobilises-pour-proteger-nos-forets\\\/\"},\"wordCount\":461,\"commentCount\":0,\"publisher\":{\"@id\":\"https:\\\/\\\/lasentinelle.dz\\\/#organization\"},\"image\":{\"@id\":\"https:\\\/\\\/lasentinelle.dz\\\/index.php\\\/2025\\\/07\\\/21\\\/un-dispositif-anti-incendie-muscle-19-000-agents-mobilises-pour-proteger-nos-forets\\\/#primaryimage\"},\"thumbnailUrl\":\"https:\\\/\\\/lasentinelle.dz\\\/wp-content\\\/uploads\\\/2025\\\/07\\\/protection-civike.jpg\",\"articleSection\":[\"Actualit\u00e9\"],\"inLanguage\":\"fr-FR\",\"potentialAction\":[{\"@type\":\"CommentAction\",\"name\":\"Comment\",\"target\":[\"https:\\\/\\\/lasentinelle.dz\\\/index.php\\\/2025\\\/07\\\/21\\\/un-dispositif-anti-incendie-muscle-19-000-agents-mobilises-pour-proteger-nos-forets\\\/#respond\"]}]},{\"@type\":\"WebPage\",\"@id\":\"https:\\\/\\\/lasentinelle.dz\\\/index.php\\\/2025\\\/07\\\/21\\\/un-dispositif-anti-incendie-muscle-19-000-agents-mobilises-pour-proteger-nos-forets\\\/\",\"url\":\"https:\\\/\\\/lasentinelle.dz\\\/index.php\\\/2025\\\/07\\\/21\\\/un-dispositif-anti-incendie-muscle-19-000-agents-mobilises-pour-proteger-nos-forets\\\/\",\"name\":\"Un dispositif anti-incendie muscl\u00e9 : 19.000 agents mobilis\u00e9s pour prot\u00e9ger nos for\u00eats - La Sentinelle\",\"isPartOf\":{\"@id\":\"https:\\\/\\\/lasentinelle.dz\\\/#website\"},\"primaryImageOfPage\":{\"@id\":\"https:\\\/\\\/lasentinelle.dz\\\/index.php\\\/2025\\\/07\\\/21\\\/un-dispositif-anti-incendie-muscle-19-000-agents-mobilises-pour-proteger-nos-forets\\\/#primaryimage\"},\"image\":{\"@id\":\"https:\\\/\\\/lasentinelle.dz\\\/index.php\\\/2025\\\/07\\\/21\\\/un-dispositif-anti-incendie-muscle-19-000-agents-mobilises-pour-proteger-nos-forets\\\/#primaryimage\"},\"thumbnailUrl\":\"https:\\\/\\\/lasentinelle.dz\\\/wp-content\\\/uploads\\\/2025\\\/07\\\/protection-civike.jpg\",\"datePublished\":\"2025-07-21T12:03:30+00:00\",\"dateModified\":\"2025-07-21T12:03:31+00:00\",\"breadcrumb\":{\"@id\":\"https:\\\/\\\/lasentinelle.dz\\\/index.php\\\/2025\\\/07\\\/21\\\/un-dispositif-anti-incendie-muscle-19-000-agents-mobilises-pour-proteger-nos-forets\\\/#breadcrumb\"},\"inLanguage\":\"fr-FR\",\"potentialAction\":[{\"@type\":\"ReadAction\",\"target\":[\"https:\\\/\\\/lasentinelle.dz\\\/index.php\\\/2025\\\/07\\\/21\\\/un-dispositif-anti-incendie-muscle-19-000-agents-mobilises-pour-proteger-nos-forets\\\/\"]}]},{\"@type\":\"ImageObject\",\"inLanguage\":\"fr-FR\",\"@id\":\"https:\\\/\\\/lasentinelle.dz\\\/index.php\\\/2025\\\/07\\\/21\\\/un-dispositif-anti-incendie-muscle-19-000-agents-mobilises-pour-proteger-nos-forets\\\/#primaryimage\",\"url\":\"https:\\\/\\\/lasentinelle.dz\\\/wp-content\\\/uploads\\\/2025\\\/07\\\/protection-civike.jpg\",\"contentUrl\":\"https:\\\/\\\/lasentinelle.dz\\\/wp-content\\\/uploads\\\/2025\\\/07\\\/protection-civike.jpg\",\"width\":960,\"height\":640},{\"@type\":\"BreadcrumbList\",\"@id\":\"https:\\\/\\\/lasentinelle.dz\\\/index.php\\\/2025\\\/07\\\/21\\\/un-dispositif-anti-incendie-muscle-19-000-agents-mobilises-pour-proteger-nos-forets\\\/#breadcrumb\",\"itemListElement\":[{\"@type\":\"ListItem\",\"position\":1,\"name\":\"Accueil\",\"item\":\"https:\\\/\\\/lasentinelle.dz\\\/\"},{\"@type\":\"ListItem\",\"position\":2,\"name\":\"Un dispositif anti-incendie muscl\u00e9 : 19.000 agents mobilis\u00e9s pour prot\u00e9ger nos for\u00eats\"}]},{\"@type\":\"WebSite\",\"@id\":\"https:\\\/\\\/lasentinelle.dz\\\/#website\",\"url\":\"https:\\\/\\\/lasentinelle.dz\\\/\",\"name\":\"La Sentinelle\",\"description\":\"Quotidien national d&#039;information\",\"publisher\":{\"@id\":\"https:\\\/\\\/lasentinelle.dz\\\/#organization\"},\"potentialAction\":[{\"@type\":\"SearchAction\",\"target\":{\"@type\":\"EntryPoint\",\"urlTemplate\":\"https:\\\/\\\/lasentinelle.dz\\\/?s={search_term_string}\"},\"query-input\":{\"@type\":\"PropertyValueSpecification\",\"valueRequired\":true,\"valueName\":\"search_term_string\"}}],\"inLanguage\":\"fr-FR\"},{\"@type\":\"Organization\",\"@id\":\"https:\\\/\\\/lasentinelle.dz\\\/#organization\",\"name\":\"Quotidien La Sentinelle\",\"url\":\"https:\\\/\\\/lasentinelle.dz\\\/\",\"logo\":{\"@type\":\"ImageObject\",\"inLanguage\":\"fr-FR\",\"@id\":\"https:\\\/\\\/lasentinelle.dz\\\/#\\\/schema\\\/logo\\\/image\\\/\",\"url\":\"https:\\\/\\\/lasentinelle.dz\\\/wp-content\\\/uploads\\\/2021\\\/09\\\/logo-sentinelleSLOGAN-1.png\",\"contentUrl\":\"https:\\\/\\\/lasentinelle.dz\\\/wp-content\\\/uploads\\\/2021\\\/09\\\/logo-sentinelleSLOGAN-1.png\",\"width\":615,\"height\":142,\"caption\":\"Quotidien La Sentinelle\"},\"image\":{\"@id\":\"https:\\\/\\\/lasentinelle.dz\\\/#\\\/schema\\\/logo\\\/image\\\/\"},\"sameAs\":[\"https:\\\/\\\/www.facebook.com\\\/La-Sentinelle-104059864394773\"]},{\"@type\":\"Person\",\"@id\":\"https:\\\/\\\/lasentinelle.dz\\\/#\\\/schema\\\/person\\\/729ee0024f24e0b8c5ec17232f8e8b41\",\"name\":\"admin\",\"image\":{\"@type\":\"ImageObject\",\"inLanguage\":\"fr-FR\",\"@id\":\"https:\\\/\\\/secure.gravatar.com\\\/avatar\\\/4c81fed838786e9b53f540bf46533e750f5d292099ae3b66cfc6fb1982e29df7?s=96&d=mm&r=g\",\"url\":\"https:\\\/\\\/secure.gravatar.com\\\/avatar\\\/4c81fed838786e9b53f540bf46533e750f5d292099ae3b66cfc6fb1982e29df7?s=96&d=mm&r=g\",\"contentUrl\":\"https:\\\/\\\/secure.gravatar.com\\\/avatar\\\/4c81fed838786e9b53f540bf46533e750f5d292099ae3b66cfc6fb1982e29df7?s=96&d=mm&r=g\",\"caption\":\"admin\"},\"description\":\"admin\",\"url\":\"https:\\\/\\\/lasentinelle.dz\\\/author\\\/admin\\\/\"}]}<\/script>\n<!-- \/ Yoast SEO plugin. -->","yoast_head_json":{"title":"Un dispositif anti-incendie muscl\u00e9 : 19.000 agents mobilis\u00e9s pour prot\u00e9ger nos for\u00eats - La Sentinelle","robots":{"index":"index","follow":"follow","max-snippet":"max-snippet:-1","max-image-preview":"max-image-preview:large","max-video-preview":"max-video-preview:-1"},"canonical":"https:\/\/lasentinelle.dz\/index.php\/2025\/07\/21\/un-dispositif-anti-incendie-muscle-19-000-agents-mobilises-pour-proteger-nos-forets\/","og_locale":"fr_FR","og_type":"article","og_title":"Un dispositif anti-incendie muscl\u00e9 : 19.000 agents mobilis\u00e9s pour prot\u00e9ger nos for\u00eats - La Sentinelle","og_description":"Face \u00e0 l&rsquo;intensification des risques d&rsquo;incendies de for\u00eats li\u00e9e aux changements climatiques et \u00e0 la hausse sensible des temp\u00e9ratures, la","og_url":"https:\/\/lasentinelle.dz\/index.php\/2025\/07\/21\/un-dispositif-anti-incendie-muscle-19-000-agents-mobilises-pour-proteger-nos-forets\/","og_site_name":"La Sentinelle","article_publisher":"https:\/\/www.facebook.com\/La-Sentinelle-104059864394773","article_published_time":"2025-07-21T12:03:30+00:00","article_modified_time":"2025-07-21T12:03:31+00:00","og_image":[{"width":960,"height":640,"url":"https:\/\/lasentinelle.dz\/wp-content\/uploads\/2025\/07\/protection-civike.jpg","type":"image\/jpeg"}],"author":"admin","twitter_card":"summary_large_image","twitter_misc":{"\u00c9crit par":"admin","Dur\u00e9e de lecture estim\u00e9e":"3 minutes"},"schema":{"@context":"https:\/\/schema.org","@graph":[{"@type":"Article","@id":"https:\/\/lasentinelle.dz\/index.php\/2025\/07\/21\/un-dispositif-anti-incendie-muscle-19-000-agents-mobilises-pour-proteger-nos-forets\/#article","isPartOf":{"@id":"https:\/\/lasentinelle.dz\/index.php\/2025\/07\/21\/un-dispositif-anti-incendie-muscle-19-000-agents-mobilises-pour-proteger-nos-forets\/"},"author":{"name":"admin","@id":"https:\/\/lasentinelle.dz\/#\/schema\/person\/729ee0024f24e0b8c5ec17232f8e8b41"},"headline":"Un dispositif anti-incendie muscl\u00e9 : 19.000 agents mobilis\u00e9s pour prot\u00e9ger nos for\u00eats","datePublished":"2025-07-21T12:03:30+00:00","dateModified":"2025-07-21T12:03:31+00:00","mainEntityOfPage":{"@id":"https:\/\/lasentinelle.dz\/index.php\/2025\/07\/21\/un-dispositif-anti-incendie-muscle-19-000-agents-mobilises-pour-proteger-nos-forets\/"},"wordCount":461,"commentCount":0,"publisher":{"@id":"https:\/\/lasentinelle.dz\/#organization"},"image":{"@id":"https:\/\/lasentinelle.dz\/index.php\/2025\/07\/21\/un-dispositif-anti-incendie-muscle-19-000-agents-mobilises-pour-proteger-nos-forets\/#primaryimage"},"thumbnailUrl":"https:\/\/lasentinelle.dz\/wp-content\/uploads\/2025\/07\/protection-civike.jpg","articleSection":["Actualit\u00e9"],"inLanguage":"fr-FR","potentialAction":[{"@type":"CommentAction","name":"Comment","target":["https:\/\/lasentinelle.dz\/index.php\/2025\/07\/21\/un-dispositif-anti-incendie-muscle-19-000-agents-mobilises-pour-proteger-nos-forets\/#respond"]}]},{"@type":"WebPage","@id":"https:\/\/lasentinelle.dz\/index.php\/2025\/07\/21\/un-dispositif-anti-incendie-muscle-19-000-agents-mobilises-pour-proteger-nos-forets\/","url":"https:\/\/lasentinelle.dz\/index.php\/2025\/07\/21\/un-dispositif-anti-incendie-muscle-19-000-agents-mobilises-pour-proteger-nos-forets\/","name":"Un dispositif anti-incendie muscl\u00e9 : 19.000 agents mobilis\u00e9s pour prot\u00e9ger nos for\u00eats - La Sentinelle","isPartOf":{"@id":"https:\/\/lasentinelle.dz\/#website"},"primaryImageOfPage":{"@id":"https:\/\/lasentinelle.dz\/index.php\/2025\/07\/21\/un-dispositif-anti-incendie-muscle-19-000-agents-mobilises-pour-proteger-nos-forets\/#primaryimage"},"image":{"@id":"https:\/\/lasentinelle.dz\/index.php\/2025\/07\/21\/un-dispositif-anti-incendie-muscle-19-000-agents-mobilises-pour-proteger-nos-forets\/#primaryimage"},"thumbnailUrl":"https:\/\/lasentinelle.dz\/wp-content\/uploads\/2025\/07\/protection-civike.jpg","datePublished":"2025-07-21T12:03:30+00:00","dateModified":"2025-07-21T12:03:31+00:00","breadcrumb":{"@id":"https:\/\/lasentinelle.dz\/index.php\/2025\/07\/21\/un-dispositif-anti-incendie-muscle-19-000-agents-mobilises-pour-proteger-nos-forets\/#breadcrumb"},"inLanguage":"fr-FR","potentialAction":[{"@type":"ReadAction","target":["https:\/\/lasentinelle.dz\/index.php\/2025\/07\/21\/un-dispositif-anti-incendie-muscle-19-000-agents-mobilises-pour-proteger-nos-forets\/"]}]},{"@type":"ImageObject","inLanguage":"fr-FR","@id":"https:\/\/lasentinelle.dz\/index.php\/2025\/07\/21\/un-dispositif-anti-incendie-muscle-19-000-agents-mobilises-pour-proteger-nos-forets\/#primaryimage","url":"https:\/\/lasentinelle.dz\/wp-content\/uploads\/2025\/07\/protection-civike.jpg","contentUrl":"https:\/\/lasentinelle.dz\/wp-content\/uploads\/2025\/07\/protection-civike.jpg","width":960,"height":640},{"@type":"BreadcrumbList","@id":"https:\/\/lasentinelle.dz\/index.php\/2025\/07\/21\/un-dispositif-anti-incendie-muscle-19-000-agents-mobilises-pour-proteger-nos-forets\/#breadcrumb","itemListElement":[{"@type":"ListItem","position":1,"name":"Accueil","item":"https:\/\/lasentinelle.dz\/"},{"@type":"ListItem","position":2,"name":"Un dispositif anti-incendie muscl\u00e9 : 19.000 agents mobilis\u00e9s pour prot\u00e9ger nos for\u00eats"}]},{"@type":"WebSite","@id":"https:\/\/lasentinelle.dz\/#website","url":"https:\/\/lasentinelle.dz\/","name":"La Sentinelle","description":"Quotidien national d&#039;information","publisher":{"@id":"https:\/\/lasentinelle.dz\/#organization"},"potentialAction":[{"@type":"SearchAction","target":{"@type":"EntryPoint","urlTemplate":"https:\/\/lasentinelle.dz\/?s={search_term_string}"},"query-input":{"@type":"PropertyValueSpecification","valueRequired":true,"valueName":"search_term_string"}}],"inLanguage":"fr-FR"},{"@type":"Organization","@id":"https:\/\/lasentinelle.dz\/#organization","name":"Quotidien La Sentinelle","url":"https:\/\/lasentinelle.dz\/","logo":{"@type":"ImageObject","inLanguage":"fr-FR","@id":"https:\/\/lasentinelle.dz\/#\/schema\/logo\/image\/","url":"https:\/\/lasentinelle.dz\/wp-content\/uploads\/2021\/09\/logo-sentinelleSLOGAN-1.png","contentUrl":"https:\/\/lasentinelle.dz\/wp-content\/uploads\/2021\/09\/logo-sentinelleSLOGAN-1.png","width":615,"height":142,"caption":"Quotidien La Sentinelle"},"image":{"@id":"https:\/\/lasentinelle.dz\/#\/schema\/logo\/image\/"},"sameAs":["https:\/\/www.facebook.com\/La-Sentinelle-104059864394773"]},{"@type":"Person","@id":"https:\/\/lasentinelle.dz\/#\/schema\/person\/729ee0024f24e0b8c5ec17232f8e8b41","name":"admin","image":{"@type":"ImageObject","inLanguage":"fr-FR","@id":"https:\/\/secure.gravatar.com\/avatar\/4c81fed838786e9b53f540bf46533e750f5d292099ae3b66cfc6fb1982e29df7?s=96&d=mm&r=g","url":"https:\/\/secure.gravatar.com\/avatar\/4c81fed838786e9b53f540bf46533e750f5d292099ae3b66cfc6fb1982e29df7?s=96&d=mm&r=g","contentUrl":"https:\/\/secure.gravatar.com\/avatar\/4c81fed838786e9b53f540bf46533e750f5d292099ae3b66cfc6fb1982e29df7?s=96&d=mm&r=g","caption":"admin"},"description":"admin","url":"https:\/\/lasentinelle.dz\/author\/admin\/"}]}},"_links":{"self":[{"href":"https:\/\/lasentinelle.dz\/index.php\/wp-json\/wp\/v2\/posts\/70680","targetHints":{"allow":["GET"]}}],"collection":[{"href":"https:\/\/lasentinelle.dz\/index.php\/wp-json\/wp\/v2\/posts"}],"about":[{"href":"https:\/\/lasentinelle.dz\/index.php\/wp-json\/wp\/v2\/types\/post"}],"author":[{"embeddable":true,"href":"https:\/\/lasentinelle.dz\/index.php\/wp-json\/wp\/v2\/users\/6"}],"replies":[{"embeddable":true,"href":"https:\/\/lasentinelle.dz\/index.php\/wp-json\/wp\/v2\/comments?post=70680"}],"version-history":[{"count":1,"href":"https:\/\/lasentinelle.dz\/index.php\/wp-json\/wp\/v2\/posts\/70680\/revisions"}],"predecessor-version":[{"id":70682,"href":"https:\/\/lasentinelle.dz\/index.php\/wp-json\/wp\/v2\/posts\/70680\/revisions\/70682"}],"wp:featuredmedia":[{"embeddable":true,"href":"https:\/\/lasentinelle.dz\/index.php\/wp-json\/wp\/v2\/media\/70681"}],"wp:attachment":[{"href":"https:\/\/lasentinelle.dz\/index.php\/wp-json\/wp\/v2\/media?parent=70680"}],"wp:term":[{"taxonomy":"category","embeddable":true,"href":"https:\/\/lasentinelle.dz\/index.php\/wp-json\/wp\/v2\/categories?post=70680"},{"taxonomy":"post_tag","embeddable":true,"href":"https:\/\/lasentinelle.dz\/index.php\/wp-json\/wp\/v2\/tags?post=70680"}],"curies":[{"name":"wp","href":"https:\/\/api.w.org\/{rel}","templated":true}]}}