{"id":70688,"date":"2025-07-21T13:06:24","date_gmt":"2025-07-21T12:06:24","guid":{"rendered":"https:\/\/lasentinelle.dz\/?p=70688"},"modified":"2025-07-21T13:06:25","modified_gmt":"2025-07-21T12:06:25","slug":"visite-du-president-zimbabween-en-algerie-un-partenariat-economique-renforce-et-une-convergence-politique-totale","status":"publish","type":"post","link":"https:\/\/lasentinelle.dz\/index.php\/2025\/07\/21\/visite-du-president-zimbabween-en-algerie-un-partenariat-economique-renforce-et-une-convergence-politique-totale\/","title":{"rendered":"Visite du pr\u00e9sident zimbabw\u00e9en en Alg\u00e9rie : Un partenariat \u00e9conomique renforc\u00e9 et une convergence politique totale"},"content":{"rendered":"\n<p>Le pr\u00e9sident de la R\u00e9publique du Zimbabwe, Emmerson Mnangagwa, a achev\u00e9 dimanche une visite officielle de deux jours en Alg\u00e9rie qui aura marqu\u00e9 une \u00e9tape importante dans les relations bilat\u00e9rales. Cette rencontre diplomatique au sommet, couronn\u00e9e par la signature de plusieurs accords et m\u00e9morandums d&rsquo;entente, illustre la volont\u00e9 commune des deux nations de hisser leur coop\u00e9ration \u00e0 un niveau sup\u00e9rieur, tant sur le plan \u00e9conomique que politique. Pour le pr\u00e9sident de la R\u00e9publique Abdelmadjid Tebboune, cette visite rev\u00eat une importance strat\u00e9gique particuli\u00e8re dans le contexte g\u00e9opolitique actuel, o\u00f9 l&rsquo;Alg\u00e9rie cherche \u00e0 renforcer ses partenariats africains et \u00e0 diversifier ses relations internationales. \u00ab\u00a0Nous partageons une m\u00eame fiert\u00e9 et un m\u00eame h\u00e9ritage, li\u00e9s \u00e0 la lutte de lib\u00e9ration africaine, qui nous incitent \u00e0 renforcer nos relations historiques\u00a0\u00bb, a d\u00e9clar\u00e9 le Pr\u00e9sident Tebboune lors de la d\u00e9claration conjointe \u00e0 la presse, soulignant ainsi les fondements historiques qui unissent les deux pays depuis leurs luttes respectives pour l&rsquo;ind\u00e9pendance. L&rsquo;accent mis par le pr\u00e9sident de la R\u00e9publique sur la dimension \u00e9conomique de cette coop\u00e9ration traduit une volont\u00e9 claire de transformer les relations politiques solides en partenariats \u00e9conomiques concrets et durables. Au c\u0153ur des discussions entre les deux chefs d&rsquo;\u00c9tat, la question du renforcement de la coop\u00e9ration \u00e9conomique a occup\u00e9 une place centrale. Tebboune a notamment annonc\u00e9 la \u00ab\u00a0cr\u00e9ation d&rsquo;un Conseil d&rsquo;affaires conjoint et d&rsquo;encourager les op\u00e9rateurs \u00e9conomiques \u00e0 explorer les opportunit\u00e9s d&rsquo;investissement dans les deux pays\u00a0\u00bb, une initiative qui s&rsquo;inscrit dans la strat\u00e9gie alg\u00e9rienne de diversification \u00e9conomique et d&rsquo;ouverture vers l&rsquo;Afrique. Cette approche pragmatique s&rsquo;est concr\u00e9tis\u00e9e par l&rsquo;organisation d&rsquo;une rencontre de travail r\u00e9unissant des hommes d&rsquo;affaires alg\u00e9riens et zimbabw\u00e9ens, facilitant ainsi les \u00e9changes directs entre les acteurs \u00e9conomiques des deux pays. Le pr\u00e9sident de la R\u00e9publique a \u00e9galement saisi cette occasion pour inviter son homologue zimbabw\u00e9en \u00e0 \u00ab\u00a0participer \u00e0 la 4e \u00e9dition de la Foire commerciale intra-africaine, pr\u00e9vue en septembre prochain \u00e0 Alger\u00a0\u00bb, d\u00e9montrant ainsi la volont\u00e9 de l&rsquo;Alg\u00e9rie de se positionner comme un hub commercial continental. Les visites effectu\u00e9es par Mnangagwa au P\u00f4le scientifique et technologique de Sidi Abdallah, \u00e0 l&rsquo;entreprise nationale des mat\u00e9riels agricoles et de p\u00eache (ENMAP) et au si\u00e8ge du Groupe pharmaceutique Saidal t\u00e9moignent de l&rsquo;int\u00e9r\u00eat du Zimbabwe pour l&rsquo;expertise alg\u00e9rienne dans des secteurs strat\u00e9giques comme l&rsquo;agriculture et la pharmacie.<\/p>\n\n\n\n<p><strong>Palestine et Sahara occidental au c\u0153ur des discussions<\/strong><\/p>\n\n\n\n<p>Sur le plan politique et diplomatique, la visite a permis de confirmer \u00ab\u00a0la convergence totale des positions entre l&rsquo;Alg\u00e9rie et le Zimbabwe, notamment sur la promotion des solutions pacifiques aux conflits en Afrique, le n\u00e9cessaire respect de la souverainet\u00e9 des Etats, le rejet des ing\u00e9rences \u00e9trang\u00e8res et l&rsquo;imp\u00e9ratif de privil\u00e9gier les solutions africaines aux probl\u00e8mes africains\u00a0\u00bb, selon les termes du Pr\u00e9sident Tebboune. Cette convergence de vues s&rsquo;est particuli\u00e8rement manifest\u00e9e sur les dossiers sensibles de la Palestine et du Sahara occidental, deux causes qui tiennent \u00e0 c\u0153ur \u00e0 la diplomatie alg\u00e9rienne. Concernant la Palestine, Tebboune a r\u00e9affirm\u00e9 que les deux pays ont \u00ab\u00a0r\u00e9it\u00e9r\u00e9 notre condamnation des crimes commis contre le peuple palestinien fr\u00e8re et r\u00e9affirm\u00e9 notre soutien \u00e0 son droit l\u00e9gitime \u00e0 l&rsquo;\u00e9tablissement de son Etat ind\u00e9pendant\u00a0\u00bb. Sur la question sahraouie, il a pr\u00e9cis\u00e9 que \u00ab\u00a0nous avons renouvel\u00e9 notre soutien aux efforts des Nations Unies visant \u00e0 permettre au peuple sahraoui d&rsquo;exercer son droit \u00e0 l&rsquo;autod\u00e9termination\u00a0\u00bb, une position que partage pleinement le Zimbabwe. De son c\u00f4t\u00e9, Mnangagwa a exprim\u00e9 la solidarit\u00e9 \u00ab\u00a0in\u00e9branlable et constante\u00a0\u00bb de son pays avec le peuple sahraoui dans \u00ab\u00a0sa lutte juste pour l&rsquo;autod\u00e9termination\u00a0\u00bb et r\u00e9affirm\u00e9 son \u00ab\u00a0soutien au dialogue visant \u00e0 mettre fin au conflit en Palestine et \u00e0 assumer la responsabilit\u00e9 vis-\u00e0-vis de la situation dramatique endur\u00e9e par les habitants de Ghaza\u00a0\u00bb. Dans sa dimension s\u00e9curitaire, cette visite a \u00e9galement permis \u00e0 Tebboune de r\u00e9affirmer, en sa qualit\u00e9 de Coordonnateur de l&rsquo;Union africaine en mati\u00e8re de lutte contre le terrorisme et l&rsquo;extr\u00e9misme violent, \u00ab\u00a0l&rsquo;engagement de l&rsquo;Alg\u00e9rie \u00e0 poursuivre son r\u00f4le d&rsquo;appui aux efforts de l&rsquo;Union africaine en faveur de la paix et de la s\u00e9curit\u00e9 et dans la lutte contre le terrorisme, le crime organis\u00e9 et la migration clandestine\u00a0\u00bb. Cette dimension continentale de l&rsquo;action alg\u00e9rienne s&rsquo;inscrit dans une strat\u00e9gie plus large visant \u00e0 positionner l&rsquo;Alg\u00e9rie comme un acteur majeur de la stabilit\u00e9 r\u00e9gionale et africaine. Le pr\u00e9sident zimbabw\u00e9en, pour sa part, a salu\u00e9 l&rsquo;Alg\u00e9rie comme un \u00ab\u00a0pays ami avec lequel le Zimbabwe entretient des relations fortes et enracin\u00e9es en mati\u00e8re de solidarit\u00e9 et de lutte contre le colonialisme\u00a0\u00bb, rappelant le soutien historique de l&rsquo;Alg\u00e9rie \u00e0 l&rsquo;ind\u00e9pendance du Zimbabwe. Il a \u00e9galement soulign\u00e9 le \u00ab\u00a0caract\u00e8re r\u00e9volutionnaire\u00a0\u00bb de ces relations qui d\u00e9coulent de \u00ab\u00a0l&rsquo;esprit de solidarit\u00e9 et de lutte continue contre le colonialisme et l&rsquo;imp\u00e9rialisme\u00a0\u00bb, \u00e9tablissant ainsi un parall\u00e8le entre les deux exp\u00e9riences de lib\u00e9ration nationale.<\/p>\n\n\n\n<p>Cette visite s&rsquo;inscrit \u00e9galement dans une logique de coop\u00e9ration Sud-Sud et de renforcement des liens intra-africains, conform\u00e9ment aux orientations strat\u00e9giques de la politique \u00e9trang\u00e8re alg\u00e9rienne. Mnangagwa a d&rsquo;ailleurs d\u00e9clar\u00e9 qu'\u00a0\u00bb\u00e0 l&rsquo;heure de la dynamique g\u00e9opolitique, du d\u00e9veloppement du commerce et des progr\u00e8s technologiques, le Zimbabwe a besoin de coop\u00e9rer et de nouer des partenariats avec des pays avec lesquels il partage les m\u00eames valeurs et les m\u00eames ambitions\u00a0\u00bb. Cette approche commune permettra aux deux pays de \u00ab\u00a0concr\u00e9tiser leur volont\u00e9 commune d&rsquo;\u0153uvrer \u00e0 r\u00e9former l&rsquo;ordre mondial, de contribuer \u00e0 mettre fin \u00e0 la prolif\u00e9ration des armes et des conflits, ainsi que de lutter contre le terrorisme\u00a0\u00bb, selon le pr\u00e9sident zimbabw\u00e9en. Les accords sign\u00e9s lors de cette visite, que Tebboune a qualifi\u00e9s d'\u00a0\u00bbavanc\u00e9e pr\u00e9cieuse qui vient renforcer la coop\u00e9ration bilat\u00e9rale et les cadres juridiques qui permettront d&rsquo;\u00e9tablir le partenariat que nous appelons de nos v\u0153ux\u00a0\u00bb, ouvrent ainsi de nouvelles perspectives pour une coop\u00e9ration multisectorielle entre l&rsquo;Alg\u00e9rie et le Zimbabwe, deux nations unies par une histoire commune de r\u00e9sistance et une vision partag\u00e9e de l&rsquo;avenir africain.<strong>Salim Amokrane<\/strong><\/p>\n","protected":false},"excerpt":{"rendered":"<p>Le pr\u00e9sident de la R\u00e9publique du Zimbabwe, Emmerson Mnangagwa, a achev\u00e9 dimanche une visite officielle de deux jours en Alg\u00e9rie<\/p>\n","protected":false},"author":6,"featured_media":70689,"comment_status":"open","ping_status":"closed","sticky":false,"template":"","format":"standard","meta":{"colormag_page_container_layout":"default_layout","colormag_page_sidebar_layout":"default_layout","om_disable_all_campaigns":false,"_monsterinsights_skip_tracking":false,"_monsterinsights_sitenote_active":false,"_monsterinsights_sitenote_note":"","_monsterinsights_sitenote_category":0,"footnotes":"","_wpscppro_dont_share_socialmedia":false,"_wpscppro_custom_social_share_image":0,"_facebook_share_type":"default","_twitter_share_type":"default","_linkedin_share_type":"default","_pinterest_share_type":"default","_linkedin_share_type_page":"","_instagram_share_type":"default","_medium_share_type":"default","_threads_share_type":"","_google_business_share_type":"","_selected_social_profile":[],"_wpsp_enable_custom_social_template":false,"_wpsp_social_scheduling":{"enabled":false,"datetime":null,"platforms":[],"status":"template_only","dateOption":"today","timeOption":"now","customDays":"","customHours":"","customDate":"","customTime":"","schedulingType":"absolute"},"_wpsp_active_default_template":true},"categories":[52,27],"tags":[],"class_list":["post-70688","post","type-post","status-publish","format-standard","has-post-thumbnail","hentry","category-a-la-une","category-actualite"],"aioseo_notices":[],"yoast_head":"<!-- This site is optimized with the Yoast SEO plugin v27.5 - https:\/\/yoast.com\/product\/yoast-seo-wordpress\/ -->\n<title>Visite du pr\u00e9sident zimbabw\u00e9en en Alg\u00e9rie : Un partenariat \u00e9conomique renforc\u00e9 et une convergence politique totale - La Sentinelle<\/title>\n<meta name=\"robots\" content=\"index, follow, max-snippet:-1, max-image-preview:large, max-video-preview:-1\" \/>\n<link rel=\"canonical\" href=\"https:\/\/lasentinelle.dz\/index.php\/2025\/07\/21\/visite-du-president-zimbabween-en-algerie-un-partenariat-economique-renforce-et-une-convergence-politique-totale\/\" \/>\n<meta property=\"og:locale\" content=\"fr_FR\" \/>\n<meta property=\"og:type\" content=\"article\" \/>\n<meta property=\"og:title\" content=\"Visite du pr\u00e9sident zimbabw\u00e9en en Alg\u00e9rie : Un partenariat \u00e9conomique renforc\u00e9 et une convergence politique totale - La Sentinelle\" \/>\n<meta property=\"og:description\" content=\"Le pr\u00e9sident de la R\u00e9publique du Zimbabwe, Emmerson Mnangagwa, a achev\u00e9 dimanche une visite officielle de deux jours en Alg\u00e9rie\" \/>\n<meta property=\"og:url\" content=\"https:\/\/lasentinelle.dz\/index.php\/2025\/07\/21\/visite-du-president-zimbabween-en-algerie-un-partenariat-economique-renforce-et-une-convergence-politique-totale\/\" \/>\n<meta property=\"og:site_name\" content=\"La Sentinelle\" \/>\n<meta property=\"article:publisher\" content=\"https:\/\/www.facebook.com\/La-Sentinelle-104059864394773\" \/>\n<meta property=\"article:published_time\" content=\"2025-07-21T12:06:24+00:00\" \/>\n<meta property=\"article:modified_time\" content=\"2025-07-21T12:06:25+00:00\" \/>\n<meta property=\"og:image\" content=\"https:\/\/lasentinelle.dz\/wp-content\/uploads\/2025\/07\/Tebboune-Zimbabwe.jpeg\" \/>\n\t<meta property=\"og:image:width\" content=\"1280\" \/>\n\t<meta property=\"og:image:height\" content=\"853\" \/>\n\t<meta property=\"og:image:type\" content=\"image\/jpeg\" \/>\n<meta name=\"author\" content=\"admin\" \/>\n<meta name=\"twitter:card\" content=\"summary_large_image\" \/>\n<meta name=\"twitter:label1\" content=\"\u00c9crit par\" \/>\n\t<meta name=\"twitter:data1\" content=\"admin\" \/>\n\t<meta name=\"twitter:label2\" content=\"Dur\u00e9e de lecture estim\u00e9e\" \/>\n\t<meta name=\"twitter:data2\" content=\"6 minutes\" \/>\n<script type=\"application\/ld+json\" class=\"yoast-schema-graph\">{\"@context\":\"https:\\\/\\\/schema.org\",\"@graph\":[{\"@type\":\"Article\",\"@id\":\"https:\\\/\\\/lasentinelle.dz\\\/index.php\\\/2025\\\/07\\\/21\\\/visite-du-president-zimbabween-en-algerie-un-partenariat-economique-renforce-et-une-convergence-politique-totale\\\/#article\",\"isPartOf\":{\"@id\":\"https:\\\/\\\/lasentinelle.dz\\\/index.php\\\/2025\\\/07\\\/21\\\/visite-du-president-zimbabween-en-algerie-un-partenariat-economique-renforce-et-une-convergence-politique-totale\\\/\"},\"author\":{\"name\":\"admin\",\"@id\":\"https:\\\/\\\/lasentinelle.dz\\\/#\\\/schema\\\/person\\\/729ee0024f24e0b8c5ec17232f8e8b41\"},\"headline\":\"Visite du pr\u00e9sident zimbabw\u00e9en en Alg\u00e9rie : Un partenariat \u00e9conomique renforc\u00e9 et une convergence politique totale\",\"datePublished\":\"2025-07-21T12:06:24+00:00\",\"dateModified\":\"2025-07-21T12:06:25+00:00\",\"mainEntityOfPage\":{\"@id\":\"https:\\\/\\\/lasentinelle.dz\\\/index.php\\\/2025\\\/07\\\/21\\\/visite-du-president-zimbabween-en-algerie-un-partenariat-economique-renforce-et-une-convergence-politique-totale\\\/\"},\"wordCount\":1119,\"commentCount\":0,\"publisher\":{\"@id\":\"https:\\\/\\\/lasentinelle.dz\\\/#organization\"},\"image\":{\"@id\":\"https:\\\/\\\/lasentinelle.dz\\\/index.php\\\/2025\\\/07\\\/21\\\/visite-du-president-zimbabween-en-algerie-un-partenariat-economique-renforce-et-une-convergence-politique-totale\\\/#primaryimage\"},\"thumbnailUrl\":\"https:\\\/\\\/lasentinelle.dz\\\/wp-content\\\/uploads\\\/2025\\\/07\\\/Tebboune-Zimbabwe.jpeg\",\"articleSection\":[\"\u00c0 la Une\",\"Actualit\u00e9\"],\"inLanguage\":\"fr-FR\",\"potentialAction\":[{\"@type\":\"CommentAction\",\"name\":\"Comment\",\"target\":[\"https:\\\/\\\/lasentinelle.dz\\\/index.php\\\/2025\\\/07\\\/21\\\/visite-du-president-zimbabween-en-algerie-un-partenariat-economique-renforce-et-une-convergence-politique-totale\\\/#respond\"]}]},{\"@type\":\"WebPage\",\"@id\":\"https:\\\/\\\/lasentinelle.dz\\\/index.php\\\/2025\\\/07\\\/21\\\/visite-du-president-zimbabween-en-algerie-un-partenariat-economique-renforce-et-une-convergence-politique-totale\\\/\",\"url\":\"https:\\\/\\\/lasentinelle.dz\\\/index.php\\\/2025\\\/07\\\/21\\\/visite-du-president-zimbabween-en-algerie-un-partenariat-economique-renforce-et-une-convergence-politique-totale\\\/\",\"name\":\"Visite du pr\u00e9sident zimbabw\u00e9en en Alg\u00e9rie : Un partenariat \u00e9conomique renforc\u00e9 et une convergence politique totale - La Sentinelle\",\"isPartOf\":{\"@id\":\"https:\\\/\\\/lasentinelle.dz\\\/#website\"},\"primaryImageOfPage\":{\"@id\":\"https:\\\/\\\/lasentinelle.dz\\\/index.php\\\/2025\\\/07\\\/21\\\/visite-du-president-zimbabween-en-algerie-un-partenariat-economique-renforce-et-une-convergence-politique-totale\\\/#primaryimage\"},\"image\":{\"@id\":\"https:\\\/\\\/lasentinelle.dz\\\/index.php\\\/2025\\\/07\\\/21\\\/visite-du-president-zimbabween-en-algerie-un-partenariat-economique-renforce-et-une-convergence-politique-totale\\\/#primaryimage\"},\"thumbnailUrl\":\"https:\\\/\\\/lasentinelle.dz\\\/wp-content\\\/uploads\\\/2025\\\/07\\\/Tebboune-Zimbabwe.jpeg\",\"datePublished\":\"2025-07-21T12:06:24+00:00\",\"dateModified\":\"2025-07-21T12:06:25+00:00\",\"breadcrumb\":{\"@id\":\"https:\\\/\\\/lasentinelle.dz\\\/index.php\\\/2025\\\/07\\\/21\\\/visite-du-president-zimbabween-en-algerie-un-partenariat-economique-renforce-et-une-convergence-politique-totale\\\/#breadcrumb\"},\"inLanguage\":\"fr-FR\",\"potentialAction\":[{\"@type\":\"ReadAction\",\"target\":[\"https:\\\/\\\/lasentinelle.dz\\\/index.php\\\/2025\\\/07\\\/21\\\/visite-du-president-zimbabween-en-algerie-un-partenariat-economique-renforce-et-une-convergence-politique-totale\\\/\"]}]},{\"@type\":\"ImageObject\",\"inLanguage\":\"fr-FR\",\"@id\":\"https:\\\/\\\/lasentinelle.dz\\\/index.php\\\/2025\\\/07\\\/21\\\/visite-du-president-zimbabween-en-algerie-un-partenariat-economique-renforce-et-une-convergence-politique-totale\\\/#primaryimage\",\"url\":\"https:\\\/\\\/lasentinelle.dz\\\/wp-content\\\/uploads\\\/2025\\\/07\\\/Tebboune-Zimbabwe.jpeg\",\"contentUrl\":\"https:\\\/\\\/lasentinelle.dz\\\/wp-content\\\/uploads\\\/2025\\\/07\\\/Tebboune-Zimbabwe.jpeg\",\"width\":1280,\"height\":853},{\"@type\":\"BreadcrumbList\",\"@id\":\"https:\\\/\\\/lasentinelle.dz\\\/index.php\\\/2025\\\/07\\\/21\\\/visite-du-president-zimbabween-en-algerie-un-partenariat-economique-renforce-et-une-convergence-politique-totale\\\/#breadcrumb\",\"itemListElement\":[{\"@type\":\"ListItem\",\"position\":1,\"name\":\"Accueil\",\"item\":\"https:\\\/\\\/lasentinelle.dz\\\/\"},{\"@type\":\"ListItem\",\"position\":2,\"name\":\"Visite du pr\u00e9sident zimbabw\u00e9en en Alg\u00e9rie : Un partenariat \u00e9conomique renforc\u00e9 et une convergence politique totale\"}]},{\"@type\":\"WebSite\",\"@id\":\"https:\\\/\\\/lasentinelle.dz\\\/#website\",\"url\":\"https:\\\/\\\/lasentinelle.dz\\\/\",\"name\":\"La Sentinelle\",\"description\":\"Quotidien national d&#039;information\",\"publisher\":{\"@id\":\"https:\\\/\\\/lasentinelle.dz\\\/#organization\"},\"potentialAction\":[{\"@type\":\"SearchAction\",\"target\":{\"@type\":\"EntryPoint\",\"urlTemplate\":\"https:\\\/\\\/lasentinelle.dz\\\/?s={search_term_string}\"},\"query-input\":{\"@type\":\"PropertyValueSpecification\",\"valueRequired\":true,\"valueName\":\"search_term_string\"}}],\"inLanguage\":\"fr-FR\"},{\"@type\":\"Organization\",\"@id\":\"https:\\\/\\\/lasentinelle.dz\\\/#organization\",\"name\":\"Quotidien La Sentinelle\",\"url\":\"https:\\\/\\\/lasentinelle.dz\\\/\",\"logo\":{\"@type\":\"ImageObject\",\"inLanguage\":\"fr-FR\",\"@id\":\"https:\\\/\\\/lasentinelle.dz\\\/#\\\/schema\\\/logo\\\/image\\\/\",\"url\":\"https:\\\/\\\/lasentinelle.dz\\\/wp-content\\\/uploads\\\/2021\\\/09\\\/logo-sentinelleSLOGAN-1.png\",\"contentUrl\":\"https:\\\/\\\/lasentinelle.dz\\\/wp-content\\\/uploads\\\/2021\\\/09\\\/logo-sentinelleSLOGAN-1.png\",\"width\":615,\"height\":142,\"caption\":\"Quotidien La Sentinelle\"},\"image\":{\"@id\":\"https:\\\/\\\/lasentinelle.dz\\\/#\\\/schema\\\/logo\\\/image\\\/\"},\"sameAs\":[\"https:\\\/\\\/www.facebook.com\\\/La-Sentinelle-104059864394773\"]},{\"@type\":\"Person\",\"@id\":\"https:\\\/\\\/lasentinelle.dz\\\/#\\\/schema\\\/person\\\/729ee0024f24e0b8c5ec17232f8e8b41\",\"name\":\"admin\",\"image\":{\"@type\":\"ImageObject\",\"inLanguage\":\"fr-FR\",\"@id\":\"https:\\\/\\\/secure.gravatar.com\\\/avatar\\\/4c81fed838786e9b53f540bf46533e750f5d292099ae3b66cfc6fb1982e29df7?s=96&d=mm&r=g\",\"url\":\"https:\\\/\\\/secure.gravatar.com\\\/avatar\\\/4c81fed838786e9b53f540bf46533e750f5d292099ae3b66cfc6fb1982e29df7?s=96&d=mm&r=g\",\"contentUrl\":\"https:\\\/\\\/secure.gravatar.com\\\/avatar\\\/4c81fed838786e9b53f540bf46533e750f5d292099ae3b66cfc6fb1982e29df7?s=96&d=mm&r=g\",\"caption\":\"admin\"},\"description\":\"admin\",\"url\":\"https:\\\/\\\/lasentinelle.dz\\\/author\\\/admin\\\/\"}]}<\/script>\n<!-- \/ Yoast SEO plugin. -->","yoast_head_json":{"title":"Visite du pr\u00e9sident zimbabw\u00e9en en Alg\u00e9rie : Un partenariat \u00e9conomique renforc\u00e9 et une convergence politique totale - La Sentinelle","robots":{"index":"index","follow":"follow","max-snippet":"max-snippet:-1","max-image-preview":"max-image-preview:large","max-video-preview":"max-video-preview:-1"},"canonical":"https:\/\/lasentinelle.dz\/index.php\/2025\/07\/21\/visite-du-president-zimbabween-en-algerie-un-partenariat-economique-renforce-et-une-convergence-politique-totale\/","og_locale":"fr_FR","og_type":"article","og_title":"Visite du pr\u00e9sident zimbabw\u00e9en en Alg\u00e9rie : Un partenariat \u00e9conomique renforc\u00e9 et une convergence politique totale - La Sentinelle","og_description":"Le pr\u00e9sident de la R\u00e9publique du Zimbabwe, Emmerson Mnangagwa, a achev\u00e9 dimanche une visite officielle de deux jours en Alg\u00e9rie","og_url":"https:\/\/lasentinelle.dz\/index.php\/2025\/07\/21\/visite-du-president-zimbabween-en-algerie-un-partenariat-economique-renforce-et-une-convergence-politique-totale\/","og_site_name":"La Sentinelle","article_publisher":"https:\/\/www.facebook.com\/La-Sentinelle-104059864394773","article_published_time":"2025-07-21T12:06:24+00:00","article_modified_time":"2025-07-21T12:06:25+00:00","og_image":[{"width":1280,"height":853,"url":"https:\/\/lasentinelle.dz\/wp-content\/uploads\/2025\/07\/Tebboune-Zimbabwe.jpeg","type":"image\/jpeg"}],"author":"admin","twitter_card":"summary_large_image","twitter_misc":{"\u00c9crit par":"admin","Dur\u00e9e de lecture estim\u00e9e":"6 minutes"},"schema":{"@context":"https:\/\/schema.org","@graph":[{"@type":"Article","@id":"https:\/\/lasentinelle.dz\/index.php\/2025\/07\/21\/visite-du-president-zimbabween-en-algerie-un-partenariat-economique-renforce-et-une-convergence-politique-totale\/#article","isPartOf":{"@id":"https:\/\/lasentinelle.dz\/index.php\/2025\/07\/21\/visite-du-president-zimbabween-en-algerie-un-partenariat-economique-renforce-et-une-convergence-politique-totale\/"},"author":{"name":"admin","@id":"https:\/\/lasentinelle.dz\/#\/schema\/person\/729ee0024f24e0b8c5ec17232f8e8b41"},"headline":"Visite du pr\u00e9sident zimbabw\u00e9en en Alg\u00e9rie : Un partenariat \u00e9conomique renforc\u00e9 et une convergence politique totale","datePublished":"2025-07-21T12:06:24+00:00","dateModified":"2025-07-21T12:06:25+00:00","mainEntityOfPage":{"@id":"https:\/\/lasentinelle.dz\/index.php\/2025\/07\/21\/visite-du-president-zimbabween-en-algerie-un-partenariat-economique-renforce-et-une-convergence-politique-totale\/"},"wordCount":1119,"commentCount":0,"publisher":{"@id":"https:\/\/lasentinelle.dz\/#organization"},"image":{"@id":"https:\/\/lasentinelle.dz\/index.php\/2025\/07\/21\/visite-du-president-zimbabween-en-algerie-un-partenariat-economique-renforce-et-une-convergence-politique-totale\/#primaryimage"},"thumbnailUrl":"https:\/\/lasentinelle.dz\/wp-content\/uploads\/2025\/07\/Tebboune-Zimbabwe.jpeg","articleSection":["\u00c0 la Une","Actualit\u00e9"],"inLanguage":"fr-FR","potentialAction":[{"@type":"CommentAction","name":"Comment","target":["https:\/\/lasentinelle.dz\/index.php\/2025\/07\/21\/visite-du-president-zimbabween-en-algerie-un-partenariat-economique-renforce-et-une-convergence-politique-totale\/#respond"]}]},{"@type":"WebPage","@id":"https:\/\/lasentinelle.dz\/index.php\/2025\/07\/21\/visite-du-president-zimbabween-en-algerie-un-partenariat-economique-renforce-et-une-convergence-politique-totale\/","url":"https:\/\/lasentinelle.dz\/index.php\/2025\/07\/21\/visite-du-president-zimbabween-en-algerie-un-partenariat-economique-renforce-et-une-convergence-politique-totale\/","name":"Visite du pr\u00e9sident zimbabw\u00e9en en Alg\u00e9rie : Un partenariat \u00e9conomique renforc\u00e9 et une convergence politique totale - La Sentinelle","isPartOf":{"@id":"https:\/\/lasentinelle.dz\/#website"},"primaryImageOfPage":{"@id":"https:\/\/lasentinelle.dz\/index.php\/2025\/07\/21\/visite-du-president-zimbabween-en-algerie-un-partenariat-economique-renforce-et-une-convergence-politique-totale\/#primaryimage"},"image":{"@id":"https:\/\/lasentinelle.dz\/index.php\/2025\/07\/21\/visite-du-president-zimbabween-en-algerie-un-partenariat-economique-renforce-et-une-convergence-politique-totale\/#primaryimage"},"thumbnailUrl":"https:\/\/lasentinelle.dz\/wp-content\/uploads\/2025\/07\/Tebboune-Zimbabwe.jpeg","datePublished":"2025-07-21T12:06:24+00:00","dateModified":"2025-07-21T12:06:25+00:00","breadcrumb":{"@id":"https:\/\/lasentinelle.dz\/index.php\/2025\/07\/21\/visite-du-president-zimbabween-en-algerie-un-partenariat-economique-renforce-et-une-convergence-politique-totale\/#breadcrumb"},"inLanguage":"fr-FR","potentialAction":[{"@type":"ReadAction","target":["https:\/\/lasentinelle.dz\/index.php\/2025\/07\/21\/visite-du-president-zimbabween-en-algerie-un-partenariat-economique-renforce-et-une-convergence-politique-totale\/"]}]},{"@type":"ImageObject","inLanguage":"fr-FR","@id":"https:\/\/lasentinelle.dz\/index.php\/2025\/07\/21\/visite-du-president-zimbabween-en-algerie-un-partenariat-economique-renforce-et-une-convergence-politique-totale\/#primaryimage","url":"https:\/\/lasentinelle.dz\/wp-content\/uploads\/2025\/07\/Tebboune-Zimbabwe.jpeg","contentUrl":"https:\/\/lasentinelle.dz\/wp-content\/uploads\/2025\/07\/Tebboune-Zimbabwe.jpeg","width":1280,"height":853},{"@type":"BreadcrumbList","@id":"https:\/\/lasentinelle.dz\/index.php\/2025\/07\/21\/visite-du-president-zimbabween-en-algerie-un-partenariat-economique-renforce-et-une-convergence-politique-totale\/#breadcrumb","itemListElement":[{"@type":"ListItem","position":1,"name":"Accueil","item":"https:\/\/lasentinelle.dz\/"},{"@type":"ListItem","position":2,"name":"Visite du pr\u00e9sident zimbabw\u00e9en en Alg\u00e9rie : Un partenariat \u00e9conomique renforc\u00e9 et une convergence politique totale"}]},{"@type":"WebSite","@id":"https:\/\/lasentinelle.dz\/#website","url":"https:\/\/lasentinelle.dz\/","name":"La Sentinelle","description":"Quotidien national d&#039;information","publisher":{"@id":"https:\/\/lasentinelle.dz\/#organization"},"potentialAction":[{"@type":"SearchAction","target":{"@type":"EntryPoint","urlTemplate":"https:\/\/lasentinelle.dz\/?s={search_term_string}"},"query-input":{"@type":"PropertyValueSpecification","valueRequired":true,"valueName":"search_term_string"}}],"inLanguage":"fr-FR"},{"@type":"Organization","@id":"https:\/\/lasentinelle.dz\/#organization","name":"Quotidien La Sentinelle","url":"https:\/\/lasentinelle.dz\/","logo":{"@type":"ImageObject","inLanguage":"fr-FR","@id":"https:\/\/lasentinelle.dz\/#\/schema\/logo\/image\/","url":"https:\/\/lasentinelle.dz\/wp-content\/uploads\/2021\/09\/logo-sentinelleSLOGAN-1.png","contentUrl":"https:\/\/lasentinelle.dz\/wp-content\/uploads\/2021\/09\/logo-sentinelleSLOGAN-1.png","width":615,"height":142,"caption":"Quotidien La Sentinelle"},"image":{"@id":"https:\/\/lasentinelle.dz\/#\/schema\/logo\/image\/"},"sameAs":["https:\/\/www.facebook.com\/La-Sentinelle-104059864394773"]},{"@type":"Person","@id":"https:\/\/lasentinelle.dz\/#\/schema\/person\/729ee0024f24e0b8c5ec17232f8e8b41","name":"admin","image":{"@type":"ImageObject","inLanguage":"fr-FR","@id":"https:\/\/secure.gravatar.com\/avatar\/4c81fed838786e9b53f540bf46533e750f5d292099ae3b66cfc6fb1982e29df7?s=96&d=mm&r=g","url":"https:\/\/secure.gravatar.com\/avatar\/4c81fed838786e9b53f540bf46533e750f5d292099ae3b66cfc6fb1982e29df7?s=96&d=mm&r=g","contentUrl":"https:\/\/secure.gravatar.com\/avatar\/4c81fed838786e9b53f540bf46533e750f5d292099ae3b66cfc6fb1982e29df7?s=96&d=mm&r=g","caption":"admin"},"description":"admin","url":"https:\/\/lasentinelle.dz\/author\/admin\/"}]}},"_links":{"self":[{"href":"https:\/\/lasentinelle.dz\/index.php\/wp-json\/wp\/v2\/posts\/70688","targetHints":{"allow":["GET"]}}],"collection":[{"href":"https:\/\/lasentinelle.dz\/index.php\/wp-json\/wp\/v2\/posts"}],"about":[{"href":"https:\/\/lasentinelle.dz\/index.php\/wp-json\/wp\/v2\/types\/post"}],"author":[{"embeddable":true,"href":"https:\/\/lasentinelle.dz\/index.php\/wp-json\/wp\/v2\/users\/6"}],"replies":[{"embeddable":true,"href":"https:\/\/lasentinelle.dz\/index.php\/wp-json\/wp\/v2\/comments?post=70688"}],"version-history":[{"count":1,"href":"https:\/\/lasentinelle.dz\/index.php\/wp-json\/wp\/v2\/posts\/70688\/revisions"}],"predecessor-version":[{"id":70690,"href":"https:\/\/lasentinelle.dz\/index.php\/wp-json\/wp\/v2\/posts\/70688\/revisions\/70690"}],"wp:featuredmedia":[{"embeddable":true,"href":"https:\/\/lasentinelle.dz\/index.php\/wp-json\/wp\/v2\/media\/70689"}],"wp:attachment":[{"href":"https:\/\/lasentinelle.dz\/index.php\/wp-json\/wp\/v2\/media?parent=70688"}],"wp:term":[{"taxonomy":"category","embeddable":true,"href":"https:\/\/lasentinelle.dz\/index.php\/wp-json\/wp\/v2\/categories?post=70688"},{"taxonomy":"post_tag","embeddable":true,"href":"https:\/\/lasentinelle.dz\/index.php\/wp-json\/wp\/v2\/tags?post=70688"}],"curies":[{"name":"wp","href":"https:\/\/api.w.org\/{rel}","templated":true}]}}