{"id":70694,"date":"2025-07-21T21:31:08","date_gmt":"2025-07-21T20:31:08","guid":{"rendered":"https:\/\/lasentinelle.dz\/?p=70694"},"modified":"2025-07-21T21:31:09","modified_gmt":"2025-07-21T20:31:09","slug":"plusieurs-wilayas-touchees-par-des-incendies-une-mobilisation-maximale","status":"publish","type":"post","link":"https:\/\/lasentinelle.dz\/index.php\/2025\/07\/21\/plusieurs-wilayas-touchees-par-des-incendies-une-mobilisation-maximale\/","title":{"rendered":"Plusieurs wilayas touch\u00e9es par des incendies: Une mobilisation maximale !"},"content":{"rendered":"\n<p>Plusieurs wilayas du pays font face une nouvelle vague d&rsquo;incendies de for\u00eats et de v\u00e9g\u00e9tation qui met \u00e0 l&rsquo;\u00e9preuve le dispositif national de lutte contre les feux. Selon le dernier bilan de la Protection civile \u00e9tabli lundi &nbsp;\u00e0 15h30, plusieurs wilayas du pays \u00e9taient encore concern\u00e9es par des foyers actifs n\u00e9cessitant une intervention continue des services de la Protection civile. La wilaya de Tizi Ouzou enregistre un incendie forestier dans les villages d&rsquo;A\u00eft Yazid et d&rsquo;Ighil El Mal, d\u00e9sormais ma\u00eetris\u00e9 mais toujours sous surveillance. Dans la wilaya de Skikda, les \u00e9quipes de secours poursuivent leurs op\u00e9rations d&rsquo;extinction d&rsquo;un feu de for\u00eat \u00e0 Boulaayoun Bouzalzal, commune de Cheraia, o\u00f9 les flammes continuent de progresser malgr\u00e9 les efforts d\u00e9ploy\u00e9s. La wilaya de T\u00e9bessa a \u00e9galement \u00e9t\u00e9 touch\u00e9e par un incendie sur le mont Kef El Hammam dans la commune de Ouenza, heureusement \u00e9teint mais n\u00e9cessitant encore une surveillance permanente pour \u00e9viter toute reprise. B\u00e9ja\u00efa a connu un feu de maquis et de broussailles \u00e0 Berchiche, commune de Ksar, totalement ma\u00eetris\u00e9 apr\u00e8s l&rsquo;intervention rapide des services comp\u00e9tents. Enfin, dans la wilaya d&rsquo;A\u00efn Defla, les pompiers luttent encore contre un incendie de maquis et de broussailles \u00e0 Koul Kondak, o\u00f9 les op\u00e9rations d&rsquo;extinction se poursuivent activement. Face \u00e0 cette situation critique, le dispositif national anti-incendie a d\u00e9montr\u00e9 son efficacit\u00e9 en \u00e9teignant 69 foyers entre dimanche et lundi matin \u00e0 travers plusieurs wilayas du territoire national. Parall\u00e8lement \u00e0 ces interventions d&rsquo;urgence, le Directeur g\u00e9n\u00e9ral de la Protection civile, le Colonel Boualam Boughellaf, intensifie ses visites de terrain dans le cadre du programme de suivi op\u00e9rationnel. Sa r\u00e9cente inspection dans la wilaya d&rsquo;Oum El Bouaghi, o\u00f9 il a \u00e9t\u00e9 accueilli par le wali, s&rsquo;inscrit dans cette d\u00e9marche de renforcement des capacit\u00e9s d&rsquo;intervention. Cette visite d&rsquo;\u00e9valuation a d\u00e9but\u00e9 par l&rsquo;unit\u00e9 principale de la Protection civile, o\u00f9 le responsable a examin\u00e9 l&rsquo;\u00e9tat de pr\u00e9paration des agents et du mat\u00e9riel op\u00e9rationnel, particuli\u00e8rement en mati\u00e8re de lutte contre les incendies forestiers. L&rsquo;inspection s&rsquo;est \u00e9tendue au convoi mobile sp\u00e9cialis\u00e9 dans la lutte anti-incendie, permettant d&rsquo;\u00e9valuer sa disponibilit\u00e9 tant en ressources mat\u00e9rielles qu&rsquo;humaines, ainsi que son niveau de coordination avec les diff\u00e9rents services impliqu\u00e9s dans les interventions de terrain. Le centre de coordination op\u00e9rationnelle de la wilaya a \u00e9galement fait l&rsquo;objet d&rsquo;un examen approfondi, notamment concernant les moyens techniques et les plateformes num\u00e9riques utilis\u00e9es pour g\u00e9rer les diff\u00e9rentes op\u00e9rations et assurer la coordination avec le centre national, particuli\u00e8rement durant la saison des feux de for\u00eats. Dans le cadre de cette tourn\u00e9e d&rsquo;inspection, le Directeur g\u00e9n\u00e9ral a \u00e9galement \u00e9valu\u00e9 l&rsquo;\u00e9quipe de soutien et d&rsquo;intervention initiale, analysant son niveau de pr\u00e9paration en termes d&rsquo;effectifs, d&rsquo;\u00e9quipements disponibles et de formation continue dispens\u00e9e aux agents, notamment pour les interventions rapides et cibl\u00e9es. Les autorit\u00e9s maintiennent ainsi leur vigilance maximale face aux risques d&rsquo;incendies qui menacent le patrimoine forestier national durant cette p\u00e9riode estivale critique. Chokri Hafed<\/p>\n","protected":false},"excerpt":{"rendered":"<p>Plusieurs wilayas du pays font face une nouvelle vague d&rsquo;incendies de for\u00eats et de v\u00e9g\u00e9tation qui met \u00e0 l&rsquo;\u00e9preuve le<\/p>\n","protected":false},"author":6,"featured_media":40979,"comment_status":"open","ping_status":"closed","sticky":false,"template":"","format":"standard","meta":{"colormag_page_container_layout":"default_layout","colormag_page_sidebar_layout":"default_layout","om_disable_all_campaigns":false,"_monsterinsights_skip_tracking":false,"_monsterinsights_sitenote_active":false,"_monsterinsights_sitenote_note":"","_monsterinsights_sitenote_category":0,"footnotes":"","_wpscppro_dont_share_socialmedia":false,"_wpscppro_custom_social_share_image":0,"_facebook_share_type":"default","_twitter_share_type":"default","_linkedin_share_type":"default","_pinterest_share_type":"default","_linkedin_share_type_page":"","_instagram_share_type":"default","_medium_share_type":"default","_threads_share_type":"","_google_business_share_type":"","_selected_social_profile":[],"_wpsp_enable_custom_social_template":false,"_wpsp_social_scheduling":{"enabled":false,"datetime":null,"platforms":[],"status":"template_only","dateOption":"today","timeOption":"now","customDays":"","customHours":"","customDate":"","customTime":"","schedulingType":"absolute"},"_wpsp_active_default_template":true},"categories":[27],"tags":[],"class_list":["post-70694","post","type-post","status-publish","format-standard","has-post-thumbnail","hentry","category-actualite"],"aioseo_notices":[],"yoast_head":"<!-- This site is optimized with the Yoast SEO plugin v27.5 - https:\/\/yoast.com\/product\/yoast-seo-wordpress\/ -->\n<title>Plusieurs wilayas touch\u00e9es par des incendies: Une mobilisation maximale ! - La Sentinelle<\/title>\n<meta name=\"robots\" content=\"index, follow, max-snippet:-1, max-image-preview:large, max-video-preview:-1\" \/>\n<link rel=\"canonical\" href=\"https:\/\/lasentinelle.dz\/index.php\/2025\/07\/21\/plusieurs-wilayas-touchees-par-des-incendies-une-mobilisation-maximale\/\" \/>\n<meta property=\"og:locale\" content=\"fr_FR\" \/>\n<meta property=\"og:type\" content=\"article\" \/>\n<meta property=\"og:title\" content=\"Plusieurs wilayas touch\u00e9es par des incendies: Une mobilisation maximale ! - La Sentinelle\" \/>\n<meta property=\"og:description\" content=\"Plusieurs wilayas du pays font face une nouvelle vague d&rsquo;incendies de for\u00eats et de v\u00e9g\u00e9tation qui met \u00e0 l&rsquo;\u00e9preuve le\" \/>\n<meta property=\"og:url\" content=\"https:\/\/lasentinelle.dz\/index.php\/2025\/07\/21\/plusieurs-wilayas-touchees-par-des-incendies-une-mobilisation-maximale\/\" \/>\n<meta property=\"og:site_name\" content=\"La Sentinelle\" \/>\n<meta property=\"article:publisher\" content=\"https:\/\/www.facebook.com\/La-Sentinelle-104059864394773\" \/>\n<meta property=\"article:published_time\" content=\"2025-07-21T20:31:08+00:00\" \/>\n<meta property=\"article:modified_time\" content=\"2025-07-21T20:31:09+00:00\" \/>\n<meta property=\"og:image\" content=\"https:\/\/lasentinelle.dz\/wp-content\/uploads\/2023\/05\/incendies-.png\" \/>\n\t<meta property=\"og:image:width\" content=\"1200\" \/>\n\t<meta property=\"og:image:height\" content=\"900\" \/>\n\t<meta property=\"og:image:type\" content=\"image\/png\" \/>\n<meta name=\"author\" content=\"admin\" \/>\n<meta name=\"twitter:card\" content=\"summary_large_image\" \/>\n<meta name=\"twitter:label1\" content=\"\u00c9crit par\" \/>\n\t<meta name=\"twitter:data1\" content=\"admin\" \/>\n\t<meta name=\"twitter:label2\" content=\"Dur\u00e9e de lecture estim\u00e9e\" \/>\n\t<meta name=\"twitter:data2\" content=\"3 minutes\" \/>\n<script type=\"application\/ld+json\" class=\"yoast-schema-graph\">{\"@context\":\"https:\\\/\\\/schema.org\",\"@graph\":[{\"@type\":\"Article\",\"@id\":\"https:\\\/\\\/lasentinelle.dz\\\/index.php\\\/2025\\\/07\\\/21\\\/plusieurs-wilayas-touchees-par-des-incendies-une-mobilisation-maximale\\\/#article\",\"isPartOf\":{\"@id\":\"https:\\\/\\\/lasentinelle.dz\\\/index.php\\\/2025\\\/07\\\/21\\\/plusieurs-wilayas-touchees-par-des-incendies-une-mobilisation-maximale\\\/\"},\"author\":{\"name\":\"admin\",\"@id\":\"https:\\\/\\\/lasentinelle.dz\\\/#\\\/schema\\\/person\\\/729ee0024f24e0b8c5ec17232f8e8b41\"},\"headline\":\"Plusieurs wilayas touch\u00e9es par des incendies: Une mobilisation maximale !\",\"datePublished\":\"2025-07-21T20:31:08+00:00\",\"dateModified\":\"2025-07-21T20:31:09+00:00\",\"mainEntityOfPage\":{\"@id\":\"https:\\\/\\\/lasentinelle.dz\\\/index.php\\\/2025\\\/07\\\/21\\\/plusieurs-wilayas-touchees-par-des-incendies-une-mobilisation-maximale\\\/\"},\"wordCount\":556,\"commentCount\":0,\"publisher\":{\"@id\":\"https:\\\/\\\/lasentinelle.dz\\\/#organization\"},\"image\":{\"@id\":\"https:\\\/\\\/lasentinelle.dz\\\/index.php\\\/2025\\\/07\\\/21\\\/plusieurs-wilayas-touchees-par-des-incendies-une-mobilisation-maximale\\\/#primaryimage\"},\"thumbnailUrl\":\"https:\\\/\\\/lasentinelle.dz\\\/wp-content\\\/uploads\\\/2023\\\/05\\\/incendies-.png\",\"articleSection\":[\"Actualit\u00e9\"],\"inLanguage\":\"fr-FR\",\"potentialAction\":[{\"@type\":\"CommentAction\",\"name\":\"Comment\",\"target\":[\"https:\\\/\\\/lasentinelle.dz\\\/index.php\\\/2025\\\/07\\\/21\\\/plusieurs-wilayas-touchees-par-des-incendies-une-mobilisation-maximale\\\/#respond\"]}]},{\"@type\":\"WebPage\",\"@id\":\"https:\\\/\\\/lasentinelle.dz\\\/index.php\\\/2025\\\/07\\\/21\\\/plusieurs-wilayas-touchees-par-des-incendies-une-mobilisation-maximale\\\/\",\"url\":\"https:\\\/\\\/lasentinelle.dz\\\/index.php\\\/2025\\\/07\\\/21\\\/plusieurs-wilayas-touchees-par-des-incendies-une-mobilisation-maximale\\\/\",\"name\":\"Plusieurs wilayas touch\u00e9es par des incendies: Une mobilisation maximale ! - La Sentinelle\",\"isPartOf\":{\"@id\":\"https:\\\/\\\/lasentinelle.dz\\\/#website\"},\"primaryImageOfPage\":{\"@id\":\"https:\\\/\\\/lasentinelle.dz\\\/index.php\\\/2025\\\/07\\\/21\\\/plusieurs-wilayas-touchees-par-des-incendies-une-mobilisation-maximale\\\/#primaryimage\"},\"image\":{\"@id\":\"https:\\\/\\\/lasentinelle.dz\\\/index.php\\\/2025\\\/07\\\/21\\\/plusieurs-wilayas-touchees-par-des-incendies-une-mobilisation-maximale\\\/#primaryimage\"},\"thumbnailUrl\":\"https:\\\/\\\/lasentinelle.dz\\\/wp-content\\\/uploads\\\/2023\\\/05\\\/incendies-.png\",\"datePublished\":\"2025-07-21T20:31:08+00:00\",\"dateModified\":\"2025-07-21T20:31:09+00:00\",\"breadcrumb\":{\"@id\":\"https:\\\/\\\/lasentinelle.dz\\\/index.php\\\/2025\\\/07\\\/21\\\/plusieurs-wilayas-touchees-par-des-incendies-une-mobilisation-maximale\\\/#breadcrumb\"},\"inLanguage\":\"fr-FR\",\"potentialAction\":[{\"@type\":\"ReadAction\",\"target\":[\"https:\\\/\\\/lasentinelle.dz\\\/index.php\\\/2025\\\/07\\\/21\\\/plusieurs-wilayas-touchees-par-des-incendies-une-mobilisation-maximale\\\/\"]}]},{\"@type\":\"ImageObject\",\"inLanguage\":\"fr-FR\",\"@id\":\"https:\\\/\\\/lasentinelle.dz\\\/index.php\\\/2025\\\/07\\\/21\\\/plusieurs-wilayas-touchees-par-des-incendies-une-mobilisation-maximale\\\/#primaryimage\",\"url\":\"https:\\\/\\\/lasentinelle.dz\\\/wp-content\\\/uploads\\\/2023\\\/05\\\/incendies-.png\",\"contentUrl\":\"https:\\\/\\\/lasentinelle.dz\\\/wp-content\\\/uploads\\\/2023\\\/05\\\/incendies-.png\",\"width\":1200,\"height\":900},{\"@type\":\"BreadcrumbList\",\"@id\":\"https:\\\/\\\/lasentinelle.dz\\\/index.php\\\/2025\\\/07\\\/21\\\/plusieurs-wilayas-touchees-par-des-incendies-une-mobilisation-maximale\\\/#breadcrumb\",\"itemListElement\":[{\"@type\":\"ListItem\",\"position\":1,\"name\":\"Accueil\",\"item\":\"https:\\\/\\\/lasentinelle.dz\\\/\"},{\"@type\":\"ListItem\",\"position\":2,\"name\":\"Plusieurs wilayas touch\u00e9es par des incendies: Une mobilisation maximale !\"}]},{\"@type\":\"WebSite\",\"@id\":\"https:\\\/\\\/lasentinelle.dz\\\/#website\",\"url\":\"https:\\\/\\\/lasentinelle.dz\\\/\",\"name\":\"La Sentinelle\",\"description\":\"Quotidien national d&#039;information\",\"publisher\":{\"@id\":\"https:\\\/\\\/lasentinelle.dz\\\/#organization\"},\"potentialAction\":[{\"@type\":\"SearchAction\",\"target\":{\"@type\":\"EntryPoint\",\"urlTemplate\":\"https:\\\/\\\/lasentinelle.dz\\\/?s={search_term_string}\"},\"query-input\":{\"@type\":\"PropertyValueSpecification\",\"valueRequired\":true,\"valueName\":\"search_term_string\"}}],\"inLanguage\":\"fr-FR\"},{\"@type\":\"Organization\",\"@id\":\"https:\\\/\\\/lasentinelle.dz\\\/#organization\",\"name\":\"Quotidien La Sentinelle\",\"url\":\"https:\\\/\\\/lasentinelle.dz\\\/\",\"logo\":{\"@type\":\"ImageObject\",\"inLanguage\":\"fr-FR\",\"@id\":\"https:\\\/\\\/lasentinelle.dz\\\/#\\\/schema\\\/logo\\\/image\\\/\",\"url\":\"https:\\\/\\\/lasentinelle.dz\\\/wp-content\\\/uploads\\\/2021\\\/09\\\/logo-sentinelleSLOGAN-1.png\",\"contentUrl\":\"https:\\\/\\\/lasentinelle.dz\\\/wp-content\\\/uploads\\\/2021\\\/09\\\/logo-sentinelleSLOGAN-1.png\",\"width\":615,\"height\":142,\"caption\":\"Quotidien La Sentinelle\"},\"image\":{\"@id\":\"https:\\\/\\\/lasentinelle.dz\\\/#\\\/schema\\\/logo\\\/image\\\/\"},\"sameAs\":[\"https:\\\/\\\/www.facebook.com\\\/La-Sentinelle-104059864394773\"]},{\"@type\":\"Person\",\"@id\":\"https:\\\/\\\/lasentinelle.dz\\\/#\\\/schema\\\/person\\\/729ee0024f24e0b8c5ec17232f8e8b41\",\"name\":\"admin\",\"image\":{\"@type\":\"ImageObject\",\"inLanguage\":\"fr-FR\",\"@id\":\"https:\\\/\\\/secure.gravatar.com\\\/avatar\\\/4c81fed838786e9b53f540bf46533e750f5d292099ae3b66cfc6fb1982e29df7?s=96&d=mm&r=g\",\"url\":\"https:\\\/\\\/secure.gravatar.com\\\/avatar\\\/4c81fed838786e9b53f540bf46533e750f5d292099ae3b66cfc6fb1982e29df7?s=96&d=mm&r=g\",\"contentUrl\":\"https:\\\/\\\/secure.gravatar.com\\\/avatar\\\/4c81fed838786e9b53f540bf46533e750f5d292099ae3b66cfc6fb1982e29df7?s=96&d=mm&r=g\",\"caption\":\"admin\"},\"description\":\"admin\",\"url\":\"https:\\\/\\\/lasentinelle.dz\\\/author\\\/admin\\\/\"}]}<\/script>\n<!-- \/ Yoast SEO plugin. -->","yoast_head_json":{"title":"Plusieurs wilayas touch\u00e9es par des incendies: Une mobilisation maximale ! - La Sentinelle","robots":{"index":"index","follow":"follow","max-snippet":"max-snippet:-1","max-image-preview":"max-image-preview:large","max-video-preview":"max-video-preview:-1"},"canonical":"https:\/\/lasentinelle.dz\/index.php\/2025\/07\/21\/plusieurs-wilayas-touchees-par-des-incendies-une-mobilisation-maximale\/","og_locale":"fr_FR","og_type":"article","og_title":"Plusieurs wilayas touch\u00e9es par des incendies: Une mobilisation maximale ! - La Sentinelle","og_description":"Plusieurs wilayas du pays font face une nouvelle vague d&rsquo;incendies de for\u00eats et de v\u00e9g\u00e9tation qui met \u00e0 l&rsquo;\u00e9preuve le","og_url":"https:\/\/lasentinelle.dz\/index.php\/2025\/07\/21\/plusieurs-wilayas-touchees-par-des-incendies-une-mobilisation-maximale\/","og_site_name":"La Sentinelle","article_publisher":"https:\/\/www.facebook.com\/La-Sentinelle-104059864394773","article_published_time":"2025-07-21T20:31:08+00:00","article_modified_time":"2025-07-21T20:31:09+00:00","og_image":[{"width":1200,"height":900,"url":"https:\/\/lasentinelle.dz\/wp-content\/uploads\/2023\/05\/incendies-.png","type":"image\/png"}],"author":"admin","twitter_card":"summary_large_image","twitter_misc":{"\u00c9crit par":"admin","Dur\u00e9e de lecture estim\u00e9e":"3 minutes"},"schema":{"@context":"https:\/\/schema.org","@graph":[{"@type":"Article","@id":"https:\/\/lasentinelle.dz\/index.php\/2025\/07\/21\/plusieurs-wilayas-touchees-par-des-incendies-une-mobilisation-maximale\/#article","isPartOf":{"@id":"https:\/\/lasentinelle.dz\/index.php\/2025\/07\/21\/plusieurs-wilayas-touchees-par-des-incendies-une-mobilisation-maximale\/"},"author":{"name":"admin","@id":"https:\/\/lasentinelle.dz\/#\/schema\/person\/729ee0024f24e0b8c5ec17232f8e8b41"},"headline":"Plusieurs wilayas touch\u00e9es par des incendies: Une mobilisation maximale !","datePublished":"2025-07-21T20:31:08+00:00","dateModified":"2025-07-21T20:31:09+00:00","mainEntityOfPage":{"@id":"https:\/\/lasentinelle.dz\/index.php\/2025\/07\/21\/plusieurs-wilayas-touchees-par-des-incendies-une-mobilisation-maximale\/"},"wordCount":556,"commentCount":0,"publisher":{"@id":"https:\/\/lasentinelle.dz\/#organization"},"image":{"@id":"https:\/\/lasentinelle.dz\/index.php\/2025\/07\/21\/plusieurs-wilayas-touchees-par-des-incendies-une-mobilisation-maximale\/#primaryimage"},"thumbnailUrl":"https:\/\/lasentinelle.dz\/wp-content\/uploads\/2023\/05\/incendies-.png","articleSection":["Actualit\u00e9"],"inLanguage":"fr-FR","potentialAction":[{"@type":"CommentAction","name":"Comment","target":["https:\/\/lasentinelle.dz\/index.php\/2025\/07\/21\/plusieurs-wilayas-touchees-par-des-incendies-une-mobilisation-maximale\/#respond"]}]},{"@type":"WebPage","@id":"https:\/\/lasentinelle.dz\/index.php\/2025\/07\/21\/plusieurs-wilayas-touchees-par-des-incendies-une-mobilisation-maximale\/","url":"https:\/\/lasentinelle.dz\/index.php\/2025\/07\/21\/plusieurs-wilayas-touchees-par-des-incendies-une-mobilisation-maximale\/","name":"Plusieurs wilayas touch\u00e9es par des incendies: Une mobilisation maximale ! - La Sentinelle","isPartOf":{"@id":"https:\/\/lasentinelle.dz\/#website"},"primaryImageOfPage":{"@id":"https:\/\/lasentinelle.dz\/index.php\/2025\/07\/21\/plusieurs-wilayas-touchees-par-des-incendies-une-mobilisation-maximale\/#primaryimage"},"image":{"@id":"https:\/\/lasentinelle.dz\/index.php\/2025\/07\/21\/plusieurs-wilayas-touchees-par-des-incendies-une-mobilisation-maximale\/#primaryimage"},"thumbnailUrl":"https:\/\/lasentinelle.dz\/wp-content\/uploads\/2023\/05\/incendies-.png","datePublished":"2025-07-21T20:31:08+00:00","dateModified":"2025-07-21T20:31:09+00:00","breadcrumb":{"@id":"https:\/\/lasentinelle.dz\/index.php\/2025\/07\/21\/plusieurs-wilayas-touchees-par-des-incendies-une-mobilisation-maximale\/#breadcrumb"},"inLanguage":"fr-FR","potentialAction":[{"@type":"ReadAction","target":["https:\/\/lasentinelle.dz\/index.php\/2025\/07\/21\/plusieurs-wilayas-touchees-par-des-incendies-une-mobilisation-maximale\/"]}]},{"@type":"ImageObject","inLanguage":"fr-FR","@id":"https:\/\/lasentinelle.dz\/index.php\/2025\/07\/21\/plusieurs-wilayas-touchees-par-des-incendies-une-mobilisation-maximale\/#primaryimage","url":"https:\/\/lasentinelle.dz\/wp-content\/uploads\/2023\/05\/incendies-.png","contentUrl":"https:\/\/lasentinelle.dz\/wp-content\/uploads\/2023\/05\/incendies-.png","width":1200,"height":900},{"@type":"BreadcrumbList","@id":"https:\/\/lasentinelle.dz\/index.php\/2025\/07\/21\/plusieurs-wilayas-touchees-par-des-incendies-une-mobilisation-maximale\/#breadcrumb","itemListElement":[{"@type":"ListItem","position":1,"name":"Accueil","item":"https:\/\/lasentinelle.dz\/"},{"@type":"ListItem","position":2,"name":"Plusieurs wilayas touch\u00e9es par des incendies: Une mobilisation maximale !"}]},{"@type":"WebSite","@id":"https:\/\/lasentinelle.dz\/#website","url":"https:\/\/lasentinelle.dz\/","name":"La Sentinelle","description":"Quotidien national d&#039;information","publisher":{"@id":"https:\/\/lasentinelle.dz\/#organization"},"potentialAction":[{"@type":"SearchAction","target":{"@type":"EntryPoint","urlTemplate":"https:\/\/lasentinelle.dz\/?s={search_term_string}"},"query-input":{"@type":"PropertyValueSpecification","valueRequired":true,"valueName":"search_term_string"}}],"inLanguage":"fr-FR"},{"@type":"Organization","@id":"https:\/\/lasentinelle.dz\/#organization","name":"Quotidien La Sentinelle","url":"https:\/\/lasentinelle.dz\/","logo":{"@type":"ImageObject","inLanguage":"fr-FR","@id":"https:\/\/lasentinelle.dz\/#\/schema\/logo\/image\/","url":"https:\/\/lasentinelle.dz\/wp-content\/uploads\/2021\/09\/logo-sentinelleSLOGAN-1.png","contentUrl":"https:\/\/lasentinelle.dz\/wp-content\/uploads\/2021\/09\/logo-sentinelleSLOGAN-1.png","width":615,"height":142,"caption":"Quotidien La Sentinelle"},"image":{"@id":"https:\/\/lasentinelle.dz\/#\/schema\/logo\/image\/"},"sameAs":["https:\/\/www.facebook.com\/La-Sentinelle-104059864394773"]},{"@type":"Person","@id":"https:\/\/lasentinelle.dz\/#\/schema\/person\/729ee0024f24e0b8c5ec17232f8e8b41","name":"admin","image":{"@type":"ImageObject","inLanguage":"fr-FR","@id":"https:\/\/secure.gravatar.com\/avatar\/4c81fed838786e9b53f540bf46533e750f5d292099ae3b66cfc6fb1982e29df7?s=96&d=mm&r=g","url":"https:\/\/secure.gravatar.com\/avatar\/4c81fed838786e9b53f540bf46533e750f5d292099ae3b66cfc6fb1982e29df7?s=96&d=mm&r=g","contentUrl":"https:\/\/secure.gravatar.com\/avatar\/4c81fed838786e9b53f540bf46533e750f5d292099ae3b66cfc6fb1982e29df7?s=96&d=mm&r=g","caption":"admin"},"description":"admin","url":"https:\/\/lasentinelle.dz\/author\/admin\/"}]}},"_links":{"self":[{"href":"https:\/\/lasentinelle.dz\/index.php\/wp-json\/wp\/v2\/posts\/70694","targetHints":{"allow":["GET"]}}],"collection":[{"href":"https:\/\/lasentinelle.dz\/index.php\/wp-json\/wp\/v2\/posts"}],"about":[{"href":"https:\/\/lasentinelle.dz\/index.php\/wp-json\/wp\/v2\/types\/post"}],"author":[{"embeddable":true,"href":"https:\/\/lasentinelle.dz\/index.php\/wp-json\/wp\/v2\/users\/6"}],"replies":[{"embeddable":true,"href":"https:\/\/lasentinelle.dz\/index.php\/wp-json\/wp\/v2\/comments?post=70694"}],"version-history":[{"count":1,"href":"https:\/\/lasentinelle.dz\/index.php\/wp-json\/wp\/v2\/posts\/70694\/revisions"}],"predecessor-version":[{"id":70695,"href":"https:\/\/lasentinelle.dz\/index.php\/wp-json\/wp\/v2\/posts\/70694\/revisions\/70695"}],"wp:featuredmedia":[{"embeddable":true,"href":"https:\/\/lasentinelle.dz\/index.php\/wp-json\/wp\/v2\/media\/40979"}],"wp:attachment":[{"href":"https:\/\/lasentinelle.dz\/index.php\/wp-json\/wp\/v2\/media?parent=70694"}],"wp:term":[{"taxonomy":"category","embeddable":true,"href":"https:\/\/lasentinelle.dz\/index.php\/wp-json\/wp\/v2\/categories?post=70694"},{"taxonomy":"post_tag","embeddable":true,"href":"https:\/\/lasentinelle.dz\/index.php\/wp-json\/wp\/v2\/tags?post=70694"}],"curies":[{"name":"wp","href":"https:\/\/api.w.org\/{rel}","templated":true}]}}