{"id":70696,"date":"2025-07-21T22:10:13","date_gmt":"2025-07-21T21:10:13","guid":{"rendered":"https:\/\/lasentinelle.dz\/?p=70696"},"modified":"2025-07-21T22:10:14","modified_gmt":"2025-07-21T21:10:14","slug":"nucleaire-iranien-reprise-des-negociations-vendredi-avec-le-groupe-e3","status":"publish","type":"post","link":"https:\/\/lasentinelle.dz\/index.php\/2025\/07\/21\/nucleaire-iranien-reprise-des-negociations-vendredi-avec-le-groupe-e3\/","title":{"rendered":"Nucl\u00e9aire iranien : Reprise des n\u00e9gociations vendredi avec le groupe E3"},"content":{"rendered":"\n<p>Les discussions sur le programme nucl\u00e9aire iranien vont reprendre vendredi \u00e0 Istanbul entre T\u00e9h\u00e9ran et les repr\u00e9sentants de l&rsquo;Allemagne, de la France et du Royaume-Uni, commun\u00e9ment appel\u00e9s le groupe E3, selon l&rsquo;annonce faite lundi par la t\u00e9l\u00e9vision iranienne citant le porte-parole du minist\u00e8re des Affaires \u00e9trang\u00e8res Esma\u00efl Bagha\u00ef. Cette reprise des pourparlers intervient dans un contexte diplomatique particuli\u00e8rement tendu, marqu\u00e9 par la menace de r\u00e9imposition des sanctions internationales contre l&rsquo;Iran et les r\u00e9cents d\u00e9veloppements g\u00e9opolitiques r\u00e9gionaux. Le ministre iranien des Affaires \u00e9trang\u00e8res Abbas Araghchi a indiqu\u00e9 sur les r\u00e9seaux sociaux que son pays demeurait ouvert \u00e0 une diplomatie r\u00e9elle et r\u00e9ciproque, tout en soulignant la capacit\u00e9 de l&rsquo;Iran \u00e0 faire face aux pressions ext\u00e9rieures. Les n\u00e9gociations de vendredi se d\u00e9rouleront au niveau des vice-ministres des Affaires \u00e9trang\u00e8res et incluront \u00e9galement des repr\u00e9sentants de l&rsquo;Union europ\u00e9enne, dans le cadre des efforts diplomatiques visant \u00e0 r\u00e9soudre les questions li\u00e9es au programme nucl\u00e9aire iranien. Parall\u00e8lement, l&rsquo;Iran, la Chine et la Russie se r\u00e9uniront mardi \u00e0 T\u00e9h\u00e9ran pour coordonner leurs positions face au risque de retour des sanctions des Nations Unies, une rencontre qui se tiendra au niveau des directeurs g\u00e9n\u00e9raux des minist\u00e8res des Affaires \u00e9trang\u00e8res de ces trois pays. Cette coordination tripartite vise \u00e0 examiner les moyens de pr\u00e9venir ou d&rsquo;att\u00e9nuer les cons\u00e9quences du m\u00e9canisme de r\u00e9activation des sanctions, connu sous le nom de snapback, que le groupe E3 menace de d\u00e9clencher avant la fin du mois d&rsquo;ao\u00fbt si l&rsquo;Iran ne prend pas d&rsquo;engagements fermes concernant son programme nucl\u00e9aire. Le dossier nucl\u00e9aire iranien reste complexe depuis le retrait des \u00c9tats-Unis en 2018 de l&rsquo;accord de 2015, officiellement appel\u00e9 Plan d&rsquo;action global commun, qui avait \u00e9t\u00e9 n\u00e9goci\u00e9 avec l&rsquo;Iran, les puissances occidentales, la Chine et la Russie. Cet accord pr\u00e9voyait des restrictions importantes au programme nucl\u00e9aire iranien en \u00e9change de la lev\u00e9e des sanctions internationales, mais l&rsquo;administration Trump avait quitt\u00e9 l&rsquo;accord et r\u00e9impos\u00e9 des sanctions dans le cadre de sa politique de pression maximale. Depuis lors, l&rsquo;Iran a progressivement r\u00e9duit ses engagements nucl\u00e9aires, invoquant le non-respect par les autres parties de leurs obligations, notamment \u00e9conomiques. Le ministre iranien des Affaires \u00e9trang\u00e8res Abbas Araghchi a mis en garde le groupe E3 contre toute tentative de porter atteinte \u00e0 la cr\u00e9dibilit\u00e9 du Conseil de s\u00e9curit\u00e9 de l&rsquo;ONU en d\u00e9clenchant le m\u00e9canisme de snapback, arguant que ces pays n&rsquo;avaient pas la qualit\u00e9 juridique, politique ou morale pour invoquer les dispositions de l&rsquo;accord de 2015 ou la r\u00e9solution 2231 du Conseil de s\u00e9curit\u00e9. Il a rappel\u00e9 que l&rsquo;Iran avait \u00e9puis\u00e9 tous les m\u00e9canismes de r\u00e8glement des diff\u00e9rends avant de prendre des mesures correctives, accusant le groupe E3 de ne pas avoir respect\u00e9 ses engagements et d&rsquo;avoir m\u00eame soutenu la politique am\u00e9ricaine de sanctions. Les r\u00e9centes n\u00e9gociations indirectes entre T\u00e9h\u00e9ran et Washington, men\u00e9es par l&rsquo;interm\u00e9diaire de m\u00e9diateurs omanais en juin dernier, avaient \u00e9t\u00e9 interrompues \u00e0 la suite de l&rsquo;agression sioniste contre l&rsquo;Iran le 13 juin. Actuellement, aucune reprise des pourparlers avec les \u00c9tats-Unis n&rsquo;est pr\u00e9vue, selon les d\u00e9clarations du porte-parole iranien. L&rsquo;envoy\u00e9 sp\u00e9cial du pr\u00e9sident iranien, Ali Larijani, a rencontr\u00e9 dimanche le pr\u00e9sident russe Vladimir Poutine pour discuter notamment du dossier nucl\u00e9aire.<\/p>\n\n\n\n<p>R.I.<\/p>\n","protected":false},"excerpt":{"rendered":"<p>Les discussions sur le programme nucl\u00e9aire iranien vont reprendre vendredi \u00e0 Istanbul entre T\u00e9h\u00e9ran et les repr\u00e9sentants de l&rsquo;Allemagne, de<\/p>\n","protected":false},"author":6,"featured_media":70697,"comment_status":"open","ping_status":"closed","sticky":false,"template":"","format":"standard","meta":{"colormag_page_container_layout":"default_layout","colormag_page_sidebar_layout":"default_layout","om_disable_all_campaigns":false,"_monsterinsights_skip_tracking":false,"_monsterinsights_sitenote_active":false,"_monsterinsights_sitenote_note":"","_monsterinsights_sitenote_category":0,"footnotes":"","_wpscppro_dont_share_socialmedia":false,"_wpscppro_custom_social_share_image":0,"_facebook_share_type":"default","_twitter_share_type":"default","_linkedin_share_type":"default","_pinterest_share_type":"default","_linkedin_share_type_page":"","_instagram_share_type":"default","_medium_share_type":"default","_threads_share_type":"","_google_business_share_type":"","_selected_social_profile":[],"_wpsp_enable_custom_social_template":false,"_wpsp_social_scheduling":{"enabled":false,"datetime":null,"platforms":[],"status":"template_only","dateOption":"today","timeOption":"now","customDays":"","customHours":"","customDate":"","customTime":"","schedulingType":"absolute"},"_wpsp_active_default_template":true},"categories":[37],"tags":[],"class_list":["post-70696","post","type-post","status-publish","format-standard","has-post-thumbnail","hentry","category-monde"],"aioseo_notices":[],"yoast_head":"<!-- This site is optimized with the Yoast SEO plugin v27.5 - https:\/\/yoast.com\/product\/yoast-seo-wordpress\/ -->\n<title>Nucl\u00e9aire iranien : Reprise des n\u00e9gociations vendredi avec le groupe E3 - La Sentinelle<\/title>\n<meta name=\"robots\" content=\"index, follow, max-snippet:-1, max-image-preview:large, max-video-preview:-1\" \/>\n<link rel=\"canonical\" href=\"https:\/\/lasentinelle.dz\/index.php\/2025\/07\/21\/nucleaire-iranien-reprise-des-negociations-vendredi-avec-le-groupe-e3\/\" \/>\n<meta property=\"og:locale\" content=\"fr_FR\" \/>\n<meta property=\"og:type\" content=\"article\" \/>\n<meta property=\"og:title\" content=\"Nucl\u00e9aire iranien : Reprise des n\u00e9gociations vendredi avec le groupe E3 - La Sentinelle\" \/>\n<meta property=\"og:description\" content=\"Les discussions sur le programme nucl\u00e9aire iranien vont reprendre vendredi \u00e0 Istanbul entre T\u00e9h\u00e9ran et les repr\u00e9sentants de l&rsquo;Allemagne, de\" \/>\n<meta property=\"og:url\" content=\"https:\/\/lasentinelle.dz\/index.php\/2025\/07\/21\/nucleaire-iranien-reprise-des-negociations-vendredi-avec-le-groupe-e3\/\" \/>\n<meta property=\"og:site_name\" content=\"La Sentinelle\" \/>\n<meta property=\"article:publisher\" content=\"https:\/\/www.facebook.com\/La-Sentinelle-104059864394773\" \/>\n<meta property=\"article:published_time\" content=\"2025-07-21T21:10:13+00:00\" \/>\n<meta property=\"article:modified_time\" content=\"2025-07-21T21:10:14+00:00\" \/>\n<meta property=\"og:image\" content=\"https:\/\/lasentinelle.dz\/wp-content\/uploads\/2025\/07\/Esmail-Baghai.jpeg\" \/>\n\t<meta property=\"og:image:width\" content=\"800\" \/>\n\t<meta property=\"og:image:height\" content=\"533\" \/>\n\t<meta property=\"og:image:type\" content=\"image\/jpeg\" \/>\n<meta name=\"author\" content=\"admin\" \/>\n<meta name=\"twitter:card\" content=\"summary_large_image\" \/>\n<meta name=\"twitter:label1\" content=\"\u00c9crit par\" \/>\n\t<meta name=\"twitter:data1\" content=\"admin\" \/>\n\t<meta name=\"twitter:label2\" content=\"Dur\u00e9e de lecture estim\u00e9e\" \/>\n\t<meta name=\"twitter:data2\" content=\"3 minutes\" \/>\n<script type=\"application\/ld+json\" class=\"yoast-schema-graph\">{\"@context\":\"https:\\\/\\\/schema.org\",\"@graph\":[{\"@type\":\"Article\",\"@id\":\"https:\\\/\\\/lasentinelle.dz\\\/index.php\\\/2025\\\/07\\\/21\\\/nucleaire-iranien-reprise-des-negociations-vendredi-avec-le-groupe-e3\\\/#article\",\"isPartOf\":{\"@id\":\"https:\\\/\\\/lasentinelle.dz\\\/index.php\\\/2025\\\/07\\\/21\\\/nucleaire-iranien-reprise-des-negociations-vendredi-avec-le-groupe-e3\\\/\"},\"author\":{\"name\":\"admin\",\"@id\":\"https:\\\/\\\/lasentinelle.dz\\\/#\\\/schema\\\/person\\\/729ee0024f24e0b8c5ec17232f8e8b41\"},\"headline\":\"Nucl\u00e9aire iranien : Reprise des n\u00e9gociations vendredi avec le groupe E3\",\"datePublished\":\"2025-07-21T21:10:13+00:00\",\"dateModified\":\"2025-07-21T21:10:14+00:00\",\"mainEntityOfPage\":{\"@id\":\"https:\\\/\\\/lasentinelle.dz\\\/index.php\\\/2025\\\/07\\\/21\\\/nucleaire-iranien-reprise-des-negociations-vendredi-avec-le-groupe-e3\\\/\"},\"wordCount\":619,\"commentCount\":0,\"publisher\":{\"@id\":\"https:\\\/\\\/lasentinelle.dz\\\/#organization\"},\"image\":{\"@id\":\"https:\\\/\\\/lasentinelle.dz\\\/index.php\\\/2025\\\/07\\\/21\\\/nucleaire-iranien-reprise-des-negociations-vendredi-avec-le-groupe-e3\\\/#primaryimage\"},\"thumbnailUrl\":\"https:\\\/\\\/lasentinelle.dz\\\/wp-content\\\/uploads\\\/2025\\\/07\\\/Esmail-Baghai.jpeg\",\"articleSection\":[\"Monde\"],\"inLanguage\":\"fr-FR\",\"potentialAction\":[{\"@type\":\"CommentAction\",\"name\":\"Comment\",\"target\":[\"https:\\\/\\\/lasentinelle.dz\\\/index.php\\\/2025\\\/07\\\/21\\\/nucleaire-iranien-reprise-des-negociations-vendredi-avec-le-groupe-e3\\\/#respond\"]}]},{\"@type\":\"WebPage\",\"@id\":\"https:\\\/\\\/lasentinelle.dz\\\/index.php\\\/2025\\\/07\\\/21\\\/nucleaire-iranien-reprise-des-negociations-vendredi-avec-le-groupe-e3\\\/\",\"url\":\"https:\\\/\\\/lasentinelle.dz\\\/index.php\\\/2025\\\/07\\\/21\\\/nucleaire-iranien-reprise-des-negociations-vendredi-avec-le-groupe-e3\\\/\",\"name\":\"Nucl\u00e9aire iranien : Reprise des n\u00e9gociations vendredi avec le groupe E3 - La Sentinelle\",\"isPartOf\":{\"@id\":\"https:\\\/\\\/lasentinelle.dz\\\/#website\"},\"primaryImageOfPage\":{\"@id\":\"https:\\\/\\\/lasentinelle.dz\\\/index.php\\\/2025\\\/07\\\/21\\\/nucleaire-iranien-reprise-des-negociations-vendredi-avec-le-groupe-e3\\\/#primaryimage\"},\"image\":{\"@id\":\"https:\\\/\\\/lasentinelle.dz\\\/index.php\\\/2025\\\/07\\\/21\\\/nucleaire-iranien-reprise-des-negociations-vendredi-avec-le-groupe-e3\\\/#primaryimage\"},\"thumbnailUrl\":\"https:\\\/\\\/lasentinelle.dz\\\/wp-content\\\/uploads\\\/2025\\\/07\\\/Esmail-Baghai.jpeg\",\"datePublished\":\"2025-07-21T21:10:13+00:00\",\"dateModified\":\"2025-07-21T21:10:14+00:00\",\"breadcrumb\":{\"@id\":\"https:\\\/\\\/lasentinelle.dz\\\/index.php\\\/2025\\\/07\\\/21\\\/nucleaire-iranien-reprise-des-negociations-vendredi-avec-le-groupe-e3\\\/#breadcrumb\"},\"inLanguage\":\"fr-FR\",\"potentialAction\":[{\"@type\":\"ReadAction\",\"target\":[\"https:\\\/\\\/lasentinelle.dz\\\/index.php\\\/2025\\\/07\\\/21\\\/nucleaire-iranien-reprise-des-negociations-vendredi-avec-le-groupe-e3\\\/\"]}]},{\"@type\":\"ImageObject\",\"inLanguage\":\"fr-FR\",\"@id\":\"https:\\\/\\\/lasentinelle.dz\\\/index.php\\\/2025\\\/07\\\/21\\\/nucleaire-iranien-reprise-des-negociations-vendredi-avec-le-groupe-e3\\\/#primaryimage\",\"url\":\"https:\\\/\\\/lasentinelle.dz\\\/wp-content\\\/uploads\\\/2025\\\/07\\\/Esmail-Baghai.jpeg\",\"contentUrl\":\"https:\\\/\\\/lasentinelle.dz\\\/wp-content\\\/uploads\\\/2025\\\/07\\\/Esmail-Baghai.jpeg\",\"width\":800,\"height\":533},{\"@type\":\"BreadcrumbList\",\"@id\":\"https:\\\/\\\/lasentinelle.dz\\\/index.php\\\/2025\\\/07\\\/21\\\/nucleaire-iranien-reprise-des-negociations-vendredi-avec-le-groupe-e3\\\/#breadcrumb\",\"itemListElement\":[{\"@type\":\"ListItem\",\"position\":1,\"name\":\"Accueil\",\"item\":\"https:\\\/\\\/lasentinelle.dz\\\/\"},{\"@type\":\"ListItem\",\"position\":2,\"name\":\"Nucl\u00e9aire iranien : Reprise des n\u00e9gociations vendredi avec le groupe E3\"}]},{\"@type\":\"WebSite\",\"@id\":\"https:\\\/\\\/lasentinelle.dz\\\/#website\",\"url\":\"https:\\\/\\\/lasentinelle.dz\\\/\",\"name\":\"La Sentinelle\",\"description\":\"Quotidien national d&#039;information\",\"publisher\":{\"@id\":\"https:\\\/\\\/lasentinelle.dz\\\/#organization\"},\"potentialAction\":[{\"@type\":\"SearchAction\",\"target\":{\"@type\":\"EntryPoint\",\"urlTemplate\":\"https:\\\/\\\/lasentinelle.dz\\\/?s={search_term_string}\"},\"query-input\":{\"@type\":\"PropertyValueSpecification\",\"valueRequired\":true,\"valueName\":\"search_term_string\"}}],\"inLanguage\":\"fr-FR\"},{\"@type\":\"Organization\",\"@id\":\"https:\\\/\\\/lasentinelle.dz\\\/#organization\",\"name\":\"Quotidien La Sentinelle\",\"url\":\"https:\\\/\\\/lasentinelle.dz\\\/\",\"logo\":{\"@type\":\"ImageObject\",\"inLanguage\":\"fr-FR\",\"@id\":\"https:\\\/\\\/lasentinelle.dz\\\/#\\\/schema\\\/logo\\\/image\\\/\",\"url\":\"https:\\\/\\\/lasentinelle.dz\\\/wp-content\\\/uploads\\\/2021\\\/09\\\/logo-sentinelleSLOGAN-1.png\",\"contentUrl\":\"https:\\\/\\\/lasentinelle.dz\\\/wp-content\\\/uploads\\\/2021\\\/09\\\/logo-sentinelleSLOGAN-1.png\",\"width\":615,\"height\":142,\"caption\":\"Quotidien La Sentinelle\"},\"image\":{\"@id\":\"https:\\\/\\\/lasentinelle.dz\\\/#\\\/schema\\\/logo\\\/image\\\/\"},\"sameAs\":[\"https:\\\/\\\/www.facebook.com\\\/La-Sentinelle-104059864394773\"]},{\"@type\":\"Person\",\"@id\":\"https:\\\/\\\/lasentinelle.dz\\\/#\\\/schema\\\/person\\\/729ee0024f24e0b8c5ec17232f8e8b41\",\"name\":\"admin\",\"image\":{\"@type\":\"ImageObject\",\"inLanguage\":\"fr-FR\",\"@id\":\"https:\\\/\\\/secure.gravatar.com\\\/avatar\\\/4c81fed838786e9b53f540bf46533e750f5d292099ae3b66cfc6fb1982e29df7?s=96&d=mm&r=g\",\"url\":\"https:\\\/\\\/secure.gravatar.com\\\/avatar\\\/4c81fed838786e9b53f540bf46533e750f5d292099ae3b66cfc6fb1982e29df7?s=96&d=mm&r=g\",\"contentUrl\":\"https:\\\/\\\/secure.gravatar.com\\\/avatar\\\/4c81fed838786e9b53f540bf46533e750f5d292099ae3b66cfc6fb1982e29df7?s=96&d=mm&r=g\",\"caption\":\"admin\"},\"description\":\"admin\",\"url\":\"https:\\\/\\\/lasentinelle.dz\\\/author\\\/admin\\\/\"}]}<\/script>\n<!-- \/ Yoast SEO plugin. -->","yoast_head_json":{"title":"Nucl\u00e9aire iranien : Reprise des n\u00e9gociations vendredi avec le groupe E3 - La Sentinelle","robots":{"index":"index","follow":"follow","max-snippet":"max-snippet:-1","max-image-preview":"max-image-preview:large","max-video-preview":"max-video-preview:-1"},"canonical":"https:\/\/lasentinelle.dz\/index.php\/2025\/07\/21\/nucleaire-iranien-reprise-des-negociations-vendredi-avec-le-groupe-e3\/","og_locale":"fr_FR","og_type":"article","og_title":"Nucl\u00e9aire iranien : Reprise des n\u00e9gociations vendredi avec le groupe E3 - La Sentinelle","og_description":"Les discussions sur le programme nucl\u00e9aire iranien vont reprendre vendredi \u00e0 Istanbul entre T\u00e9h\u00e9ran et les repr\u00e9sentants de l&rsquo;Allemagne, de","og_url":"https:\/\/lasentinelle.dz\/index.php\/2025\/07\/21\/nucleaire-iranien-reprise-des-negociations-vendredi-avec-le-groupe-e3\/","og_site_name":"La Sentinelle","article_publisher":"https:\/\/www.facebook.com\/La-Sentinelle-104059864394773","article_published_time":"2025-07-21T21:10:13+00:00","article_modified_time":"2025-07-21T21:10:14+00:00","og_image":[{"width":800,"height":533,"url":"https:\/\/lasentinelle.dz\/wp-content\/uploads\/2025\/07\/Esmail-Baghai.jpeg","type":"image\/jpeg"}],"author":"admin","twitter_card":"summary_large_image","twitter_misc":{"\u00c9crit par":"admin","Dur\u00e9e de lecture estim\u00e9e":"3 minutes"},"schema":{"@context":"https:\/\/schema.org","@graph":[{"@type":"Article","@id":"https:\/\/lasentinelle.dz\/index.php\/2025\/07\/21\/nucleaire-iranien-reprise-des-negociations-vendredi-avec-le-groupe-e3\/#article","isPartOf":{"@id":"https:\/\/lasentinelle.dz\/index.php\/2025\/07\/21\/nucleaire-iranien-reprise-des-negociations-vendredi-avec-le-groupe-e3\/"},"author":{"name":"admin","@id":"https:\/\/lasentinelle.dz\/#\/schema\/person\/729ee0024f24e0b8c5ec17232f8e8b41"},"headline":"Nucl\u00e9aire iranien : Reprise des n\u00e9gociations vendredi avec le groupe E3","datePublished":"2025-07-21T21:10:13+00:00","dateModified":"2025-07-21T21:10:14+00:00","mainEntityOfPage":{"@id":"https:\/\/lasentinelle.dz\/index.php\/2025\/07\/21\/nucleaire-iranien-reprise-des-negociations-vendredi-avec-le-groupe-e3\/"},"wordCount":619,"commentCount":0,"publisher":{"@id":"https:\/\/lasentinelle.dz\/#organization"},"image":{"@id":"https:\/\/lasentinelle.dz\/index.php\/2025\/07\/21\/nucleaire-iranien-reprise-des-negociations-vendredi-avec-le-groupe-e3\/#primaryimage"},"thumbnailUrl":"https:\/\/lasentinelle.dz\/wp-content\/uploads\/2025\/07\/Esmail-Baghai.jpeg","articleSection":["Monde"],"inLanguage":"fr-FR","potentialAction":[{"@type":"CommentAction","name":"Comment","target":["https:\/\/lasentinelle.dz\/index.php\/2025\/07\/21\/nucleaire-iranien-reprise-des-negociations-vendredi-avec-le-groupe-e3\/#respond"]}]},{"@type":"WebPage","@id":"https:\/\/lasentinelle.dz\/index.php\/2025\/07\/21\/nucleaire-iranien-reprise-des-negociations-vendredi-avec-le-groupe-e3\/","url":"https:\/\/lasentinelle.dz\/index.php\/2025\/07\/21\/nucleaire-iranien-reprise-des-negociations-vendredi-avec-le-groupe-e3\/","name":"Nucl\u00e9aire iranien : Reprise des n\u00e9gociations vendredi avec le groupe E3 - La Sentinelle","isPartOf":{"@id":"https:\/\/lasentinelle.dz\/#website"},"primaryImageOfPage":{"@id":"https:\/\/lasentinelle.dz\/index.php\/2025\/07\/21\/nucleaire-iranien-reprise-des-negociations-vendredi-avec-le-groupe-e3\/#primaryimage"},"image":{"@id":"https:\/\/lasentinelle.dz\/index.php\/2025\/07\/21\/nucleaire-iranien-reprise-des-negociations-vendredi-avec-le-groupe-e3\/#primaryimage"},"thumbnailUrl":"https:\/\/lasentinelle.dz\/wp-content\/uploads\/2025\/07\/Esmail-Baghai.jpeg","datePublished":"2025-07-21T21:10:13+00:00","dateModified":"2025-07-21T21:10:14+00:00","breadcrumb":{"@id":"https:\/\/lasentinelle.dz\/index.php\/2025\/07\/21\/nucleaire-iranien-reprise-des-negociations-vendredi-avec-le-groupe-e3\/#breadcrumb"},"inLanguage":"fr-FR","potentialAction":[{"@type":"ReadAction","target":["https:\/\/lasentinelle.dz\/index.php\/2025\/07\/21\/nucleaire-iranien-reprise-des-negociations-vendredi-avec-le-groupe-e3\/"]}]},{"@type":"ImageObject","inLanguage":"fr-FR","@id":"https:\/\/lasentinelle.dz\/index.php\/2025\/07\/21\/nucleaire-iranien-reprise-des-negociations-vendredi-avec-le-groupe-e3\/#primaryimage","url":"https:\/\/lasentinelle.dz\/wp-content\/uploads\/2025\/07\/Esmail-Baghai.jpeg","contentUrl":"https:\/\/lasentinelle.dz\/wp-content\/uploads\/2025\/07\/Esmail-Baghai.jpeg","width":800,"height":533},{"@type":"BreadcrumbList","@id":"https:\/\/lasentinelle.dz\/index.php\/2025\/07\/21\/nucleaire-iranien-reprise-des-negociations-vendredi-avec-le-groupe-e3\/#breadcrumb","itemListElement":[{"@type":"ListItem","position":1,"name":"Accueil","item":"https:\/\/lasentinelle.dz\/"},{"@type":"ListItem","position":2,"name":"Nucl\u00e9aire iranien : Reprise des n\u00e9gociations vendredi avec le groupe E3"}]},{"@type":"WebSite","@id":"https:\/\/lasentinelle.dz\/#website","url":"https:\/\/lasentinelle.dz\/","name":"La Sentinelle","description":"Quotidien national d&#039;information","publisher":{"@id":"https:\/\/lasentinelle.dz\/#organization"},"potentialAction":[{"@type":"SearchAction","target":{"@type":"EntryPoint","urlTemplate":"https:\/\/lasentinelle.dz\/?s={search_term_string}"},"query-input":{"@type":"PropertyValueSpecification","valueRequired":true,"valueName":"search_term_string"}}],"inLanguage":"fr-FR"},{"@type":"Organization","@id":"https:\/\/lasentinelle.dz\/#organization","name":"Quotidien La Sentinelle","url":"https:\/\/lasentinelle.dz\/","logo":{"@type":"ImageObject","inLanguage":"fr-FR","@id":"https:\/\/lasentinelle.dz\/#\/schema\/logo\/image\/","url":"https:\/\/lasentinelle.dz\/wp-content\/uploads\/2021\/09\/logo-sentinelleSLOGAN-1.png","contentUrl":"https:\/\/lasentinelle.dz\/wp-content\/uploads\/2021\/09\/logo-sentinelleSLOGAN-1.png","width":615,"height":142,"caption":"Quotidien La Sentinelle"},"image":{"@id":"https:\/\/lasentinelle.dz\/#\/schema\/logo\/image\/"},"sameAs":["https:\/\/www.facebook.com\/La-Sentinelle-104059864394773"]},{"@type":"Person","@id":"https:\/\/lasentinelle.dz\/#\/schema\/person\/729ee0024f24e0b8c5ec17232f8e8b41","name":"admin","image":{"@type":"ImageObject","inLanguage":"fr-FR","@id":"https:\/\/secure.gravatar.com\/avatar\/4c81fed838786e9b53f540bf46533e750f5d292099ae3b66cfc6fb1982e29df7?s=96&d=mm&r=g","url":"https:\/\/secure.gravatar.com\/avatar\/4c81fed838786e9b53f540bf46533e750f5d292099ae3b66cfc6fb1982e29df7?s=96&d=mm&r=g","contentUrl":"https:\/\/secure.gravatar.com\/avatar\/4c81fed838786e9b53f540bf46533e750f5d292099ae3b66cfc6fb1982e29df7?s=96&d=mm&r=g","caption":"admin"},"description":"admin","url":"https:\/\/lasentinelle.dz\/author\/admin\/"}]}},"_links":{"self":[{"href":"https:\/\/lasentinelle.dz\/index.php\/wp-json\/wp\/v2\/posts\/70696","targetHints":{"allow":["GET"]}}],"collection":[{"href":"https:\/\/lasentinelle.dz\/index.php\/wp-json\/wp\/v2\/posts"}],"about":[{"href":"https:\/\/lasentinelle.dz\/index.php\/wp-json\/wp\/v2\/types\/post"}],"author":[{"embeddable":true,"href":"https:\/\/lasentinelle.dz\/index.php\/wp-json\/wp\/v2\/users\/6"}],"replies":[{"embeddable":true,"href":"https:\/\/lasentinelle.dz\/index.php\/wp-json\/wp\/v2\/comments?post=70696"}],"version-history":[{"count":1,"href":"https:\/\/lasentinelle.dz\/index.php\/wp-json\/wp\/v2\/posts\/70696\/revisions"}],"predecessor-version":[{"id":70698,"href":"https:\/\/lasentinelle.dz\/index.php\/wp-json\/wp\/v2\/posts\/70696\/revisions\/70698"}],"wp:featuredmedia":[{"embeddable":true,"href":"https:\/\/lasentinelle.dz\/index.php\/wp-json\/wp\/v2\/media\/70697"}],"wp:attachment":[{"href":"https:\/\/lasentinelle.dz\/index.php\/wp-json\/wp\/v2\/media?parent=70696"}],"wp:term":[{"taxonomy":"category","embeddable":true,"href":"https:\/\/lasentinelle.dz\/index.php\/wp-json\/wp\/v2\/categories?post=70696"},{"taxonomy":"post_tag","embeddable":true,"href":"https:\/\/lasentinelle.dz\/index.php\/wp-json\/wp\/v2\/tags?post=70696"}],"curies":[{"name":"wp","href":"https:\/\/api.w.org\/{rel}","templated":true}]}}