{"id":70703,"date":"2025-07-21T22:19:40","date_gmt":"2025-07-21T21:19:40","guid":{"rendered":"https:\/\/lasentinelle.dz\/?p=70703"},"modified":"2025-07-21T22:19:41","modified_gmt":"2025-07-21T21:19:41","slug":"un-ministre-implique-dans-un-scandale-immobilier-au-maroc-le-makhzen-de-nouveau-dans-la-tourmente","status":"publish","type":"post","link":"https:\/\/lasentinelle.dz\/index.php\/2025\/07\/21\/un-ministre-implique-dans-un-scandale-immobilier-au-maroc-le-makhzen-de-nouveau-dans-la-tourmente\/","title":{"rendered":"Un ministre impliqu\u00e9 dans un scandale immobilier au Maroc : Le Makhzen de nouveau dans la tourmente"},"content":{"rendered":"\n<p>Le r\u00e9gime marocain conna\u00eet une nouvelle crise institutionnelle majeure avec les r\u00e9v\u00e9lations explosives qui impliquent le ministre de la Justice Abdelatif Ouahbi, pris dans un scandale de fraude fiscale pr\u00e9sum\u00e9e qui \u00e9branle encore davantage un Makhzen d\u00e9j\u00e0 emp\u00eatr\u00e9 dans une spirale de corruption end\u00e9mique.<\/p>\n\n\n\n<p>Les cyberattaques du groupe JabaRoot ont mis au jour des documents accablants r\u00e9v\u00e9lant une manipulation financi\u00e8re sophistiqu\u00e9e orchestr\u00e9e par le haut responsable gouvernemental, suscitant pour la premi\u00e8re fois des appels publics \u00e0 la d\u00e9mission d&rsquo;un ministre en exercice. Selon les preuves num\u00e9riques divulgu\u00e9es, Ouahbi aurait contract\u00e9 un pr\u00eat bancaire colossal de 11 millions de dirhams en 2020 pour acqu\u00e9rir une propri\u00e9t\u00e9 de luxe \u00e0 Rabat, avant de c\u00e9der frauduleusement ce bien \u00e0 son \u00e9pouse en d\u00e9clarant sa valeur \u00e0 seulement 1 million de dirhams, soit dix fois moins que sa valeur r\u00e9elle, dans une man\u0153uvre d&rsquo;\u00e9vasion fiscale flagrante. Cette r\u00e9v\u00e9lation explosive s&rsquo;inscrit dans un contexte de d\u00e9fiance g\u00e9n\u00e9ralis\u00e9e envers un syst\u00e8me politique gangren\u00e9 par les affaires de d\u00e9tournements, o\u00f9 les scandales de trafic de drogue international et les conflits d&rsquo;int\u00e9r\u00eats se multiplient sans que les responsables ne rendent jamais de comptes. L&rsquo;ancien Premier ministre Abdelilah Benkirane a exig\u00e9 publiquement la d\u00e9mission imm\u00e9diate d&rsquo;Ouahbi, d\u00e9non\u00e7ant une \u00ab\u00a0violation flagrante\u00a0\u00bb de la Constitution et du code fiscal, tandis que l&rsquo;opposition politique d\u00e9nonce un syst\u00e8me d&rsquo;impunit\u00e9 institutionnalis\u00e9 o\u00f9 les \u00e9lites se servent librement dans les caisses publiques. Le ministre mis en cause a tent\u00e9 une d\u00e9fense vacillante en affirmant n&rsquo;avoir \u00ab\u00a0tir\u00e9 aucun b\u00e9n\u00e9fice financier\u00a0\u00bb de l&rsquo;op\u00e9ration, des arguments jug\u00e9s peu convaincants face \u00e0 l&rsquo;\u00e9vidence documentaire de la fraude. Cette affaire confirme l&rsquo;ampleur de la corruption syst\u00e9mique qui ronge les institutions marocaines, o\u00f9 les responsables gouvernementaux multiplient les montages financiers douteux en toute impunit\u00e9, pendant que les citoyens ordinaires subissent l&rsquo;aust\u00e9rit\u00e9 et la marginalisation. Les partis d&rsquo;opposition d\u00e9noncent unanimement cette d\u00e9rive autoritaire o\u00f9 les journalistes et militants anti-corruption sont syst\u00e9matiquement r\u00e9prim\u00e9s pour prot\u00e9ger les int\u00e9r\u00eats de l&rsquo;establishment, cr\u00e9ant un climat de terreur intellectuelle propice \u00e0 l&rsquo;\u00e9panouissement des r\u00e9seaux mafieux. Le scandale Ouahbi s&rsquo;ajoute aux nombreuses affaires qui ont \u00e9clabouss\u00e9 le r\u00e9gime, notamment l&rsquo;implication de hauts responsables dans des r\u00e9seaux internationaux de trafic de stup\u00e9fiants r\u00e9v\u00e9l\u00e9s dans l&rsquo;affaire \u00ab\u00a0Escobar du Sahara\u00a0\u00bb fin 2023, illustrant la porosit\u00e9 entre pouvoir politique et criminalit\u00e9 organis\u00e9e. Cette nouvelle crise institutionnelle met en lumi\u00e8re les contradictions d&rsquo;un syst\u00e8me qui pr\u00e9tend lutter contre la corruption tout en prot\u00e9geant ses \u00e9lites compromises, alimentant un sentiment de r\u00e9volte populaire croissant face aux in\u00e9galit\u00e9s criantes et \u00e0 l&rsquo;injustice sociale. Les r\u00e9v\u00e9lations de JabaRoot ont \u00e9galement touch\u00e9 d&rsquo;autres ministres du Parti de la modernit\u00e9 et de l&rsquo;authenticit\u00e9, membre de la coalition gouvernementale, sugg\u00e9rant que l&rsquo;affaire Ouahbi n&rsquo;est que la partie \u00e9merg\u00e9e d&rsquo;un iceberg de malversations g\u00e9n\u00e9ralis\u00e9es au sein de l&rsquo;appareil d&rsquo;\u00c9tat.<\/p>\n\n\n\n<p>Lyes Sa\u00efdi<\/p>\n","protected":false},"excerpt":{"rendered":"<p>Le r\u00e9gime marocain conna\u00eet une nouvelle crise institutionnelle majeure avec les r\u00e9v\u00e9lations explosives qui impliquent le ministre de la Justice<\/p>\n","protected":false},"author":6,"featured_media":70704,"comment_status":"open","ping_status":"closed","sticky":false,"template":"","format":"standard","meta":{"colormag_page_container_layout":"default_layout","colormag_page_sidebar_layout":"default_layout","om_disable_all_campaigns":false,"_monsterinsights_skip_tracking":false,"_monsterinsights_sitenote_active":false,"_monsterinsights_sitenote_note":"","_monsterinsights_sitenote_category":0,"footnotes":"","_wpscppro_dont_share_socialmedia":false,"_wpscppro_custom_social_share_image":0,"_facebook_share_type":"default","_twitter_share_type":"default","_linkedin_share_type":"default","_pinterest_share_type":"default","_linkedin_share_type_page":"","_instagram_share_type":"default","_medium_share_type":"default","_threads_share_type":"","_google_business_share_type":"","_selected_social_profile":[],"_wpsp_enable_custom_social_template":false,"_wpsp_social_scheduling":{"enabled":false,"datetime":null,"platforms":[],"status":"template_only","dateOption":"today","timeOption":"now","customDays":"","customHours":"","customDate":"","customTime":"","schedulingType":"absolute"},"_wpsp_active_default_template":true},"categories":[52,37],"tags":[],"class_list":["post-70703","post","type-post","status-publish","format-standard","has-post-thumbnail","hentry","category-a-la-une","category-monde"],"aioseo_notices":[],"yoast_head":"<!-- This site is optimized with the Yoast SEO plugin v27.5 - https:\/\/yoast.com\/product\/yoast-seo-wordpress\/ -->\n<title>Un ministre impliqu\u00e9 dans un scandale immobilier au Maroc : Le Makhzen de nouveau dans la tourmente - La Sentinelle<\/title>\n<meta name=\"robots\" content=\"index, follow, max-snippet:-1, max-image-preview:large, max-video-preview:-1\" \/>\n<link rel=\"canonical\" href=\"https:\/\/lasentinelle.dz\/index.php\/2025\/07\/21\/un-ministre-implique-dans-un-scandale-immobilier-au-maroc-le-makhzen-de-nouveau-dans-la-tourmente\/\" \/>\n<meta property=\"og:locale\" content=\"fr_FR\" \/>\n<meta property=\"og:type\" content=\"article\" \/>\n<meta property=\"og:title\" content=\"Un ministre impliqu\u00e9 dans un scandale immobilier au Maroc : Le Makhzen de nouveau dans la tourmente - La Sentinelle\" \/>\n<meta property=\"og:description\" content=\"Le r\u00e9gime marocain conna\u00eet une nouvelle crise institutionnelle majeure avec les r\u00e9v\u00e9lations explosives qui impliquent le ministre de la Justice\" \/>\n<meta property=\"og:url\" content=\"https:\/\/lasentinelle.dz\/index.php\/2025\/07\/21\/un-ministre-implique-dans-un-scandale-immobilier-au-maroc-le-makhzen-de-nouveau-dans-la-tourmente\/\" \/>\n<meta property=\"og:site_name\" content=\"La Sentinelle\" \/>\n<meta property=\"article:publisher\" content=\"https:\/\/www.facebook.com\/La-Sentinelle-104059864394773\" \/>\n<meta property=\"article:published_time\" content=\"2025-07-21T21:19:40+00:00\" \/>\n<meta property=\"article:modified_time\" content=\"2025-07-21T21:19:41+00:00\" \/>\n<meta property=\"og:image\" content=\"https:\/\/lasentinelle.dz\/wp-content\/uploads\/2025\/07\/Abdellatif-Ouahbi-900x600-1.webp\" \/>\n\t<meta property=\"og:image:width\" content=\"900\" \/>\n\t<meta property=\"og:image:height\" content=\"600\" \/>\n\t<meta property=\"og:image:type\" content=\"image\/webp\" \/>\n<meta name=\"author\" content=\"admin\" \/>\n<meta name=\"twitter:card\" content=\"summary_large_image\" \/>\n<meta name=\"twitter:label1\" content=\"\u00c9crit par\" \/>\n\t<meta name=\"twitter:data1\" content=\"admin\" \/>\n\t<meta name=\"twitter:label2\" content=\"Dur\u00e9e de lecture estim\u00e9e\" \/>\n\t<meta name=\"twitter:data2\" content=\"3 minutes\" \/>\n<script type=\"application\/ld+json\" class=\"yoast-schema-graph\">{\"@context\":\"https:\\\/\\\/schema.org\",\"@graph\":[{\"@type\":\"Article\",\"@id\":\"https:\\\/\\\/lasentinelle.dz\\\/index.php\\\/2025\\\/07\\\/21\\\/un-ministre-implique-dans-un-scandale-immobilier-au-maroc-le-makhzen-de-nouveau-dans-la-tourmente\\\/#article\",\"isPartOf\":{\"@id\":\"https:\\\/\\\/lasentinelle.dz\\\/index.php\\\/2025\\\/07\\\/21\\\/un-ministre-implique-dans-un-scandale-immobilier-au-maroc-le-makhzen-de-nouveau-dans-la-tourmente\\\/\"},\"author\":{\"name\":\"admin\",\"@id\":\"https:\\\/\\\/lasentinelle.dz\\\/#\\\/schema\\\/person\\\/729ee0024f24e0b8c5ec17232f8e8b41\"},\"headline\":\"Un ministre impliqu\u00e9 dans un scandale immobilier au Maroc : Le Makhzen de nouveau dans la tourmente\",\"datePublished\":\"2025-07-21T21:19:40+00:00\",\"dateModified\":\"2025-07-21T21:19:41+00:00\",\"mainEntityOfPage\":{\"@id\":\"https:\\\/\\\/lasentinelle.dz\\\/index.php\\\/2025\\\/07\\\/21\\\/un-ministre-implique-dans-un-scandale-immobilier-au-maroc-le-makhzen-de-nouveau-dans-la-tourmente\\\/\"},\"wordCount\":564,\"commentCount\":0,\"publisher\":{\"@id\":\"https:\\\/\\\/lasentinelle.dz\\\/#organization\"},\"image\":{\"@id\":\"https:\\\/\\\/lasentinelle.dz\\\/index.php\\\/2025\\\/07\\\/21\\\/un-ministre-implique-dans-un-scandale-immobilier-au-maroc-le-makhzen-de-nouveau-dans-la-tourmente\\\/#primaryimage\"},\"thumbnailUrl\":\"https:\\\/\\\/lasentinelle.dz\\\/wp-content\\\/uploads\\\/2025\\\/07\\\/Abdellatif-Ouahbi-900x600-1.webp\",\"articleSection\":[\"\u00c0 la Une\",\"Monde\"],\"inLanguage\":\"fr-FR\",\"potentialAction\":[{\"@type\":\"CommentAction\",\"name\":\"Comment\",\"target\":[\"https:\\\/\\\/lasentinelle.dz\\\/index.php\\\/2025\\\/07\\\/21\\\/un-ministre-implique-dans-un-scandale-immobilier-au-maroc-le-makhzen-de-nouveau-dans-la-tourmente\\\/#respond\"]}]},{\"@type\":\"WebPage\",\"@id\":\"https:\\\/\\\/lasentinelle.dz\\\/index.php\\\/2025\\\/07\\\/21\\\/un-ministre-implique-dans-un-scandale-immobilier-au-maroc-le-makhzen-de-nouveau-dans-la-tourmente\\\/\",\"url\":\"https:\\\/\\\/lasentinelle.dz\\\/index.php\\\/2025\\\/07\\\/21\\\/un-ministre-implique-dans-un-scandale-immobilier-au-maroc-le-makhzen-de-nouveau-dans-la-tourmente\\\/\",\"name\":\"Un ministre impliqu\u00e9 dans un scandale immobilier au Maroc : Le Makhzen de nouveau dans la tourmente - La Sentinelle\",\"isPartOf\":{\"@id\":\"https:\\\/\\\/lasentinelle.dz\\\/#website\"},\"primaryImageOfPage\":{\"@id\":\"https:\\\/\\\/lasentinelle.dz\\\/index.php\\\/2025\\\/07\\\/21\\\/un-ministre-implique-dans-un-scandale-immobilier-au-maroc-le-makhzen-de-nouveau-dans-la-tourmente\\\/#primaryimage\"},\"image\":{\"@id\":\"https:\\\/\\\/lasentinelle.dz\\\/index.php\\\/2025\\\/07\\\/21\\\/un-ministre-implique-dans-un-scandale-immobilier-au-maroc-le-makhzen-de-nouveau-dans-la-tourmente\\\/#primaryimage\"},\"thumbnailUrl\":\"https:\\\/\\\/lasentinelle.dz\\\/wp-content\\\/uploads\\\/2025\\\/07\\\/Abdellatif-Ouahbi-900x600-1.webp\",\"datePublished\":\"2025-07-21T21:19:40+00:00\",\"dateModified\":\"2025-07-21T21:19:41+00:00\",\"breadcrumb\":{\"@id\":\"https:\\\/\\\/lasentinelle.dz\\\/index.php\\\/2025\\\/07\\\/21\\\/un-ministre-implique-dans-un-scandale-immobilier-au-maroc-le-makhzen-de-nouveau-dans-la-tourmente\\\/#breadcrumb\"},\"inLanguage\":\"fr-FR\",\"potentialAction\":[{\"@type\":\"ReadAction\",\"target\":[\"https:\\\/\\\/lasentinelle.dz\\\/index.php\\\/2025\\\/07\\\/21\\\/un-ministre-implique-dans-un-scandale-immobilier-au-maroc-le-makhzen-de-nouveau-dans-la-tourmente\\\/\"]}]},{\"@type\":\"ImageObject\",\"inLanguage\":\"fr-FR\",\"@id\":\"https:\\\/\\\/lasentinelle.dz\\\/index.php\\\/2025\\\/07\\\/21\\\/un-ministre-implique-dans-un-scandale-immobilier-au-maroc-le-makhzen-de-nouveau-dans-la-tourmente\\\/#primaryimage\",\"url\":\"https:\\\/\\\/lasentinelle.dz\\\/wp-content\\\/uploads\\\/2025\\\/07\\\/Abdellatif-Ouahbi-900x600-1.webp\",\"contentUrl\":\"https:\\\/\\\/lasentinelle.dz\\\/wp-content\\\/uploads\\\/2025\\\/07\\\/Abdellatif-Ouahbi-900x600-1.webp\",\"width\":900,\"height\":600},{\"@type\":\"BreadcrumbList\",\"@id\":\"https:\\\/\\\/lasentinelle.dz\\\/index.php\\\/2025\\\/07\\\/21\\\/un-ministre-implique-dans-un-scandale-immobilier-au-maroc-le-makhzen-de-nouveau-dans-la-tourmente\\\/#breadcrumb\",\"itemListElement\":[{\"@type\":\"ListItem\",\"position\":1,\"name\":\"Accueil\",\"item\":\"https:\\\/\\\/lasentinelle.dz\\\/\"},{\"@type\":\"ListItem\",\"position\":2,\"name\":\"Un ministre impliqu\u00e9 dans un scandale immobilier au Maroc : Le Makhzen de nouveau dans la tourmente\"}]},{\"@type\":\"WebSite\",\"@id\":\"https:\\\/\\\/lasentinelle.dz\\\/#website\",\"url\":\"https:\\\/\\\/lasentinelle.dz\\\/\",\"name\":\"La Sentinelle\",\"description\":\"Quotidien national d&#039;information\",\"publisher\":{\"@id\":\"https:\\\/\\\/lasentinelle.dz\\\/#organization\"},\"potentialAction\":[{\"@type\":\"SearchAction\",\"target\":{\"@type\":\"EntryPoint\",\"urlTemplate\":\"https:\\\/\\\/lasentinelle.dz\\\/?s={search_term_string}\"},\"query-input\":{\"@type\":\"PropertyValueSpecification\",\"valueRequired\":true,\"valueName\":\"search_term_string\"}}],\"inLanguage\":\"fr-FR\"},{\"@type\":\"Organization\",\"@id\":\"https:\\\/\\\/lasentinelle.dz\\\/#organization\",\"name\":\"Quotidien La Sentinelle\",\"url\":\"https:\\\/\\\/lasentinelle.dz\\\/\",\"logo\":{\"@type\":\"ImageObject\",\"inLanguage\":\"fr-FR\",\"@id\":\"https:\\\/\\\/lasentinelle.dz\\\/#\\\/schema\\\/logo\\\/image\\\/\",\"url\":\"https:\\\/\\\/lasentinelle.dz\\\/wp-content\\\/uploads\\\/2021\\\/09\\\/logo-sentinelleSLOGAN-1.png\",\"contentUrl\":\"https:\\\/\\\/lasentinelle.dz\\\/wp-content\\\/uploads\\\/2021\\\/09\\\/logo-sentinelleSLOGAN-1.png\",\"width\":615,\"height\":142,\"caption\":\"Quotidien La Sentinelle\"},\"image\":{\"@id\":\"https:\\\/\\\/lasentinelle.dz\\\/#\\\/schema\\\/logo\\\/image\\\/\"},\"sameAs\":[\"https:\\\/\\\/www.facebook.com\\\/La-Sentinelle-104059864394773\"]},{\"@type\":\"Person\",\"@id\":\"https:\\\/\\\/lasentinelle.dz\\\/#\\\/schema\\\/person\\\/729ee0024f24e0b8c5ec17232f8e8b41\",\"name\":\"admin\",\"image\":{\"@type\":\"ImageObject\",\"inLanguage\":\"fr-FR\",\"@id\":\"https:\\\/\\\/secure.gravatar.com\\\/avatar\\\/4c81fed838786e9b53f540bf46533e750f5d292099ae3b66cfc6fb1982e29df7?s=96&d=mm&r=g\",\"url\":\"https:\\\/\\\/secure.gravatar.com\\\/avatar\\\/4c81fed838786e9b53f540bf46533e750f5d292099ae3b66cfc6fb1982e29df7?s=96&d=mm&r=g\",\"contentUrl\":\"https:\\\/\\\/secure.gravatar.com\\\/avatar\\\/4c81fed838786e9b53f540bf46533e750f5d292099ae3b66cfc6fb1982e29df7?s=96&d=mm&r=g\",\"caption\":\"admin\"},\"description\":\"admin\",\"url\":\"https:\\\/\\\/lasentinelle.dz\\\/author\\\/admin\\\/\"}]}<\/script>\n<!-- \/ Yoast SEO plugin. -->","yoast_head_json":{"title":"Un ministre impliqu\u00e9 dans un scandale immobilier au Maroc : Le Makhzen de nouveau dans la tourmente - La Sentinelle","robots":{"index":"index","follow":"follow","max-snippet":"max-snippet:-1","max-image-preview":"max-image-preview:large","max-video-preview":"max-video-preview:-1"},"canonical":"https:\/\/lasentinelle.dz\/index.php\/2025\/07\/21\/un-ministre-implique-dans-un-scandale-immobilier-au-maroc-le-makhzen-de-nouveau-dans-la-tourmente\/","og_locale":"fr_FR","og_type":"article","og_title":"Un ministre impliqu\u00e9 dans un scandale immobilier au Maroc : Le Makhzen de nouveau dans la tourmente - La Sentinelle","og_description":"Le r\u00e9gime marocain conna\u00eet une nouvelle crise institutionnelle majeure avec les r\u00e9v\u00e9lations explosives qui impliquent le ministre de la Justice","og_url":"https:\/\/lasentinelle.dz\/index.php\/2025\/07\/21\/un-ministre-implique-dans-un-scandale-immobilier-au-maroc-le-makhzen-de-nouveau-dans-la-tourmente\/","og_site_name":"La Sentinelle","article_publisher":"https:\/\/www.facebook.com\/La-Sentinelle-104059864394773","article_published_time":"2025-07-21T21:19:40+00:00","article_modified_time":"2025-07-21T21:19:41+00:00","og_image":[{"width":900,"height":600,"url":"https:\/\/lasentinelle.dz\/wp-content\/uploads\/2025\/07\/Abdellatif-Ouahbi-900x600-1.webp","type":"image\/webp"}],"author":"admin","twitter_card":"summary_large_image","twitter_misc":{"\u00c9crit par":"admin","Dur\u00e9e de lecture estim\u00e9e":"3 minutes"},"schema":{"@context":"https:\/\/schema.org","@graph":[{"@type":"Article","@id":"https:\/\/lasentinelle.dz\/index.php\/2025\/07\/21\/un-ministre-implique-dans-un-scandale-immobilier-au-maroc-le-makhzen-de-nouveau-dans-la-tourmente\/#article","isPartOf":{"@id":"https:\/\/lasentinelle.dz\/index.php\/2025\/07\/21\/un-ministre-implique-dans-un-scandale-immobilier-au-maroc-le-makhzen-de-nouveau-dans-la-tourmente\/"},"author":{"name":"admin","@id":"https:\/\/lasentinelle.dz\/#\/schema\/person\/729ee0024f24e0b8c5ec17232f8e8b41"},"headline":"Un ministre impliqu\u00e9 dans un scandale immobilier au Maroc : Le Makhzen de nouveau dans la tourmente","datePublished":"2025-07-21T21:19:40+00:00","dateModified":"2025-07-21T21:19:41+00:00","mainEntityOfPage":{"@id":"https:\/\/lasentinelle.dz\/index.php\/2025\/07\/21\/un-ministre-implique-dans-un-scandale-immobilier-au-maroc-le-makhzen-de-nouveau-dans-la-tourmente\/"},"wordCount":564,"commentCount":0,"publisher":{"@id":"https:\/\/lasentinelle.dz\/#organization"},"image":{"@id":"https:\/\/lasentinelle.dz\/index.php\/2025\/07\/21\/un-ministre-implique-dans-un-scandale-immobilier-au-maroc-le-makhzen-de-nouveau-dans-la-tourmente\/#primaryimage"},"thumbnailUrl":"https:\/\/lasentinelle.dz\/wp-content\/uploads\/2025\/07\/Abdellatif-Ouahbi-900x600-1.webp","articleSection":["\u00c0 la Une","Monde"],"inLanguage":"fr-FR","potentialAction":[{"@type":"CommentAction","name":"Comment","target":["https:\/\/lasentinelle.dz\/index.php\/2025\/07\/21\/un-ministre-implique-dans-un-scandale-immobilier-au-maroc-le-makhzen-de-nouveau-dans-la-tourmente\/#respond"]}]},{"@type":"WebPage","@id":"https:\/\/lasentinelle.dz\/index.php\/2025\/07\/21\/un-ministre-implique-dans-un-scandale-immobilier-au-maroc-le-makhzen-de-nouveau-dans-la-tourmente\/","url":"https:\/\/lasentinelle.dz\/index.php\/2025\/07\/21\/un-ministre-implique-dans-un-scandale-immobilier-au-maroc-le-makhzen-de-nouveau-dans-la-tourmente\/","name":"Un ministre impliqu\u00e9 dans un scandale immobilier au Maroc : Le Makhzen de nouveau dans la tourmente - La Sentinelle","isPartOf":{"@id":"https:\/\/lasentinelle.dz\/#website"},"primaryImageOfPage":{"@id":"https:\/\/lasentinelle.dz\/index.php\/2025\/07\/21\/un-ministre-implique-dans-un-scandale-immobilier-au-maroc-le-makhzen-de-nouveau-dans-la-tourmente\/#primaryimage"},"image":{"@id":"https:\/\/lasentinelle.dz\/index.php\/2025\/07\/21\/un-ministre-implique-dans-un-scandale-immobilier-au-maroc-le-makhzen-de-nouveau-dans-la-tourmente\/#primaryimage"},"thumbnailUrl":"https:\/\/lasentinelle.dz\/wp-content\/uploads\/2025\/07\/Abdellatif-Ouahbi-900x600-1.webp","datePublished":"2025-07-21T21:19:40+00:00","dateModified":"2025-07-21T21:19:41+00:00","breadcrumb":{"@id":"https:\/\/lasentinelle.dz\/index.php\/2025\/07\/21\/un-ministre-implique-dans-un-scandale-immobilier-au-maroc-le-makhzen-de-nouveau-dans-la-tourmente\/#breadcrumb"},"inLanguage":"fr-FR","potentialAction":[{"@type":"ReadAction","target":["https:\/\/lasentinelle.dz\/index.php\/2025\/07\/21\/un-ministre-implique-dans-un-scandale-immobilier-au-maroc-le-makhzen-de-nouveau-dans-la-tourmente\/"]}]},{"@type":"ImageObject","inLanguage":"fr-FR","@id":"https:\/\/lasentinelle.dz\/index.php\/2025\/07\/21\/un-ministre-implique-dans-un-scandale-immobilier-au-maroc-le-makhzen-de-nouveau-dans-la-tourmente\/#primaryimage","url":"https:\/\/lasentinelle.dz\/wp-content\/uploads\/2025\/07\/Abdellatif-Ouahbi-900x600-1.webp","contentUrl":"https:\/\/lasentinelle.dz\/wp-content\/uploads\/2025\/07\/Abdellatif-Ouahbi-900x600-1.webp","width":900,"height":600},{"@type":"BreadcrumbList","@id":"https:\/\/lasentinelle.dz\/index.php\/2025\/07\/21\/un-ministre-implique-dans-un-scandale-immobilier-au-maroc-le-makhzen-de-nouveau-dans-la-tourmente\/#breadcrumb","itemListElement":[{"@type":"ListItem","position":1,"name":"Accueil","item":"https:\/\/lasentinelle.dz\/"},{"@type":"ListItem","position":2,"name":"Un ministre impliqu\u00e9 dans un scandale immobilier au Maroc : Le Makhzen de nouveau dans la tourmente"}]},{"@type":"WebSite","@id":"https:\/\/lasentinelle.dz\/#website","url":"https:\/\/lasentinelle.dz\/","name":"La Sentinelle","description":"Quotidien national d&#039;information","publisher":{"@id":"https:\/\/lasentinelle.dz\/#organization"},"potentialAction":[{"@type":"SearchAction","target":{"@type":"EntryPoint","urlTemplate":"https:\/\/lasentinelle.dz\/?s={search_term_string}"},"query-input":{"@type":"PropertyValueSpecification","valueRequired":true,"valueName":"search_term_string"}}],"inLanguage":"fr-FR"},{"@type":"Organization","@id":"https:\/\/lasentinelle.dz\/#organization","name":"Quotidien La Sentinelle","url":"https:\/\/lasentinelle.dz\/","logo":{"@type":"ImageObject","inLanguage":"fr-FR","@id":"https:\/\/lasentinelle.dz\/#\/schema\/logo\/image\/","url":"https:\/\/lasentinelle.dz\/wp-content\/uploads\/2021\/09\/logo-sentinelleSLOGAN-1.png","contentUrl":"https:\/\/lasentinelle.dz\/wp-content\/uploads\/2021\/09\/logo-sentinelleSLOGAN-1.png","width":615,"height":142,"caption":"Quotidien La Sentinelle"},"image":{"@id":"https:\/\/lasentinelle.dz\/#\/schema\/logo\/image\/"},"sameAs":["https:\/\/www.facebook.com\/La-Sentinelle-104059864394773"]},{"@type":"Person","@id":"https:\/\/lasentinelle.dz\/#\/schema\/person\/729ee0024f24e0b8c5ec17232f8e8b41","name":"admin","image":{"@type":"ImageObject","inLanguage":"fr-FR","@id":"https:\/\/secure.gravatar.com\/avatar\/4c81fed838786e9b53f540bf46533e750f5d292099ae3b66cfc6fb1982e29df7?s=96&d=mm&r=g","url":"https:\/\/secure.gravatar.com\/avatar\/4c81fed838786e9b53f540bf46533e750f5d292099ae3b66cfc6fb1982e29df7?s=96&d=mm&r=g","contentUrl":"https:\/\/secure.gravatar.com\/avatar\/4c81fed838786e9b53f540bf46533e750f5d292099ae3b66cfc6fb1982e29df7?s=96&d=mm&r=g","caption":"admin"},"description":"admin","url":"https:\/\/lasentinelle.dz\/author\/admin\/"}]}},"_links":{"self":[{"href":"https:\/\/lasentinelle.dz\/index.php\/wp-json\/wp\/v2\/posts\/70703","targetHints":{"allow":["GET"]}}],"collection":[{"href":"https:\/\/lasentinelle.dz\/index.php\/wp-json\/wp\/v2\/posts"}],"about":[{"href":"https:\/\/lasentinelle.dz\/index.php\/wp-json\/wp\/v2\/types\/post"}],"author":[{"embeddable":true,"href":"https:\/\/lasentinelle.dz\/index.php\/wp-json\/wp\/v2\/users\/6"}],"replies":[{"embeddable":true,"href":"https:\/\/lasentinelle.dz\/index.php\/wp-json\/wp\/v2\/comments?post=70703"}],"version-history":[{"count":1,"href":"https:\/\/lasentinelle.dz\/index.php\/wp-json\/wp\/v2\/posts\/70703\/revisions"}],"predecessor-version":[{"id":70705,"href":"https:\/\/lasentinelle.dz\/index.php\/wp-json\/wp\/v2\/posts\/70703\/revisions\/70705"}],"wp:featuredmedia":[{"embeddable":true,"href":"https:\/\/lasentinelle.dz\/index.php\/wp-json\/wp\/v2\/media\/70704"}],"wp:attachment":[{"href":"https:\/\/lasentinelle.dz\/index.php\/wp-json\/wp\/v2\/media?parent=70703"}],"wp:term":[{"taxonomy":"category","embeddable":true,"href":"https:\/\/lasentinelle.dz\/index.php\/wp-json\/wp\/v2\/categories?post=70703"},{"taxonomy":"post_tag","embeddable":true,"href":"https:\/\/lasentinelle.dz\/index.php\/wp-json\/wp\/v2\/tags?post=70703"}],"curies":[{"name":"wp","href":"https:\/\/api.w.org\/{rel}","templated":true}]}}