{"id":70706,"date":"2025-07-21T22:25:28","date_gmt":"2025-07-21T21:25:28","guid":{"rendered":"https:\/\/lasentinelle.dz\/?p=70706"},"modified":"2025-07-21T22:25:29","modified_gmt":"2025-07-21T21:25:29","slug":"semaine-culturelle-de-khenchela-a-alger-les-aures-devoilent-leurs-tresors","status":"publish","type":"post","link":"https:\/\/lasentinelle.dz\/index.php\/2025\/07\/21\/semaine-culturelle-de-khenchela-a-alger-les-aures-devoilent-leurs-tresors\/","title":{"rendered":"Semaine culturelle de Khenchela \u00e0 Alger : Les Aur\u00e8s d\u00e9voilent leurs tr\u00e9sors"},"content":{"rendered":"\n<p>La Semaine culturelle et artistique de Khenchela \u00e0 Alger s&rsquo;est ouverte, dimanche, au prestigieux Palais de la culture Moufdi Zakaria. Cette manifestation, qui se d\u00e9ploiera jusqu&rsquo;au 25 juillet, illustre parfaitement la politique de d\u00e9centralisation culturelle men\u00e9e par le minist\u00e8re de la Culture et des Arts, offrant aux cr\u00e9ateurs des r\u00e9gions l&rsquo;opportunit\u00e9 de rayonner. Cette initiative s&rsquo;inscrit dans une dynamique plus large d&rsquo;\u00e9changes interculturels qui caract\u00e9rise la programmation estivale 2025. Comme l&rsquo;a soulign\u00e9 Ahc\u00e8ne Ghida, directeur du Palais de la culture Moufdi Zakaria, \u00ab\u00a0la Semaine culturelle de Khenchela \u00e0 Alger fait partie du programme culturel et artistique pour la saison estivale 2025 \u00e9labor\u00e9 par le minist\u00e8re de la Culture et des Arts\u00a0\u00bb. &nbsp;L&rsquo;\u00e9v\u00e9nement transcende le simple cadre d&rsquo;une exposition pour devenir une v\u00e9ritable immersion dans l&rsquo;univers culturel des Aur\u00e8s. La r\u00e9gion de Khenchela, berceau de civilisations mill\u00e9naires et carrefour d&rsquo;influences berb\u00e8res, arabes et m\u00e9diterran\u00e9ennes, d\u00e9ploie ses multiples facettes \u00e0 travers une programmation riche et diversifi\u00e9e. Cette manifestation permet au public alg\u00e9rois de partir \u00e0 la d\u00e9couverte d&rsquo;un territoire souvent m\u00e9connu, malgr\u00e9 sa richesse patrimoniale exceptionnelle et son r\u00f4le historique d\u00e9terminant dans l&rsquo;identit\u00e9 nationale. L&rsquo;exposition d&rsquo;arts plastiques constitue l&rsquo;un des temps forts de cette semaine culturelle, r\u00e9v\u00e9lant la vitalit\u00e9 de la sc\u00e8ne artistique locale. Cinq cr\u00e9ateurs embl\u00e9matiques de la r\u00e9gion &#8211; Djamel Boutabba, Kelif Hadia, Khaled Sbaa, Hadjira Merdaci et Bouhlala Nabil &#8211; proposent leurs visions personnelles du patrimoine r\u00e9gional. Leurs \u0153uvres transcendent la simple repr\u00e9sentation pour devenir de v\u00e9ritables fen\u00eatres ouvertes sur l&rsquo;\u00e2me des Aur\u00e8s, mettant en lumi\u00e8re des \u00e9l\u00e9ments embl\u00e9matiques du patrimoine culturel local, notamment le tapis traditionnel et les sites historiques qui jalonnent cette terre charg\u00e9e d&rsquo;histoire. Les toiles expos\u00e9es t\u00e9moignent d&rsquo;une d\u00e9marche cr\u00e9ative qui puise dans la tradition pour nourrir une expression moderne, cr\u00e9ant des ponts entre pass\u00e9 et pr\u00e9sent, entre m\u00e9moire collective et vision individuelle. Cette alchimie artistique permet aux visiteurs de red\u00e9couvrir leur patrimoine sous un angle in\u00e9dit, enrichi par le regard sensible et personnel de chaque cr\u00e9ateur.<\/p>\n\n\n\n<p>Le tapis traditionnel de Babar occupe une place particuli\u00e8re dans cette c\u00e9l\u00e9bration culturelle. Cette pi\u00e8ce ma\u00eetresse de l&rsquo;artisanat local, symbole d&rsquo;un savoir-faire ancestral transmis de g\u00e9n\u00e9ration en g\u00e9n\u00e9ration, incarne la permanence des traditions face aux mutations contemporaines. Sa pr\u00e9sence dans l&rsquo;exposition souligne l&rsquo;importance accord\u00e9e \u00e0 la pr\u00e9servation des techniques traditionnelles et \u00e0 leur transmission aux jeunes g\u00e9n\u00e9rations, enjeu crucial pour la survie de ce patrimoine immat\u00e9riel exceptionnel. L&rsquo;exposition permet \u00e9galement de revisiter l&rsquo;artisanat local dans sa diversit\u00e9, pr\u00e9sentant des objets qui refl\u00e8tent un h\u00e9ritage s\u00e9culaire pr\u00e9serv\u00e9 avec passion par les habitants de Khenchela.<\/p>\n\n\n\n<p>La dimension litt\u00e9raire n&rsquo;est pas oubli\u00e9e avec une exposition de livres consacr\u00e9s \u00e0 l&rsquo;histoire et au patrimoine de la r\u00e9gion. Ces ouvrages constituent autant de t\u00e9moignages sur l&rsquo;\u00e9volution historique de la r\u00e9gion et sur les efforts de sauvegarde patrimoniale men\u00e9s par les chercheurs et les passionn\u00e9s locaux. L&rsquo;inauguration elle-m\u00eame a donn\u00e9 le ton de cette c\u00e9l\u00e9bration culturelle avec un spectacle de chant et de danse folklorique anim\u00e9 par des troupes locales, en pr\u00e9sence de Sma\u00efl Inzarene, directeur de l&rsquo;Organisation de la diffusion du produit culturel et artistique au minist\u00e8re de la Culture et des Arts. Cette ouverture festive a permis au public de d\u00e9couvrir imm\u00e9diatement la richesse des expressions artistiques populaires de Khenchela, cr\u00e9ant une ambiance chaleureuse et authentique qui caract\u00e9rise l&rsquo;hospitalit\u00e9 aurassienne. M.S.<\/p>\n","protected":false},"excerpt":{"rendered":"<p>La Semaine culturelle et artistique de Khenchela \u00e0 Alger s&rsquo;est ouverte, dimanche, au prestigieux Palais de la culture Moufdi Zakaria.<\/p>\n","protected":false},"author":6,"featured_media":70707,"comment_status":"open","ping_status":"closed","sticky":false,"template":"","format":"standard","meta":{"colormag_page_container_layout":"default_layout","colormag_page_sidebar_layout":"default_layout","om_disable_all_campaigns":false,"_monsterinsights_skip_tracking":false,"_monsterinsights_sitenote_active":false,"_monsterinsights_sitenote_note":"","_monsterinsights_sitenote_category":0,"footnotes":"","_wpscppro_dont_share_socialmedia":false,"_wpscppro_custom_social_share_image":0,"_facebook_share_type":"default","_twitter_share_type":"default","_linkedin_share_type":"default","_pinterest_share_type":"default","_linkedin_share_type_page":"","_instagram_share_type":"default","_medium_share_type":"default","_threads_share_type":"","_google_business_share_type":"","_selected_social_profile":[],"_wpsp_enable_custom_social_template":false,"_wpsp_social_scheduling":{"enabled":false,"datetime":null,"platforms":[],"status":"template_only","dateOption":"today","timeOption":"now","customDays":"","customHours":"","customDate":"","customTime":"","schedulingType":"absolute"},"_wpsp_active_default_template":true},"categories":[36],"tags":[],"class_list":["post-70706","post","type-post","status-publish","format-standard","has-post-thumbnail","hentry","category-culture"],"aioseo_notices":[],"yoast_head":"<!-- This site is optimized with the Yoast SEO plugin v27.5 - https:\/\/yoast.com\/product\/yoast-seo-wordpress\/ -->\n<title>Semaine culturelle de Khenchela \u00e0 Alger : Les Aur\u00e8s d\u00e9voilent leurs tr\u00e9sors - La Sentinelle<\/title>\n<meta name=\"robots\" content=\"index, follow, max-snippet:-1, max-image-preview:large, max-video-preview:-1\" \/>\n<link rel=\"canonical\" href=\"https:\/\/lasentinelle.dz\/index.php\/2025\/07\/21\/semaine-culturelle-de-khenchela-a-alger-les-aures-devoilent-leurs-tresors\/\" \/>\n<meta property=\"og:locale\" content=\"fr_FR\" \/>\n<meta property=\"og:type\" content=\"article\" \/>\n<meta property=\"og:title\" content=\"Semaine culturelle de Khenchela \u00e0 Alger : Les Aur\u00e8s d\u00e9voilent leurs tr\u00e9sors - La Sentinelle\" \/>\n<meta property=\"og:description\" content=\"La Semaine culturelle et artistique de Khenchela \u00e0 Alger s&rsquo;est ouverte, dimanche, au prestigieux Palais de la culture Moufdi Zakaria.\" \/>\n<meta property=\"og:url\" content=\"https:\/\/lasentinelle.dz\/index.php\/2025\/07\/21\/semaine-culturelle-de-khenchela-a-alger-les-aures-devoilent-leurs-tresors\/\" \/>\n<meta property=\"og:site_name\" content=\"La Sentinelle\" \/>\n<meta property=\"article:publisher\" content=\"https:\/\/www.facebook.com\/La-Sentinelle-104059864394773\" \/>\n<meta property=\"article:published_time\" content=\"2025-07-21T21:25:28+00:00\" \/>\n<meta property=\"article:modified_time\" content=\"2025-07-21T21:25:29+00:00\" \/>\n<meta property=\"og:image\" content=\"https:\/\/lasentinelle.dz\/wp-content\/uploads\/2025\/07\/palais_culture.jpg\" \/>\n\t<meta property=\"og:image:width\" content=\"745\" \/>\n\t<meta property=\"og:image:height\" content=\"470\" \/>\n\t<meta property=\"og:image:type\" content=\"image\/jpeg\" \/>\n<meta name=\"author\" content=\"admin\" \/>\n<meta name=\"twitter:card\" content=\"summary_large_image\" \/>\n<meta name=\"twitter:label1\" content=\"\u00c9crit par\" \/>\n\t<meta name=\"twitter:data1\" content=\"admin\" \/>\n\t<meta name=\"twitter:label2\" content=\"Dur\u00e9e de lecture estim\u00e9e\" \/>\n\t<meta name=\"twitter:data2\" content=\"3 minutes\" \/>\n<script type=\"application\/ld+json\" class=\"yoast-schema-graph\">{\"@context\":\"https:\\\/\\\/schema.org\",\"@graph\":[{\"@type\":\"Article\",\"@id\":\"https:\\\/\\\/lasentinelle.dz\\\/index.php\\\/2025\\\/07\\\/21\\\/semaine-culturelle-de-khenchela-a-alger-les-aures-devoilent-leurs-tresors\\\/#article\",\"isPartOf\":{\"@id\":\"https:\\\/\\\/lasentinelle.dz\\\/index.php\\\/2025\\\/07\\\/21\\\/semaine-culturelle-de-khenchela-a-alger-les-aures-devoilent-leurs-tresors\\\/\"},\"author\":{\"name\":\"admin\",\"@id\":\"https:\\\/\\\/lasentinelle.dz\\\/#\\\/schema\\\/person\\\/729ee0024f24e0b8c5ec17232f8e8b41\"},\"headline\":\"Semaine culturelle de Khenchela \u00e0 Alger : Les Aur\u00e8s d\u00e9voilent leurs tr\u00e9sors\",\"datePublished\":\"2025-07-21T21:25:28+00:00\",\"dateModified\":\"2025-07-21T21:25:29+00:00\",\"mainEntityOfPage\":{\"@id\":\"https:\\\/\\\/lasentinelle.dz\\\/index.php\\\/2025\\\/07\\\/21\\\/semaine-culturelle-de-khenchela-a-alger-les-aures-devoilent-leurs-tresors\\\/\"},\"wordCount\":661,\"commentCount\":0,\"publisher\":{\"@id\":\"https:\\\/\\\/lasentinelle.dz\\\/#organization\"},\"image\":{\"@id\":\"https:\\\/\\\/lasentinelle.dz\\\/index.php\\\/2025\\\/07\\\/21\\\/semaine-culturelle-de-khenchela-a-alger-les-aures-devoilent-leurs-tresors\\\/#primaryimage\"},\"thumbnailUrl\":\"https:\\\/\\\/lasentinelle.dz\\\/wp-content\\\/uploads\\\/2025\\\/07\\\/palais_culture.jpg\",\"articleSection\":[\"Culture\"],\"inLanguage\":\"fr-FR\",\"potentialAction\":[{\"@type\":\"CommentAction\",\"name\":\"Comment\",\"target\":[\"https:\\\/\\\/lasentinelle.dz\\\/index.php\\\/2025\\\/07\\\/21\\\/semaine-culturelle-de-khenchela-a-alger-les-aures-devoilent-leurs-tresors\\\/#respond\"]}]},{\"@type\":\"WebPage\",\"@id\":\"https:\\\/\\\/lasentinelle.dz\\\/index.php\\\/2025\\\/07\\\/21\\\/semaine-culturelle-de-khenchela-a-alger-les-aures-devoilent-leurs-tresors\\\/\",\"url\":\"https:\\\/\\\/lasentinelle.dz\\\/index.php\\\/2025\\\/07\\\/21\\\/semaine-culturelle-de-khenchela-a-alger-les-aures-devoilent-leurs-tresors\\\/\",\"name\":\"Semaine culturelle de Khenchela \u00e0 Alger : Les Aur\u00e8s d\u00e9voilent leurs tr\u00e9sors - La Sentinelle\",\"isPartOf\":{\"@id\":\"https:\\\/\\\/lasentinelle.dz\\\/#website\"},\"primaryImageOfPage\":{\"@id\":\"https:\\\/\\\/lasentinelle.dz\\\/index.php\\\/2025\\\/07\\\/21\\\/semaine-culturelle-de-khenchela-a-alger-les-aures-devoilent-leurs-tresors\\\/#primaryimage\"},\"image\":{\"@id\":\"https:\\\/\\\/lasentinelle.dz\\\/index.php\\\/2025\\\/07\\\/21\\\/semaine-culturelle-de-khenchela-a-alger-les-aures-devoilent-leurs-tresors\\\/#primaryimage\"},\"thumbnailUrl\":\"https:\\\/\\\/lasentinelle.dz\\\/wp-content\\\/uploads\\\/2025\\\/07\\\/palais_culture.jpg\",\"datePublished\":\"2025-07-21T21:25:28+00:00\",\"dateModified\":\"2025-07-21T21:25:29+00:00\",\"breadcrumb\":{\"@id\":\"https:\\\/\\\/lasentinelle.dz\\\/index.php\\\/2025\\\/07\\\/21\\\/semaine-culturelle-de-khenchela-a-alger-les-aures-devoilent-leurs-tresors\\\/#breadcrumb\"},\"inLanguage\":\"fr-FR\",\"potentialAction\":[{\"@type\":\"ReadAction\",\"target\":[\"https:\\\/\\\/lasentinelle.dz\\\/index.php\\\/2025\\\/07\\\/21\\\/semaine-culturelle-de-khenchela-a-alger-les-aures-devoilent-leurs-tresors\\\/\"]}]},{\"@type\":\"ImageObject\",\"inLanguage\":\"fr-FR\",\"@id\":\"https:\\\/\\\/lasentinelle.dz\\\/index.php\\\/2025\\\/07\\\/21\\\/semaine-culturelle-de-khenchela-a-alger-les-aures-devoilent-leurs-tresors\\\/#primaryimage\",\"url\":\"https:\\\/\\\/lasentinelle.dz\\\/wp-content\\\/uploads\\\/2025\\\/07\\\/palais_culture.jpg\",\"contentUrl\":\"https:\\\/\\\/lasentinelle.dz\\\/wp-content\\\/uploads\\\/2025\\\/07\\\/palais_culture.jpg\",\"width\":745,\"height\":470},{\"@type\":\"BreadcrumbList\",\"@id\":\"https:\\\/\\\/lasentinelle.dz\\\/index.php\\\/2025\\\/07\\\/21\\\/semaine-culturelle-de-khenchela-a-alger-les-aures-devoilent-leurs-tresors\\\/#breadcrumb\",\"itemListElement\":[{\"@type\":\"ListItem\",\"position\":1,\"name\":\"Accueil\",\"item\":\"https:\\\/\\\/lasentinelle.dz\\\/\"},{\"@type\":\"ListItem\",\"position\":2,\"name\":\"Semaine culturelle de Khenchela \u00e0 Alger : Les Aur\u00e8s d\u00e9voilent leurs tr\u00e9sors\"}]},{\"@type\":\"WebSite\",\"@id\":\"https:\\\/\\\/lasentinelle.dz\\\/#website\",\"url\":\"https:\\\/\\\/lasentinelle.dz\\\/\",\"name\":\"La Sentinelle\",\"description\":\"Quotidien national d&#039;information\",\"publisher\":{\"@id\":\"https:\\\/\\\/lasentinelle.dz\\\/#organization\"},\"potentialAction\":[{\"@type\":\"SearchAction\",\"target\":{\"@type\":\"EntryPoint\",\"urlTemplate\":\"https:\\\/\\\/lasentinelle.dz\\\/?s={search_term_string}\"},\"query-input\":{\"@type\":\"PropertyValueSpecification\",\"valueRequired\":true,\"valueName\":\"search_term_string\"}}],\"inLanguage\":\"fr-FR\"},{\"@type\":\"Organization\",\"@id\":\"https:\\\/\\\/lasentinelle.dz\\\/#organization\",\"name\":\"Quotidien La Sentinelle\",\"url\":\"https:\\\/\\\/lasentinelle.dz\\\/\",\"logo\":{\"@type\":\"ImageObject\",\"inLanguage\":\"fr-FR\",\"@id\":\"https:\\\/\\\/lasentinelle.dz\\\/#\\\/schema\\\/logo\\\/image\\\/\",\"url\":\"https:\\\/\\\/lasentinelle.dz\\\/wp-content\\\/uploads\\\/2021\\\/09\\\/logo-sentinelleSLOGAN-1.png\",\"contentUrl\":\"https:\\\/\\\/lasentinelle.dz\\\/wp-content\\\/uploads\\\/2021\\\/09\\\/logo-sentinelleSLOGAN-1.png\",\"width\":615,\"height\":142,\"caption\":\"Quotidien La Sentinelle\"},\"image\":{\"@id\":\"https:\\\/\\\/lasentinelle.dz\\\/#\\\/schema\\\/logo\\\/image\\\/\"},\"sameAs\":[\"https:\\\/\\\/www.facebook.com\\\/La-Sentinelle-104059864394773\"]},{\"@type\":\"Person\",\"@id\":\"https:\\\/\\\/lasentinelle.dz\\\/#\\\/schema\\\/person\\\/729ee0024f24e0b8c5ec17232f8e8b41\",\"name\":\"admin\",\"image\":{\"@type\":\"ImageObject\",\"inLanguage\":\"fr-FR\",\"@id\":\"https:\\\/\\\/secure.gravatar.com\\\/avatar\\\/4c81fed838786e9b53f540bf46533e750f5d292099ae3b66cfc6fb1982e29df7?s=96&d=mm&r=g\",\"url\":\"https:\\\/\\\/secure.gravatar.com\\\/avatar\\\/4c81fed838786e9b53f540bf46533e750f5d292099ae3b66cfc6fb1982e29df7?s=96&d=mm&r=g\",\"contentUrl\":\"https:\\\/\\\/secure.gravatar.com\\\/avatar\\\/4c81fed838786e9b53f540bf46533e750f5d292099ae3b66cfc6fb1982e29df7?s=96&d=mm&r=g\",\"caption\":\"admin\"},\"description\":\"admin\",\"url\":\"https:\\\/\\\/lasentinelle.dz\\\/author\\\/admin\\\/\"}]}<\/script>\n<!-- \/ Yoast SEO plugin. -->","yoast_head_json":{"title":"Semaine culturelle de Khenchela \u00e0 Alger : Les Aur\u00e8s d\u00e9voilent leurs tr\u00e9sors - La Sentinelle","robots":{"index":"index","follow":"follow","max-snippet":"max-snippet:-1","max-image-preview":"max-image-preview:large","max-video-preview":"max-video-preview:-1"},"canonical":"https:\/\/lasentinelle.dz\/index.php\/2025\/07\/21\/semaine-culturelle-de-khenchela-a-alger-les-aures-devoilent-leurs-tresors\/","og_locale":"fr_FR","og_type":"article","og_title":"Semaine culturelle de Khenchela \u00e0 Alger : Les Aur\u00e8s d\u00e9voilent leurs tr\u00e9sors - La Sentinelle","og_description":"La Semaine culturelle et artistique de Khenchela \u00e0 Alger s&rsquo;est ouverte, dimanche, au prestigieux Palais de la culture Moufdi Zakaria.","og_url":"https:\/\/lasentinelle.dz\/index.php\/2025\/07\/21\/semaine-culturelle-de-khenchela-a-alger-les-aures-devoilent-leurs-tresors\/","og_site_name":"La Sentinelle","article_publisher":"https:\/\/www.facebook.com\/La-Sentinelle-104059864394773","article_published_time":"2025-07-21T21:25:28+00:00","article_modified_time":"2025-07-21T21:25:29+00:00","og_image":[{"width":745,"height":470,"url":"https:\/\/lasentinelle.dz\/wp-content\/uploads\/2025\/07\/palais_culture.jpg","type":"image\/jpeg"}],"author":"admin","twitter_card":"summary_large_image","twitter_misc":{"\u00c9crit par":"admin","Dur\u00e9e de lecture estim\u00e9e":"3 minutes"},"schema":{"@context":"https:\/\/schema.org","@graph":[{"@type":"Article","@id":"https:\/\/lasentinelle.dz\/index.php\/2025\/07\/21\/semaine-culturelle-de-khenchela-a-alger-les-aures-devoilent-leurs-tresors\/#article","isPartOf":{"@id":"https:\/\/lasentinelle.dz\/index.php\/2025\/07\/21\/semaine-culturelle-de-khenchela-a-alger-les-aures-devoilent-leurs-tresors\/"},"author":{"name":"admin","@id":"https:\/\/lasentinelle.dz\/#\/schema\/person\/729ee0024f24e0b8c5ec17232f8e8b41"},"headline":"Semaine culturelle de Khenchela \u00e0 Alger : Les Aur\u00e8s d\u00e9voilent leurs tr\u00e9sors","datePublished":"2025-07-21T21:25:28+00:00","dateModified":"2025-07-21T21:25:29+00:00","mainEntityOfPage":{"@id":"https:\/\/lasentinelle.dz\/index.php\/2025\/07\/21\/semaine-culturelle-de-khenchela-a-alger-les-aures-devoilent-leurs-tresors\/"},"wordCount":661,"commentCount":0,"publisher":{"@id":"https:\/\/lasentinelle.dz\/#organization"},"image":{"@id":"https:\/\/lasentinelle.dz\/index.php\/2025\/07\/21\/semaine-culturelle-de-khenchela-a-alger-les-aures-devoilent-leurs-tresors\/#primaryimage"},"thumbnailUrl":"https:\/\/lasentinelle.dz\/wp-content\/uploads\/2025\/07\/palais_culture.jpg","articleSection":["Culture"],"inLanguage":"fr-FR","potentialAction":[{"@type":"CommentAction","name":"Comment","target":["https:\/\/lasentinelle.dz\/index.php\/2025\/07\/21\/semaine-culturelle-de-khenchela-a-alger-les-aures-devoilent-leurs-tresors\/#respond"]}]},{"@type":"WebPage","@id":"https:\/\/lasentinelle.dz\/index.php\/2025\/07\/21\/semaine-culturelle-de-khenchela-a-alger-les-aures-devoilent-leurs-tresors\/","url":"https:\/\/lasentinelle.dz\/index.php\/2025\/07\/21\/semaine-culturelle-de-khenchela-a-alger-les-aures-devoilent-leurs-tresors\/","name":"Semaine culturelle de Khenchela \u00e0 Alger : Les Aur\u00e8s d\u00e9voilent leurs tr\u00e9sors - La Sentinelle","isPartOf":{"@id":"https:\/\/lasentinelle.dz\/#website"},"primaryImageOfPage":{"@id":"https:\/\/lasentinelle.dz\/index.php\/2025\/07\/21\/semaine-culturelle-de-khenchela-a-alger-les-aures-devoilent-leurs-tresors\/#primaryimage"},"image":{"@id":"https:\/\/lasentinelle.dz\/index.php\/2025\/07\/21\/semaine-culturelle-de-khenchela-a-alger-les-aures-devoilent-leurs-tresors\/#primaryimage"},"thumbnailUrl":"https:\/\/lasentinelle.dz\/wp-content\/uploads\/2025\/07\/palais_culture.jpg","datePublished":"2025-07-21T21:25:28+00:00","dateModified":"2025-07-21T21:25:29+00:00","breadcrumb":{"@id":"https:\/\/lasentinelle.dz\/index.php\/2025\/07\/21\/semaine-culturelle-de-khenchela-a-alger-les-aures-devoilent-leurs-tresors\/#breadcrumb"},"inLanguage":"fr-FR","potentialAction":[{"@type":"ReadAction","target":["https:\/\/lasentinelle.dz\/index.php\/2025\/07\/21\/semaine-culturelle-de-khenchela-a-alger-les-aures-devoilent-leurs-tresors\/"]}]},{"@type":"ImageObject","inLanguage":"fr-FR","@id":"https:\/\/lasentinelle.dz\/index.php\/2025\/07\/21\/semaine-culturelle-de-khenchela-a-alger-les-aures-devoilent-leurs-tresors\/#primaryimage","url":"https:\/\/lasentinelle.dz\/wp-content\/uploads\/2025\/07\/palais_culture.jpg","contentUrl":"https:\/\/lasentinelle.dz\/wp-content\/uploads\/2025\/07\/palais_culture.jpg","width":745,"height":470},{"@type":"BreadcrumbList","@id":"https:\/\/lasentinelle.dz\/index.php\/2025\/07\/21\/semaine-culturelle-de-khenchela-a-alger-les-aures-devoilent-leurs-tresors\/#breadcrumb","itemListElement":[{"@type":"ListItem","position":1,"name":"Accueil","item":"https:\/\/lasentinelle.dz\/"},{"@type":"ListItem","position":2,"name":"Semaine culturelle de Khenchela \u00e0 Alger : Les Aur\u00e8s d\u00e9voilent leurs tr\u00e9sors"}]},{"@type":"WebSite","@id":"https:\/\/lasentinelle.dz\/#website","url":"https:\/\/lasentinelle.dz\/","name":"La Sentinelle","description":"Quotidien national d&#039;information","publisher":{"@id":"https:\/\/lasentinelle.dz\/#organization"},"potentialAction":[{"@type":"SearchAction","target":{"@type":"EntryPoint","urlTemplate":"https:\/\/lasentinelle.dz\/?s={search_term_string}"},"query-input":{"@type":"PropertyValueSpecification","valueRequired":true,"valueName":"search_term_string"}}],"inLanguage":"fr-FR"},{"@type":"Organization","@id":"https:\/\/lasentinelle.dz\/#organization","name":"Quotidien La Sentinelle","url":"https:\/\/lasentinelle.dz\/","logo":{"@type":"ImageObject","inLanguage":"fr-FR","@id":"https:\/\/lasentinelle.dz\/#\/schema\/logo\/image\/","url":"https:\/\/lasentinelle.dz\/wp-content\/uploads\/2021\/09\/logo-sentinelleSLOGAN-1.png","contentUrl":"https:\/\/lasentinelle.dz\/wp-content\/uploads\/2021\/09\/logo-sentinelleSLOGAN-1.png","width":615,"height":142,"caption":"Quotidien La Sentinelle"},"image":{"@id":"https:\/\/lasentinelle.dz\/#\/schema\/logo\/image\/"},"sameAs":["https:\/\/www.facebook.com\/La-Sentinelle-104059864394773"]},{"@type":"Person","@id":"https:\/\/lasentinelle.dz\/#\/schema\/person\/729ee0024f24e0b8c5ec17232f8e8b41","name":"admin","image":{"@type":"ImageObject","inLanguage":"fr-FR","@id":"https:\/\/secure.gravatar.com\/avatar\/4c81fed838786e9b53f540bf46533e750f5d292099ae3b66cfc6fb1982e29df7?s=96&d=mm&r=g","url":"https:\/\/secure.gravatar.com\/avatar\/4c81fed838786e9b53f540bf46533e750f5d292099ae3b66cfc6fb1982e29df7?s=96&d=mm&r=g","contentUrl":"https:\/\/secure.gravatar.com\/avatar\/4c81fed838786e9b53f540bf46533e750f5d292099ae3b66cfc6fb1982e29df7?s=96&d=mm&r=g","caption":"admin"},"description":"admin","url":"https:\/\/lasentinelle.dz\/author\/admin\/"}]}},"_links":{"self":[{"href":"https:\/\/lasentinelle.dz\/index.php\/wp-json\/wp\/v2\/posts\/70706","targetHints":{"allow":["GET"]}}],"collection":[{"href":"https:\/\/lasentinelle.dz\/index.php\/wp-json\/wp\/v2\/posts"}],"about":[{"href":"https:\/\/lasentinelle.dz\/index.php\/wp-json\/wp\/v2\/types\/post"}],"author":[{"embeddable":true,"href":"https:\/\/lasentinelle.dz\/index.php\/wp-json\/wp\/v2\/users\/6"}],"replies":[{"embeddable":true,"href":"https:\/\/lasentinelle.dz\/index.php\/wp-json\/wp\/v2\/comments?post=70706"}],"version-history":[{"count":1,"href":"https:\/\/lasentinelle.dz\/index.php\/wp-json\/wp\/v2\/posts\/70706\/revisions"}],"predecessor-version":[{"id":70708,"href":"https:\/\/lasentinelle.dz\/index.php\/wp-json\/wp\/v2\/posts\/70706\/revisions\/70708"}],"wp:featuredmedia":[{"embeddable":true,"href":"https:\/\/lasentinelle.dz\/index.php\/wp-json\/wp\/v2\/media\/70707"}],"wp:attachment":[{"href":"https:\/\/lasentinelle.dz\/index.php\/wp-json\/wp\/v2\/media?parent=70706"}],"wp:term":[{"taxonomy":"category","embeddable":true,"href":"https:\/\/lasentinelle.dz\/index.php\/wp-json\/wp\/v2\/categories?post=70706"},{"taxonomy":"post_tag","embeddable":true,"href":"https:\/\/lasentinelle.dz\/index.php\/wp-json\/wp\/v2\/tags?post=70706"}],"curies":[{"name":"wp","href":"https:\/\/api.w.org\/{rel}","templated":true}]}}