{"id":70709,"date":"2025-07-21T22:26:27","date_gmt":"2025-07-21T21:26:27","guid":{"rendered":"https:\/\/lasentinelle.dz\/?p=70709"},"modified":"2025-07-21T22:26:28","modified_gmt":"2025-07-21T21:26:28","slug":"les-experts-appellent-a-valoriser-le-patrimoine-architectural-quand-le-patrimoine-bati-devient-memoire-collective","status":"publish","type":"post","link":"https:\/\/lasentinelle.dz\/index.php\/2025\/07\/21\/les-experts-appellent-a-valoriser-le-patrimoine-architectural-quand-le-patrimoine-bati-devient-memoire-collective\/","title":{"rendered":"Les experts appellent \u00e0 valoriser le patrimoine architectural: Quand le patrimoine b\u00e2ti devient m\u00e9moire collective"},"content":{"rendered":"\n<p>Dans un contexte o\u00f9 l&rsquo;urbanisation galopante menace l&rsquo;identit\u00e9 architecturale du pays, la question de la sauvegarde du patrimoine b\u00e2ti alg\u00e9rien r\u00e9sonne avec une acuit\u00e9 particuli\u00e8re.<\/p>\n\n\n\n<p>Dimanche, au c\u0153ur de Dar Abdeltif, une rencontre professionnelle organis\u00e9e dans le cadre de la manifestation \u00ab\u00a0Talaqi\u00a0\u00bb a rassembl\u00e9 architectes, experts et acteurs culturels autour d&rsquo;une pr\u00e9occupation commune : comment pr\u00e9server et valoriser un h\u00e9ritage architectural mill\u00e9naire tout en l&rsquo;adaptant aux d\u00e9fis contemporains. Cette initiative, port\u00e9e conjointement par l&rsquo;Agence alg\u00e9rienne pour le rayonnement culturel (AARC), l&rsquo;association culturelle \u00ab\u00a0Patrimoine\u00a0\u00bb et le collectif \u00ab\u00a0Talaqi\u00a0\u00bb, t\u00e9moigne d&rsquo;une prise de conscience grandissante face \u00e0 l&rsquo;\u00e9rosion progressive du patrimoine architectural national. Au-del\u00e0 des discours convenus, les intervenants ont appel\u00e9 \u00e0 une mobilisation collective, pla\u00e7ant le citoyen au centre d&rsquo;une d\u00e9marche de pr\u00e9servation qui ne peut plus se concevoir sans une participation active de la soci\u00e9t\u00e9 civile.<\/p>\n\n\n\n<p>L&rsquo;architecte Akli Amrouche a livr\u00e9 une analyse particuli\u00e8rement \u00e9clairante de la probl\u00e9matique urbaine contemporaine, soulignant la n\u00e9cessit\u00e9 de \u00ab\u00a0s&rsquo;int\u00e9resser\u00a0\u00bb aux nouvelles agglom\u00e9rations qui essaiment \u00e0 travers le territoire national. Sa vision d\u00e9passe la simple question technique pour embrasser une dimension culturelle et identitaire fondamentale. Selon lui, l&rsquo;enjeu consiste \u00e0 int\u00e9grer ces nouveaux espaces urbains \u00ab\u00a0dans un syst\u00e8me urbain qui r\u00e9pond \u00e0 la culture du pays et refl\u00e8te son identit\u00e9\u00a0\u00bb, une approche qui pourrait cr\u00e9er une \u00ab\u00a0dynamique sociale\u00a0\u00bb permettant au citoyen de \u00ab\u00a0participer de mani\u00e8re consciente et responsable\u00a0\u00bb \u00e0 la construction de son environnement.<\/p>\n\n\n\n<p>Cette approche participative trouve un \u00e9cho particulier dans les r\u00e9flexions de l&rsquo;architecte Maya Akkouche, qui a choisi de braquer les projecteurs sur un \u00e9l\u00e9ment architectural embl\u00e9matique et pourtant m\u00e9connu : les terrasses de la Casbah d&rsquo;Alger. Son intervention r\u00e9v\u00e8le la richesse insoup\u00e7onn\u00e9e de ces espaces a\u00e9riens qui ont contribu\u00e9 \u00e0 \u00ab\u00a0enrichir l&rsquo;imagination des habitants et des artistes, \u00e0 l&rsquo;instar de Mohamed Racim\u00a0\u00bb, r\u00e9f\u00e9rence incontournable de la miniature alg\u00e9rienne. Cette \u00e9vocation du grand ma\u00eetre de l&rsquo;enluminure illustre parfaitement la symbiose entre architecture et cr\u00e9ation artistique, rappelant combien l&rsquo;espace b\u00e2ti nourrit l&rsquo;inspiration cr\u00e9atrice. L&rsquo;analyse de Maya Akkouche r\u00e9v\u00e8le une v\u00e9rit\u00e9 souvent occult\u00e9e : la particularit\u00e9 de la Casbah ne r\u00e9side pas seulement dans ses fa\u00e7ades ou ses ruelles tortueuses, mais bien dans ses terrasses qui constituent un v\u00e9ritable \u00ab\u00a0espace vital\u00a0\u00bb. Ces plateformes suspendues, v\u00e9ritables extensions des habitations vers le ciel, incarnent une philosophie de l&rsquo;habitat qui transcende la simple fonction r\u00e9sidentielle pour devenir lieu de sociabilit\u00e9, d&rsquo;\u00e9change et de contemplation. Malheureusement, l&rsquo;experte d\u00e9plore la \u00ab\u00a0diminution\u00a0\u00bb progressive de leur superficie, cons\u00e9quence directe d&rsquo;exploitations personnelles et ill\u00e9gales qui d\u00e9naturent progressivement ce patrimoine unique.<\/p>\n\n\n\n<p>Cette probl\u00e9matique de la d\u00e9gradation patrimoniale trouve cependant des r\u00e9ponses concr\u00e8tes, comme l&rsquo;illustre l&rsquo;intervention de Hadj Kouider Mustapha, repr\u00e9sentant de l&rsquo;Agence nationale des secteurs sauvegard\u00e9s (ANSS). Son t\u00e9moignage sur la Casbah de Dellys d\u00e9montre qu&rsquo;une politique volontariste peut porter ses fruits. Le Plan permanent de sauvegarde et de mise en valeur du secteur sauvegard\u00e9 a, selon ses mots, \u00ab\u00a0contribu\u00e9 \u00e0 sauver la Casbah de Dellys de la disparition\u00a0\u00bb, offrant un mod\u00e8le reproductible pour d&rsquo;autres sites patrimoniaux menac\u00e9s. Cette exp\u00e9rience de Dellys illustre parfaitement l&rsquo;efficacit\u00e9 d&rsquo;une approche m\u00e9thodique et concert\u00e9e de la sauvegarde patrimoniale. Elle prouve qu&rsquo;au-del\u00e0 des constats alarmistes, des solutions existent et peuvent \u00eatre d\u00e9ploy\u00e9es \u00e0 condition d&rsquo;une volont\u00e9 politique affirm\u00e9e et d&rsquo;une mobilisation des moyens appropri\u00e9s. Le succ\u00e8s de cette op\u00e9ration de sauvetage architectural constitue un pr\u00e9c\u00e9dent encourageant pour l&rsquo;ensemble du territoire national.<\/p>\n\n\n\n<p>La manifestation \u00ab\u00a0Talaqi\u00a0\u00bb, qui se poursuit jusqu&rsquo;au 24 juillet, s&rsquo;inscrit dans cette dynamique de sensibilisation et de mobilisation collective. En choisissant Dar Abdeltif comme \u00e9crin de ces \u00e9changes, les organisateurs ont voulu symboliser cette alliance n\u00e9cessaire entre patrimoine et modernit\u00e9, entre tradition et innovation. Ce lieu charg\u00e9 d&rsquo;histoire devient ainsi le th\u00e9\u00e2tre d&rsquo;une r\u00e9flexion prospective sur l&rsquo;avenir architectural du pays.<\/p>\n\n\n\n<p>L&rsquo;appel lanc\u00e9 par ces experts d\u00e9passe le cadre strictement professionnel pour interpeller l&rsquo;ensemble de la soci\u00e9t\u00e9 alg\u00e9rienne. Il s&rsquo;agit de comprendre que la valorisation du patrimoine architectural ne constitue pas seulement un enjeu culturel, mais bien un d\u00e9fi civilisationnel qui engage l&rsquo;avenir des g\u00e9n\u00e9rations futures et la pr\u00e9servation d&rsquo;une identit\u00e9 nationale unique au monde.<\/p>\n\n\n\n<p>Mohand Seghir<\/p>\n","protected":false},"excerpt":{"rendered":"<p>Dans un contexte o\u00f9 l&rsquo;urbanisation galopante menace l&rsquo;identit\u00e9 architecturale du pays, la question de la sauvegarde du patrimoine b\u00e2ti alg\u00e9rien<\/p>\n","protected":false},"author":6,"featured_media":70710,"comment_status":"open","ping_status":"closed","sticky":false,"template":"","format":"standard","meta":{"colormag_page_container_layout":"default_layout","colormag_page_sidebar_layout":"default_layout","om_disable_all_campaigns":false,"_monsterinsights_skip_tracking":false,"_monsterinsights_sitenote_active":false,"_monsterinsights_sitenote_note":"","_monsterinsights_sitenote_category":0,"footnotes":"","_wpscppro_dont_share_socialmedia":false,"_wpscppro_custom_social_share_image":0,"_facebook_share_type":"default","_twitter_share_type":"default","_linkedin_share_type":"default","_pinterest_share_type":"default","_linkedin_share_type_page":"","_instagram_share_type":"default","_medium_share_type":"default","_threads_share_type":"","_google_business_share_type":"","_selected_social_profile":[],"_wpsp_enable_custom_social_template":false,"_wpsp_social_scheduling":{"enabled":false,"datetime":null,"platforms":[],"status":"template_only","dateOption":"today","timeOption":"now","customDays":"","customHours":"","customDate":"","customTime":"","schedulingType":"absolute"},"_wpsp_active_default_template":true},"categories":[36],"tags":[],"class_list":["post-70709","post","type-post","status-publish","format-standard","has-post-thumbnail","hentry","category-culture"],"aioseo_notices":[],"yoast_head":"<!-- This site is optimized with the Yoast SEO plugin v27.5 - https:\/\/yoast.com\/product\/yoast-seo-wordpress\/ -->\n<title>Les experts appellent \u00e0 valoriser le patrimoine architectural: Quand le patrimoine b\u00e2ti devient m\u00e9moire collective - La Sentinelle<\/title>\n<meta name=\"robots\" content=\"index, follow, max-snippet:-1, max-image-preview:large, max-video-preview:-1\" \/>\n<link rel=\"canonical\" href=\"https:\/\/lasentinelle.dz\/index.php\/2025\/07\/21\/les-experts-appellent-a-valoriser-le-patrimoine-architectural-quand-le-patrimoine-bati-devient-memoire-collective\/\" \/>\n<meta property=\"og:locale\" content=\"fr_FR\" \/>\n<meta property=\"og:type\" content=\"article\" \/>\n<meta property=\"og:title\" content=\"Les experts appellent \u00e0 valoriser le patrimoine architectural: Quand le patrimoine b\u00e2ti devient m\u00e9moire collective - La Sentinelle\" \/>\n<meta property=\"og:description\" content=\"Dans un contexte o\u00f9 l&rsquo;urbanisation galopante menace l&rsquo;identit\u00e9 architecturale du pays, la question de la sauvegarde du patrimoine b\u00e2ti alg\u00e9rien\" \/>\n<meta property=\"og:url\" content=\"https:\/\/lasentinelle.dz\/index.php\/2025\/07\/21\/les-experts-appellent-a-valoriser-le-patrimoine-architectural-quand-le-patrimoine-bati-devient-memoire-collective\/\" \/>\n<meta property=\"og:site_name\" content=\"La Sentinelle\" \/>\n<meta property=\"article:publisher\" content=\"https:\/\/www.facebook.com\/La-Sentinelle-104059864394773\" \/>\n<meta property=\"article:published_time\" content=\"2025-07-21T21:26:27+00:00\" \/>\n<meta property=\"article:modified_time\" content=\"2025-07-21T21:26:28+00:00\" \/>\n<meta property=\"og:image\" content=\"https:\/\/lasentinelle.dz\/wp-content\/uploads\/2025\/07\/Dar-abdeltif.jpg\" \/>\n\t<meta property=\"og:image:width\" content=\"960\" \/>\n\t<meta property=\"og:image:height\" content=\"640\" \/>\n\t<meta property=\"og:image:type\" content=\"image\/jpeg\" \/>\n<meta name=\"author\" content=\"admin\" \/>\n<meta name=\"twitter:card\" content=\"summary_large_image\" \/>\n<meta name=\"twitter:label1\" content=\"\u00c9crit par\" \/>\n\t<meta name=\"twitter:data1\" content=\"admin\" \/>\n\t<meta name=\"twitter:label2\" content=\"Dur\u00e9e de lecture estim\u00e9e\" \/>\n\t<meta name=\"twitter:data2\" content=\"4 minutes\" \/>\n<script type=\"application\/ld+json\" class=\"yoast-schema-graph\">{\"@context\":\"https:\\\/\\\/schema.org\",\"@graph\":[{\"@type\":\"Article\",\"@id\":\"https:\\\/\\\/lasentinelle.dz\\\/index.php\\\/2025\\\/07\\\/21\\\/les-experts-appellent-a-valoriser-le-patrimoine-architectural-quand-le-patrimoine-bati-devient-memoire-collective\\\/#article\",\"isPartOf\":{\"@id\":\"https:\\\/\\\/lasentinelle.dz\\\/index.php\\\/2025\\\/07\\\/21\\\/les-experts-appellent-a-valoriser-le-patrimoine-architectural-quand-le-patrimoine-bati-devient-memoire-collective\\\/\"},\"author\":{\"name\":\"admin\",\"@id\":\"https:\\\/\\\/lasentinelle.dz\\\/#\\\/schema\\\/person\\\/729ee0024f24e0b8c5ec17232f8e8b41\"},\"headline\":\"Les experts appellent \u00e0 valoriser le patrimoine architectural: Quand le patrimoine b\u00e2ti devient m\u00e9moire collective\",\"datePublished\":\"2025-07-21T21:26:27+00:00\",\"dateModified\":\"2025-07-21T21:26:28+00:00\",\"mainEntityOfPage\":{\"@id\":\"https:\\\/\\\/lasentinelle.dz\\\/index.php\\\/2025\\\/07\\\/21\\\/les-experts-appellent-a-valoriser-le-patrimoine-architectural-quand-le-patrimoine-bati-devient-memoire-collective\\\/\"},\"wordCount\":796,\"commentCount\":0,\"publisher\":{\"@id\":\"https:\\\/\\\/lasentinelle.dz\\\/#organization\"},\"image\":{\"@id\":\"https:\\\/\\\/lasentinelle.dz\\\/index.php\\\/2025\\\/07\\\/21\\\/les-experts-appellent-a-valoriser-le-patrimoine-architectural-quand-le-patrimoine-bati-devient-memoire-collective\\\/#primaryimage\"},\"thumbnailUrl\":\"https:\\\/\\\/lasentinelle.dz\\\/wp-content\\\/uploads\\\/2025\\\/07\\\/Dar-abdeltif.jpg\",\"articleSection\":[\"Culture\"],\"inLanguage\":\"fr-FR\",\"potentialAction\":[{\"@type\":\"CommentAction\",\"name\":\"Comment\",\"target\":[\"https:\\\/\\\/lasentinelle.dz\\\/index.php\\\/2025\\\/07\\\/21\\\/les-experts-appellent-a-valoriser-le-patrimoine-architectural-quand-le-patrimoine-bati-devient-memoire-collective\\\/#respond\"]}]},{\"@type\":\"WebPage\",\"@id\":\"https:\\\/\\\/lasentinelle.dz\\\/index.php\\\/2025\\\/07\\\/21\\\/les-experts-appellent-a-valoriser-le-patrimoine-architectural-quand-le-patrimoine-bati-devient-memoire-collective\\\/\",\"url\":\"https:\\\/\\\/lasentinelle.dz\\\/index.php\\\/2025\\\/07\\\/21\\\/les-experts-appellent-a-valoriser-le-patrimoine-architectural-quand-le-patrimoine-bati-devient-memoire-collective\\\/\",\"name\":\"Les experts appellent \u00e0 valoriser le patrimoine architectural: Quand le patrimoine b\u00e2ti devient m\u00e9moire collective - La Sentinelle\",\"isPartOf\":{\"@id\":\"https:\\\/\\\/lasentinelle.dz\\\/#website\"},\"primaryImageOfPage\":{\"@id\":\"https:\\\/\\\/lasentinelle.dz\\\/index.php\\\/2025\\\/07\\\/21\\\/les-experts-appellent-a-valoriser-le-patrimoine-architectural-quand-le-patrimoine-bati-devient-memoire-collective\\\/#primaryimage\"},\"image\":{\"@id\":\"https:\\\/\\\/lasentinelle.dz\\\/index.php\\\/2025\\\/07\\\/21\\\/les-experts-appellent-a-valoriser-le-patrimoine-architectural-quand-le-patrimoine-bati-devient-memoire-collective\\\/#primaryimage\"},\"thumbnailUrl\":\"https:\\\/\\\/lasentinelle.dz\\\/wp-content\\\/uploads\\\/2025\\\/07\\\/Dar-abdeltif.jpg\",\"datePublished\":\"2025-07-21T21:26:27+00:00\",\"dateModified\":\"2025-07-21T21:26:28+00:00\",\"breadcrumb\":{\"@id\":\"https:\\\/\\\/lasentinelle.dz\\\/index.php\\\/2025\\\/07\\\/21\\\/les-experts-appellent-a-valoriser-le-patrimoine-architectural-quand-le-patrimoine-bati-devient-memoire-collective\\\/#breadcrumb\"},\"inLanguage\":\"fr-FR\",\"potentialAction\":[{\"@type\":\"ReadAction\",\"target\":[\"https:\\\/\\\/lasentinelle.dz\\\/index.php\\\/2025\\\/07\\\/21\\\/les-experts-appellent-a-valoriser-le-patrimoine-architectural-quand-le-patrimoine-bati-devient-memoire-collective\\\/\"]}]},{\"@type\":\"ImageObject\",\"inLanguage\":\"fr-FR\",\"@id\":\"https:\\\/\\\/lasentinelle.dz\\\/index.php\\\/2025\\\/07\\\/21\\\/les-experts-appellent-a-valoriser-le-patrimoine-architectural-quand-le-patrimoine-bati-devient-memoire-collective\\\/#primaryimage\",\"url\":\"https:\\\/\\\/lasentinelle.dz\\\/wp-content\\\/uploads\\\/2025\\\/07\\\/Dar-abdeltif.jpg\",\"contentUrl\":\"https:\\\/\\\/lasentinelle.dz\\\/wp-content\\\/uploads\\\/2025\\\/07\\\/Dar-abdeltif.jpg\",\"width\":960,\"height\":640},{\"@type\":\"BreadcrumbList\",\"@id\":\"https:\\\/\\\/lasentinelle.dz\\\/index.php\\\/2025\\\/07\\\/21\\\/les-experts-appellent-a-valoriser-le-patrimoine-architectural-quand-le-patrimoine-bati-devient-memoire-collective\\\/#breadcrumb\",\"itemListElement\":[{\"@type\":\"ListItem\",\"position\":1,\"name\":\"Accueil\",\"item\":\"https:\\\/\\\/lasentinelle.dz\\\/\"},{\"@type\":\"ListItem\",\"position\":2,\"name\":\"Les experts appellent \u00e0 valoriser le patrimoine architectural: Quand le patrimoine b\u00e2ti devient m\u00e9moire collective\"}]},{\"@type\":\"WebSite\",\"@id\":\"https:\\\/\\\/lasentinelle.dz\\\/#website\",\"url\":\"https:\\\/\\\/lasentinelle.dz\\\/\",\"name\":\"La Sentinelle\",\"description\":\"Quotidien national d&#039;information\",\"publisher\":{\"@id\":\"https:\\\/\\\/lasentinelle.dz\\\/#organization\"},\"potentialAction\":[{\"@type\":\"SearchAction\",\"target\":{\"@type\":\"EntryPoint\",\"urlTemplate\":\"https:\\\/\\\/lasentinelle.dz\\\/?s={search_term_string}\"},\"query-input\":{\"@type\":\"PropertyValueSpecification\",\"valueRequired\":true,\"valueName\":\"search_term_string\"}}],\"inLanguage\":\"fr-FR\"},{\"@type\":\"Organization\",\"@id\":\"https:\\\/\\\/lasentinelle.dz\\\/#organization\",\"name\":\"Quotidien La Sentinelle\",\"url\":\"https:\\\/\\\/lasentinelle.dz\\\/\",\"logo\":{\"@type\":\"ImageObject\",\"inLanguage\":\"fr-FR\",\"@id\":\"https:\\\/\\\/lasentinelle.dz\\\/#\\\/schema\\\/logo\\\/image\\\/\",\"url\":\"https:\\\/\\\/lasentinelle.dz\\\/wp-content\\\/uploads\\\/2021\\\/09\\\/logo-sentinelleSLOGAN-1.png\",\"contentUrl\":\"https:\\\/\\\/lasentinelle.dz\\\/wp-content\\\/uploads\\\/2021\\\/09\\\/logo-sentinelleSLOGAN-1.png\",\"width\":615,\"height\":142,\"caption\":\"Quotidien La Sentinelle\"},\"image\":{\"@id\":\"https:\\\/\\\/lasentinelle.dz\\\/#\\\/schema\\\/logo\\\/image\\\/\"},\"sameAs\":[\"https:\\\/\\\/www.facebook.com\\\/La-Sentinelle-104059864394773\"]},{\"@type\":\"Person\",\"@id\":\"https:\\\/\\\/lasentinelle.dz\\\/#\\\/schema\\\/person\\\/729ee0024f24e0b8c5ec17232f8e8b41\",\"name\":\"admin\",\"image\":{\"@type\":\"ImageObject\",\"inLanguage\":\"fr-FR\",\"@id\":\"https:\\\/\\\/secure.gravatar.com\\\/avatar\\\/4c81fed838786e9b53f540bf46533e750f5d292099ae3b66cfc6fb1982e29df7?s=96&d=mm&r=g\",\"url\":\"https:\\\/\\\/secure.gravatar.com\\\/avatar\\\/4c81fed838786e9b53f540bf46533e750f5d292099ae3b66cfc6fb1982e29df7?s=96&d=mm&r=g\",\"contentUrl\":\"https:\\\/\\\/secure.gravatar.com\\\/avatar\\\/4c81fed838786e9b53f540bf46533e750f5d292099ae3b66cfc6fb1982e29df7?s=96&d=mm&r=g\",\"caption\":\"admin\"},\"description\":\"admin\",\"url\":\"https:\\\/\\\/lasentinelle.dz\\\/author\\\/admin\\\/\"}]}<\/script>\n<!-- \/ Yoast SEO plugin. -->","yoast_head_json":{"title":"Les experts appellent \u00e0 valoriser le patrimoine architectural: Quand le patrimoine b\u00e2ti devient m\u00e9moire collective - La Sentinelle","robots":{"index":"index","follow":"follow","max-snippet":"max-snippet:-1","max-image-preview":"max-image-preview:large","max-video-preview":"max-video-preview:-1"},"canonical":"https:\/\/lasentinelle.dz\/index.php\/2025\/07\/21\/les-experts-appellent-a-valoriser-le-patrimoine-architectural-quand-le-patrimoine-bati-devient-memoire-collective\/","og_locale":"fr_FR","og_type":"article","og_title":"Les experts appellent \u00e0 valoriser le patrimoine architectural: Quand le patrimoine b\u00e2ti devient m\u00e9moire collective - La Sentinelle","og_description":"Dans un contexte o\u00f9 l&rsquo;urbanisation galopante menace l&rsquo;identit\u00e9 architecturale du pays, la question de la sauvegarde du patrimoine b\u00e2ti alg\u00e9rien","og_url":"https:\/\/lasentinelle.dz\/index.php\/2025\/07\/21\/les-experts-appellent-a-valoriser-le-patrimoine-architectural-quand-le-patrimoine-bati-devient-memoire-collective\/","og_site_name":"La Sentinelle","article_publisher":"https:\/\/www.facebook.com\/La-Sentinelle-104059864394773","article_published_time":"2025-07-21T21:26:27+00:00","article_modified_time":"2025-07-21T21:26:28+00:00","og_image":[{"width":960,"height":640,"url":"https:\/\/lasentinelle.dz\/wp-content\/uploads\/2025\/07\/Dar-abdeltif.jpg","type":"image\/jpeg"}],"author":"admin","twitter_card":"summary_large_image","twitter_misc":{"\u00c9crit par":"admin","Dur\u00e9e de lecture estim\u00e9e":"4 minutes"},"schema":{"@context":"https:\/\/schema.org","@graph":[{"@type":"Article","@id":"https:\/\/lasentinelle.dz\/index.php\/2025\/07\/21\/les-experts-appellent-a-valoriser-le-patrimoine-architectural-quand-le-patrimoine-bati-devient-memoire-collective\/#article","isPartOf":{"@id":"https:\/\/lasentinelle.dz\/index.php\/2025\/07\/21\/les-experts-appellent-a-valoriser-le-patrimoine-architectural-quand-le-patrimoine-bati-devient-memoire-collective\/"},"author":{"name":"admin","@id":"https:\/\/lasentinelle.dz\/#\/schema\/person\/729ee0024f24e0b8c5ec17232f8e8b41"},"headline":"Les experts appellent \u00e0 valoriser le patrimoine architectural: Quand le patrimoine b\u00e2ti devient m\u00e9moire collective","datePublished":"2025-07-21T21:26:27+00:00","dateModified":"2025-07-21T21:26:28+00:00","mainEntityOfPage":{"@id":"https:\/\/lasentinelle.dz\/index.php\/2025\/07\/21\/les-experts-appellent-a-valoriser-le-patrimoine-architectural-quand-le-patrimoine-bati-devient-memoire-collective\/"},"wordCount":796,"commentCount":0,"publisher":{"@id":"https:\/\/lasentinelle.dz\/#organization"},"image":{"@id":"https:\/\/lasentinelle.dz\/index.php\/2025\/07\/21\/les-experts-appellent-a-valoriser-le-patrimoine-architectural-quand-le-patrimoine-bati-devient-memoire-collective\/#primaryimage"},"thumbnailUrl":"https:\/\/lasentinelle.dz\/wp-content\/uploads\/2025\/07\/Dar-abdeltif.jpg","articleSection":["Culture"],"inLanguage":"fr-FR","potentialAction":[{"@type":"CommentAction","name":"Comment","target":["https:\/\/lasentinelle.dz\/index.php\/2025\/07\/21\/les-experts-appellent-a-valoriser-le-patrimoine-architectural-quand-le-patrimoine-bati-devient-memoire-collective\/#respond"]}]},{"@type":"WebPage","@id":"https:\/\/lasentinelle.dz\/index.php\/2025\/07\/21\/les-experts-appellent-a-valoriser-le-patrimoine-architectural-quand-le-patrimoine-bati-devient-memoire-collective\/","url":"https:\/\/lasentinelle.dz\/index.php\/2025\/07\/21\/les-experts-appellent-a-valoriser-le-patrimoine-architectural-quand-le-patrimoine-bati-devient-memoire-collective\/","name":"Les experts appellent \u00e0 valoriser le patrimoine architectural: Quand le patrimoine b\u00e2ti devient m\u00e9moire collective - La Sentinelle","isPartOf":{"@id":"https:\/\/lasentinelle.dz\/#website"},"primaryImageOfPage":{"@id":"https:\/\/lasentinelle.dz\/index.php\/2025\/07\/21\/les-experts-appellent-a-valoriser-le-patrimoine-architectural-quand-le-patrimoine-bati-devient-memoire-collective\/#primaryimage"},"image":{"@id":"https:\/\/lasentinelle.dz\/index.php\/2025\/07\/21\/les-experts-appellent-a-valoriser-le-patrimoine-architectural-quand-le-patrimoine-bati-devient-memoire-collective\/#primaryimage"},"thumbnailUrl":"https:\/\/lasentinelle.dz\/wp-content\/uploads\/2025\/07\/Dar-abdeltif.jpg","datePublished":"2025-07-21T21:26:27+00:00","dateModified":"2025-07-21T21:26:28+00:00","breadcrumb":{"@id":"https:\/\/lasentinelle.dz\/index.php\/2025\/07\/21\/les-experts-appellent-a-valoriser-le-patrimoine-architectural-quand-le-patrimoine-bati-devient-memoire-collective\/#breadcrumb"},"inLanguage":"fr-FR","potentialAction":[{"@type":"ReadAction","target":["https:\/\/lasentinelle.dz\/index.php\/2025\/07\/21\/les-experts-appellent-a-valoriser-le-patrimoine-architectural-quand-le-patrimoine-bati-devient-memoire-collective\/"]}]},{"@type":"ImageObject","inLanguage":"fr-FR","@id":"https:\/\/lasentinelle.dz\/index.php\/2025\/07\/21\/les-experts-appellent-a-valoriser-le-patrimoine-architectural-quand-le-patrimoine-bati-devient-memoire-collective\/#primaryimage","url":"https:\/\/lasentinelle.dz\/wp-content\/uploads\/2025\/07\/Dar-abdeltif.jpg","contentUrl":"https:\/\/lasentinelle.dz\/wp-content\/uploads\/2025\/07\/Dar-abdeltif.jpg","width":960,"height":640},{"@type":"BreadcrumbList","@id":"https:\/\/lasentinelle.dz\/index.php\/2025\/07\/21\/les-experts-appellent-a-valoriser-le-patrimoine-architectural-quand-le-patrimoine-bati-devient-memoire-collective\/#breadcrumb","itemListElement":[{"@type":"ListItem","position":1,"name":"Accueil","item":"https:\/\/lasentinelle.dz\/"},{"@type":"ListItem","position":2,"name":"Les experts appellent \u00e0 valoriser le patrimoine architectural: Quand le patrimoine b\u00e2ti devient m\u00e9moire collective"}]},{"@type":"WebSite","@id":"https:\/\/lasentinelle.dz\/#website","url":"https:\/\/lasentinelle.dz\/","name":"La Sentinelle","description":"Quotidien national d&#039;information","publisher":{"@id":"https:\/\/lasentinelle.dz\/#organization"},"potentialAction":[{"@type":"SearchAction","target":{"@type":"EntryPoint","urlTemplate":"https:\/\/lasentinelle.dz\/?s={search_term_string}"},"query-input":{"@type":"PropertyValueSpecification","valueRequired":true,"valueName":"search_term_string"}}],"inLanguage":"fr-FR"},{"@type":"Organization","@id":"https:\/\/lasentinelle.dz\/#organization","name":"Quotidien La Sentinelle","url":"https:\/\/lasentinelle.dz\/","logo":{"@type":"ImageObject","inLanguage":"fr-FR","@id":"https:\/\/lasentinelle.dz\/#\/schema\/logo\/image\/","url":"https:\/\/lasentinelle.dz\/wp-content\/uploads\/2021\/09\/logo-sentinelleSLOGAN-1.png","contentUrl":"https:\/\/lasentinelle.dz\/wp-content\/uploads\/2021\/09\/logo-sentinelleSLOGAN-1.png","width":615,"height":142,"caption":"Quotidien La Sentinelle"},"image":{"@id":"https:\/\/lasentinelle.dz\/#\/schema\/logo\/image\/"},"sameAs":["https:\/\/www.facebook.com\/La-Sentinelle-104059864394773"]},{"@type":"Person","@id":"https:\/\/lasentinelle.dz\/#\/schema\/person\/729ee0024f24e0b8c5ec17232f8e8b41","name":"admin","image":{"@type":"ImageObject","inLanguage":"fr-FR","@id":"https:\/\/secure.gravatar.com\/avatar\/4c81fed838786e9b53f540bf46533e750f5d292099ae3b66cfc6fb1982e29df7?s=96&d=mm&r=g","url":"https:\/\/secure.gravatar.com\/avatar\/4c81fed838786e9b53f540bf46533e750f5d292099ae3b66cfc6fb1982e29df7?s=96&d=mm&r=g","contentUrl":"https:\/\/secure.gravatar.com\/avatar\/4c81fed838786e9b53f540bf46533e750f5d292099ae3b66cfc6fb1982e29df7?s=96&d=mm&r=g","caption":"admin"},"description":"admin","url":"https:\/\/lasentinelle.dz\/author\/admin\/"}]}},"_links":{"self":[{"href":"https:\/\/lasentinelle.dz\/index.php\/wp-json\/wp\/v2\/posts\/70709","targetHints":{"allow":["GET"]}}],"collection":[{"href":"https:\/\/lasentinelle.dz\/index.php\/wp-json\/wp\/v2\/posts"}],"about":[{"href":"https:\/\/lasentinelle.dz\/index.php\/wp-json\/wp\/v2\/types\/post"}],"author":[{"embeddable":true,"href":"https:\/\/lasentinelle.dz\/index.php\/wp-json\/wp\/v2\/users\/6"}],"replies":[{"embeddable":true,"href":"https:\/\/lasentinelle.dz\/index.php\/wp-json\/wp\/v2\/comments?post=70709"}],"version-history":[{"count":1,"href":"https:\/\/lasentinelle.dz\/index.php\/wp-json\/wp\/v2\/posts\/70709\/revisions"}],"predecessor-version":[{"id":70711,"href":"https:\/\/lasentinelle.dz\/index.php\/wp-json\/wp\/v2\/posts\/70709\/revisions\/70711"}],"wp:featuredmedia":[{"embeddable":true,"href":"https:\/\/lasentinelle.dz\/index.php\/wp-json\/wp\/v2\/media\/70710"}],"wp:attachment":[{"href":"https:\/\/lasentinelle.dz\/index.php\/wp-json\/wp\/v2\/media?parent=70709"}],"wp:term":[{"taxonomy":"category","embeddable":true,"href":"https:\/\/lasentinelle.dz\/index.php\/wp-json\/wp\/v2\/categories?post=70709"},{"taxonomy":"post_tag","embeddable":true,"href":"https:\/\/lasentinelle.dz\/index.php\/wp-json\/wp\/v2\/tags?post=70709"}],"curies":[{"name":"wp","href":"https:\/\/api.w.org\/{rel}","templated":true}]}}