{"id":70716,"date":"2025-07-22T12:11:18","date_gmt":"2025-07-22T11:11:18","guid":{"rendered":"https:\/\/lasentinelle.dz\/?p=70716"},"modified":"2025-07-22T12:11:19","modified_gmt":"2025-07-22T11:11:19","slug":"en-dames-naima-bouhani-et-lina-khelif-tirent-leur-reverence","status":"publish","type":"post","link":"https:\/\/lasentinelle.dz\/index.php\/2025\/07\/22\/en-dames-naima-bouhani-et-lina-khelif-tirent-leur-reverence\/","title":{"rendered":"EN Dames: Na\u00efma Bouhani et Lina Khelif tirent leur r\u00e9v\u00e9rence"},"content":{"rendered":"\n<p>Au lendemain de l&rsquo;\u00e9limination cruelle de l&rsquo;\u00e9quipe nationale f\u00e9minine de football \u00e0 la CAN face au Ghana en quarts de finale, deux figures embl\u00e9matiques des Vertes ont officialis\u00e9 leur d\u00e9cision de raccrocher les crampons.<\/p>\n\n\n\n<p>Na\u00efma Bouhani Benziane, v\u00e9ritable l\u00e9gende vivante de la s\u00e9lection nationale, a choisi ce moment symbolique pour annoncer sa retraite internationale \u00e0 l&rsquo;\u00e2ge de 39 ans. Dans un message empreint d&rsquo;\u00e9motion publi\u00e9 sur ses r\u00e9seaux sociaux, l&rsquo;attaquante embl\u00e9matique a exprim\u00e9 sa fiert\u00e9 et sa gratitude apr\u00e8s une carri\u00e8re exceptionnelle qui l&rsquo;aura vue \u00e9voluer au plus haut niveau pendant plus de deux d\u00e9cennies. \u00ab\u00a0Apr\u00e8s de longues ann\u00e9es de course, de travail et d&rsquo;engagement, j&rsquo;annonce aujourd&rsquo;hui avec fiert\u00e9 et gratitude la fin de ma carri\u00e8re en tant que joueuse de football\u00a0\u00bb, a-t-elle d\u00e9clar\u00e9, r\u00e9sumant ainsi un parcours jalonn\u00e9 de succ\u00e8s et de sacrifices personnels. Form\u00e9e dans les rangs d&rsquo;Intissar Oran, Na\u00efma Bouhani aura marqu\u00e9 l&rsquo;histoire du football alg\u00e9rien de son empreinte ind\u00e9l\u00e9bile. Ses statistiques parlent d&rsquo;elles-m\u00eames avec 61 s\u00e9lections en \u00e9quipe nationale et un impressionnant total de 36 buts selon les sources officielles, bien que d&rsquo;autres sources cr\u00e9ditent la native d&rsquo;Oran de 38 r\u00e9alisations, faisant d&rsquo;elle la meilleure buteuse de l&rsquo;histoire de la s\u00e9lection f\u00e9minine alg\u00e9rienne. Cette prolificit\u00e9 offensive exceptionnelle en a fait l&rsquo;arme fatale des Vertes pendant de nombreuses ann\u00e9es, terrorisant les d\u00e9fenses adverses par sa technique raffin\u00e9e et son sens du but naturel. Sa premi\u00e8re convocation remonte \u00e0 2003 lors d&rsquo;un match historique face \u00e0 la R\u00e9publique D\u00e9mocratique du Congo, marquant le d\u00e9but d&rsquo;une aventure internationale qui aura dur\u00e9 plus de vingt ans. Cette long\u00e9vit\u00e9 exceptionnelle t\u00e9moigne non seulement de ses qualit\u00e9s techniques pr\u00e9serv\u00e9es mais \u00e9galement de son professionnalisme et de sa d\u00e9termination sans faille \u00e0 repr\u00e9senter son pays au plus haut niveau. Malheureusement, le destin aura voulu que cette CAN 2024 se d\u00e9roule sans sa participation effective, l&rsquo;attaquante ayant \u00e9t\u00e9 contrainte au forfait suite \u00e0 une blessure contract\u00e9e lors du dernier match de pr\u00e9paration contre le S\u00e9n\u00e9gal.<\/p>\n\n\n\n<p>Cette absence forc\u00e9e constitue certainement l&rsquo;une des plus grandes d\u00e9ceptions de sa carri\u00e8re, elle qui avait toujours r\u00e9pondu pr\u00e9sent lors des grandes \u00e9ch\u00e9ances internationales. \u00ab\u00a0Parmi les moments les plus difficiles, il y a eu deux blessures graves survenues alors que je portais le maillot de l&rsquo;\u00e9quipe nationale, la derni\u00e8re apr\u00e8s un match amical contre la R\u00e9publique du Congo, seulement quelques jours avant notre participation \u00e0 la CAN\u00a0\u00bb, a-t-elle confi\u00e9 avec une pointe de regret, soulignant la cruaut\u00e9 du sort qui l&rsquo;aura priv\u00e9e d&rsquo;un dernier baroud d&rsquo;honneur continental.<\/p>\n\n\n\n<p>Lina Khelif, \u00e2g\u00e9e de seulement 28 ans, a \u00e9galement choisi ce moment pour annoncer sa retraite internationale. Internationale depuis novembre 2018 avec une premi\u00e8re cape obtenue lors d&rsquo;un match amical face \u00e0 la C\u00f4te d&rsquo;Ivoire, la milieu de terrain offensif aura connu une trajectoire plus courte mais tout aussi intense que sa glorieuse a\u00een\u00e9e. Titulaire lors du match d\u00e9cisif contre le Nigeria lors de cette CAN 2024, elle aura eu l&rsquo;opportunit\u00e9 de terminer sa carri\u00e8re internationale sur une participation \u00e0 une comp\u00e9tition majeure.<\/p>\n\n\n\n<p>\u00ab\u00a0Je suis fi\u00e8re d&rsquo;avoir port\u00e9 le maillot national pendant sept ann\u00e9es. J&rsquo;ai v\u00e9cu de tr\u00e8s beaux moments avec mes co\u00e9quipi\u00e8res\u00a0\u00bb, a d\u00e9clar\u00e9 Khelif avec \u00e9motion, r\u00e9sumant sept ann\u00e9es de bons et loyaux services au service de la s\u00e9lection nationale. Sa d\u00e9cision de raccrocher relativement t\u00f4t surprend dans le milieu footballistique, mais t\u00e9moigne peut-\u00eatre des difficult\u00e9s rencontr\u00e9es par les joueuses pour concilier carri\u00e8re sportive et vie professionnelle dans un contexte o\u00f9 le football f\u00e9minin peine encore \u00e0 se professionnaliser pleinement.<\/p>\n\n\n\n<p>Na\u00efma Bouhani, en particulier, laisse derri\u00e8re elle un h\u00e9ritage consid\u00e9rable qui inspirera certainement les futures g\u00e9n\u00e9rations de footballeuses alg\u00e9riennes. Sa carri\u00e8re en club, notamment ses derni\u00e8res saisons sous le maillot d&rsquo;Afak Relizane, aura \u00e9galement contribu\u00e9 au d\u00e9veloppement et \u00e0 la reconnaissance du football f\u00e9minin en Alg\u00e9rie.<\/p>\n\n\n\n<p>L&rsquo;hommage rendu par leurs co\u00e9quipi\u00e8res, qui leur ont offert des maillots d\u00e9dicac\u00e9s par l&rsquo;ensemble de l&rsquo;effectif, symbolise parfaitement le respect et l&rsquo;affection que leur portent les actuelles repr\u00e9sentantes nationales. Cet geste t\u00e9moigne de l&rsquo;esprit de solidarit\u00e9 qui anime cette \u00e9quipe nationale et de la reconnaissance due \u00e0 ces deux joueuses qui auront marqu\u00e9 leur \u00e9poque. \u00ab\u00a0L&rsquo;adieu n&rsquo;est pas une fin, mais un nouveau d\u00e9part, d&rsquo;un autre genre. Je resterai toujours proche du football, d&rsquo;une mani\u00e8re ou d&rsquo;une autre, car la passion ne meurt jamais\u00a0\u00bb, a conclu Na\u00efma Bouhani, laissant entrevoir un possible futur engagement dans l&rsquo;encadrement ou la formation, perp\u00e9tuant ainsi son amour du ballon rond sous une autre forme. M. Dahleb<\/p>\n","protected":false},"excerpt":{"rendered":"<p>Au lendemain de l&rsquo;\u00e9limination cruelle de l&rsquo;\u00e9quipe nationale f\u00e9minine de football \u00e0 la CAN face au Ghana en quarts de<\/p>\n","protected":false},"author":6,"featured_media":70717,"comment_status":"open","ping_status":"closed","sticky":false,"template":"","format":"standard","meta":{"colormag_page_container_layout":"default_layout","colormag_page_sidebar_layout":"default_layout","om_disable_all_campaigns":false,"_monsterinsights_skip_tracking":false,"_monsterinsights_sitenote_active":false,"_monsterinsights_sitenote_note":"","_monsterinsights_sitenote_category":0,"footnotes":"","_wpscppro_dont_share_socialmedia":false,"_wpscppro_custom_social_share_image":0,"_facebook_share_type":"default","_twitter_share_type":"default","_linkedin_share_type":"default","_pinterest_share_type":"default","_linkedin_share_type_page":"","_instagram_share_type":"default","_medium_share_type":"default","_threads_share_type":"","_google_business_share_type":"","_selected_social_profile":[],"_wpsp_enable_custom_social_template":false,"_wpsp_social_scheduling":{"enabled":false,"datetime":null,"platforms":[],"status":"template_only","dateOption":"today","timeOption":"now","customDays":"","customHours":"","customDate":"","customTime":"","schedulingType":"absolute"},"_wpsp_active_default_template":true},"categories":[33],"tags":[],"class_list":["post-70716","post","type-post","status-publish","format-standard","has-post-thumbnail","hentry","category-sports"],"aioseo_notices":[],"yoast_head":"<!-- This site is optimized with the Yoast SEO plugin v27.5 - https:\/\/yoast.com\/product\/yoast-seo-wordpress\/ -->\n<title>EN Dames: Na\u00efma Bouhani et Lina Khelif tirent leur r\u00e9v\u00e9rence - La Sentinelle<\/title>\n<meta name=\"robots\" content=\"index, follow, max-snippet:-1, max-image-preview:large, max-video-preview:-1\" \/>\n<link rel=\"canonical\" href=\"https:\/\/lasentinelle.dz\/index.php\/2025\/07\/22\/en-dames-naima-bouhani-et-lina-khelif-tirent-leur-reverence\/\" \/>\n<meta property=\"og:locale\" content=\"fr_FR\" \/>\n<meta property=\"og:type\" content=\"article\" \/>\n<meta property=\"og:title\" content=\"EN Dames: Na\u00efma Bouhani et Lina Khelif tirent leur r\u00e9v\u00e9rence - La Sentinelle\" \/>\n<meta property=\"og:description\" content=\"Au lendemain de l&rsquo;\u00e9limination cruelle de l&rsquo;\u00e9quipe nationale f\u00e9minine de football \u00e0 la CAN face au Ghana en quarts de\" \/>\n<meta property=\"og:url\" content=\"https:\/\/lasentinelle.dz\/index.php\/2025\/07\/22\/en-dames-naima-bouhani-et-lina-khelif-tirent-leur-reverence\/\" \/>\n<meta property=\"og:site_name\" content=\"La Sentinelle\" \/>\n<meta property=\"article:publisher\" content=\"https:\/\/www.facebook.com\/La-Sentinelle-104059864394773\" \/>\n<meta property=\"article:published_time\" content=\"2025-07-22T11:11:18+00:00\" \/>\n<meta property=\"article:modified_time\" content=\"2025-07-22T11:11:19+00:00\" \/>\n<meta property=\"og:image\" content=\"https:\/\/lasentinelle.dz\/wp-content\/uploads\/2025\/07\/dames-6.jpg\" \/>\n\t<meta property=\"og:image:width\" content=\"1920\" \/>\n\t<meta property=\"og:image:height\" content=\"1080\" \/>\n\t<meta property=\"og:image:type\" content=\"image\/jpeg\" \/>\n<meta name=\"author\" content=\"admin\" \/>\n<meta name=\"twitter:card\" content=\"summary_large_image\" \/>\n<meta name=\"twitter:label1\" content=\"\u00c9crit par\" \/>\n\t<meta name=\"twitter:data1\" content=\"admin\" \/>\n\t<meta name=\"twitter:label2\" content=\"Dur\u00e9e de lecture estim\u00e9e\" \/>\n\t<meta name=\"twitter:data2\" content=\"4 minutes\" \/>\n<script type=\"application\/ld+json\" class=\"yoast-schema-graph\">{\"@context\":\"https:\\\/\\\/schema.org\",\"@graph\":[{\"@type\":\"Article\",\"@id\":\"https:\\\/\\\/lasentinelle.dz\\\/index.php\\\/2025\\\/07\\\/22\\\/en-dames-naima-bouhani-et-lina-khelif-tirent-leur-reverence\\\/#article\",\"isPartOf\":{\"@id\":\"https:\\\/\\\/lasentinelle.dz\\\/index.php\\\/2025\\\/07\\\/22\\\/en-dames-naima-bouhani-et-lina-khelif-tirent-leur-reverence\\\/\"},\"author\":{\"name\":\"admin\",\"@id\":\"https:\\\/\\\/lasentinelle.dz\\\/#\\\/schema\\\/person\\\/729ee0024f24e0b8c5ec17232f8e8b41\"},\"headline\":\"EN Dames: Na\u00efma Bouhani et Lina Khelif tirent leur r\u00e9v\u00e9rence\",\"datePublished\":\"2025-07-22T11:11:18+00:00\",\"dateModified\":\"2025-07-22T11:11:19+00:00\",\"mainEntityOfPage\":{\"@id\":\"https:\\\/\\\/lasentinelle.dz\\\/index.php\\\/2025\\\/07\\\/22\\\/en-dames-naima-bouhani-et-lina-khelif-tirent-leur-reverence\\\/\"},\"wordCount\":869,\"commentCount\":0,\"publisher\":{\"@id\":\"https:\\\/\\\/lasentinelle.dz\\\/#organization\"},\"image\":{\"@id\":\"https:\\\/\\\/lasentinelle.dz\\\/index.php\\\/2025\\\/07\\\/22\\\/en-dames-naima-bouhani-et-lina-khelif-tirent-leur-reverence\\\/#primaryimage\"},\"thumbnailUrl\":\"https:\\\/\\\/lasentinelle.dz\\\/wp-content\\\/uploads\\\/2025\\\/07\\\/dames-6.jpg\",\"articleSection\":[\"Sports\"],\"inLanguage\":\"fr-FR\",\"potentialAction\":[{\"@type\":\"CommentAction\",\"name\":\"Comment\",\"target\":[\"https:\\\/\\\/lasentinelle.dz\\\/index.php\\\/2025\\\/07\\\/22\\\/en-dames-naima-bouhani-et-lina-khelif-tirent-leur-reverence\\\/#respond\"]}]},{\"@type\":\"WebPage\",\"@id\":\"https:\\\/\\\/lasentinelle.dz\\\/index.php\\\/2025\\\/07\\\/22\\\/en-dames-naima-bouhani-et-lina-khelif-tirent-leur-reverence\\\/\",\"url\":\"https:\\\/\\\/lasentinelle.dz\\\/index.php\\\/2025\\\/07\\\/22\\\/en-dames-naima-bouhani-et-lina-khelif-tirent-leur-reverence\\\/\",\"name\":\"EN Dames: Na\u00efma Bouhani et Lina Khelif tirent leur r\u00e9v\u00e9rence - La Sentinelle\",\"isPartOf\":{\"@id\":\"https:\\\/\\\/lasentinelle.dz\\\/#website\"},\"primaryImageOfPage\":{\"@id\":\"https:\\\/\\\/lasentinelle.dz\\\/index.php\\\/2025\\\/07\\\/22\\\/en-dames-naima-bouhani-et-lina-khelif-tirent-leur-reverence\\\/#primaryimage\"},\"image\":{\"@id\":\"https:\\\/\\\/lasentinelle.dz\\\/index.php\\\/2025\\\/07\\\/22\\\/en-dames-naima-bouhani-et-lina-khelif-tirent-leur-reverence\\\/#primaryimage\"},\"thumbnailUrl\":\"https:\\\/\\\/lasentinelle.dz\\\/wp-content\\\/uploads\\\/2025\\\/07\\\/dames-6.jpg\",\"datePublished\":\"2025-07-22T11:11:18+00:00\",\"dateModified\":\"2025-07-22T11:11:19+00:00\",\"breadcrumb\":{\"@id\":\"https:\\\/\\\/lasentinelle.dz\\\/index.php\\\/2025\\\/07\\\/22\\\/en-dames-naima-bouhani-et-lina-khelif-tirent-leur-reverence\\\/#breadcrumb\"},\"inLanguage\":\"fr-FR\",\"potentialAction\":[{\"@type\":\"ReadAction\",\"target\":[\"https:\\\/\\\/lasentinelle.dz\\\/index.php\\\/2025\\\/07\\\/22\\\/en-dames-naima-bouhani-et-lina-khelif-tirent-leur-reverence\\\/\"]}]},{\"@type\":\"ImageObject\",\"inLanguage\":\"fr-FR\",\"@id\":\"https:\\\/\\\/lasentinelle.dz\\\/index.php\\\/2025\\\/07\\\/22\\\/en-dames-naima-bouhani-et-lina-khelif-tirent-leur-reverence\\\/#primaryimage\",\"url\":\"https:\\\/\\\/lasentinelle.dz\\\/wp-content\\\/uploads\\\/2025\\\/07\\\/dames-6.jpg\",\"contentUrl\":\"https:\\\/\\\/lasentinelle.dz\\\/wp-content\\\/uploads\\\/2025\\\/07\\\/dames-6.jpg\",\"width\":1920,\"height\":1080},{\"@type\":\"BreadcrumbList\",\"@id\":\"https:\\\/\\\/lasentinelle.dz\\\/index.php\\\/2025\\\/07\\\/22\\\/en-dames-naima-bouhani-et-lina-khelif-tirent-leur-reverence\\\/#breadcrumb\",\"itemListElement\":[{\"@type\":\"ListItem\",\"position\":1,\"name\":\"Accueil\",\"item\":\"https:\\\/\\\/lasentinelle.dz\\\/\"},{\"@type\":\"ListItem\",\"position\":2,\"name\":\"EN Dames: Na\u00efma Bouhani et Lina Khelif tirent leur r\u00e9v\u00e9rence\"}]},{\"@type\":\"WebSite\",\"@id\":\"https:\\\/\\\/lasentinelle.dz\\\/#website\",\"url\":\"https:\\\/\\\/lasentinelle.dz\\\/\",\"name\":\"La Sentinelle\",\"description\":\"Quotidien national d&#039;information\",\"publisher\":{\"@id\":\"https:\\\/\\\/lasentinelle.dz\\\/#organization\"},\"potentialAction\":[{\"@type\":\"SearchAction\",\"target\":{\"@type\":\"EntryPoint\",\"urlTemplate\":\"https:\\\/\\\/lasentinelle.dz\\\/?s={search_term_string}\"},\"query-input\":{\"@type\":\"PropertyValueSpecification\",\"valueRequired\":true,\"valueName\":\"search_term_string\"}}],\"inLanguage\":\"fr-FR\"},{\"@type\":\"Organization\",\"@id\":\"https:\\\/\\\/lasentinelle.dz\\\/#organization\",\"name\":\"Quotidien La Sentinelle\",\"url\":\"https:\\\/\\\/lasentinelle.dz\\\/\",\"logo\":{\"@type\":\"ImageObject\",\"inLanguage\":\"fr-FR\",\"@id\":\"https:\\\/\\\/lasentinelle.dz\\\/#\\\/schema\\\/logo\\\/image\\\/\",\"url\":\"https:\\\/\\\/lasentinelle.dz\\\/wp-content\\\/uploads\\\/2021\\\/09\\\/logo-sentinelleSLOGAN-1.png\",\"contentUrl\":\"https:\\\/\\\/lasentinelle.dz\\\/wp-content\\\/uploads\\\/2021\\\/09\\\/logo-sentinelleSLOGAN-1.png\",\"width\":615,\"height\":142,\"caption\":\"Quotidien La Sentinelle\"},\"image\":{\"@id\":\"https:\\\/\\\/lasentinelle.dz\\\/#\\\/schema\\\/logo\\\/image\\\/\"},\"sameAs\":[\"https:\\\/\\\/www.facebook.com\\\/La-Sentinelle-104059864394773\"]},{\"@type\":\"Person\",\"@id\":\"https:\\\/\\\/lasentinelle.dz\\\/#\\\/schema\\\/person\\\/729ee0024f24e0b8c5ec17232f8e8b41\",\"name\":\"admin\",\"image\":{\"@type\":\"ImageObject\",\"inLanguage\":\"fr-FR\",\"@id\":\"https:\\\/\\\/secure.gravatar.com\\\/avatar\\\/4c81fed838786e9b53f540bf46533e750f5d292099ae3b66cfc6fb1982e29df7?s=96&d=mm&r=g\",\"url\":\"https:\\\/\\\/secure.gravatar.com\\\/avatar\\\/4c81fed838786e9b53f540bf46533e750f5d292099ae3b66cfc6fb1982e29df7?s=96&d=mm&r=g\",\"contentUrl\":\"https:\\\/\\\/secure.gravatar.com\\\/avatar\\\/4c81fed838786e9b53f540bf46533e750f5d292099ae3b66cfc6fb1982e29df7?s=96&d=mm&r=g\",\"caption\":\"admin\"},\"description\":\"admin\",\"url\":\"https:\\\/\\\/lasentinelle.dz\\\/author\\\/admin\\\/\"}]}<\/script>\n<!-- \/ Yoast SEO plugin. -->","yoast_head_json":{"title":"EN Dames: Na\u00efma Bouhani et Lina Khelif tirent leur r\u00e9v\u00e9rence - La Sentinelle","robots":{"index":"index","follow":"follow","max-snippet":"max-snippet:-1","max-image-preview":"max-image-preview:large","max-video-preview":"max-video-preview:-1"},"canonical":"https:\/\/lasentinelle.dz\/index.php\/2025\/07\/22\/en-dames-naima-bouhani-et-lina-khelif-tirent-leur-reverence\/","og_locale":"fr_FR","og_type":"article","og_title":"EN Dames: Na\u00efma Bouhani et Lina Khelif tirent leur r\u00e9v\u00e9rence - La Sentinelle","og_description":"Au lendemain de l&rsquo;\u00e9limination cruelle de l&rsquo;\u00e9quipe nationale f\u00e9minine de football \u00e0 la CAN face au Ghana en quarts de","og_url":"https:\/\/lasentinelle.dz\/index.php\/2025\/07\/22\/en-dames-naima-bouhani-et-lina-khelif-tirent-leur-reverence\/","og_site_name":"La Sentinelle","article_publisher":"https:\/\/www.facebook.com\/La-Sentinelle-104059864394773","article_published_time":"2025-07-22T11:11:18+00:00","article_modified_time":"2025-07-22T11:11:19+00:00","og_image":[{"width":1920,"height":1080,"url":"https:\/\/lasentinelle.dz\/wp-content\/uploads\/2025\/07\/dames-6.jpg","type":"image\/jpeg"}],"author":"admin","twitter_card":"summary_large_image","twitter_misc":{"\u00c9crit par":"admin","Dur\u00e9e de lecture estim\u00e9e":"4 minutes"},"schema":{"@context":"https:\/\/schema.org","@graph":[{"@type":"Article","@id":"https:\/\/lasentinelle.dz\/index.php\/2025\/07\/22\/en-dames-naima-bouhani-et-lina-khelif-tirent-leur-reverence\/#article","isPartOf":{"@id":"https:\/\/lasentinelle.dz\/index.php\/2025\/07\/22\/en-dames-naima-bouhani-et-lina-khelif-tirent-leur-reverence\/"},"author":{"name":"admin","@id":"https:\/\/lasentinelle.dz\/#\/schema\/person\/729ee0024f24e0b8c5ec17232f8e8b41"},"headline":"EN Dames: Na\u00efma Bouhani et Lina Khelif tirent leur r\u00e9v\u00e9rence","datePublished":"2025-07-22T11:11:18+00:00","dateModified":"2025-07-22T11:11:19+00:00","mainEntityOfPage":{"@id":"https:\/\/lasentinelle.dz\/index.php\/2025\/07\/22\/en-dames-naima-bouhani-et-lina-khelif-tirent-leur-reverence\/"},"wordCount":869,"commentCount":0,"publisher":{"@id":"https:\/\/lasentinelle.dz\/#organization"},"image":{"@id":"https:\/\/lasentinelle.dz\/index.php\/2025\/07\/22\/en-dames-naima-bouhani-et-lina-khelif-tirent-leur-reverence\/#primaryimage"},"thumbnailUrl":"https:\/\/lasentinelle.dz\/wp-content\/uploads\/2025\/07\/dames-6.jpg","articleSection":["Sports"],"inLanguage":"fr-FR","potentialAction":[{"@type":"CommentAction","name":"Comment","target":["https:\/\/lasentinelle.dz\/index.php\/2025\/07\/22\/en-dames-naima-bouhani-et-lina-khelif-tirent-leur-reverence\/#respond"]}]},{"@type":"WebPage","@id":"https:\/\/lasentinelle.dz\/index.php\/2025\/07\/22\/en-dames-naima-bouhani-et-lina-khelif-tirent-leur-reverence\/","url":"https:\/\/lasentinelle.dz\/index.php\/2025\/07\/22\/en-dames-naima-bouhani-et-lina-khelif-tirent-leur-reverence\/","name":"EN Dames: Na\u00efma Bouhani et Lina Khelif tirent leur r\u00e9v\u00e9rence - La Sentinelle","isPartOf":{"@id":"https:\/\/lasentinelle.dz\/#website"},"primaryImageOfPage":{"@id":"https:\/\/lasentinelle.dz\/index.php\/2025\/07\/22\/en-dames-naima-bouhani-et-lina-khelif-tirent-leur-reverence\/#primaryimage"},"image":{"@id":"https:\/\/lasentinelle.dz\/index.php\/2025\/07\/22\/en-dames-naima-bouhani-et-lina-khelif-tirent-leur-reverence\/#primaryimage"},"thumbnailUrl":"https:\/\/lasentinelle.dz\/wp-content\/uploads\/2025\/07\/dames-6.jpg","datePublished":"2025-07-22T11:11:18+00:00","dateModified":"2025-07-22T11:11:19+00:00","breadcrumb":{"@id":"https:\/\/lasentinelle.dz\/index.php\/2025\/07\/22\/en-dames-naima-bouhani-et-lina-khelif-tirent-leur-reverence\/#breadcrumb"},"inLanguage":"fr-FR","potentialAction":[{"@type":"ReadAction","target":["https:\/\/lasentinelle.dz\/index.php\/2025\/07\/22\/en-dames-naima-bouhani-et-lina-khelif-tirent-leur-reverence\/"]}]},{"@type":"ImageObject","inLanguage":"fr-FR","@id":"https:\/\/lasentinelle.dz\/index.php\/2025\/07\/22\/en-dames-naima-bouhani-et-lina-khelif-tirent-leur-reverence\/#primaryimage","url":"https:\/\/lasentinelle.dz\/wp-content\/uploads\/2025\/07\/dames-6.jpg","contentUrl":"https:\/\/lasentinelle.dz\/wp-content\/uploads\/2025\/07\/dames-6.jpg","width":1920,"height":1080},{"@type":"BreadcrumbList","@id":"https:\/\/lasentinelle.dz\/index.php\/2025\/07\/22\/en-dames-naima-bouhani-et-lina-khelif-tirent-leur-reverence\/#breadcrumb","itemListElement":[{"@type":"ListItem","position":1,"name":"Accueil","item":"https:\/\/lasentinelle.dz\/"},{"@type":"ListItem","position":2,"name":"EN Dames: Na\u00efma Bouhani et Lina Khelif tirent leur r\u00e9v\u00e9rence"}]},{"@type":"WebSite","@id":"https:\/\/lasentinelle.dz\/#website","url":"https:\/\/lasentinelle.dz\/","name":"La Sentinelle","description":"Quotidien national d&#039;information","publisher":{"@id":"https:\/\/lasentinelle.dz\/#organization"},"potentialAction":[{"@type":"SearchAction","target":{"@type":"EntryPoint","urlTemplate":"https:\/\/lasentinelle.dz\/?s={search_term_string}"},"query-input":{"@type":"PropertyValueSpecification","valueRequired":true,"valueName":"search_term_string"}}],"inLanguage":"fr-FR"},{"@type":"Organization","@id":"https:\/\/lasentinelle.dz\/#organization","name":"Quotidien La Sentinelle","url":"https:\/\/lasentinelle.dz\/","logo":{"@type":"ImageObject","inLanguage":"fr-FR","@id":"https:\/\/lasentinelle.dz\/#\/schema\/logo\/image\/","url":"https:\/\/lasentinelle.dz\/wp-content\/uploads\/2021\/09\/logo-sentinelleSLOGAN-1.png","contentUrl":"https:\/\/lasentinelle.dz\/wp-content\/uploads\/2021\/09\/logo-sentinelleSLOGAN-1.png","width":615,"height":142,"caption":"Quotidien La Sentinelle"},"image":{"@id":"https:\/\/lasentinelle.dz\/#\/schema\/logo\/image\/"},"sameAs":["https:\/\/www.facebook.com\/La-Sentinelle-104059864394773"]},{"@type":"Person","@id":"https:\/\/lasentinelle.dz\/#\/schema\/person\/729ee0024f24e0b8c5ec17232f8e8b41","name":"admin","image":{"@type":"ImageObject","inLanguage":"fr-FR","@id":"https:\/\/secure.gravatar.com\/avatar\/4c81fed838786e9b53f540bf46533e750f5d292099ae3b66cfc6fb1982e29df7?s=96&d=mm&r=g","url":"https:\/\/secure.gravatar.com\/avatar\/4c81fed838786e9b53f540bf46533e750f5d292099ae3b66cfc6fb1982e29df7?s=96&d=mm&r=g","contentUrl":"https:\/\/secure.gravatar.com\/avatar\/4c81fed838786e9b53f540bf46533e750f5d292099ae3b66cfc6fb1982e29df7?s=96&d=mm&r=g","caption":"admin"},"description":"admin","url":"https:\/\/lasentinelle.dz\/author\/admin\/"}]}},"_links":{"self":[{"href":"https:\/\/lasentinelle.dz\/index.php\/wp-json\/wp\/v2\/posts\/70716","targetHints":{"allow":["GET"]}}],"collection":[{"href":"https:\/\/lasentinelle.dz\/index.php\/wp-json\/wp\/v2\/posts"}],"about":[{"href":"https:\/\/lasentinelle.dz\/index.php\/wp-json\/wp\/v2\/types\/post"}],"author":[{"embeddable":true,"href":"https:\/\/lasentinelle.dz\/index.php\/wp-json\/wp\/v2\/users\/6"}],"replies":[{"embeddable":true,"href":"https:\/\/lasentinelle.dz\/index.php\/wp-json\/wp\/v2\/comments?post=70716"}],"version-history":[{"count":1,"href":"https:\/\/lasentinelle.dz\/index.php\/wp-json\/wp\/v2\/posts\/70716\/revisions"}],"predecessor-version":[{"id":70718,"href":"https:\/\/lasentinelle.dz\/index.php\/wp-json\/wp\/v2\/posts\/70716\/revisions\/70718"}],"wp:featuredmedia":[{"embeddable":true,"href":"https:\/\/lasentinelle.dz\/index.php\/wp-json\/wp\/v2\/media\/70717"}],"wp:attachment":[{"href":"https:\/\/lasentinelle.dz\/index.php\/wp-json\/wp\/v2\/media?parent=70716"}],"wp:term":[{"taxonomy":"category","embeddable":true,"href":"https:\/\/lasentinelle.dz\/index.php\/wp-json\/wp\/v2\/categories?post=70716"},{"taxonomy":"post_tag","embeddable":true,"href":"https:\/\/lasentinelle.dz\/index.php\/wp-json\/wp\/v2\/tags?post=70716"}],"curies":[{"name":"wp","href":"https:\/\/api.w.org\/{rel}","templated":true}]}}