{"id":70719,"date":"2025-07-22T12:12:18","date_gmt":"2025-07-22T11:12:18","guid":{"rendered":"https:\/\/lasentinelle.dz\/?p=70719"},"modified":"2025-07-22T12:12:19","modified_gmt":"2025-07-22T11:12:19","slug":"ligue-1-mobilis-le-mercato-estival-sintensifie-bat-son-plein","status":"publish","type":"post","link":"https:\/\/lasentinelle.dz\/index.php\/2025\/07\/22\/ligue-1-mobilis-le-mercato-estival-sintensifie-bat-son-plein\/","title":{"rendered":"Ligue 1 Mobilis : Le mercato estival s&rsquo;intensifie bat son plein"},"content":{"rendered":"\n<p>Le march\u00e9 des transferts bat son plein en Ligue 1 Mobilis avec plusieurs op\u00e9rations. L&rsquo;ES S\u00e9tif continue de structurer son projet sportif en s&rsquo;attachant les services d&rsquo;Oussama Daibeche, milieu offensif de 26 ans lib\u00e9r\u00e9 par le CR Belouizdad. Cette quatri\u00e8me recrue estivale t\u00e9moigne de la volont\u00e9 de l&rsquo;Entente de se renforcer significativement apr\u00e8s une saison d\u00e9cevante sold\u00e9e par une cinqui\u00e8me place au classement g\u00e9n\u00e9ral. Daibeche, qui n&rsquo;avait pas r\u00e9ussi \u00e0 s&rsquo;imposer dans le dispositif de l&rsquo;entra\u00eeneur allemand Sead Ramovic au CRB depuis son arriv\u00e9e en 2024 en provenance de l&rsquo;ES Mostaganem, retrouve une nouvelle opportunit\u00e9 de relancer sa carri\u00e8re dans l&rsquo;un des clubs les plus ambitieux du championnat. Son profil de cr\u00e9ateur pourrait apporter la dimension offensive qui avait parfois manqu\u00e9 aux co\u00e9quipiers d&rsquo;Akram Djahnit l&rsquo;an pass\u00e9. Cette signature s&rsquo;inscrit dans une politique de recrutement ambitieuse men\u00e9e par la direction s\u00e9tifienne, qui a d\u00e9j\u00e0 accueilli le milieu offensif Issad Lakdja en provenance du Safa SC libanais, ainsi que les d\u00e9fenseurs Lahcene Bouziane, anciennement \u00e0 l&rsquo;USMH, et Kamel Hamidi, qui \u00e9voluait pr\u00e9c\u00e9demment au MCA. Le processus de restructuration ne s&rsquo;arr\u00eate pas l\u00e0 puisque l&rsquo;ESS pr\u00e9voit l&rsquo;arriv\u00e9e de trois joueurs \u00e9trangers dans les prochains jours, signal fort de ses ambitions retrouv\u00e9es pour la nouvelle saison. Cette politique volontariste s&rsquo;accompagne d&rsquo;un grand m\u00e9nage dans l&rsquo;effectif avec pas moins de douze lib\u00e9rations d\u00e9j\u00e0 act\u00e9es, d\u00e9montrant la volont\u00e9 de l&rsquo;entra\u00eeneur allemand Antoine Hey, r\u00e9cemment nomm\u00e9 en remplacement du Tunisien Nabil Kouki, d&rsquo;imprimer sa philosophie de jeu. L&rsquo;\u00e9quipe a d&rsquo;ailleurs repris le chemin de l&rsquo;entra\u00eenement samedi au stade du 8-mai 1945 sous la direction de son nouveau coach, d\u00e9termin\u00e9 \u00e0 effacer la d\u00e9ception de l&rsquo;exercice pr\u00e9c\u00e9dent qui avait vu l&rsquo;Entente \u00e9chouer dans sa qu\u00eate de qualification continentale malgr\u00e9 ses 41 points r\u00e9colt\u00e9s. Parall\u00e8lement, l&rsquo;Olympique Akbou vit une situation diff\u00e9rente avec le d\u00e9part de Mohamed Bouhalfaya, lat\u00e9ral gauche de 20 ans dont le contrat, initialement valable jusqu&rsquo;en 2027, a \u00e9t\u00e9 r\u00e9sili\u00e9 \u00e0 l&rsquo;amiable. Cette s\u00e9paration, pr\u00e9sent\u00e9e comme le fruit de \u00ab\u00a0discussions constructives\u00a0\u00bb entre les deux parties, intervient apr\u00e8s une saison o\u00f9 le jeune d\u00e9fenseur avait disput\u00e9 27 matches pour un total de 578 minutes de jeu toutes comp\u00e9titions confondues. La direction du club de la Soummam a tenu \u00e0 saluer l&rsquo;engagement du joueur tout en lui souhaitant une pleine r\u00e9ussite dans la suite de sa carri\u00e8re. Cette r\u00e9siliation t\u00e9moigne des difficult\u00e9s parfois rencontr\u00e9es par les jeunes talents pour s&rsquo;\u00e9panouir pleinement au sein de clubs en qu\u00eate de r\u00e9sultats imm\u00e9diats.<\/p>\n\n\n\n<p>M.D.<\/p>\n","protected":false},"excerpt":{"rendered":"<p>Le march\u00e9 des transferts bat son plein en Ligue 1 Mobilis avec plusieurs op\u00e9rations. L&rsquo;ES S\u00e9tif continue de structurer son<\/p>\n","protected":false},"author":6,"featured_media":67611,"comment_status":"open","ping_status":"closed","sticky":false,"template":"","format":"standard","meta":{"colormag_page_container_layout":"default_layout","colormag_page_sidebar_layout":"default_layout","om_disable_all_campaigns":false,"_monsterinsights_skip_tracking":false,"_monsterinsights_sitenote_active":false,"_monsterinsights_sitenote_note":"","_monsterinsights_sitenote_category":0,"footnotes":"","_wpscppro_dont_share_socialmedia":false,"_wpscppro_custom_social_share_image":0,"_facebook_share_type":"default","_twitter_share_type":"default","_linkedin_share_type":"default","_pinterest_share_type":"default","_linkedin_share_type_page":"","_instagram_share_type":"default","_medium_share_type":"default","_threads_share_type":"","_google_business_share_type":"","_selected_social_profile":[],"_wpsp_enable_custom_social_template":false,"_wpsp_social_scheduling":{"enabled":false,"datetime":null,"platforms":[],"status":"template_only","dateOption":"today","timeOption":"now","customDays":"","customHours":"","customDate":"","customTime":"","schedulingType":"absolute"},"_wpsp_active_default_template":true},"categories":[33],"tags":[],"class_list":["post-70719","post","type-post","status-publish","format-standard","has-post-thumbnail","hentry","category-sports"],"aioseo_notices":[],"yoast_head":"<!-- This site is optimized with the Yoast SEO plugin v27.5 - https:\/\/yoast.com\/product\/yoast-seo-wordpress\/ -->\n<title>Ligue 1 Mobilis : Le mercato estival s&rsquo;intensifie bat son plein - La Sentinelle<\/title>\n<meta name=\"robots\" content=\"index, follow, max-snippet:-1, max-image-preview:large, max-video-preview:-1\" \/>\n<link rel=\"canonical\" href=\"https:\/\/lasentinelle.dz\/index.php\/2025\/07\/22\/ligue-1-mobilis-le-mercato-estival-sintensifie-bat-son-plein\/\" \/>\n<meta property=\"og:locale\" content=\"fr_FR\" \/>\n<meta property=\"og:type\" content=\"article\" \/>\n<meta property=\"og:title\" content=\"Ligue 1 Mobilis : Le mercato estival s&rsquo;intensifie bat son plein - La Sentinelle\" \/>\n<meta property=\"og:description\" content=\"Le march\u00e9 des transferts bat son plein en Ligue 1 Mobilis avec plusieurs op\u00e9rations. L&rsquo;ES S\u00e9tif continue de structurer son\" \/>\n<meta property=\"og:url\" content=\"https:\/\/lasentinelle.dz\/index.php\/2025\/07\/22\/ligue-1-mobilis-le-mercato-estival-sintensifie-bat-son-plein\/\" \/>\n<meta property=\"og:site_name\" content=\"La Sentinelle\" \/>\n<meta property=\"article:publisher\" content=\"https:\/\/www.facebook.com\/La-Sentinelle-104059864394773\" \/>\n<meta property=\"article:published_time\" content=\"2025-07-22T11:12:18+00:00\" \/>\n<meta property=\"article:modified_time\" content=\"2025-07-22T11:12:19+00:00\" \/>\n<meta property=\"og:image\" content=\"https:\/\/lasentinelle.dz\/wp-content\/uploads\/2025\/05\/Ligue-1.jpeg\" \/>\n\t<meta property=\"og:image:width\" content=\"1280\" \/>\n\t<meta property=\"og:image:height\" content=\"720\" \/>\n\t<meta property=\"og:image:type\" content=\"image\/jpeg\" \/>\n<meta name=\"author\" content=\"admin\" \/>\n<meta name=\"twitter:card\" content=\"summary_large_image\" \/>\n<meta name=\"twitter:label1\" content=\"\u00c9crit par\" \/>\n\t<meta name=\"twitter:data1\" content=\"admin\" \/>\n\t<meta name=\"twitter:label2\" content=\"Dur\u00e9e de lecture estim\u00e9e\" \/>\n\t<meta name=\"twitter:data2\" content=\"3 minutes\" \/>\n<script type=\"application\/ld+json\" class=\"yoast-schema-graph\">{\"@context\":\"https:\\\/\\\/schema.org\",\"@graph\":[{\"@type\":\"Article\",\"@id\":\"https:\\\/\\\/lasentinelle.dz\\\/index.php\\\/2025\\\/07\\\/22\\\/ligue-1-mobilis-le-mercato-estival-sintensifie-bat-son-plein\\\/#article\",\"isPartOf\":{\"@id\":\"https:\\\/\\\/lasentinelle.dz\\\/index.php\\\/2025\\\/07\\\/22\\\/ligue-1-mobilis-le-mercato-estival-sintensifie-bat-son-plein\\\/\"},\"author\":{\"name\":\"admin\",\"@id\":\"https:\\\/\\\/lasentinelle.dz\\\/#\\\/schema\\\/person\\\/729ee0024f24e0b8c5ec17232f8e8b41\"},\"headline\":\"Ligue 1 Mobilis : Le mercato estival s&rsquo;intensifie bat son plein\",\"datePublished\":\"2025-07-22T11:12:18+00:00\",\"dateModified\":\"2025-07-22T11:12:19+00:00\",\"mainEntityOfPage\":{\"@id\":\"https:\\\/\\\/lasentinelle.dz\\\/index.php\\\/2025\\\/07\\\/22\\\/ligue-1-mobilis-le-mercato-estival-sintensifie-bat-son-plein\\\/\"},\"wordCount\":494,\"commentCount\":0,\"publisher\":{\"@id\":\"https:\\\/\\\/lasentinelle.dz\\\/#organization\"},\"image\":{\"@id\":\"https:\\\/\\\/lasentinelle.dz\\\/index.php\\\/2025\\\/07\\\/22\\\/ligue-1-mobilis-le-mercato-estival-sintensifie-bat-son-plein\\\/#primaryimage\"},\"thumbnailUrl\":\"https:\\\/\\\/lasentinelle.dz\\\/wp-content\\\/uploads\\\/2025\\\/05\\\/Ligue-1.jpeg\",\"articleSection\":[\"Sports\"],\"inLanguage\":\"fr-FR\",\"potentialAction\":[{\"@type\":\"CommentAction\",\"name\":\"Comment\",\"target\":[\"https:\\\/\\\/lasentinelle.dz\\\/index.php\\\/2025\\\/07\\\/22\\\/ligue-1-mobilis-le-mercato-estival-sintensifie-bat-son-plein\\\/#respond\"]}]},{\"@type\":\"WebPage\",\"@id\":\"https:\\\/\\\/lasentinelle.dz\\\/index.php\\\/2025\\\/07\\\/22\\\/ligue-1-mobilis-le-mercato-estival-sintensifie-bat-son-plein\\\/\",\"url\":\"https:\\\/\\\/lasentinelle.dz\\\/index.php\\\/2025\\\/07\\\/22\\\/ligue-1-mobilis-le-mercato-estival-sintensifie-bat-son-plein\\\/\",\"name\":\"Ligue 1 Mobilis : Le mercato estival s&rsquo;intensifie bat son plein - La Sentinelle\",\"isPartOf\":{\"@id\":\"https:\\\/\\\/lasentinelle.dz\\\/#website\"},\"primaryImageOfPage\":{\"@id\":\"https:\\\/\\\/lasentinelle.dz\\\/index.php\\\/2025\\\/07\\\/22\\\/ligue-1-mobilis-le-mercato-estival-sintensifie-bat-son-plein\\\/#primaryimage\"},\"image\":{\"@id\":\"https:\\\/\\\/lasentinelle.dz\\\/index.php\\\/2025\\\/07\\\/22\\\/ligue-1-mobilis-le-mercato-estival-sintensifie-bat-son-plein\\\/#primaryimage\"},\"thumbnailUrl\":\"https:\\\/\\\/lasentinelle.dz\\\/wp-content\\\/uploads\\\/2025\\\/05\\\/Ligue-1.jpeg\",\"datePublished\":\"2025-07-22T11:12:18+00:00\",\"dateModified\":\"2025-07-22T11:12:19+00:00\",\"breadcrumb\":{\"@id\":\"https:\\\/\\\/lasentinelle.dz\\\/index.php\\\/2025\\\/07\\\/22\\\/ligue-1-mobilis-le-mercato-estival-sintensifie-bat-son-plein\\\/#breadcrumb\"},\"inLanguage\":\"fr-FR\",\"potentialAction\":[{\"@type\":\"ReadAction\",\"target\":[\"https:\\\/\\\/lasentinelle.dz\\\/index.php\\\/2025\\\/07\\\/22\\\/ligue-1-mobilis-le-mercato-estival-sintensifie-bat-son-plein\\\/\"]}]},{\"@type\":\"ImageObject\",\"inLanguage\":\"fr-FR\",\"@id\":\"https:\\\/\\\/lasentinelle.dz\\\/index.php\\\/2025\\\/07\\\/22\\\/ligue-1-mobilis-le-mercato-estival-sintensifie-bat-son-plein\\\/#primaryimage\",\"url\":\"https:\\\/\\\/lasentinelle.dz\\\/wp-content\\\/uploads\\\/2025\\\/05\\\/Ligue-1.jpeg\",\"contentUrl\":\"https:\\\/\\\/lasentinelle.dz\\\/wp-content\\\/uploads\\\/2025\\\/05\\\/Ligue-1.jpeg\",\"width\":1280,\"height\":720},{\"@type\":\"BreadcrumbList\",\"@id\":\"https:\\\/\\\/lasentinelle.dz\\\/index.php\\\/2025\\\/07\\\/22\\\/ligue-1-mobilis-le-mercato-estival-sintensifie-bat-son-plein\\\/#breadcrumb\",\"itemListElement\":[{\"@type\":\"ListItem\",\"position\":1,\"name\":\"Accueil\",\"item\":\"https:\\\/\\\/lasentinelle.dz\\\/\"},{\"@type\":\"ListItem\",\"position\":2,\"name\":\"Ligue 1 Mobilis : Le mercato estival s&rsquo;intensifie bat son plein\"}]},{\"@type\":\"WebSite\",\"@id\":\"https:\\\/\\\/lasentinelle.dz\\\/#website\",\"url\":\"https:\\\/\\\/lasentinelle.dz\\\/\",\"name\":\"La Sentinelle\",\"description\":\"Quotidien national d&#039;information\",\"publisher\":{\"@id\":\"https:\\\/\\\/lasentinelle.dz\\\/#organization\"},\"potentialAction\":[{\"@type\":\"SearchAction\",\"target\":{\"@type\":\"EntryPoint\",\"urlTemplate\":\"https:\\\/\\\/lasentinelle.dz\\\/?s={search_term_string}\"},\"query-input\":{\"@type\":\"PropertyValueSpecification\",\"valueRequired\":true,\"valueName\":\"search_term_string\"}}],\"inLanguage\":\"fr-FR\"},{\"@type\":\"Organization\",\"@id\":\"https:\\\/\\\/lasentinelle.dz\\\/#organization\",\"name\":\"Quotidien La Sentinelle\",\"url\":\"https:\\\/\\\/lasentinelle.dz\\\/\",\"logo\":{\"@type\":\"ImageObject\",\"inLanguage\":\"fr-FR\",\"@id\":\"https:\\\/\\\/lasentinelle.dz\\\/#\\\/schema\\\/logo\\\/image\\\/\",\"url\":\"https:\\\/\\\/lasentinelle.dz\\\/wp-content\\\/uploads\\\/2021\\\/09\\\/logo-sentinelleSLOGAN-1.png\",\"contentUrl\":\"https:\\\/\\\/lasentinelle.dz\\\/wp-content\\\/uploads\\\/2021\\\/09\\\/logo-sentinelleSLOGAN-1.png\",\"width\":615,\"height\":142,\"caption\":\"Quotidien La Sentinelle\"},\"image\":{\"@id\":\"https:\\\/\\\/lasentinelle.dz\\\/#\\\/schema\\\/logo\\\/image\\\/\"},\"sameAs\":[\"https:\\\/\\\/www.facebook.com\\\/La-Sentinelle-104059864394773\"]},{\"@type\":\"Person\",\"@id\":\"https:\\\/\\\/lasentinelle.dz\\\/#\\\/schema\\\/person\\\/729ee0024f24e0b8c5ec17232f8e8b41\",\"name\":\"admin\",\"image\":{\"@type\":\"ImageObject\",\"inLanguage\":\"fr-FR\",\"@id\":\"https:\\\/\\\/secure.gravatar.com\\\/avatar\\\/4c81fed838786e9b53f540bf46533e750f5d292099ae3b66cfc6fb1982e29df7?s=96&d=mm&r=g\",\"url\":\"https:\\\/\\\/secure.gravatar.com\\\/avatar\\\/4c81fed838786e9b53f540bf46533e750f5d292099ae3b66cfc6fb1982e29df7?s=96&d=mm&r=g\",\"contentUrl\":\"https:\\\/\\\/secure.gravatar.com\\\/avatar\\\/4c81fed838786e9b53f540bf46533e750f5d292099ae3b66cfc6fb1982e29df7?s=96&d=mm&r=g\",\"caption\":\"admin\"},\"description\":\"admin\",\"url\":\"https:\\\/\\\/lasentinelle.dz\\\/author\\\/admin\\\/\"}]}<\/script>\n<!-- \/ Yoast SEO plugin. -->","yoast_head_json":{"title":"Ligue 1 Mobilis : Le mercato estival s&rsquo;intensifie bat son plein - La Sentinelle","robots":{"index":"index","follow":"follow","max-snippet":"max-snippet:-1","max-image-preview":"max-image-preview:large","max-video-preview":"max-video-preview:-1"},"canonical":"https:\/\/lasentinelle.dz\/index.php\/2025\/07\/22\/ligue-1-mobilis-le-mercato-estival-sintensifie-bat-son-plein\/","og_locale":"fr_FR","og_type":"article","og_title":"Ligue 1 Mobilis : Le mercato estival s&rsquo;intensifie bat son plein - La Sentinelle","og_description":"Le march\u00e9 des transferts bat son plein en Ligue 1 Mobilis avec plusieurs op\u00e9rations. L&rsquo;ES S\u00e9tif continue de structurer son","og_url":"https:\/\/lasentinelle.dz\/index.php\/2025\/07\/22\/ligue-1-mobilis-le-mercato-estival-sintensifie-bat-son-plein\/","og_site_name":"La Sentinelle","article_publisher":"https:\/\/www.facebook.com\/La-Sentinelle-104059864394773","article_published_time":"2025-07-22T11:12:18+00:00","article_modified_time":"2025-07-22T11:12:19+00:00","og_image":[{"width":1280,"height":720,"url":"https:\/\/lasentinelle.dz\/wp-content\/uploads\/2025\/05\/Ligue-1.jpeg","type":"image\/jpeg"}],"author":"admin","twitter_card":"summary_large_image","twitter_misc":{"\u00c9crit par":"admin","Dur\u00e9e de lecture estim\u00e9e":"3 minutes"},"schema":{"@context":"https:\/\/schema.org","@graph":[{"@type":"Article","@id":"https:\/\/lasentinelle.dz\/index.php\/2025\/07\/22\/ligue-1-mobilis-le-mercato-estival-sintensifie-bat-son-plein\/#article","isPartOf":{"@id":"https:\/\/lasentinelle.dz\/index.php\/2025\/07\/22\/ligue-1-mobilis-le-mercato-estival-sintensifie-bat-son-plein\/"},"author":{"name":"admin","@id":"https:\/\/lasentinelle.dz\/#\/schema\/person\/729ee0024f24e0b8c5ec17232f8e8b41"},"headline":"Ligue 1 Mobilis : Le mercato estival s&rsquo;intensifie bat son plein","datePublished":"2025-07-22T11:12:18+00:00","dateModified":"2025-07-22T11:12:19+00:00","mainEntityOfPage":{"@id":"https:\/\/lasentinelle.dz\/index.php\/2025\/07\/22\/ligue-1-mobilis-le-mercato-estival-sintensifie-bat-son-plein\/"},"wordCount":494,"commentCount":0,"publisher":{"@id":"https:\/\/lasentinelle.dz\/#organization"},"image":{"@id":"https:\/\/lasentinelle.dz\/index.php\/2025\/07\/22\/ligue-1-mobilis-le-mercato-estival-sintensifie-bat-son-plein\/#primaryimage"},"thumbnailUrl":"https:\/\/lasentinelle.dz\/wp-content\/uploads\/2025\/05\/Ligue-1.jpeg","articleSection":["Sports"],"inLanguage":"fr-FR","potentialAction":[{"@type":"CommentAction","name":"Comment","target":["https:\/\/lasentinelle.dz\/index.php\/2025\/07\/22\/ligue-1-mobilis-le-mercato-estival-sintensifie-bat-son-plein\/#respond"]}]},{"@type":"WebPage","@id":"https:\/\/lasentinelle.dz\/index.php\/2025\/07\/22\/ligue-1-mobilis-le-mercato-estival-sintensifie-bat-son-plein\/","url":"https:\/\/lasentinelle.dz\/index.php\/2025\/07\/22\/ligue-1-mobilis-le-mercato-estival-sintensifie-bat-son-plein\/","name":"Ligue 1 Mobilis : Le mercato estival s&rsquo;intensifie bat son plein - La Sentinelle","isPartOf":{"@id":"https:\/\/lasentinelle.dz\/#website"},"primaryImageOfPage":{"@id":"https:\/\/lasentinelle.dz\/index.php\/2025\/07\/22\/ligue-1-mobilis-le-mercato-estival-sintensifie-bat-son-plein\/#primaryimage"},"image":{"@id":"https:\/\/lasentinelle.dz\/index.php\/2025\/07\/22\/ligue-1-mobilis-le-mercato-estival-sintensifie-bat-son-plein\/#primaryimage"},"thumbnailUrl":"https:\/\/lasentinelle.dz\/wp-content\/uploads\/2025\/05\/Ligue-1.jpeg","datePublished":"2025-07-22T11:12:18+00:00","dateModified":"2025-07-22T11:12:19+00:00","breadcrumb":{"@id":"https:\/\/lasentinelle.dz\/index.php\/2025\/07\/22\/ligue-1-mobilis-le-mercato-estival-sintensifie-bat-son-plein\/#breadcrumb"},"inLanguage":"fr-FR","potentialAction":[{"@type":"ReadAction","target":["https:\/\/lasentinelle.dz\/index.php\/2025\/07\/22\/ligue-1-mobilis-le-mercato-estival-sintensifie-bat-son-plein\/"]}]},{"@type":"ImageObject","inLanguage":"fr-FR","@id":"https:\/\/lasentinelle.dz\/index.php\/2025\/07\/22\/ligue-1-mobilis-le-mercato-estival-sintensifie-bat-son-plein\/#primaryimage","url":"https:\/\/lasentinelle.dz\/wp-content\/uploads\/2025\/05\/Ligue-1.jpeg","contentUrl":"https:\/\/lasentinelle.dz\/wp-content\/uploads\/2025\/05\/Ligue-1.jpeg","width":1280,"height":720},{"@type":"BreadcrumbList","@id":"https:\/\/lasentinelle.dz\/index.php\/2025\/07\/22\/ligue-1-mobilis-le-mercato-estival-sintensifie-bat-son-plein\/#breadcrumb","itemListElement":[{"@type":"ListItem","position":1,"name":"Accueil","item":"https:\/\/lasentinelle.dz\/"},{"@type":"ListItem","position":2,"name":"Ligue 1 Mobilis : Le mercato estival s&rsquo;intensifie bat son plein"}]},{"@type":"WebSite","@id":"https:\/\/lasentinelle.dz\/#website","url":"https:\/\/lasentinelle.dz\/","name":"La Sentinelle","description":"Quotidien national d&#039;information","publisher":{"@id":"https:\/\/lasentinelle.dz\/#organization"},"potentialAction":[{"@type":"SearchAction","target":{"@type":"EntryPoint","urlTemplate":"https:\/\/lasentinelle.dz\/?s={search_term_string}"},"query-input":{"@type":"PropertyValueSpecification","valueRequired":true,"valueName":"search_term_string"}}],"inLanguage":"fr-FR"},{"@type":"Organization","@id":"https:\/\/lasentinelle.dz\/#organization","name":"Quotidien La Sentinelle","url":"https:\/\/lasentinelle.dz\/","logo":{"@type":"ImageObject","inLanguage":"fr-FR","@id":"https:\/\/lasentinelle.dz\/#\/schema\/logo\/image\/","url":"https:\/\/lasentinelle.dz\/wp-content\/uploads\/2021\/09\/logo-sentinelleSLOGAN-1.png","contentUrl":"https:\/\/lasentinelle.dz\/wp-content\/uploads\/2021\/09\/logo-sentinelleSLOGAN-1.png","width":615,"height":142,"caption":"Quotidien La Sentinelle"},"image":{"@id":"https:\/\/lasentinelle.dz\/#\/schema\/logo\/image\/"},"sameAs":["https:\/\/www.facebook.com\/La-Sentinelle-104059864394773"]},{"@type":"Person","@id":"https:\/\/lasentinelle.dz\/#\/schema\/person\/729ee0024f24e0b8c5ec17232f8e8b41","name":"admin","image":{"@type":"ImageObject","inLanguage":"fr-FR","@id":"https:\/\/secure.gravatar.com\/avatar\/4c81fed838786e9b53f540bf46533e750f5d292099ae3b66cfc6fb1982e29df7?s=96&d=mm&r=g","url":"https:\/\/secure.gravatar.com\/avatar\/4c81fed838786e9b53f540bf46533e750f5d292099ae3b66cfc6fb1982e29df7?s=96&d=mm&r=g","contentUrl":"https:\/\/secure.gravatar.com\/avatar\/4c81fed838786e9b53f540bf46533e750f5d292099ae3b66cfc6fb1982e29df7?s=96&d=mm&r=g","caption":"admin"},"description":"admin","url":"https:\/\/lasentinelle.dz\/author\/admin\/"}]}},"_links":{"self":[{"href":"https:\/\/lasentinelle.dz\/index.php\/wp-json\/wp\/v2\/posts\/70719","targetHints":{"allow":["GET"]}}],"collection":[{"href":"https:\/\/lasentinelle.dz\/index.php\/wp-json\/wp\/v2\/posts"}],"about":[{"href":"https:\/\/lasentinelle.dz\/index.php\/wp-json\/wp\/v2\/types\/post"}],"author":[{"embeddable":true,"href":"https:\/\/lasentinelle.dz\/index.php\/wp-json\/wp\/v2\/users\/6"}],"replies":[{"embeddable":true,"href":"https:\/\/lasentinelle.dz\/index.php\/wp-json\/wp\/v2\/comments?post=70719"}],"version-history":[{"count":2,"href":"https:\/\/lasentinelle.dz\/index.php\/wp-json\/wp\/v2\/posts\/70719\/revisions"}],"predecessor-version":[{"id":70721,"href":"https:\/\/lasentinelle.dz\/index.php\/wp-json\/wp\/v2\/posts\/70719\/revisions\/70721"}],"wp:featuredmedia":[{"embeddable":true,"href":"https:\/\/lasentinelle.dz\/index.php\/wp-json\/wp\/v2\/media\/67611"}],"wp:attachment":[{"href":"https:\/\/lasentinelle.dz\/index.php\/wp-json\/wp\/v2\/media?parent=70719"}],"wp:term":[{"taxonomy":"category","embeddable":true,"href":"https:\/\/lasentinelle.dz\/index.php\/wp-json\/wp\/v2\/categories?post=70719"},{"taxonomy":"post_tag","embeddable":true,"href":"https:\/\/lasentinelle.dz\/index.php\/wp-json\/wp\/v2\/tags?post=70719"}],"curies":[{"name":"wp","href":"https:\/\/api.w.org\/{rel}","templated":true}]}}