{"id":70722,"date":"2025-07-22T12:12:56","date_gmt":"2025-07-22T11:12:56","guid":{"rendered":"https:\/\/lasentinelle.dz\/?p=70722"},"modified":"2025-07-22T12:12:57","modified_gmt":"2025-07-22T11:12:57","slug":"coupe-dalgerie-2025-2026-la-faf-devoile-le-calendrier-complet","status":"publish","type":"post","link":"https:\/\/lasentinelle.dz\/index.php\/2025\/07\/22\/coupe-dalgerie-2025-2026-la-faf-devoile-le-calendrier-complet\/","title":{"rendered":"Coupe d&rsquo;Alg\u00e9rie 2025-2026: La FAF d\u00e9voile le calendrier complet"},"content":{"rendered":"\n<p>La F\u00e9d\u00e9ration alg\u00e9rienne de football a officialis\u00e9 lundi le calendrier d\u00e9taill\u00e9 de la Coupe d&rsquo;Alg\u00e9rie saison 2025-2026, fixant l&rsquo;ensemble des dates des phases \u00e9liminatoires r\u00e9gionales et nationales de la plus prestigieuse comp\u00e9tition \u00e0 \u00e9limination directe du football alg\u00e9rien. Cette programmation minutieuse s&rsquo;\u00e9tale sur pr\u00e8s de six mois et concerne l&rsquo;ensemble des clubs du territoire national, des divisions de wilaya jusqu&rsquo;\u00e0 l&rsquo;\u00e9lite professionnelle.<\/p>\n\n\n\n<p>La phase r\u00e9gionale d\u00e9butera d\u00e8s le mois de septembre avec le premier tour programm\u00e9 les 12 et 13 septembre 2025, impliquant les clubs des divisions r\u00e9gionales ainsi que ceux des divisions de wilaya sur base facultative. Le deuxi\u00e8me tour r\u00e9gional suivra imm\u00e9diatement une semaine plus tard les 19 et 20 septembre, rassemblant cette fois obligatoirement l&rsquo;ensemble des clubs des divisions r\u00e9gionales et de wilaya.<\/p>\n\n\n\n<p>L&rsquo;intensit\u00e9 de la comp\u00e9tition montera d&rsquo;un cran lors du troisi\u00e8me tour r\u00e9gional fix\u00e9 aux 10 et 11 octobre 2025 avec l&rsquo;entr\u00e9e en lice des clubs de division inter-r\u00e9gions, formations interm\u00e9diaires dans la hi\u00e9rarchie du football national. Le quatri\u00e8me tour, programm\u00e9 le 21 octobre, marquera une nouvelle \u00e9tape dans cette progression logique vers les phases sup\u00e9rieures. Le cinqui\u00e8me tour pr\u00e9vu le 4 novembre sera particuli\u00e8rement attendu puisqu&rsquo;il verra l&rsquo;entr\u00e9e progressive des clubs de Ligue 2 en fonction des sp\u00e9cificit\u00e9s de chaque ligue r\u00e9gionale, apportant un niveau technique sup\u00e9rieur \u00e0 la comp\u00e9tition.<\/p>\n\n\n\n<p>Le sixi\u00e8me et dernier tour r\u00e9gional du 14 et 15 novembre 2025 constituera l&rsquo;aboutissement de cette premi\u00e8re phase avec la participation g\u00e9n\u00e9rale de tous les clubs de Ligue 2 sur l&rsquo;ensemble du territoire national. Cette \u00e9tape d\u00e9terminante qualifiera les formations qui acc\u00e9deront \u00e0 la phase nationale, moment o\u00f9 la Coupe d&rsquo;Alg\u00e9rie prend une dimension v\u00e9ritablement nationale et m\u00e9diatique.<\/p>\n\n\n\n<p>La phase nationale d\u00e9butera en d\u00e9cembre avec les trente-deuxi\u00e8mes de finale programm\u00e9s les 5 et 6 d\u00e9cembre 2025, marquant l&rsquo;entr\u00e9e des clubs de Ligue 1 professionnelle dans cette \u00e9preuve populaire. Les seizi\u00e8mes de finale suivront rapidement les 12 et 13 d\u00e9cembre, resserrant progressivement le plateau des pr\u00e9tendants au titre. La tr\u00eave hivernale sera mise \u00e0 profit pour pr\u00e9parer les huiti\u00e8mes de finale pr\u00e9vus les 2 et 3 janvier 2026, p\u00e9riode traditionnellement propice aux exploits des formations modestes face aux t\u00e9nors du championnat national.<\/p>\n\n\n\n<p>Les quarts de finale du 6 et 7 f\u00e9vrier 2026 promettent d&rsquo;\u00eatre particuli\u00e8rement spectaculaires avec seulement huit clubs encore en lice pour d\u00e9crocher le pr\u00e9cieux s\u00e9same vers la finale. Les demi-finales des 21 et 22 f\u00e9vrier d\u00e9termineront les deux finalistes qui se disputeront le troph\u00e9e lors d&rsquo;une finale dont la date reste \u00e0 pr\u00e9ciser ult\u00e9rieurement par la F\u00e9d\u00e9ration.<\/p>\n\n\n\n<p>L&rsquo;organisation logistique de cette comp\u00e9tition majeure s&rsquo;appuie sur deux tirages au sort. Le premier, programm\u00e9 le 7 septembre 2025 au niveau des ligues r\u00e9gionales, d\u00e9terminera les confrontations de la phase r\u00e9gionale et permettra aux clubs participants de planifier leur pr\u00e9paration. Le second tirage, pr\u00e9vu le 20 novembre 2025, concernera la phase nationale et adoptera la m\u00eame formule que lors de l&rsquo;\u00e9dition pr\u00e9c\u00e9dente, garantissant l&rsquo;\u00e9quit\u00e9 et l&rsquo;incertitude sportive caract\u00e9ristiques de cette \u00e9preuve \u00e0 \u00e9limination directe.<\/p>\n\n\n\n<p>M.D.<\/p>\n","protected":false},"excerpt":{"rendered":"<p>La F\u00e9d\u00e9ration alg\u00e9rienne de football a officialis\u00e9 lundi le calendrier d\u00e9taill\u00e9 de la Coupe d&rsquo;Alg\u00e9rie saison 2025-2026, fixant l&rsquo;ensemble des<\/p>\n","protected":false},"author":6,"featured_media":62703,"comment_status":"open","ping_status":"closed","sticky":false,"template":"","format":"standard","meta":{"colormag_page_container_layout":"default_layout","colormag_page_sidebar_layout":"default_layout","om_disable_all_campaigns":false,"_monsterinsights_skip_tracking":false,"_monsterinsights_sitenote_active":false,"_monsterinsights_sitenote_note":"","_monsterinsights_sitenote_category":0,"footnotes":"","_wpscppro_dont_share_socialmedia":false,"_wpscppro_custom_social_share_image":0,"_facebook_share_type":"default","_twitter_share_type":"default","_linkedin_share_type":"default","_pinterest_share_type":"default","_linkedin_share_type_page":"","_instagram_share_type":"default","_medium_share_type":"default","_threads_share_type":"","_google_business_share_type":"","_selected_social_profile":[],"_wpsp_enable_custom_social_template":false,"_wpsp_social_scheduling":{"enabled":false,"datetime":null,"platforms":[],"status":"template_only","dateOption":"today","timeOption":"now","customDays":"","customHours":"","customDate":"","customTime":"","schedulingType":"absolute"},"_wpsp_active_default_template":true},"categories":[33],"tags":[],"class_list":["post-70722","post","type-post","status-publish","format-standard","has-post-thumbnail","hentry","category-sports"],"aioseo_notices":[],"yoast_head":"<!-- This site is optimized with the Yoast SEO plugin v27.5 - https:\/\/yoast.com\/product\/yoast-seo-wordpress\/ -->\n<title>Coupe d&rsquo;Alg\u00e9rie 2025-2026: La FAF d\u00e9voile le calendrier complet - La Sentinelle<\/title>\n<meta name=\"robots\" content=\"index, follow, max-snippet:-1, max-image-preview:large, max-video-preview:-1\" \/>\n<link rel=\"canonical\" href=\"https:\/\/lasentinelle.dz\/index.php\/2025\/07\/22\/coupe-dalgerie-2025-2026-la-faf-devoile-le-calendrier-complet\/\" \/>\n<meta property=\"og:locale\" content=\"fr_FR\" \/>\n<meta property=\"og:type\" content=\"article\" \/>\n<meta property=\"og:title\" content=\"Coupe d&rsquo;Alg\u00e9rie 2025-2026: La FAF d\u00e9voile le calendrier complet - La Sentinelle\" \/>\n<meta property=\"og:description\" content=\"La F\u00e9d\u00e9ration alg\u00e9rienne de football a officialis\u00e9 lundi le calendrier d\u00e9taill\u00e9 de la Coupe d&rsquo;Alg\u00e9rie saison 2025-2026, fixant l&rsquo;ensemble des\" \/>\n<meta property=\"og:url\" content=\"https:\/\/lasentinelle.dz\/index.php\/2025\/07\/22\/coupe-dalgerie-2025-2026-la-faf-devoile-le-calendrier-complet\/\" \/>\n<meta property=\"og:site_name\" content=\"La Sentinelle\" \/>\n<meta property=\"article:publisher\" content=\"https:\/\/www.facebook.com\/La-Sentinelle-104059864394773\" \/>\n<meta property=\"article:published_time\" content=\"2025-07-22T11:12:56+00:00\" \/>\n<meta property=\"article:modified_time\" content=\"2025-07-22T11:12:57+00:00\" \/>\n<meta property=\"og:image\" content=\"https:\/\/lasentinelle.dz\/wp-content\/uploads\/2025\/02\/Coupe-dAlgerie-scaled.jpg\" \/>\n\t<meta property=\"og:image:width\" content=\"2560\" \/>\n\t<meta property=\"og:image:height\" content=\"1598\" \/>\n\t<meta property=\"og:image:type\" content=\"image\/jpeg\" \/>\n<meta name=\"author\" content=\"admin\" \/>\n<meta name=\"twitter:card\" content=\"summary_large_image\" \/>\n<meta name=\"twitter:label1\" content=\"\u00c9crit par\" \/>\n\t<meta name=\"twitter:data1\" content=\"admin\" \/>\n\t<meta name=\"twitter:label2\" content=\"Dur\u00e9e de lecture estim\u00e9e\" \/>\n\t<meta name=\"twitter:data2\" content=\"3 minutes\" \/>\n<script type=\"application\/ld+json\" class=\"yoast-schema-graph\">{\"@context\":\"https:\\\/\\\/schema.org\",\"@graph\":[{\"@type\":\"Article\",\"@id\":\"https:\\\/\\\/lasentinelle.dz\\\/index.php\\\/2025\\\/07\\\/22\\\/coupe-dalgerie-2025-2026-la-faf-devoile-le-calendrier-complet\\\/#article\",\"isPartOf\":{\"@id\":\"https:\\\/\\\/lasentinelle.dz\\\/index.php\\\/2025\\\/07\\\/22\\\/coupe-dalgerie-2025-2026-la-faf-devoile-le-calendrier-complet\\\/\"},\"author\":{\"name\":\"admin\",\"@id\":\"https:\\\/\\\/lasentinelle.dz\\\/#\\\/schema\\\/person\\\/729ee0024f24e0b8c5ec17232f8e8b41\"},\"headline\":\"Coupe d&rsquo;Alg\u00e9rie 2025-2026: La FAF d\u00e9voile le calendrier complet\",\"datePublished\":\"2025-07-22T11:12:56+00:00\",\"dateModified\":\"2025-07-22T11:12:57+00:00\",\"mainEntityOfPage\":{\"@id\":\"https:\\\/\\\/lasentinelle.dz\\\/index.php\\\/2025\\\/07\\\/22\\\/coupe-dalgerie-2025-2026-la-faf-devoile-le-calendrier-complet\\\/\"},\"wordCount\":569,\"commentCount\":0,\"publisher\":{\"@id\":\"https:\\\/\\\/lasentinelle.dz\\\/#organization\"},\"image\":{\"@id\":\"https:\\\/\\\/lasentinelle.dz\\\/index.php\\\/2025\\\/07\\\/22\\\/coupe-dalgerie-2025-2026-la-faf-devoile-le-calendrier-complet\\\/#primaryimage\"},\"thumbnailUrl\":\"https:\\\/\\\/lasentinelle.dz\\\/wp-content\\\/uploads\\\/2025\\\/02\\\/Coupe-dAlgerie-scaled.jpg\",\"articleSection\":[\"Sports\"],\"inLanguage\":\"fr-FR\",\"potentialAction\":[{\"@type\":\"CommentAction\",\"name\":\"Comment\",\"target\":[\"https:\\\/\\\/lasentinelle.dz\\\/index.php\\\/2025\\\/07\\\/22\\\/coupe-dalgerie-2025-2026-la-faf-devoile-le-calendrier-complet\\\/#respond\"]}]},{\"@type\":\"WebPage\",\"@id\":\"https:\\\/\\\/lasentinelle.dz\\\/index.php\\\/2025\\\/07\\\/22\\\/coupe-dalgerie-2025-2026-la-faf-devoile-le-calendrier-complet\\\/\",\"url\":\"https:\\\/\\\/lasentinelle.dz\\\/index.php\\\/2025\\\/07\\\/22\\\/coupe-dalgerie-2025-2026-la-faf-devoile-le-calendrier-complet\\\/\",\"name\":\"Coupe d&rsquo;Alg\u00e9rie 2025-2026: La FAF d\u00e9voile le calendrier complet - La Sentinelle\",\"isPartOf\":{\"@id\":\"https:\\\/\\\/lasentinelle.dz\\\/#website\"},\"primaryImageOfPage\":{\"@id\":\"https:\\\/\\\/lasentinelle.dz\\\/index.php\\\/2025\\\/07\\\/22\\\/coupe-dalgerie-2025-2026-la-faf-devoile-le-calendrier-complet\\\/#primaryimage\"},\"image\":{\"@id\":\"https:\\\/\\\/lasentinelle.dz\\\/index.php\\\/2025\\\/07\\\/22\\\/coupe-dalgerie-2025-2026-la-faf-devoile-le-calendrier-complet\\\/#primaryimage\"},\"thumbnailUrl\":\"https:\\\/\\\/lasentinelle.dz\\\/wp-content\\\/uploads\\\/2025\\\/02\\\/Coupe-dAlgerie-scaled.jpg\",\"datePublished\":\"2025-07-22T11:12:56+00:00\",\"dateModified\":\"2025-07-22T11:12:57+00:00\",\"breadcrumb\":{\"@id\":\"https:\\\/\\\/lasentinelle.dz\\\/index.php\\\/2025\\\/07\\\/22\\\/coupe-dalgerie-2025-2026-la-faf-devoile-le-calendrier-complet\\\/#breadcrumb\"},\"inLanguage\":\"fr-FR\",\"potentialAction\":[{\"@type\":\"ReadAction\",\"target\":[\"https:\\\/\\\/lasentinelle.dz\\\/index.php\\\/2025\\\/07\\\/22\\\/coupe-dalgerie-2025-2026-la-faf-devoile-le-calendrier-complet\\\/\"]}]},{\"@type\":\"ImageObject\",\"inLanguage\":\"fr-FR\",\"@id\":\"https:\\\/\\\/lasentinelle.dz\\\/index.php\\\/2025\\\/07\\\/22\\\/coupe-dalgerie-2025-2026-la-faf-devoile-le-calendrier-complet\\\/#primaryimage\",\"url\":\"https:\\\/\\\/lasentinelle.dz\\\/wp-content\\\/uploads\\\/2025\\\/02\\\/Coupe-dAlgerie-scaled.jpg\",\"contentUrl\":\"https:\\\/\\\/lasentinelle.dz\\\/wp-content\\\/uploads\\\/2025\\\/02\\\/Coupe-dAlgerie-scaled.jpg\",\"width\":2560,\"height\":1598},{\"@type\":\"BreadcrumbList\",\"@id\":\"https:\\\/\\\/lasentinelle.dz\\\/index.php\\\/2025\\\/07\\\/22\\\/coupe-dalgerie-2025-2026-la-faf-devoile-le-calendrier-complet\\\/#breadcrumb\",\"itemListElement\":[{\"@type\":\"ListItem\",\"position\":1,\"name\":\"Accueil\",\"item\":\"https:\\\/\\\/lasentinelle.dz\\\/\"},{\"@type\":\"ListItem\",\"position\":2,\"name\":\"Coupe d&rsquo;Alg\u00e9rie 2025-2026: La FAF d\u00e9voile le calendrier complet\"}]},{\"@type\":\"WebSite\",\"@id\":\"https:\\\/\\\/lasentinelle.dz\\\/#website\",\"url\":\"https:\\\/\\\/lasentinelle.dz\\\/\",\"name\":\"La Sentinelle\",\"description\":\"Quotidien national d&#039;information\",\"publisher\":{\"@id\":\"https:\\\/\\\/lasentinelle.dz\\\/#organization\"},\"potentialAction\":[{\"@type\":\"SearchAction\",\"target\":{\"@type\":\"EntryPoint\",\"urlTemplate\":\"https:\\\/\\\/lasentinelle.dz\\\/?s={search_term_string}\"},\"query-input\":{\"@type\":\"PropertyValueSpecification\",\"valueRequired\":true,\"valueName\":\"search_term_string\"}}],\"inLanguage\":\"fr-FR\"},{\"@type\":\"Organization\",\"@id\":\"https:\\\/\\\/lasentinelle.dz\\\/#organization\",\"name\":\"Quotidien La Sentinelle\",\"url\":\"https:\\\/\\\/lasentinelle.dz\\\/\",\"logo\":{\"@type\":\"ImageObject\",\"inLanguage\":\"fr-FR\",\"@id\":\"https:\\\/\\\/lasentinelle.dz\\\/#\\\/schema\\\/logo\\\/image\\\/\",\"url\":\"https:\\\/\\\/lasentinelle.dz\\\/wp-content\\\/uploads\\\/2021\\\/09\\\/logo-sentinelleSLOGAN-1.png\",\"contentUrl\":\"https:\\\/\\\/lasentinelle.dz\\\/wp-content\\\/uploads\\\/2021\\\/09\\\/logo-sentinelleSLOGAN-1.png\",\"width\":615,\"height\":142,\"caption\":\"Quotidien La Sentinelle\"},\"image\":{\"@id\":\"https:\\\/\\\/lasentinelle.dz\\\/#\\\/schema\\\/logo\\\/image\\\/\"},\"sameAs\":[\"https:\\\/\\\/www.facebook.com\\\/La-Sentinelle-104059864394773\"]},{\"@type\":\"Person\",\"@id\":\"https:\\\/\\\/lasentinelle.dz\\\/#\\\/schema\\\/person\\\/729ee0024f24e0b8c5ec17232f8e8b41\",\"name\":\"admin\",\"image\":{\"@type\":\"ImageObject\",\"inLanguage\":\"fr-FR\",\"@id\":\"https:\\\/\\\/secure.gravatar.com\\\/avatar\\\/4c81fed838786e9b53f540bf46533e750f5d292099ae3b66cfc6fb1982e29df7?s=96&d=mm&r=g\",\"url\":\"https:\\\/\\\/secure.gravatar.com\\\/avatar\\\/4c81fed838786e9b53f540bf46533e750f5d292099ae3b66cfc6fb1982e29df7?s=96&d=mm&r=g\",\"contentUrl\":\"https:\\\/\\\/secure.gravatar.com\\\/avatar\\\/4c81fed838786e9b53f540bf46533e750f5d292099ae3b66cfc6fb1982e29df7?s=96&d=mm&r=g\",\"caption\":\"admin\"},\"description\":\"admin\",\"url\":\"https:\\\/\\\/lasentinelle.dz\\\/author\\\/admin\\\/\"}]}<\/script>\n<!-- \/ Yoast SEO plugin. -->","yoast_head_json":{"title":"Coupe d&rsquo;Alg\u00e9rie 2025-2026: La FAF d\u00e9voile le calendrier complet - La Sentinelle","robots":{"index":"index","follow":"follow","max-snippet":"max-snippet:-1","max-image-preview":"max-image-preview:large","max-video-preview":"max-video-preview:-1"},"canonical":"https:\/\/lasentinelle.dz\/index.php\/2025\/07\/22\/coupe-dalgerie-2025-2026-la-faf-devoile-le-calendrier-complet\/","og_locale":"fr_FR","og_type":"article","og_title":"Coupe d&rsquo;Alg\u00e9rie 2025-2026: La FAF d\u00e9voile le calendrier complet - La Sentinelle","og_description":"La F\u00e9d\u00e9ration alg\u00e9rienne de football a officialis\u00e9 lundi le calendrier d\u00e9taill\u00e9 de la Coupe d&rsquo;Alg\u00e9rie saison 2025-2026, fixant l&rsquo;ensemble des","og_url":"https:\/\/lasentinelle.dz\/index.php\/2025\/07\/22\/coupe-dalgerie-2025-2026-la-faf-devoile-le-calendrier-complet\/","og_site_name":"La Sentinelle","article_publisher":"https:\/\/www.facebook.com\/La-Sentinelle-104059864394773","article_published_time":"2025-07-22T11:12:56+00:00","article_modified_time":"2025-07-22T11:12:57+00:00","og_image":[{"width":2560,"height":1598,"url":"https:\/\/lasentinelle.dz\/wp-content\/uploads\/2025\/02\/Coupe-dAlgerie-scaled.jpg","type":"image\/jpeg"}],"author":"admin","twitter_card":"summary_large_image","twitter_misc":{"\u00c9crit par":"admin","Dur\u00e9e de lecture estim\u00e9e":"3 minutes"},"schema":{"@context":"https:\/\/schema.org","@graph":[{"@type":"Article","@id":"https:\/\/lasentinelle.dz\/index.php\/2025\/07\/22\/coupe-dalgerie-2025-2026-la-faf-devoile-le-calendrier-complet\/#article","isPartOf":{"@id":"https:\/\/lasentinelle.dz\/index.php\/2025\/07\/22\/coupe-dalgerie-2025-2026-la-faf-devoile-le-calendrier-complet\/"},"author":{"name":"admin","@id":"https:\/\/lasentinelle.dz\/#\/schema\/person\/729ee0024f24e0b8c5ec17232f8e8b41"},"headline":"Coupe d&rsquo;Alg\u00e9rie 2025-2026: La FAF d\u00e9voile le calendrier complet","datePublished":"2025-07-22T11:12:56+00:00","dateModified":"2025-07-22T11:12:57+00:00","mainEntityOfPage":{"@id":"https:\/\/lasentinelle.dz\/index.php\/2025\/07\/22\/coupe-dalgerie-2025-2026-la-faf-devoile-le-calendrier-complet\/"},"wordCount":569,"commentCount":0,"publisher":{"@id":"https:\/\/lasentinelle.dz\/#organization"},"image":{"@id":"https:\/\/lasentinelle.dz\/index.php\/2025\/07\/22\/coupe-dalgerie-2025-2026-la-faf-devoile-le-calendrier-complet\/#primaryimage"},"thumbnailUrl":"https:\/\/lasentinelle.dz\/wp-content\/uploads\/2025\/02\/Coupe-dAlgerie-scaled.jpg","articleSection":["Sports"],"inLanguage":"fr-FR","potentialAction":[{"@type":"CommentAction","name":"Comment","target":["https:\/\/lasentinelle.dz\/index.php\/2025\/07\/22\/coupe-dalgerie-2025-2026-la-faf-devoile-le-calendrier-complet\/#respond"]}]},{"@type":"WebPage","@id":"https:\/\/lasentinelle.dz\/index.php\/2025\/07\/22\/coupe-dalgerie-2025-2026-la-faf-devoile-le-calendrier-complet\/","url":"https:\/\/lasentinelle.dz\/index.php\/2025\/07\/22\/coupe-dalgerie-2025-2026-la-faf-devoile-le-calendrier-complet\/","name":"Coupe d&rsquo;Alg\u00e9rie 2025-2026: La FAF d\u00e9voile le calendrier complet - La Sentinelle","isPartOf":{"@id":"https:\/\/lasentinelle.dz\/#website"},"primaryImageOfPage":{"@id":"https:\/\/lasentinelle.dz\/index.php\/2025\/07\/22\/coupe-dalgerie-2025-2026-la-faf-devoile-le-calendrier-complet\/#primaryimage"},"image":{"@id":"https:\/\/lasentinelle.dz\/index.php\/2025\/07\/22\/coupe-dalgerie-2025-2026-la-faf-devoile-le-calendrier-complet\/#primaryimage"},"thumbnailUrl":"https:\/\/lasentinelle.dz\/wp-content\/uploads\/2025\/02\/Coupe-dAlgerie-scaled.jpg","datePublished":"2025-07-22T11:12:56+00:00","dateModified":"2025-07-22T11:12:57+00:00","breadcrumb":{"@id":"https:\/\/lasentinelle.dz\/index.php\/2025\/07\/22\/coupe-dalgerie-2025-2026-la-faf-devoile-le-calendrier-complet\/#breadcrumb"},"inLanguage":"fr-FR","potentialAction":[{"@type":"ReadAction","target":["https:\/\/lasentinelle.dz\/index.php\/2025\/07\/22\/coupe-dalgerie-2025-2026-la-faf-devoile-le-calendrier-complet\/"]}]},{"@type":"ImageObject","inLanguage":"fr-FR","@id":"https:\/\/lasentinelle.dz\/index.php\/2025\/07\/22\/coupe-dalgerie-2025-2026-la-faf-devoile-le-calendrier-complet\/#primaryimage","url":"https:\/\/lasentinelle.dz\/wp-content\/uploads\/2025\/02\/Coupe-dAlgerie-scaled.jpg","contentUrl":"https:\/\/lasentinelle.dz\/wp-content\/uploads\/2025\/02\/Coupe-dAlgerie-scaled.jpg","width":2560,"height":1598},{"@type":"BreadcrumbList","@id":"https:\/\/lasentinelle.dz\/index.php\/2025\/07\/22\/coupe-dalgerie-2025-2026-la-faf-devoile-le-calendrier-complet\/#breadcrumb","itemListElement":[{"@type":"ListItem","position":1,"name":"Accueil","item":"https:\/\/lasentinelle.dz\/"},{"@type":"ListItem","position":2,"name":"Coupe d&rsquo;Alg\u00e9rie 2025-2026: La FAF d\u00e9voile le calendrier complet"}]},{"@type":"WebSite","@id":"https:\/\/lasentinelle.dz\/#website","url":"https:\/\/lasentinelle.dz\/","name":"La Sentinelle","description":"Quotidien national d&#039;information","publisher":{"@id":"https:\/\/lasentinelle.dz\/#organization"},"potentialAction":[{"@type":"SearchAction","target":{"@type":"EntryPoint","urlTemplate":"https:\/\/lasentinelle.dz\/?s={search_term_string}"},"query-input":{"@type":"PropertyValueSpecification","valueRequired":true,"valueName":"search_term_string"}}],"inLanguage":"fr-FR"},{"@type":"Organization","@id":"https:\/\/lasentinelle.dz\/#organization","name":"Quotidien La Sentinelle","url":"https:\/\/lasentinelle.dz\/","logo":{"@type":"ImageObject","inLanguage":"fr-FR","@id":"https:\/\/lasentinelle.dz\/#\/schema\/logo\/image\/","url":"https:\/\/lasentinelle.dz\/wp-content\/uploads\/2021\/09\/logo-sentinelleSLOGAN-1.png","contentUrl":"https:\/\/lasentinelle.dz\/wp-content\/uploads\/2021\/09\/logo-sentinelleSLOGAN-1.png","width":615,"height":142,"caption":"Quotidien La Sentinelle"},"image":{"@id":"https:\/\/lasentinelle.dz\/#\/schema\/logo\/image\/"},"sameAs":["https:\/\/www.facebook.com\/La-Sentinelle-104059864394773"]},{"@type":"Person","@id":"https:\/\/lasentinelle.dz\/#\/schema\/person\/729ee0024f24e0b8c5ec17232f8e8b41","name":"admin","image":{"@type":"ImageObject","inLanguage":"fr-FR","@id":"https:\/\/secure.gravatar.com\/avatar\/4c81fed838786e9b53f540bf46533e750f5d292099ae3b66cfc6fb1982e29df7?s=96&d=mm&r=g","url":"https:\/\/secure.gravatar.com\/avatar\/4c81fed838786e9b53f540bf46533e750f5d292099ae3b66cfc6fb1982e29df7?s=96&d=mm&r=g","contentUrl":"https:\/\/secure.gravatar.com\/avatar\/4c81fed838786e9b53f540bf46533e750f5d292099ae3b66cfc6fb1982e29df7?s=96&d=mm&r=g","caption":"admin"},"description":"admin","url":"https:\/\/lasentinelle.dz\/author\/admin\/"}]}},"_links":{"self":[{"href":"https:\/\/lasentinelle.dz\/index.php\/wp-json\/wp\/v2\/posts\/70722","targetHints":{"allow":["GET"]}}],"collection":[{"href":"https:\/\/lasentinelle.dz\/index.php\/wp-json\/wp\/v2\/posts"}],"about":[{"href":"https:\/\/lasentinelle.dz\/index.php\/wp-json\/wp\/v2\/types\/post"}],"author":[{"embeddable":true,"href":"https:\/\/lasentinelle.dz\/index.php\/wp-json\/wp\/v2\/users\/6"}],"replies":[{"embeddable":true,"href":"https:\/\/lasentinelle.dz\/index.php\/wp-json\/wp\/v2\/comments?post=70722"}],"version-history":[{"count":2,"href":"https:\/\/lasentinelle.dz\/index.php\/wp-json\/wp\/v2\/posts\/70722\/revisions"}],"predecessor-version":[{"id":70724,"href":"https:\/\/lasentinelle.dz\/index.php\/wp-json\/wp\/v2\/posts\/70722\/revisions\/70724"}],"wp:featuredmedia":[{"embeddable":true,"href":"https:\/\/lasentinelle.dz\/index.php\/wp-json\/wp\/v2\/media\/62703"}],"wp:attachment":[{"href":"https:\/\/lasentinelle.dz\/index.php\/wp-json\/wp\/v2\/media?parent=70722"}],"wp:term":[{"taxonomy":"category","embeddable":true,"href":"https:\/\/lasentinelle.dz\/index.php\/wp-json\/wp\/v2\/categories?post=70722"},{"taxonomy":"post_tag","embeddable":true,"href":"https:\/\/lasentinelle.dz\/index.php\/wp-json\/wp\/v2\/tags?post=70722"}],"curies":[{"name":"wp","href":"https:\/\/api.w.org\/{rel}","templated":true}]}}