{"id":70725,"date":"2025-07-22T12:13:39","date_gmt":"2025-07-22T11:13:39","guid":{"rendered":"https:\/\/lasentinelle.dz\/?p=70725"},"modified":"2025-07-22T12:13:40","modified_gmt":"2025-07-22T11:13:40","slug":"equipe-nationale-mahrez-sort-du-silence","status":"publish","type":"post","link":"https:\/\/lasentinelle.dz\/index.php\/2025\/07\/22\/equipe-nationale-mahrez-sort-du-silence\/","title":{"rendered":"\u00c9quipe nationale: Mahrez sort du silence"},"content":{"rendered":"\n<p>Dans un entretien rare accord\u00e9 au quotidien l&rsquo;\u00c9quipe, Riyad Mahrez a bris\u00e9 sa discr\u00e9tion habituelle pour livrer ses pens\u00e9es les plus profondes sur plusieurs sujets br\u00fblants.<\/p>\n\n\n\n<p>Le capitaine de l&rsquo;\u00e9quipe nationale, aujourd&rsquo;hui \u00e2g\u00e9 de 34 ans et \u00e9voluant \u00e0 Al-Ahli en Arabie Saoudite, n&rsquo;a pas m\u00e2ch\u00e9 ses mots concernant la question \u00e9pineuse des binationaux et leur rapport \u00e0 la s\u00e9lection alg\u00e9rienne. Rejoignant les positions d&rsquo;Islam Slimani, Mahrez s&rsquo;est montr\u00e9 particuli\u00e8rement ferme sur cette probl\u00e9matique qui divise r\u00e9guli\u00e8rement l&rsquo;opinion publique. \u00ab\u00a0Si tu te sens alg\u00e9rien, tu viens jouer pour ton pays, tu viens d\u00e9fendre le drapeau. Si tu ne te sens pas alg\u00e9rien, il vaut mieux le dire d\u00e8s le d\u00e9but\u00a0\u00bb, a-t-il martel\u00e9 avec conviction, d\u00e9non\u00e7ant ouvertement ceux qui \u00ab\u00a0jouent la montre\u00a0\u00bb et utilisent potentiellement l&rsquo;Alg\u00e9rie comme solution de repli. Cette prise de position claire t\u00e9moigne de l&rsquo;attachement visc\u00e9ral du champion d&rsquo;Afrique 2019 \u00e0 son pays d&rsquo;origine et de son refus de voir instrumentaliser la s\u00e9lection nationale. L&rsquo;ancien joueur de Leicester et Manchester City estime n\u00e9anmoins que les mentalit\u00e9s \u00e9voluent positivement, soulignant qu&rsquo;il n&rsquo;est d\u00e9sormais \u00ab\u00a0plus n\u00e9cessaire d&rsquo;attendre de signer dans un gros club pour rejoindre une s\u00e9lection africaine\u00a0\u00bb, preuve que les performances des \u00e9quipes du continent ont rehauss\u00e9 leur prestige international. Sur le plan de sa carri\u00e8re personnelle, Mahrez a \u00e9galement r\u00e9v\u00e9l\u00e9 un aspect m\u00e9connu de sa personnalit\u00e9 en confessant son amour de longue date pour l&rsquo;Olympique de Marseille. \u00ab\u00a0Depuis que je suis petit, j&rsquo;ai toujours eu envie de jouer \u00e0 Marseille, c&rsquo;\u00e9tait mon r\u00eave. J&rsquo;\u00e9tais un amoureux de l&rsquo;OM\u00a0\u00bb, a-t-il confi\u00e9 avec nostalgie, \u00e9voquant les figures l\u00e9gendaires comme Drogba, Niang, Nasri et Rib\u00e9ry qui ont marqu\u00e9 son enfance. Cette r\u00e9v\u00e9lation surprenante montre combien le parcours atypique de l&rsquo;ailier, pass\u00e9 par l&rsquo;Angleterre avant l&rsquo;Arabie Saoudite, diff\u00e8re de ses aspirations d&rsquo;origine. Concernant son exp\u00e9rience actuelle en Saudi Pro League, Mahrez a adopt\u00e9 un discours nuanc\u00e9 mais optimiste, contredisant au passage les d\u00e9clarations de Cristiano Ronaldo qui pla\u00e7ait le championnat saoudien parmi les cinq meilleurs mondiaux. \u00ab\u00a0Les cinq grosses ligues europ\u00e9ennes sont devant, et apr\u00e8s on peut commencer \u00e0 rivaliser avec les autres ligues\u00a0\u00bb, a-t-il temp\u00e9r\u00e9 avec r\u00e9alisme, tout en reconnaissant les progr\u00e8s constants observ\u00e9s lors de ses deux saisons dans le royaume. L&rsquo;international alg\u00e9rien se positionne comme un \u00ab\u00a0pr\u00e9curseur\u00a0\u00bb de cette aventure saoudienne, contribuant \u00e0 \u00e9lever le niveau g\u00e9n\u00e9ral du championnat local gr\u00e2ce \u00e0 l&rsquo;arriv\u00e9e successive de stars mondiales. Cette vision \u00e0 long terme s&rsquo;accompagne d&rsquo;un enthousiasme palpable \u00e0 l&rsquo;id\u00e9e de pouvoir \u00e9voluer aux c\u00f4t\u00e9s de Lionel Messi, dont une possible arriv\u00e9e \u00e0 Al-Ahli fait fantasmer le capitaine alg\u00e9rien. \u00ab\u00a0Ce serait incroyable pour nous d&rsquo;avoir le plus grand joueur de l&rsquo;histoire dans notre \u00e9quipe\u00a0\u00bb, s&rsquo;est-il enthousiasm\u00e9. Sur le terrain, Mahrez confirme qu&rsquo;il n&rsquo;a rien perdu de sa science du jeu, comme en t\u00e9moigne sa prestation r\u00e9cente face aux Autrichiens de WSG Tirol, o\u00f9 il a d\u00e9livr\u00e9 une passe d\u00e9cisive au Br\u00e9silien Ibanez lors d&rsquo;un succ\u00e8s 2-1 en match amical. Titularis\u00e9 par l&rsquo;entra\u00eeneur allemand Matthias Jaissle, l&rsquo;ancien citizen a une nouvelle fois d\u00e9montr\u00e9 sa capacit\u00e9 \u00e0 faire la diff\u00e9rence, m\u00eame \u00e0 quelques jours de ses vacances estivales.<\/p>\n\n\n\n<p>Moncef D.<\/p>\n","protected":false},"excerpt":{"rendered":"<p>Dans un entretien rare accord\u00e9 au quotidien l&rsquo;\u00c9quipe, Riyad Mahrez a bris\u00e9 sa discr\u00e9tion habituelle pour livrer ses pens\u00e9es les<\/p>\n","protected":false},"author":6,"featured_media":70726,"comment_status":"open","ping_status":"closed","sticky":false,"template":"","format":"standard","meta":{"colormag_page_container_layout":"default_layout","colormag_page_sidebar_layout":"default_layout","om_disable_all_campaigns":false,"_monsterinsights_skip_tracking":false,"_monsterinsights_sitenote_active":false,"_monsterinsights_sitenote_note":"","_monsterinsights_sitenote_category":0,"footnotes":"","_wpscppro_dont_share_socialmedia":false,"_wpscppro_custom_social_share_image":0,"_facebook_share_type":"default","_twitter_share_type":"default","_linkedin_share_type":"default","_pinterest_share_type":"default","_linkedin_share_type_page":"","_instagram_share_type":"default","_medium_share_type":"default","_threads_share_type":"","_google_business_share_type":"","_selected_social_profile":[],"_wpsp_enable_custom_social_template":false,"_wpsp_social_scheduling":{"enabled":false,"datetime":null,"platforms":[],"status":"template_only","dateOption":"today","timeOption":"now","customDays":"","customHours":"","customDate":"","customTime":"","schedulingType":"absolute"},"_wpsp_active_default_template":true},"categories":[33],"tags":[],"class_list":["post-70725","post","type-post","status-publish","format-standard","has-post-thumbnail","hentry","category-sports"],"aioseo_notices":[],"yoast_head":"<!-- This site is optimized with the Yoast SEO plugin v27.5 - https:\/\/yoast.com\/product\/yoast-seo-wordpress\/ -->\n<title>\u00c9quipe nationale: Mahrez sort du silence - La Sentinelle<\/title>\n<meta name=\"robots\" content=\"index, follow, max-snippet:-1, max-image-preview:large, max-video-preview:-1\" \/>\n<link rel=\"canonical\" href=\"https:\/\/lasentinelle.dz\/index.php\/2025\/07\/22\/equipe-nationale-mahrez-sort-du-silence\/\" \/>\n<meta property=\"og:locale\" content=\"fr_FR\" \/>\n<meta property=\"og:type\" content=\"article\" \/>\n<meta property=\"og:title\" content=\"\u00c9quipe nationale: Mahrez sort du silence - La Sentinelle\" \/>\n<meta property=\"og:description\" content=\"Dans un entretien rare accord\u00e9 au quotidien l&rsquo;\u00c9quipe, Riyad Mahrez a bris\u00e9 sa discr\u00e9tion habituelle pour livrer ses pens\u00e9es les\" \/>\n<meta property=\"og:url\" content=\"https:\/\/lasentinelle.dz\/index.php\/2025\/07\/22\/equipe-nationale-mahrez-sort-du-silence\/\" \/>\n<meta property=\"og:site_name\" content=\"La Sentinelle\" \/>\n<meta property=\"article:publisher\" content=\"https:\/\/www.facebook.com\/La-Sentinelle-104059864394773\" \/>\n<meta property=\"article:published_time\" content=\"2025-07-22T11:13:39+00:00\" \/>\n<meta property=\"article:modified_time\" content=\"2025-07-22T11:13:40+00:00\" \/>\n<meta property=\"og:image\" content=\"https:\/\/lasentinelle.dz\/wp-content\/uploads\/2025\/07\/Mahrez.jpg\" \/>\n\t<meta property=\"og:image:width\" content=\"1200\" \/>\n\t<meta property=\"og:image:height\" content=\"675\" \/>\n\t<meta property=\"og:image:type\" content=\"image\/jpeg\" \/>\n<meta name=\"author\" content=\"admin\" \/>\n<meta name=\"twitter:card\" content=\"summary_large_image\" \/>\n<meta name=\"twitter:label1\" content=\"\u00c9crit par\" \/>\n\t<meta name=\"twitter:data1\" content=\"admin\" \/>\n\t<meta name=\"twitter:label2\" content=\"Dur\u00e9e de lecture estim\u00e9e\" \/>\n\t<meta name=\"twitter:data2\" content=\"3 minutes\" \/>\n<script type=\"application\/ld+json\" class=\"yoast-schema-graph\">{\"@context\":\"https:\\\/\\\/schema.org\",\"@graph\":[{\"@type\":\"Article\",\"@id\":\"https:\\\/\\\/lasentinelle.dz\\\/index.php\\\/2025\\\/07\\\/22\\\/equipe-nationale-mahrez-sort-du-silence\\\/#article\",\"isPartOf\":{\"@id\":\"https:\\\/\\\/lasentinelle.dz\\\/index.php\\\/2025\\\/07\\\/22\\\/equipe-nationale-mahrez-sort-du-silence\\\/\"},\"author\":{\"name\":\"admin\",\"@id\":\"https:\\\/\\\/lasentinelle.dz\\\/#\\\/schema\\\/person\\\/729ee0024f24e0b8c5ec17232f8e8b41\"},\"headline\":\"\u00c9quipe nationale: Mahrez sort du silence\",\"datePublished\":\"2025-07-22T11:13:39+00:00\",\"dateModified\":\"2025-07-22T11:13:40+00:00\",\"mainEntityOfPage\":{\"@id\":\"https:\\\/\\\/lasentinelle.dz\\\/index.php\\\/2025\\\/07\\\/22\\\/equipe-nationale-mahrez-sort-du-silence\\\/\"},\"wordCount\":602,\"commentCount\":0,\"publisher\":{\"@id\":\"https:\\\/\\\/lasentinelle.dz\\\/#organization\"},\"image\":{\"@id\":\"https:\\\/\\\/lasentinelle.dz\\\/index.php\\\/2025\\\/07\\\/22\\\/equipe-nationale-mahrez-sort-du-silence\\\/#primaryimage\"},\"thumbnailUrl\":\"https:\\\/\\\/lasentinelle.dz\\\/wp-content\\\/uploads\\\/2025\\\/07\\\/Mahrez.jpg\",\"articleSection\":[\"Sports\"],\"inLanguage\":\"fr-FR\",\"potentialAction\":[{\"@type\":\"CommentAction\",\"name\":\"Comment\",\"target\":[\"https:\\\/\\\/lasentinelle.dz\\\/index.php\\\/2025\\\/07\\\/22\\\/equipe-nationale-mahrez-sort-du-silence\\\/#respond\"]}]},{\"@type\":\"WebPage\",\"@id\":\"https:\\\/\\\/lasentinelle.dz\\\/index.php\\\/2025\\\/07\\\/22\\\/equipe-nationale-mahrez-sort-du-silence\\\/\",\"url\":\"https:\\\/\\\/lasentinelle.dz\\\/index.php\\\/2025\\\/07\\\/22\\\/equipe-nationale-mahrez-sort-du-silence\\\/\",\"name\":\"\u00c9quipe nationale: Mahrez sort du silence - La Sentinelle\",\"isPartOf\":{\"@id\":\"https:\\\/\\\/lasentinelle.dz\\\/#website\"},\"primaryImageOfPage\":{\"@id\":\"https:\\\/\\\/lasentinelle.dz\\\/index.php\\\/2025\\\/07\\\/22\\\/equipe-nationale-mahrez-sort-du-silence\\\/#primaryimage\"},\"image\":{\"@id\":\"https:\\\/\\\/lasentinelle.dz\\\/index.php\\\/2025\\\/07\\\/22\\\/equipe-nationale-mahrez-sort-du-silence\\\/#primaryimage\"},\"thumbnailUrl\":\"https:\\\/\\\/lasentinelle.dz\\\/wp-content\\\/uploads\\\/2025\\\/07\\\/Mahrez.jpg\",\"datePublished\":\"2025-07-22T11:13:39+00:00\",\"dateModified\":\"2025-07-22T11:13:40+00:00\",\"breadcrumb\":{\"@id\":\"https:\\\/\\\/lasentinelle.dz\\\/index.php\\\/2025\\\/07\\\/22\\\/equipe-nationale-mahrez-sort-du-silence\\\/#breadcrumb\"},\"inLanguage\":\"fr-FR\",\"potentialAction\":[{\"@type\":\"ReadAction\",\"target\":[\"https:\\\/\\\/lasentinelle.dz\\\/index.php\\\/2025\\\/07\\\/22\\\/equipe-nationale-mahrez-sort-du-silence\\\/\"]}]},{\"@type\":\"ImageObject\",\"inLanguage\":\"fr-FR\",\"@id\":\"https:\\\/\\\/lasentinelle.dz\\\/index.php\\\/2025\\\/07\\\/22\\\/equipe-nationale-mahrez-sort-du-silence\\\/#primaryimage\",\"url\":\"https:\\\/\\\/lasentinelle.dz\\\/wp-content\\\/uploads\\\/2025\\\/07\\\/Mahrez.jpg\",\"contentUrl\":\"https:\\\/\\\/lasentinelle.dz\\\/wp-content\\\/uploads\\\/2025\\\/07\\\/Mahrez.jpg\",\"width\":1200,\"height\":675},{\"@type\":\"BreadcrumbList\",\"@id\":\"https:\\\/\\\/lasentinelle.dz\\\/index.php\\\/2025\\\/07\\\/22\\\/equipe-nationale-mahrez-sort-du-silence\\\/#breadcrumb\",\"itemListElement\":[{\"@type\":\"ListItem\",\"position\":1,\"name\":\"Accueil\",\"item\":\"https:\\\/\\\/lasentinelle.dz\\\/\"},{\"@type\":\"ListItem\",\"position\":2,\"name\":\"\u00c9quipe nationale: Mahrez sort du silence\"}]},{\"@type\":\"WebSite\",\"@id\":\"https:\\\/\\\/lasentinelle.dz\\\/#website\",\"url\":\"https:\\\/\\\/lasentinelle.dz\\\/\",\"name\":\"La Sentinelle\",\"description\":\"Quotidien national d&#039;information\",\"publisher\":{\"@id\":\"https:\\\/\\\/lasentinelle.dz\\\/#organization\"},\"potentialAction\":[{\"@type\":\"SearchAction\",\"target\":{\"@type\":\"EntryPoint\",\"urlTemplate\":\"https:\\\/\\\/lasentinelle.dz\\\/?s={search_term_string}\"},\"query-input\":{\"@type\":\"PropertyValueSpecification\",\"valueRequired\":true,\"valueName\":\"search_term_string\"}}],\"inLanguage\":\"fr-FR\"},{\"@type\":\"Organization\",\"@id\":\"https:\\\/\\\/lasentinelle.dz\\\/#organization\",\"name\":\"Quotidien La Sentinelle\",\"url\":\"https:\\\/\\\/lasentinelle.dz\\\/\",\"logo\":{\"@type\":\"ImageObject\",\"inLanguage\":\"fr-FR\",\"@id\":\"https:\\\/\\\/lasentinelle.dz\\\/#\\\/schema\\\/logo\\\/image\\\/\",\"url\":\"https:\\\/\\\/lasentinelle.dz\\\/wp-content\\\/uploads\\\/2021\\\/09\\\/logo-sentinelleSLOGAN-1.png\",\"contentUrl\":\"https:\\\/\\\/lasentinelle.dz\\\/wp-content\\\/uploads\\\/2021\\\/09\\\/logo-sentinelleSLOGAN-1.png\",\"width\":615,\"height\":142,\"caption\":\"Quotidien La Sentinelle\"},\"image\":{\"@id\":\"https:\\\/\\\/lasentinelle.dz\\\/#\\\/schema\\\/logo\\\/image\\\/\"},\"sameAs\":[\"https:\\\/\\\/www.facebook.com\\\/La-Sentinelle-104059864394773\"]},{\"@type\":\"Person\",\"@id\":\"https:\\\/\\\/lasentinelle.dz\\\/#\\\/schema\\\/person\\\/729ee0024f24e0b8c5ec17232f8e8b41\",\"name\":\"admin\",\"image\":{\"@type\":\"ImageObject\",\"inLanguage\":\"fr-FR\",\"@id\":\"https:\\\/\\\/secure.gravatar.com\\\/avatar\\\/4c81fed838786e9b53f540bf46533e750f5d292099ae3b66cfc6fb1982e29df7?s=96&d=mm&r=g\",\"url\":\"https:\\\/\\\/secure.gravatar.com\\\/avatar\\\/4c81fed838786e9b53f540bf46533e750f5d292099ae3b66cfc6fb1982e29df7?s=96&d=mm&r=g\",\"contentUrl\":\"https:\\\/\\\/secure.gravatar.com\\\/avatar\\\/4c81fed838786e9b53f540bf46533e750f5d292099ae3b66cfc6fb1982e29df7?s=96&d=mm&r=g\",\"caption\":\"admin\"},\"description\":\"admin\",\"url\":\"https:\\\/\\\/lasentinelle.dz\\\/author\\\/admin\\\/\"}]}<\/script>\n<!-- \/ Yoast SEO plugin. -->","yoast_head_json":{"title":"\u00c9quipe nationale: Mahrez sort du silence - La Sentinelle","robots":{"index":"index","follow":"follow","max-snippet":"max-snippet:-1","max-image-preview":"max-image-preview:large","max-video-preview":"max-video-preview:-1"},"canonical":"https:\/\/lasentinelle.dz\/index.php\/2025\/07\/22\/equipe-nationale-mahrez-sort-du-silence\/","og_locale":"fr_FR","og_type":"article","og_title":"\u00c9quipe nationale: Mahrez sort du silence - La Sentinelle","og_description":"Dans un entretien rare accord\u00e9 au quotidien l&rsquo;\u00c9quipe, Riyad Mahrez a bris\u00e9 sa discr\u00e9tion habituelle pour livrer ses pens\u00e9es les","og_url":"https:\/\/lasentinelle.dz\/index.php\/2025\/07\/22\/equipe-nationale-mahrez-sort-du-silence\/","og_site_name":"La Sentinelle","article_publisher":"https:\/\/www.facebook.com\/La-Sentinelle-104059864394773","article_published_time":"2025-07-22T11:13:39+00:00","article_modified_time":"2025-07-22T11:13:40+00:00","og_image":[{"width":1200,"height":675,"url":"https:\/\/lasentinelle.dz\/wp-content\/uploads\/2025\/07\/Mahrez.jpg","type":"image\/jpeg"}],"author":"admin","twitter_card":"summary_large_image","twitter_misc":{"\u00c9crit par":"admin","Dur\u00e9e de lecture estim\u00e9e":"3 minutes"},"schema":{"@context":"https:\/\/schema.org","@graph":[{"@type":"Article","@id":"https:\/\/lasentinelle.dz\/index.php\/2025\/07\/22\/equipe-nationale-mahrez-sort-du-silence\/#article","isPartOf":{"@id":"https:\/\/lasentinelle.dz\/index.php\/2025\/07\/22\/equipe-nationale-mahrez-sort-du-silence\/"},"author":{"name":"admin","@id":"https:\/\/lasentinelle.dz\/#\/schema\/person\/729ee0024f24e0b8c5ec17232f8e8b41"},"headline":"\u00c9quipe nationale: Mahrez sort du silence","datePublished":"2025-07-22T11:13:39+00:00","dateModified":"2025-07-22T11:13:40+00:00","mainEntityOfPage":{"@id":"https:\/\/lasentinelle.dz\/index.php\/2025\/07\/22\/equipe-nationale-mahrez-sort-du-silence\/"},"wordCount":602,"commentCount":0,"publisher":{"@id":"https:\/\/lasentinelle.dz\/#organization"},"image":{"@id":"https:\/\/lasentinelle.dz\/index.php\/2025\/07\/22\/equipe-nationale-mahrez-sort-du-silence\/#primaryimage"},"thumbnailUrl":"https:\/\/lasentinelle.dz\/wp-content\/uploads\/2025\/07\/Mahrez.jpg","articleSection":["Sports"],"inLanguage":"fr-FR","potentialAction":[{"@type":"CommentAction","name":"Comment","target":["https:\/\/lasentinelle.dz\/index.php\/2025\/07\/22\/equipe-nationale-mahrez-sort-du-silence\/#respond"]}]},{"@type":"WebPage","@id":"https:\/\/lasentinelle.dz\/index.php\/2025\/07\/22\/equipe-nationale-mahrez-sort-du-silence\/","url":"https:\/\/lasentinelle.dz\/index.php\/2025\/07\/22\/equipe-nationale-mahrez-sort-du-silence\/","name":"\u00c9quipe nationale: Mahrez sort du silence - La Sentinelle","isPartOf":{"@id":"https:\/\/lasentinelle.dz\/#website"},"primaryImageOfPage":{"@id":"https:\/\/lasentinelle.dz\/index.php\/2025\/07\/22\/equipe-nationale-mahrez-sort-du-silence\/#primaryimage"},"image":{"@id":"https:\/\/lasentinelle.dz\/index.php\/2025\/07\/22\/equipe-nationale-mahrez-sort-du-silence\/#primaryimage"},"thumbnailUrl":"https:\/\/lasentinelle.dz\/wp-content\/uploads\/2025\/07\/Mahrez.jpg","datePublished":"2025-07-22T11:13:39+00:00","dateModified":"2025-07-22T11:13:40+00:00","breadcrumb":{"@id":"https:\/\/lasentinelle.dz\/index.php\/2025\/07\/22\/equipe-nationale-mahrez-sort-du-silence\/#breadcrumb"},"inLanguage":"fr-FR","potentialAction":[{"@type":"ReadAction","target":["https:\/\/lasentinelle.dz\/index.php\/2025\/07\/22\/equipe-nationale-mahrez-sort-du-silence\/"]}]},{"@type":"ImageObject","inLanguage":"fr-FR","@id":"https:\/\/lasentinelle.dz\/index.php\/2025\/07\/22\/equipe-nationale-mahrez-sort-du-silence\/#primaryimage","url":"https:\/\/lasentinelle.dz\/wp-content\/uploads\/2025\/07\/Mahrez.jpg","contentUrl":"https:\/\/lasentinelle.dz\/wp-content\/uploads\/2025\/07\/Mahrez.jpg","width":1200,"height":675},{"@type":"BreadcrumbList","@id":"https:\/\/lasentinelle.dz\/index.php\/2025\/07\/22\/equipe-nationale-mahrez-sort-du-silence\/#breadcrumb","itemListElement":[{"@type":"ListItem","position":1,"name":"Accueil","item":"https:\/\/lasentinelle.dz\/"},{"@type":"ListItem","position":2,"name":"\u00c9quipe nationale: Mahrez sort du silence"}]},{"@type":"WebSite","@id":"https:\/\/lasentinelle.dz\/#website","url":"https:\/\/lasentinelle.dz\/","name":"La Sentinelle","description":"Quotidien national d&#039;information","publisher":{"@id":"https:\/\/lasentinelle.dz\/#organization"},"potentialAction":[{"@type":"SearchAction","target":{"@type":"EntryPoint","urlTemplate":"https:\/\/lasentinelle.dz\/?s={search_term_string}"},"query-input":{"@type":"PropertyValueSpecification","valueRequired":true,"valueName":"search_term_string"}}],"inLanguage":"fr-FR"},{"@type":"Organization","@id":"https:\/\/lasentinelle.dz\/#organization","name":"Quotidien La Sentinelle","url":"https:\/\/lasentinelle.dz\/","logo":{"@type":"ImageObject","inLanguage":"fr-FR","@id":"https:\/\/lasentinelle.dz\/#\/schema\/logo\/image\/","url":"https:\/\/lasentinelle.dz\/wp-content\/uploads\/2021\/09\/logo-sentinelleSLOGAN-1.png","contentUrl":"https:\/\/lasentinelle.dz\/wp-content\/uploads\/2021\/09\/logo-sentinelleSLOGAN-1.png","width":615,"height":142,"caption":"Quotidien La Sentinelle"},"image":{"@id":"https:\/\/lasentinelle.dz\/#\/schema\/logo\/image\/"},"sameAs":["https:\/\/www.facebook.com\/La-Sentinelle-104059864394773"]},{"@type":"Person","@id":"https:\/\/lasentinelle.dz\/#\/schema\/person\/729ee0024f24e0b8c5ec17232f8e8b41","name":"admin","image":{"@type":"ImageObject","inLanguage":"fr-FR","@id":"https:\/\/secure.gravatar.com\/avatar\/4c81fed838786e9b53f540bf46533e750f5d292099ae3b66cfc6fb1982e29df7?s=96&d=mm&r=g","url":"https:\/\/secure.gravatar.com\/avatar\/4c81fed838786e9b53f540bf46533e750f5d292099ae3b66cfc6fb1982e29df7?s=96&d=mm&r=g","contentUrl":"https:\/\/secure.gravatar.com\/avatar\/4c81fed838786e9b53f540bf46533e750f5d292099ae3b66cfc6fb1982e29df7?s=96&d=mm&r=g","caption":"admin"},"description":"admin","url":"https:\/\/lasentinelle.dz\/author\/admin\/"}]}},"_links":{"self":[{"href":"https:\/\/lasentinelle.dz\/index.php\/wp-json\/wp\/v2\/posts\/70725","targetHints":{"allow":["GET"]}}],"collection":[{"href":"https:\/\/lasentinelle.dz\/index.php\/wp-json\/wp\/v2\/posts"}],"about":[{"href":"https:\/\/lasentinelle.dz\/index.php\/wp-json\/wp\/v2\/types\/post"}],"author":[{"embeddable":true,"href":"https:\/\/lasentinelle.dz\/index.php\/wp-json\/wp\/v2\/users\/6"}],"replies":[{"embeddable":true,"href":"https:\/\/lasentinelle.dz\/index.php\/wp-json\/wp\/v2\/comments?post=70725"}],"version-history":[{"count":1,"href":"https:\/\/lasentinelle.dz\/index.php\/wp-json\/wp\/v2\/posts\/70725\/revisions"}],"predecessor-version":[{"id":70727,"href":"https:\/\/lasentinelle.dz\/index.php\/wp-json\/wp\/v2\/posts\/70725\/revisions\/70727"}],"wp:featuredmedia":[{"embeddable":true,"href":"https:\/\/lasentinelle.dz\/index.php\/wp-json\/wp\/v2\/media\/70726"}],"wp:attachment":[{"href":"https:\/\/lasentinelle.dz\/index.php\/wp-json\/wp\/v2\/media?parent=70725"}],"wp:term":[{"taxonomy":"category","embeddable":true,"href":"https:\/\/lasentinelle.dz\/index.php\/wp-json\/wp\/v2\/categories?post=70725"},{"taxonomy":"post_tag","embeddable":true,"href":"https:\/\/lasentinelle.dz\/index.php\/wp-json\/wp\/v2\/tags?post=70725"}],"curies":[{"name":"wp","href":"https:\/\/api.w.org\/{rel}","templated":true}]}}