{"id":70728,"date":"2025-07-22T12:16:41","date_gmt":"2025-07-22T11:16:41","guid":{"rendered":"https:\/\/lasentinelle.dz\/?p=70728"},"modified":"2025-07-22T12:16:43","modified_gmt":"2025-07-22T11:16:43","slug":"chan-2025-les-verts-a-affutent-leurs-armes","status":"publish","type":"post","link":"https:\/\/lasentinelle.dz\/index.php\/2025\/07\/22\/chan-2025-les-verts-a-affutent-leurs-armes\/","title":{"rendered":"CHAN 2025: Les Verts A&rsquo; aff\u00fbtent leurs armes"},"content":{"rendered":"\n<p>L&rsquo;\u00e9quipe nationale A&rsquo; a officiellement entam\u00e9 dimanche au Centre technique national de Sidi Moussa sa pr\u00e9paration en vue du Championnat d&rsquo;Afrique des Nations 2025, premi\u00e8re \u00e9tape d&rsquo;un double d\u00e9fi continental qui s&rsquo;annonce particuli\u00e8rement exigeant pour les poulains de Madjid Bougherra<\/p>\n\n\n\n<p>Le s\u00e9lectionneur national a dirig\u00e9 en soir\u00e9e la premi\u00e8re s\u00e9ance d&rsquo;entra\u00eenement de ce regroupement avec un effectif encore r\u00e9duit, privil\u00e9giant une approche tactique d&rsquo;intensit\u00e9 mod\u00e9r\u00e9e durant une heure et demie de travail. Bougherra dispose d&rsquo;une pr\u00e9s\u00e9lection de vingt-huit joueurs, une liste qui sera d\u00e9finitivement arr\u00eat\u00e9e mardi avant transmission \u00e0 la Conf\u00e9d\u00e9ration africaine de football. Cette s\u00e9lection refl\u00e8te parfaitement la hi\u00e9rarchie du football alg\u00e9rien avec une domination logique du MC Alger et du CR Belouizdad qui trustent chacun six places, suivis de l&rsquo;USM Alger avec cinq repr\u00e9sentants. Cette r\u00e9partition garantit une coh\u00e9sion collective appr\u00e9ciable puisque les joueurs \u00e9voluent d\u00e9j\u00e0 ensemble au niveau des clubs les plus performants du championnat national. L&rsquo;un des aspects les plus remarquables de cette convocation r\u00e9side dans la pr\u00e9sence de sept internationaux A qui apportent leur exp\u00e9rience du haut niveau. Zakaria Bouhalfaya du CSC, Ilyes Chetti de l&rsquo;USMA, Naoufel Khacef du CRB, Abdelraouf Benguit du CRB, Mohamed Benkhemassa du MCA, Abderrahmane Meziane du CRB et Aymen Mahious du CRB constituent cette ossature exp\u00e9riment\u00e9e sur laquelle s&rsquo;appuiera le s\u00e9lectionneur pour structurer son groupe. Cependant, cette liste conna\u00eet quelques absences remarqu\u00e9es, \u00e0 commencer par celle d&rsquo;Adil Boulbina, meilleur buteur de la derni\u00e8re saison du championnat national avec vingt r\u00e9alisations. L&rsquo;attaquant de vingt-deux ans, pourtant d\u00e9cisif lors des barrages qualificatifs contre la Gambie, n&rsquo;est plus \u00e9ligible depuis son transfert vers Al-Duhail au Qatar o\u00f9 il a retrouv\u00e9 Djamel Belmadi le mois dernier. Cette absence prive l&rsquo;Alg\u00e9rie d&rsquo;un \u00e9l\u00e9ment offensif de premier plan, mais Lahlou Akhrib de la JSK conserve sa place et devra assumer une partie de la responsabilit\u00e9 du secteur offensif avec ses performances r\u00e9guli\u00e8res de ces derniers mois. La situation contractuelle d&rsquo;Aymen Mahious soul\u00e8ve \u00e9galement quelques interrogations puisque le joueur, actuellement en fin de pr\u00eat au CR Belouizdad, doit th\u00e9oriquement regagner Yverdon en Suisse. Cette incertitude pourrait compromettre sa participation au tournoi strictement r\u00e9serv\u00e9 aux joueurs \u00e9voluant dans les championnats africains. Plusieurs changements significatifs ont \u00e9t\u00e9 op\u00e9r\u00e9s par rapport \u00e0 l&rsquo;effectif qui avait brillamment \u00e9limin\u00e9 la Gambie lors des barrages qualificatifs. Dans les buts, Oussama Benbot et Abdelatif Ramdane c\u00e8dent leur place \u00e0 Abderrahmane Medjadel de l&rsquo;ASO, tandis qu&rsquo;en d\u00e9fense, Mohamed Reda Hamidi, Choua\u00efb Keddad et Imadeddine Azzi sont \u00e9vinc\u00e9s. Au milieu de terrain, Salah Bouchama et Brahim Dib laissent leurs places \u00e0 Akram Bouras du MCA, Zakaria Draoui du MCA et Messala Merbah du CSC, t\u00e9moignant de la volont\u00e9 du s\u00e9lectionneur d&rsquo;affiner son groupe en int\u00e9grant les joueurs les plus en forme. La Conf\u00e9d\u00e9ration africaine de football a officiellement lanc\u00e9 la campagne du CHAN 2025 en d\u00e9voilant l&rsquo;affiche officielle du tournoi ainsi que son th\u00e8me \u00e9vocateur \u00ab\u00a0PAMOJA\u00a0\u00bb, terme swahili signifiant unit\u00e9 qui d\u00e9passe le simple slogan pour incarner l&rsquo;esprit de coh\u00e9sion et d&rsquo;harmonie des communaut\u00e9s africaines. Cette \u00e9dition historique sera co-organis\u00e9e par le Kenya, l&rsquo;Ouganda et la Tanzanie du 2 au 30 ao\u00fbt, marquant une premi\u00e8re avec trois nations d&rsquo;Afrique de l&rsquo;Est unies pour accueillir un \u00e9v\u00e9nement continental majeur. L&rsquo;affiche officielle illustre avec force et couleur la vivacit\u00e9 du football africain et la richesse culturelle des pays h\u00f4tes \u00e0 travers des motifs dynamiques mettant en avant les paysages embl\u00e9matiques de cette r\u00e9gion du continent. Plac\u00e9e dans le groupe C, l&rsquo;Alg\u00e9rie entamera sa campagne le 4 ao\u00fbt face \u00e0 l&rsquo;Ouganda \u00e0 Kampala avant d&rsquo;affronter successivement l&rsquo;Afrique du Sud le 8 ao\u00fbt, la Guin\u00e9e le 15 ao\u00fbt et le Niger le 18 ao\u00fbt pour cl\u00f4turer la phase de groupes. Un programme de pr\u00e9paration intense attend les co\u00e9quipiers du capitaine Akram Bouras avec notamment deux matchs amicaux contre la RD Congo qui permettront \u00e0 Bougherra d&rsquo;ajuster ses derniers r\u00e9glages tactiques avant le d\u00e9part pour l&rsquo;Ouganda. Mais c&rsquo;est surtout vers la Coupe Arabe FIFA, pr\u00e9vue du 1er au 18 d\u00e9cembre au Qatar, que se tournent tous les regards et ambitions de l&rsquo;\u00e9quipe alg\u00e9rienne. Tenants du titre acquis m\u00e9morablement en 2021, les Verts locaux ne cachent pas leurs ambitions de d\u00e9crocher une deuxi\u00e8me couronne cons\u00e9cutive, objectif clairement affich\u00e9 par Bougherra devant les m\u00e9dias qataris. Vers\u00e9s dans le groupe D avec l&rsquo;Irak et les vainqueurs des barrages opposant Bahre\u00efn \u00e0 Djibouti et le Liban au Soudan, les Alg\u00e9riens savent que la mission sera plus ardue que lors de la pr\u00e9c\u00e9dente \u00e9dition, leur statut de champions en titre les exposant aux convoitises de tous leurs adversaires. Cette double \u00e9ch\u00e9ance s&rsquo;annonce doncd\u00e9terminante. Moncef Dahleb<\/p>\n","protected":false},"excerpt":{"rendered":"<p>L&rsquo;\u00e9quipe nationale A&rsquo; a officiellement entam\u00e9 dimanche au Centre technique national de Sidi Moussa sa pr\u00e9paration en vue du Championnat<\/p>\n","protected":false},"author":6,"featured_media":70729,"comment_status":"open","ping_status":"closed","sticky":false,"template":"","format":"standard","meta":{"colormag_page_container_layout":"default_layout","colormag_page_sidebar_layout":"default_layout","om_disable_all_campaigns":false,"_monsterinsights_skip_tracking":false,"_monsterinsights_sitenote_active":false,"_monsterinsights_sitenote_note":"","_monsterinsights_sitenote_category":0,"footnotes":"","_wpscppro_dont_share_socialmedia":false,"_wpscppro_custom_social_share_image":0,"_facebook_share_type":"default","_twitter_share_type":"default","_linkedin_share_type":"default","_pinterest_share_type":"default","_linkedin_share_type_page":"","_instagram_share_type":"default","_medium_share_type":"default","_threads_share_type":"","_google_business_share_type":"","_selected_social_profile":[],"_wpsp_enable_custom_social_template":false,"_wpsp_social_scheduling":{"enabled":false,"datetime":null,"platforms":[],"status":"template_only","dateOption":"today","timeOption":"now","customDays":"","customHours":"","customDate":"","customTime":"","schedulingType":"absolute"},"_wpsp_active_default_template":true},"categories":[52,33],"tags":[],"class_list":["post-70728","post","type-post","status-publish","format-standard","has-post-thumbnail","hentry","category-a-la-une","category-sports"],"aioseo_notices":[],"yoast_head":"<!-- This site is optimized with the Yoast SEO plugin v27.5 - https:\/\/yoast.com\/product\/yoast-seo-wordpress\/ -->\n<title>CHAN 2025: Les Verts A&rsquo; aff\u00fbtent leurs armes - La Sentinelle<\/title>\n<meta name=\"robots\" content=\"index, follow, max-snippet:-1, max-image-preview:large, max-video-preview:-1\" \/>\n<link rel=\"canonical\" href=\"https:\/\/lasentinelle.dz\/index.php\/2025\/07\/22\/chan-2025-les-verts-a-affutent-leurs-armes\/\" \/>\n<meta property=\"og:locale\" content=\"fr_FR\" \/>\n<meta property=\"og:type\" content=\"article\" \/>\n<meta property=\"og:title\" content=\"CHAN 2025: Les Verts A&rsquo; aff\u00fbtent leurs armes - La Sentinelle\" \/>\n<meta property=\"og:description\" content=\"L&rsquo;\u00e9quipe nationale A&rsquo; a officiellement entam\u00e9 dimanche au Centre technique national de Sidi Moussa sa pr\u00e9paration en vue du Championnat\" \/>\n<meta property=\"og:url\" content=\"https:\/\/lasentinelle.dz\/index.php\/2025\/07\/22\/chan-2025-les-verts-a-affutent-leurs-armes\/\" \/>\n<meta property=\"og:site_name\" content=\"La Sentinelle\" \/>\n<meta property=\"article:publisher\" content=\"https:\/\/www.facebook.com\/La-Sentinelle-104059864394773\" \/>\n<meta property=\"article:published_time\" content=\"2025-07-22T11:16:41+00:00\" \/>\n<meta property=\"article:modified_time\" content=\"2025-07-22T11:16:43+00:00\" \/>\n<meta property=\"og:image\" content=\"https:\/\/lasentinelle.dz\/wp-content\/uploads\/2025\/07\/Fennecs.jpg\" \/>\n\t<meta property=\"og:image:width\" content=\"2400\" \/>\n\t<meta property=\"og:image:height\" content=\"1600\" \/>\n\t<meta property=\"og:image:type\" content=\"image\/jpeg\" \/>\n<meta name=\"author\" content=\"admin\" \/>\n<meta name=\"twitter:card\" content=\"summary_large_image\" \/>\n<meta name=\"twitter:label1\" content=\"\u00c9crit par\" \/>\n\t<meta name=\"twitter:data1\" content=\"admin\" \/>\n\t<meta name=\"twitter:label2\" content=\"Dur\u00e9e de lecture estim\u00e9e\" \/>\n\t<meta name=\"twitter:data2\" content=\"5 minutes\" \/>\n<script type=\"application\/ld+json\" class=\"yoast-schema-graph\">{\"@context\":\"https:\\\/\\\/schema.org\",\"@graph\":[{\"@type\":\"Article\",\"@id\":\"https:\\\/\\\/lasentinelle.dz\\\/index.php\\\/2025\\\/07\\\/22\\\/chan-2025-les-verts-a-affutent-leurs-armes\\\/#article\",\"isPartOf\":{\"@id\":\"https:\\\/\\\/lasentinelle.dz\\\/index.php\\\/2025\\\/07\\\/22\\\/chan-2025-les-verts-a-affutent-leurs-armes\\\/\"},\"author\":{\"name\":\"admin\",\"@id\":\"https:\\\/\\\/lasentinelle.dz\\\/#\\\/schema\\\/person\\\/729ee0024f24e0b8c5ec17232f8e8b41\"},\"headline\":\"CHAN 2025: Les Verts A&rsquo; aff\u00fbtent leurs armes\",\"datePublished\":\"2025-07-22T11:16:41+00:00\",\"dateModified\":\"2025-07-22T11:16:43+00:00\",\"mainEntityOfPage\":{\"@id\":\"https:\\\/\\\/lasentinelle.dz\\\/index.php\\\/2025\\\/07\\\/22\\\/chan-2025-les-verts-a-affutent-leurs-armes\\\/\"},\"wordCount\":874,\"commentCount\":0,\"publisher\":{\"@id\":\"https:\\\/\\\/lasentinelle.dz\\\/#organization\"},\"image\":{\"@id\":\"https:\\\/\\\/lasentinelle.dz\\\/index.php\\\/2025\\\/07\\\/22\\\/chan-2025-les-verts-a-affutent-leurs-armes\\\/#primaryimage\"},\"thumbnailUrl\":\"https:\\\/\\\/lasentinelle.dz\\\/wp-content\\\/uploads\\\/2025\\\/07\\\/Fennecs.jpg\",\"articleSection\":[\"\u00c0 la Une\",\"Sports\"],\"inLanguage\":\"fr-FR\",\"potentialAction\":[{\"@type\":\"CommentAction\",\"name\":\"Comment\",\"target\":[\"https:\\\/\\\/lasentinelle.dz\\\/index.php\\\/2025\\\/07\\\/22\\\/chan-2025-les-verts-a-affutent-leurs-armes\\\/#respond\"]}]},{\"@type\":\"WebPage\",\"@id\":\"https:\\\/\\\/lasentinelle.dz\\\/index.php\\\/2025\\\/07\\\/22\\\/chan-2025-les-verts-a-affutent-leurs-armes\\\/\",\"url\":\"https:\\\/\\\/lasentinelle.dz\\\/index.php\\\/2025\\\/07\\\/22\\\/chan-2025-les-verts-a-affutent-leurs-armes\\\/\",\"name\":\"CHAN 2025: Les Verts A&rsquo; aff\u00fbtent leurs armes - La Sentinelle\",\"isPartOf\":{\"@id\":\"https:\\\/\\\/lasentinelle.dz\\\/#website\"},\"primaryImageOfPage\":{\"@id\":\"https:\\\/\\\/lasentinelle.dz\\\/index.php\\\/2025\\\/07\\\/22\\\/chan-2025-les-verts-a-affutent-leurs-armes\\\/#primaryimage\"},\"image\":{\"@id\":\"https:\\\/\\\/lasentinelle.dz\\\/index.php\\\/2025\\\/07\\\/22\\\/chan-2025-les-verts-a-affutent-leurs-armes\\\/#primaryimage\"},\"thumbnailUrl\":\"https:\\\/\\\/lasentinelle.dz\\\/wp-content\\\/uploads\\\/2025\\\/07\\\/Fennecs.jpg\",\"datePublished\":\"2025-07-22T11:16:41+00:00\",\"dateModified\":\"2025-07-22T11:16:43+00:00\",\"breadcrumb\":{\"@id\":\"https:\\\/\\\/lasentinelle.dz\\\/index.php\\\/2025\\\/07\\\/22\\\/chan-2025-les-verts-a-affutent-leurs-armes\\\/#breadcrumb\"},\"inLanguage\":\"fr-FR\",\"potentialAction\":[{\"@type\":\"ReadAction\",\"target\":[\"https:\\\/\\\/lasentinelle.dz\\\/index.php\\\/2025\\\/07\\\/22\\\/chan-2025-les-verts-a-affutent-leurs-armes\\\/\"]}]},{\"@type\":\"ImageObject\",\"inLanguage\":\"fr-FR\",\"@id\":\"https:\\\/\\\/lasentinelle.dz\\\/index.php\\\/2025\\\/07\\\/22\\\/chan-2025-les-verts-a-affutent-leurs-armes\\\/#primaryimage\",\"url\":\"https:\\\/\\\/lasentinelle.dz\\\/wp-content\\\/uploads\\\/2025\\\/07\\\/Fennecs.jpg\",\"contentUrl\":\"https:\\\/\\\/lasentinelle.dz\\\/wp-content\\\/uploads\\\/2025\\\/07\\\/Fennecs.jpg\",\"width\":2400,\"height\":1600},{\"@type\":\"BreadcrumbList\",\"@id\":\"https:\\\/\\\/lasentinelle.dz\\\/index.php\\\/2025\\\/07\\\/22\\\/chan-2025-les-verts-a-affutent-leurs-armes\\\/#breadcrumb\",\"itemListElement\":[{\"@type\":\"ListItem\",\"position\":1,\"name\":\"Accueil\",\"item\":\"https:\\\/\\\/lasentinelle.dz\\\/\"},{\"@type\":\"ListItem\",\"position\":2,\"name\":\"CHAN 2025: Les Verts A&rsquo; aff\u00fbtent leurs armes\"}]},{\"@type\":\"WebSite\",\"@id\":\"https:\\\/\\\/lasentinelle.dz\\\/#website\",\"url\":\"https:\\\/\\\/lasentinelle.dz\\\/\",\"name\":\"La Sentinelle\",\"description\":\"Quotidien national d&#039;information\",\"publisher\":{\"@id\":\"https:\\\/\\\/lasentinelle.dz\\\/#organization\"},\"potentialAction\":[{\"@type\":\"SearchAction\",\"target\":{\"@type\":\"EntryPoint\",\"urlTemplate\":\"https:\\\/\\\/lasentinelle.dz\\\/?s={search_term_string}\"},\"query-input\":{\"@type\":\"PropertyValueSpecification\",\"valueRequired\":true,\"valueName\":\"search_term_string\"}}],\"inLanguage\":\"fr-FR\"},{\"@type\":\"Organization\",\"@id\":\"https:\\\/\\\/lasentinelle.dz\\\/#organization\",\"name\":\"Quotidien La Sentinelle\",\"url\":\"https:\\\/\\\/lasentinelle.dz\\\/\",\"logo\":{\"@type\":\"ImageObject\",\"inLanguage\":\"fr-FR\",\"@id\":\"https:\\\/\\\/lasentinelle.dz\\\/#\\\/schema\\\/logo\\\/image\\\/\",\"url\":\"https:\\\/\\\/lasentinelle.dz\\\/wp-content\\\/uploads\\\/2021\\\/09\\\/logo-sentinelleSLOGAN-1.png\",\"contentUrl\":\"https:\\\/\\\/lasentinelle.dz\\\/wp-content\\\/uploads\\\/2021\\\/09\\\/logo-sentinelleSLOGAN-1.png\",\"width\":615,\"height\":142,\"caption\":\"Quotidien La Sentinelle\"},\"image\":{\"@id\":\"https:\\\/\\\/lasentinelle.dz\\\/#\\\/schema\\\/logo\\\/image\\\/\"},\"sameAs\":[\"https:\\\/\\\/www.facebook.com\\\/La-Sentinelle-104059864394773\"]},{\"@type\":\"Person\",\"@id\":\"https:\\\/\\\/lasentinelle.dz\\\/#\\\/schema\\\/person\\\/729ee0024f24e0b8c5ec17232f8e8b41\",\"name\":\"admin\",\"image\":{\"@type\":\"ImageObject\",\"inLanguage\":\"fr-FR\",\"@id\":\"https:\\\/\\\/secure.gravatar.com\\\/avatar\\\/4c81fed838786e9b53f540bf46533e750f5d292099ae3b66cfc6fb1982e29df7?s=96&d=mm&r=g\",\"url\":\"https:\\\/\\\/secure.gravatar.com\\\/avatar\\\/4c81fed838786e9b53f540bf46533e750f5d292099ae3b66cfc6fb1982e29df7?s=96&d=mm&r=g\",\"contentUrl\":\"https:\\\/\\\/secure.gravatar.com\\\/avatar\\\/4c81fed838786e9b53f540bf46533e750f5d292099ae3b66cfc6fb1982e29df7?s=96&d=mm&r=g\",\"caption\":\"admin\"},\"description\":\"admin\",\"url\":\"https:\\\/\\\/lasentinelle.dz\\\/author\\\/admin\\\/\"}]}<\/script>\n<!-- \/ Yoast SEO plugin. -->","yoast_head_json":{"title":"CHAN 2025: Les Verts A&rsquo; aff\u00fbtent leurs armes - La Sentinelle","robots":{"index":"index","follow":"follow","max-snippet":"max-snippet:-1","max-image-preview":"max-image-preview:large","max-video-preview":"max-video-preview:-1"},"canonical":"https:\/\/lasentinelle.dz\/index.php\/2025\/07\/22\/chan-2025-les-verts-a-affutent-leurs-armes\/","og_locale":"fr_FR","og_type":"article","og_title":"CHAN 2025: Les Verts A&rsquo; aff\u00fbtent leurs armes - La Sentinelle","og_description":"L&rsquo;\u00e9quipe nationale A&rsquo; a officiellement entam\u00e9 dimanche au Centre technique national de Sidi Moussa sa pr\u00e9paration en vue du Championnat","og_url":"https:\/\/lasentinelle.dz\/index.php\/2025\/07\/22\/chan-2025-les-verts-a-affutent-leurs-armes\/","og_site_name":"La Sentinelle","article_publisher":"https:\/\/www.facebook.com\/La-Sentinelle-104059864394773","article_published_time":"2025-07-22T11:16:41+00:00","article_modified_time":"2025-07-22T11:16:43+00:00","og_image":[{"width":2400,"height":1600,"url":"https:\/\/lasentinelle.dz\/wp-content\/uploads\/2025\/07\/Fennecs.jpg","type":"image\/jpeg"}],"author":"admin","twitter_card":"summary_large_image","twitter_misc":{"\u00c9crit par":"admin","Dur\u00e9e de lecture estim\u00e9e":"5 minutes"},"schema":{"@context":"https:\/\/schema.org","@graph":[{"@type":"Article","@id":"https:\/\/lasentinelle.dz\/index.php\/2025\/07\/22\/chan-2025-les-verts-a-affutent-leurs-armes\/#article","isPartOf":{"@id":"https:\/\/lasentinelle.dz\/index.php\/2025\/07\/22\/chan-2025-les-verts-a-affutent-leurs-armes\/"},"author":{"name":"admin","@id":"https:\/\/lasentinelle.dz\/#\/schema\/person\/729ee0024f24e0b8c5ec17232f8e8b41"},"headline":"CHAN 2025: Les Verts A&rsquo; aff\u00fbtent leurs armes","datePublished":"2025-07-22T11:16:41+00:00","dateModified":"2025-07-22T11:16:43+00:00","mainEntityOfPage":{"@id":"https:\/\/lasentinelle.dz\/index.php\/2025\/07\/22\/chan-2025-les-verts-a-affutent-leurs-armes\/"},"wordCount":874,"commentCount":0,"publisher":{"@id":"https:\/\/lasentinelle.dz\/#organization"},"image":{"@id":"https:\/\/lasentinelle.dz\/index.php\/2025\/07\/22\/chan-2025-les-verts-a-affutent-leurs-armes\/#primaryimage"},"thumbnailUrl":"https:\/\/lasentinelle.dz\/wp-content\/uploads\/2025\/07\/Fennecs.jpg","articleSection":["\u00c0 la Une","Sports"],"inLanguage":"fr-FR","potentialAction":[{"@type":"CommentAction","name":"Comment","target":["https:\/\/lasentinelle.dz\/index.php\/2025\/07\/22\/chan-2025-les-verts-a-affutent-leurs-armes\/#respond"]}]},{"@type":"WebPage","@id":"https:\/\/lasentinelle.dz\/index.php\/2025\/07\/22\/chan-2025-les-verts-a-affutent-leurs-armes\/","url":"https:\/\/lasentinelle.dz\/index.php\/2025\/07\/22\/chan-2025-les-verts-a-affutent-leurs-armes\/","name":"CHAN 2025: Les Verts A&rsquo; aff\u00fbtent leurs armes - La Sentinelle","isPartOf":{"@id":"https:\/\/lasentinelle.dz\/#website"},"primaryImageOfPage":{"@id":"https:\/\/lasentinelle.dz\/index.php\/2025\/07\/22\/chan-2025-les-verts-a-affutent-leurs-armes\/#primaryimage"},"image":{"@id":"https:\/\/lasentinelle.dz\/index.php\/2025\/07\/22\/chan-2025-les-verts-a-affutent-leurs-armes\/#primaryimage"},"thumbnailUrl":"https:\/\/lasentinelle.dz\/wp-content\/uploads\/2025\/07\/Fennecs.jpg","datePublished":"2025-07-22T11:16:41+00:00","dateModified":"2025-07-22T11:16:43+00:00","breadcrumb":{"@id":"https:\/\/lasentinelle.dz\/index.php\/2025\/07\/22\/chan-2025-les-verts-a-affutent-leurs-armes\/#breadcrumb"},"inLanguage":"fr-FR","potentialAction":[{"@type":"ReadAction","target":["https:\/\/lasentinelle.dz\/index.php\/2025\/07\/22\/chan-2025-les-verts-a-affutent-leurs-armes\/"]}]},{"@type":"ImageObject","inLanguage":"fr-FR","@id":"https:\/\/lasentinelle.dz\/index.php\/2025\/07\/22\/chan-2025-les-verts-a-affutent-leurs-armes\/#primaryimage","url":"https:\/\/lasentinelle.dz\/wp-content\/uploads\/2025\/07\/Fennecs.jpg","contentUrl":"https:\/\/lasentinelle.dz\/wp-content\/uploads\/2025\/07\/Fennecs.jpg","width":2400,"height":1600},{"@type":"BreadcrumbList","@id":"https:\/\/lasentinelle.dz\/index.php\/2025\/07\/22\/chan-2025-les-verts-a-affutent-leurs-armes\/#breadcrumb","itemListElement":[{"@type":"ListItem","position":1,"name":"Accueil","item":"https:\/\/lasentinelle.dz\/"},{"@type":"ListItem","position":2,"name":"CHAN 2025: Les Verts A&rsquo; aff\u00fbtent leurs armes"}]},{"@type":"WebSite","@id":"https:\/\/lasentinelle.dz\/#website","url":"https:\/\/lasentinelle.dz\/","name":"La Sentinelle","description":"Quotidien national d&#039;information","publisher":{"@id":"https:\/\/lasentinelle.dz\/#organization"},"potentialAction":[{"@type":"SearchAction","target":{"@type":"EntryPoint","urlTemplate":"https:\/\/lasentinelle.dz\/?s={search_term_string}"},"query-input":{"@type":"PropertyValueSpecification","valueRequired":true,"valueName":"search_term_string"}}],"inLanguage":"fr-FR"},{"@type":"Organization","@id":"https:\/\/lasentinelle.dz\/#organization","name":"Quotidien La Sentinelle","url":"https:\/\/lasentinelle.dz\/","logo":{"@type":"ImageObject","inLanguage":"fr-FR","@id":"https:\/\/lasentinelle.dz\/#\/schema\/logo\/image\/","url":"https:\/\/lasentinelle.dz\/wp-content\/uploads\/2021\/09\/logo-sentinelleSLOGAN-1.png","contentUrl":"https:\/\/lasentinelle.dz\/wp-content\/uploads\/2021\/09\/logo-sentinelleSLOGAN-1.png","width":615,"height":142,"caption":"Quotidien La Sentinelle"},"image":{"@id":"https:\/\/lasentinelle.dz\/#\/schema\/logo\/image\/"},"sameAs":["https:\/\/www.facebook.com\/La-Sentinelle-104059864394773"]},{"@type":"Person","@id":"https:\/\/lasentinelle.dz\/#\/schema\/person\/729ee0024f24e0b8c5ec17232f8e8b41","name":"admin","image":{"@type":"ImageObject","inLanguage":"fr-FR","@id":"https:\/\/secure.gravatar.com\/avatar\/4c81fed838786e9b53f540bf46533e750f5d292099ae3b66cfc6fb1982e29df7?s=96&d=mm&r=g","url":"https:\/\/secure.gravatar.com\/avatar\/4c81fed838786e9b53f540bf46533e750f5d292099ae3b66cfc6fb1982e29df7?s=96&d=mm&r=g","contentUrl":"https:\/\/secure.gravatar.com\/avatar\/4c81fed838786e9b53f540bf46533e750f5d292099ae3b66cfc6fb1982e29df7?s=96&d=mm&r=g","caption":"admin"},"description":"admin","url":"https:\/\/lasentinelle.dz\/author\/admin\/"}]}},"_links":{"self":[{"href":"https:\/\/lasentinelle.dz\/index.php\/wp-json\/wp\/v2\/posts\/70728","targetHints":{"allow":["GET"]}}],"collection":[{"href":"https:\/\/lasentinelle.dz\/index.php\/wp-json\/wp\/v2\/posts"}],"about":[{"href":"https:\/\/lasentinelle.dz\/index.php\/wp-json\/wp\/v2\/types\/post"}],"author":[{"embeddable":true,"href":"https:\/\/lasentinelle.dz\/index.php\/wp-json\/wp\/v2\/users\/6"}],"replies":[{"embeddable":true,"href":"https:\/\/lasentinelle.dz\/index.php\/wp-json\/wp\/v2\/comments?post=70728"}],"version-history":[{"count":2,"href":"https:\/\/lasentinelle.dz\/index.php\/wp-json\/wp\/v2\/posts\/70728\/revisions"}],"predecessor-version":[{"id":70731,"href":"https:\/\/lasentinelle.dz\/index.php\/wp-json\/wp\/v2\/posts\/70728\/revisions\/70731"}],"wp:featuredmedia":[{"embeddable":true,"href":"https:\/\/lasentinelle.dz\/index.php\/wp-json\/wp\/v2\/media\/70729"}],"wp:attachment":[{"href":"https:\/\/lasentinelle.dz\/index.php\/wp-json\/wp\/v2\/media?parent=70728"}],"wp:term":[{"taxonomy":"category","embeddable":true,"href":"https:\/\/lasentinelle.dz\/index.php\/wp-json\/wp\/v2\/categories?post=70728"},{"taxonomy":"post_tag","embeddable":true,"href":"https:\/\/lasentinelle.dz\/index.php\/wp-json\/wp\/v2\/tags?post=70728"}],"curies":[{"name":"wp","href":"https:\/\/api.w.org\/{rel}","templated":true}]}}