{"id":70732,"date":"2025-07-22T12:17:50","date_gmt":"2025-07-22T11:17:50","guid":{"rendered":"https:\/\/lasentinelle.dz\/?p=70732"},"modified":"2025-07-22T12:17:50","modified_gmt":"2025-07-22T11:17:50","slug":"medea-un-cac-et-dun-complexe-mere-et-enfant-en-cours-de-realisation","status":"publish","type":"post","link":"https:\/\/lasentinelle.dz\/index.php\/2025\/07\/22\/medea-un-cac-et-dun-complexe-mere-et-enfant-en-cours-de-realisation\/","title":{"rendered":"M\u00e9d\u00e9a : Un CAC et d&rsquo;un complexe m\u00e8re et enfant en cours de r\u00e9alisation"},"content":{"rendered":"\n<p>La wilaya de M\u00e9d\u00e9a am\u00e9liore sa couverture sanitaire avec la r\u00e9alisation simultan\u00e9e de deux projets d&rsquo;envergure qui placent la lutte contre le cancer et la sant\u00e9 maternelle et infantile au c\u0153ur des priorit\u00e9s r\u00e9gionales. Le centre anti-cancer d&rsquo;Ouzera et le complexe m\u00e8re-enfant de M\u00e9d\u00e9a, actuellement en cours de construction, t\u00e9moignent de la volont\u00e9 des autorit\u00e9s de transformer radicalement l&rsquo;offre de soins dans cette r\u00e9gion. Le directeur de la sant\u00e9 et de la population, Mohamed Zohir Hadj Sadok, a confirm\u00e9 lundi que ces deux projets strat\u00e9giques affichent un rythme d&rsquo;ex\u00e9cution satisfaisant et constituent les piliers d&rsquo;une nouvelle approche m\u00e9dicale territoriale. Cette dynamique s&rsquo;inscrit dans une logique de rapprochement des soins sp\u00e9cialis\u00e9s des citoyens, r\u00e9duisant ainsi les d\u00e9placements vers les grands centres urbains et garantissant une prise en charge de proximit\u00e9 de qualit\u00e9.<\/p>\n\n\n\n<p>Le centre anti-cancer d&rsquo;Ouzera, situ\u00e9 \u00e0 l&rsquo;est de M\u00e9d\u00e9a, repr\u00e9sente un tournant majeur dans la lutte contre cette pathologie dans la r\u00e9gion. Les travaux de gros \u0153uvre touchent \u00e0 leur fin, marquant une avanc\u00e9e significative vers la mise en service de cette infrastructure vitale. L&rsquo;acquisition de trois acc\u00e9l\u00e9rateurs destin\u00e9s au service de radioth\u00e9rapie, ainsi que l&rsquo;ensemble des \u00e9quipements m\u00e9dicaux n\u00e9cessaires \u00e0 la prise en charge des patients canc\u00e9reux, fait actuellement l&rsquo;objet d&rsquo;une proc\u00e9dure de validation au niveau du minist\u00e8re de la Sant\u00e9, avec une finalisation attendue dans les prochains jours. L&rsquo;ambition de ce centre d\u00e9passe la simple lutte contre le cancer puisqu&rsquo;il int\u00e9grera des services de chirurgie, de cardiologie et d&rsquo;urgences m\u00e9dicales, transformant ainsi Ouzera en v\u00e9ritable p\u00f4le m\u00e9dical r\u00e9gional. Cette approche multidisciplinaire permettra d&rsquo;optimiser l&rsquo;utilisation des ressources humaines et mat\u00e9rielles tout en offrant aux patients une prise en charge globale et coordonn\u00e9e. Le choix strat\u00e9gique de cette localisation vise \u00e0 d\u00e9sengorger les structures hospitali\u00e8res de la capitale et \u00e0 cr\u00e9er un nouveau centre d&rsquo;excellence m\u00e9dical dans l&rsquo;est de la wilaya.<\/p>\n\n\n\n<p>Parall\u00e8lement, le complexe m\u00e8re-enfant implant\u00e9 au chef-lieu de wilaya concr\u00e9tise l&rsquo;engagement des autorit\u00e9s en faveur de la sant\u00e9 maternelle et infantile. Avec un taux d&rsquo;avancement des travaux estim\u00e9 \u00e0 25%, ce projet d&rsquo;envergure devrait voir ses travaux de construction achev\u00e9s d&rsquo;ici la fin 2025, avant l&rsquo;installation des \u00e9quipements pr\u00e9vue courant 2026. Cette infrastructure de 120 lits constituera un centre d&rsquo;excellence d\u00e9di\u00e9 \u00e0 la p\u00e9rinatalit\u00e9 et \u00e0 la p\u00e9diatrie. La conception de ce complexe refl\u00e8te une approche moderne et int\u00e9gr\u00e9e de la sant\u00e9 maternelle et infantile, avec des blocs op\u00e9ratoires, un service de r\u00e9animation, des salles d&rsquo;accouchement \u00e9quip\u00e9es, une nurserie moderne, des laboratoires d&rsquo;analyses m\u00e9dicales, une pharmacie et des salles d&rsquo;imagerie m\u00e9dicale de derni\u00e8re g\u00e9n\u00e9ration. Les services gyn\u00e9cologiques, obst\u00e9triques, de n\u00e9onatalogie, de chirurgie p\u00e9diatrique et d&rsquo;urgences m\u00e9dicales compl\u00e8tent cette offre exhaustive, positionnant M\u00e9d\u00e9a comme un r\u00e9f\u00e9rent r\u00e9gional en mati\u00e8re de sant\u00e9 materno-infantile.<\/p>\n\n\n\n<p>Ces deux projets structurants illustrent parfaitement la nouvelle politique sanitaire nationale qui privil\u00e9gie la d\u00e9centralisation des soins sp\u00e9cialis\u00e9s et l&rsquo;am\u00e9lioration de l&rsquo;accessibilit\u00e9 aux traitements de pointe. Ils repr\u00e9sentent un investissement consid\u00e9rable dans l&rsquo;avenir sanitaire de la r\u00e9gion et t\u00e9moignent d&rsquo;une vision \u00e0 long terme qui place la sant\u00e9 publique au centre des pr\u00e9occupations de d\u00e9veloppement territorial.<\/p>\n\n\n\n<p>R.R.<\/p>\n","protected":false},"excerpt":{"rendered":"<p>La wilaya de M\u00e9d\u00e9a am\u00e9liore sa couverture sanitaire avec la r\u00e9alisation simultan\u00e9e de deux projets d&rsquo;envergure qui placent la lutte<\/p>\n","protected":false},"author":6,"featured_media":56604,"comment_status":"open","ping_status":"closed","sticky":false,"template":"","format":"standard","meta":{"colormag_page_container_layout":"default_layout","colormag_page_sidebar_layout":"default_layout","om_disable_all_campaigns":false,"_monsterinsights_skip_tracking":false,"_monsterinsights_sitenote_active":false,"_monsterinsights_sitenote_note":"","_monsterinsights_sitenote_category":0,"footnotes":"","_wpscppro_dont_share_socialmedia":false,"_wpscppro_custom_social_share_image":0,"_facebook_share_type":"default","_twitter_share_type":"default","_linkedin_share_type":"default","_pinterest_share_type":"default","_linkedin_share_type_page":"","_instagram_share_type":"default","_medium_share_type":"default","_threads_share_type":"","_google_business_share_type":"","_selected_social_profile":[],"_wpsp_enable_custom_social_template":false,"_wpsp_social_scheduling":{"enabled":false,"datetime":null,"platforms":[],"status":"template_only","dateOption":"today","timeOption":"now","customDays":"","customHours":"","customDate":"","customTime":"","schedulingType":"absolute"},"_wpsp_active_default_template":true},"categories":[31],"tags":[],"class_list":["post-70732","post","type-post","status-publish","format-standard","has-post-thumbnail","hentry","category-regions"],"aioseo_notices":[],"yoast_head":"<!-- This site is optimized with the Yoast SEO plugin v27.5 - https:\/\/yoast.com\/product\/yoast-seo-wordpress\/ -->\n<title>M\u00e9d\u00e9a : Un CAC et d&rsquo;un complexe m\u00e8re et enfant en cours de r\u00e9alisation - La Sentinelle<\/title>\n<meta name=\"robots\" content=\"index, follow, max-snippet:-1, max-image-preview:large, max-video-preview:-1\" \/>\n<link rel=\"canonical\" href=\"https:\/\/lasentinelle.dz\/index.php\/2025\/07\/22\/medea-un-cac-et-dun-complexe-mere-et-enfant-en-cours-de-realisation\/\" \/>\n<meta property=\"og:locale\" content=\"fr_FR\" \/>\n<meta property=\"og:type\" content=\"article\" \/>\n<meta property=\"og:title\" content=\"M\u00e9d\u00e9a : Un CAC et d&rsquo;un complexe m\u00e8re et enfant en cours de r\u00e9alisation - La Sentinelle\" \/>\n<meta property=\"og:description\" content=\"La wilaya de M\u00e9d\u00e9a am\u00e9liore sa couverture sanitaire avec la r\u00e9alisation simultan\u00e9e de deux projets d&rsquo;envergure qui placent la lutte\" \/>\n<meta property=\"og:url\" content=\"https:\/\/lasentinelle.dz\/index.php\/2025\/07\/22\/medea-un-cac-et-dun-complexe-mere-et-enfant-en-cours-de-realisation\/\" \/>\n<meta property=\"og:site_name\" content=\"La Sentinelle\" \/>\n<meta property=\"article:publisher\" content=\"https:\/\/www.facebook.com\/La-Sentinelle-104059864394773\" \/>\n<meta property=\"article:published_time\" content=\"2025-07-22T11:17:50+00:00\" \/>\n<meta property=\"og:image\" content=\"https:\/\/lasentinelle.dz\/wp-content\/uploads\/2024\/09\/CAC.jpeg\" \/>\n\t<meta property=\"og:image:width\" content=\"300\" \/>\n\t<meta property=\"og:image:height\" content=\"168\" \/>\n\t<meta property=\"og:image:type\" content=\"image\/jpeg\" \/>\n<meta name=\"author\" content=\"admin\" \/>\n<meta name=\"twitter:card\" content=\"summary_large_image\" \/>\n<meta name=\"twitter:label1\" content=\"\u00c9crit par\" \/>\n\t<meta name=\"twitter:data1\" content=\"admin\" \/>\n\t<meta name=\"twitter:label2\" content=\"Dur\u00e9e de lecture estim\u00e9e\" \/>\n\t<meta name=\"twitter:data2\" content=\"3 minutes\" \/>\n<script type=\"application\/ld+json\" class=\"yoast-schema-graph\">{\"@context\":\"https:\\\/\\\/schema.org\",\"@graph\":[{\"@type\":\"Article\",\"@id\":\"https:\\\/\\\/lasentinelle.dz\\\/index.php\\\/2025\\\/07\\\/22\\\/medea-un-cac-et-dun-complexe-mere-et-enfant-en-cours-de-realisation\\\/#article\",\"isPartOf\":{\"@id\":\"https:\\\/\\\/lasentinelle.dz\\\/index.php\\\/2025\\\/07\\\/22\\\/medea-un-cac-et-dun-complexe-mere-et-enfant-en-cours-de-realisation\\\/\"},\"author\":{\"name\":\"admin\",\"@id\":\"https:\\\/\\\/lasentinelle.dz\\\/#\\\/schema\\\/person\\\/729ee0024f24e0b8c5ec17232f8e8b41\"},\"headline\":\"M\u00e9d\u00e9a : Un CAC et d&rsquo;un complexe m\u00e8re et enfant en cours de r\u00e9alisation\",\"datePublished\":\"2025-07-22T11:17:50+00:00\",\"mainEntityOfPage\":{\"@id\":\"https:\\\/\\\/lasentinelle.dz\\\/index.php\\\/2025\\\/07\\\/22\\\/medea-un-cac-et-dun-complexe-mere-et-enfant-en-cours-de-realisation\\\/\"},\"wordCount\":632,\"commentCount\":0,\"publisher\":{\"@id\":\"https:\\\/\\\/lasentinelle.dz\\\/#organization\"},\"image\":{\"@id\":\"https:\\\/\\\/lasentinelle.dz\\\/index.php\\\/2025\\\/07\\\/22\\\/medea-un-cac-et-dun-complexe-mere-et-enfant-en-cours-de-realisation\\\/#primaryimage\"},\"thumbnailUrl\":\"https:\\\/\\\/lasentinelle.dz\\\/wp-content\\\/uploads\\\/2024\\\/09\\\/CAC.jpeg\",\"articleSection\":[\"R\u00e9gions\"],\"inLanguage\":\"fr-FR\",\"potentialAction\":[{\"@type\":\"CommentAction\",\"name\":\"Comment\",\"target\":[\"https:\\\/\\\/lasentinelle.dz\\\/index.php\\\/2025\\\/07\\\/22\\\/medea-un-cac-et-dun-complexe-mere-et-enfant-en-cours-de-realisation\\\/#respond\"]}]},{\"@type\":\"WebPage\",\"@id\":\"https:\\\/\\\/lasentinelle.dz\\\/index.php\\\/2025\\\/07\\\/22\\\/medea-un-cac-et-dun-complexe-mere-et-enfant-en-cours-de-realisation\\\/\",\"url\":\"https:\\\/\\\/lasentinelle.dz\\\/index.php\\\/2025\\\/07\\\/22\\\/medea-un-cac-et-dun-complexe-mere-et-enfant-en-cours-de-realisation\\\/\",\"name\":\"M\u00e9d\u00e9a : Un CAC et d&rsquo;un complexe m\u00e8re et enfant en cours de r\u00e9alisation - La Sentinelle\",\"isPartOf\":{\"@id\":\"https:\\\/\\\/lasentinelle.dz\\\/#website\"},\"primaryImageOfPage\":{\"@id\":\"https:\\\/\\\/lasentinelle.dz\\\/index.php\\\/2025\\\/07\\\/22\\\/medea-un-cac-et-dun-complexe-mere-et-enfant-en-cours-de-realisation\\\/#primaryimage\"},\"image\":{\"@id\":\"https:\\\/\\\/lasentinelle.dz\\\/index.php\\\/2025\\\/07\\\/22\\\/medea-un-cac-et-dun-complexe-mere-et-enfant-en-cours-de-realisation\\\/#primaryimage\"},\"thumbnailUrl\":\"https:\\\/\\\/lasentinelle.dz\\\/wp-content\\\/uploads\\\/2024\\\/09\\\/CAC.jpeg\",\"datePublished\":\"2025-07-22T11:17:50+00:00\",\"breadcrumb\":{\"@id\":\"https:\\\/\\\/lasentinelle.dz\\\/index.php\\\/2025\\\/07\\\/22\\\/medea-un-cac-et-dun-complexe-mere-et-enfant-en-cours-de-realisation\\\/#breadcrumb\"},\"inLanguage\":\"fr-FR\",\"potentialAction\":[{\"@type\":\"ReadAction\",\"target\":[\"https:\\\/\\\/lasentinelle.dz\\\/index.php\\\/2025\\\/07\\\/22\\\/medea-un-cac-et-dun-complexe-mere-et-enfant-en-cours-de-realisation\\\/\"]}]},{\"@type\":\"ImageObject\",\"inLanguage\":\"fr-FR\",\"@id\":\"https:\\\/\\\/lasentinelle.dz\\\/index.php\\\/2025\\\/07\\\/22\\\/medea-un-cac-et-dun-complexe-mere-et-enfant-en-cours-de-realisation\\\/#primaryimage\",\"url\":\"https:\\\/\\\/lasentinelle.dz\\\/wp-content\\\/uploads\\\/2024\\\/09\\\/CAC.jpeg\",\"contentUrl\":\"https:\\\/\\\/lasentinelle.dz\\\/wp-content\\\/uploads\\\/2024\\\/09\\\/CAC.jpeg\",\"width\":300,\"height\":168},{\"@type\":\"BreadcrumbList\",\"@id\":\"https:\\\/\\\/lasentinelle.dz\\\/index.php\\\/2025\\\/07\\\/22\\\/medea-un-cac-et-dun-complexe-mere-et-enfant-en-cours-de-realisation\\\/#breadcrumb\",\"itemListElement\":[{\"@type\":\"ListItem\",\"position\":1,\"name\":\"Accueil\",\"item\":\"https:\\\/\\\/lasentinelle.dz\\\/\"},{\"@type\":\"ListItem\",\"position\":2,\"name\":\"M\u00e9d\u00e9a : Un CAC et d&rsquo;un complexe m\u00e8re et enfant en cours de r\u00e9alisation\"}]},{\"@type\":\"WebSite\",\"@id\":\"https:\\\/\\\/lasentinelle.dz\\\/#website\",\"url\":\"https:\\\/\\\/lasentinelle.dz\\\/\",\"name\":\"La Sentinelle\",\"description\":\"Quotidien national d&#039;information\",\"publisher\":{\"@id\":\"https:\\\/\\\/lasentinelle.dz\\\/#organization\"},\"potentialAction\":[{\"@type\":\"SearchAction\",\"target\":{\"@type\":\"EntryPoint\",\"urlTemplate\":\"https:\\\/\\\/lasentinelle.dz\\\/?s={search_term_string}\"},\"query-input\":{\"@type\":\"PropertyValueSpecification\",\"valueRequired\":true,\"valueName\":\"search_term_string\"}}],\"inLanguage\":\"fr-FR\"},{\"@type\":\"Organization\",\"@id\":\"https:\\\/\\\/lasentinelle.dz\\\/#organization\",\"name\":\"Quotidien La Sentinelle\",\"url\":\"https:\\\/\\\/lasentinelle.dz\\\/\",\"logo\":{\"@type\":\"ImageObject\",\"inLanguage\":\"fr-FR\",\"@id\":\"https:\\\/\\\/lasentinelle.dz\\\/#\\\/schema\\\/logo\\\/image\\\/\",\"url\":\"https:\\\/\\\/lasentinelle.dz\\\/wp-content\\\/uploads\\\/2021\\\/09\\\/logo-sentinelleSLOGAN-1.png\",\"contentUrl\":\"https:\\\/\\\/lasentinelle.dz\\\/wp-content\\\/uploads\\\/2021\\\/09\\\/logo-sentinelleSLOGAN-1.png\",\"width\":615,\"height\":142,\"caption\":\"Quotidien La Sentinelle\"},\"image\":{\"@id\":\"https:\\\/\\\/lasentinelle.dz\\\/#\\\/schema\\\/logo\\\/image\\\/\"},\"sameAs\":[\"https:\\\/\\\/www.facebook.com\\\/La-Sentinelle-104059864394773\"]},{\"@type\":\"Person\",\"@id\":\"https:\\\/\\\/lasentinelle.dz\\\/#\\\/schema\\\/person\\\/729ee0024f24e0b8c5ec17232f8e8b41\",\"name\":\"admin\",\"image\":{\"@type\":\"ImageObject\",\"inLanguage\":\"fr-FR\",\"@id\":\"https:\\\/\\\/secure.gravatar.com\\\/avatar\\\/4c81fed838786e9b53f540bf46533e750f5d292099ae3b66cfc6fb1982e29df7?s=96&d=mm&r=g\",\"url\":\"https:\\\/\\\/secure.gravatar.com\\\/avatar\\\/4c81fed838786e9b53f540bf46533e750f5d292099ae3b66cfc6fb1982e29df7?s=96&d=mm&r=g\",\"contentUrl\":\"https:\\\/\\\/secure.gravatar.com\\\/avatar\\\/4c81fed838786e9b53f540bf46533e750f5d292099ae3b66cfc6fb1982e29df7?s=96&d=mm&r=g\",\"caption\":\"admin\"},\"description\":\"admin\",\"url\":\"https:\\\/\\\/lasentinelle.dz\\\/author\\\/admin\\\/\"}]}<\/script>\n<!-- \/ Yoast SEO plugin. -->","yoast_head_json":{"title":"M\u00e9d\u00e9a : Un CAC et d&rsquo;un complexe m\u00e8re et enfant en cours de r\u00e9alisation - La Sentinelle","robots":{"index":"index","follow":"follow","max-snippet":"max-snippet:-1","max-image-preview":"max-image-preview:large","max-video-preview":"max-video-preview:-1"},"canonical":"https:\/\/lasentinelle.dz\/index.php\/2025\/07\/22\/medea-un-cac-et-dun-complexe-mere-et-enfant-en-cours-de-realisation\/","og_locale":"fr_FR","og_type":"article","og_title":"M\u00e9d\u00e9a : Un CAC et d&rsquo;un complexe m\u00e8re et enfant en cours de r\u00e9alisation - La Sentinelle","og_description":"La wilaya de M\u00e9d\u00e9a am\u00e9liore sa couverture sanitaire avec la r\u00e9alisation simultan\u00e9e de deux projets d&rsquo;envergure qui placent la lutte","og_url":"https:\/\/lasentinelle.dz\/index.php\/2025\/07\/22\/medea-un-cac-et-dun-complexe-mere-et-enfant-en-cours-de-realisation\/","og_site_name":"La Sentinelle","article_publisher":"https:\/\/www.facebook.com\/La-Sentinelle-104059864394773","article_published_time":"2025-07-22T11:17:50+00:00","og_image":[{"width":300,"height":168,"url":"https:\/\/lasentinelle.dz\/wp-content\/uploads\/2024\/09\/CAC.jpeg","type":"image\/jpeg"}],"author":"admin","twitter_card":"summary_large_image","twitter_misc":{"\u00c9crit par":"admin","Dur\u00e9e de lecture estim\u00e9e":"3 minutes"},"schema":{"@context":"https:\/\/schema.org","@graph":[{"@type":"Article","@id":"https:\/\/lasentinelle.dz\/index.php\/2025\/07\/22\/medea-un-cac-et-dun-complexe-mere-et-enfant-en-cours-de-realisation\/#article","isPartOf":{"@id":"https:\/\/lasentinelle.dz\/index.php\/2025\/07\/22\/medea-un-cac-et-dun-complexe-mere-et-enfant-en-cours-de-realisation\/"},"author":{"name":"admin","@id":"https:\/\/lasentinelle.dz\/#\/schema\/person\/729ee0024f24e0b8c5ec17232f8e8b41"},"headline":"M\u00e9d\u00e9a : Un CAC et d&rsquo;un complexe m\u00e8re et enfant en cours de r\u00e9alisation","datePublished":"2025-07-22T11:17:50+00:00","mainEntityOfPage":{"@id":"https:\/\/lasentinelle.dz\/index.php\/2025\/07\/22\/medea-un-cac-et-dun-complexe-mere-et-enfant-en-cours-de-realisation\/"},"wordCount":632,"commentCount":0,"publisher":{"@id":"https:\/\/lasentinelle.dz\/#organization"},"image":{"@id":"https:\/\/lasentinelle.dz\/index.php\/2025\/07\/22\/medea-un-cac-et-dun-complexe-mere-et-enfant-en-cours-de-realisation\/#primaryimage"},"thumbnailUrl":"https:\/\/lasentinelle.dz\/wp-content\/uploads\/2024\/09\/CAC.jpeg","articleSection":["R\u00e9gions"],"inLanguage":"fr-FR","potentialAction":[{"@type":"CommentAction","name":"Comment","target":["https:\/\/lasentinelle.dz\/index.php\/2025\/07\/22\/medea-un-cac-et-dun-complexe-mere-et-enfant-en-cours-de-realisation\/#respond"]}]},{"@type":"WebPage","@id":"https:\/\/lasentinelle.dz\/index.php\/2025\/07\/22\/medea-un-cac-et-dun-complexe-mere-et-enfant-en-cours-de-realisation\/","url":"https:\/\/lasentinelle.dz\/index.php\/2025\/07\/22\/medea-un-cac-et-dun-complexe-mere-et-enfant-en-cours-de-realisation\/","name":"M\u00e9d\u00e9a : Un CAC et d&rsquo;un complexe m\u00e8re et enfant en cours de r\u00e9alisation - La Sentinelle","isPartOf":{"@id":"https:\/\/lasentinelle.dz\/#website"},"primaryImageOfPage":{"@id":"https:\/\/lasentinelle.dz\/index.php\/2025\/07\/22\/medea-un-cac-et-dun-complexe-mere-et-enfant-en-cours-de-realisation\/#primaryimage"},"image":{"@id":"https:\/\/lasentinelle.dz\/index.php\/2025\/07\/22\/medea-un-cac-et-dun-complexe-mere-et-enfant-en-cours-de-realisation\/#primaryimage"},"thumbnailUrl":"https:\/\/lasentinelle.dz\/wp-content\/uploads\/2024\/09\/CAC.jpeg","datePublished":"2025-07-22T11:17:50+00:00","breadcrumb":{"@id":"https:\/\/lasentinelle.dz\/index.php\/2025\/07\/22\/medea-un-cac-et-dun-complexe-mere-et-enfant-en-cours-de-realisation\/#breadcrumb"},"inLanguage":"fr-FR","potentialAction":[{"@type":"ReadAction","target":["https:\/\/lasentinelle.dz\/index.php\/2025\/07\/22\/medea-un-cac-et-dun-complexe-mere-et-enfant-en-cours-de-realisation\/"]}]},{"@type":"ImageObject","inLanguage":"fr-FR","@id":"https:\/\/lasentinelle.dz\/index.php\/2025\/07\/22\/medea-un-cac-et-dun-complexe-mere-et-enfant-en-cours-de-realisation\/#primaryimage","url":"https:\/\/lasentinelle.dz\/wp-content\/uploads\/2024\/09\/CAC.jpeg","contentUrl":"https:\/\/lasentinelle.dz\/wp-content\/uploads\/2024\/09\/CAC.jpeg","width":300,"height":168},{"@type":"BreadcrumbList","@id":"https:\/\/lasentinelle.dz\/index.php\/2025\/07\/22\/medea-un-cac-et-dun-complexe-mere-et-enfant-en-cours-de-realisation\/#breadcrumb","itemListElement":[{"@type":"ListItem","position":1,"name":"Accueil","item":"https:\/\/lasentinelle.dz\/"},{"@type":"ListItem","position":2,"name":"M\u00e9d\u00e9a : Un CAC et d&rsquo;un complexe m\u00e8re et enfant en cours de r\u00e9alisation"}]},{"@type":"WebSite","@id":"https:\/\/lasentinelle.dz\/#website","url":"https:\/\/lasentinelle.dz\/","name":"La Sentinelle","description":"Quotidien national d&#039;information","publisher":{"@id":"https:\/\/lasentinelle.dz\/#organization"},"potentialAction":[{"@type":"SearchAction","target":{"@type":"EntryPoint","urlTemplate":"https:\/\/lasentinelle.dz\/?s={search_term_string}"},"query-input":{"@type":"PropertyValueSpecification","valueRequired":true,"valueName":"search_term_string"}}],"inLanguage":"fr-FR"},{"@type":"Organization","@id":"https:\/\/lasentinelle.dz\/#organization","name":"Quotidien La Sentinelle","url":"https:\/\/lasentinelle.dz\/","logo":{"@type":"ImageObject","inLanguage":"fr-FR","@id":"https:\/\/lasentinelle.dz\/#\/schema\/logo\/image\/","url":"https:\/\/lasentinelle.dz\/wp-content\/uploads\/2021\/09\/logo-sentinelleSLOGAN-1.png","contentUrl":"https:\/\/lasentinelle.dz\/wp-content\/uploads\/2021\/09\/logo-sentinelleSLOGAN-1.png","width":615,"height":142,"caption":"Quotidien La Sentinelle"},"image":{"@id":"https:\/\/lasentinelle.dz\/#\/schema\/logo\/image\/"},"sameAs":["https:\/\/www.facebook.com\/La-Sentinelle-104059864394773"]},{"@type":"Person","@id":"https:\/\/lasentinelle.dz\/#\/schema\/person\/729ee0024f24e0b8c5ec17232f8e8b41","name":"admin","image":{"@type":"ImageObject","inLanguage":"fr-FR","@id":"https:\/\/secure.gravatar.com\/avatar\/4c81fed838786e9b53f540bf46533e750f5d292099ae3b66cfc6fb1982e29df7?s=96&d=mm&r=g","url":"https:\/\/secure.gravatar.com\/avatar\/4c81fed838786e9b53f540bf46533e750f5d292099ae3b66cfc6fb1982e29df7?s=96&d=mm&r=g","contentUrl":"https:\/\/secure.gravatar.com\/avatar\/4c81fed838786e9b53f540bf46533e750f5d292099ae3b66cfc6fb1982e29df7?s=96&d=mm&r=g","caption":"admin"},"description":"admin","url":"https:\/\/lasentinelle.dz\/author\/admin\/"}]}},"_links":{"self":[{"href":"https:\/\/lasentinelle.dz\/index.php\/wp-json\/wp\/v2\/posts\/70732","targetHints":{"allow":["GET"]}}],"collection":[{"href":"https:\/\/lasentinelle.dz\/index.php\/wp-json\/wp\/v2\/posts"}],"about":[{"href":"https:\/\/lasentinelle.dz\/index.php\/wp-json\/wp\/v2\/types\/post"}],"author":[{"embeddable":true,"href":"https:\/\/lasentinelle.dz\/index.php\/wp-json\/wp\/v2\/users\/6"}],"replies":[{"embeddable":true,"href":"https:\/\/lasentinelle.dz\/index.php\/wp-json\/wp\/v2\/comments?post=70732"}],"version-history":[{"count":2,"href":"https:\/\/lasentinelle.dz\/index.php\/wp-json\/wp\/v2\/posts\/70732\/revisions"}],"predecessor-version":[{"id":70734,"href":"https:\/\/lasentinelle.dz\/index.php\/wp-json\/wp\/v2\/posts\/70732\/revisions\/70734"}],"wp:featuredmedia":[{"embeddable":true,"href":"https:\/\/lasentinelle.dz\/index.php\/wp-json\/wp\/v2\/media\/56604"}],"wp:attachment":[{"href":"https:\/\/lasentinelle.dz\/index.php\/wp-json\/wp\/v2\/media?parent=70732"}],"wp:term":[{"taxonomy":"category","embeddable":true,"href":"https:\/\/lasentinelle.dz\/index.php\/wp-json\/wp\/v2\/categories?post=70732"},{"taxonomy":"post_tag","embeddable":true,"href":"https:\/\/lasentinelle.dz\/index.php\/wp-json\/wp\/v2\/tags?post=70732"}],"curies":[{"name":"wp","href":"https:\/\/api.w.org\/{rel}","templated":true}]}}