{"id":70735,"date":"2025-07-22T12:18:49","date_gmt":"2025-07-22T11:18:49","guid":{"rendered":"https:\/\/lasentinelle.dz\/?p=70735"},"modified":"2025-07-22T12:18:50","modified_gmt":"2025-07-22T11:18:50","slug":"modernisation-de-la-formation-professionnelle-dans-les-wilayas-de-lest-un-conclave-a-constantine","status":"publish","type":"post","link":"https:\/\/lasentinelle.dz\/index.php\/2025\/07\/22\/modernisation-de-la-formation-professionnelle-dans-les-wilayas-de-lest-un-conclave-a-constantine\/","title":{"rendered":"Modernisation de la formation professionnelle dans les wilayas \u00a0de l&rsquo;Est : Un conclave \u00e0 Constantine"},"content":{"rendered":"\n<p>Une rencontre r\u00e9gionale organis\u00e9e \u00e0 l&rsquo;Institut national de la formation professionnelle Abdelmadjid Zeitoune de Constantine a r\u00e9uni les responsables du secteur de la formation professionnelle des wilayas du nord-est du pays. Cette initiative, lanc\u00e9e dans le cadre des rencontres pilot\u00e9es par le minist\u00e8re de la Formation et de l&rsquo;Enseignement professionnels, visait \u00e0 d\u00e9finir de nouveaux m\u00e9canismes et voies pour adapter le secteur au d\u00e9veloppement territorial \u00e9quilibr\u00e9.<\/p>\n\n\n\n<p>Le s\u00e9minaire a permis d&rsquo;adopter une feuille de route fond\u00e9e sur une approche participative et int\u00e9gr\u00e9e, avec pour objectif de transformer le secteur de la formation professionnelle afin qu&rsquo;il r\u00e9ponde aux d\u00e9fis du d\u00e9veloppement territorial \u00e9quilibr\u00e9. L&rsquo;innovation des m\u00e9canismes et des voies de d\u00e9veloppement pour la promotion du secteur constituait le leitmotiv de cette rencontre r\u00e9gionale. L&rsquo;optimisation des \u00e9quipements p\u00e9dagogiques repr\u00e9sente l&rsquo;axe prioritaire de cette d\u00e9marche d&rsquo;importance capitale pour le secteur. Les participants ont adopt\u00e9 la mise en place de m\u00e9canismes pr\u00e9cis garantissant l&rsquo;utilisation compl\u00e8te des infrastructures disponibles dans les diff\u00e9rents \u00e9tablissements. Cette mesure innovante pr\u00e9voit le transfert des \u00e9quipements inutilis\u00e9s vers d&rsquo;autres wilayas relevant de la m\u00eame circonscription g\u00e9ographique, \u00e9vitant ainsi le gaspillage des ressources publiques. Pour am\u00e9liorer davantage le niveau de la formation professionnelle, la strat\u00e9gie adopt\u00e9e consiste en l&rsquo;organisation de cycles de formation destin\u00e9s aux formateurs, consid\u00e9r\u00e9s comme l&rsquo;un des piliers les plus importants du secteur. Ces cycles de formation seront organis\u00e9s dans les wilayas leaders de chaque sp\u00e9cialit\u00e9, favorisant ainsi l&rsquo;\u00e9change d&rsquo;expertise et la mise \u00e0 jour des comp\u00e9tences p\u00e9dagogiques sur le terrain.<\/p>\n\n\n\n<p>Le dispositif de r\u00e9partition des stagiaires sera \u00e9galement r\u00e9vis\u00e9 avec plus de flexibilit\u00e9, permettant d\u00e9sormais aux stagiaires de suivre la formation dans la sp\u00e9cialit\u00e9 de leur choix, m\u00eame si elle n&rsquo;est pas disponible dans leur wilaya d&rsquo;origine. Cette mesure encourage la mobilit\u00e9 interr\u00e9gionale et assure une meilleure diversification professionnelle.<\/p>\n\n\n\n<p>Une attention particuli\u00e8re a \u00e9t\u00e9 port\u00e9e \u00e0 l&rsquo;insertion professionnelle des dipl\u00f4m\u00e9s, avec le renforcement de la coordination entre les partenaires \u00e9conomiques et les directions de l&rsquo;Emploi. Parall\u00e8lement, l&rsquo;entrepreneuriat est fortement encourag\u00e9 \u00e0 travers l&rsquo;orientation des stagiaires porteurs d&rsquo;id\u00e9es et de projets innovants vers les organismes d&rsquo;appui, notamment l&rsquo;Agence nationale de soutien au d\u00e9veloppement de l&rsquo;entrepreneuriat (NESDA) et l&rsquo;Agence nationale de gestion du microcr\u00e9dit (ANGEM).<\/p>\n\n\n\n<p>Dans ce contexte, l&rsquo;ANGEM de Constantine a introduit de nouvelles sp\u00e9cialisations destin\u00e9es \u00e0 faciliter la cr\u00e9ation de micro-entreprises par les jeunes. Cette initiative vise principalement \u00e0 diversifier les opportunit\u00e9s d&rsquo;investissement et \u00e0 encourager l&rsquo;entrepreneuriat local.<\/p>\n\n\n\n<p>L&rsquo;agence propose d\u00e9sormais le financement de projets innovants utilisant des supports d&rsquo;activit\u00e9 mobiles, comme les motocycles am\u00e9nag\u00e9s pour servir de caf\u00e9s ou restaurants itin\u00e9rants, offrant ainsi aux jeunes entrepreneurs une alternative flexible aux \u00e9tablissements traditionnels. Le soutien s&rsquo;\u00e9tend \u00e9galement aux ateliers mobiles sp\u00e9cialis\u00e9s dans l&rsquo;\u00e9lectricit\u00e9, la m\u00e9canique et la plomberie, permettant aux artisans de proposer leurs services directement \u00e0 la client\u00e8le, une approche qui r\u00e9pond aux besoins croissants de services de proximit\u00e9 dans la wilaya.<\/p>\n\n\n\n<p>Dans le cadre de la promotion de l&rsquo;\u00e9conomie circulaire, l&rsquo;ANGEM finance \u00e9galement l&rsquo;acquisition de conteneurs destin\u00e9s \u00e0 la collecte de mat\u00e9riaux recyclables, ainsi que des projets de transport et de distribution de biens et services via motocycles. Ces initiatives s&rsquo;inscrivent dans une d\u00e9marche environnementale tout en cr\u00e9ant des opportunit\u00e9s d&#8217;emploi pour les jeunes. L&rsquo;autre axe prioritaire de cette nouvelle strat\u00e9gie concerne l&rsquo;orientation de l&rsquo;agence vers le soutien du secteur agricole. L&rsquo;ANGEM encourage les jeunes \u00e0 investir dans des domaines agricoles sp\u00e9cialis\u00e9s, notamment l&rsquo;aquaculture, la production d&rsquo;huile d&rsquo;argan et la culture du safran. Ces activit\u00e9s \u00e9mergentes dans la wilaya de Constantine offrent des perspectives de d\u00e9veloppement \u00e9conomique durable.<\/p>\n\n\n\n<p>Cette diversification des sp\u00e9cialisations financ\u00e9es par l&rsquo;ANGEM s&rsquo;inscrit dans une d\u00e9marche globale visant \u00e0 faciliter l&rsquo;acc\u00e8s des jeunes \u00e0 des projets de micro-entreprises viables. L&rsquo;objectif principal consiste \u00e0 promouvoir l&rsquo;entrepreneuriat comme levier de cr\u00e9ation d&#8217;emplois et de d\u00e9veloppement \u00e9conomique local.<\/p>\n\n\n\n<p>Cette feuille de route ambitieuse dessine les contours d&rsquo;une formation professionnelle r\u00e9nov\u00e9e, fond\u00e9e sur une approche participative et int\u00e9gr\u00e9e, susceptible de transformer la formation professionnelle en valeur ajout\u00e9e \u00e0 travers la promotion du partenariat. L&rsquo;ANGEM de Constantine, en tant que dispositif de soutien et de financement, s&rsquo;inscrit d\u00e9j\u00e0 dans ces nouveaux m\u00e9canismes d&rsquo;adaptation du secteur de la formation professionnelle et des sp\u00e9cialisations entrepreneuriales pour un d\u00e9veloppement territorial \u00e9quilibr\u00e9.<\/p>\n\n\n\n<p><em>Sofia Chahine<\/em><\/p>\n","protected":false},"excerpt":{"rendered":"<p>Une rencontre r\u00e9gionale organis\u00e9e \u00e0 l&rsquo;Institut national de la formation professionnelle Abdelmadjid Zeitoune de Constantine a r\u00e9uni les responsables du<\/p>\n","protected":false},"author":6,"featured_media":62244,"comment_status":"open","ping_status":"closed","sticky":false,"template":"","format":"standard","meta":{"colormag_page_container_layout":"default_layout","colormag_page_sidebar_layout":"default_layout","om_disable_all_campaigns":false,"_monsterinsights_skip_tracking":false,"_monsterinsights_sitenote_active":false,"_monsterinsights_sitenote_note":"","_monsterinsights_sitenote_category":0,"footnotes":"","_wpscppro_dont_share_socialmedia":false,"_wpscppro_custom_social_share_image":0,"_facebook_share_type":"default","_twitter_share_type":"default","_linkedin_share_type":"default","_pinterest_share_type":"default","_linkedin_share_type_page":"","_instagram_share_type":"default","_medium_share_type":"default","_threads_share_type":"","_google_business_share_type":"","_selected_social_profile":[],"_wpsp_enable_custom_social_template":false,"_wpsp_social_scheduling":{"enabled":false,"datetime":null,"platforms":[],"status":"template_only","dateOption":"today","timeOption":"now","customDays":"","customHours":"","customDate":"","customTime":"","schedulingType":"absolute"},"_wpsp_active_default_template":true},"categories":[31],"tags":[],"class_list":["post-70735","post","type-post","status-publish","format-standard","has-post-thumbnail","hentry","category-regions"],"aioseo_notices":[],"yoast_head":"<!-- This site is optimized with the Yoast SEO plugin v27.5 - https:\/\/yoast.com\/product\/yoast-seo-wordpress\/ -->\n<title>Modernisation de la formation professionnelle dans les wilayas \u00a0de l&rsquo;Est : Un conclave \u00e0 Constantine - La Sentinelle<\/title>\n<meta name=\"robots\" content=\"index, follow, max-snippet:-1, max-image-preview:large, max-video-preview:-1\" \/>\n<link rel=\"canonical\" href=\"https:\/\/lasentinelle.dz\/index.php\/2025\/07\/22\/modernisation-de-la-formation-professionnelle-dans-les-wilayas-de-lest-un-conclave-a-constantine\/\" \/>\n<meta property=\"og:locale\" content=\"fr_FR\" \/>\n<meta property=\"og:type\" content=\"article\" \/>\n<meta property=\"og:title\" content=\"Modernisation de la formation professionnelle dans les wilayas \u00a0de l&rsquo;Est : Un conclave \u00e0 Constantine - La Sentinelle\" \/>\n<meta property=\"og:description\" content=\"Une rencontre r\u00e9gionale organis\u00e9e \u00e0 l&rsquo;Institut national de la formation professionnelle Abdelmadjid Zeitoune de Constantine a r\u00e9uni les responsables du\" \/>\n<meta property=\"og:url\" content=\"https:\/\/lasentinelle.dz\/index.php\/2025\/07\/22\/modernisation-de-la-formation-professionnelle-dans-les-wilayas-de-lest-un-conclave-a-constantine\/\" \/>\n<meta property=\"og:site_name\" content=\"La Sentinelle\" \/>\n<meta property=\"article:publisher\" content=\"https:\/\/www.facebook.com\/La-Sentinelle-104059864394773\" \/>\n<meta property=\"article:published_time\" content=\"2025-07-22T11:18:49+00:00\" \/>\n<meta property=\"article:modified_time\" content=\"2025-07-22T11:18:50+00:00\" \/>\n<meta property=\"og:image\" content=\"https:\/\/lasentinelle.dz\/wp-content\/uploads\/2025\/01\/formation.jpeg\" \/>\n\t<meta property=\"og:image:width\" content=\"350\" \/>\n\t<meta property=\"og:image:height\" content=\"211\" \/>\n\t<meta property=\"og:image:type\" content=\"image\/jpeg\" \/>\n<meta name=\"author\" content=\"admin\" \/>\n<meta name=\"twitter:card\" content=\"summary_large_image\" \/>\n<meta name=\"twitter:label1\" content=\"\u00c9crit par\" \/>\n\t<meta name=\"twitter:data1\" content=\"admin\" \/>\n\t<meta name=\"twitter:label2\" content=\"Dur\u00e9e de lecture estim\u00e9e\" \/>\n\t<meta name=\"twitter:data2\" content=\"4 minutes\" \/>\n<script type=\"application\/ld+json\" class=\"yoast-schema-graph\">{\"@context\":\"https:\\\/\\\/schema.org\",\"@graph\":[{\"@type\":\"Article\",\"@id\":\"https:\\\/\\\/lasentinelle.dz\\\/index.php\\\/2025\\\/07\\\/22\\\/modernisation-de-la-formation-professionnelle-dans-les-wilayas-de-lest-un-conclave-a-constantine\\\/#article\",\"isPartOf\":{\"@id\":\"https:\\\/\\\/lasentinelle.dz\\\/index.php\\\/2025\\\/07\\\/22\\\/modernisation-de-la-formation-professionnelle-dans-les-wilayas-de-lest-un-conclave-a-constantine\\\/\"},\"author\":{\"name\":\"admin\",\"@id\":\"https:\\\/\\\/lasentinelle.dz\\\/#\\\/schema\\\/person\\\/729ee0024f24e0b8c5ec17232f8e8b41\"},\"headline\":\"Modernisation de la formation professionnelle dans les wilayas \u00a0de l&rsquo;Est : Un conclave \u00e0 Constantine\",\"datePublished\":\"2025-07-22T11:18:49+00:00\",\"dateModified\":\"2025-07-22T11:18:50+00:00\",\"mainEntityOfPage\":{\"@id\":\"https:\\\/\\\/lasentinelle.dz\\\/index.php\\\/2025\\\/07\\\/22\\\/modernisation-de-la-formation-professionnelle-dans-les-wilayas-de-lest-un-conclave-a-constantine\\\/\"},\"wordCount\":831,\"commentCount\":0,\"publisher\":{\"@id\":\"https:\\\/\\\/lasentinelle.dz\\\/#organization\"},\"image\":{\"@id\":\"https:\\\/\\\/lasentinelle.dz\\\/index.php\\\/2025\\\/07\\\/22\\\/modernisation-de-la-formation-professionnelle-dans-les-wilayas-de-lest-un-conclave-a-constantine\\\/#primaryimage\"},\"thumbnailUrl\":\"https:\\\/\\\/lasentinelle.dz\\\/wp-content\\\/uploads\\\/2025\\\/01\\\/formation.jpeg\",\"articleSection\":[\"R\u00e9gions\"],\"inLanguage\":\"fr-FR\",\"potentialAction\":[{\"@type\":\"CommentAction\",\"name\":\"Comment\",\"target\":[\"https:\\\/\\\/lasentinelle.dz\\\/index.php\\\/2025\\\/07\\\/22\\\/modernisation-de-la-formation-professionnelle-dans-les-wilayas-de-lest-un-conclave-a-constantine\\\/#respond\"]}]},{\"@type\":\"WebPage\",\"@id\":\"https:\\\/\\\/lasentinelle.dz\\\/index.php\\\/2025\\\/07\\\/22\\\/modernisation-de-la-formation-professionnelle-dans-les-wilayas-de-lest-un-conclave-a-constantine\\\/\",\"url\":\"https:\\\/\\\/lasentinelle.dz\\\/index.php\\\/2025\\\/07\\\/22\\\/modernisation-de-la-formation-professionnelle-dans-les-wilayas-de-lest-un-conclave-a-constantine\\\/\",\"name\":\"Modernisation de la formation professionnelle dans les wilayas \u00a0de l&rsquo;Est : Un conclave \u00e0 Constantine - La Sentinelle\",\"isPartOf\":{\"@id\":\"https:\\\/\\\/lasentinelle.dz\\\/#website\"},\"primaryImageOfPage\":{\"@id\":\"https:\\\/\\\/lasentinelle.dz\\\/index.php\\\/2025\\\/07\\\/22\\\/modernisation-de-la-formation-professionnelle-dans-les-wilayas-de-lest-un-conclave-a-constantine\\\/#primaryimage\"},\"image\":{\"@id\":\"https:\\\/\\\/lasentinelle.dz\\\/index.php\\\/2025\\\/07\\\/22\\\/modernisation-de-la-formation-professionnelle-dans-les-wilayas-de-lest-un-conclave-a-constantine\\\/#primaryimage\"},\"thumbnailUrl\":\"https:\\\/\\\/lasentinelle.dz\\\/wp-content\\\/uploads\\\/2025\\\/01\\\/formation.jpeg\",\"datePublished\":\"2025-07-22T11:18:49+00:00\",\"dateModified\":\"2025-07-22T11:18:50+00:00\",\"breadcrumb\":{\"@id\":\"https:\\\/\\\/lasentinelle.dz\\\/index.php\\\/2025\\\/07\\\/22\\\/modernisation-de-la-formation-professionnelle-dans-les-wilayas-de-lest-un-conclave-a-constantine\\\/#breadcrumb\"},\"inLanguage\":\"fr-FR\",\"potentialAction\":[{\"@type\":\"ReadAction\",\"target\":[\"https:\\\/\\\/lasentinelle.dz\\\/index.php\\\/2025\\\/07\\\/22\\\/modernisation-de-la-formation-professionnelle-dans-les-wilayas-de-lest-un-conclave-a-constantine\\\/\"]}]},{\"@type\":\"ImageObject\",\"inLanguage\":\"fr-FR\",\"@id\":\"https:\\\/\\\/lasentinelle.dz\\\/index.php\\\/2025\\\/07\\\/22\\\/modernisation-de-la-formation-professionnelle-dans-les-wilayas-de-lest-un-conclave-a-constantine\\\/#primaryimage\",\"url\":\"https:\\\/\\\/lasentinelle.dz\\\/wp-content\\\/uploads\\\/2025\\\/01\\\/formation.jpeg\",\"contentUrl\":\"https:\\\/\\\/lasentinelle.dz\\\/wp-content\\\/uploads\\\/2025\\\/01\\\/formation.jpeg\",\"width\":350,\"height\":211},{\"@type\":\"BreadcrumbList\",\"@id\":\"https:\\\/\\\/lasentinelle.dz\\\/index.php\\\/2025\\\/07\\\/22\\\/modernisation-de-la-formation-professionnelle-dans-les-wilayas-de-lest-un-conclave-a-constantine\\\/#breadcrumb\",\"itemListElement\":[{\"@type\":\"ListItem\",\"position\":1,\"name\":\"Accueil\",\"item\":\"https:\\\/\\\/lasentinelle.dz\\\/\"},{\"@type\":\"ListItem\",\"position\":2,\"name\":\"Modernisation de la formation professionnelle dans les wilayas \u00a0de l&rsquo;Est : Un conclave \u00e0 Constantine\"}]},{\"@type\":\"WebSite\",\"@id\":\"https:\\\/\\\/lasentinelle.dz\\\/#website\",\"url\":\"https:\\\/\\\/lasentinelle.dz\\\/\",\"name\":\"La Sentinelle\",\"description\":\"Quotidien national d&#039;information\",\"publisher\":{\"@id\":\"https:\\\/\\\/lasentinelle.dz\\\/#organization\"},\"potentialAction\":[{\"@type\":\"SearchAction\",\"target\":{\"@type\":\"EntryPoint\",\"urlTemplate\":\"https:\\\/\\\/lasentinelle.dz\\\/?s={search_term_string}\"},\"query-input\":{\"@type\":\"PropertyValueSpecification\",\"valueRequired\":true,\"valueName\":\"search_term_string\"}}],\"inLanguage\":\"fr-FR\"},{\"@type\":\"Organization\",\"@id\":\"https:\\\/\\\/lasentinelle.dz\\\/#organization\",\"name\":\"Quotidien La Sentinelle\",\"url\":\"https:\\\/\\\/lasentinelle.dz\\\/\",\"logo\":{\"@type\":\"ImageObject\",\"inLanguage\":\"fr-FR\",\"@id\":\"https:\\\/\\\/lasentinelle.dz\\\/#\\\/schema\\\/logo\\\/image\\\/\",\"url\":\"https:\\\/\\\/lasentinelle.dz\\\/wp-content\\\/uploads\\\/2021\\\/09\\\/logo-sentinelleSLOGAN-1.png\",\"contentUrl\":\"https:\\\/\\\/lasentinelle.dz\\\/wp-content\\\/uploads\\\/2021\\\/09\\\/logo-sentinelleSLOGAN-1.png\",\"width\":615,\"height\":142,\"caption\":\"Quotidien La Sentinelle\"},\"image\":{\"@id\":\"https:\\\/\\\/lasentinelle.dz\\\/#\\\/schema\\\/logo\\\/image\\\/\"},\"sameAs\":[\"https:\\\/\\\/www.facebook.com\\\/La-Sentinelle-104059864394773\"]},{\"@type\":\"Person\",\"@id\":\"https:\\\/\\\/lasentinelle.dz\\\/#\\\/schema\\\/person\\\/729ee0024f24e0b8c5ec17232f8e8b41\",\"name\":\"admin\",\"image\":{\"@type\":\"ImageObject\",\"inLanguage\":\"fr-FR\",\"@id\":\"https:\\\/\\\/secure.gravatar.com\\\/avatar\\\/4c81fed838786e9b53f540bf46533e750f5d292099ae3b66cfc6fb1982e29df7?s=96&d=mm&r=g\",\"url\":\"https:\\\/\\\/secure.gravatar.com\\\/avatar\\\/4c81fed838786e9b53f540bf46533e750f5d292099ae3b66cfc6fb1982e29df7?s=96&d=mm&r=g\",\"contentUrl\":\"https:\\\/\\\/secure.gravatar.com\\\/avatar\\\/4c81fed838786e9b53f540bf46533e750f5d292099ae3b66cfc6fb1982e29df7?s=96&d=mm&r=g\",\"caption\":\"admin\"},\"description\":\"admin\",\"url\":\"https:\\\/\\\/lasentinelle.dz\\\/author\\\/admin\\\/\"}]}<\/script>\n<!-- \/ Yoast SEO plugin. -->","yoast_head_json":{"title":"Modernisation de la formation professionnelle dans les wilayas \u00a0de l&rsquo;Est : Un conclave \u00e0 Constantine - La Sentinelle","robots":{"index":"index","follow":"follow","max-snippet":"max-snippet:-1","max-image-preview":"max-image-preview:large","max-video-preview":"max-video-preview:-1"},"canonical":"https:\/\/lasentinelle.dz\/index.php\/2025\/07\/22\/modernisation-de-la-formation-professionnelle-dans-les-wilayas-de-lest-un-conclave-a-constantine\/","og_locale":"fr_FR","og_type":"article","og_title":"Modernisation de la formation professionnelle dans les wilayas \u00a0de l&rsquo;Est : Un conclave \u00e0 Constantine - La Sentinelle","og_description":"Une rencontre r\u00e9gionale organis\u00e9e \u00e0 l&rsquo;Institut national de la formation professionnelle Abdelmadjid Zeitoune de Constantine a r\u00e9uni les responsables du","og_url":"https:\/\/lasentinelle.dz\/index.php\/2025\/07\/22\/modernisation-de-la-formation-professionnelle-dans-les-wilayas-de-lest-un-conclave-a-constantine\/","og_site_name":"La Sentinelle","article_publisher":"https:\/\/www.facebook.com\/La-Sentinelle-104059864394773","article_published_time":"2025-07-22T11:18:49+00:00","article_modified_time":"2025-07-22T11:18:50+00:00","og_image":[{"width":350,"height":211,"url":"https:\/\/lasentinelle.dz\/wp-content\/uploads\/2025\/01\/formation.jpeg","type":"image\/jpeg"}],"author":"admin","twitter_card":"summary_large_image","twitter_misc":{"\u00c9crit par":"admin","Dur\u00e9e de lecture estim\u00e9e":"4 minutes"},"schema":{"@context":"https:\/\/schema.org","@graph":[{"@type":"Article","@id":"https:\/\/lasentinelle.dz\/index.php\/2025\/07\/22\/modernisation-de-la-formation-professionnelle-dans-les-wilayas-de-lest-un-conclave-a-constantine\/#article","isPartOf":{"@id":"https:\/\/lasentinelle.dz\/index.php\/2025\/07\/22\/modernisation-de-la-formation-professionnelle-dans-les-wilayas-de-lest-un-conclave-a-constantine\/"},"author":{"name":"admin","@id":"https:\/\/lasentinelle.dz\/#\/schema\/person\/729ee0024f24e0b8c5ec17232f8e8b41"},"headline":"Modernisation de la formation professionnelle dans les wilayas \u00a0de l&rsquo;Est : Un conclave \u00e0 Constantine","datePublished":"2025-07-22T11:18:49+00:00","dateModified":"2025-07-22T11:18:50+00:00","mainEntityOfPage":{"@id":"https:\/\/lasentinelle.dz\/index.php\/2025\/07\/22\/modernisation-de-la-formation-professionnelle-dans-les-wilayas-de-lest-un-conclave-a-constantine\/"},"wordCount":831,"commentCount":0,"publisher":{"@id":"https:\/\/lasentinelle.dz\/#organization"},"image":{"@id":"https:\/\/lasentinelle.dz\/index.php\/2025\/07\/22\/modernisation-de-la-formation-professionnelle-dans-les-wilayas-de-lest-un-conclave-a-constantine\/#primaryimage"},"thumbnailUrl":"https:\/\/lasentinelle.dz\/wp-content\/uploads\/2025\/01\/formation.jpeg","articleSection":["R\u00e9gions"],"inLanguage":"fr-FR","potentialAction":[{"@type":"CommentAction","name":"Comment","target":["https:\/\/lasentinelle.dz\/index.php\/2025\/07\/22\/modernisation-de-la-formation-professionnelle-dans-les-wilayas-de-lest-un-conclave-a-constantine\/#respond"]}]},{"@type":"WebPage","@id":"https:\/\/lasentinelle.dz\/index.php\/2025\/07\/22\/modernisation-de-la-formation-professionnelle-dans-les-wilayas-de-lest-un-conclave-a-constantine\/","url":"https:\/\/lasentinelle.dz\/index.php\/2025\/07\/22\/modernisation-de-la-formation-professionnelle-dans-les-wilayas-de-lest-un-conclave-a-constantine\/","name":"Modernisation de la formation professionnelle dans les wilayas \u00a0de l&rsquo;Est : Un conclave \u00e0 Constantine - La Sentinelle","isPartOf":{"@id":"https:\/\/lasentinelle.dz\/#website"},"primaryImageOfPage":{"@id":"https:\/\/lasentinelle.dz\/index.php\/2025\/07\/22\/modernisation-de-la-formation-professionnelle-dans-les-wilayas-de-lest-un-conclave-a-constantine\/#primaryimage"},"image":{"@id":"https:\/\/lasentinelle.dz\/index.php\/2025\/07\/22\/modernisation-de-la-formation-professionnelle-dans-les-wilayas-de-lest-un-conclave-a-constantine\/#primaryimage"},"thumbnailUrl":"https:\/\/lasentinelle.dz\/wp-content\/uploads\/2025\/01\/formation.jpeg","datePublished":"2025-07-22T11:18:49+00:00","dateModified":"2025-07-22T11:18:50+00:00","breadcrumb":{"@id":"https:\/\/lasentinelle.dz\/index.php\/2025\/07\/22\/modernisation-de-la-formation-professionnelle-dans-les-wilayas-de-lest-un-conclave-a-constantine\/#breadcrumb"},"inLanguage":"fr-FR","potentialAction":[{"@type":"ReadAction","target":["https:\/\/lasentinelle.dz\/index.php\/2025\/07\/22\/modernisation-de-la-formation-professionnelle-dans-les-wilayas-de-lest-un-conclave-a-constantine\/"]}]},{"@type":"ImageObject","inLanguage":"fr-FR","@id":"https:\/\/lasentinelle.dz\/index.php\/2025\/07\/22\/modernisation-de-la-formation-professionnelle-dans-les-wilayas-de-lest-un-conclave-a-constantine\/#primaryimage","url":"https:\/\/lasentinelle.dz\/wp-content\/uploads\/2025\/01\/formation.jpeg","contentUrl":"https:\/\/lasentinelle.dz\/wp-content\/uploads\/2025\/01\/formation.jpeg","width":350,"height":211},{"@type":"BreadcrumbList","@id":"https:\/\/lasentinelle.dz\/index.php\/2025\/07\/22\/modernisation-de-la-formation-professionnelle-dans-les-wilayas-de-lest-un-conclave-a-constantine\/#breadcrumb","itemListElement":[{"@type":"ListItem","position":1,"name":"Accueil","item":"https:\/\/lasentinelle.dz\/"},{"@type":"ListItem","position":2,"name":"Modernisation de la formation professionnelle dans les wilayas \u00a0de l&rsquo;Est : Un conclave \u00e0 Constantine"}]},{"@type":"WebSite","@id":"https:\/\/lasentinelle.dz\/#website","url":"https:\/\/lasentinelle.dz\/","name":"La Sentinelle","description":"Quotidien national d&#039;information","publisher":{"@id":"https:\/\/lasentinelle.dz\/#organization"},"potentialAction":[{"@type":"SearchAction","target":{"@type":"EntryPoint","urlTemplate":"https:\/\/lasentinelle.dz\/?s={search_term_string}"},"query-input":{"@type":"PropertyValueSpecification","valueRequired":true,"valueName":"search_term_string"}}],"inLanguage":"fr-FR"},{"@type":"Organization","@id":"https:\/\/lasentinelle.dz\/#organization","name":"Quotidien La Sentinelle","url":"https:\/\/lasentinelle.dz\/","logo":{"@type":"ImageObject","inLanguage":"fr-FR","@id":"https:\/\/lasentinelle.dz\/#\/schema\/logo\/image\/","url":"https:\/\/lasentinelle.dz\/wp-content\/uploads\/2021\/09\/logo-sentinelleSLOGAN-1.png","contentUrl":"https:\/\/lasentinelle.dz\/wp-content\/uploads\/2021\/09\/logo-sentinelleSLOGAN-1.png","width":615,"height":142,"caption":"Quotidien La Sentinelle"},"image":{"@id":"https:\/\/lasentinelle.dz\/#\/schema\/logo\/image\/"},"sameAs":["https:\/\/www.facebook.com\/La-Sentinelle-104059864394773"]},{"@type":"Person","@id":"https:\/\/lasentinelle.dz\/#\/schema\/person\/729ee0024f24e0b8c5ec17232f8e8b41","name":"admin","image":{"@type":"ImageObject","inLanguage":"fr-FR","@id":"https:\/\/secure.gravatar.com\/avatar\/4c81fed838786e9b53f540bf46533e750f5d292099ae3b66cfc6fb1982e29df7?s=96&d=mm&r=g","url":"https:\/\/secure.gravatar.com\/avatar\/4c81fed838786e9b53f540bf46533e750f5d292099ae3b66cfc6fb1982e29df7?s=96&d=mm&r=g","contentUrl":"https:\/\/secure.gravatar.com\/avatar\/4c81fed838786e9b53f540bf46533e750f5d292099ae3b66cfc6fb1982e29df7?s=96&d=mm&r=g","caption":"admin"},"description":"admin","url":"https:\/\/lasentinelle.dz\/author\/admin\/"}]}},"_links":{"self":[{"href":"https:\/\/lasentinelle.dz\/index.php\/wp-json\/wp\/v2\/posts\/70735","targetHints":{"allow":["GET"]}}],"collection":[{"href":"https:\/\/lasentinelle.dz\/index.php\/wp-json\/wp\/v2\/posts"}],"about":[{"href":"https:\/\/lasentinelle.dz\/index.php\/wp-json\/wp\/v2\/types\/post"}],"author":[{"embeddable":true,"href":"https:\/\/lasentinelle.dz\/index.php\/wp-json\/wp\/v2\/users\/6"}],"replies":[{"embeddable":true,"href":"https:\/\/lasentinelle.dz\/index.php\/wp-json\/wp\/v2\/comments?post=70735"}],"version-history":[{"count":2,"href":"https:\/\/lasentinelle.dz\/index.php\/wp-json\/wp\/v2\/posts\/70735\/revisions"}],"predecessor-version":[{"id":70737,"href":"https:\/\/lasentinelle.dz\/index.php\/wp-json\/wp\/v2\/posts\/70735\/revisions\/70737"}],"wp:featuredmedia":[{"embeddable":true,"href":"https:\/\/lasentinelle.dz\/index.php\/wp-json\/wp\/v2\/media\/62244"}],"wp:attachment":[{"href":"https:\/\/lasentinelle.dz\/index.php\/wp-json\/wp\/v2\/media?parent=70735"}],"wp:term":[{"taxonomy":"category","embeddable":true,"href":"https:\/\/lasentinelle.dz\/index.php\/wp-json\/wp\/v2\/categories?post=70735"},{"taxonomy":"post_tag","embeddable":true,"href":"https:\/\/lasentinelle.dz\/index.php\/wp-json\/wp\/v2\/tags?post=70735"}],"curies":[{"name":"wp","href":"https:\/\/api.w.org\/{rel}","templated":true}]}}