{"id":70738,"date":"2025-07-22T12:52:32","date_gmt":"2025-07-22T11:52:32","guid":{"rendered":"https:\/\/lasentinelle.dz\/?p=70738"},"modified":"2025-07-22T12:52:33","modified_gmt":"2025-07-22T11:52:33","slug":"environnement-lancement-dun-marche-carbone-volontaire-en-algerie","status":"publish","type":"post","link":"https:\/\/lasentinelle.dz\/index.php\/2025\/07\/22\/environnement-lancement-dun-marche-carbone-volontaire-en-algerie\/","title":{"rendered":"Environnement: Lancement d&rsquo;un march\u00e9 carbone volontaire en Alg\u00e9rie"},"content":{"rendered":"\n<p>L&rsquo;Alg\u00e9rie a officiellement lanc\u00e9 lundi \u00e0 Alger son march\u00e9 carbone volontaire accompagn\u00e9 d&rsquo;un syst\u00e8me de mesure, rapport et v\u00e9rification (MRV), marquant une avanc\u00e9e majeure dans sa strat\u00e9gie de transition environnementale. Cette initiative s&rsquo;inscrit dans le cadre du projet \u00ab\u00a0Gestion int\u00e9gr\u00e9e des d\u00e9chets et production d&rsquo;\u00e9nergie au niveau local \u2013 AIM-WELL\u00a0\u00bb, fruit d&rsquo;un partenariat strat\u00e9gique avec le Programme des Nations Unies pour le d\u00e9veloppement. &nbsp;L&rsquo;annonce s&rsquo;est faite lors d&rsquo;un atelier technique sp\u00e9cialis\u00e9 en pr\u00e9sence de personnalit\u00e9s de haut niveau, notamment la ministre de l&rsquo;Environnement et de la Qualit\u00e9 de vie Nadjiba Djellali, le ministre de l&rsquo;Industrie Sifi Ghrib, le pr\u00e9sident du Conseil national \u00e9conomique, social et environnemental Mohamed Boukhari, et la repr\u00e9sentante r\u00e9sidente par int\u00e9rim du PNUD en Alg\u00e9rie Francesca Nardini, aux c\u00f4t\u00e9s de repr\u00e9sentants de plusieurs minist\u00e8res et institutions nationales. Le projet AIM-WELL et l&rsquo;initiative du march\u00e9 carbone volontaire constituent deux piliers fondamentaux pour le d\u00e9veloppement de l&rsquo;\u00e9conomie verte en Alg\u00e9rie, dans le cadre d&rsquo;une vision nationale ambitieuse qui consid\u00e8re les d\u00e9chets comme une ressource \u00e9conomique et une source d&rsquo;\u00e9nergie, en conformit\u00e9 avec les engagements internationaux en mati\u00e8re climatique. Selon les explications fournies, le march\u00e9 volontaire du carbone encourage les entreprises \u00e0 investir dans des projets verts visant \u00e0 r\u00e9duire la pollution et atteindre la neutralit\u00e9 carbone \u00e0 long terme, sous supervision du syst\u00e8me MRV qui garantit transparence et cr\u00e9dibilit\u00e9. La ministre de l&rsquo;Environnement a soulign\u00e9 lors de l&rsquo;inauguration de l&rsquo;atelier que le projet repr\u00e9sente \u00ab\u00a0un titre pour une transformation radicale\u00a0\u00bb dans l&rsquo;approche d\u00e9veloppementale de la nouvelle Alg\u00e9rie, vers un mod\u00e8le global et durable consacrant les principes de l&rsquo;\u00e9conomie circulaire et redonnant ses lettres de noblesse \u00e0 l&rsquo;environnement. Elle a pr\u00e9cis\u00e9 que le projet, s&rsquo;\u00e9tendant de 2023 \u00e0 2028, constitue une exp\u00e9rience mod\u00e8le en gestion des d\u00e9chets bas\u00e9e sur la planification scientifique, la num\u00e9risation et le partenariat communautaire, mentionnant le choix des wilayas de Constantine et S\u00e9tif comme mod\u00e8les pilotes pour l&rsquo;application des sch\u00e9mas directeurs, parall\u00e8lement \u00e0 la mise \u00e0 jour du cadre l\u00e9gislatif et l&rsquo;int\u00e9gration de syst\u00e8mes num\u00e9riques intelligents garantissant transparence et contr\u00f4le imm\u00e9diat. La ministre a insist\u00e9 sur le fait qu'\u00a0\u00bbAIM-WELL n&rsquo;est pas seulement un projet de gestion des d\u00e9chets, mais une initiative nationale pour reformuler la relation entre le citoyen et son environnement, entre les d\u00e9chets et le d\u00e9veloppement\u00a0\u00bb, avec l&rsquo;ambition de l&rsquo;\u00e9tendre \u00e0 toutes les wilayas du pays dans le cadre d&rsquo;une strat\u00e9gie globale. Le ministre de l&rsquo;Industrie Sifi Ghrib a consid\u00e9r\u00e9 le projet comme \u00ab\u00a0une opportunit\u00e9 strat\u00e9gique\u00a0\u00bb pour stimuler l&rsquo;investissement dans les technologies propres et cr\u00e9er de nouvelles industries vertes g\u00e9n\u00e9rant valeur ajout\u00e9e et emplois. Il a confirm\u00e9 que le syst\u00e8me MRV constitue un outil fondamental pour garantir transparence et cr\u00e9dibilit\u00e9 dans la r\u00e9duction des \u00e9missions, permettant aux entreprises d&rsquo;acc\u00e9der aux march\u00e9s mondiaux du carbone et de b\u00e9n\u00e9ficier des m\u00e9canismes de financement climatique. La repr\u00e9sentante du PNUD Francesca Nardini a confirm\u00e9 que le march\u00e9 carbone volontaire conna\u00eet une croissance remarquable au niveau mondial, mobilisant en 2023 plus de 2 milliards de dollars pour financer des projets concrets dans les domaines du reboisement, gestion des d\u00e9chets, efficacit\u00e9 \u00e9nerg\u00e9tique et transformation industrielle. Elle a ajout\u00e9 que ce march\u00e9 repr\u00e9sente \u00ab\u00a0un pont strat\u00e9gique\u00a0\u00bb entre l&rsquo;action climatique nationale et les initiatives civiles et internationales, soulignant son r\u00f4le dans le soutien aux cha\u00eenes de valeur \u00e0 faible carbone, l&rsquo;innovation technologique et l&rsquo;attraction d&rsquo;investissements durables. La responsable a confirm\u00e9 que le march\u00e9 carbone n&rsquo;est pas qu&rsquo;un simple outil \u00e9conomique, mais un catalyseur de transformation m\u00e9thodologique globale, pr\u00e9cisant que son succ\u00e8s n\u00e9cessite des fondements solides de transparence et de confiance. Elle a conclu en affirmant que l&rsquo;organisation de cet atelier constitue une \u00e9tape vers le positionnement de l&rsquo;Alg\u00e9rie comme acteur influent sur le march\u00e9 carbone, \u00e0 travers la construction d&rsquo;un \u00e9cosyst\u00e8me national int\u00e9gr\u00e9 b\u00e9n\u00e9fique pour le climat, l&rsquo;\u00e9conomie et la qualit\u00e9 de vie des citoyens.<\/p>\n\n\n\n<p>Samir Benisid<\/p>\n","protected":false},"excerpt":{"rendered":"<p>L&rsquo;Alg\u00e9rie a officiellement lanc\u00e9 lundi \u00e0 Alger son march\u00e9 carbone volontaire accompagn\u00e9 d&rsquo;un syst\u00e8me de mesure, rapport et v\u00e9rification (MRV),<\/p>\n","protected":false},"author":6,"featured_media":70739,"comment_status":"open","ping_status":"closed","sticky":false,"template":"","format":"standard","meta":{"colormag_page_container_layout":"default_layout","colormag_page_sidebar_layout":"default_layout","om_disable_all_campaigns":false,"_monsterinsights_skip_tracking":false,"_monsterinsights_sitenote_active":false,"_monsterinsights_sitenote_note":"","_monsterinsights_sitenote_category":0,"footnotes":"","_wpscppro_dont_share_socialmedia":false,"_wpscppro_custom_social_share_image":0,"_facebook_share_type":"default","_twitter_share_type":"default","_linkedin_share_type":"default","_pinterest_share_type":"default","_linkedin_share_type_page":"","_instagram_share_type":"default","_medium_share_type":"default","_threads_share_type":"","_google_business_share_type":"","_selected_social_profile":[],"_wpsp_enable_custom_social_template":false,"_wpsp_social_scheduling":{"enabled":false,"datetime":null,"platforms":[],"status":"template_only","dateOption":"today","timeOption":"now","customDays":"","customHours":"","customDate":"","customTime":"","schedulingType":"absolute"},"_wpsp_active_default_template":true},"categories":[27],"tags":[],"class_list":["post-70738","post","type-post","status-publish","format-standard","has-post-thumbnail","hentry","category-actualite"],"aioseo_notices":[],"yoast_head":"<!-- This site is optimized with the Yoast SEO plugin v27.5 - https:\/\/yoast.com\/product\/yoast-seo-wordpress\/ -->\n<title>Environnement: Lancement d&rsquo;un march\u00e9 carbone volontaire en Alg\u00e9rie - La Sentinelle<\/title>\n<meta name=\"robots\" content=\"index, follow, max-snippet:-1, max-image-preview:large, max-video-preview:-1\" \/>\n<link rel=\"canonical\" href=\"https:\/\/lasentinelle.dz\/index.php\/2025\/07\/22\/environnement-lancement-dun-marche-carbone-volontaire-en-algerie\/\" \/>\n<meta property=\"og:locale\" content=\"fr_FR\" \/>\n<meta property=\"og:type\" content=\"article\" \/>\n<meta property=\"og:title\" content=\"Environnement: Lancement d&rsquo;un march\u00e9 carbone volontaire en Alg\u00e9rie - La Sentinelle\" \/>\n<meta property=\"og:description\" content=\"L&rsquo;Alg\u00e9rie a officiellement lanc\u00e9 lundi \u00e0 Alger son march\u00e9 carbone volontaire accompagn\u00e9 d&rsquo;un syst\u00e8me de mesure, rapport et v\u00e9rification (MRV),\" \/>\n<meta property=\"og:url\" content=\"https:\/\/lasentinelle.dz\/index.php\/2025\/07\/22\/environnement-lancement-dun-marche-carbone-volontaire-en-algerie\/\" \/>\n<meta property=\"og:site_name\" content=\"La Sentinelle\" \/>\n<meta property=\"article:publisher\" content=\"https:\/\/www.facebook.com\/La-Sentinelle-104059864394773\" \/>\n<meta property=\"article:published_time\" content=\"2025-07-22T11:52:32+00:00\" \/>\n<meta property=\"article:modified_time\" content=\"2025-07-22T11:52:33+00:00\" \/>\n<meta property=\"og:image\" content=\"https:\/\/lasentinelle.dz\/wp-content\/uploads\/2025\/07\/514246756_1175848011247488_67891245459504799_n.jpg\" \/>\n\t<meta property=\"og:image:width\" content=\"1000\" \/>\n\t<meta property=\"og:image:height\" content=\"750\" \/>\n\t<meta property=\"og:image:type\" content=\"image\/jpeg\" \/>\n<meta name=\"author\" content=\"admin\" \/>\n<meta name=\"twitter:card\" content=\"summary_large_image\" \/>\n<meta name=\"twitter:label1\" content=\"\u00c9crit par\" \/>\n\t<meta name=\"twitter:data1\" content=\"admin\" \/>\n\t<meta name=\"twitter:label2\" content=\"Dur\u00e9e de lecture estim\u00e9e\" \/>\n\t<meta name=\"twitter:data2\" content=\"4 minutes\" \/>\n<script type=\"application\/ld+json\" class=\"yoast-schema-graph\">{\"@context\":\"https:\\\/\\\/schema.org\",\"@graph\":[{\"@type\":\"Article\",\"@id\":\"https:\\\/\\\/lasentinelle.dz\\\/index.php\\\/2025\\\/07\\\/22\\\/environnement-lancement-dun-marche-carbone-volontaire-en-algerie\\\/#article\",\"isPartOf\":{\"@id\":\"https:\\\/\\\/lasentinelle.dz\\\/index.php\\\/2025\\\/07\\\/22\\\/environnement-lancement-dun-marche-carbone-volontaire-en-algerie\\\/\"},\"author\":{\"name\":\"admin\",\"@id\":\"https:\\\/\\\/lasentinelle.dz\\\/#\\\/schema\\\/person\\\/729ee0024f24e0b8c5ec17232f8e8b41\"},\"headline\":\"Environnement: Lancement d&rsquo;un march\u00e9 carbone volontaire en Alg\u00e9rie\",\"datePublished\":\"2025-07-22T11:52:32+00:00\",\"dateModified\":\"2025-07-22T11:52:33+00:00\",\"mainEntityOfPage\":{\"@id\":\"https:\\\/\\\/lasentinelle.dz\\\/index.php\\\/2025\\\/07\\\/22\\\/environnement-lancement-dun-marche-carbone-volontaire-en-algerie\\\/\"},\"wordCount\":747,\"commentCount\":0,\"publisher\":{\"@id\":\"https:\\\/\\\/lasentinelle.dz\\\/#organization\"},\"image\":{\"@id\":\"https:\\\/\\\/lasentinelle.dz\\\/index.php\\\/2025\\\/07\\\/22\\\/environnement-lancement-dun-marche-carbone-volontaire-en-algerie\\\/#primaryimage\"},\"thumbnailUrl\":\"https:\\\/\\\/lasentinelle.dz\\\/wp-content\\\/uploads\\\/2025\\\/07\\\/514246756_1175848011247488_67891245459504799_n.jpg\",\"articleSection\":[\"Actualit\u00e9\"],\"inLanguage\":\"fr-FR\",\"potentialAction\":[{\"@type\":\"CommentAction\",\"name\":\"Comment\",\"target\":[\"https:\\\/\\\/lasentinelle.dz\\\/index.php\\\/2025\\\/07\\\/22\\\/environnement-lancement-dun-marche-carbone-volontaire-en-algerie\\\/#respond\"]}]},{\"@type\":\"WebPage\",\"@id\":\"https:\\\/\\\/lasentinelle.dz\\\/index.php\\\/2025\\\/07\\\/22\\\/environnement-lancement-dun-marche-carbone-volontaire-en-algerie\\\/\",\"url\":\"https:\\\/\\\/lasentinelle.dz\\\/index.php\\\/2025\\\/07\\\/22\\\/environnement-lancement-dun-marche-carbone-volontaire-en-algerie\\\/\",\"name\":\"Environnement: Lancement d&rsquo;un march\u00e9 carbone volontaire en Alg\u00e9rie - La Sentinelle\",\"isPartOf\":{\"@id\":\"https:\\\/\\\/lasentinelle.dz\\\/#website\"},\"primaryImageOfPage\":{\"@id\":\"https:\\\/\\\/lasentinelle.dz\\\/index.php\\\/2025\\\/07\\\/22\\\/environnement-lancement-dun-marche-carbone-volontaire-en-algerie\\\/#primaryimage\"},\"image\":{\"@id\":\"https:\\\/\\\/lasentinelle.dz\\\/index.php\\\/2025\\\/07\\\/22\\\/environnement-lancement-dun-marche-carbone-volontaire-en-algerie\\\/#primaryimage\"},\"thumbnailUrl\":\"https:\\\/\\\/lasentinelle.dz\\\/wp-content\\\/uploads\\\/2025\\\/07\\\/514246756_1175848011247488_67891245459504799_n.jpg\",\"datePublished\":\"2025-07-22T11:52:32+00:00\",\"dateModified\":\"2025-07-22T11:52:33+00:00\",\"breadcrumb\":{\"@id\":\"https:\\\/\\\/lasentinelle.dz\\\/index.php\\\/2025\\\/07\\\/22\\\/environnement-lancement-dun-marche-carbone-volontaire-en-algerie\\\/#breadcrumb\"},\"inLanguage\":\"fr-FR\",\"potentialAction\":[{\"@type\":\"ReadAction\",\"target\":[\"https:\\\/\\\/lasentinelle.dz\\\/index.php\\\/2025\\\/07\\\/22\\\/environnement-lancement-dun-marche-carbone-volontaire-en-algerie\\\/\"]}]},{\"@type\":\"ImageObject\",\"inLanguage\":\"fr-FR\",\"@id\":\"https:\\\/\\\/lasentinelle.dz\\\/index.php\\\/2025\\\/07\\\/22\\\/environnement-lancement-dun-marche-carbone-volontaire-en-algerie\\\/#primaryimage\",\"url\":\"https:\\\/\\\/lasentinelle.dz\\\/wp-content\\\/uploads\\\/2025\\\/07\\\/514246756_1175848011247488_67891245459504799_n.jpg\",\"contentUrl\":\"https:\\\/\\\/lasentinelle.dz\\\/wp-content\\\/uploads\\\/2025\\\/07\\\/514246756_1175848011247488_67891245459504799_n.jpg\",\"width\":1000,\"height\":750},{\"@type\":\"BreadcrumbList\",\"@id\":\"https:\\\/\\\/lasentinelle.dz\\\/index.php\\\/2025\\\/07\\\/22\\\/environnement-lancement-dun-marche-carbone-volontaire-en-algerie\\\/#breadcrumb\",\"itemListElement\":[{\"@type\":\"ListItem\",\"position\":1,\"name\":\"Accueil\",\"item\":\"https:\\\/\\\/lasentinelle.dz\\\/\"},{\"@type\":\"ListItem\",\"position\":2,\"name\":\"Environnement: Lancement d&rsquo;un march\u00e9 carbone volontaire en Alg\u00e9rie\"}]},{\"@type\":\"WebSite\",\"@id\":\"https:\\\/\\\/lasentinelle.dz\\\/#website\",\"url\":\"https:\\\/\\\/lasentinelle.dz\\\/\",\"name\":\"La Sentinelle\",\"description\":\"Quotidien national d&#039;information\",\"publisher\":{\"@id\":\"https:\\\/\\\/lasentinelle.dz\\\/#organization\"},\"potentialAction\":[{\"@type\":\"SearchAction\",\"target\":{\"@type\":\"EntryPoint\",\"urlTemplate\":\"https:\\\/\\\/lasentinelle.dz\\\/?s={search_term_string}\"},\"query-input\":{\"@type\":\"PropertyValueSpecification\",\"valueRequired\":true,\"valueName\":\"search_term_string\"}}],\"inLanguage\":\"fr-FR\"},{\"@type\":\"Organization\",\"@id\":\"https:\\\/\\\/lasentinelle.dz\\\/#organization\",\"name\":\"Quotidien La Sentinelle\",\"url\":\"https:\\\/\\\/lasentinelle.dz\\\/\",\"logo\":{\"@type\":\"ImageObject\",\"inLanguage\":\"fr-FR\",\"@id\":\"https:\\\/\\\/lasentinelle.dz\\\/#\\\/schema\\\/logo\\\/image\\\/\",\"url\":\"https:\\\/\\\/lasentinelle.dz\\\/wp-content\\\/uploads\\\/2021\\\/09\\\/logo-sentinelleSLOGAN-1.png\",\"contentUrl\":\"https:\\\/\\\/lasentinelle.dz\\\/wp-content\\\/uploads\\\/2021\\\/09\\\/logo-sentinelleSLOGAN-1.png\",\"width\":615,\"height\":142,\"caption\":\"Quotidien La Sentinelle\"},\"image\":{\"@id\":\"https:\\\/\\\/lasentinelle.dz\\\/#\\\/schema\\\/logo\\\/image\\\/\"},\"sameAs\":[\"https:\\\/\\\/www.facebook.com\\\/La-Sentinelle-104059864394773\"]},{\"@type\":\"Person\",\"@id\":\"https:\\\/\\\/lasentinelle.dz\\\/#\\\/schema\\\/person\\\/729ee0024f24e0b8c5ec17232f8e8b41\",\"name\":\"admin\",\"image\":{\"@type\":\"ImageObject\",\"inLanguage\":\"fr-FR\",\"@id\":\"https:\\\/\\\/secure.gravatar.com\\\/avatar\\\/4c81fed838786e9b53f540bf46533e750f5d292099ae3b66cfc6fb1982e29df7?s=96&d=mm&r=g\",\"url\":\"https:\\\/\\\/secure.gravatar.com\\\/avatar\\\/4c81fed838786e9b53f540bf46533e750f5d292099ae3b66cfc6fb1982e29df7?s=96&d=mm&r=g\",\"contentUrl\":\"https:\\\/\\\/secure.gravatar.com\\\/avatar\\\/4c81fed838786e9b53f540bf46533e750f5d292099ae3b66cfc6fb1982e29df7?s=96&d=mm&r=g\",\"caption\":\"admin\"},\"description\":\"admin\",\"url\":\"https:\\\/\\\/lasentinelle.dz\\\/author\\\/admin\\\/\"}]}<\/script>\n<!-- \/ Yoast SEO plugin. -->","yoast_head_json":{"title":"Environnement: Lancement d&rsquo;un march\u00e9 carbone volontaire en Alg\u00e9rie - La Sentinelle","robots":{"index":"index","follow":"follow","max-snippet":"max-snippet:-1","max-image-preview":"max-image-preview:large","max-video-preview":"max-video-preview:-1"},"canonical":"https:\/\/lasentinelle.dz\/index.php\/2025\/07\/22\/environnement-lancement-dun-marche-carbone-volontaire-en-algerie\/","og_locale":"fr_FR","og_type":"article","og_title":"Environnement: Lancement d&rsquo;un march\u00e9 carbone volontaire en Alg\u00e9rie - La Sentinelle","og_description":"L&rsquo;Alg\u00e9rie a officiellement lanc\u00e9 lundi \u00e0 Alger son march\u00e9 carbone volontaire accompagn\u00e9 d&rsquo;un syst\u00e8me de mesure, rapport et v\u00e9rification (MRV),","og_url":"https:\/\/lasentinelle.dz\/index.php\/2025\/07\/22\/environnement-lancement-dun-marche-carbone-volontaire-en-algerie\/","og_site_name":"La Sentinelle","article_publisher":"https:\/\/www.facebook.com\/La-Sentinelle-104059864394773","article_published_time":"2025-07-22T11:52:32+00:00","article_modified_time":"2025-07-22T11:52:33+00:00","og_image":[{"width":1000,"height":750,"url":"https:\/\/lasentinelle.dz\/wp-content\/uploads\/2025\/07\/514246756_1175848011247488_67891245459504799_n.jpg","type":"image\/jpeg"}],"author":"admin","twitter_card":"summary_large_image","twitter_misc":{"\u00c9crit par":"admin","Dur\u00e9e de lecture estim\u00e9e":"4 minutes"},"schema":{"@context":"https:\/\/schema.org","@graph":[{"@type":"Article","@id":"https:\/\/lasentinelle.dz\/index.php\/2025\/07\/22\/environnement-lancement-dun-marche-carbone-volontaire-en-algerie\/#article","isPartOf":{"@id":"https:\/\/lasentinelle.dz\/index.php\/2025\/07\/22\/environnement-lancement-dun-marche-carbone-volontaire-en-algerie\/"},"author":{"name":"admin","@id":"https:\/\/lasentinelle.dz\/#\/schema\/person\/729ee0024f24e0b8c5ec17232f8e8b41"},"headline":"Environnement: Lancement d&rsquo;un march\u00e9 carbone volontaire en Alg\u00e9rie","datePublished":"2025-07-22T11:52:32+00:00","dateModified":"2025-07-22T11:52:33+00:00","mainEntityOfPage":{"@id":"https:\/\/lasentinelle.dz\/index.php\/2025\/07\/22\/environnement-lancement-dun-marche-carbone-volontaire-en-algerie\/"},"wordCount":747,"commentCount":0,"publisher":{"@id":"https:\/\/lasentinelle.dz\/#organization"},"image":{"@id":"https:\/\/lasentinelle.dz\/index.php\/2025\/07\/22\/environnement-lancement-dun-marche-carbone-volontaire-en-algerie\/#primaryimage"},"thumbnailUrl":"https:\/\/lasentinelle.dz\/wp-content\/uploads\/2025\/07\/514246756_1175848011247488_67891245459504799_n.jpg","articleSection":["Actualit\u00e9"],"inLanguage":"fr-FR","potentialAction":[{"@type":"CommentAction","name":"Comment","target":["https:\/\/lasentinelle.dz\/index.php\/2025\/07\/22\/environnement-lancement-dun-marche-carbone-volontaire-en-algerie\/#respond"]}]},{"@type":"WebPage","@id":"https:\/\/lasentinelle.dz\/index.php\/2025\/07\/22\/environnement-lancement-dun-marche-carbone-volontaire-en-algerie\/","url":"https:\/\/lasentinelle.dz\/index.php\/2025\/07\/22\/environnement-lancement-dun-marche-carbone-volontaire-en-algerie\/","name":"Environnement: Lancement d&rsquo;un march\u00e9 carbone volontaire en Alg\u00e9rie - La Sentinelle","isPartOf":{"@id":"https:\/\/lasentinelle.dz\/#website"},"primaryImageOfPage":{"@id":"https:\/\/lasentinelle.dz\/index.php\/2025\/07\/22\/environnement-lancement-dun-marche-carbone-volontaire-en-algerie\/#primaryimage"},"image":{"@id":"https:\/\/lasentinelle.dz\/index.php\/2025\/07\/22\/environnement-lancement-dun-marche-carbone-volontaire-en-algerie\/#primaryimage"},"thumbnailUrl":"https:\/\/lasentinelle.dz\/wp-content\/uploads\/2025\/07\/514246756_1175848011247488_67891245459504799_n.jpg","datePublished":"2025-07-22T11:52:32+00:00","dateModified":"2025-07-22T11:52:33+00:00","breadcrumb":{"@id":"https:\/\/lasentinelle.dz\/index.php\/2025\/07\/22\/environnement-lancement-dun-marche-carbone-volontaire-en-algerie\/#breadcrumb"},"inLanguage":"fr-FR","potentialAction":[{"@type":"ReadAction","target":["https:\/\/lasentinelle.dz\/index.php\/2025\/07\/22\/environnement-lancement-dun-marche-carbone-volontaire-en-algerie\/"]}]},{"@type":"ImageObject","inLanguage":"fr-FR","@id":"https:\/\/lasentinelle.dz\/index.php\/2025\/07\/22\/environnement-lancement-dun-marche-carbone-volontaire-en-algerie\/#primaryimage","url":"https:\/\/lasentinelle.dz\/wp-content\/uploads\/2025\/07\/514246756_1175848011247488_67891245459504799_n.jpg","contentUrl":"https:\/\/lasentinelle.dz\/wp-content\/uploads\/2025\/07\/514246756_1175848011247488_67891245459504799_n.jpg","width":1000,"height":750},{"@type":"BreadcrumbList","@id":"https:\/\/lasentinelle.dz\/index.php\/2025\/07\/22\/environnement-lancement-dun-marche-carbone-volontaire-en-algerie\/#breadcrumb","itemListElement":[{"@type":"ListItem","position":1,"name":"Accueil","item":"https:\/\/lasentinelle.dz\/"},{"@type":"ListItem","position":2,"name":"Environnement: Lancement d&rsquo;un march\u00e9 carbone volontaire en Alg\u00e9rie"}]},{"@type":"WebSite","@id":"https:\/\/lasentinelle.dz\/#website","url":"https:\/\/lasentinelle.dz\/","name":"La Sentinelle","description":"Quotidien national d&#039;information","publisher":{"@id":"https:\/\/lasentinelle.dz\/#organization"},"potentialAction":[{"@type":"SearchAction","target":{"@type":"EntryPoint","urlTemplate":"https:\/\/lasentinelle.dz\/?s={search_term_string}"},"query-input":{"@type":"PropertyValueSpecification","valueRequired":true,"valueName":"search_term_string"}}],"inLanguage":"fr-FR"},{"@type":"Organization","@id":"https:\/\/lasentinelle.dz\/#organization","name":"Quotidien La Sentinelle","url":"https:\/\/lasentinelle.dz\/","logo":{"@type":"ImageObject","inLanguage":"fr-FR","@id":"https:\/\/lasentinelle.dz\/#\/schema\/logo\/image\/","url":"https:\/\/lasentinelle.dz\/wp-content\/uploads\/2021\/09\/logo-sentinelleSLOGAN-1.png","contentUrl":"https:\/\/lasentinelle.dz\/wp-content\/uploads\/2021\/09\/logo-sentinelleSLOGAN-1.png","width":615,"height":142,"caption":"Quotidien La Sentinelle"},"image":{"@id":"https:\/\/lasentinelle.dz\/#\/schema\/logo\/image\/"},"sameAs":["https:\/\/www.facebook.com\/La-Sentinelle-104059864394773"]},{"@type":"Person","@id":"https:\/\/lasentinelle.dz\/#\/schema\/person\/729ee0024f24e0b8c5ec17232f8e8b41","name":"admin","image":{"@type":"ImageObject","inLanguage":"fr-FR","@id":"https:\/\/secure.gravatar.com\/avatar\/4c81fed838786e9b53f540bf46533e750f5d292099ae3b66cfc6fb1982e29df7?s=96&d=mm&r=g","url":"https:\/\/secure.gravatar.com\/avatar\/4c81fed838786e9b53f540bf46533e750f5d292099ae3b66cfc6fb1982e29df7?s=96&d=mm&r=g","contentUrl":"https:\/\/secure.gravatar.com\/avatar\/4c81fed838786e9b53f540bf46533e750f5d292099ae3b66cfc6fb1982e29df7?s=96&d=mm&r=g","caption":"admin"},"description":"admin","url":"https:\/\/lasentinelle.dz\/author\/admin\/"}]}},"_links":{"self":[{"href":"https:\/\/lasentinelle.dz\/index.php\/wp-json\/wp\/v2\/posts\/70738","targetHints":{"allow":["GET"]}}],"collection":[{"href":"https:\/\/lasentinelle.dz\/index.php\/wp-json\/wp\/v2\/posts"}],"about":[{"href":"https:\/\/lasentinelle.dz\/index.php\/wp-json\/wp\/v2\/types\/post"}],"author":[{"embeddable":true,"href":"https:\/\/lasentinelle.dz\/index.php\/wp-json\/wp\/v2\/users\/6"}],"replies":[{"embeddable":true,"href":"https:\/\/lasentinelle.dz\/index.php\/wp-json\/wp\/v2\/comments?post=70738"}],"version-history":[{"count":2,"href":"https:\/\/lasentinelle.dz\/index.php\/wp-json\/wp\/v2\/posts\/70738\/revisions"}],"predecessor-version":[{"id":70741,"href":"https:\/\/lasentinelle.dz\/index.php\/wp-json\/wp\/v2\/posts\/70738\/revisions\/70741"}],"wp:featuredmedia":[{"embeddable":true,"href":"https:\/\/lasentinelle.dz\/index.php\/wp-json\/wp\/v2\/media\/70739"}],"wp:attachment":[{"href":"https:\/\/lasentinelle.dz\/index.php\/wp-json\/wp\/v2\/media?parent=70738"}],"wp:term":[{"taxonomy":"category","embeddable":true,"href":"https:\/\/lasentinelle.dz\/index.php\/wp-json\/wp\/v2\/categories?post=70738"},{"taxonomy":"post_tag","embeddable":true,"href":"https:\/\/lasentinelle.dz\/index.php\/wp-json\/wp\/v2\/tags?post=70738"}],"curies":[{"name":"wp","href":"https:\/\/api.w.org\/{rel}","templated":true}]}}