{"id":70742,"date":"2025-07-22T12:53:18","date_gmt":"2025-07-22T11:53:18","guid":{"rendered":"https:\/\/lasentinelle.dz\/?p=70742"},"modified":"2025-07-22T12:53:19","modified_gmt":"2025-07-22T11:53:19","slug":"59-deces-par-noyade-en-juin-un-ete-meurtrier","status":"publish","type":"post","link":"https:\/\/lasentinelle.dz\/index.php\/2025\/07\/22\/59-deces-par-noyade-en-juin-un-ete-meurtrier\/","title":{"rendered":"59 d\u00e9c\u00e8s par noyade en juin: Un \u00e9t\u00e9 meurtrier !"},"content":{"rendered":"\n<p>18 morts sur des plages interdites, 19 dans des plans d&rsquo;eau : le bilan dramatique de juin 2025 r\u00e9v\u00e9l\u00e9 par la Protection civile illustre l&rsquo;ampleur du fl\u00e9au des noyades estivales.<\/p>\n\n\n\n<p>Face \u00e0 cette h\u00e9catombe, une mobilisation g\u00e9n\u00e9rale s&rsquo;organise depuis mai dernier, associant services de secours, collectivit\u00e9s locales et soci\u00e9t\u00e9 civile dans une course contre la montre pour sensibiliser les Alg\u00e9riens aux dangers mortels de la baignade sauvage. \u00ab\u00a0La classe juv\u00e9nile est la plus expos\u00e9e \u00e0 ces dangers\u00a0\u00bb, alerte Nassim Bernaoui, sous-directeur des statistiques \u00e0 la Direction g\u00e9n\u00e9rale de la Protection civile. Un constat alarmant qui pousse les autorit\u00e9s \u00e0 multiplier les initiatives pr\u00e9ventives avant que l&rsquo;\u00e9t\u00e9 n&rsquo;atteigne son pic de fr\u00e9quentation. Les caravanes de sensibilisation sillonnent d\u00e9sormais les r\u00e9gions c\u00f4ti\u00e8res et les zones lacustres, ciblant prioritairement les familles et leurs enfants.<\/p>\n\n\n\n<p>L&rsquo;Organisation alg\u00e9rienne de l&rsquo;environnement et de citoyennet\u00e9 (OAEC) a d\u00e9velopp\u00e9 une strat\u00e9gie communication particuli\u00e8rement offensive. Son pr\u00e9sident Sofiane Affane mise sur \u00ab\u00a0une approche globale bas\u00e9e sur l&rsquo;\u00e9ducation, l&rsquo;accompagnement sur le terrain et la coordination avec les diff\u00e9rents acteurs\u00a0\u00bb. Le slogan choc \u00ab\u00a0Ne nagez pas vers la mort&#8230; Choisissez la vie\u00a0\u00bb inonde d\u00e9sormais t\u00e9l\u00e9visions, radios et r\u00e9seaux sociaux, accompagn\u00e9 de t\u00e9moignages poignants de sp\u00e9cialistes en sauvetage et de podcasts relatant des histoires r\u00e9elles de noyades \u00e9vitables. Cette campagne multim\u00e9dias s&rsquo;appuie sur des outils de terrain pens\u00e9s pour toucher toutes les tranches d&rsquo;\u00e2ge. D\u00e9pliants, affiches, vid\u00e9os courtes et infographies ont \u00e9t\u00e9 con\u00e7us \u00ab\u00a0dans un langage simple et accessible \u00e0 toutes les franges de la soci\u00e9t\u00e9, notamment les enfants et les jeunes\u00a0\u00bb, pr\u00e9cise Affane. L&rsquo;objectif : transformer chaque citoyen en ambassadeur de la pr\u00e9vention.<\/p>\n\n\n\n<p>Sur le terrain, l&rsquo;approche se veut immersive. Les caravanes estivales investissent directement les zones \u00e0 risque, des plages interdites aux abords des barrages et oueds. Des jeunes volontaires sont mobilis\u00e9s pour \u00e9tablir un contact direct avec les estivants et leurs familles, transformant les sites de d\u00e9tente en espaces d&rsquo;\u00e9ducation pr\u00e9ventive. Ces interventions s&rsquo;accompagnent d&rsquo;activit\u00e9s \u00e9ducatives et de loisirs, permettant de faire passer les messages vitaux sans culpabiliser les familles venues profiter de leurs vacances.<\/p>\n\n\n\n<p>La coordination institutionnelle constitue l&rsquo;autre pilier de cette strat\u00e9gie. Protection civile, assembl\u00e9es communales, associations et \u00e9tablissements \u00e9ducatifs unissent leurs forces dans un maillage territorial dense, particuli\u00e8rement focalis\u00e9 sur la protection des mineurs. Cette synergie vise \u00e0 cr\u00e9er une culture de la s\u00e9curit\u00e9 aquatique durable, au-del\u00e0 des seules campagnes estivales. Les professionnels de sant\u00e9 apportent leur expertise m\u00e9dicale \u00e0 cette mobilisation. Le docteur Elias Akhamouk, chef du service des maladies infectieuses \u00e0 l&rsquo;h\u00f4pital de Tamanrasset, insiste sur les dangers sp\u00e9cifiques des \u00ab\u00a0eaux stagnantes et non surveill\u00e9es\u00a0\u00bb, particuli\u00e8rement mortelles pour les enfants dont les capacit\u00e9s natatoires et la conscience du danger restent limit\u00e9es.<\/p>\n\n\n\n<p>Cette offensive pr\u00e9ventive intervient dans un contexte o\u00f9 les comportements \u00e0 risque semblent persister malgr\u00e9 les interdictions. Les 18 d\u00e9c\u00e8s recens\u00e9s en juin sur des plages interdites t\u00e9moignent de la persistance d&rsquo;une culture de la transgression face aux consignes s\u00e9curitaires, aliment\u00e9e parfois par la m\u00e9connaissance des dangers r\u00e9els ou la recherche de sensations fortes. L&rsquo;enjeu d\u00e9passe la simple pr\u00e9vention estivale. Il s&rsquo;agit de transformer durablement les comportements face aux loisirs aquatiques, dans un pays o\u00f9 l&rsquo;acc\u00e8s \u00e0 la mer et aux plans d&rsquo;eau constitue un enjeu social majeur durant les fortes chaleurs. Les campagnes actuelles pr\u00e9parent ainsi les mentalit\u00e9s \u00e0 une approche plus responsable du loisir aquatique, condition sine qua non pour enrayer cette tragique comptabilit\u00e9 humaine qui endeuille chaque \u00e9t\u00e9 des dizaines de familles alg\u00e9riennes.<\/p>\n\n\n\n<p>Lyna Larbi<\/p>\n","protected":false},"excerpt":{"rendered":"<p>18 morts sur des plages interdites, 19 dans des plans d&rsquo;eau : le bilan dramatique de juin 2025 r\u00e9v\u00e9l\u00e9 par<\/p>\n","protected":false},"author":6,"featured_media":70743,"comment_status":"open","ping_status":"closed","sticky":false,"template":"","format":"standard","meta":{"colormag_page_container_layout":"default_layout","colormag_page_sidebar_layout":"default_layout","om_disable_all_campaigns":false,"_monsterinsights_skip_tracking":false,"_monsterinsights_sitenote_active":false,"_monsterinsights_sitenote_note":"","_monsterinsights_sitenote_category":0,"footnotes":"","_wpscppro_dont_share_socialmedia":false,"_wpscppro_custom_social_share_image":0,"_facebook_share_type":"default","_twitter_share_type":"default","_linkedin_share_type":"default","_pinterest_share_type":"default","_linkedin_share_type_page":"","_instagram_share_type":"default","_medium_share_type":"default","_threads_share_type":"","_google_business_share_type":"","_selected_social_profile":[],"_wpsp_enable_custom_social_template":false,"_wpsp_social_scheduling":{"enabled":false,"datetime":null,"platforms":[],"status":"template_only","dateOption":"today","timeOption":"now","customDays":"","customHours":"","customDate":"","customTime":"","schedulingType":"absolute"},"_wpsp_active_default_template":true},"categories":[27],"tags":[],"class_list":["post-70742","post","type-post","status-publish","format-standard","has-post-thumbnail","hentry","category-actualite"],"aioseo_notices":[],"yoast_head":"<!-- This site is optimized with the Yoast SEO plugin v27.5 - https:\/\/yoast.com\/product\/yoast-seo-wordpress\/ -->\n<title>59 d\u00e9c\u00e8s par noyade en juin: Un \u00e9t\u00e9 meurtrier ! - La Sentinelle<\/title>\n<meta name=\"robots\" content=\"index, follow, max-snippet:-1, max-image-preview:large, max-video-preview:-1\" \/>\n<link rel=\"canonical\" href=\"https:\/\/lasentinelle.dz\/index.php\/2025\/07\/22\/59-deces-par-noyade-en-juin-un-ete-meurtrier\/\" \/>\n<meta property=\"og:locale\" content=\"fr_FR\" \/>\n<meta property=\"og:type\" content=\"article\" \/>\n<meta property=\"og:title\" content=\"59 d\u00e9c\u00e8s par noyade en juin: Un \u00e9t\u00e9 meurtrier ! - La Sentinelle\" \/>\n<meta property=\"og:description\" content=\"18 morts sur des plages interdites, 19 dans des plans d&rsquo;eau : le bilan dramatique de juin 2025 r\u00e9v\u00e9l\u00e9 par\" \/>\n<meta property=\"og:url\" content=\"https:\/\/lasentinelle.dz\/index.php\/2025\/07\/22\/59-deces-par-noyade-en-juin-un-ete-meurtrier\/\" \/>\n<meta property=\"og:site_name\" content=\"La Sentinelle\" \/>\n<meta property=\"article:publisher\" content=\"https:\/\/www.facebook.com\/La-Sentinelle-104059864394773\" \/>\n<meta property=\"article:published_time\" content=\"2025-07-22T11:53:18+00:00\" \/>\n<meta property=\"article:modified_time\" content=\"2025-07-22T11:53:19+00:00\" \/>\n<meta property=\"og:image\" content=\"https:\/\/lasentinelle.dz\/wp-content\/uploads\/2025\/07\/Noyade.jpg\" \/>\n\t<meta property=\"og:image:width\" content=\"770\" \/>\n\t<meta property=\"og:image:height\" content=\"508\" \/>\n\t<meta property=\"og:image:type\" content=\"image\/jpeg\" \/>\n<meta name=\"author\" content=\"admin\" \/>\n<meta name=\"twitter:card\" content=\"summary_large_image\" \/>\n<meta name=\"twitter:label1\" content=\"\u00c9crit par\" \/>\n\t<meta name=\"twitter:data1\" content=\"admin\" \/>\n\t<meta name=\"twitter:label2\" content=\"Dur\u00e9e de lecture estim\u00e9e\" \/>\n\t<meta name=\"twitter:data2\" content=\"4 minutes\" \/>\n<script type=\"application\/ld+json\" class=\"yoast-schema-graph\">{\"@context\":\"https:\\\/\\\/schema.org\",\"@graph\":[{\"@type\":\"Article\",\"@id\":\"https:\\\/\\\/lasentinelle.dz\\\/index.php\\\/2025\\\/07\\\/22\\\/59-deces-par-noyade-en-juin-un-ete-meurtrier\\\/#article\",\"isPartOf\":{\"@id\":\"https:\\\/\\\/lasentinelle.dz\\\/index.php\\\/2025\\\/07\\\/22\\\/59-deces-par-noyade-en-juin-un-ete-meurtrier\\\/\"},\"author\":{\"name\":\"admin\",\"@id\":\"https:\\\/\\\/lasentinelle.dz\\\/#\\\/schema\\\/person\\\/729ee0024f24e0b8c5ec17232f8e8b41\"},\"headline\":\"59 d\u00e9c\u00e8s par noyade en juin: Un \u00e9t\u00e9 meurtrier !\",\"datePublished\":\"2025-07-22T11:53:18+00:00\",\"dateModified\":\"2025-07-22T11:53:19+00:00\",\"mainEntityOfPage\":{\"@id\":\"https:\\\/\\\/lasentinelle.dz\\\/index.php\\\/2025\\\/07\\\/22\\\/59-deces-par-noyade-en-juin-un-ete-meurtrier\\\/\"},\"wordCount\":653,\"commentCount\":0,\"publisher\":{\"@id\":\"https:\\\/\\\/lasentinelle.dz\\\/#organization\"},\"image\":{\"@id\":\"https:\\\/\\\/lasentinelle.dz\\\/index.php\\\/2025\\\/07\\\/22\\\/59-deces-par-noyade-en-juin-un-ete-meurtrier\\\/#primaryimage\"},\"thumbnailUrl\":\"https:\\\/\\\/lasentinelle.dz\\\/wp-content\\\/uploads\\\/2025\\\/07\\\/Noyade.jpg\",\"articleSection\":[\"Actualit\u00e9\"],\"inLanguage\":\"fr-FR\",\"potentialAction\":[{\"@type\":\"CommentAction\",\"name\":\"Comment\",\"target\":[\"https:\\\/\\\/lasentinelle.dz\\\/index.php\\\/2025\\\/07\\\/22\\\/59-deces-par-noyade-en-juin-un-ete-meurtrier\\\/#respond\"]}]},{\"@type\":\"WebPage\",\"@id\":\"https:\\\/\\\/lasentinelle.dz\\\/index.php\\\/2025\\\/07\\\/22\\\/59-deces-par-noyade-en-juin-un-ete-meurtrier\\\/\",\"url\":\"https:\\\/\\\/lasentinelle.dz\\\/index.php\\\/2025\\\/07\\\/22\\\/59-deces-par-noyade-en-juin-un-ete-meurtrier\\\/\",\"name\":\"59 d\u00e9c\u00e8s par noyade en juin: Un \u00e9t\u00e9 meurtrier ! - La Sentinelle\",\"isPartOf\":{\"@id\":\"https:\\\/\\\/lasentinelle.dz\\\/#website\"},\"primaryImageOfPage\":{\"@id\":\"https:\\\/\\\/lasentinelle.dz\\\/index.php\\\/2025\\\/07\\\/22\\\/59-deces-par-noyade-en-juin-un-ete-meurtrier\\\/#primaryimage\"},\"image\":{\"@id\":\"https:\\\/\\\/lasentinelle.dz\\\/index.php\\\/2025\\\/07\\\/22\\\/59-deces-par-noyade-en-juin-un-ete-meurtrier\\\/#primaryimage\"},\"thumbnailUrl\":\"https:\\\/\\\/lasentinelle.dz\\\/wp-content\\\/uploads\\\/2025\\\/07\\\/Noyade.jpg\",\"datePublished\":\"2025-07-22T11:53:18+00:00\",\"dateModified\":\"2025-07-22T11:53:19+00:00\",\"breadcrumb\":{\"@id\":\"https:\\\/\\\/lasentinelle.dz\\\/index.php\\\/2025\\\/07\\\/22\\\/59-deces-par-noyade-en-juin-un-ete-meurtrier\\\/#breadcrumb\"},\"inLanguage\":\"fr-FR\",\"potentialAction\":[{\"@type\":\"ReadAction\",\"target\":[\"https:\\\/\\\/lasentinelle.dz\\\/index.php\\\/2025\\\/07\\\/22\\\/59-deces-par-noyade-en-juin-un-ete-meurtrier\\\/\"]}]},{\"@type\":\"ImageObject\",\"inLanguage\":\"fr-FR\",\"@id\":\"https:\\\/\\\/lasentinelle.dz\\\/index.php\\\/2025\\\/07\\\/22\\\/59-deces-par-noyade-en-juin-un-ete-meurtrier\\\/#primaryimage\",\"url\":\"https:\\\/\\\/lasentinelle.dz\\\/wp-content\\\/uploads\\\/2025\\\/07\\\/Noyade.jpg\",\"contentUrl\":\"https:\\\/\\\/lasentinelle.dz\\\/wp-content\\\/uploads\\\/2025\\\/07\\\/Noyade.jpg\",\"width\":770,\"height\":508},{\"@type\":\"BreadcrumbList\",\"@id\":\"https:\\\/\\\/lasentinelle.dz\\\/index.php\\\/2025\\\/07\\\/22\\\/59-deces-par-noyade-en-juin-un-ete-meurtrier\\\/#breadcrumb\",\"itemListElement\":[{\"@type\":\"ListItem\",\"position\":1,\"name\":\"Accueil\",\"item\":\"https:\\\/\\\/lasentinelle.dz\\\/\"},{\"@type\":\"ListItem\",\"position\":2,\"name\":\"59 d\u00e9c\u00e8s par noyade en juin: Un \u00e9t\u00e9 meurtrier !\"}]},{\"@type\":\"WebSite\",\"@id\":\"https:\\\/\\\/lasentinelle.dz\\\/#website\",\"url\":\"https:\\\/\\\/lasentinelle.dz\\\/\",\"name\":\"La Sentinelle\",\"description\":\"Quotidien national d&#039;information\",\"publisher\":{\"@id\":\"https:\\\/\\\/lasentinelle.dz\\\/#organization\"},\"potentialAction\":[{\"@type\":\"SearchAction\",\"target\":{\"@type\":\"EntryPoint\",\"urlTemplate\":\"https:\\\/\\\/lasentinelle.dz\\\/?s={search_term_string}\"},\"query-input\":{\"@type\":\"PropertyValueSpecification\",\"valueRequired\":true,\"valueName\":\"search_term_string\"}}],\"inLanguage\":\"fr-FR\"},{\"@type\":\"Organization\",\"@id\":\"https:\\\/\\\/lasentinelle.dz\\\/#organization\",\"name\":\"Quotidien La Sentinelle\",\"url\":\"https:\\\/\\\/lasentinelle.dz\\\/\",\"logo\":{\"@type\":\"ImageObject\",\"inLanguage\":\"fr-FR\",\"@id\":\"https:\\\/\\\/lasentinelle.dz\\\/#\\\/schema\\\/logo\\\/image\\\/\",\"url\":\"https:\\\/\\\/lasentinelle.dz\\\/wp-content\\\/uploads\\\/2021\\\/09\\\/logo-sentinelleSLOGAN-1.png\",\"contentUrl\":\"https:\\\/\\\/lasentinelle.dz\\\/wp-content\\\/uploads\\\/2021\\\/09\\\/logo-sentinelleSLOGAN-1.png\",\"width\":615,\"height\":142,\"caption\":\"Quotidien La Sentinelle\"},\"image\":{\"@id\":\"https:\\\/\\\/lasentinelle.dz\\\/#\\\/schema\\\/logo\\\/image\\\/\"},\"sameAs\":[\"https:\\\/\\\/www.facebook.com\\\/La-Sentinelle-104059864394773\"]},{\"@type\":\"Person\",\"@id\":\"https:\\\/\\\/lasentinelle.dz\\\/#\\\/schema\\\/person\\\/729ee0024f24e0b8c5ec17232f8e8b41\",\"name\":\"admin\",\"image\":{\"@type\":\"ImageObject\",\"inLanguage\":\"fr-FR\",\"@id\":\"https:\\\/\\\/secure.gravatar.com\\\/avatar\\\/4c81fed838786e9b53f540bf46533e750f5d292099ae3b66cfc6fb1982e29df7?s=96&d=mm&r=g\",\"url\":\"https:\\\/\\\/secure.gravatar.com\\\/avatar\\\/4c81fed838786e9b53f540bf46533e750f5d292099ae3b66cfc6fb1982e29df7?s=96&d=mm&r=g\",\"contentUrl\":\"https:\\\/\\\/secure.gravatar.com\\\/avatar\\\/4c81fed838786e9b53f540bf46533e750f5d292099ae3b66cfc6fb1982e29df7?s=96&d=mm&r=g\",\"caption\":\"admin\"},\"description\":\"admin\",\"url\":\"https:\\\/\\\/lasentinelle.dz\\\/author\\\/admin\\\/\"}]}<\/script>\n<!-- \/ Yoast SEO plugin. -->","yoast_head_json":{"title":"59 d\u00e9c\u00e8s par noyade en juin: Un \u00e9t\u00e9 meurtrier ! - La Sentinelle","robots":{"index":"index","follow":"follow","max-snippet":"max-snippet:-1","max-image-preview":"max-image-preview:large","max-video-preview":"max-video-preview:-1"},"canonical":"https:\/\/lasentinelle.dz\/index.php\/2025\/07\/22\/59-deces-par-noyade-en-juin-un-ete-meurtrier\/","og_locale":"fr_FR","og_type":"article","og_title":"59 d\u00e9c\u00e8s par noyade en juin: Un \u00e9t\u00e9 meurtrier ! - La Sentinelle","og_description":"18 morts sur des plages interdites, 19 dans des plans d&rsquo;eau : le bilan dramatique de juin 2025 r\u00e9v\u00e9l\u00e9 par","og_url":"https:\/\/lasentinelle.dz\/index.php\/2025\/07\/22\/59-deces-par-noyade-en-juin-un-ete-meurtrier\/","og_site_name":"La Sentinelle","article_publisher":"https:\/\/www.facebook.com\/La-Sentinelle-104059864394773","article_published_time":"2025-07-22T11:53:18+00:00","article_modified_time":"2025-07-22T11:53:19+00:00","og_image":[{"width":770,"height":508,"url":"https:\/\/lasentinelle.dz\/wp-content\/uploads\/2025\/07\/Noyade.jpg","type":"image\/jpeg"}],"author":"admin","twitter_card":"summary_large_image","twitter_misc":{"\u00c9crit par":"admin","Dur\u00e9e de lecture estim\u00e9e":"4 minutes"},"schema":{"@context":"https:\/\/schema.org","@graph":[{"@type":"Article","@id":"https:\/\/lasentinelle.dz\/index.php\/2025\/07\/22\/59-deces-par-noyade-en-juin-un-ete-meurtrier\/#article","isPartOf":{"@id":"https:\/\/lasentinelle.dz\/index.php\/2025\/07\/22\/59-deces-par-noyade-en-juin-un-ete-meurtrier\/"},"author":{"name":"admin","@id":"https:\/\/lasentinelle.dz\/#\/schema\/person\/729ee0024f24e0b8c5ec17232f8e8b41"},"headline":"59 d\u00e9c\u00e8s par noyade en juin: Un \u00e9t\u00e9 meurtrier !","datePublished":"2025-07-22T11:53:18+00:00","dateModified":"2025-07-22T11:53:19+00:00","mainEntityOfPage":{"@id":"https:\/\/lasentinelle.dz\/index.php\/2025\/07\/22\/59-deces-par-noyade-en-juin-un-ete-meurtrier\/"},"wordCount":653,"commentCount":0,"publisher":{"@id":"https:\/\/lasentinelle.dz\/#organization"},"image":{"@id":"https:\/\/lasentinelle.dz\/index.php\/2025\/07\/22\/59-deces-par-noyade-en-juin-un-ete-meurtrier\/#primaryimage"},"thumbnailUrl":"https:\/\/lasentinelle.dz\/wp-content\/uploads\/2025\/07\/Noyade.jpg","articleSection":["Actualit\u00e9"],"inLanguage":"fr-FR","potentialAction":[{"@type":"CommentAction","name":"Comment","target":["https:\/\/lasentinelle.dz\/index.php\/2025\/07\/22\/59-deces-par-noyade-en-juin-un-ete-meurtrier\/#respond"]}]},{"@type":"WebPage","@id":"https:\/\/lasentinelle.dz\/index.php\/2025\/07\/22\/59-deces-par-noyade-en-juin-un-ete-meurtrier\/","url":"https:\/\/lasentinelle.dz\/index.php\/2025\/07\/22\/59-deces-par-noyade-en-juin-un-ete-meurtrier\/","name":"59 d\u00e9c\u00e8s par noyade en juin: Un \u00e9t\u00e9 meurtrier ! - La Sentinelle","isPartOf":{"@id":"https:\/\/lasentinelle.dz\/#website"},"primaryImageOfPage":{"@id":"https:\/\/lasentinelle.dz\/index.php\/2025\/07\/22\/59-deces-par-noyade-en-juin-un-ete-meurtrier\/#primaryimage"},"image":{"@id":"https:\/\/lasentinelle.dz\/index.php\/2025\/07\/22\/59-deces-par-noyade-en-juin-un-ete-meurtrier\/#primaryimage"},"thumbnailUrl":"https:\/\/lasentinelle.dz\/wp-content\/uploads\/2025\/07\/Noyade.jpg","datePublished":"2025-07-22T11:53:18+00:00","dateModified":"2025-07-22T11:53:19+00:00","breadcrumb":{"@id":"https:\/\/lasentinelle.dz\/index.php\/2025\/07\/22\/59-deces-par-noyade-en-juin-un-ete-meurtrier\/#breadcrumb"},"inLanguage":"fr-FR","potentialAction":[{"@type":"ReadAction","target":["https:\/\/lasentinelle.dz\/index.php\/2025\/07\/22\/59-deces-par-noyade-en-juin-un-ete-meurtrier\/"]}]},{"@type":"ImageObject","inLanguage":"fr-FR","@id":"https:\/\/lasentinelle.dz\/index.php\/2025\/07\/22\/59-deces-par-noyade-en-juin-un-ete-meurtrier\/#primaryimage","url":"https:\/\/lasentinelle.dz\/wp-content\/uploads\/2025\/07\/Noyade.jpg","contentUrl":"https:\/\/lasentinelle.dz\/wp-content\/uploads\/2025\/07\/Noyade.jpg","width":770,"height":508},{"@type":"BreadcrumbList","@id":"https:\/\/lasentinelle.dz\/index.php\/2025\/07\/22\/59-deces-par-noyade-en-juin-un-ete-meurtrier\/#breadcrumb","itemListElement":[{"@type":"ListItem","position":1,"name":"Accueil","item":"https:\/\/lasentinelle.dz\/"},{"@type":"ListItem","position":2,"name":"59 d\u00e9c\u00e8s par noyade en juin: Un \u00e9t\u00e9 meurtrier !"}]},{"@type":"WebSite","@id":"https:\/\/lasentinelle.dz\/#website","url":"https:\/\/lasentinelle.dz\/","name":"La Sentinelle","description":"Quotidien national d&#039;information","publisher":{"@id":"https:\/\/lasentinelle.dz\/#organization"},"potentialAction":[{"@type":"SearchAction","target":{"@type":"EntryPoint","urlTemplate":"https:\/\/lasentinelle.dz\/?s={search_term_string}"},"query-input":{"@type":"PropertyValueSpecification","valueRequired":true,"valueName":"search_term_string"}}],"inLanguage":"fr-FR"},{"@type":"Organization","@id":"https:\/\/lasentinelle.dz\/#organization","name":"Quotidien La Sentinelle","url":"https:\/\/lasentinelle.dz\/","logo":{"@type":"ImageObject","inLanguage":"fr-FR","@id":"https:\/\/lasentinelle.dz\/#\/schema\/logo\/image\/","url":"https:\/\/lasentinelle.dz\/wp-content\/uploads\/2021\/09\/logo-sentinelleSLOGAN-1.png","contentUrl":"https:\/\/lasentinelle.dz\/wp-content\/uploads\/2021\/09\/logo-sentinelleSLOGAN-1.png","width":615,"height":142,"caption":"Quotidien La Sentinelle"},"image":{"@id":"https:\/\/lasentinelle.dz\/#\/schema\/logo\/image\/"},"sameAs":["https:\/\/www.facebook.com\/La-Sentinelle-104059864394773"]},{"@type":"Person","@id":"https:\/\/lasentinelle.dz\/#\/schema\/person\/729ee0024f24e0b8c5ec17232f8e8b41","name":"admin","image":{"@type":"ImageObject","inLanguage":"fr-FR","@id":"https:\/\/secure.gravatar.com\/avatar\/4c81fed838786e9b53f540bf46533e750f5d292099ae3b66cfc6fb1982e29df7?s=96&d=mm&r=g","url":"https:\/\/secure.gravatar.com\/avatar\/4c81fed838786e9b53f540bf46533e750f5d292099ae3b66cfc6fb1982e29df7?s=96&d=mm&r=g","contentUrl":"https:\/\/secure.gravatar.com\/avatar\/4c81fed838786e9b53f540bf46533e750f5d292099ae3b66cfc6fb1982e29df7?s=96&d=mm&r=g","caption":"admin"},"description":"admin","url":"https:\/\/lasentinelle.dz\/author\/admin\/"}]}},"_links":{"self":[{"href":"https:\/\/lasentinelle.dz\/index.php\/wp-json\/wp\/v2\/posts\/70742","targetHints":{"allow":["GET"]}}],"collection":[{"href":"https:\/\/lasentinelle.dz\/index.php\/wp-json\/wp\/v2\/posts"}],"about":[{"href":"https:\/\/lasentinelle.dz\/index.php\/wp-json\/wp\/v2\/types\/post"}],"author":[{"embeddable":true,"href":"https:\/\/lasentinelle.dz\/index.php\/wp-json\/wp\/v2\/users\/6"}],"replies":[{"embeddable":true,"href":"https:\/\/lasentinelle.dz\/index.php\/wp-json\/wp\/v2\/comments?post=70742"}],"version-history":[{"count":1,"href":"https:\/\/lasentinelle.dz\/index.php\/wp-json\/wp\/v2\/posts\/70742\/revisions"}],"predecessor-version":[{"id":70744,"href":"https:\/\/lasentinelle.dz\/index.php\/wp-json\/wp\/v2\/posts\/70742\/revisions\/70744"}],"wp:featuredmedia":[{"embeddable":true,"href":"https:\/\/lasentinelle.dz\/index.php\/wp-json\/wp\/v2\/media\/70743"}],"wp:attachment":[{"href":"https:\/\/lasentinelle.dz\/index.php\/wp-json\/wp\/v2\/media?parent=70742"}],"wp:term":[{"taxonomy":"category","embeddable":true,"href":"https:\/\/lasentinelle.dz\/index.php\/wp-json\/wp\/v2\/categories?post=70742"},{"taxonomy":"post_tag","embeddable":true,"href":"https:\/\/lasentinelle.dz\/index.php\/wp-json\/wp\/v2\/tags?post=70742"}],"curies":[{"name":"wp","href":"https:\/\/api.w.org\/{rel}","templated":true}]}}