{"id":70745,"date":"2025-07-22T12:54:42","date_gmt":"2025-07-22T11:54:42","guid":{"rendered":"https:\/\/lasentinelle.dz\/?p=70745"},"modified":"2025-07-22T12:54:43","modified_gmt":"2025-07-22T11:54:43","slug":"universite-ouverture-des-preinscriptions-pour-600-000-nouveaux-bacheliers","status":"publish","type":"post","link":"https:\/\/lasentinelle.dz\/index.php\/2025\/07\/22\/universite-ouverture-des-preinscriptions-pour-600-000-nouveaux-bacheliers\/","title":{"rendered":"Universit\u00e9 : Ouverture des pr\u00e9inscriptions pour 600 000 nouveaux bacheliers"},"content":{"rendered":"\n<p>Les nouveaux bacheliers de la session juin 2025 pourront effectuer leurs pr\u00e9inscriptions dans l&rsquo;enseignement sup\u00e9rieur \u00e0 partir de ce mardi \u00e0 14h00, selon un communiqu\u00e9 du minist\u00e8re de l&rsquo;Enseignement sup\u00e9rieur et de la Recherche scientifique publi\u00e9 lundi. Cette op\u00e9ration cruciale pour l&rsquo;orientation de pr\u00e8s de 600 000 nouveaux dipl\u00f4m\u00e9s du baccalaur\u00e9at se d\u00e9roulera exclusivement en ligne jusqu&rsquo;au 26 juillet, marquant le coup d&rsquo;envoi de la campagne d&rsquo;inscription dans les universit\u00e9s alg\u00e9riennes pour la rentr\u00e9e 2025-2026.<\/p>\n\n\n\n<p>Selon le minist\u00e8re, \u00ab\u00a0les pr\u00e9inscriptions se feront exclusivement via le site https:\/\/orientation-esi.dz ou en scannant le code QR, et ce \u00e0 partir de mardi \u00e0 14h00\u00a0\u00bb, pr\u00e9cisant que \u00ab\u00a0cette op\u00e9ration se poursuivra jusqu&rsquo;au 26 juillet 2025\u00a0\u00bb. En amont de cette \u00e9tape, le minist\u00e8re avait d\u00e9j\u00e0 invit\u00e9 dimanche les nouveaux bacheliers \u00e0 se familiariser avec l&rsquo;offre de formation disponible. Dans un premier communiqu\u00e9, l&rsquo;institution a recommand\u00e9 aux dipl\u00f4m\u00e9s de \u00ab\u00a0consulter le portail \u00e9lectronique \u00e9tudiant (Portail du bachelier), afin de d\u00e9couvrir les sp\u00e9cialit\u00e9s universitaires disponibles et les conditions d&rsquo;admission\u00a0\u00bb. Cette d\u00e9marche pr\u00e9paratoire permet aux futurs \u00e9tudiants d&rsquo;effectuer des choix \u00e9clair\u00e9s avant l&rsquo;ouverture des pr\u00e9inscriptions. Le minist\u00e8re a d\u00e9velopp\u00e9 une application mobile sp\u00e9cialement d\u00e9di\u00e9e aux bacheliers, accessible par t\u00e9l\u00e9chargement. \u00ab\u00a0Les nouveaux bacheliers peuvent t\u00e9l\u00e9charger l&rsquo;application mobile &lsquo;Portail du bachelier&rsquo; (Portail Bac) en scannant le QR code ou via le lien suivant : https:\/\/play.google.com\/store\/apps\/details?id=dz.mesrs.portail_bac\u00a0\u00bb, indique le communiqu\u00e9 ministeriel. Cette application centralise toutes les informations n\u00e9cessaires \u00e0 l&rsquo;orientation, notamment \u00ab\u00a0la circulaire minist\u00e9rielle relative \u00e0 l&rsquo;orientation des bacheliers, ainsi que les sp\u00e9cialit\u00e9s propos\u00e9es et les conditions d&rsquo;admission\u00a0\u00bb.<\/p>\n\n\n\n<p>L&rsquo;aspect le plus innovant de cette plateforme r\u00e9side dans l&rsquo;int\u00e9gration de l&rsquo;intelligence artificielle au service de l&rsquo;orientation. Le portail propose \u00ab\u00a0un assistant algorithmique\u00a0\u00bb, d\u00e9crit comme \u00ab\u00a0un outil intelligent qui aide les \u00e9tudiants \u00e0 choisir leurs sp\u00e9cialit\u00e9s en s&rsquo;appuyant sur le traitement de leurs notes \u00e0 l&rsquo;aide de l&rsquo;intelligence artificielle\u00a0\u00bb, selon la m\u00eame source. Cette fonctionnalit\u00e9 r\u00e9volutionnaire permet une personnalisation de l&rsquo;orientation bas\u00e9e sur les performances acad\u00e9miques individuelles, marquant une rupture avec les m\u00e9thodes d&rsquo;orientation traditionnelles. Au-del\u00e0 de la simple inscription, la plateforme offre une vision prospective des parcours universitaires en int\u00e9grant \u00ab\u00a0un espace d\u00e9di\u00e9 aux formations et m\u00e9tiers pour d\u00e9couvrir les d\u00e9bouch\u00e9s professionnels correspondant \u00e0 chaque sp\u00e9cialit\u00e9\u00a0\u00bb. Cette approche globale vise \u00e0 \u00e9clairer les choix des \u00e9tudiants en leur pr\u00e9sentant les perspectives d&#8217;emploi associ\u00e9es \u00e0 chaque fili\u00e8re, r\u00e9pondant ainsi aux pr\u00e9occupations croissantes concernant l&#8217;employabilit\u00e9 des dipl\u00f4m\u00e9s universitaires.<\/p>\n\n\n\n<p>Le calendrier des inscriptions s&rsquo;\u00e9tale sur plusieurs phases distinctes pour optimiser le processus d&rsquo;admission. Apr\u00e8s les pr\u00e9inscriptions du 22 au 26 juillet, \u00ab\u00a0les inscriptions d\u00e9finitives se feront exclusivement en ligne, du 10 au 15 ao\u00fbt 2025\u00a0\u00bb, pr\u00e9cise le communiqu\u00e9 ministeriel. La dimension sociale n&rsquo;a pas \u00e9t\u00e9 n\u00e9glig\u00e9e dans cette refonte du syst\u00e8me d&rsquo;inscription. La plateforme \u00ab\u00a0permet, en outre, de consulter les \u0153uvres universitaires disponibles et permet aux \u00e9tudiants de d\u00e9poser leurs demandes pour b\u00e9n\u00e9ficier des \u0153uvres offertes par l&rsquo;Office national des \u0153uvres universitaires (ONOU)\u00a0\u00bb, conclut le communiqu\u00e9.<\/p>\n\n\n\n<p>Salim Amokrane<\/p>\n","protected":false},"excerpt":{"rendered":"<p>Les nouveaux bacheliers de la session juin 2025 pourront effectuer leurs pr\u00e9inscriptions dans l&rsquo;enseignement sup\u00e9rieur \u00e0 partir de ce mardi<\/p>\n","protected":false},"author":6,"featured_media":22755,"comment_status":"open","ping_status":"closed","sticky":false,"template":"","format":"standard","meta":{"colormag_page_container_layout":"default_layout","colormag_page_sidebar_layout":"default_layout","om_disable_all_campaigns":false,"_monsterinsights_skip_tracking":false,"_monsterinsights_sitenote_active":false,"_monsterinsights_sitenote_note":"","_monsterinsights_sitenote_category":0,"footnotes":"","_wpscppro_dont_share_socialmedia":false,"_wpscppro_custom_social_share_image":0,"_facebook_share_type":"default","_twitter_share_type":"default","_linkedin_share_type":"default","_pinterest_share_type":"default","_linkedin_share_type_page":"","_instagram_share_type":"default","_medium_share_type":"default","_threads_share_type":"","_google_business_share_type":"","_selected_social_profile":[],"_wpsp_enable_custom_social_template":false,"_wpsp_social_scheduling":{"enabled":false,"datetime":null,"platforms":[],"status":"template_only","dateOption":"today","timeOption":"now","customDays":"","customHours":"","customDate":"","customTime":"","schedulingType":"absolute"},"_wpsp_active_default_template":true},"categories":[52,27],"tags":[],"class_list":["post-70745","post","type-post","status-publish","format-standard","has-post-thumbnail","hentry","category-a-la-une","category-actualite"],"aioseo_notices":[],"yoast_head":"<!-- This site is optimized with the Yoast SEO plugin v27.5 - https:\/\/yoast.com\/product\/yoast-seo-wordpress\/ -->\n<title>Universit\u00e9 : Ouverture des pr\u00e9inscriptions pour 600 000 nouveaux bacheliers - La Sentinelle<\/title>\n<meta name=\"robots\" content=\"index, follow, max-snippet:-1, max-image-preview:large, max-video-preview:-1\" \/>\n<link rel=\"canonical\" href=\"https:\/\/lasentinelle.dz\/index.php\/2025\/07\/22\/universite-ouverture-des-preinscriptions-pour-600-000-nouveaux-bacheliers\/\" \/>\n<meta property=\"og:locale\" content=\"fr_FR\" \/>\n<meta property=\"og:type\" content=\"article\" \/>\n<meta property=\"og:title\" content=\"Universit\u00e9 : Ouverture des pr\u00e9inscriptions pour 600 000 nouveaux bacheliers - La Sentinelle\" \/>\n<meta property=\"og:description\" content=\"Les nouveaux bacheliers de la session juin 2025 pourront effectuer leurs pr\u00e9inscriptions dans l&rsquo;enseignement sup\u00e9rieur \u00e0 partir de ce mardi\" \/>\n<meta property=\"og:url\" content=\"https:\/\/lasentinelle.dz\/index.php\/2025\/07\/22\/universite-ouverture-des-preinscriptions-pour-600-000-nouveaux-bacheliers\/\" \/>\n<meta property=\"og:site_name\" content=\"La Sentinelle\" \/>\n<meta property=\"article:publisher\" content=\"https:\/\/www.facebook.com\/La-Sentinelle-104059864394773\" \/>\n<meta property=\"article:published_time\" content=\"2025-07-22T11:54:42+00:00\" \/>\n<meta property=\"article:modified_time\" content=\"2025-07-22T11:54:43+00:00\" \/>\n<meta property=\"og:image\" content=\"https:\/\/lasentinelle.dz\/wp-content\/uploads\/2022\/06\/universite.png\" \/>\n\t<meta property=\"og:image:width\" content=\"1491\" \/>\n\t<meta property=\"og:image:height\" content=\"900\" \/>\n\t<meta property=\"og:image:type\" content=\"image\/png\" \/>\n<meta name=\"author\" content=\"admin\" \/>\n<meta name=\"twitter:card\" content=\"summary_large_image\" \/>\n<meta name=\"twitter:label1\" content=\"\u00c9crit par\" \/>\n\t<meta name=\"twitter:data1\" content=\"admin\" \/>\n\t<meta name=\"twitter:label2\" content=\"Dur\u00e9e de lecture estim\u00e9e\" \/>\n\t<meta name=\"twitter:data2\" content=\"3 minutes\" \/>\n<script type=\"application\/ld+json\" class=\"yoast-schema-graph\">{\"@context\":\"https:\\\/\\\/schema.org\",\"@graph\":[{\"@type\":\"Article\",\"@id\":\"https:\\\/\\\/lasentinelle.dz\\\/index.php\\\/2025\\\/07\\\/22\\\/universite-ouverture-des-preinscriptions-pour-600-000-nouveaux-bacheliers\\\/#article\",\"isPartOf\":{\"@id\":\"https:\\\/\\\/lasentinelle.dz\\\/index.php\\\/2025\\\/07\\\/22\\\/universite-ouverture-des-preinscriptions-pour-600-000-nouveaux-bacheliers\\\/\"},\"author\":{\"name\":\"admin\",\"@id\":\"https:\\\/\\\/lasentinelle.dz\\\/#\\\/schema\\\/person\\\/729ee0024f24e0b8c5ec17232f8e8b41\"},\"headline\":\"Universit\u00e9 : Ouverture des pr\u00e9inscriptions pour 600 000 nouveaux bacheliers\",\"datePublished\":\"2025-07-22T11:54:42+00:00\",\"dateModified\":\"2025-07-22T11:54:43+00:00\",\"mainEntityOfPage\":{\"@id\":\"https:\\\/\\\/lasentinelle.dz\\\/index.php\\\/2025\\\/07\\\/22\\\/universite-ouverture-des-preinscriptions-pour-600-000-nouveaux-bacheliers\\\/\"},\"wordCount\":578,\"commentCount\":0,\"publisher\":{\"@id\":\"https:\\\/\\\/lasentinelle.dz\\\/#organization\"},\"image\":{\"@id\":\"https:\\\/\\\/lasentinelle.dz\\\/index.php\\\/2025\\\/07\\\/22\\\/universite-ouverture-des-preinscriptions-pour-600-000-nouveaux-bacheliers\\\/#primaryimage\"},\"thumbnailUrl\":\"https:\\\/\\\/lasentinelle.dz\\\/wp-content\\\/uploads\\\/2022\\\/06\\\/universite.png\",\"articleSection\":[\"\u00c0 la Une\",\"Actualit\u00e9\"],\"inLanguage\":\"fr-FR\",\"potentialAction\":[{\"@type\":\"CommentAction\",\"name\":\"Comment\",\"target\":[\"https:\\\/\\\/lasentinelle.dz\\\/index.php\\\/2025\\\/07\\\/22\\\/universite-ouverture-des-preinscriptions-pour-600-000-nouveaux-bacheliers\\\/#respond\"]}]},{\"@type\":\"WebPage\",\"@id\":\"https:\\\/\\\/lasentinelle.dz\\\/index.php\\\/2025\\\/07\\\/22\\\/universite-ouverture-des-preinscriptions-pour-600-000-nouveaux-bacheliers\\\/\",\"url\":\"https:\\\/\\\/lasentinelle.dz\\\/index.php\\\/2025\\\/07\\\/22\\\/universite-ouverture-des-preinscriptions-pour-600-000-nouveaux-bacheliers\\\/\",\"name\":\"Universit\u00e9 : Ouverture des pr\u00e9inscriptions pour 600 000 nouveaux bacheliers - La Sentinelle\",\"isPartOf\":{\"@id\":\"https:\\\/\\\/lasentinelle.dz\\\/#website\"},\"primaryImageOfPage\":{\"@id\":\"https:\\\/\\\/lasentinelle.dz\\\/index.php\\\/2025\\\/07\\\/22\\\/universite-ouverture-des-preinscriptions-pour-600-000-nouveaux-bacheliers\\\/#primaryimage\"},\"image\":{\"@id\":\"https:\\\/\\\/lasentinelle.dz\\\/index.php\\\/2025\\\/07\\\/22\\\/universite-ouverture-des-preinscriptions-pour-600-000-nouveaux-bacheliers\\\/#primaryimage\"},\"thumbnailUrl\":\"https:\\\/\\\/lasentinelle.dz\\\/wp-content\\\/uploads\\\/2022\\\/06\\\/universite.png\",\"datePublished\":\"2025-07-22T11:54:42+00:00\",\"dateModified\":\"2025-07-22T11:54:43+00:00\",\"breadcrumb\":{\"@id\":\"https:\\\/\\\/lasentinelle.dz\\\/index.php\\\/2025\\\/07\\\/22\\\/universite-ouverture-des-preinscriptions-pour-600-000-nouveaux-bacheliers\\\/#breadcrumb\"},\"inLanguage\":\"fr-FR\",\"potentialAction\":[{\"@type\":\"ReadAction\",\"target\":[\"https:\\\/\\\/lasentinelle.dz\\\/index.php\\\/2025\\\/07\\\/22\\\/universite-ouverture-des-preinscriptions-pour-600-000-nouveaux-bacheliers\\\/\"]}]},{\"@type\":\"ImageObject\",\"inLanguage\":\"fr-FR\",\"@id\":\"https:\\\/\\\/lasentinelle.dz\\\/index.php\\\/2025\\\/07\\\/22\\\/universite-ouverture-des-preinscriptions-pour-600-000-nouveaux-bacheliers\\\/#primaryimage\",\"url\":\"https:\\\/\\\/lasentinelle.dz\\\/wp-content\\\/uploads\\\/2022\\\/06\\\/universite.png\",\"contentUrl\":\"https:\\\/\\\/lasentinelle.dz\\\/wp-content\\\/uploads\\\/2022\\\/06\\\/universite.png\",\"width\":1491,\"height\":900},{\"@type\":\"BreadcrumbList\",\"@id\":\"https:\\\/\\\/lasentinelle.dz\\\/index.php\\\/2025\\\/07\\\/22\\\/universite-ouverture-des-preinscriptions-pour-600-000-nouveaux-bacheliers\\\/#breadcrumb\",\"itemListElement\":[{\"@type\":\"ListItem\",\"position\":1,\"name\":\"Accueil\",\"item\":\"https:\\\/\\\/lasentinelle.dz\\\/\"},{\"@type\":\"ListItem\",\"position\":2,\"name\":\"Universit\u00e9 : Ouverture des pr\u00e9inscriptions pour 600 000 nouveaux bacheliers\"}]},{\"@type\":\"WebSite\",\"@id\":\"https:\\\/\\\/lasentinelle.dz\\\/#website\",\"url\":\"https:\\\/\\\/lasentinelle.dz\\\/\",\"name\":\"La Sentinelle\",\"description\":\"Quotidien national d&#039;information\",\"publisher\":{\"@id\":\"https:\\\/\\\/lasentinelle.dz\\\/#organization\"},\"potentialAction\":[{\"@type\":\"SearchAction\",\"target\":{\"@type\":\"EntryPoint\",\"urlTemplate\":\"https:\\\/\\\/lasentinelle.dz\\\/?s={search_term_string}\"},\"query-input\":{\"@type\":\"PropertyValueSpecification\",\"valueRequired\":true,\"valueName\":\"search_term_string\"}}],\"inLanguage\":\"fr-FR\"},{\"@type\":\"Organization\",\"@id\":\"https:\\\/\\\/lasentinelle.dz\\\/#organization\",\"name\":\"Quotidien La Sentinelle\",\"url\":\"https:\\\/\\\/lasentinelle.dz\\\/\",\"logo\":{\"@type\":\"ImageObject\",\"inLanguage\":\"fr-FR\",\"@id\":\"https:\\\/\\\/lasentinelle.dz\\\/#\\\/schema\\\/logo\\\/image\\\/\",\"url\":\"https:\\\/\\\/lasentinelle.dz\\\/wp-content\\\/uploads\\\/2021\\\/09\\\/logo-sentinelleSLOGAN-1.png\",\"contentUrl\":\"https:\\\/\\\/lasentinelle.dz\\\/wp-content\\\/uploads\\\/2021\\\/09\\\/logo-sentinelleSLOGAN-1.png\",\"width\":615,\"height\":142,\"caption\":\"Quotidien La Sentinelle\"},\"image\":{\"@id\":\"https:\\\/\\\/lasentinelle.dz\\\/#\\\/schema\\\/logo\\\/image\\\/\"},\"sameAs\":[\"https:\\\/\\\/www.facebook.com\\\/La-Sentinelle-104059864394773\"]},{\"@type\":\"Person\",\"@id\":\"https:\\\/\\\/lasentinelle.dz\\\/#\\\/schema\\\/person\\\/729ee0024f24e0b8c5ec17232f8e8b41\",\"name\":\"admin\",\"image\":{\"@type\":\"ImageObject\",\"inLanguage\":\"fr-FR\",\"@id\":\"https:\\\/\\\/secure.gravatar.com\\\/avatar\\\/4c81fed838786e9b53f540bf46533e750f5d292099ae3b66cfc6fb1982e29df7?s=96&d=mm&r=g\",\"url\":\"https:\\\/\\\/secure.gravatar.com\\\/avatar\\\/4c81fed838786e9b53f540bf46533e750f5d292099ae3b66cfc6fb1982e29df7?s=96&d=mm&r=g\",\"contentUrl\":\"https:\\\/\\\/secure.gravatar.com\\\/avatar\\\/4c81fed838786e9b53f540bf46533e750f5d292099ae3b66cfc6fb1982e29df7?s=96&d=mm&r=g\",\"caption\":\"admin\"},\"description\":\"admin\",\"url\":\"https:\\\/\\\/lasentinelle.dz\\\/author\\\/admin\\\/\"}]}<\/script>\n<!-- \/ Yoast SEO plugin. -->","yoast_head_json":{"title":"Universit\u00e9 : Ouverture des pr\u00e9inscriptions pour 600 000 nouveaux bacheliers - La Sentinelle","robots":{"index":"index","follow":"follow","max-snippet":"max-snippet:-1","max-image-preview":"max-image-preview:large","max-video-preview":"max-video-preview:-1"},"canonical":"https:\/\/lasentinelle.dz\/index.php\/2025\/07\/22\/universite-ouverture-des-preinscriptions-pour-600-000-nouveaux-bacheliers\/","og_locale":"fr_FR","og_type":"article","og_title":"Universit\u00e9 : Ouverture des pr\u00e9inscriptions pour 600 000 nouveaux bacheliers - La Sentinelle","og_description":"Les nouveaux bacheliers de la session juin 2025 pourront effectuer leurs pr\u00e9inscriptions dans l&rsquo;enseignement sup\u00e9rieur \u00e0 partir de ce mardi","og_url":"https:\/\/lasentinelle.dz\/index.php\/2025\/07\/22\/universite-ouverture-des-preinscriptions-pour-600-000-nouveaux-bacheliers\/","og_site_name":"La Sentinelle","article_publisher":"https:\/\/www.facebook.com\/La-Sentinelle-104059864394773","article_published_time":"2025-07-22T11:54:42+00:00","article_modified_time":"2025-07-22T11:54:43+00:00","og_image":[{"width":1491,"height":900,"url":"https:\/\/lasentinelle.dz\/wp-content\/uploads\/2022\/06\/universite.png","type":"image\/png"}],"author":"admin","twitter_card":"summary_large_image","twitter_misc":{"\u00c9crit par":"admin","Dur\u00e9e de lecture estim\u00e9e":"3 minutes"},"schema":{"@context":"https:\/\/schema.org","@graph":[{"@type":"Article","@id":"https:\/\/lasentinelle.dz\/index.php\/2025\/07\/22\/universite-ouverture-des-preinscriptions-pour-600-000-nouveaux-bacheliers\/#article","isPartOf":{"@id":"https:\/\/lasentinelle.dz\/index.php\/2025\/07\/22\/universite-ouverture-des-preinscriptions-pour-600-000-nouveaux-bacheliers\/"},"author":{"name":"admin","@id":"https:\/\/lasentinelle.dz\/#\/schema\/person\/729ee0024f24e0b8c5ec17232f8e8b41"},"headline":"Universit\u00e9 : Ouverture des pr\u00e9inscriptions pour 600 000 nouveaux bacheliers","datePublished":"2025-07-22T11:54:42+00:00","dateModified":"2025-07-22T11:54:43+00:00","mainEntityOfPage":{"@id":"https:\/\/lasentinelle.dz\/index.php\/2025\/07\/22\/universite-ouverture-des-preinscriptions-pour-600-000-nouveaux-bacheliers\/"},"wordCount":578,"commentCount":0,"publisher":{"@id":"https:\/\/lasentinelle.dz\/#organization"},"image":{"@id":"https:\/\/lasentinelle.dz\/index.php\/2025\/07\/22\/universite-ouverture-des-preinscriptions-pour-600-000-nouveaux-bacheliers\/#primaryimage"},"thumbnailUrl":"https:\/\/lasentinelle.dz\/wp-content\/uploads\/2022\/06\/universite.png","articleSection":["\u00c0 la Une","Actualit\u00e9"],"inLanguage":"fr-FR","potentialAction":[{"@type":"CommentAction","name":"Comment","target":["https:\/\/lasentinelle.dz\/index.php\/2025\/07\/22\/universite-ouverture-des-preinscriptions-pour-600-000-nouveaux-bacheliers\/#respond"]}]},{"@type":"WebPage","@id":"https:\/\/lasentinelle.dz\/index.php\/2025\/07\/22\/universite-ouverture-des-preinscriptions-pour-600-000-nouveaux-bacheliers\/","url":"https:\/\/lasentinelle.dz\/index.php\/2025\/07\/22\/universite-ouverture-des-preinscriptions-pour-600-000-nouveaux-bacheliers\/","name":"Universit\u00e9 : Ouverture des pr\u00e9inscriptions pour 600 000 nouveaux bacheliers - La Sentinelle","isPartOf":{"@id":"https:\/\/lasentinelle.dz\/#website"},"primaryImageOfPage":{"@id":"https:\/\/lasentinelle.dz\/index.php\/2025\/07\/22\/universite-ouverture-des-preinscriptions-pour-600-000-nouveaux-bacheliers\/#primaryimage"},"image":{"@id":"https:\/\/lasentinelle.dz\/index.php\/2025\/07\/22\/universite-ouverture-des-preinscriptions-pour-600-000-nouveaux-bacheliers\/#primaryimage"},"thumbnailUrl":"https:\/\/lasentinelle.dz\/wp-content\/uploads\/2022\/06\/universite.png","datePublished":"2025-07-22T11:54:42+00:00","dateModified":"2025-07-22T11:54:43+00:00","breadcrumb":{"@id":"https:\/\/lasentinelle.dz\/index.php\/2025\/07\/22\/universite-ouverture-des-preinscriptions-pour-600-000-nouveaux-bacheliers\/#breadcrumb"},"inLanguage":"fr-FR","potentialAction":[{"@type":"ReadAction","target":["https:\/\/lasentinelle.dz\/index.php\/2025\/07\/22\/universite-ouverture-des-preinscriptions-pour-600-000-nouveaux-bacheliers\/"]}]},{"@type":"ImageObject","inLanguage":"fr-FR","@id":"https:\/\/lasentinelle.dz\/index.php\/2025\/07\/22\/universite-ouverture-des-preinscriptions-pour-600-000-nouveaux-bacheliers\/#primaryimage","url":"https:\/\/lasentinelle.dz\/wp-content\/uploads\/2022\/06\/universite.png","contentUrl":"https:\/\/lasentinelle.dz\/wp-content\/uploads\/2022\/06\/universite.png","width":1491,"height":900},{"@type":"BreadcrumbList","@id":"https:\/\/lasentinelle.dz\/index.php\/2025\/07\/22\/universite-ouverture-des-preinscriptions-pour-600-000-nouveaux-bacheliers\/#breadcrumb","itemListElement":[{"@type":"ListItem","position":1,"name":"Accueil","item":"https:\/\/lasentinelle.dz\/"},{"@type":"ListItem","position":2,"name":"Universit\u00e9 : Ouverture des pr\u00e9inscriptions pour 600 000 nouveaux bacheliers"}]},{"@type":"WebSite","@id":"https:\/\/lasentinelle.dz\/#website","url":"https:\/\/lasentinelle.dz\/","name":"La Sentinelle","description":"Quotidien national d&#039;information","publisher":{"@id":"https:\/\/lasentinelle.dz\/#organization"},"potentialAction":[{"@type":"SearchAction","target":{"@type":"EntryPoint","urlTemplate":"https:\/\/lasentinelle.dz\/?s={search_term_string}"},"query-input":{"@type":"PropertyValueSpecification","valueRequired":true,"valueName":"search_term_string"}}],"inLanguage":"fr-FR"},{"@type":"Organization","@id":"https:\/\/lasentinelle.dz\/#organization","name":"Quotidien La Sentinelle","url":"https:\/\/lasentinelle.dz\/","logo":{"@type":"ImageObject","inLanguage":"fr-FR","@id":"https:\/\/lasentinelle.dz\/#\/schema\/logo\/image\/","url":"https:\/\/lasentinelle.dz\/wp-content\/uploads\/2021\/09\/logo-sentinelleSLOGAN-1.png","contentUrl":"https:\/\/lasentinelle.dz\/wp-content\/uploads\/2021\/09\/logo-sentinelleSLOGAN-1.png","width":615,"height":142,"caption":"Quotidien La Sentinelle"},"image":{"@id":"https:\/\/lasentinelle.dz\/#\/schema\/logo\/image\/"},"sameAs":["https:\/\/www.facebook.com\/La-Sentinelle-104059864394773"]},{"@type":"Person","@id":"https:\/\/lasentinelle.dz\/#\/schema\/person\/729ee0024f24e0b8c5ec17232f8e8b41","name":"admin","image":{"@type":"ImageObject","inLanguage":"fr-FR","@id":"https:\/\/secure.gravatar.com\/avatar\/4c81fed838786e9b53f540bf46533e750f5d292099ae3b66cfc6fb1982e29df7?s=96&d=mm&r=g","url":"https:\/\/secure.gravatar.com\/avatar\/4c81fed838786e9b53f540bf46533e750f5d292099ae3b66cfc6fb1982e29df7?s=96&d=mm&r=g","contentUrl":"https:\/\/secure.gravatar.com\/avatar\/4c81fed838786e9b53f540bf46533e750f5d292099ae3b66cfc6fb1982e29df7?s=96&d=mm&r=g","caption":"admin"},"description":"admin","url":"https:\/\/lasentinelle.dz\/author\/admin\/"}]}},"_links":{"self":[{"href":"https:\/\/lasentinelle.dz\/index.php\/wp-json\/wp\/v2\/posts\/70745","targetHints":{"allow":["GET"]}}],"collection":[{"href":"https:\/\/lasentinelle.dz\/index.php\/wp-json\/wp\/v2\/posts"}],"about":[{"href":"https:\/\/lasentinelle.dz\/index.php\/wp-json\/wp\/v2\/types\/post"}],"author":[{"embeddable":true,"href":"https:\/\/lasentinelle.dz\/index.php\/wp-json\/wp\/v2\/users\/6"}],"replies":[{"embeddable":true,"href":"https:\/\/lasentinelle.dz\/index.php\/wp-json\/wp\/v2\/comments?post=70745"}],"version-history":[{"count":1,"href":"https:\/\/lasentinelle.dz\/index.php\/wp-json\/wp\/v2\/posts\/70745\/revisions"}],"predecessor-version":[{"id":70746,"href":"https:\/\/lasentinelle.dz\/index.php\/wp-json\/wp\/v2\/posts\/70745\/revisions\/70746"}],"wp:featuredmedia":[{"embeddable":true,"href":"https:\/\/lasentinelle.dz\/index.php\/wp-json\/wp\/v2\/media\/22755"}],"wp:attachment":[{"href":"https:\/\/lasentinelle.dz\/index.php\/wp-json\/wp\/v2\/media?parent=70745"}],"wp:term":[{"taxonomy":"category","embeddable":true,"href":"https:\/\/lasentinelle.dz\/index.php\/wp-json\/wp\/v2\/categories?post=70745"},{"taxonomy":"post_tag","embeddable":true,"href":"https:\/\/lasentinelle.dz\/index.php\/wp-json\/wp\/v2\/tags?post=70745"}],"curies":[{"name":"wp","href":"https:\/\/api.w.org\/{rel}","templated":true}]}}